{"id":54659,"date":"2025-11-10T01:09:00","date_gmt":"2025-11-10T00:09:00","guid":{"rendered":"https:\/\/weisetech.dev\/fc-barcelona-noticias\/en\/flick-it-good-to-cut-points-from-madrid-before-break_315234_102\/"},"modified":"2025-11-10T01:09:00","modified_gmt":"2025-11-10T00:09:00","slug":"flick-it-good-to-cut-points-from-madrid-before-break_315234_102","status":"publish","type":"post","link":"https:\/\/www.fcbarcelonanoticias.com\/en\/laliga\/flick-it-good-to-cut-points-from-madrid-before-break_315234_102.html","title":{"rendered":"Flick, satisfied with Bar\u00e7a&#8217;s victory in Vigo: &#8220;it&#8217;s good to cut points from Madrid&#8221;"},"content":{"rendered":"<h2 class=\"wp-block-heading\">Hansi Flick was happy to be able to close the gap with Real Madrid in LaLiga before the third break of the 25\/26 season. The German highlighted the defensive improvement in the second half<\/h2>  \r\n<div class=\"article-addons\">\r\n    <a href=\"https:\/\/www.fcbarcelonanoticias.com\/en\/calendar-fc-barcelona.html\"\r\n       target=\"_self\"\r\n       title=\"Calendar of FC Barcelona\"\r\n       class=\"blue-gredient-btn\">\r\n       \r\n        Calendar of FC Barcelona    <\/a>\r\n<\/div>   <p><strong>FC Barcelona<\/strong> cut <strong>Real Madrid<\/strong>&#8216;s lead to just 3 points in <strong>LaLiga<\/strong> thanks to their thrashing of Celta (2-4) at Bala\u00eddos. Despite conceding goals for the tenth consecutive match, the Blaugrana offense once again responded on a always difficult ground. After the match, Hansi Flick acknowledged the defensive errors in the first half but praised the reaction in the second.<\/p>  <p>&#8220;Football doesn&#8217;t count what you did in the past. The second half will give us confidence for the future. We put good pressure on the opponent. I&#8217;ll take the second half, we defended better,&#8221; the Bar\u00e7a coach began saying in the post-match press conference.<\/p>  <p>In that regard, he acknowledged the importance of closing the gap with Real Madrid. &#8220;<strong>What we do is look at ourselves, but it&#8217;s good to put pressure on the opponent<\/strong>. I&#8217;m happy because winning before the break is very good.&#8221;<\/p>  <h2>Praise for Lewandowski, laments for De Jong<\/h2>  <p>On an individual level, Flick applauded the offensive contribution of Robert Lewandowski, MVP of the matchday with a hat-trick. Although the manager understands it is too early to talk about the &#8216;9&#8217;s future at the club (his contract ends in June), he acknowledged his improvement after returning to the starting lineup.<\/p>  <p>&#8220;I&#8217;ve seen a different, positive Robert. He&#8217;s returned ahead of schedule. It&#8217;s good for his confidence. And it&#8217;s important for us too. Today he scored three goals, and last season he was also very important.&#8221;On the other hand, the Bar\u00e7a coach lamented Frenkie de Jong&#8217;s expulsion. The Dutchman will not be available against Athletic after receiving two yellow cards on Sunday, the second for stepping on Iago Aspas in the 90+5&#8242;.<\/p>  <p>&#8220;He played a good game today, he controlled the match and what he did is very important. <strong>He is playing at an incredible level. It&#8217;s not good not to have him in the next match<\/strong>. He is an important player, but we have to manage him,&#8221; argued Flick, who opened the door to the returns of Raphinha, Pedri, and Joan Garc\u00eda after the break.<\/p>  <h2>The Importance of the Break to Correct Defensive Errors<\/h2>  <p>Likewise, Flick acknowledged the importance of going into the break with a win and not another setback. The rest over the next two weeks will allow the team to recover players and correct defensive errors, although the coaching staff dismisses attributing the problems at the back to absences, as well as giving extra importance to the noise generated by goals conceded<\/p>  <p>&#8220;<strong>I believe we have improved and are on the right track, in LaLiga and in the Champions League<\/strong>. We always analyze everything. And we will also do so with today&#8217;s match, in which we haven&#8217;t done everything well,&#8221; stated the Bar\u00e7a coach.<\/p> ","protected":false},"excerpt":{"rendered":"<p>Hansi Flick was happy to be able to close the gap with Real Madrid in LaLiga before the third break of the 25\/26 season. The German highlighted the defensive improvement in the second half FC Barcelona cut Real Madrid&#8216;s lead to just 3 points in LaLiga thanks to their thrashing of Celta (2-4) at Bala\u00eddos. [&hellip;]<\/p>\n","protected":false},"author":347,"featured_media":19101,"comment_status":"closed","ping_status":"open","sticky":false,"template":"","format":"standard","meta":{"_acf_changed":false,"inline_featured_image":false,"_nextfly_llmd_date_locked":false,"footnotes":""},"categories":[114,448],"tags":[71,61,87],"class_list":["post-54659","post","type-post","status-publish","format-standard","has-post-thumbnail","hentry","category-laliga","category-laliga-2","tag-celtic-of-vigo","tag-fc-barcelona-vs-celta","tag-hansi-flick"],"acf":[],"yoast_head":"<!-- This site is optimized with the Yoast SEO plugin v27.3 - https:\/\/yoast.com\/product\/yoast-seo-wordpress\/ -->\n<title>Flick: &quot;It&#039;s good to cut points from Madrid before the break&quot;<\/title>\n<meta name=\"description\" content=\"Hansi Flick was happy to be able to close the gap with Real Madrid in the league before the third break of the 25\/26 season. This is what he said at the press conference\" \/>\n<meta name=\"robots\" content=\"index, follow, max-snippet:-1, max-image-preview:large, max-video-preview:-1\" \/>\n<link rel=\"canonical\" href=\"https:\/\/www.fcbarcelonanoticias.com\/en\/laliga\/flick-it-good-to-cut-points-from-madrid-before-break_315234_102.html\" \/>\n<meta property=\"og:locale\" content=\"en_US\" \/>\n<meta property=\"og:type\" content=\"article\" \/>\n<meta property=\"og:title\" content=\"Flick: &quot;It&#039;s good to cut points from Madrid before the break&quot;\" \/>\n<meta property=\"og:description\" content=\"Hansi Flick was happy to be able to close the gap with Real Madrid in the league before the third break of the 25\/26 season. This is what he said at the press conference\" \/>\n<meta property=\"og:url\" content=\"https:\/\/www.fcbarcelonanoticias.com\/en\/laliga\/flick-it-good-to-cut-points-from-madrid-before-break_315234_102.html\" \/>\n<meta property=\"og:site_name\" content=\"EN - FC Barcelona Noticias\" \/>\n<meta property=\"article:published_time\" content=\"2025-11-10T00:09:00+00:00\" \/>\n<meta property=\"og:image\" content=\"https:\/\/www.fcbarcelonanoticias.com\/en\/wp-content\/uploads\/sites\/2\/2025\/11\/hansi-flick-celta-barca-laliga-25-26.webp\" \/>\n\t<meta property=\"og:image:width\" content=\"1200\" \/>\n\t<meta property=\"og:image:height\" content=\"675\" \/>\n\t<meta property=\"og:image:type\" content=\"image\/webp\" \/>\n<meta name=\"author\" content=\"Andr\u00e9s Quiroz\" \/>\n<meta name=\"twitter:card\" content=\"summary_large_image\" \/>\n<meta name=\"twitter:label1\" content=\"Written by\" \/>\n\t<meta name=\"twitter:data1\" content=\"Andr\u00e9s Quiroz\" \/>\n\t<meta name=\"twitter:label2\" content=\"Est. reading time\" \/>\n\t<meta name=\"twitter:data2\" content=\"2 minutes\" \/>\n<script type=\"application\/ld+json\" class=\"yoast-schema-graph\">{\"@context\":\"https:\\\/\\\/schema.org\",\"@graph\":[{\"@type\":\"Article\",\"@id\":\"https:\\\/\\\/www.fcbarcelonanoticias.com\\\/en\\\/laliga\\\/flick-it-good-to-cut-points-from-madrid-before-break_315234_102.html#article\",\"isPartOf\":{\"@id\":\"https:\\\/\\\/www.fcbarcelonanoticias.com\\\/en\\\/laliga\\\/flick-it-good-to-cut-points-from-madrid-before-break_315234_102.html\"},\"author\":{\"name\":\"Andr\u00e9s Quiroz\",\"@id\":\"https:\\\/\\\/www.fcbarcelonanoticias.com\\\/en\\\/#\\\/schema\\\/person\\\/c2cd9f6fa1af5c0d0eccd0fefa575c88\"},\"headline\":\"Flick, satisfied with Bar\u00e7a&#8217;s victory in Vigo: &#8220;it&#8217;s good to cut points from Madrid&#8221;\",\"datePublished\":\"2025-11-10T00:09:00+00:00\",\"mainEntityOfPage\":{\"@id\":\"https:\\\/\\\/www.fcbarcelonanoticias.com\\\/en\\\/laliga\\\/flick-it-good-to-cut-points-from-madrid-before-break_315234_102.html\"},\"wordCount\":516,\"image\":{\"@id\":\"https:\\\/\\\/www.fcbarcelonanoticias.com\\\/en\\\/laliga\\\/flick-it-good-to-cut-points-from-madrid-before-break_315234_102.html#primaryimage\"},\"thumbnailUrl\":\"https:\\\/\\\/www.fcbarcelonanoticias.com\\\/en\\\/wp-content\\\/uploads\\\/sites\\\/2\\\/2025\\\/11\\\/hansi-flick-celta-barca-laliga-25-26.webp\",\"keywords\":[\"Celtic of Vigo\",\"FC Barcelona vs Celta Vigo\",\"Hansi Flick\"],\"articleSection\":[\"LaLiga\",\"LaLiga\"],\"inLanguage\":\"en-US\"},{\"@type\":\"WebPage\",\"@id\":\"https:\\\/\\\/www.fcbarcelonanoticias.com\\\/en\\\/laliga\\\/flick-it-good-to-cut-points-from-madrid-before-break_315234_102.html\",\"url\":\"https:\\\/\\\/www.fcbarcelonanoticias.com\\\/en\\\/laliga\\\/flick-it-good-to-cut-points-from-madrid-before-break_315234_102.html\",\"name\":\"Flick: \\\"It's good to cut points from Madrid before the break\\\"\",\"isPartOf\":{\"@id\":\"https:\\\/\\\/www.fcbarcelonanoticias.com\\\/en\\\/#website\"},\"primaryImageOfPage\":{\"@id\":\"https:\\\/\\\/www.fcbarcelonanoticias.com\\\/en\\\/laliga\\\/flick-it-good-to-cut-points-from-madrid-before-break_315234_102.html#primaryimage\"},\"image\":{\"@id\":\"https:\\\/\\\/www.fcbarcelonanoticias.com\\\/en\\\/laliga\\\/flick-it-good-to-cut-points-from-madrid-before-break_315234_102.html#primaryimage\"},\"thumbnailUrl\":\"https:\\\/\\\/www.fcbarcelonanoticias.com\\\/en\\\/wp-content\\\/uploads\\\/sites\\\/2\\\/2025\\\/11\\\/hansi-flick-celta-barca-laliga-25-26.webp\",\"datePublished\":\"2025-11-10T00:09:00+00:00\",\"author\":{\"@id\":\"https:\\\/\\\/www.fcbarcelonanoticias.com\\\/en\\\/#\\\/schema\\\/person\\\/c2cd9f6fa1af5c0d0eccd0fefa575c88\"},\"description\":\"Hansi Flick was happy to be able to close the gap with Real Madrid in the league before the third break of the 25\\\/26 season. This is what he said at the press conference\",\"breadcrumb\":{\"@id\":\"https:\\\/\\\/www.fcbarcelonanoticias.com\\\/en\\\/laliga\\\/flick-it-good-to-cut-points-from-madrid-before-break_315234_102.html#breadcrumb\"},\"inLanguage\":\"en-US\",\"potentialAction\":[{\"@type\":\"ReadAction\",\"target\":[\"https:\\\/\\\/www.fcbarcelonanoticias.com\\\/en\\\/laliga\\\/flick-it-good-to-cut-points-from-madrid-before-break_315234_102.html\"]}]},{\"@type\":\"ImageObject\",\"inLanguage\":\"en-US\",\"@id\":\"https:\\\/\\\/www.fcbarcelonanoticias.com\\\/en\\\/laliga\\\/flick-it-good-to-cut-points-from-madrid-before-break_315234_102.html#primaryimage\",\"url\":\"https:\\\/\\\/www.fcbarcelonanoticias.com\\\/en\\\/wp-content\\\/uploads\\\/sites\\\/2\\\/2025\\\/11\\\/hansi-flick-celta-barca-laliga-25-26.webp\",\"contentUrl\":\"https:\\\/\\\/www.fcbarcelonanoticias.com\\\/en\\\/wp-content\\\/uploads\\\/sites\\\/2\\\/2025\\\/11\\\/hansi-flick-celta-barca-laliga-25-26.webp\",\"width\":1200,\"height\":675},{\"@type\":\"BreadcrumbList\",\"@id\":\"https:\\\/\\\/www.fcbarcelonanoticias.com\\\/en\\\/laliga\\\/flick-it-good-to-cut-points-from-madrid-before-break_315234_102.html#breadcrumb\",\"itemListElement\":[{\"@type\":\"ListItem\",\"position\":1,\"name\":\"Portada\",\"item\":\"https:\\\/\\\/www.fcbarcelonanoticias.com\\\/en\\\/\"},{\"@type\":\"ListItem\",\"position\":2,\"name\":\"Flick, satisfied with Bar\u00e7a&#8217;s victory in Vigo: &#8220;it&#8217;s good to cut points from Madrid&#8221;\"}]},{\"@type\":\"WebSite\",\"@id\":\"https:\\\/\\\/www.fcbarcelonanoticias.com\\\/en\\\/#website\",\"url\":\"https:\\\/\\\/www.fcbarcelonanoticias.com\\\/en\\\/\",\"name\":\"EN - FC Barcelona Noticias\",\"description\":\"\",\"potentialAction\":[{\"@type\":\"SearchAction\",\"target\":{\"@type\":\"EntryPoint\",\"urlTemplate\":\"https:\\\/\\\/www.fcbarcelonanoticias.com\\\/en\\\/?s={search_term_string}\"},\"query-input\":{\"@type\":\"PropertyValueSpecification\",\"valueRequired\":true,\"valueName\":\"search_term_string\"}}],\"inLanguage\":\"en-US\"},{\"@type\":\"Person\",\"@id\":\"https:\\\/\\\/www.fcbarcelonanoticias.com\\\/en\\\/#\\\/schema\\\/person\\\/c2cd9f6fa1af5c0d0eccd0fefa575c88\",\"name\":\"Andr\u00e9s Quiroz\",\"image\":{\"@type\":\"ImageObject\",\"inLanguage\":\"en-US\",\"@id\":\"https:\\\/\\\/secure.gravatar.com\\\/avatar\\\/?s=96&d=mm&r=g\",\"url\":\"https:\\\/\\\/secure.gravatar.com\\\/avatar\\\/?s=96&d=mm&r=g\",\"contentUrl\":\"https:\\\/\\\/secure.gravatar.com\\\/avatar\\\/?s=96&d=mm&r=g\",\"caption\":\"Andr\u00e9s Quiroz\"},\"description\":\"Licenciado en Periodismo por la Universidad de los Andes. Me encargo de analizar y compartir los contenidos m\u00e1s destacados de la\u00a0actualidad del F\u00fatbol Club Barcelona, Mercado de Fichajes y F\u00fatbol Internacional en FCBN. La informaci\u00f3n es poder, pero tambi\u00e9n conocimiento.\",\"url\":\"https:\\\/\\\/www.fcbarcelonanoticias.com\\\/en\\\/fc-barcelona\\\/andres-quiroz_17_115.html\"}]}<\/script>\n<!-- \/ Yoast SEO plugin. -->","yoast_head_json":{"title":"Flick: \"It's good to cut points from Madrid before the break\"","description":"Hansi Flick was happy to be able to close the gap with Real Madrid in the league before the third break of the 25\/26 season. This is what he said at the press conference","robots":{"index":"index","follow":"follow","max-snippet":"max-snippet:-1","max-image-preview":"max-image-preview:large","max-video-preview":"max-video-preview:-1"},"canonical":"https:\/\/www.fcbarcelonanoticias.com\/en\/laliga\/flick-it-good-to-cut-points-from-madrid-before-break_315234_102.html","og_locale":"en_US","og_type":"article","og_title":"Flick: \"It's good to cut points from Madrid before the break\"","og_description":"Hansi Flick was happy to be able to close the gap with Real Madrid in the league before the third break of the 25\/26 season. This is what he said at the press conference","og_url":"https:\/\/www.fcbarcelonanoticias.com\/en\/laliga\/flick-it-good-to-cut-points-from-madrid-before-break_315234_102.html","og_site_name":"EN - FC Barcelona Noticias","article_published_time":"2025-11-10T00:09:00+00:00","og_image":[{"width":1200,"height":675,"url":"https:\/\/www.fcbarcelonanoticias.com\/en\/wp-content\/uploads\/sites\/2\/2025\/11\/hansi-flick-celta-barca-laliga-25-26.webp","type":"image\/webp"}],"author":"Andr\u00e9s Quiroz","twitter_card":"summary_large_image","twitter_misc":{"Written by":"Andr\u00e9s Quiroz","Est. reading time":"2 minutes"},"schema":{"@context":"https:\/\/schema.org","@graph":[{"@type":"Article","@id":"https:\/\/www.fcbarcelonanoticias.com\/en\/laliga\/flick-it-good-to-cut-points-from-madrid-before-break_315234_102.html#article","isPartOf":{"@id":"https:\/\/www.fcbarcelonanoticias.com\/en\/laliga\/flick-it-good-to-cut-points-from-madrid-before-break_315234_102.html"},"author":{"name":"Andr\u00e9s Quiroz","@id":"https:\/\/www.fcbarcelonanoticias.com\/en\/#\/schema\/person\/c2cd9f6fa1af5c0d0eccd0fefa575c88"},"headline":"Flick, satisfied with Bar\u00e7a&#8217;s victory in Vigo: &#8220;it&#8217;s good to cut points from Madrid&#8221;","datePublished":"2025-11-10T00:09:00+00:00","mainEntityOfPage":{"@id":"https:\/\/www.fcbarcelonanoticias.com\/en\/laliga\/flick-it-good-to-cut-points-from-madrid-before-break_315234_102.html"},"wordCount":516,"image":{"@id":"https:\/\/www.fcbarcelonanoticias.com\/en\/laliga\/flick-it-good-to-cut-points-from-madrid-before-break_315234_102.html#primaryimage"},"thumbnailUrl":"https:\/\/www.fcbarcelonanoticias.com\/en\/wp-content\/uploads\/sites\/2\/2025\/11\/hansi-flick-celta-barca-laliga-25-26.webp","keywords":["Celtic of Vigo","FC Barcelona vs Celta Vigo","Hansi Flick"],"articleSection":["LaLiga","LaLiga"],"inLanguage":"en-US"},{"@type":"WebPage","@id":"https:\/\/www.fcbarcelonanoticias.com\/en\/laliga\/flick-it-good-to-cut-points-from-madrid-before-break_315234_102.html","url":"https:\/\/www.fcbarcelonanoticias.com\/en\/laliga\/flick-it-good-to-cut-points-from-madrid-before-break_315234_102.html","name":"Flick: \"It's good to cut points from Madrid before the break\"","isPartOf":{"@id":"https:\/\/www.fcbarcelonanoticias.com\/en\/#website"},"primaryImageOfPage":{"@id":"https:\/\/www.fcbarcelonanoticias.com\/en\/laliga\/flick-it-good-to-cut-points-from-madrid-before-break_315234_102.html#primaryimage"},"image":{"@id":"https:\/\/www.fcbarcelonanoticias.com\/en\/laliga\/flick-it-good-to-cut-points-from-madrid-before-break_315234_102.html#primaryimage"},"thumbnailUrl":"https:\/\/www.fcbarcelonanoticias.com\/en\/wp-content\/uploads\/sites\/2\/2025\/11\/hansi-flick-celta-barca-laliga-25-26.webp","datePublished":"2025-11-10T00:09:00+00:00","author":{"@id":"https:\/\/www.fcbarcelonanoticias.com\/en\/#\/schema\/person\/c2cd9f6fa1af5c0d0eccd0fefa575c88"},"description":"Hansi Flick was happy to be able to close the gap with Real Madrid in the league before the third break of the 25\/26 season. This is what he said at the press conference","breadcrumb":{"@id":"https:\/\/www.fcbarcelonanoticias.com\/en\/laliga\/flick-it-good-to-cut-points-from-madrid-before-break_315234_102.html#breadcrumb"},"inLanguage":"en-US","potentialAction":[{"@type":"ReadAction","target":["https:\/\/www.fcbarcelonanoticias.com\/en\/laliga\/flick-it-good-to-cut-points-from-madrid-before-break_315234_102.html"]}]},{"@type":"ImageObject","inLanguage":"en-US","@id":"https:\/\/www.fcbarcelonanoticias.com\/en\/laliga\/flick-it-good-to-cut-points-from-madrid-before-break_315234_102.html#primaryimage","url":"https:\/\/www.fcbarcelonanoticias.com\/en\/wp-content\/uploads\/sites\/2\/2025\/11\/hansi-flick-celta-barca-laliga-25-26.webp","contentUrl":"https:\/\/www.fcbarcelonanoticias.com\/en\/wp-content\/uploads\/sites\/2\/2025\/11\/hansi-flick-celta-barca-laliga-25-26.webp","width":1200,"height":675},{"@type":"BreadcrumbList","@id":"https:\/\/www.fcbarcelonanoticias.com\/en\/laliga\/flick-it-good-to-cut-points-from-madrid-before-break_315234_102.html#breadcrumb","itemListElement":[{"@type":"ListItem","position":1,"name":"Portada","item":"https:\/\/www.fcbarcelonanoticias.com\/en\/"},{"@type":"ListItem","position":2,"name":"Flick, satisfied with Bar\u00e7a&#8217;s victory in Vigo: &#8220;it&#8217;s good to cut points from Madrid&#8221;"}]},{"@type":"WebSite","@id":"https:\/\/www.fcbarcelonanoticias.com\/en\/#website","url":"https:\/\/www.fcbarcelonanoticias.com\/en\/","name":"EN - FC Barcelona Noticias","description":"","potentialAction":[{"@type":"SearchAction","target":{"@type":"EntryPoint","urlTemplate":"https:\/\/www.fcbarcelonanoticias.com\/en\/?s={search_term_string}"},"query-input":{"@type":"PropertyValueSpecification","valueRequired":true,"valueName":"search_term_string"}}],"inLanguage":"en-US"},{"@type":"Person","@id":"https:\/\/www.fcbarcelonanoticias.com\/en\/#\/schema\/person\/c2cd9f6fa1af5c0d0eccd0fefa575c88","name":"Andr\u00e9s Quiroz","image":{"@type":"ImageObject","inLanguage":"en-US","@id":"https:\/\/secure.gravatar.com\/avatar\/?s=96&d=mm&r=g","url":"https:\/\/secure.gravatar.com\/avatar\/?s=96&d=mm&r=g","contentUrl":"https:\/\/secure.gravatar.com\/avatar\/?s=96&d=mm&r=g","caption":"Andr\u00e9s Quiroz"},"description":"Licenciado en Periodismo por la Universidad de los Andes. Me encargo de analizar y compartir los contenidos m\u00e1s destacados de la\u00a0actualidad del F\u00fatbol Club Barcelona, Mercado de Fichajes y F\u00fatbol Internacional en FCBN. La informaci\u00f3n es poder, pero tambi\u00e9n conocimiento.","url":"https:\/\/www.fcbarcelonanoticias.com\/en\/fc-barcelona\/andres-quiroz_17_115.html"}]}},"_links":{"self":[{"href":"https:\/\/www.fcbarcelonanoticias.com\/en\/wp-json\/wp\/v2\/posts\/54659","targetHints":{"allow":["GET"]}}],"collection":[{"href":"https:\/\/www.fcbarcelonanoticias.com\/en\/wp-json\/wp\/v2\/posts"}],"about":[{"href":"https:\/\/www.fcbarcelonanoticias.com\/en\/wp-json\/wp\/v2\/types\/post"}],"author":[{"embeddable":true,"href":"https:\/\/www.fcbarcelonanoticias.com\/en\/wp-json\/wp\/v2\/users\/347"}],"replies":[{"embeddable":true,"href":"https:\/\/www.fcbarcelonanoticias.com\/en\/wp-json\/wp\/v2\/comments?post=54659"}],"version-history":[{"count":1,"href":"https:\/\/www.fcbarcelonanoticias.com\/en\/wp-json\/wp\/v2\/posts\/54659\/revisions"}],"predecessor-version":[{"id":115794,"href":"https:\/\/www.fcbarcelonanoticias.com\/en\/wp-json\/wp\/v2\/posts\/54659\/revisions\/115794"}],"wp:featuredmedia":[{"embeddable":true,"href":"https:\/\/www.fcbarcelonanoticias.com\/en\/wp-json\/wp\/v2\/media\/19101"}],"wp:attachment":[{"href":"https:\/\/www.fcbarcelonanoticias.com\/en\/wp-json\/wp\/v2\/media?parent=54659"}],"wp:term":[{"taxonomy":"category","embeddable":true,"href":"https:\/\/www.fcbarcelonanoticias.com\/en\/wp-json\/wp\/v2\/categories?post=54659"},{"taxonomy":"post_tag","embeddable":true,"href":"https:\/\/www.fcbarcelonanoticias.com\/en\/wp-json\/wp\/v2\/tags?post=54659"}],"curies":[{"name":"wp","href":"https:\/\/api.w.org\/{rel}","templated":true}]}}