{"id":54664,"date":"2025-10-18T19:29:00","date_gmt":"2025-10-18T17:29:00","guid":{"rendered":"https:\/\/weisetech.dev\/fc-barcelona-noticias\/en\/flick-explains-his-dismissal-and-araujo-goal-against-girona_315054_102\/"},"modified":"2026-03-27T11:33:12","modified_gmt":"2026-03-27T10:33:12","slug":"flick-explains-his-dismissal-and-araujo-goal-against-girona_315054_102","status":"publish","type":"post","link":"https:\/\/www.fcbarcelonanoticias.com\/en\/laliga\/flick-explains-his-dismissal-and-araujo-goal-against-girona_315054_102.html","title":{"rendered":"Flick reveals why he played Araujo as a &#8216;9&#8217; and explains his celebration in the Bar\u00e7a-Girona match"},"content":{"rendered":"<h2 class=\"wp-block-heading\">Hansi Flick experienced the final minutes of Bar\u00e7a-Girona (2-1) with unusual euphoria. In the post-match press conference, the coach, who ended up being sent off, assessed the Bar\u00e7a&#8217;s last-minute victory in Montju\u00efc<\/h2>  \r\n<div class=\"article-addons\">\r\n    <a href=\"https:\/\/www.fcbarcelonanoticias.com\/en\/calendar-fc-barcelona.html\"\r\n       target=\"_self\"\r\n       title=\"Calendar of FC Barcelona\"\r\n       class=\"blue-gredient-btn\">\r\n       \r\n        Calendar of FC Barcelona    <\/a>\r\n<\/div>   <p><a data-external=\"0\" data-intl-links-en=\"https:\/\/www.fcbarcelonanoticias.com\/en\/laliga\/barcelona-2-1-girona-araujo-rescues-cules-at-last-minute_315052_102.html\" data-intl-links-es=\"https:\/\/www.fcbarcelonanoticias.com\/laliga\/barcelona-2-1-girona-ronald-araujo-devuelve-flick-cima-laliga_315052_102.html\" href=\"https:\/\/www.fcbarcelonanoticias.com\/en\/laliga\/barcelona-2-1-girona-araujo-rescues-cules-at-last-minute_315052_102.html\" rel=\"follow\" target=\"_self\" title=\"Barcelona 2-1 Girona: Ronald Araujo devuelve a los de Flick a la cima de LaLiga\">FC Barcelona secured a hard-fought victory in Montju\u00efc against Girona (2-1)<\/a> thanks to a superb goal from <strong>Ronald Araujo<\/strong> in the 90+3 minute. The Uruguayan responded to the confidence of <strong>Hansi Flick<\/strong>, who, due to multiple injury absences, opted for the defender as a &#8216;9&#8217; in the final stretch of the match.<\/p>  <p>The plan, although risky, made sense to try to take advantage of the captain&#8217;s aerial strength. However, <a data-external=\"1\" href=\"https:\/\/x.com\/en\/DAZN_ES\/status\/1979585128516247694\" rel=\"nofollow\" target=\"_blank\" title=\"El gol de Araujo para darle la victoria al Bar\u00e7a\">the &#8216;4&#8217;s goal came with a remarkable finish<\/a>, anticipating the Girona center-backs to shoot with a sliding, first-time effort from a cross by Frenkie de Jong reaching the end line.<\/p>  <p>In the post-match press conference, the manager revealed his reasons for betting on Araujo as a forward. In addition, he was happy with the response from the &#8216;charr\u00faa&#8217;, who <a data-external=\"0\" data-intl-links-en=\"https:\/\/www.fcbarcelonanoticias.com\/en\/laliga\/f-barcelona-vs-girona-confirmed-lineups-laliga-25-26_315048_102.html\" data-intl-links-es=\"https:\/\/www.fcbarcelonanoticias.com\/laliga\/fc-barcelona-vs-girona-alineaciones-confirmadas-laliga-25-26_315048_102.html\" href=\"https:\/\/www.fcbarcelonanoticias.com\/en\/laliga\/f-barcelona-vs-girona-confirmed-lineups-laliga-25-26_315048_102.html\" rel=\"follow\" target=\"_self\" title=\"FC Barcelona vs Girona: Confirmed lineups - LaLiga 25\/26\">started as a substitute again<\/a> on matchday 9 of LaLiga.<\/p>  <blockquote> <p>&#8220;I&#8217;m very happy for Araujo. His attitude whenever he plays, what he gives for this club and this team. He can play in that position at certain times. I asked him before he went out if he could play there and he said yes.&#8221;<\/p> <\/blockquote>  <h2>Flick opens up about his controversial celebration in the Bar\u00e7a-Girona match&nbsp;<\/h2>  <div class=\"media media-image\" data-ck-asset-wrapper=\"\"> <div class=\"media-item\"> <img loading=\"lazy\" decoding=\"async\" alt=\"Bar\u00e7a loses Hansi Flick for the Cl\u00e1sico: Gil Manzano sent off the manager against Girona\" data-id=\"1527257\" data-resize=\"9\" height=\"563\" src=\"https:\/\/www.fcbarcelonanoticias.com\/wp-content\/uploads\/sites\/2\/2025\/10\/fcbn-5a8003a3d382f72dc619f67b4ea0ee31.webp\" title=\"Bar\u00e7a loses Hansi Flick for the Cl\u00e1sico: Gil Manzano sent off the manager against Girona\" width=\"1000\"><div class=\"media-title\">Bar\u00e7a loses Hansi Flick for the Cl\u00e1sico: Gil Manzano sent off the manager against Girona<\/div> <\/div> <\/div>  <p>Flick also explained how he experienced the final moments of the Bar\u00e7a-Girona match. <a data-external=\"0\" data-intl-links-en=\"https:\/\/www.fcbarcelonanoticias.com\/en\/laliga\/hansi-flick-sent-off-against-girona-and-will-miss-clasico_315053_102.html\" data-intl-links-es=\"https:\/\/www.fcbarcelonanoticias.com\/laliga\/barca-pierde-hansi-flick-clasico-gil-manzano-expulso-mister-contra-girona_315053_102.html\" href=\"https:\/\/www.fcbarcelonanoticias.com\/en\/laliga\/hansi-flick-sent-off-against-girona-and-will-miss-clasico_315053_102.html\" rel=\"follow\" target=\"_self\" title=\"El Bar\u00e7a pierde a Hansi Flick para el Cl\u00e1sico: Gil Manzano expuls\u00f3 al m\u00edster contra Girona\">The coach was sent off for a gesture towards Jes\u00fas Gil Manzano<\/a> after the added time (4 minutes) was confirmed, and he will not be able to lead the Cl\u00e1sico against Real Madrid on October 26.<\/p>  <p>After the sending off, Flick remained at the tunnel entrance, very close to the Bar\u00e7a bench, and when Araujo&#8217;s goal occurred, <strong>he made several obscene gestures<\/strong> to celebrate the Azulgrana&#8217;s winning goal. A gesture, this last one, that the coach avoided attributing to anyone in particular in the face of a possible more rigorous sanction.<\/p>  <blockquote> <p>&#8220;Football is emotions, it&#8217;s tension. The gestures weren&#8217;t for anyone, it was just a celebration&#8221;<\/p> <\/blockquote>  <p>In that regard, he made it clear that, while he did not understand Gil Manzano&#8217;s decision to send him off, he respects it. &#8220;<strong>I do not do and will not do anything against anyone. I accept the referee&#8217;s decision<\/strong>. (The finger) was not directed at him. I applauded so that the team would react.&#8221;<\/p>  <h2>Managing Changes and the Importance of Victory Against Girona<\/h2>  <p>On the other hand, Hansi Flick argued the decision to replace <a data-external=\"0\" data-intl-links-en=\"https:\/\/www.fcbarcelonanoticias.com\/en\/laliga\/pedri-scored-against-girona-200th-goal-for-barcelona-in-flick-era_315051_102.html\" data-intl-links-es=\"https:\/\/www.fcbarcelonanoticias.com\/laliga\/200-goles-contando-golazo-pedri-nuevo-record-barcelona-flick_315051_102.html\" href=\"https:\/\/www.fcbarcelonanoticias.com\/en\/laliga\/pedri-scored-against-girona-200th-goal-for-barcelona-in-flick-era_315051_102.html\" rel=\"follow\" target=\"_self\" title=\"\u00a1200 goles y contando! Golazo de Pedri y nuevo r\u00e9cord para el Bar\u00e7a de Flick\">Pedri<\/a> and <a data-external=\"0\" data-intl-links-en=\"https:\/\/www.fcbarcelonanoticias.com\/en\/laliga\/lamine-yamal-returns-to-barcelona-as-starter-against-girona_315049_102.html\" data-intl-links-es=\"https:\/\/www.fcbarcelonanoticias.com\/laliga\/lamine-yamal-reaparece-como-titular-10-completa-tridente-inedito-girona_315049_102.html\" href=\"https:\/\/www.fcbarcelonanoticias.com\/en\/laliga\/lamine-yamal-returns-to-barcelona-as-starter-against-girona_315049_102.html\" rel=\"follow\" target=\"_self\" title=\"\u00a1Lamine Yamal reaparece como titular! El '10' completa un tridente in\u00e9dito ante Girona\">Lamine Yamal<\/a> in the 63rd minute. The change of the &#8217;10&#8217;, returning from injury, was expected (<strong>Roony Bardghji<\/strong> took his place), while the midfielder was also coming off two games with Spain.<\/p>  <p>&#8220;They had both been playing for many minutes and I need them fresh for the upcoming matches. <strong>We have to manage the minutes, for example, of Pedri. The important thing is to win and we have done it<\/strong>,&#8221; explained the manager. Similarly, he highlighted Bar\u00e7a&#8217;s reaction in the second half, although he admits that the team still isn&#8217;t playing its best game.<\/p>  <p><strong>&#8220;These are three very important points for confidence in the future and in the upcoming matches.<\/strong> I am very happy for the team.&#8221; Barcelona will return to action next Tuesday the 21st, in the Champions League, against Olympiacos again in Montju\u00efc. After that, they have to visit Real Madrid for matchday 10 of La Liga.<\/p>  <blockquote> <p>&#8220;We haven&#8217;t played our best football. But we scored, and the victory gives us confidence.&#8221;<\/p> <\/blockquote>  <ul> <li>\ud83d\udc49 Follow the complete coverage of <strong><a data-external=\"0\" data-intl-links-en=\"https:\/\/www.fcbarcelonanoticias.com\/en\/laliga.html\" data-intl-links-es=\"https:\/\/www.fcbarcelonanoticias.com\/laliga.html\" href=\"https:\/\/www.fcbarcelonanoticias.com\/en\/laliga.html\" rel=\"follow\" target=\"_self\" title=\"LaLiga\">LaLiga EA Sports 2025-26<\/a><\/strong> on FC Barcelona Noticias<\/li> <\/ul> ","protected":false},"excerpt":{"rendered":"<p>Hansi Flick experienced the final minutes of Bar\u00e7a-Girona (2-1) with unusual euphoria. In the post-match press conference, the coach, who ended up being sent off, assessed the Bar\u00e7a&#8217;s last-minute victory in Montju\u00efc FC Barcelona secured a hard-fought victory in Montju\u00efc against Girona (2-1) thanks to a superb goal from Ronald Araujo in the 90+3 minute. [&hellip;]<\/p>\n","protected":false},"author":347,"featured_media":54666,"comment_status":"closed","ping_status":"open","sticky":false,"template":"","format":"standard","meta":{"_acf_changed":false,"inline_featured_image":false,"_nextfly_llmd_date_locked":false,"footnotes":""},"categories":[114,448],"tags":[57,87],"class_list":["post-54664","post","type-post","status-publish","format-standard","has-post-thumbnail","hentry","category-laliga","category-laliga-2","tag-barcelona-vs-girona","tag-hansi-flick"],"acf":[],"yoast_head":"<!-- This site is optimized with the Yoast SEO plugin v27.3 - https:\/\/yoast.com\/product\/yoast-seo-wordpress\/ -->\n<title>Flick explains his dismissal and Araujo&#039;s goal against Girona<\/title>\n<meta name=\"description\" content=\"Hansi Flick avoided criticizing Gil Manzano after his sending off in the Bar\u00e7a-Girona match. He also explained Araujo&#039;s change as a &#039;9&#039;, which was key to the victory\" \/>\n<meta name=\"robots\" content=\"index, follow, max-snippet:-1, max-image-preview:large, max-video-preview:-1\" \/>\n<link rel=\"canonical\" href=\"https:\/\/www.fcbarcelonanoticias.com\/en\/laliga\/flick-explains-his-dismissal-and-araujo-goal-against-girona_315054_102.html\" \/>\n<meta property=\"og:locale\" content=\"en_US\" \/>\n<meta property=\"og:type\" content=\"article\" \/>\n<meta property=\"og:title\" content=\"Flick explains his dismissal and Araujo&#039;s goal against Girona\" \/>\n<meta property=\"og:description\" content=\"Hansi Flick avoided criticizing Gil Manzano after his sending off in the Bar\u00e7a-Girona match. He also explained Araujo&#039;s change as a &#039;9&#039;, which was key to the victory\" \/>\n<meta property=\"og:url\" content=\"https:\/\/www.fcbarcelonanoticias.com\/en\/laliga\/flick-explains-his-dismissal-and-araujo-goal-against-girona_315054_102.html\" \/>\n<meta property=\"og:site_name\" content=\"EN - FC Barcelona Noticias\" \/>\n<meta property=\"article:published_time\" content=\"2025-10-18T17:29:00+00:00\" \/>\n<meta property=\"article:modified_time\" content=\"2026-03-27T10:33:12+00:00\" \/>\n<meta property=\"og:image\" content=\"https:\/\/www.fcbarcelonanoticias.com\/en\/wp-content\/uploads\/sites\/2\/2025\/10\/hansi-flick-barcelona-v-girona-laliga-25-26.webp\" \/>\n\t<meta property=\"og:image:width\" content=\"1200\" \/>\n\t<meta property=\"og:image:height\" content=\"675\" \/>\n\t<meta property=\"og:image:type\" content=\"image\/webp\" \/>\n<meta name=\"author\" content=\"Andr\u00e9s Quiroz\" \/>\n<meta name=\"twitter:card\" content=\"summary_large_image\" \/>\n<meta name=\"twitter:label1\" content=\"Written by\" \/>\n\t<meta name=\"twitter:data1\" content=\"Andr\u00e9s Quiroz\" \/>\n\t<meta name=\"twitter:label2\" content=\"Est. reading time\" \/>\n\t<meta name=\"twitter:data2\" content=\"3 minutes\" \/>\n<script type=\"application\/ld+json\" class=\"yoast-schema-graph\">{\"@context\":\"https:\\\/\\\/schema.org\",\"@graph\":[{\"@type\":\"Article\",\"@id\":\"https:\\\/\\\/www.fcbarcelonanoticias.com\\\/en\\\/laliga\\\/flick-explains-his-dismissal-and-araujo-goal-against-girona_315054_102.html#article\",\"isPartOf\":{\"@id\":\"https:\\\/\\\/www.fcbarcelonanoticias.com\\\/en\\\/laliga\\\/flick-explains-his-dismissal-and-araujo-goal-against-girona_315054_102.html\"},\"author\":{\"name\":\"Andr\u00e9s Quiroz\",\"@id\":\"https:\\\/\\\/www.fcbarcelonanoticias.com\\\/en\\\/#\\\/schema\\\/person\\\/c2cd9f6fa1af5c0d0eccd0fefa575c88\"},\"headline\":\"Flick reveals why he played Araujo as a &#8216;9&#8217; and explains his celebration in the Bar\u00e7a-Girona match\",\"datePublished\":\"2025-10-18T17:29:00+00:00\",\"dateModified\":\"2026-03-27T10:33:12+00:00\",\"mainEntityOfPage\":{\"@id\":\"https:\\\/\\\/www.fcbarcelonanoticias.com\\\/en\\\/laliga\\\/flick-explains-his-dismissal-and-araujo-goal-against-girona_315054_102.html\"},\"wordCount\":649,\"image\":{\"@id\":\"https:\\\/\\\/www.fcbarcelonanoticias.com\\\/en\\\/laliga\\\/flick-explains-his-dismissal-and-araujo-goal-against-girona_315054_102.html#primaryimage\"},\"thumbnailUrl\":\"https:\\\/\\\/www.fcbarcelonanoticias.com\\\/en\\\/wp-content\\\/uploads\\\/sites\\\/2\\\/2025\\\/10\\\/hansi-flick-barcelona-v-girona-laliga-25-26.webp\",\"keywords\":[\"FC Barcelona vs Girona\",\"Hansi Flick\"],\"articleSection\":[\"LaLiga\",\"LaLiga\"],\"inLanguage\":\"en-US\"},{\"@type\":\"WebPage\",\"@id\":\"https:\\\/\\\/www.fcbarcelonanoticias.com\\\/en\\\/laliga\\\/flick-explains-his-dismissal-and-araujo-goal-against-girona_315054_102.html\",\"url\":\"https:\\\/\\\/www.fcbarcelonanoticias.com\\\/en\\\/laliga\\\/flick-explains-his-dismissal-and-araujo-goal-against-girona_315054_102.html\",\"name\":\"Flick explains his dismissal and Araujo's goal against Girona\",\"isPartOf\":{\"@id\":\"https:\\\/\\\/www.fcbarcelonanoticias.com\\\/en\\\/#website\"},\"primaryImageOfPage\":{\"@id\":\"https:\\\/\\\/www.fcbarcelonanoticias.com\\\/en\\\/laliga\\\/flick-explains-his-dismissal-and-araujo-goal-against-girona_315054_102.html#primaryimage\"},\"image\":{\"@id\":\"https:\\\/\\\/www.fcbarcelonanoticias.com\\\/en\\\/laliga\\\/flick-explains-his-dismissal-and-araujo-goal-against-girona_315054_102.html#primaryimage\"},\"thumbnailUrl\":\"https:\\\/\\\/www.fcbarcelonanoticias.com\\\/en\\\/wp-content\\\/uploads\\\/sites\\\/2\\\/2025\\\/10\\\/hansi-flick-barcelona-v-girona-laliga-25-26.webp\",\"datePublished\":\"2025-10-18T17:29:00+00:00\",\"dateModified\":\"2026-03-27T10:33:12+00:00\",\"author\":{\"@id\":\"https:\\\/\\\/www.fcbarcelonanoticias.com\\\/en\\\/#\\\/schema\\\/person\\\/c2cd9f6fa1af5c0d0eccd0fefa575c88\"},\"description\":\"Hansi Flick avoided criticizing Gil Manzano after his sending off in the Bar\u00e7a-Girona match. He also explained Araujo's change as a '9', which was key to the victory\",\"breadcrumb\":{\"@id\":\"https:\\\/\\\/www.fcbarcelonanoticias.com\\\/en\\\/laliga\\\/flick-explains-his-dismissal-and-araujo-goal-against-girona_315054_102.html#breadcrumb\"},\"inLanguage\":\"en-US\",\"potentialAction\":[{\"@type\":\"ReadAction\",\"target\":[\"https:\\\/\\\/www.fcbarcelonanoticias.com\\\/en\\\/laliga\\\/flick-explains-his-dismissal-and-araujo-goal-against-girona_315054_102.html\"]}]},{\"@type\":\"ImageObject\",\"inLanguage\":\"en-US\",\"@id\":\"https:\\\/\\\/www.fcbarcelonanoticias.com\\\/en\\\/laliga\\\/flick-explains-his-dismissal-and-araujo-goal-against-girona_315054_102.html#primaryimage\",\"url\":\"https:\\\/\\\/www.fcbarcelonanoticias.com\\\/en\\\/wp-content\\\/uploads\\\/sites\\\/2\\\/2025\\\/10\\\/hansi-flick-barcelona-v-girona-laliga-25-26.webp\",\"contentUrl\":\"https:\\\/\\\/www.fcbarcelonanoticias.com\\\/en\\\/wp-content\\\/uploads\\\/sites\\\/2\\\/2025\\\/10\\\/hansi-flick-barcelona-v-girona-laliga-25-26.webp\",\"width\":1200,\"height\":675},{\"@type\":\"BreadcrumbList\",\"@id\":\"https:\\\/\\\/www.fcbarcelonanoticias.com\\\/en\\\/laliga\\\/flick-explains-his-dismissal-and-araujo-goal-against-girona_315054_102.html#breadcrumb\",\"itemListElement\":[{\"@type\":\"ListItem\",\"position\":1,\"name\":\"Portada\",\"item\":\"https:\\\/\\\/www.fcbarcelonanoticias.com\\\/en\\\/\"},{\"@type\":\"ListItem\",\"position\":2,\"name\":\"Flick reveals why he played Araujo as a &#8216;9&#8217; and explains his celebration in the Bar\u00e7a-Girona match\"}]},{\"@type\":\"WebSite\",\"@id\":\"https:\\\/\\\/www.fcbarcelonanoticias.com\\\/en\\\/#website\",\"url\":\"https:\\\/\\\/www.fcbarcelonanoticias.com\\\/en\\\/\",\"name\":\"EN - FC Barcelona Noticias\",\"description\":\"\",\"potentialAction\":[{\"@type\":\"SearchAction\",\"target\":{\"@type\":\"EntryPoint\",\"urlTemplate\":\"https:\\\/\\\/www.fcbarcelonanoticias.com\\\/en\\\/?s={search_term_string}\"},\"query-input\":{\"@type\":\"PropertyValueSpecification\",\"valueRequired\":true,\"valueName\":\"search_term_string\"}}],\"inLanguage\":\"en-US\"},{\"@type\":\"Person\",\"@id\":\"https:\\\/\\\/www.fcbarcelonanoticias.com\\\/en\\\/#\\\/schema\\\/person\\\/c2cd9f6fa1af5c0d0eccd0fefa575c88\",\"name\":\"Andr\u00e9s Quiroz\",\"image\":{\"@type\":\"ImageObject\",\"inLanguage\":\"en-US\",\"@id\":\"https:\\\/\\\/secure.gravatar.com\\\/avatar\\\/?s=96&d=mm&r=g\",\"url\":\"https:\\\/\\\/secure.gravatar.com\\\/avatar\\\/?s=96&d=mm&r=g\",\"contentUrl\":\"https:\\\/\\\/secure.gravatar.com\\\/avatar\\\/?s=96&d=mm&r=g\",\"caption\":\"Andr\u00e9s Quiroz\"},\"description\":\"Licenciado en Periodismo por la Universidad de los Andes. Me encargo de analizar y compartir los contenidos m\u00e1s destacados de la\u00a0actualidad del F\u00fatbol Club Barcelona, Mercado de Fichajes y F\u00fatbol Internacional en FCBN. La informaci\u00f3n es poder, pero tambi\u00e9n conocimiento.\",\"url\":\"https:\\\/\\\/www.fcbarcelonanoticias.com\\\/en\\\/fc-barcelona\\\/andres-quiroz_17_115.html\"}]}<\/script>\n<!-- \/ Yoast SEO plugin. -->","yoast_head_json":{"title":"Flick explains his dismissal and Araujo's goal against Girona","description":"Hansi Flick avoided criticizing Gil Manzano after his sending off in the Bar\u00e7a-Girona match. He also explained Araujo's change as a '9', which was key to the victory","robots":{"index":"index","follow":"follow","max-snippet":"max-snippet:-1","max-image-preview":"max-image-preview:large","max-video-preview":"max-video-preview:-1"},"canonical":"https:\/\/www.fcbarcelonanoticias.com\/en\/laliga\/flick-explains-his-dismissal-and-araujo-goal-against-girona_315054_102.html","og_locale":"en_US","og_type":"article","og_title":"Flick explains his dismissal and Araujo's goal against Girona","og_description":"Hansi Flick avoided criticizing Gil Manzano after his sending off in the Bar\u00e7a-Girona match. He also explained Araujo's change as a '9', which was key to the victory","og_url":"https:\/\/www.fcbarcelonanoticias.com\/en\/laliga\/flick-explains-his-dismissal-and-araujo-goal-against-girona_315054_102.html","og_site_name":"EN - FC Barcelona Noticias","article_published_time":"2025-10-18T17:29:00+00:00","article_modified_time":"2026-03-27T10:33:12+00:00","og_image":[{"width":1200,"height":675,"url":"https:\/\/www.fcbarcelonanoticias.com\/en\/wp-content\/uploads\/sites\/2\/2025\/10\/hansi-flick-barcelona-v-girona-laliga-25-26.webp","type":"image\/webp"}],"author":"Andr\u00e9s Quiroz","twitter_card":"summary_large_image","twitter_misc":{"Written by":"Andr\u00e9s Quiroz","Est. reading time":"3 minutes"},"schema":{"@context":"https:\/\/schema.org","@graph":[{"@type":"Article","@id":"https:\/\/www.fcbarcelonanoticias.com\/en\/laliga\/flick-explains-his-dismissal-and-araujo-goal-against-girona_315054_102.html#article","isPartOf":{"@id":"https:\/\/www.fcbarcelonanoticias.com\/en\/laliga\/flick-explains-his-dismissal-and-araujo-goal-against-girona_315054_102.html"},"author":{"name":"Andr\u00e9s Quiroz","@id":"https:\/\/www.fcbarcelonanoticias.com\/en\/#\/schema\/person\/c2cd9f6fa1af5c0d0eccd0fefa575c88"},"headline":"Flick reveals why he played Araujo as a &#8216;9&#8217; and explains his celebration in the Bar\u00e7a-Girona match","datePublished":"2025-10-18T17:29:00+00:00","dateModified":"2026-03-27T10:33:12+00:00","mainEntityOfPage":{"@id":"https:\/\/www.fcbarcelonanoticias.com\/en\/laliga\/flick-explains-his-dismissal-and-araujo-goal-against-girona_315054_102.html"},"wordCount":649,"image":{"@id":"https:\/\/www.fcbarcelonanoticias.com\/en\/laliga\/flick-explains-his-dismissal-and-araujo-goal-against-girona_315054_102.html#primaryimage"},"thumbnailUrl":"https:\/\/www.fcbarcelonanoticias.com\/en\/wp-content\/uploads\/sites\/2\/2025\/10\/hansi-flick-barcelona-v-girona-laliga-25-26.webp","keywords":["FC Barcelona vs Girona","Hansi Flick"],"articleSection":["LaLiga","LaLiga"],"inLanguage":"en-US"},{"@type":"WebPage","@id":"https:\/\/www.fcbarcelonanoticias.com\/en\/laliga\/flick-explains-his-dismissal-and-araujo-goal-against-girona_315054_102.html","url":"https:\/\/www.fcbarcelonanoticias.com\/en\/laliga\/flick-explains-his-dismissal-and-araujo-goal-against-girona_315054_102.html","name":"Flick explains his dismissal and Araujo's goal against Girona","isPartOf":{"@id":"https:\/\/www.fcbarcelonanoticias.com\/en\/#website"},"primaryImageOfPage":{"@id":"https:\/\/www.fcbarcelonanoticias.com\/en\/laliga\/flick-explains-his-dismissal-and-araujo-goal-against-girona_315054_102.html#primaryimage"},"image":{"@id":"https:\/\/www.fcbarcelonanoticias.com\/en\/laliga\/flick-explains-his-dismissal-and-araujo-goal-against-girona_315054_102.html#primaryimage"},"thumbnailUrl":"https:\/\/www.fcbarcelonanoticias.com\/en\/wp-content\/uploads\/sites\/2\/2025\/10\/hansi-flick-barcelona-v-girona-laliga-25-26.webp","datePublished":"2025-10-18T17:29:00+00:00","dateModified":"2026-03-27T10:33:12+00:00","author":{"@id":"https:\/\/www.fcbarcelonanoticias.com\/en\/#\/schema\/person\/c2cd9f6fa1af5c0d0eccd0fefa575c88"},"description":"Hansi Flick avoided criticizing Gil Manzano after his sending off in the Bar\u00e7a-Girona match. He also explained Araujo's change as a '9', which was key to the victory","breadcrumb":{"@id":"https:\/\/www.fcbarcelonanoticias.com\/en\/laliga\/flick-explains-his-dismissal-and-araujo-goal-against-girona_315054_102.html#breadcrumb"},"inLanguage":"en-US","potentialAction":[{"@type":"ReadAction","target":["https:\/\/www.fcbarcelonanoticias.com\/en\/laliga\/flick-explains-his-dismissal-and-araujo-goal-against-girona_315054_102.html"]}]},{"@type":"ImageObject","inLanguage":"en-US","@id":"https:\/\/www.fcbarcelonanoticias.com\/en\/laliga\/flick-explains-his-dismissal-and-araujo-goal-against-girona_315054_102.html#primaryimage","url":"https:\/\/www.fcbarcelonanoticias.com\/en\/wp-content\/uploads\/sites\/2\/2025\/10\/hansi-flick-barcelona-v-girona-laliga-25-26.webp","contentUrl":"https:\/\/www.fcbarcelonanoticias.com\/en\/wp-content\/uploads\/sites\/2\/2025\/10\/hansi-flick-barcelona-v-girona-laliga-25-26.webp","width":1200,"height":675},{"@type":"BreadcrumbList","@id":"https:\/\/www.fcbarcelonanoticias.com\/en\/laliga\/flick-explains-his-dismissal-and-araujo-goal-against-girona_315054_102.html#breadcrumb","itemListElement":[{"@type":"ListItem","position":1,"name":"Portada","item":"https:\/\/www.fcbarcelonanoticias.com\/en\/"},{"@type":"ListItem","position":2,"name":"Flick reveals why he played Araujo as a &#8216;9&#8217; and explains his celebration in the Bar\u00e7a-Girona match"}]},{"@type":"WebSite","@id":"https:\/\/www.fcbarcelonanoticias.com\/en\/#website","url":"https:\/\/www.fcbarcelonanoticias.com\/en\/","name":"EN - FC Barcelona Noticias","description":"","potentialAction":[{"@type":"SearchAction","target":{"@type":"EntryPoint","urlTemplate":"https:\/\/www.fcbarcelonanoticias.com\/en\/?s={search_term_string}"},"query-input":{"@type":"PropertyValueSpecification","valueRequired":true,"valueName":"search_term_string"}}],"inLanguage":"en-US"},{"@type":"Person","@id":"https:\/\/www.fcbarcelonanoticias.com\/en\/#\/schema\/person\/c2cd9f6fa1af5c0d0eccd0fefa575c88","name":"Andr\u00e9s Quiroz","image":{"@type":"ImageObject","inLanguage":"en-US","@id":"https:\/\/secure.gravatar.com\/avatar\/?s=96&d=mm&r=g","url":"https:\/\/secure.gravatar.com\/avatar\/?s=96&d=mm&r=g","contentUrl":"https:\/\/secure.gravatar.com\/avatar\/?s=96&d=mm&r=g","caption":"Andr\u00e9s Quiroz"},"description":"Licenciado en Periodismo por la Universidad de los Andes. Me encargo de analizar y compartir los contenidos m\u00e1s destacados de la\u00a0actualidad del F\u00fatbol Club Barcelona, Mercado de Fichajes y F\u00fatbol Internacional en FCBN. La informaci\u00f3n es poder, pero tambi\u00e9n conocimiento.","url":"https:\/\/www.fcbarcelonanoticias.com\/en\/fc-barcelona\/andres-quiroz_17_115.html"}]}},"_links":{"self":[{"href":"https:\/\/www.fcbarcelonanoticias.com\/en\/wp-json\/wp\/v2\/posts\/54664","targetHints":{"allow":["GET"]}}],"collection":[{"href":"https:\/\/www.fcbarcelonanoticias.com\/en\/wp-json\/wp\/v2\/posts"}],"about":[{"href":"https:\/\/www.fcbarcelonanoticias.com\/en\/wp-json\/wp\/v2\/types\/post"}],"author":[{"embeddable":true,"href":"https:\/\/www.fcbarcelonanoticias.com\/en\/wp-json\/wp\/v2\/users\/347"}],"replies":[{"embeddable":true,"href":"https:\/\/www.fcbarcelonanoticias.com\/en\/wp-json\/wp\/v2\/comments?post=54664"}],"version-history":[{"count":2,"href":"https:\/\/www.fcbarcelonanoticias.com\/en\/wp-json\/wp\/v2\/posts\/54664\/revisions"}],"predecessor-version":[{"id":159199,"href":"https:\/\/www.fcbarcelonanoticias.com\/en\/wp-json\/wp\/v2\/posts\/54664\/revisions\/159199"}],"wp:featuredmedia":[{"embeddable":true,"href":"https:\/\/www.fcbarcelonanoticias.com\/en\/wp-json\/wp\/v2\/media\/54666"}],"wp:attachment":[{"href":"https:\/\/www.fcbarcelonanoticias.com\/en\/wp-json\/wp\/v2\/media?parent=54664"}],"wp:term":[{"taxonomy":"category","embeddable":true,"href":"https:\/\/www.fcbarcelonanoticias.com\/en\/wp-json\/wp\/v2\/categories?post=54664"},{"taxonomy":"post_tag","embeddable":true,"href":"https:\/\/www.fcbarcelonanoticias.com\/en\/wp-json\/wp\/v2\/tags?post=54664"}],"curies":[{"name":"wp","href":"https:\/\/api.w.org\/{rel}","templated":true}]}}