{"id":54670,"date":"2025-09-26T01:05:00","date_gmt":"2025-09-25T23:05:00","guid":{"rendered":"https:\/\/weisetech.dev\/fc-barcelona-noticias\/en\/flick-downplays-joan-garcia-mistake-against-oviedo_314833_102\/"},"modified":"2025-09-26T01:05:00","modified_gmt":"2025-09-25T23:05:00","slug":"flick-downplays-joan-garcia-mistake-against-oviedo_314833_102","status":"publish","type":"post","link":"https:\/\/www.fcbarcelonanoticias.com\/en\/laliga\/flick-downplays-joan-garcia-mistake-against-oviedo_314833_102.html","title":{"rendered":"Hansi Flick downplays Joan Garc\u00eda&#8217;s mistake: &#8220;it&#8217;s our style&#8221;"},"content":{"rendered":"<h2 class=\"wp-block-heading\">Hansi Flick assessed Bar\u00e7a&#8217;s reaction against Oviedo (1-3) in a second half where the changes were key to achieving the comeback. In addition, he defended Joan Garc\u00eda, responsible for the Asturian goal<\/h2>  \r\n<div class=\"article-addons\">\r\n    <a href=\"https:\/\/www.fcbarcelonanoticias.com\/en\/calendar-fc-barcelona.html\"\r\n       target=\"_self\"\r\n       title=\"Calendar of FC Barcelona\"\r\n       class=\"blue-gredient-btn\">\r\n       \r\n        Calendar of FC Barcelona    <\/a>\r\n<\/div>   <p><strong>FC Barcelona<\/strong> added their fifth victory in <strong><a data-external=\"0\" data-intl-links-en=\"https:\/\/www.fcbarcelonanoticias.com\/en\/laliga\" data-intl-links-es=\"https:\/\/www.fcbarcelonanoticias.com\/laliga\" href=\"https:\/\/www.fcbarcelonanoticias.com\/en\/football-soccer\/laliga.html\" rel=\"follow\" target=\"_self\" title=\"LaLiga\">LaLiga 25\/26<\/a><\/strong> and the third consecutive as a visitor <a data-external=\"0\" data-intl-links-en=\"https:\/\/www.fcbarcelonanoticias.com\/en\/laliga\/real-oviedo-1-3-fc-barcelona-highlights-laliga-25-26_314832_102.html\" data-intl-links-es=\"https:\/\/www.fcbarcelonanoticias.com\/laliga\/resumen-real-oviedo-1-3-fc-barcelona-laliga-25-26_314832_102.html\" href=\"https:\/\/www.fcbarcelonanoticias.com\/en\/laliga\/real-oviedo-1-3-fc-barcelona-highlights-laliga-25-26_314832_102.html\" rel=\"follow\" target=\"_self\" title=\"Summary of Real Oviedo 1-3 FC Barcelona - LaLiga 25\/26\">against Real Oviedo (1-3)<\/a>. The team led by <strong>Hansi Flick<\/strong>, once again, came back in the second half of a match that became more complicated than expected after a mistake by <strong>Joan Garc\u00eda<\/strong> in the first half.<\/p>  <p>The Catalan goalkeeper came out of his area to cut off a long pass that was looking for the forward <strong>Salom\u00f3n Rond\u00f3n<\/strong>, but after anticipating efficiently, <strong>he failed a pass to Marc Casad\u00f3<\/strong>, which, finally, was taken advantage of by <strong>Alberto Reina<\/strong> to open the scoring in the 33rd minute.<\/p>  <p>In the post-match press conference, Flick defended Garc\u00eda, although he made it clear that <strong>the &#8217;13&#8217; clearly made a technical error, but understandable due to the Bar\u00e7a philosophy<\/strong>. Any other goalkeeper would have cleared the ball long, but Garc\u00eda wanted to maintain possession and start a safe exit for Bar\u00e7a.<\/p>  <h2>Flick explains Joan Garc\u00eda&#8217;s mistake and rules out an injury with Raphinha<\/h2>  <p>&#8220;<strong>It&#8217;s our style and something like that can happen. In the end, he&#8217;s a fantastic goalkeeper and he showed it at the end. A mistake&#8230; this is football<\/strong>,&#8221; explained the Bar\u00e7a coach. Bar\u00e7a recovered from the initial disadvantage and, as against Levante, scored three goals in the second half to turn the result around.<\/p>  <p>On the other hand, Flick revealed his reasons for taking off <strong>Raphinha<\/strong> in the 65th minute. The Brazilian left his place on the field quite angry to <strong>Robert Lewandowski<\/strong>, a key move to complete the comeback. The &#8216;9&#8217;, five minutes later, made it 1-2.<\/p>  <p>&#8220;<strong>He&#8217;s fine. He felt something in his leg and that&#8217;s why we changed him<\/strong>,&#8221; he said regarding the &#8217;11&#8217; cul\u00e9. And, about &#8216;Lewy&#8217;, he added: &#8220;He has been important. <strong>This is what we want from him. Inside the area he is one of the best in the world<\/strong>.&#8221;<\/p>  <p>The entry of Robert, along with that of <strong>Frenkie de Jong<\/strong> (at halftime for <strong>Marc Casad\u00f3<\/strong>), gave Bar\u00e7a more freshness when it came to looking for the tie first and, later, the comeback. In that sense, Flick valued the team&#8217;s response and the depth of the squad.<\/p>  <blockquote> <p>&#8220;In the end we also had several options in the first half, but we didn&#8217;t score. The changes came at the right time and I&#8217;m happy for the three points.&#8221;<\/p> <\/blockquote>  <h2>Praise for Ronald Araujo and goodbye to &#8216;Laminendependencia&#8217;<\/h2>  <p>Similarly, Hansi Flick expressed his satisfaction with Ronald Araujo&#8217;s good match. In <a data-external=\"0\" data-intl-links-en=\"https:\/\/www.fcbarcelonanoticias.com\/en\/laliga\/flick-makes-5-changes-lineups-for-oviedo-barcelona_314827_102.html\" data-intl-links-es=\"https:\/\/www.fcbarcelonanoticias.com\/laliga\/flick-realiza-5-cambios-alineaciones-oficiales-oviedo-barcelona_314827_102.html\" href=\"https:\/\/www.fcbarcelonanoticias.com\/en\/laliga\/flick-makes-5-changes-lineups-for-oviedo-barcelona_314827_102.html\" rel=\"follow\" target=\"_self\" title=\"Flick makes 5 changes! Official lineups for Oviedo-Bar\u00e7a\">his return to the XI<\/a>, the captain participated in two of the three azulgrana goals, closing the result with a beautiful header.<\/p>  <p>&#8220;<strong>It is important that Araujo has scored and has also defended very well<\/strong>. Last year I\u00f1igo and Pau played a lot together. <strong>We have made different lines, but I think they are responding well<\/strong>. We have top players in defense and being able to choose is good,&#8221; the Barcelona coach pointed out regarding his changes in the center of the defense.<\/p>  <p>Finally, the cul\u00e9 coach confirmed the sensations produced by a new victory, the third in a row, without Lamine Yamal available. &#8220;It&#8217;s good. <strong>We have made the right decisions. The injured will be returning. We have a fantastic team when everyone is ready to play<\/strong>.&#8221;<\/p>  <blockquote> <p>&#8220;We have had more control of the match; we tried to create chances and we have done very well.&#8221;<\/p> <\/blockquote> ","protected":false},"excerpt":{"rendered":"<p>Hansi Flick assessed Bar\u00e7a&#8217;s reaction against Oviedo (1-3) in a second half where the changes were key to achieving the comeback. In addition, he defended Joan Garc\u00eda, responsible for the Asturian goal FC Barcelona added their fifth victory in LaLiga 25\/26 and the third consecutive as a visitor against Real Oviedo (1-3). The team led [&hellip;]<\/p>\n","protected":false},"author":347,"featured_media":54672,"comment_status":"closed","ping_status":"open","sticky":false,"template":"","format":"standard","meta":{"_acf_changed":false,"inline_featured_image":false,"_nextfly_llmd_date_locked":false,"footnotes":""},"categories":[114,448],"tags":[78,87],"class_list":["post-54670","post","type-post","status-publish","format-standard","has-post-thumbnail","hentry","category-laliga","category-laliga-2","tag-fc-barcelona-vs-oviedo-news-matches-and-results","tag-hansi-flick"],"acf":[],"yoast_head":"<!-- This site is optimized with the Yoast SEO plugin v27.3 - https:\/\/yoast.com\/product\/yoast-seo-wordpress\/ -->\n<title>Flick downplays Joan Garc\u00eda&#039;s mistake against Oviedo<\/title>\n<meta name=\"description\" content=\"Hansi Flick assessed Bar\u00e7a&#039;s reaction against Oviedo (1-3) in a second half where the changes were key to achieving the comeback. In addition, he defended Joan Garc\u00eda, responsible for the Asturian goal\" \/>\n<meta name=\"robots\" content=\"index, follow, max-snippet:-1, max-image-preview:large, max-video-preview:-1\" \/>\n<link rel=\"canonical\" href=\"https:\/\/www.fcbarcelonanoticias.com\/en\/laliga\/flick-downplays-joan-garcia-mistake-against-oviedo_314833_102.html\" \/>\n<meta property=\"og:locale\" content=\"en_US\" \/>\n<meta property=\"og:type\" content=\"article\" \/>\n<meta property=\"og:title\" content=\"Flick downplays Joan Garc\u00eda&#039;s mistake against Oviedo\" \/>\n<meta property=\"og:description\" content=\"Hansi Flick assessed Bar\u00e7a&#039;s reaction against Oviedo (1-3) in a second half where the changes were key to achieving the comeback. In addition, he defended Joan Garc\u00eda, responsible for the Asturian goal\" \/>\n<meta property=\"og:url\" content=\"https:\/\/www.fcbarcelonanoticias.com\/en\/laliga\/flick-downplays-joan-garcia-mistake-against-oviedo_314833_102.html\" \/>\n<meta property=\"og:site_name\" content=\"EN - FC Barcelona Noticias\" \/>\n<meta property=\"article:published_time\" content=\"2025-09-25T23:05:00+00:00\" \/>\n<meta property=\"og:image\" content=\"https:\/\/www.fcbarcelonanoticias.com\/en\/wp-content\/uploads\/sites\/2\/2025\/09\/hansi-flick-fc-barcelona-v-oviedo-laliga.webp\" \/>\n\t<meta property=\"og:image:width\" content=\"1200\" \/>\n\t<meta property=\"og:image:height\" content=\"675\" \/>\n\t<meta property=\"og:image:type\" content=\"image\/webp\" \/>\n<meta name=\"author\" content=\"Andr\u00e9s Quiroz\" \/>\n<meta name=\"twitter:card\" content=\"summary_large_image\" \/>\n<meta name=\"twitter:label1\" content=\"Written by\" \/>\n\t<meta name=\"twitter:data1\" content=\"Andr\u00e9s Quiroz\" \/>\n\t<meta name=\"twitter:label2\" content=\"Est. reading time\" \/>\n\t<meta name=\"twitter:data2\" content=\"3 minutes\" \/>\n<script type=\"application\/ld+json\" class=\"yoast-schema-graph\">{\"@context\":\"https:\\\/\\\/schema.org\",\"@graph\":[{\"@type\":\"Article\",\"@id\":\"https:\\\/\\\/www.fcbarcelonanoticias.com\\\/en\\\/laliga\\\/flick-downplays-joan-garcia-mistake-against-oviedo_314833_102.html#article\",\"isPartOf\":{\"@id\":\"https:\\\/\\\/www.fcbarcelonanoticias.com\\\/en\\\/laliga\\\/flick-downplays-joan-garcia-mistake-against-oviedo_314833_102.html\"},\"author\":{\"name\":\"Andr\u00e9s Quiroz\",\"@id\":\"https:\\\/\\\/www.fcbarcelonanoticias.com\\\/en\\\/#\\\/schema\\\/person\\\/c2cd9f6fa1af5c0d0eccd0fefa575c88\"},\"headline\":\"Hansi Flick downplays Joan Garc\u00eda&#8217;s mistake: &#8220;it&#8217;s our style&#8221;\",\"datePublished\":\"2025-09-25T23:05:00+00:00\",\"mainEntityOfPage\":{\"@id\":\"https:\\\/\\\/www.fcbarcelonanoticias.com\\\/en\\\/laliga\\\/flick-downplays-joan-garcia-mistake-against-oviedo_314833_102.html\"},\"wordCount\":620,\"image\":{\"@id\":\"https:\\\/\\\/www.fcbarcelonanoticias.com\\\/en\\\/laliga\\\/flick-downplays-joan-garcia-mistake-against-oviedo_314833_102.html#primaryimage\"},\"thumbnailUrl\":\"https:\\\/\\\/www.fcbarcelonanoticias.com\\\/en\\\/wp-content\\\/uploads\\\/sites\\\/2\\\/2025\\\/09\\\/hansi-flick-fc-barcelona-v-oviedo-laliga.webp\",\"keywords\":[\"FC Barcelona vs Real Oviedo\",\"Hansi Flick\"],\"articleSection\":[\"LaLiga\",\"LaLiga\"],\"inLanguage\":\"en-US\"},{\"@type\":\"WebPage\",\"@id\":\"https:\\\/\\\/www.fcbarcelonanoticias.com\\\/en\\\/laliga\\\/flick-downplays-joan-garcia-mistake-against-oviedo_314833_102.html\",\"url\":\"https:\\\/\\\/www.fcbarcelonanoticias.com\\\/en\\\/laliga\\\/flick-downplays-joan-garcia-mistake-against-oviedo_314833_102.html\",\"name\":\"Flick downplays Joan Garc\u00eda's mistake against Oviedo\",\"isPartOf\":{\"@id\":\"https:\\\/\\\/www.fcbarcelonanoticias.com\\\/en\\\/#website\"},\"primaryImageOfPage\":{\"@id\":\"https:\\\/\\\/www.fcbarcelonanoticias.com\\\/en\\\/laliga\\\/flick-downplays-joan-garcia-mistake-against-oviedo_314833_102.html#primaryimage\"},\"image\":{\"@id\":\"https:\\\/\\\/www.fcbarcelonanoticias.com\\\/en\\\/laliga\\\/flick-downplays-joan-garcia-mistake-against-oviedo_314833_102.html#primaryimage\"},\"thumbnailUrl\":\"https:\\\/\\\/www.fcbarcelonanoticias.com\\\/en\\\/wp-content\\\/uploads\\\/sites\\\/2\\\/2025\\\/09\\\/hansi-flick-fc-barcelona-v-oviedo-laliga.webp\",\"datePublished\":\"2025-09-25T23:05:00+00:00\",\"author\":{\"@id\":\"https:\\\/\\\/www.fcbarcelonanoticias.com\\\/en\\\/#\\\/schema\\\/person\\\/c2cd9f6fa1af5c0d0eccd0fefa575c88\"},\"description\":\"Hansi Flick assessed Bar\u00e7a's reaction against Oviedo (1-3) in a second half where the changes were key to achieving the comeback. In addition, he defended Joan Garc\u00eda, responsible for the Asturian goal\",\"breadcrumb\":{\"@id\":\"https:\\\/\\\/www.fcbarcelonanoticias.com\\\/en\\\/laliga\\\/flick-downplays-joan-garcia-mistake-against-oviedo_314833_102.html#breadcrumb\"},\"inLanguage\":\"en-US\",\"potentialAction\":[{\"@type\":\"ReadAction\",\"target\":[\"https:\\\/\\\/www.fcbarcelonanoticias.com\\\/en\\\/laliga\\\/flick-downplays-joan-garcia-mistake-against-oviedo_314833_102.html\"]}]},{\"@type\":\"ImageObject\",\"inLanguage\":\"en-US\",\"@id\":\"https:\\\/\\\/www.fcbarcelonanoticias.com\\\/en\\\/laliga\\\/flick-downplays-joan-garcia-mistake-against-oviedo_314833_102.html#primaryimage\",\"url\":\"https:\\\/\\\/www.fcbarcelonanoticias.com\\\/en\\\/wp-content\\\/uploads\\\/sites\\\/2\\\/2025\\\/09\\\/hansi-flick-fc-barcelona-v-oviedo-laliga.webp\",\"contentUrl\":\"https:\\\/\\\/www.fcbarcelonanoticias.com\\\/en\\\/wp-content\\\/uploads\\\/sites\\\/2\\\/2025\\\/09\\\/hansi-flick-fc-barcelona-v-oviedo-laliga.webp\",\"width\":1200,\"height\":675},{\"@type\":\"BreadcrumbList\",\"@id\":\"https:\\\/\\\/www.fcbarcelonanoticias.com\\\/en\\\/laliga\\\/flick-downplays-joan-garcia-mistake-against-oviedo_314833_102.html#breadcrumb\",\"itemListElement\":[{\"@type\":\"ListItem\",\"position\":1,\"name\":\"Portada\",\"item\":\"https:\\\/\\\/www.fcbarcelonanoticias.com\\\/en\\\/\"},{\"@type\":\"ListItem\",\"position\":2,\"name\":\"Hansi Flick downplays Joan Garc\u00eda&#8217;s mistake: &#8220;it&#8217;s our style&#8221;\"}]},{\"@type\":\"WebSite\",\"@id\":\"https:\\\/\\\/www.fcbarcelonanoticias.com\\\/en\\\/#website\",\"url\":\"https:\\\/\\\/www.fcbarcelonanoticias.com\\\/en\\\/\",\"name\":\"EN - FC Barcelona Noticias\",\"description\":\"\",\"potentialAction\":[{\"@type\":\"SearchAction\",\"target\":{\"@type\":\"EntryPoint\",\"urlTemplate\":\"https:\\\/\\\/www.fcbarcelonanoticias.com\\\/en\\\/?s={search_term_string}\"},\"query-input\":{\"@type\":\"PropertyValueSpecification\",\"valueRequired\":true,\"valueName\":\"search_term_string\"}}],\"inLanguage\":\"en-US\"},{\"@type\":\"Person\",\"@id\":\"https:\\\/\\\/www.fcbarcelonanoticias.com\\\/en\\\/#\\\/schema\\\/person\\\/c2cd9f6fa1af5c0d0eccd0fefa575c88\",\"name\":\"Andr\u00e9s Quiroz\",\"image\":{\"@type\":\"ImageObject\",\"inLanguage\":\"en-US\",\"@id\":\"https:\\\/\\\/secure.gravatar.com\\\/avatar\\\/?s=96&d=mm&r=g\",\"url\":\"https:\\\/\\\/secure.gravatar.com\\\/avatar\\\/?s=96&d=mm&r=g\",\"contentUrl\":\"https:\\\/\\\/secure.gravatar.com\\\/avatar\\\/?s=96&d=mm&r=g\",\"caption\":\"Andr\u00e9s Quiroz\"},\"description\":\"Licenciado en Periodismo por la Universidad de los Andes. Me encargo de analizar y compartir los contenidos m\u00e1s destacados de la\u00a0actualidad del F\u00fatbol Club Barcelona, Mercado de Fichajes y F\u00fatbol Internacional en FCBN. La informaci\u00f3n es poder, pero tambi\u00e9n conocimiento.\",\"url\":\"https:\\\/\\\/www.fcbarcelonanoticias.com\\\/en\\\/fc-barcelona\\\/andres-quiroz_17_115.html\"}]}<\/script>\n<!-- \/ Yoast SEO plugin. -->","yoast_head_json":{"title":"Flick downplays Joan Garc\u00eda's mistake against Oviedo","description":"Hansi Flick assessed Bar\u00e7a's reaction against Oviedo (1-3) in a second half where the changes were key to achieving the comeback. In addition, he defended Joan Garc\u00eda, responsible for the Asturian goal","robots":{"index":"index","follow":"follow","max-snippet":"max-snippet:-1","max-image-preview":"max-image-preview:large","max-video-preview":"max-video-preview:-1"},"canonical":"https:\/\/www.fcbarcelonanoticias.com\/en\/laliga\/flick-downplays-joan-garcia-mistake-against-oviedo_314833_102.html","og_locale":"en_US","og_type":"article","og_title":"Flick downplays Joan Garc\u00eda's mistake against Oviedo","og_description":"Hansi Flick assessed Bar\u00e7a's reaction against Oviedo (1-3) in a second half where the changes were key to achieving the comeback. In addition, he defended Joan Garc\u00eda, responsible for the Asturian goal","og_url":"https:\/\/www.fcbarcelonanoticias.com\/en\/laliga\/flick-downplays-joan-garcia-mistake-against-oviedo_314833_102.html","og_site_name":"EN - FC Barcelona Noticias","article_published_time":"2025-09-25T23:05:00+00:00","og_image":[{"width":1200,"height":675,"url":"https:\/\/www.fcbarcelonanoticias.com\/en\/wp-content\/uploads\/sites\/2\/2025\/09\/hansi-flick-fc-barcelona-v-oviedo-laliga.webp","type":"image\/webp"}],"author":"Andr\u00e9s Quiroz","twitter_card":"summary_large_image","twitter_misc":{"Written by":"Andr\u00e9s Quiroz","Est. reading time":"3 minutes"},"schema":{"@context":"https:\/\/schema.org","@graph":[{"@type":"Article","@id":"https:\/\/www.fcbarcelonanoticias.com\/en\/laliga\/flick-downplays-joan-garcia-mistake-against-oviedo_314833_102.html#article","isPartOf":{"@id":"https:\/\/www.fcbarcelonanoticias.com\/en\/laliga\/flick-downplays-joan-garcia-mistake-against-oviedo_314833_102.html"},"author":{"name":"Andr\u00e9s Quiroz","@id":"https:\/\/www.fcbarcelonanoticias.com\/en\/#\/schema\/person\/c2cd9f6fa1af5c0d0eccd0fefa575c88"},"headline":"Hansi Flick downplays Joan Garc\u00eda&#8217;s mistake: &#8220;it&#8217;s our style&#8221;","datePublished":"2025-09-25T23:05:00+00:00","mainEntityOfPage":{"@id":"https:\/\/www.fcbarcelonanoticias.com\/en\/laliga\/flick-downplays-joan-garcia-mistake-against-oviedo_314833_102.html"},"wordCount":620,"image":{"@id":"https:\/\/www.fcbarcelonanoticias.com\/en\/laliga\/flick-downplays-joan-garcia-mistake-against-oviedo_314833_102.html#primaryimage"},"thumbnailUrl":"https:\/\/www.fcbarcelonanoticias.com\/en\/wp-content\/uploads\/sites\/2\/2025\/09\/hansi-flick-fc-barcelona-v-oviedo-laliga.webp","keywords":["FC Barcelona vs Real Oviedo","Hansi Flick"],"articleSection":["LaLiga","LaLiga"],"inLanguage":"en-US"},{"@type":"WebPage","@id":"https:\/\/www.fcbarcelonanoticias.com\/en\/laliga\/flick-downplays-joan-garcia-mistake-against-oviedo_314833_102.html","url":"https:\/\/www.fcbarcelonanoticias.com\/en\/laliga\/flick-downplays-joan-garcia-mistake-against-oviedo_314833_102.html","name":"Flick downplays Joan Garc\u00eda's mistake against Oviedo","isPartOf":{"@id":"https:\/\/www.fcbarcelonanoticias.com\/en\/#website"},"primaryImageOfPage":{"@id":"https:\/\/www.fcbarcelonanoticias.com\/en\/laliga\/flick-downplays-joan-garcia-mistake-against-oviedo_314833_102.html#primaryimage"},"image":{"@id":"https:\/\/www.fcbarcelonanoticias.com\/en\/laliga\/flick-downplays-joan-garcia-mistake-against-oviedo_314833_102.html#primaryimage"},"thumbnailUrl":"https:\/\/www.fcbarcelonanoticias.com\/en\/wp-content\/uploads\/sites\/2\/2025\/09\/hansi-flick-fc-barcelona-v-oviedo-laliga.webp","datePublished":"2025-09-25T23:05:00+00:00","author":{"@id":"https:\/\/www.fcbarcelonanoticias.com\/en\/#\/schema\/person\/c2cd9f6fa1af5c0d0eccd0fefa575c88"},"description":"Hansi Flick assessed Bar\u00e7a's reaction against Oviedo (1-3) in a second half where the changes were key to achieving the comeback. In addition, he defended Joan Garc\u00eda, responsible for the Asturian goal","breadcrumb":{"@id":"https:\/\/www.fcbarcelonanoticias.com\/en\/laliga\/flick-downplays-joan-garcia-mistake-against-oviedo_314833_102.html#breadcrumb"},"inLanguage":"en-US","potentialAction":[{"@type":"ReadAction","target":["https:\/\/www.fcbarcelonanoticias.com\/en\/laliga\/flick-downplays-joan-garcia-mistake-against-oviedo_314833_102.html"]}]},{"@type":"ImageObject","inLanguage":"en-US","@id":"https:\/\/www.fcbarcelonanoticias.com\/en\/laliga\/flick-downplays-joan-garcia-mistake-against-oviedo_314833_102.html#primaryimage","url":"https:\/\/www.fcbarcelonanoticias.com\/en\/wp-content\/uploads\/sites\/2\/2025\/09\/hansi-flick-fc-barcelona-v-oviedo-laliga.webp","contentUrl":"https:\/\/www.fcbarcelonanoticias.com\/en\/wp-content\/uploads\/sites\/2\/2025\/09\/hansi-flick-fc-barcelona-v-oviedo-laliga.webp","width":1200,"height":675},{"@type":"BreadcrumbList","@id":"https:\/\/www.fcbarcelonanoticias.com\/en\/laliga\/flick-downplays-joan-garcia-mistake-against-oviedo_314833_102.html#breadcrumb","itemListElement":[{"@type":"ListItem","position":1,"name":"Portada","item":"https:\/\/www.fcbarcelonanoticias.com\/en\/"},{"@type":"ListItem","position":2,"name":"Hansi Flick downplays Joan Garc\u00eda&#8217;s mistake: &#8220;it&#8217;s our style&#8221;"}]},{"@type":"WebSite","@id":"https:\/\/www.fcbarcelonanoticias.com\/en\/#website","url":"https:\/\/www.fcbarcelonanoticias.com\/en\/","name":"EN - FC Barcelona Noticias","description":"","potentialAction":[{"@type":"SearchAction","target":{"@type":"EntryPoint","urlTemplate":"https:\/\/www.fcbarcelonanoticias.com\/en\/?s={search_term_string}"},"query-input":{"@type":"PropertyValueSpecification","valueRequired":true,"valueName":"search_term_string"}}],"inLanguage":"en-US"},{"@type":"Person","@id":"https:\/\/www.fcbarcelonanoticias.com\/en\/#\/schema\/person\/c2cd9f6fa1af5c0d0eccd0fefa575c88","name":"Andr\u00e9s Quiroz","image":{"@type":"ImageObject","inLanguage":"en-US","@id":"https:\/\/secure.gravatar.com\/avatar\/?s=96&d=mm&r=g","url":"https:\/\/secure.gravatar.com\/avatar\/?s=96&d=mm&r=g","contentUrl":"https:\/\/secure.gravatar.com\/avatar\/?s=96&d=mm&r=g","caption":"Andr\u00e9s Quiroz"},"description":"Licenciado en Periodismo por la Universidad de los Andes. Me encargo de analizar y compartir los contenidos m\u00e1s destacados de la\u00a0actualidad del F\u00fatbol Club Barcelona, Mercado de Fichajes y F\u00fatbol Internacional en FCBN. La informaci\u00f3n es poder, pero tambi\u00e9n conocimiento.","url":"https:\/\/www.fcbarcelonanoticias.com\/en\/fc-barcelona\/andres-quiroz_17_115.html"}]}},"_links":{"self":[{"href":"https:\/\/www.fcbarcelonanoticias.com\/en\/wp-json\/wp\/v2\/posts\/54670","targetHints":{"allow":["GET"]}}],"collection":[{"href":"https:\/\/www.fcbarcelonanoticias.com\/en\/wp-json\/wp\/v2\/posts"}],"about":[{"href":"https:\/\/www.fcbarcelonanoticias.com\/en\/wp-json\/wp\/v2\/types\/post"}],"author":[{"embeddable":true,"href":"https:\/\/www.fcbarcelonanoticias.com\/en\/wp-json\/wp\/v2\/users\/347"}],"replies":[{"embeddable":true,"href":"https:\/\/www.fcbarcelonanoticias.com\/en\/wp-json\/wp\/v2\/comments?post=54670"}],"version-history":[{"count":1,"href":"https:\/\/www.fcbarcelonanoticias.com\/en\/wp-json\/wp\/v2\/posts\/54670\/revisions"}],"predecessor-version":[{"id":54671,"href":"https:\/\/www.fcbarcelonanoticias.com\/en\/wp-json\/wp\/v2\/posts\/54670\/revisions\/54671"}],"wp:featuredmedia":[{"embeddable":true,"href":"https:\/\/www.fcbarcelonanoticias.com\/en\/wp-json\/wp\/v2\/media\/54672"}],"wp:attachment":[{"href":"https:\/\/www.fcbarcelonanoticias.com\/en\/wp-json\/wp\/v2\/media?parent=54670"}],"wp:term":[{"taxonomy":"category","embeddable":true,"href":"https:\/\/www.fcbarcelonanoticias.com\/en\/wp-json\/wp\/v2\/categories?post=54670"},{"taxonomy":"post_tag","embeddable":true,"href":"https:\/\/www.fcbarcelonanoticias.com\/en\/wp-json\/wp\/v2\/tags?post=54670"}],"curies":[{"name":"wp","href":"https:\/\/api.w.org\/{rel}","templated":true}]}}