{"id":54808,"date":"2025-11-29T20:25:00","date_gmt":"2025-11-29T19:25:00","guid":{"rendered":"https:\/\/weisetech.dev\/fc-barcelona-noticias\/en\/flick-happy-about-raphinha-and-pedri-return-against-alaves_315375_102\/"},"modified":"2025-11-29T20:25:00","modified_gmt":"2025-11-29T19:25:00","slug":"flick-happy-about-raphinha-and-pedri-return-against-alaves_315375_102","status":"publish","type":"post","link":"https:\/\/www.fcbarcelonanoticias.com\/en\/laliga\/flick-happy-about-raphinha-and-pedri-return-against-alaves_315375_102.html","title":{"rendered":"Hansi Flick praises Raphinha&#8217;s work and anticipates Pedri&#8217;s return to the XI against Atl\u00e9tico"},"content":{"rendered":"<h2 class=\"wp-block-heading\">Hansi Flick valued the performances of Raphinha and Olmo against Alav\u00e9s (3-1). The Brazilian returned to the starting XI with an assist, while the player from Terrassa scored a brace<\/h2>  \r\n<div class=\"article-addons\">\r\n    <a href=\"https:\/\/www.fcbarcelonanoticias.com\/en\/calendar-fc-barcelona.html\"\r\n       target=\"_self\"\r\n       title=\"Calendar of FC Barcelona\"\r\n       class=\"blue-gredient-btn\">\r\n       \r\n        Calendar of FC Barcelona    <\/a>\r\n<\/div>   <p><strong>FC Barcelona<\/strong> secured their fourth consecutive victory in LaLiga with a comeback <a data-external=\"0\" data-intl-links-en=\"https:\/\/www.fcbarcelonanoticias.com\/en\/laliga\/barcelona-3-1-alaves-lamine-olmo-raphinha-laliga-25-26_315372_102.html\" data-intl-links-es=\"https:\/\/www.fcbarcelonanoticias.com\/laliga\/barcelona-3-1-alaves-lamine-olmo-raphinha-remontada-cule_315372_102.html\" href=\"https:\/\/www.fcbarcelonanoticias.com\/en\/laliga\/barcelona-3-1-alaves-lamine-olmo-raphinha-laliga-25-26_315372_102.html\" rel=\"follow\" target=\"_self\" title=\"FC Barcelona 3-1 Alav\u00e9s: Remontada cul\u00e9 y asalto al liderato de LaLiga\">against Alav\u00e9s (3-1)<\/a>. In the post-match press conference, <strong>Hansi Flick<\/strong> praised the contributions of <strong>Raphinha <\/strong>and <strong>Dani Olmo<\/strong>, two of the key figures of the day alongside <a data-external=\"0\" data-intl-links-en=\"https:\/\/www.fcbarcelonanoticias.com\/en\/laliga\/lamine-yamal-goal-assist-and-mvp-of-barca-alaves-3-1_315374_102.html\" data-intl-links-es=\"https:\/\/www.fcbarcelonanoticias.com\/laliga\/lamine-yamal-lidera-remontada-barca-contra-alaves-con-gol-asistencia_315374_102.html\" href=\"https:\/\/www.fcbarcelonanoticias.com\/en\/laliga\/lamine-yamal-goal-assist-and-mvp-of-barca-alaves-3-1_315374_102.html\" rel=\"follow\" target=\"_self\" title=\"Lamine Yamal lidera la remontada del Bar\u00e7a contra Alav\u00e9s con gol y asistencia\">Lamine Yamal<\/a>.<\/p>  <p>The Brazilian played 60 minutes at a notable level as a left winger. **He made the passes that led to the first two Bar\u00e7a goals**, although statistics only credit him with one assist because, in the play for the 1-1 scored by Lamine, the ball deflected off Lewandowski.<\/p>  <p>Regarding Rapha&#8217;s performance, Flick acknowledged that the &#8217;11&#8217; brings a different dynamism to Bar\u00e7a&#8217;s attack. &#8220;<strong>He is very important because he has great intensity and when he starts pressing, it makes everyone else press too<\/strong>. He has to improve in the coming games, but it&#8217;s fantastic that he&#8217;s back,&#8221; argued the German coach<\/p>  <h2>Praise for Dani Olmo and Gerard Mart\u00edn<\/h2>  <p>Similarly, the manager applauded Olmo&#8217;s performance. <strong>The Terrassa native once again played as the team&#8217;s attacking midfielder due to Ferm\u00edn L\u00f3pez&#8217;s absence<\/strong> and delivered a standout performance, scoring a couple of goals and creating up to five chances.<\/p>  <p>In this regard, Flick revealed some of the advice he has given Dani to help him regain his confidence, as his performance in recent months has suffered a slump.<\/p>  <p>&#8220;I think everyone knows Dani is fantastic. Sometimes, he wants more and to take that next step before the first one. He also overthinks things, I&#8217;ve told him that. I tell him to enjoy the game because you&#8217;re very good,&#8221; said the Bar\u00e7a coach.<\/p>  <p>Likewise, Hansi Flick acknowledged the contribution of **Gerard Mart\u00edn**. For the second consecutive match, the 23-year-old defender played as a center-back and did so well, covering Alejandro Balde&#8217;s back and supporting Pau Cubars\u00ed in the center.<\/p>  <p>&#8220;<strong>He gives us a lot of options. I love how he has improved, his attitude, his mentality&#8230; he works well in training, in the gym&#8230;<\/strong> I&#8217;m very happy to have him on the team.&#8221;<\/p>  <p>And, regarding <a data-external=\"0\" data-intl-links-en=\"https:\/\/www.fcbarcelonanoticias.com\/en\/laliga\/marc-bernal-starter-459-days-later-for-fc-barcelona_315368_102.html\" data-intl-links-es=\"https:\/\/www.fcbarcelonanoticias.com\/laliga\/marc-bernal-titular-con-fc-barcelona-459-dias-despues_315368_102.html\" href=\"https:\/\/www.fcbarcelonanoticias.com\/en\/laliga\/marc-bernal-starter-459-days-later-for-fc-barcelona_315368_102.html\" rel=\"follow\" target=\"_self\" title=\"Marc Bernal: titular con el FC Barcelona 459 d\u00edas despu\u00e9s\">Marc Bernal<\/a>, the Bar\u00e7a coach acknowledged the importance of giving him his first start. &#8220;It&#8217;s a first step and it gives him confidence. We need all the players. His evolution is very positive.&#8221;<\/p>  <h2>Pedri could return to the starting lineup in Bar\u00e7a-Atl\u00e9tico<\/h2>  <p>On the other hand, Flick was very satisfied with the return of Pedri Gonz\u00e1lez. The midfielder played half an hour after being out for a month with a left thigh injury, and the coaching staff does not rule out counting on him as a starter next Tuesday against Atl\u00e9tico, also at Spotify Camp Nou.<\/p>  <p>&#8220;We&#8217;ll see, let&#8217;s see tomorrow in recovery. We don&#8217;t have many days left. But Pedri is fine, I&#8217;ve asked him,&#8221; explained the German coach. Regarding the match, the coach believes that, although Bar\u00e7a wasted many opportunities to seal the score earlier, the general feelings were positive against Alav\u00e9s.<\/p>  <p>&#8220;We improve after every game and victory. And this season is going well, with four wins in a row, but we can&#8217;t be content with them. We have to improve,&#8221; pointed out Hansi Flick, who already has 57 wins in 79 games as Bar\u00e7a coach.<\/p>  <ul> <li>\ud83d\udc49 Follow the complete coverage of <a data-external=\"0\" data-intl-links-en=\"https:\/\/www.fcbarcelonanoticias.com\/en\/laliga\" data-intl-links-es=\"https:\/\/www.fcbarcelonanoticias.com\/laliga\" href=\"https:\/\/www.fcbarcelonanoticias.com\/en\/football-soccer\/laliga.html\" rel=\"follow\" target=\"_self\" title=\"LaLiga\">LaLiga EA Sports 2025\/26<\/a> in FC Barcelona Noticias<\/li> <\/ul> ","protected":false},"excerpt":{"rendered":"<p>Hansi Flick valued the performances of Raphinha and Olmo against Alav\u00e9s (3-1). The Brazilian returned to the starting XI with an assist, while the player from Terrassa scored a brace FC Barcelona secured their fourth consecutive victory in LaLiga with a comeback against Alav\u00e9s (3-1). In the post-match press conference, Hansi Flick praised the contributions [&hellip;]<\/p>\n","protected":false},"author":347,"featured_media":54811,"comment_status":"closed","ping_status":"open","sticky":false,"template":"","format":"standard","meta":{"_acf_changed":false,"inline_featured_image":false,"_nextfly_llmd_date_locked":false,"footnotes":""},"categories":[448,114],"tags":[68,87],"class_list":["post-54808","post","type-post","status-publish","format-standard","has-post-thumbnail","hentry","category-laliga-2","category-laliga","tag-fc-barcelona-vs-deportivo-alaves","tag-hansi-flick"],"acf":[],"yoast_head":"<!-- This site is optimized with the Yoast SEO plugin v27.3 - https:\/\/yoast.com\/product\/yoast-seo-wordpress\/ -->\n<title>Flick, happy about Raphinha and Pedri&#039;s return against Alav\u00e9s<\/title>\n<meta name=\"description\" content=\"Hansi Flick praised the performances of Raphinha and Pedri against Alav\u00e9s (3-1). The Brazilian returned to the starting XI with an assist, the &#039;8&#039; played half an hour\" \/>\n<meta name=\"robots\" content=\"index, follow, max-snippet:-1, max-image-preview:large, max-video-preview:-1\" \/>\n<link rel=\"canonical\" href=\"https:\/\/www.fcbarcelonanoticias.com\/en\/laliga\/flick-happy-about-raphinha-and-pedri-return-against-alaves_315375_102.html\" \/>\n<meta property=\"og:locale\" content=\"en_US\" \/>\n<meta property=\"og:type\" content=\"article\" \/>\n<meta property=\"og:title\" content=\"Flick, happy about Raphinha and Pedri&#039;s return against Alav\u00e9s\" \/>\n<meta property=\"og:description\" content=\"Hansi Flick praised the performances of Raphinha and Pedri against Alav\u00e9s (3-1). The Brazilian returned to the starting XI with an assist, the &#039;8&#039; played half an hour\" \/>\n<meta property=\"og:url\" content=\"https:\/\/www.fcbarcelonanoticias.com\/en\/laliga\/flick-happy-about-raphinha-and-pedri-return-against-alaves_315375_102.html\" \/>\n<meta property=\"og:site_name\" content=\"EN - FC Barcelona Noticias\" \/>\n<meta property=\"article:published_time\" content=\"2025-11-29T19:25:00+00:00\" \/>\n<meta property=\"og:image\" content=\"https:\/\/www.fcbarcelonanoticias.com\/en\/wp-content\/uploads\/sites\/2\/2025\/11\/hansi-flick-barca-v-alavees-laliga-25-26.webp\" \/>\n\t<meta property=\"og:image:width\" content=\"1200\" \/>\n\t<meta property=\"og:image:height\" content=\"675\" \/>\n\t<meta property=\"og:image:type\" content=\"image\/webp\" \/>\n<meta name=\"author\" content=\"Andr\u00e9s Quiroz\" \/>\n<meta name=\"twitter:card\" content=\"summary_large_image\" \/>\n<meta name=\"twitter:label1\" content=\"Written by\" \/>\n\t<meta name=\"twitter:data1\" content=\"Andr\u00e9s Quiroz\" \/>\n\t<meta name=\"twitter:label2\" content=\"Est. reading time\" \/>\n\t<meta name=\"twitter:data2\" content=\"3 minutes\" \/>\n<script type=\"application\/ld+json\" class=\"yoast-schema-graph\">{\"@context\":\"https:\\\/\\\/schema.org\",\"@graph\":[{\"@type\":\"Article\",\"@id\":\"https:\\\/\\\/www.fcbarcelonanoticias.com\\\/en\\\/laliga\\\/flick-happy-about-raphinha-and-pedri-return-against-alaves_315375_102.html#article\",\"isPartOf\":{\"@id\":\"https:\\\/\\\/www.fcbarcelonanoticias.com\\\/en\\\/laliga\\\/flick-happy-about-raphinha-and-pedri-return-against-alaves_315375_102.html\"},\"author\":{\"name\":\"Andr\u00e9s Quiroz\",\"@id\":\"https:\\\/\\\/www.fcbarcelonanoticias.com\\\/en\\\/#\\\/schema\\\/person\\\/c2cd9f6fa1af5c0d0eccd0fefa575c88\"},\"headline\":\"Hansi Flick praises Raphinha&#8217;s work and anticipates Pedri&#8217;s return to the XI against Atl\u00e9tico\",\"datePublished\":\"2025-11-29T19:25:00+00:00\",\"mainEntityOfPage\":{\"@id\":\"https:\\\/\\\/www.fcbarcelonanoticias.com\\\/en\\\/laliga\\\/flick-happy-about-raphinha-and-pedri-return-against-alaves_315375_102.html\"},\"wordCount\":610,\"image\":{\"@id\":\"https:\\\/\\\/www.fcbarcelonanoticias.com\\\/en\\\/laliga\\\/flick-happy-about-raphinha-and-pedri-return-against-alaves_315375_102.html#primaryimage\"},\"thumbnailUrl\":\"https:\\\/\\\/www.fcbarcelonanoticias.com\\\/en\\\/wp-content\\\/uploads\\\/sites\\\/2\\\/2025\\\/11\\\/hansi-flick-barca-v-alavees-laliga-25-26.webp\",\"keywords\":[\"FC Barcelona vs Deportivo Alav\u00e9s\",\"Hansi Flick\"],\"articleSection\":[\"LaLiga\",\"LaLiga\"],\"inLanguage\":\"en-US\"},{\"@type\":\"WebPage\",\"@id\":\"https:\\\/\\\/www.fcbarcelonanoticias.com\\\/en\\\/laliga\\\/flick-happy-about-raphinha-and-pedri-return-against-alaves_315375_102.html\",\"url\":\"https:\\\/\\\/www.fcbarcelonanoticias.com\\\/en\\\/laliga\\\/flick-happy-about-raphinha-and-pedri-return-against-alaves_315375_102.html\",\"name\":\"Flick, happy about Raphinha and Pedri's return against Alav\u00e9s\",\"isPartOf\":{\"@id\":\"https:\\\/\\\/www.fcbarcelonanoticias.com\\\/en\\\/#website\"},\"primaryImageOfPage\":{\"@id\":\"https:\\\/\\\/www.fcbarcelonanoticias.com\\\/en\\\/laliga\\\/flick-happy-about-raphinha-and-pedri-return-against-alaves_315375_102.html#primaryimage\"},\"image\":{\"@id\":\"https:\\\/\\\/www.fcbarcelonanoticias.com\\\/en\\\/laliga\\\/flick-happy-about-raphinha-and-pedri-return-against-alaves_315375_102.html#primaryimage\"},\"thumbnailUrl\":\"https:\\\/\\\/www.fcbarcelonanoticias.com\\\/en\\\/wp-content\\\/uploads\\\/sites\\\/2\\\/2025\\\/11\\\/hansi-flick-barca-v-alavees-laliga-25-26.webp\",\"datePublished\":\"2025-11-29T19:25:00+00:00\",\"author\":{\"@id\":\"https:\\\/\\\/www.fcbarcelonanoticias.com\\\/en\\\/#\\\/schema\\\/person\\\/c2cd9f6fa1af5c0d0eccd0fefa575c88\"},\"description\":\"Hansi Flick praised the performances of Raphinha and Pedri against Alav\u00e9s (3-1). The Brazilian returned to the starting XI with an assist, the '8' played half an hour\",\"breadcrumb\":{\"@id\":\"https:\\\/\\\/www.fcbarcelonanoticias.com\\\/en\\\/laliga\\\/flick-happy-about-raphinha-and-pedri-return-against-alaves_315375_102.html#breadcrumb\"},\"inLanguage\":\"en-US\",\"potentialAction\":[{\"@type\":\"ReadAction\",\"target\":[\"https:\\\/\\\/www.fcbarcelonanoticias.com\\\/en\\\/laliga\\\/flick-happy-about-raphinha-and-pedri-return-against-alaves_315375_102.html\"]}]},{\"@type\":\"ImageObject\",\"inLanguage\":\"en-US\",\"@id\":\"https:\\\/\\\/www.fcbarcelonanoticias.com\\\/en\\\/laliga\\\/flick-happy-about-raphinha-and-pedri-return-against-alaves_315375_102.html#primaryimage\",\"url\":\"https:\\\/\\\/www.fcbarcelonanoticias.com\\\/en\\\/wp-content\\\/uploads\\\/sites\\\/2\\\/2025\\\/11\\\/hansi-flick-barca-v-alavees-laliga-25-26.webp\",\"contentUrl\":\"https:\\\/\\\/www.fcbarcelonanoticias.com\\\/en\\\/wp-content\\\/uploads\\\/sites\\\/2\\\/2025\\\/11\\\/hansi-flick-barca-v-alavees-laliga-25-26.webp\",\"width\":1200,\"height\":675},{\"@type\":\"BreadcrumbList\",\"@id\":\"https:\\\/\\\/www.fcbarcelonanoticias.com\\\/en\\\/laliga\\\/flick-happy-about-raphinha-and-pedri-return-against-alaves_315375_102.html#breadcrumb\",\"itemListElement\":[{\"@type\":\"ListItem\",\"position\":1,\"name\":\"Portada\",\"item\":\"https:\\\/\\\/www.fcbarcelonanoticias.com\\\/en\\\/\"},{\"@type\":\"ListItem\",\"position\":2,\"name\":\"Hansi Flick praises Raphinha&#8217;s work and anticipates Pedri&#8217;s return to the XI against Atl\u00e9tico\"}]},{\"@type\":\"WebSite\",\"@id\":\"https:\\\/\\\/www.fcbarcelonanoticias.com\\\/en\\\/#website\",\"url\":\"https:\\\/\\\/www.fcbarcelonanoticias.com\\\/en\\\/\",\"name\":\"EN - FC Barcelona Noticias\",\"description\":\"\",\"potentialAction\":[{\"@type\":\"SearchAction\",\"target\":{\"@type\":\"EntryPoint\",\"urlTemplate\":\"https:\\\/\\\/www.fcbarcelonanoticias.com\\\/en\\\/?s={search_term_string}\"},\"query-input\":{\"@type\":\"PropertyValueSpecification\",\"valueRequired\":true,\"valueName\":\"search_term_string\"}}],\"inLanguage\":\"en-US\"},{\"@type\":\"Person\",\"@id\":\"https:\\\/\\\/www.fcbarcelonanoticias.com\\\/en\\\/#\\\/schema\\\/person\\\/c2cd9f6fa1af5c0d0eccd0fefa575c88\",\"name\":\"Andr\u00e9s Quiroz\",\"image\":{\"@type\":\"ImageObject\",\"inLanguage\":\"en-US\",\"@id\":\"https:\\\/\\\/secure.gravatar.com\\\/avatar\\\/?s=96&d=mm&r=g\",\"url\":\"https:\\\/\\\/secure.gravatar.com\\\/avatar\\\/?s=96&d=mm&r=g\",\"contentUrl\":\"https:\\\/\\\/secure.gravatar.com\\\/avatar\\\/?s=96&d=mm&r=g\",\"caption\":\"Andr\u00e9s Quiroz\"},\"description\":\"Licenciado en Periodismo por la Universidad de los Andes. Me encargo de analizar y compartir los contenidos m\u00e1s destacados de la\u00a0actualidad del F\u00fatbol Club Barcelona, Mercado de Fichajes y F\u00fatbol Internacional en FCBN. La informaci\u00f3n es poder, pero tambi\u00e9n conocimiento.\",\"url\":\"https:\\\/\\\/www.fcbarcelonanoticias.com\\\/en\\\/fc-barcelona\\\/andres-quiroz_17_115.html\"}]}<\/script>\n<!-- \/ Yoast SEO plugin. -->","yoast_head_json":{"title":"Flick, happy about Raphinha and Pedri's return against Alav\u00e9s","description":"Hansi Flick praised the performances of Raphinha and Pedri against Alav\u00e9s (3-1). The Brazilian returned to the starting XI with an assist, the '8' played half an hour","robots":{"index":"index","follow":"follow","max-snippet":"max-snippet:-1","max-image-preview":"max-image-preview:large","max-video-preview":"max-video-preview:-1"},"canonical":"https:\/\/www.fcbarcelonanoticias.com\/en\/laliga\/flick-happy-about-raphinha-and-pedri-return-against-alaves_315375_102.html","og_locale":"en_US","og_type":"article","og_title":"Flick, happy about Raphinha and Pedri's return against Alav\u00e9s","og_description":"Hansi Flick praised the performances of Raphinha and Pedri against Alav\u00e9s (3-1). The Brazilian returned to the starting XI with an assist, the '8' played half an hour","og_url":"https:\/\/www.fcbarcelonanoticias.com\/en\/laliga\/flick-happy-about-raphinha-and-pedri-return-against-alaves_315375_102.html","og_site_name":"EN - FC Barcelona Noticias","article_published_time":"2025-11-29T19:25:00+00:00","og_image":[{"width":1200,"height":675,"url":"https:\/\/www.fcbarcelonanoticias.com\/en\/wp-content\/uploads\/sites\/2\/2025\/11\/hansi-flick-barca-v-alavees-laliga-25-26.webp","type":"image\/webp"}],"author":"Andr\u00e9s Quiroz","twitter_card":"summary_large_image","twitter_misc":{"Written by":"Andr\u00e9s Quiroz","Est. reading time":"3 minutes"},"schema":{"@context":"https:\/\/schema.org","@graph":[{"@type":"Article","@id":"https:\/\/www.fcbarcelonanoticias.com\/en\/laliga\/flick-happy-about-raphinha-and-pedri-return-against-alaves_315375_102.html#article","isPartOf":{"@id":"https:\/\/www.fcbarcelonanoticias.com\/en\/laliga\/flick-happy-about-raphinha-and-pedri-return-against-alaves_315375_102.html"},"author":{"name":"Andr\u00e9s Quiroz","@id":"https:\/\/www.fcbarcelonanoticias.com\/en\/#\/schema\/person\/c2cd9f6fa1af5c0d0eccd0fefa575c88"},"headline":"Hansi Flick praises Raphinha&#8217;s work and anticipates Pedri&#8217;s return to the XI against Atl\u00e9tico","datePublished":"2025-11-29T19:25:00+00:00","mainEntityOfPage":{"@id":"https:\/\/www.fcbarcelonanoticias.com\/en\/laliga\/flick-happy-about-raphinha-and-pedri-return-against-alaves_315375_102.html"},"wordCount":610,"image":{"@id":"https:\/\/www.fcbarcelonanoticias.com\/en\/laliga\/flick-happy-about-raphinha-and-pedri-return-against-alaves_315375_102.html#primaryimage"},"thumbnailUrl":"https:\/\/www.fcbarcelonanoticias.com\/en\/wp-content\/uploads\/sites\/2\/2025\/11\/hansi-flick-barca-v-alavees-laliga-25-26.webp","keywords":["FC Barcelona vs Deportivo Alav\u00e9s","Hansi Flick"],"articleSection":["LaLiga","LaLiga"],"inLanguage":"en-US"},{"@type":"WebPage","@id":"https:\/\/www.fcbarcelonanoticias.com\/en\/laliga\/flick-happy-about-raphinha-and-pedri-return-against-alaves_315375_102.html","url":"https:\/\/www.fcbarcelonanoticias.com\/en\/laliga\/flick-happy-about-raphinha-and-pedri-return-against-alaves_315375_102.html","name":"Flick, happy about Raphinha and Pedri's return against Alav\u00e9s","isPartOf":{"@id":"https:\/\/www.fcbarcelonanoticias.com\/en\/#website"},"primaryImageOfPage":{"@id":"https:\/\/www.fcbarcelonanoticias.com\/en\/laliga\/flick-happy-about-raphinha-and-pedri-return-against-alaves_315375_102.html#primaryimage"},"image":{"@id":"https:\/\/www.fcbarcelonanoticias.com\/en\/laliga\/flick-happy-about-raphinha-and-pedri-return-against-alaves_315375_102.html#primaryimage"},"thumbnailUrl":"https:\/\/www.fcbarcelonanoticias.com\/en\/wp-content\/uploads\/sites\/2\/2025\/11\/hansi-flick-barca-v-alavees-laliga-25-26.webp","datePublished":"2025-11-29T19:25:00+00:00","author":{"@id":"https:\/\/www.fcbarcelonanoticias.com\/en\/#\/schema\/person\/c2cd9f6fa1af5c0d0eccd0fefa575c88"},"description":"Hansi Flick praised the performances of Raphinha and Pedri against Alav\u00e9s (3-1). The Brazilian returned to the starting XI with an assist, the '8' played half an hour","breadcrumb":{"@id":"https:\/\/www.fcbarcelonanoticias.com\/en\/laliga\/flick-happy-about-raphinha-and-pedri-return-against-alaves_315375_102.html#breadcrumb"},"inLanguage":"en-US","potentialAction":[{"@type":"ReadAction","target":["https:\/\/www.fcbarcelonanoticias.com\/en\/laliga\/flick-happy-about-raphinha-and-pedri-return-against-alaves_315375_102.html"]}]},{"@type":"ImageObject","inLanguage":"en-US","@id":"https:\/\/www.fcbarcelonanoticias.com\/en\/laliga\/flick-happy-about-raphinha-and-pedri-return-against-alaves_315375_102.html#primaryimage","url":"https:\/\/www.fcbarcelonanoticias.com\/en\/wp-content\/uploads\/sites\/2\/2025\/11\/hansi-flick-barca-v-alavees-laliga-25-26.webp","contentUrl":"https:\/\/www.fcbarcelonanoticias.com\/en\/wp-content\/uploads\/sites\/2\/2025\/11\/hansi-flick-barca-v-alavees-laliga-25-26.webp","width":1200,"height":675},{"@type":"BreadcrumbList","@id":"https:\/\/www.fcbarcelonanoticias.com\/en\/laliga\/flick-happy-about-raphinha-and-pedri-return-against-alaves_315375_102.html#breadcrumb","itemListElement":[{"@type":"ListItem","position":1,"name":"Portada","item":"https:\/\/www.fcbarcelonanoticias.com\/en\/"},{"@type":"ListItem","position":2,"name":"Hansi Flick praises Raphinha&#8217;s work and anticipates Pedri&#8217;s return to the XI against Atl\u00e9tico"}]},{"@type":"WebSite","@id":"https:\/\/www.fcbarcelonanoticias.com\/en\/#website","url":"https:\/\/www.fcbarcelonanoticias.com\/en\/","name":"EN - FC Barcelona Noticias","description":"","potentialAction":[{"@type":"SearchAction","target":{"@type":"EntryPoint","urlTemplate":"https:\/\/www.fcbarcelonanoticias.com\/en\/?s={search_term_string}"},"query-input":{"@type":"PropertyValueSpecification","valueRequired":true,"valueName":"search_term_string"}}],"inLanguage":"en-US"},{"@type":"Person","@id":"https:\/\/www.fcbarcelonanoticias.com\/en\/#\/schema\/person\/c2cd9f6fa1af5c0d0eccd0fefa575c88","name":"Andr\u00e9s Quiroz","image":{"@type":"ImageObject","inLanguage":"en-US","@id":"https:\/\/secure.gravatar.com\/avatar\/?s=96&d=mm&r=g","url":"https:\/\/secure.gravatar.com\/avatar\/?s=96&d=mm&r=g","contentUrl":"https:\/\/secure.gravatar.com\/avatar\/?s=96&d=mm&r=g","caption":"Andr\u00e9s Quiroz"},"description":"Licenciado en Periodismo por la Universidad de los Andes. Me encargo de analizar y compartir los contenidos m\u00e1s destacados de la\u00a0actualidad del F\u00fatbol Club Barcelona, Mercado de Fichajes y F\u00fatbol Internacional en FCBN. La informaci\u00f3n es poder, pero tambi\u00e9n conocimiento.","url":"https:\/\/www.fcbarcelonanoticias.com\/en\/fc-barcelona\/andres-quiroz_17_115.html"}]}},"_links":{"self":[{"href":"https:\/\/www.fcbarcelonanoticias.com\/en\/wp-json\/wp\/v2\/posts\/54808","targetHints":{"allow":["GET"]}}],"collection":[{"href":"https:\/\/www.fcbarcelonanoticias.com\/en\/wp-json\/wp\/v2\/posts"}],"about":[{"href":"https:\/\/www.fcbarcelonanoticias.com\/en\/wp-json\/wp\/v2\/types\/post"}],"author":[{"embeddable":true,"href":"https:\/\/www.fcbarcelonanoticias.com\/en\/wp-json\/wp\/v2\/users\/347"}],"replies":[{"embeddable":true,"href":"https:\/\/www.fcbarcelonanoticias.com\/en\/wp-json\/wp\/v2\/comments?post=54808"}],"version-history":[{"count":1,"href":"https:\/\/www.fcbarcelonanoticias.com\/en\/wp-json\/wp\/v2\/posts\/54808\/revisions"}],"predecessor-version":[{"id":54809,"href":"https:\/\/www.fcbarcelonanoticias.com\/en\/wp-json\/wp\/v2\/posts\/54808\/revisions\/54809"}],"wp:featuredmedia":[{"embeddable":true,"href":"https:\/\/www.fcbarcelonanoticias.com\/en\/wp-json\/wp\/v2\/media\/54811"}],"wp:attachment":[{"href":"https:\/\/www.fcbarcelonanoticias.com\/en\/wp-json\/wp\/v2\/media?parent=54808"}],"wp:term":[{"taxonomy":"category","embeddable":true,"href":"https:\/\/www.fcbarcelonanoticias.com\/en\/wp-json\/wp\/v2\/categories?post=54808"},{"taxonomy":"post_tag","embeddable":true,"href":"https:\/\/www.fcbarcelonanoticias.com\/en\/wp-json\/wp\/v2\/tags?post=54808"}],"curies":[{"name":"wp","href":"https:\/\/api.w.org\/{rel}","templated":true}]}}