{"id":54840,"date":"2021-10-18T13:18:00","date_gmt":"2021-10-18T11:18:00","guid":{"rendered":"https:\/\/weisetech.dev\/fc-barcelona-noticias\/en\/gaya-outraged-with-the-arbitration-after-the-barca-valencia_273902_102\/"},"modified":"2021-10-18T13:24:00","modified_gmt":"2021-10-18T11:24:00","slug":"gaya-outraged-with-the-arbitration-after-the-barca-valencia_273902_102","status":"publish","type":"post","link":"https:\/\/www.fcbarcelonanoticias.com\/en\/laliga\/gaya-outraged-with-the-arbitration-after-the-barca-valencia_273902_102.html","title":{"rendered":"Gay\u00e0, outraged by the refereeing after Bar\u00e7a-Valencia"},"content":{"rendered":"<h2 class=\"wp-block-heading\">The Valencia players have not been satisfied with the work of Gil Manzano in the game against Bar\u00e7a, at the Camp Nou. Gay\u00e0, captain of the &#8216;ch\u00e9&#8217; team, exploded due to Ansu Fati&#8217;s penalty<\/h2>  \r\n<div class=\"article-addons\">\r\n    <a href=\"https:\/\/www.fcbarcelonanoticias.com\/en\/calendar-fc-barcelona.html\"\r\n       target=\"_self\"\r\n       title=\"Calendar of FC Barcelona\"\r\n       class=\"blue-gredient-btn\">\r\n       \r\n        Calendar of FC Barcelona    <\/a>\r\n<\/div>   <p><strong>&#8220;It is the of always, pitan what want to&#8221;<\/strong> has been the sentence that left the captain of Valencia, <strong>Jos\u00e9 Luis Gay\u00e0<\/strong>, after the party in front of the <a data-external=\"0\" data-intl-links-en=\"https:\/\/www.fcbarcelonanoticias.com\/en\/fc-barcelona\" data-intl-links-es=\"https:\/\/www.fcbarcelonanoticias.com\/fc-barcelona\" href=\"https:\/\/www.fcbarcelonanoticias.com\/en\/football-soccer\/fc-barcelona.html\" rel=\"follow\" target=\"_self\" title=\"FC Barcelona\">FC Barcelona<\/a> in the Camp Nou, on the penal that pit\u00f3 Gil Manzano in favour of the barcelonistas by<strong>or na lacking that committed inside the area to Ansu Fati<\/strong> so that later Memphis Depay consummated the traced back, in the first time, from the eleven metres.<\/p>  <p>In the played of the penal, Gay\u00e0 demolished to Ansu Fati inside the small area <strong>and Gil Manzano did not doubt in signalling the maximum penalty<\/strong>, although the players of Valencia protested because the left side had touched the balloon. The VAR did not take part in the played, although in the repetitions <strong>remained a lot of doubts regarding the intervention of Gay\u00e0<\/strong> to avoid the finish of Fati.<\/p>  <p>In fact, Ronald Koeman commented <a data-external=\"0\" data-intl-links-en=\"https:\/\/www.fcbarcelonanoticias.com\/en\/fc-barcelona\/koeman-celebrates-the-attitude-of-the-barca-and-applauds-to-ansu-coutinho-and-dest_273896_102.html\" data-intl-links-es=\"https:\/\/www.fcbarcelonanoticias.com\/fc-barcelona\/koeman-celebra-actitud-barca-aplaude-ansu-coutinho-dest_273896_102.html\" href=\"https:\/\/www.fcbarcelonanoticias.com\/en\/fc-barcelona\/koeman-celebrates-the-attitude-of-the-barca-and-applauds-to-ansu-coutinho-and-dest_273896_102.html\" rel=\"follow\" target=\"_self\" title=\"Koeman celebra la actitud del Bar\u00e7a y aplaude a Ansu, Coutinho y Dest\">in press conference<\/a> that &#8220;have seen it after the party by the television and <strong>can doubt of if it is penalti or no, but the referee has not doubted&#8221;<\/strong>, whereas different referees in the media coincided in that it was a grave error of Gil Manzano pitar the penal without reviewing it in the monitor of the VAR.<\/p>  <p>The true is that, after the clash, Gay\u00e0 complained on the action, aiming that &#8220;all coincide in that I arrive to the balloon before and that touch. <strong>It can that there is a small contact with Ansu Fati, but the slow camera always deceives.<\/strong> The year happened already signalled me a penalti very doubtful&#8221; and adding that &#8220;from a taking say that I touch the balloon and from another seems that I touch it [to Ansu Fati]. <strong>It is the of always, pitan what want&#8221;.<\/strong><\/p>  <p>However, the captain of the group valencianista stood out that the party did not lose there, but it escaped the victory &#8220;by not putting those that have had, because <strong>we have arrived a lot in the second part, with a lot of clear occasions, they have killed us in one against. <\/strong>We have competed well but it has not given us to win&#8221;.<\/p>  <h3>Moment complicated for Valencia<\/h3>  <p>After a beginning ilusionante of Valencia, <strong>the ones of Jos\u00e9 Bordal\u00e1s have added five parties without knowing the victory<\/strong> in the domestic championship. Had the illusion to achieve the three points in the Camp Nou, but committed too many errors in front of a Bar\u00e7a that was very serious and that went out to look for a triumph from the first minutes, although it was Valencia the one who struck first in the marker.<\/p>  <p>Of this series, Gay\u00e0 commented that &#8220;we had begun very well. <strong>We carry five parties without winning, in which we have deserved more<\/strong>, but it is necessary to follow the team has to raise the head and the next party in front of the Mallorca home, is key&#8221;.<\/p> ","protected":false},"excerpt":{"rendered":"<p>The Valencia players have not been satisfied with the work of Gil Manzano in the game against Bar\u00e7a, at the Camp Nou. Gay\u00e0, captain of the &#8216;ch\u00e9&#8217; team, exploded due to Ansu Fati&#8217;s penalty &#8220;It is the of always, pitan what want to&#8221; has been the sentence that left the captain of Valencia, Jos\u00e9 Luis [&hellip;]<\/p>\n","protected":false},"author":352,"featured_media":54844,"comment_status":"closed","ping_status":"open","sticky":false,"template":"","format":"standard","meta":{"_acf_changed":false,"inline_featured_image":false,"_nextfly_llmd_date_locked":false,"footnotes":""},"categories":[448,114],"tags":[190,80,194],"class_list":["post-54840","post","type-post","status-publish","format-standard","has-post-thumbnail","hentry","category-laliga-2","category-laliga","tag-referees","tag-valencia-cf","tag-var"],"acf":[],"yoast_head":"<!-- This site is optimized with the Yoast SEO plugin v27.3 - https:\/\/yoast.com\/product\/yoast-seo-wordpress\/ -->\n<title>Gay\u00e0, outraged by the refereeing after Bar\u00e7a-Valencia<\/title>\n<meta name=\"description\" content=\"The players of Valencia have not remained satisfied with the work of Gil Manzano in the party in front of the Bar\u00e7a, in the Camp Nou. Gay\u00e0, captain of the group &#039;...\" \/>\n<meta name=\"robots\" content=\"index, follow, max-snippet:-1, max-image-preview:large, max-video-preview:-1\" \/>\n<link rel=\"canonical\" href=\"https:\/\/www.fcbarcelonanoticias.com\/en\/laliga\/gaya-outraged-with-the-arbitration-after-the-barca-valencia_273902_102.html\" \/>\n<meta property=\"og:locale\" content=\"en_US\" \/>\n<meta property=\"og:type\" content=\"article\" \/>\n<meta property=\"og:title\" content=\"Gay\u00e0, outraged by the refereeing after Bar\u00e7a-Valencia\" \/>\n<meta property=\"og:description\" content=\"The players of Valencia have not remained satisfied with the work of Gil Manzano in the party in front of the Bar\u00e7a, in the Camp Nou. Gay\u00e0, captain of the group &#039;...\" \/>\n<meta property=\"og:url\" content=\"https:\/\/www.fcbarcelonanoticias.com\/en\/laliga\/gaya-outraged-with-the-arbitration-after-the-barca-valencia_273902_102.html\" \/>\n<meta property=\"og:site_name\" content=\"EN - FC Barcelona Noticias\" \/>\n<meta property=\"article:published_time\" content=\"2021-10-18T11:18:00+00:00\" \/>\n<meta property=\"article:modified_time\" content=\"2021-10-18T11:24:00+00:00\" \/>\n<meta property=\"og:image\" content=\"https:\/\/www.fcbarcelonanoticias.com\/en\/wp-content\/uploads\/sites\/2\/2021\/10\/dest-gaya.jpeg\" \/>\n\t<meta property=\"og:image:width\" content=\"1200\" \/>\n\t<meta property=\"og:image:height\" content=\"675\" \/>\n\t<meta property=\"og:image:type\" content=\"image\/jpeg\" \/>\n<meta name=\"author\" content=\"Paola Guevara\" \/>\n<meta name=\"twitter:card\" content=\"summary_large_image\" \/>\n<meta name=\"twitter:label1\" content=\"Written by\" \/>\n\t<meta name=\"twitter:data1\" content=\"Paola Guevara\" \/>\n\t<meta name=\"twitter:label2\" content=\"Est. reading time\" \/>\n\t<meta name=\"twitter:data2\" content=\"3 minutes\" \/>\n<script type=\"application\/ld+json\" class=\"yoast-schema-graph\">{\"@context\":\"https:\\\/\\\/schema.org\",\"@graph\":[{\"@type\":\"Article\",\"@id\":\"https:\\\/\\\/www.fcbarcelonanoticias.com\\\/en\\\/laliga\\\/gaya-outraged-with-the-arbitration-after-the-barca-valencia_273902_102.html#article\",\"isPartOf\":{\"@id\":\"https:\\\/\\\/www.fcbarcelonanoticias.com\\\/en\\\/laliga\\\/gaya-outraged-with-the-arbitration-after-the-barca-valencia_273902_102.html\"},\"author\":{\"name\":\"Paola Guevara\",\"@id\":\"https:\\\/\\\/www.fcbarcelonanoticias.com\\\/en\\\/#\\\/schema\\\/person\\\/3b408513ee236e64c3043ec901f019ee\"},\"headline\":\"Gay\u00e0, outraged by the refereeing after Bar\u00e7a-Valencia\",\"datePublished\":\"2021-10-18T11:18:00+00:00\",\"dateModified\":\"2021-10-18T11:24:00+00:00\",\"mainEntityOfPage\":{\"@id\":\"https:\\\/\\\/www.fcbarcelonanoticias.com\\\/en\\\/laliga\\\/gaya-outraged-with-the-arbitration-after-the-barca-valencia_273902_102.html\"},\"wordCount\":527,\"image\":{\"@id\":\"https:\\\/\\\/www.fcbarcelonanoticias.com\\\/en\\\/laliga\\\/gaya-outraged-with-the-arbitration-after-the-barca-valencia_273902_102.html#primaryimage\"},\"thumbnailUrl\":\"https:\\\/\\\/www.fcbarcelonanoticias.com\\\/en\\\/wp-content\\\/uploads\\\/sites\\\/2\\\/2021\\\/10\\\/dest-gaya.jpeg\",\"keywords\":[\"Referees\",\"Valencia CF\",\"VAR\"],\"articleSection\":[\"LaLiga\",\"LaLiga\"],\"inLanguage\":\"en-US\"},{\"@type\":\"WebPage\",\"@id\":\"https:\\\/\\\/www.fcbarcelonanoticias.com\\\/en\\\/laliga\\\/gaya-outraged-with-the-arbitration-after-the-barca-valencia_273902_102.html\",\"url\":\"https:\\\/\\\/www.fcbarcelonanoticias.com\\\/en\\\/laliga\\\/gaya-outraged-with-the-arbitration-after-the-barca-valencia_273902_102.html\",\"name\":\"Gay\u00e0, outraged by the refereeing after Bar\u00e7a-Valencia\",\"isPartOf\":{\"@id\":\"https:\\\/\\\/www.fcbarcelonanoticias.com\\\/en\\\/#website\"},\"primaryImageOfPage\":{\"@id\":\"https:\\\/\\\/www.fcbarcelonanoticias.com\\\/en\\\/laliga\\\/gaya-outraged-with-the-arbitration-after-the-barca-valencia_273902_102.html#primaryimage\"},\"image\":{\"@id\":\"https:\\\/\\\/www.fcbarcelonanoticias.com\\\/en\\\/laliga\\\/gaya-outraged-with-the-arbitration-after-the-barca-valencia_273902_102.html#primaryimage\"},\"thumbnailUrl\":\"https:\\\/\\\/www.fcbarcelonanoticias.com\\\/en\\\/wp-content\\\/uploads\\\/sites\\\/2\\\/2021\\\/10\\\/dest-gaya.jpeg\",\"datePublished\":\"2021-10-18T11:18:00+00:00\",\"dateModified\":\"2021-10-18T11:24:00+00:00\",\"author\":{\"@id\":\"https:\\\/\\\/www.fcbarcelonanoticias.com\\\/en\\\/#\\\/schema\\\/person\\\/3b408513ee236e64c3043ec901f019ee\"},\"description\":\"The players of Valencia have not remained satisfied with the work of Gil Manzano in the party in front of the Bar\u00e7a, in the Camp Nou. Gay\u00e0, captain of the group '...\",\"breadcrumb\":{\"@id\":\"https:\\\/\\\/www.fcbarcelonanoticias.com\\\/en\\\/laliga\\\/gaya-outraged-with-the-arbitration-after-the-barca-valencia_273902_102.html#breadcrumb\"},\"inLanguage\":\"en-US\",\"potentialAction\":[{\"@type\":\"ReadAction\",\"target\":[\"https:\\\/\\\/www.fcbarcelonanoticias.com\\\/en\\\/laliga\\\/gaya-outraged-with-the-arbitration-after-the-barca-valencia_273902_102.html\"]}]},{\"@type\":\"ImageObject\",\"inLanguage\":\"en-US\",\"@id\":\"https:\\\/\\\/www.fcbarcelonanoticias.com\\\/en\\\/laliga\\\/gaya-outraged-with-the-arbitration-after-the-barca-valencia_273902_102.html#primaryimage\",\"url\":\"https:\\\/\\\/www.fcbarcelonanoticias.com\\\/en\\\/wp-content\\\/uploads\\\/sites\\\/2\\\/2021\\\/10\\\/dest-gaya.jpeg\",\"contentUrl\":\"https:\\\/\\\/www.fcbarcelonanoticias.com\\\/en\\\/wp-content\\\/uploads\\\/sites\\\/2\\\/2021\\\/10\\\/dest-gaya.jpeg\",\"width\":1200,\"height\":675},{\"@type\":\"BreadcrumbList\",\"@id\":\"https:\\\/\\\/www.fcbarcelonanoticias.com\\\/en\\\/laliga\\\/gaya-outraged-with-the-arbitration-after-the-barca-valencia_273902_102.html#breadcrumb\",\"itemListElement\":[{\"@type\":\"ListItem\",\"position\":1,\"name\":\"Portada\",\"item\":\"https:\\\/\\\/www.fcbarcelonanoticias.com\\\/en\\\/\"},{\"@type\":\"ListItem\",\"position\":2,\"name\":\"Gay\u00e0, outraged by the refereeing after Bar\u00e7a-Valencia\"}]},{\"@type\":\"WebSite\",\"@id\":\"https:\\\/\\\/www.fcbarcelonanoticias.com\\\/en\\\/#website\",\"url\":\"https:\\\/\\\/www.fcbarcelonanoticias.com\\\/en\\\/\",\"name\":\"EN - FC Barcelona Noticias\",\"description\":\"\",\"potentialAction\":[{\"@type\":\"SearchAction\",\"target\":{\"@type\":\"EntryPoint\",\"urlTemplate\":\"https:\\\/\\\/www.fcbarcelonanoticias.com\\\/en\\\/?s={search_term_string}\"},\"query-input\":{\"@type\":\"PropertyValueSpecification\",\"valueRequired\":true,\"valueName\":\"search_term_string\"}}],\"inLanguage\":\"en-US\"},{\"@type\":\"Person\",\"@id\":\"https:\\\/\\\/www.fcbarcelonanoticias.com\\\/en\\\/#\\\/schema\\\/person\\\/3b408513ee236e64c3043ec901f019ee\",\"name\":\"Paola Guevara\",\"image\":{\"@type\":\"ImageObject\",\"inLanguage\":\"en-US\",\"@id\":\"https:\\\/\\\/secure.gravatar.com\\\/avatar\\\/?s=96&d=mm&r=g\",\"url\":\"https:\\\/\\\/secure.gravatar.com\\\/avatar\\\/?s=96&d=mm&r=g\",\"contentUrl\":\"https:\\\/\\\/secure.gravatar.com\\\/avatar\\\/?s=96&d=mm&r=g\",\"caption\":\"Paola Guevara\"},\"url\":\"https:\\\/\\\/www.fcbarcelonanoticias.com\\\/en\\\/fc-barcelona\\\/paola-guevara_9_115.html\"}]}<\/script>\n<!-- \/ Yoast SEO plugin. -->","yoast_head_json":{"title":"Gay\u00e0, outraged by the refereeing after Bar\u00e7a-Valencia","description":"The players of Valencia have not remained satisfied with the work of Gil Manzano in the party in front of the Bar\u00e7a, in the Camp Nou. Gay\u00e0, captain of the group '...","robots":{"index":"index","follow":"follow","max-snippet":"max-snippet:-1","max-image-preview":"max-image-preview:large","max-video-preview":"max-video-preview:-1"},"canonical":"https:\/\/www.fcbarcelonanoticias.com\/en\/laliga\/gaya-outraged-with-the-arbitration-after-the-barca-valencia_273902_102.html","og_locale":"en_US","og_type":"article","og_title":"Gay\u00e0, outraged by the refereeing after Bar\u00e7a-Valencia","og_description":"The players of Valencia have not remained satisfied with the work of Gil Manzano in the party in front of the Bar\u00e7a, in the Camp Nou. Gay\u00e0, captain of the group '...","og_url":"https:\/\/www.fcbarcelonanoticias.com\/en\/laliga\/gaya-outraged-with-the-arbitration-after-the-barca-valencia_273902_102.html","og_site_name":"EN - FC Barcelona Noticias","article_published_time":"2021-10-18T11:18:00+00:00","article_modified_time":"2021-10-18T11:24:00+00:00","og_image":[{"width":1200,"height":675,"url":"https:\/\/www.fcbarcelonanoticias.com\/en\/wp-content\/uploads\/sites\/2\/2021\/10\/dest-gaya.jpeg","type":"image\/jpeg"}],"author":"Paola Guevara","twitter_card":"summary_large_image","twitter_misc":{"Written by":"Paola Guevara","Est. reading time":"3 minutes"},"schema":{"@context":"https:\/\/schema.org","@graph":[{"@type":"Article","@id":"https:\/\/www.fcbarcelonanoticias.com\/en\/laliga\/gaya-outraged-with-the-arbitration-after-the-barca-valencia_273902_102.html#article","isPartOf":{"@id":"https:\/\/www.fcbarcelonanoticias.com\/en\/laliga\/gaya-outraged-with-the-arbitration-after-the-barca-valencia_273902_102.html"},"author":{"name":"Paola Guevara","@id":"https:\/\/www.fcbarcelonanoticias.com\/en\/#\/schema\/person\/3b408513ee236e64c3043ec901f019ee"},"headline":"Gay\u00e0, outraged by the refereeing after Bar\u00e7a-Valencia","datePublished":"2021-10-18T11:18:00+00:00","dateModified":"2021-10-18T11:24:00+00:00","mainEntityOfPage":{"@id":"https:\/\/www.fcbarcelonanoticias.com\/en\/laliga\/gaya-outraged-with-the-arbitration-after-the-barca-valencia_273902_102.html"},"wordCount":527,"image":{"@id":"https:\/\/www.fcbarcelonanoticias.com\/en\/laliga\/gaya-outraged-with-the-arbitration-after-the-barca-valencia_273902_102.html#primaryimage"},"thumbnailUrl":"https:\/\/www.fcbarcelonanoticias.com\/en\/wp-content\/uploads\/sites\/2\/2021\/10\/dest-gaya.jpeg","keywords":["Referees","Valencia CF","VAR"],"articleSection":["LaLiga","LaLiga"],"inLanguage":"en-US"},{"@type":"WebPage","@id":"https:\/\/www.fcbarcelonanoticias.com\/en\/laliga\/gaya-outraged-with-the-arbitration-after-the-barca-valencia_273902_102.html","url":"https:\/\/www.fcbarcelonanoticias.com\/en\/laliga\/gaya-outraged-with-the-arbitration-after-the-barca-valencia_273902_102.html","name":"Gay\u00e0, outraged by the refereeing after Bar\u00e7a-Valencia","isPartOf":{"@id":"https:\/\/www.fcbarcelonanoticias.com\/en\/#website"},"primaryImageOfPage":{"@id":"https:\/\/www.fcbarcelonanoticias.com\/en\/laliga\/gaya-outraged-with-the-arbitration-after-the-barca-valencia_273902_102.html#primaryimage"},"image":{"@id":"https:\/\/www.fcbarcelonanoticias.com\/en\/laliga\/gaya-outraged-with-the-arbitration-after-the-barca-valencia_273902_102.html#primaryimage"},"thumbnailUrl":"https:\/\/www.fcbarcelonanoticias.com\/en\/wp-content\/uploads\/sites\/2\/2021\/10\/dest-gaya.jpeg","datePublished":"2021-10-18T11:18:00+00:00","dateModified":"2021-10-18T11:24:00+00:00","author":{"@id":"https:\/\/www.fcbarcelonanoticias.com\/en\/#\/schema\/person\/3b408513ee236e64c3043ec901f019ee"},"description":"The players of Valencia have not remained satisfied with the work of Gil Manzano in the party in front of the Bar\u00e7a, in the Camp Nou. Gay\u00e0, captain of the group '...","breadcrumb":{"@id":"https:\/\/www.fcbarcelonanoticias.com\/en\/laliga\/gaya-outraged-with-the-arbitration-after-the-barca-valencia_273902_102.html#breadcrumb"},"inLanguage":"en-US","potentialAction":[{"@type":"ReadAction","target":["https:\/\/www.fcbarcelonanoticias.com\/en\/laliga\/gaya-outraged-with-the-arbitration-after-the-barca-valencia_273902_102.html"]}]},{"@type":"ImageObject","inLanguage":"en-US","@id":"https:\/\/www.fcbarcelonanoticias.com\/en\/laliga\/gaya-outraged-with-the-arbitration-after-the-barca-valencia_273902_102.html#primaryimage","url":"https:\/\/www.fcbarcelonanoticias.com\/en\/wp-content\/uploads\/sites\/2\/2021\/10\/dest-gaya.jpeg","contentUrl":"https:\/\/www.fcbarcelonanoticias.com\/en\/wp-content\/uploads\/sites\/2\/2021\/10\/dest-gaya.jpeg","width":1200,"height":675},{"@type":"BreadcrumbList","@id":"https:\/\/www.fcbarcelonanoticias.com\/en\/laliga\/gaya-outraged-with-the-arbitration-after-the-barca-valencia_273902_102.html#breadcrumb","itemListElement":[{"@type":"ListItem","position":1,"name":"Portada","item":"https:\/\/www.fcbarcelonanoticias.com\/en\/"},{"@type":"ListItem","position":2,"name":"Gay\u00e0, outraged by the refereeing after Bar\u00e7a-Valencia"}]},{"@type":"WebSite","@id":"https:\/\/www.fcbarcelonanoticias.com\/en\/#website","url":"https:\/\/www.fcbarcelonanoticias.com\/en\/","name":"EN - FC Barcelona Noticias","description":"","potentialAction":[{"@type":"SearchAction","target":{"@type":"EntryPoint","urlTemplate":"https:\/\/www.fcbarcelonanoticias.com\/en\/?s={search_term_string}"},"query-input":{"@type":"PropertyValueSpecification","valueRequired":true,"valueName":"search_term_string"}}],"inLanguage":"en-US"},{"@type":"Person","@id":"https:\/\/www.fcbarcelonanoticias.com\/en\/#\/schema\/person\/3b408513ee236e64c3043ec901f019ee","name":"Paola Guevara","image":{"@type":"ImageObject","inLanguage":"en-US","@id":"https:\/\/secure.gravatar.com\/avatar\/?s=96&d=mm&r=g","url":"https:\/\/secure.gravatar.com\/avatar\/?s=96&d=mm&r=g","contentUrl":"https:\/\/secure.gravatar.com\/avatar\/?s=96&d=mm&r=g","caption":"Paola Guevara"},"url":"https:\/\/www.fcbarcelonanoticias.com\/en\/fc-barcelona\/paola-guevara_9_115.html"}]}},"_links":{"self":[{"href":"https:\/\/www.fcbarcelonanoticias.com\/en\/wp-json\/wp\/v2\/posts\/54840","targetHints":{"allow":["GET"]}}],"collection":[{"href":"https:\/\/www.fcbarcelonanoticias.com\/en\/wp-json\/wp\/v2\/posts"}],"about":[{"href":"https:\/\/www.fcbarcelonanoticias.com\/en\/wp-json\/wp\/v2\/types\/post"}],"author":[{"embeddable":true,"href":"https:\/\/www.fcbarcelonanoticias.com\/en\/wp-json\/wp\/v2\/users\/352"}],"replies":[{"embeddable":true,"href":"https:\/\/www.fcbarcelonanoticias.com\/en\/wp-json\/wp\/v2\/comments?post=54840"}],"version-history":[{"count":2,"href":"https:\/\/www.fcbarcelonanoticias.com\/en\/wp-json\/wp\/v2\/posts\/54840\/revisions"}],"predecessor-version":[{"id":54842,"href":"https:\/\/www.fcbarcelonanoticias.com\/en\/wp-json\/wp\/v2\/posts\/54840\/revisions\/54842"}],"wp:featuredmedia":[{"embeddable":true,"href":"https:\/\/www.fcbarcelonanoticias.com\/en\/wp-json\/wp\/v2\/media\/54844"}],"wp:attachment":[{"href":"https:\/\/www.fcbarcelonanoticias.com\/en\/wp-json\/wp\/v2\/media?parent=54840"}],"wp:term":[{"taxonomy":"category","embeddable":true,"href":"https:\/\/www.fcbarcelonanoticias.com\/en\/wp-json\/wp\/v2\/categories?post=54840"},{"taxonomy":"post_tag","embeddable":true,"href":"https:\/\/www.fcbarcelonanoticias.com\/en\/wp-json\/wp\/v2\/tags?post=54840"}],"curies":[{"name":"wp","href":"https:\/\/api.w.org\/{rel}","templated":true}]}}