{"id":54886,"date":"2025-11-11T00:01:00","date_gmt":"2025-11-10T23:01:00","guid":{"rendered":"https:\/\/weisetech.dev\/fc-barcelona-noticias\/en\/frenkie-de-jong-to-miss-barca-athletic-match-due-to-suspension_315240_102\/"},"modified":"2025-11-11T00:01:00","modified_gmt":"2025-11-10T23:01:00","slug":"frenkie-de-jong-to-miss-barca-athletic-match-due-to-suspension_315240_102","status":"publish","type":"post","link":"https:\/\/www.fcbarcelonanoticias.com\/en\/laliga\/frenkie-de-jong-to-miss-barca-athletic-match-due-to-suspension_315240_102.html","title":{"rendered":"Frenkie de Jong: third expulsion with Barcelona and out against Athletic"},"content":{"rendered":"<h2 class=\"wp-block-heading\">Frenkie de Jong was sent off at the end of the match against Celta, for a second yellow card. The Dutchman saw his third red with Bar\u00e7a and will miss Matchday 13, against Athletic<\/h2>  \r\n<div class=\"article-addons\">\r\n    <a href=\"https:\/\/www.fcbarcelonanoticias.com\/en\/calendar-fc-barcelona.html\"\r\n       target=\"_self\"\r\n       title=\"Calendar of FC Barcelona\"\r\n       class=\"blue-gredient-btn\">\r\n       \r\n        Calendar of FC Barcelona    <\/a>\r\n<\/div>   <p><strong>FC Barcelona<\/strong> will not be able to count on <strong>Frenkie de Jong<\/strong> for their next <strong>LaLiga EA Sports 2025\/26<\/strong> match. The 28-year-old midfielder was sent off for two yellow cards in the match <a data-external=\"0\" data-intl-links-en=\"https:\/\/www.fcbarcelonanoticias.com\/en\/laliga\/celta-2-4-barcelona-thrashing-by-catalans-and-3-points-behind-madrid_315230_102.html\" data-intl-links-es=\"https:\/\/www.fcbarcelonanoticias.com\/laliga\/celta-2-4-barcelona-flick-golean-balaidos-quedan-3-puntos-real-madrid_315230_102.html\" href=\"https:\/\/www.fcbarcelonanoticias.com\/en\/laliga\/celta-2-4-barcelona-thrashing-by-catalans-and-3-points-behind-madrid_315230_102.html\" rel=\"follow\" target=\"_self\" title=\"Celta 2-4 Barcelona: los de Flick golean en Bala\u00eddos y quedan a 3 puntos del Real Madrid\">against Celta de Vigo (2-4)<\/a>, both received in the final stretch of the game.<\/p>  <p>The Bar\u00e7a player received the first yellow card in the 79th minute after a slight elbow to an opponent while contesting the ball. Later, in the fourth minute of added time, the main referee <a data-external=\"0\" data-intl-links-en=\"https:\/\/www.fcbarcelonanoticias.com\/en\/laliga\/alberola-rojas-will-referee-celta-barca-match-in-laliga-matchday-12_315216_102.html\" data-intl-links-es=\"https:\/\/www.fcbarcelonanoticias.com\/laliga\/javier-alberola-rojas-arbitro-ultimo-derbi-madrileno-pitara-celta-barca_315216_102.html\" href=\"https:\/\/www.fcbarcelonanoticias.com\/en\/laliga\/alberola-rojas-will-referee-celta-barca-match-in-laliga-matchday-12_315216_102.html\" rel=\"follow\" target=\"_self\" title=\"Javier Alberola Rojas: el \u00e1rbitro del \u00faltimo derbi madrile\u00f1o pitar\u00e1 el Celta-Bar\u00e7a\">Javier Alberola Rojas<\/a> showed him the second yellow for stepping on <strong>Iago Aspas<\/strong>.<\/p>  <p>After the match, <a al=\"\" bueno=\"\" data-external=\"0\" data-intl-links-en=\"https:\/\/www.fcbarcelonanoticias.com\/en\/laliga\/flick-it-good-to-cut-points-from-madrid-before-break_315234_102.html\" data-intl-links-es=\"https:\/\/www.fcbarcelonanoticias.com\/laliga\/flick-satisfecho-con-victoria-barca-vigo-es-bueno-recortar-puntos-madrid_315234_102.html\" es=\"\" href=\"https:\/\/www.fcbarcelonanoticias.com\/en\/laliga\/flick-it-good-to-cut-points-from-madrid-before-break_315234_102.html\" madrid=\"\" puntos=\"\" recortar=\"\" rel=\"follow\" target=\"_self\" title=\"Flick, satisfecho con la victoria del Bar\u00e7a en Vigo: \">Hansi Flick<\/a> lamented his absence against Athletic Club on matchday 13, although he acknowledged Frenkie&#8217;s good work in midfield. &#8220;<strong>He is playing at an incredible level. It&#8217;s not good not to have him in the next game<\/strong>. He is an important player, but we have to manage him,&#8221; argued the Bar\u00e7a coach.<\/p>  <h2>Frenkie suffered his third expulsion at Barcelona, first since 2021<\/h2>  <p>23\/24 was his season with the most cards (10), but the man from Gorinchem <strong>had gone just over four years without being sent off<\/strong> with Barcelona. The last time Frenkie saw a red was on <strong>September 23, 2021<\/strong>, in the goalless draw against <strong>C\u00e1diz<\/strong>.<\/p>  <p>That day, the midfielder received two yellow cards in just four minutes. Previously, he was also punished with two cards against <strong>Espanyol <\/strong>(2-2), in his first season with the Blaugrana team.<strong> On January 4, 2020<\/strong>, De Jong also committed two fouls in an eleven-minute period to end up being sent off.<\/p>  <p>Against Celta, the first yellow card came in the 79th minute, meaning **there were 15 minutes between the two fouls**. As it was an expulsion for a double yellow, the &#8217;21&#8217; will only serve a one-match suspension. In the 25\/26 season, the Dutchman had been cautioned against Sevilla and Girona in the League, but also against Newcastle and PSG in the Champions League.<\/p>  <p>In that regard, the disciplinary aspect will be an area for improvement for a De Jong who is not usually a hard-tackling midfielder. <strong>In his 273 appearances for Bar\u00e7a, he received 40 cards<\/strong>, averaging just 0.14 per game. This year, however, he has already been booked on 6 occasions in just 16 matches<\/p>  <ul> <li>\ud83d\udc49Follow the complete coverage of <a data-external=\"0\" data-intl-links-en=\"https:\/\/www.fcbarcelonanoticias.com\/en\/laliga\" data-intl-links-es=\"https:\/\/www.fcbarcelonanoticias.com\/laliga\" href=\"https:\/\/www.fcbarcelonanoticias.com\/en\/football-soccer\/laliga.html\" rel=\"follow\" target=\"_self\" title=\"LaLiga\">LaLiga EA Sports 2025\/26<\/a>&nbsp;on FC Barcelona Noticias<\/li> <\/ul> <h2>Frenkie de Jong&#8217;s Three Red Cards with Bar\u00e7a<\/h2>  <ol> <li>January 4, 2020: <strong>Espanyol 2-2 Barcelona<\/strong>. Sent off for two yellow cards in the 66th and 75th minutes.<\/li> \t<li>September 23, 2021: <strong>C\u00e1diz 0-0 Barcelona<\/strong>. Sent off for two yellow cards in the 61st and 65th minutes.<\/li> \t<li>November 9, 2025: <strong>Celta 2-4 Barcelona<\/strong>. Sent off for two yellow cards in the 79th and 90+4th minutes.<\/li> <\/ol> ","protected":false},"excerpt":{"rendered":"<p>Frenkie de Jong was sent off at the end of the match against Celta, for a second yellow card. The Dutchman saw his third red with Bar\u00e7a and will miss Matchday 13, against Athletic FC Barcelona will not be able to count on Frenkie de Jong for their next LaLiga EA Sports 2025\/26 match. The [&hellip;]<\/p>\n","protected":false},"author":347,"featured_media":54890,"comment_status":"closed","ping_status":"open","sticky":false,"template":"","format":"standard","meta":{"_acf_changed":false,"inline_featured_image":false,"_nextfly_llmd_date_locked":false,"footnotes":""},"categories":[114,448],"tags":[189,273,190,95],"class_list":["post-54886","post","type-post","status-publish","format-standard","has-post-thumbnail","hentry","category-laliga","category-laliga-2","tag-fc-barcelona-vs-athletic-club","tag-de-jong","tag-referees","tag-rfef"],"acf":[],"yoast_head":"<!-- This site is optimized with the Yoast SEO plugin v27.3 - https:\/\/yoast.com\/product\/yoast-seo-wordpress\/ -->\n<title>Frenkie de Jong to miss Bar\u00e7a-Athletic match due to suspension<\/title>\n<meta name=\"description\" content=\"Frenkie de Jong was sent off towards the end of the match against Celta, for a second yellow card. The Dutchman saw his third red with Bar\u00e7a\" \/>\n<meta name=\"robots\" content=\"index, follow, max-snippet:-1, max-image-preview:large, max-video-preview:-1\" \/>\n<link rel=\"canonical\" href=\"https:\/\/www.fcbarcelonanoticias.com\/en\/laliga\/frenkie-de-jong-to-miss-barca-athletic-match-due-to-suspension_315240_102.html\" \/>\n<meta property=\"og:locale\" content=\"en_US\" \/>\n<meta property=\"og:type\" content=\"article\" \/>\n<meta property=\"og:title\" content=\"Frenkie de Jong to miss Bar\u00e7a-Athletic match due to suspension\" \/>\n<meta property=\"og:description\" content=\"Frenkie de Jong was sent off towards the end of the match against Celta, for a second yellow card. The Dutchman saw his third red with Bar\u00e7a\" \/>\n<meta property=\"og:url\" content=\"https:\/\/www.fcbarcelonanoticias.com\/en\/laliga\/frenkie-de-jong-to-miss-barca-athletic-match-due-to-suspension_315240_102.html\" \/>\n<meta property=\"og:site_name\" content=\"EN - FC Barcelona Noticias\" \/>\n<meta property=\"article:published_time\" content=\"2025-11-10T23:01:00+00:00\" \/>\n<meta property=\"og:image\" content=\"https:\/\/www.fcbarcelonanoticias.com\/en\/wp-content\/uploads\/sites\/2\/2025\/11\/frenkie-de-jong-v-celta-vigo-laliga-1.webp\" \/>\n\t<meta property=\"og:image:width\" content=\"1200\" \/>\n\t<meta property=\"og:image:height\" content=\"675\" \/>\n\t<meta property=\"og:image:type\" content=\"image\/webp\" \/>\n<meta name=\"author\" content=\"Andr\u00e9s Quiroz\" \/>\n<meta name=\"twitter:card\" content=\"summary_large_image\" \/>\n<meta name=\"twitter:label1\" content=\"Written by\" \/>\n\t<meta name=\"twitter:data1\" content=\"Andr\u00e9s Quiroz\" \/>\n\t<meta name=\"twitter:label2\" content=\"Est. reading time\" \/>\n\t<meta name=\"twitter:data2\" content=\"2 minutes\" \/>\n<script type=\"application\/ld+json\" class=\"yoast-schema-graph\">{\"@context\":\"https:\\\/\\\/schema.org\",\"@graph\":[{\"@type\":\"Article\",\"@id\":\"https:\\\/\\\/www.fcbarcelonanoticias.com\\\/en\\\/laliga\\\/frenkie-de-jong-to-miss-barca-athletic-match-due-to-suspension_315240_102.html#article\",\"isPartOf\":{\"@id\":\"https:\\\/\\\/www.fcbarcelonanoticias.com\\\/en\\\/laliga\\\/frenkie-de-jong-to-miss-barca-athletic-match-due-to-suspension_315240_102.html\"},\"author\":{\"name\":\"Andr\u00e9s Quiroz\",\"@id\":\"https:\\\/\\\/www.fcbarcelonanoticias.com\\\/en\\\/#\\\/schema\\\/person\\\/c2cd9f6fa1af5c0d0eccd0fefa575c88\"},\"headline\":\"Frenkie de Jong: third expulsion with Barcelona and out against Athletic\",\"datePublished\":\"2025-11-10T23:01:00+00:00\",\"mainEntityOfPage\":{\"@id\":\"https:\\\/\\\/www.fcbarcelonanoticias.com\\\/en\\\/laliga\\\/frenkie-de-jong-to-miss-barca-athletic-match-due-to-suspension_315240_102.html\"},\"wordCount\":476,\"image\":{\"@id\":\"https:\\\/\\\/www.fcbarcelonanoticias.com\\\/en\\\/laliga\\\/frenkie-de-jong-to-miss-barca-athletic-match-due-to-suspension_315240_102.html#primaryimage\"},\"thumbnailUrl\":\"https:\\\/\\\/www.fcbarcelonanoticias.com\\\/en\\\/wp-content\\\/uploads\\\/sites\\\/2\\\/2025\\\/11\\\/frenkie-de-jong-v-celta-vigo-laliga-1.webp\",\"keywords\":[\"FC Barcelona vs Athletic Club\",\"Frenkie de Jong\",\"Referees\",\"RFEF\"],\"articleSection\":[\"LaLiga\",\"LaLiga\"],\"inLanguage\":\"en-US\"},{\"@type\":\"WebPage\",\"@id\":\"https:\\\/\\\/www.fcbarcelonanoticias.com\\\/en\\\/laliga\\\/frenkie-de-jong-to-miss-barca-athletic-match-due-to-suspension_315240_102.html\",\"url\":\"https:\\\/\\\/www.fcbarcelonanoticias.com\\\/en\\\/laliga\\\/frenkie-de-jong-to-miss-barca-athletic-match-due-to-suspension_315240_102.html\",\"name\":\"Frenkie de Jong to miss Bar\u00e7a-Athletic match due to suspension\",\"isPartOf\":{\"@id\":\"https:\\\/\\\/www.fcbarcelonanoticias.com\\\/en\\\/#website\"},\"primaryImageOfPage\":{\"@id\":\"https:\\\/\\\/www.fcbarcelonanoticias.com\\\/en\\\/laliga\\\/frenkie-de-jong-to-miss-barca-athletic-match-due-to-suspension_315240_102.html#primaryimage\"},\"image\":{\"@id\":\"https:\\\/\\\/www.fcbarcelonanoticias.com\\\/en\\\/laliga\\\/frenkie-de-jong-to-miss-barca-athletic-match-due-to-suspension_315240_102.html#primaryimage\"},\"thumbnailUrl\":\"https:\\\/\\\/www.fcbarcelonanoticias.com\\\/en\\\/wp-content\\\/uploads\\\/sites\\\/2\\\/2025\\\/11\\\/frenkie-de-jong-v-celta-vigo-laliga-1.webp\",\"datePublished\":\"2025-11-10T23:01:00+00:00\",\"author\":{\"@id\":\"https:\\\/\\\/www.fcbarcelonanoticias.com\\\/en\\\/#\\\/schema\\\/person\\\/c2cd9f6fa1af5c0d0eccd0fefa575c88\"},\"description\":\"Frenkie de Jong was sent off towards the end of the match against Celta, for a second yellow card. The Dutchman saw his third red with Bar\u00e7a\",\"breadcrumb\":{\"@id\":\"https:\\\/\\\/www.fcbarcelonanoticias.com\\\/en\\\/laliga\\\/frenkie-de-jong-to-miss-barca-athletic-match-due-to-suspension_315240_102.html#breadcrumb\"},\"inLanguage\":\"en-US\",\"potentialAction\":[{\"@type\":\"ReadAction\",\"target\":[\"https:\\\/\\\/www.fcbarcelonanoticias.com\\\/en\\\/laliga\\\/frenkie-de-jong-to-miss-barca-athletic-match-due-to-suspension_315240_102.html\"]}]},{\"@type\":\"ImageObject\",\"inLanguage\":\"en-US\",\"@id\":\"https:\\\/\\\/www.fcbarcelonanoticias.com\\\/en\\\/laliga\\\/frenkie-de-jong-to-miss-barca-athletic-match-due-to-suspension_315240_102.html#primaryimage\",\"url\":\"https:\\\/\\\/www.fcbarcelonanoticias.com\\\/en\\\/wp-content\\\/uploads\\\/sites\\\/2\\\/2025\\\/11\\\/frenkie-de-jong-v-celta-vigo-laliga-1.webp\",\"contentUrl\":\"https:\\\/\\\/www.fcbarcelonanoticias.com\\\/en\\\/wp-content\\\/uploads\\\/sites\\\/2\\\/2025\\\/11\\\/frenkie-de-jong-v-celta-vigo-laliga-1.webp\",\"width\":1200,\"height\":675},{\"@type\":\"BreadcrumbList\",\"@id\":\"https:\\\/\\\/www.fcbarcelonanoticias.com\\\/en\\\/laliga\\\/frenkie-de-jong-to-miss-barca-athletic-match-due-to-suspension_315240_102.html#breadcrumb\",\"itemListElement\":[{\"@type\":\"ListItem\",\"position\":1,\"name\":\"Portada\",\"item\":\"https:\\\/\\\/www.fcbarcelonanoticias.com\\\/en\\\/\"},{\"@type\":\"ListItem\",\"position\":2,\"name\":\"Frenkie de Jong: third expulsion with Barcelona and out against Athletic\"}]},{\"@type\":\"WebSite\",\"@id\":\"https:\\\/\\\/www.fcbarcelonanoticias.com\\\/en\\\/#website\",\"url\":\"https:\\\/\\\/www.fcbarcelonanoticias.com\\\/en\\\/\",\"name\":\"EN - FC Barcelona Noticias\",\"description\":\"\",\"potentialAction\":[{\"@type\":\"SearchAction\",\"target\":{\"@type\":\"EntryPoint\",\"urlTemplate\":\"https:\\\/\\\/www.fcbarcelonanoticias.com\\\/en\\\/?s={search_term_string}\"},\"query-input\":{\"@type\":\"PropertyValueSpecification\",\"valueRequired\":true,\"valueName\":\"search_term_string\"}}],\"inLanguage\":\"en-US\"},{\"@type\":\"Person\",\"@id\":\"https:\\\/\\\/www.fcbarcelonanoticias.com\\\/en\\\/#\\\/schema\\\/person\\\/c2cd9f6fa1af5c0d0eccd0fefa575c88\",\"name\":\"Andr\u00e9s Quiroz\",\"image\":{\"@type\":\"ImageObject\",\"inLanguage\":\"en-US\",\"@id\":\"https:\\\/\\\/secure.gravatar.com\\\/avatar\\\/?s=96&d=mm&r=g\",\"url\":\"https:\\\/\\\/secure.gravatar.com\\\/avatar\\\/?s=96&d=mm&r=g\",\"contentUrl\":\"https:\\\/\\\/secure.gravatar.com\\\/avatar\\\/?s=96&d=mm&r=g\",\"caption\":\"Andr\u00e9s Quiroz\"},\"description\":\"Licenciado en Periodismo por la Universidad de los Andes. Me encargo de analizar y compartir los contenidos m\u00e1s destacados de la\u00a0actualidad del F\u00fatbol Club Barcelona, Mercado de Fichajes y F\u00fatbol Internacional en FCBN. La informaci\u00f3n es poder, pero tambi\u00e9n conocimiento.\",\"url\":\"https:\\\/\\\/www.fcbarcelonanoticias.com\\\/en\\\/fc-barcelona\\\/andres-quiroz_17_115.html\"}]}<\/script>\n<!-- \/ Yoast SEO plugin. -->","yoast_head_json":{"title":"Frenkie de Jong to miss Bar\u00e7a-Athletic match due to suspension","description":"Frenkie de Jong was sent off towards the end of the match against Celta, for a second yellow card. The Dutchman saw his third red with Bar\u00e7a","robots":{"index":"index","follow":"follow","max-snippet":"max-snippet:-1","max-image-preview":"max-image-preview:large","max-video-preview":"max-video-preview:-1"},"canonical":"https:\/\/www.fcbarcelonanoticias.com\/en\/laliga\/frenkie-de-jong-to-miss-barca-athletic-match-due-to-suspension_315240_102.html","og_locale":"en_US","og_type":"article","og_title":"Frenkie de Jong to miss Bar\u00e7a-Athletic match due to suspension","og_description":"Frenkie de Jong was sent off towards the end of the match against Celta, for a second yellow card. The Dutchman saw his third red with Bar\u00e7a","og_url":"https:\/\/www.fcbarcelonanoticias.com\/en\/laliga\/frenkie-de-jong-to-miss-barca-athletic-match-due-to-suspension_315240_102.html","og_site_name":"EN - FC Barcelona Noticias","article_published_time":"2025-11-10T23:01:00+00:00","og_image":[{"width":1200,"height":675,"url":"https:\/\/www.fcbarcelonanoticias.com\/en\/wp-content\/uploads\/sites\/2\/2025\/11\/frenkie-de-jong-v-celta-vigo-laliga-1.webp","type":"image\/webp"}],"author":"Andr\u00e9s Quiroz","twitter_card":"summary_large_image","twitter_misc":{"Written by":"Andr\u00e9s Quiroz","Est. reading time":"2 minutes"},"schema":{"@context":"https:\/\/schema.org","@graph":[{"@type":"Article","@id":"https:\/\/www.fcbarcelonanoticias.com\/en\/laliga\/frenkie-de-jong-to-miss-barca-athletic-match-due-to-suspension_315240_102.html#article","isPartOf":{"@id":"https:\/\/www.fcbarcelonanoticias.com\/en\/laliga\/frenkie-de-jong-to-miss-barca-athletic-match-due-to-suspension_315240_102.html"},"author":{"name":"Andr\u00e9s Quiroz","@id":"https:\/\/www.fcbarcelonanoticias.com\/en\/#\/schema\/person\/c2cd9f6fa1af5c0d0eccd0fefa575c88"},"headline":"Frenkie de Jong: third expulsion with Barcelona and out against Athletic","datePublished":"2025-11-10T23:01:00+00:00","mainEntityOfPage":{"@id":"https:\/\/www.fcbarcelonanoticias.com\/en\/laliga\/frenkie-de-jong-to-miss-barca-athletic-match-due-to-suspension_315240_102.html"},"wordCount":476,"image":{"@id":"https:\/\/www.fcbarcelonanoticias.com\/en\/laliga\/frenkie-de-jong-to-miss-barca-athletic-match-due-to-suspension_315240_102.html#primaryimage"},"thumbnailUrl":"https:\/\/www.fcbarcelonanoticias.com\/en\/wp-content\/uploads\/sites\/2\/2025\/11\/frenkie-de-jong-v-celta-vigo-laliga-1.webp","keywords":["FC Barcelona vs Athletic Club","Frenkie de Jong","Referees","RFEF"],"articleSection":["LaLiga","LaLiga"],"inLanguage":"en-US"},{"@type":"WebPage","@id":"https:\/\/www.fcbarcelonanoticias.com\/en\/laliga\/frenkie-de-jong-to-miss-barca-athletic-match-due-to-suspension_315240_102.html","url":"https:\/\/www.fcbarcelonanoticias.com\/en\/laliga\/frenkie-de-jong-to-miss-barca-athletic-match-due-to-suspension_315240_102.html","name":"Frenkie de Jong to miss Bar\u00e7a-Athletic match due to suspension","isPartOf":{"@id":"https:\/\/www.fcbarcelonanoticias.com\/en\/#website"},"primaryImageOfPage":{"@id":"https:\/\/www.fcbarcelonanoticias.com\/en\/laliga\/frenkie-de-jong-to-miss-barca-athletic-match-due-to-suspension_315240_102.html#primaryimage"},"image":{"@id":"https:\/\/www.fcbarcelonanoticias.com\/en\/laliga\/frenkie-de-jong-to-miss-barca-athletic-match-due-to-suspension_315240_102.html#primaryimage"},"thumbnailUrl":"https:\/\/www.fcbarcelonanoticias.com\/en\/wp-content\/uploads\/sites\/2\/2025\/11\/frenkie-de-jong-v-celta-vigo-laliga-1.webp","datePublished":"2025-11-10T23:01:00+00:00","author":{"@id":"https:\/\/www.fcbarcelonanoticias.com\/en\/#\/schema\/person\/c2cd9f6fa1af5c0d0eccd0fefa575c88"},"description":"Frenkie de Jong was sent off towards the end of the match against Celta, for a second yellow card. The Dutchman saw his third red with Bar\u00e7a","breadcrumb":{"@id":"https:\/\/www.fcbarcelonanoticias.com\/en\/laliga\/frenkie-de-jong-to-miss-barca-athletic-match-due-to-suspension_315240_102.html#breadcrumb"},"inLanguage":"en-US","potentialAction":[{"@type":"ReadAction","target":["https:\/\/www.fcbarcelonanoticias.com\/en\/laliga\/frenkie-de-jong-to-miss-barca-athletic-match-due-to-suspension_315240_102.html"]}]},{"@type":"ImageObject","inLanguage":"en-US","@id":"https:\/\/www.fcbarcelonanoticias.com\/en\/laliga\/frenkie-de-jong-to-miss-barca-athletic-match-due-to-suspension_315240_102.html#primaryimage","url":"https:\/\/www.fcbarcelonanoticias.com\/en\/wp-content\/uploads\/sites\/2\/2025\/11\/frenkie-de-jong-v-celta-vigo-laliga-1.webp","contentUrl":"https:\/\/www.fcbarcelonanoticias.com\/en\/wp-content\/uploads\/sites\/2\/2025\/11\/frenkie-de-jong-v-celta-vigo-laliga-1.webp","width":1200,"height":675},{"@type":"BreadcrumbList","@id":"https:\/\/www.fcbarcelonanoticias.com\/en\/laliga\/frenkie-de-jong-to-miss-barca-athletic-match-due-to-suspension_315240_102.html#breadcrumb","itemListElement":[{"@type":"ListItem","position":1,"name":"Portada","item":"https:\/\/www.fcbarcelonanoticias.com\/en\/"},{"@type":"ListItem","position":2,"name":"Frenkie de Jong: third expulsion with Barcelona and out against Athletic"}]},{"@type":"WebSite","@id":"https:\/\/www.fcbarcelonanoticias.com\/en\/#website","url":"https:\/\/www.fcbarcelonanoticias.com\/en\/","name":"EN - FC Barcelona Noticias","description":"","potentialAction":[{"@type":"SearchAction","target":{"@type":"EntryPoint","urlTemplate":"https:\/\/www.fcbarcelonanoticias.com\/en\/?s={search_term_string}"},"query-input":{"@type":"PropertyValueSpecification","valueRequired":true,"valueName":"search_term_string"}}],"inLanguage":"en-US"},{"@type":"Person","@id":"https:\/\/www.fcbarcelonanoticias.com\/en\/#\/schema\/person\/c2cd9f6fa1af5c0d0eccd0fefa575c88","name":"Andr\u00e9s Quiroz","image":{"@type":"ImageObject","inLanguage":"en-US","@id":"https:\/\/secure.gravatar.com\/avatar\/?s=96&d=mm&r=g","url":"https:\/\/secure.gravatar.com\/avatar\/?s=96&d=mm&r=g","contentUrl":"https:\/\/secure.gravatar.com\/avatar\/?s=96&d=mm&r=g","caption":"Andr\u00e9s Quiroz"},"description":"Licenciado en Periodismo por la Universidad de los Andes. Me encargo de analizar y compartir los contenidos m\u00e1s destacados de la\u00a0actualidad del F\u00fatbol Club Barcelona, Mercado de Fichajes y F\u00fatbol Internacional en FCBN. La informaci\u00f3n es poder, pero tambi\u00e9n conocimiento.","url":"https:\/\/www.fcbarcelonanoticias.com\/en\/fc-barcelona\/andres-quiroz_17_115.html"}]}},"_links":{"self":[{"href":"https:\/\/www.fcbarcelonanoticias.com\/en\/wp-json\/wp\/v2\/posts\/54886","targetHints":{"allow":["GET"]}}],"collection":[{"href":"https:\/\/www.fcbarcelonanoticias.com\/en\/wp-json\/wp\/v2\/posts"}],"about":[{"href":"https:\/\/www.fcbarcelonanoticias.com\/en\/wp-json\/wp\/v2\/types\/post"}],"author":[{"embeddable":true,"href":"https:\/\/www.fcbarcelonanoticias.com\/en\/wp-json\/wp\/v2\/users\/347"}],"replies":[{"embeddable":true,"href":"https:\/\/www.fcbarcelonanoticias.com\/en\/wp-json\/wp\/v2\/comments?post=54886"}],"version-history":[{"count":1,"href":"https:\/\/www.fcbarcelonanoticias.com\/en\/wp-json\/wp\/v2\/posts\/54886\/revisions"}],"predecessor-version":[{"id":54887,"href":"https:\/\/www.fcbarcelonanoticias.com\/en\/wp-json\/wp\/v2\/posts\/54886\/revisions\/54887"}],"wp:featuredmedia":[{"embeddable":true,"href":"https:\/\/www.fcbarcelonanoticias.com\/en\/wp-json\/wp\/v2\/media\/54890"}],"wp:attachment":[{"href":"https:\/\/www.fcbarcelonanoticias.com\/en\/wp-json\/wp\/v2\/media?parent=54886"}],"wp:term":[{"taxonomy":"category","embeddable":true,"href":"https:\/\/www.fcbarcelonanoticias.com\/en\/wp-json\/wp\/v2\/categories?post=54886"},{"taxonomy":"post_tag","embeddable":true,"href":"https:\/\/www.fcbarcelonanoticias.com\/en\/wp-json\/wp\/v2\/tags?post=54886"}],"curies":[{"name":"wp","href":"https:\/\/api.w.org\/{rel}","templated":true}]}}