{"id":54891,"date":"2024-11-23T21:48:00","date_gmt":"2024-11-23T20:48:00","guid":{"rendered":"https:\/\/weisetech.dev\/fc-barcelona-noticias\/en\/gavi-returns-starting-eleven-fc-barcelona-382-days-later_308822_102\/"},"modified":"2024-11-23T22:07:00","modified_gmt":"2024-11-23T21:07:00","slug":"gavi-returns-starting-eleven-fc-barcelona-382-days-later_308822_102","status":"publish","type":"post","link":"https:\/\/www.fcbarcelonanoticias.com\/en\/laliga\/gavi-returns-starting-eleven-fc-barcelona-382-days-later_308822_102.html","title":{"rendered":"Gavi returns to the starting eleven of FC Barcelona 382 days later!"},"content":{"rendered":"<h2 class=\"wp-block-heading\">One of the most celebrated news of the RC Celta &#8211; FC Barcelona match has been the return of Gavi to the starting eleven of the cul\u00e9 team a year later!<\/h2>  \r\n<div class=\"article-addons\">\r\n    <a href=\"https:\/\/www.fcbarcelonanoticias.com\/en\/calendar-fc-barcelona.html\"\r\n       target=\"_self\"\r\n       title=\"Calendar of FC Barcelona\"\r\n       class=\"blue-gredient-btn\">\r\n       \r\n        Calendar of FC Barcelona    <\/a>\r\n<\/div>   <p><strong><a data-external=\"0\" data-intl-links-en=\"https:\/\/www.fcbarcelonanoticias.com\/en\/laliga\/confirmed-lineups-celta-barcelona-laliga-ea-sports_308820_102.html\" data-intl-links-es=\"https:\/\/www.fcbarcelonanoticias.com\/laliga\/alineaciones-confirmadas-celta-barcelona-laliga-ea-sports_308820_102.html\" href=\"https:\/\/www.fcbarcelonanoticias.com\/en\/laliga\/confirmed-lineups-celta-barcelona-laliga-ea-sports_308820_102.html\" rel=\"follow\" target=\"_self\" title=\"Confirmed lineups for Celta vs Barcelona in LaLiga EA Sports\">Gavi has returned to the starting eleven for FC Barcelona in the match against RC Celta de Vigo<\/a><\/strong>, on matchday 14 of the 2024-25 La Liga. After a year without being part of the starting lineup due to a knee injury, in Bala\u00eddos he has experienced his first under the orders of Hansi Flick.<\/p>  <p>The youth-team player had <strong>not been in a Bar\u00e7a starting lineup since November 7, 2023<\/strong> against Shakhtar in the Champions League, 382 days ago, before he was seriously injured with the Spanish national team. His last LaLiga match was against Real Sociedad at Anoeta on the 4th of the same month.<\/p>  <h3>Gavi&#8217;s minutes until his first start<\/h3>  <p>The midfielder from Seville has been gradually becoming part of the team&#8217;s dynamic after suffering a tear of the anterior cruciate ligament in his right knee and an associated injury to the external meniscus.<\/p>  <p>Until the match against Celta, <strong>Gavi had played a total of 49 minutes<\/strong> spread across the league matches against Sevilla (7&#8242;), in his first comeback, Real Madrid (3&#8242;), Espanyol (5&#8242;) and Real Sociedad (6&#8242;) and in the Champions League matches against Bayern (5&#8242;) and Red Star (22&#8242;).<\/p>  <blockquote class=\"twitter-tweet\"> <p dir=\"ltr\" lang=\"es\">First titularity \ud83d\ude0d <a href=\"https:\/\/t.co\/en\/EKVRjDbeYR\">pic.twitter.com\/ekvrjdbeyr<\/a><\/p> \u2014 FC Barcelona (@FCBarcelona_is) <a href=\"https:\/\/twitter.com\/en\/FCBarcelona_es\/status\/1860409785507610672?ref_src=twsrc%5Etfw\">November 23, 2024<\/a> <\/blockquote> ","protected":false},"excerpt":{"rendered":"<p>One of the most celebrated news of the RC Celta &#8211; FC Barcelona match has been the return of Gavi to the starting eleven of the cul\u00e9 team a year later! Gavi has returned to the starting eleven for FC Barcelona in the match against RC Celta de Vigo, on matchday 14 of the 2024-25 [&hellip;]<\/p>\n","protected":false},"author":351,"featured_media":54896,"comment_status":"closed","ping_status":"open","sticky":false,"template":"","format":"standard","meta":{"_acf_changed":false,"inline_featured_image":false,"_nextfly_llmd_date_locked":false,"footnotes":""},"categories":[448,114],"tags":[201,61],"class_list":["post-54891","post","type-post","status-publish","format-standard","has-post-thumbnail","hentry","category-laliga-2","category-laliga","tag-lineups","tag-fc-barcelona-vs-celta"],"acf":[],"yoast_head":"<!-- This site is optimized with the Yoast SEO plugin v27.3 - https:\/\/yoast.com\/product\/yoast-seo-wordpress\/ -->\n<title>Gavi returns to the starting eleven of FC Barcelona 382 days later!<\/title>\n<meta name=\"description\" content=\"One of the most celebrated news of the RC Celta - FC Barcelona match has been the return of Gavi to the starting eleven of the cul\u00e9 team a year later!\" \/>\n<meta name=\"robots\" content=\"index, follow, max-snippet:-1, max-image-preview:large, max-video-preview:-1\" \/>\n<link rel=\"canonical\" href=\"https:\/\/www.fcbarcelonanoticias.com\/en\/laliga\/gavi-returns-starting-eleven-fc-barcelona-382-days-later_308822_102.html\" \/>\n<meta property=\"og:locale\" content=\"en_US\" \/>\n<meta property=\"og:type\" content=\"article\" \/>\n<meta property=\"og:title\" content=\"Gavi returns to the starting eleven of FC Barcelona 382 days later!\" \/>\n<meta property=\"og:description\" content=\"One of the most celebrated news of the RC Celta - FC Barcelona match has been the return of Gavi to the starting eleven of the cul\u00e9 team a year later!\" \/>\n<meta property=\"og:url\" content=\"https:\/\/www.fcbarcelonanoticias.com\/en\/laliga\/gavi-returns-starting-eleven-fc-barcelona-382-days-later_308822_102.html\" \/>\n<meta property=\"og:site_name\" content=\"EN - FC Barcelona Noticias\" \/>\n<meta property=\"article:published_time\" content=\"2024-11-23T20:48:00+00:00\" \/>\n<meta property=\"article:modified_time\" content=\"2024-11-23T21:07:00+00:00\" \/>\n<meta property=\"og:image\" content=\"https:\/\/www.fcbarcelonanoticias.com\/en\/wp-content\/uploads\/sites\/2\/2024\/11\/gavi-celebra-el-gol-del-barcelona-en-su-primera-titularidad-1.jpeg\" \/>\n\t<meta property=\"og:image:width\" content=\"1250\" \/>\n\t<meta property=\"og:image:height\" content=\"730\" \/>\n\t<meta property=\"og:image:type\" content=\"image\/jpeg\" \/>\n<meta name=\"author\" content=\"David Jim\u00e9nez\" \/>\n<meta name=\"twitter:card\" content=\"summary_large_image\" \/>\n<meta name=\"twitter:label1\" content=\"Written by\" \/>\n\t<meta name=\"twitter:data1\" content=\"David Jim\u00e9nez\" \/>\n\t<meta name=\"twitter:label2\" content=\"Est. reading time\" \/>\n\t<meta name=\"twitter:data2\" content=\"1 minute\" \/>\n<script type=\"application\/ld+json\" class=\"yoast-schema-graph\">{\"@context\":\"https:\\\/\\\/schema.org\",\"@graph\":[{\"@type\":\"Article\",\"@id\":\"https:\\\/\\\/www.fcbarcelonanoticias.com\\\/en\\\/laliga\\\/gavi-returns-starting-eleven-fc-barcelona-382-days-later_308822_102.html#article\",\"isPartOf\":{\"@id\":\"https:\\\/\\\/www.fcbarcelonanoticias.com\\\/en\\\/laliga\\\/gavi-returns-starting-eleven-fc-barcelona-382-days-later_308822_102.html\"},\"author\":{\"name\":\"David Jim\u00e9nez\",\"@id\":\"https:\\\/\\\/www.fcbarcelonanoticias.com\\\/en\\\/#\\\/schema\\\/person\\\/ba19d9de61d41107240dd68c56521ef5\"},\"headline\":\"Gavi returns to the starting eleven of FC Barcelona 382 days later!\",\"datePublished\":\"2024-11-23T20:48:00+00:00\",\"dateModified\":\"2024-11-23T21:07:00+00:00\",\"mainEntityOfPage\":{\"@id\":\"https:\\\/\\\/www.fcbarcelonanoticias.com\\\/en\\\/laliga\\\/gavi-returns-starting-eleven-fc-barcelona-382-days-later_308822_102.html\"},\"wordCount\":238,\"image\":{\"@id\":\"https:\\\/\\\/www.fcbarcelonanoticias.com\\\/en\\\/laliga\\\/gavi-returns-starting-eleven-fc-barcelona-382-days-later_308822_102.html#primaryimage\"},\"thumbnailUrl\":\"https:\\\/\\\/www.fcbarcelonanoticias.com\\\/en\\\/wp-content\\\/uploads\\\/sites\\\/2\\\/2024\\\/11\\\/gavi-celebra-el-gol-del-barcelona-en-su-primera-titularidad-1.jpeg\",\"keywords\":[\"FC Barcelona Lineups\",\"FC Barcelona vs Celta Vigo\"],\"articleSection\":[\"LaLiga\",\"LaLiga\"],\"inLanguage\":\"en-US\"},{\"@type\":\"WebPage\",\"@id\":\"https:\\\/\\\/www.fcbarcelonanoticias.com\\\/en\\\/laliga\\\/gavi-returns-starting-eleven-fc-barcelona-382-days-later_308822_102.html\",\"url\":\"https:\\\/\\\/www.fcbarcelonanoticias.com\\\/en\\\/laliga\\\/gavi-returns-starting-eleven-fc-barcelona-382-days-later_308822_102.html\",\"name\":\"Gavi returns to the starting eleven of FC Barcelona 382 days later!\",\"isPartOf\":{\"@id\":\"https:\\\/\\\/www.fcbarcelonanoticias.com\\\/en\\\/#website\"},\"primaryImageOfPage\":{\"@id\":\"https:\\\/\\\/www.fcbarcelonanoticias.com\\\/en\\\/laliga\\\/gavi-returns-starting-eleven-fc-barcelona-382-days-later_308822_102.html#primaryimage\"},\"image\":{\"@id\":\"https:\\\/\\\/www.fcbarcelonanoticias.com\\\/en\\\/laliga\\\/gavi-returns-starting-eleven-fc-barcelona-382-days-later_308822_102.html#primaryimage\"},\"thumbnailUrl\":\"https:\\\/\\\/www.fcbarcelonanoticias.com\\\/en\\\/wp-content\\\/uploads\\\/sites\\\/2\\\/2024\\\/11\\\/gavi-celebra-el-gol-del-barcelona-en-su-primera-titularidad-1.jpeg\",\"datePublished\":\"2024-11-23T20:48:00+00:00\",\"dateModified\":\"2024-11-23T21:07:00+00:00\",\"author\":{\"@id\":\"https:\\\/\\\/www.fcbarcelonanoticias.com\\\/en\\\/#\\\/schema\\\/person\\\/ba19d9de61d41107240dd68c56521ef5\"},\"description\":\"One of the most celebrated news of the RC Celta - FC Barcelona match has been the return of Gavi to the starting eleven of the cul\u00e9 team a year later!\",\"breadcrumb\":{\"@id\":\"https:\\\/\\\/www.fcbarcelonanoticias.com\\\/en\\\/laliga\\\/gavi-returns-starting-eleven-fc-barcelona-382-days-later_308822_102.html#breadcrumb\"},\"inLanguage\":\"en-US\",\"potentialAction\":[{\"@type\":\"ReadAction\",\"target\":[\"https:\\\/\\\/www.fcbarcelonanoticias.com\\\/en\\\/laliga\\\/gavi-returns-starting-eleven-fc-barcelona-382-days-later_308822_102.html\"]}]},{\"@type\":\"ImageObject\",\"inLanguage\":\"en-US\",\"@id\":\"https:\\\/\\\/www.fcbarcelonanoticias.com\\\/en\\\/laliga\\\/gavi-returns-starting-eleven-fc-barcelona-382-days-later_308822_102.html#primaryimage\",\"url\":\"https:\\\/\\\/www.fcbarcelonanoticias.com\\\/en\\\/wp-content\\\/uploads\\\/sites\\\/2\\\/2024\\\/11\\\/gavi-celebra-el-gol-del-barcelona-en-su-primera-titularidad-1.jpeg\",\"contentUrl\":\"https:\\\/\\\/www.fcbarcelonanoticias.com\\\/en\\\/wp-content\\\/uploads\\\/sites\\\/2\\\/2024\\\/11\\\/gavi-celebra-el-gol-del-barcelona-en-su-primera-titularidad-1.jpeg\",\"width\":1250,\"height\":730},{\"@type\":\"BreadcrumbList\",\"@id\":\"https:\\\/\\\/www.fcbarcelonanoticias.com\\\/en\\\/laliga\\\/gavi-returns-starting-eleven-fc-barcelona-382-days-later_308822_102.html#breadcrumb\",\"itemListElement\":[{\"@type\":\"ListItem\",\"position\":1,\"name\":\"Portada\",\"item\":\"https:\\\/\\\/www.fcbarcelonanoticias.com\\\/en\\\/\"},{\"@type\":\"ListItem\",\"position\":2,\"name\":\"Gavi returns to the starting eleven of FC Barcelona 382 days later!\"}]},{\"@type\":\"WebSite\",\"@id\":\"https:\\\/\\\/www.fcbarcelonanoticias.com\\\/en\\\/#website\",\"url\":\"https:\\\/\\\/www.fcbarcelonanoticias.com\\\/en\\\/\",\"name\":\"EN - FC Barcelona Noticias\",\"description\":\"\",\"potentialAction\":[{\"@type\":\"SearchAction\",\"target\":{\"@type\":\"EntryPoint\",\"urlTemplate\":\"https:\\\/\\\/www.fcbarcelonanoticias.com\\\/en\\\/?s={search_term_string}\"},\"query-input\":{\"@type\":\"PropertyValueSpecification\",\"valueRequired\":true,\"valueName\":\"search_term_string\"}}],\"inLanguage\":\"en-US\"},{\"@type\":\"Person\",\"@id\":\"https:\\\/\\\/www.fcbarcelonanoticias.com\\\/en\\\/#\\\/schema\\\/person\\\/ba19d9de61d41107240dd68c56521ef5\",\"name\":\"David Jim\u00e9nez\",\"image\":{\"@type\":\"ImageObject\",\"inLanguage\":\"en-US\",\"@id\":\"https:\\\/\\\/secure.gravatar.com\\\/avatar\\\/?s=96&d=mm&r=g\",\"url\":\"https:\\\/\\\/secure.gravatar.com\\\/avatar\\\/?s=96&d=mm&r=g\",\"contentUrl\":\"https:\\\/\\\/secure.gravatar.com\\\/avatar\\\/?s=96&d=mm&r=g\",\"caption\":\"David Jim\u00e9nez\"},\"description\":\"Responsable editorial en FC Barcelona Noticias (FCBN).\u00a0Especializado en la actualidad del F\u00fatbol Club Barcelona: partidos, fichajes, an\u00e1lisis t\u00e1ctico y competiciones oficiales. Coordina coberturas, edici\u00f3n y est\u00e1ndares editoriales para garantizar rigor, contexto y verificaci\u00f3n de datos en todos los contenidos. Con gran experiencia en el ecosistema\u00a0digital deportivo, medios de comunicaci\u00f3n\u00a0y gesti\u00f3n de audiencias. Impulsa piezas explicativas, gu\u00edas pr\u00e1cticas y contenidos innovadores de servicio al lector, priorizando fuentes oficiales (F\u00fatbol Club Barcelona, LaLiga, UEFA, RFEF) y contrastes m\u00faltiples. Transparencia editorial: trabajamos conforme a nuestra Pol\u00edtica Editorial y Pol\u00edtica de Correcciones. M\u00e1s informaci\u00f3n sobre el medio en Qui\u00e9nes somos.\",\"url\":\"https:\\\/\\\/www.fcbarcelonanoticias.com\\\/en\\\/fc-barcelona\\\/david-jimenez_7_115.html\"}]}<\/script>\n<!-- \/ Yoast SEO plugin. -->","yoast_head_json":{"title":"Gavi returns to the starting eleven of FC Barcelona 382 days later!","description":"One of the most celebrated news of the RC Celta - FC Barcelona match has been the return of Gavi to the starting eleven of the cul\u00e9 team a year later!","robots":{"index":"index","follow":"follow","max-snippet":"max-snippet:-1","max-image-preview":"max-image-preview:large","max-video-preview":"max-video-preview:-1"},"canonical":"https:\/\/www.fcbarcelonanoticias.com\/en\/laliga\/gavi-returns-starting-eleven-fc-barcelona-382-days-later_308822_102.html","og_locale":"en_US","og_type":"article","og_title":"Gavi returns to the starting eleven of FC Barcelona 382 days later!","og_description":"One of the most celebrated news of the RC Celta - FC Barcelona match has been the return of Gavi to the starting eleven of the cul\u00e9 team a year later!","og_url":"https:\/\/www.fcbarcelonanoticias.com\/en\/laliga\/gavi-returns-starting-eleven-fc-barcelona-382-days-later_308822_102.html","og_site_name":"EN - FC Barcelona Noticias","article_published_time":"2024-11-23T20:48:00+00:00","article_modified_time":"2024-11-23T21:07:00+00:00","og_image":[{"width":1250,"height":730,"url":"https:\/\/www.fcbarcelonanoticias.com\/en\/wp-content\/uploads\/sites\/2\/2024\/11\/gavi-celebra-el-gol-del-barcelona-en-su-primera-titularidad-1.jpeg","type":"image\/jpeg"}],"author":"David Jim\u00e9nez","twitter_card":"summary_large_image","twitter_misc":{"Written by":"David Jim\u00e9nez","Est. reading time":"1 minute"},"schema":{"@context":"https:\/\/schema.org","@graph":[{"@type":"Article","@id":"https:\/\/www.fcbarcelonanoticias.com\/en\/laliga\/gavi-returns-starting-eleven-fc-barcelona-382-days-later_308822_102.html#article","isPartOf":{"@id":"https:\/\/www.fcbarcelonanoticias.com\/en\/laliga\/gavi-returns-starting-eleven-fc-barcelona-382-days-later_308822_102.html"},"author":{"name":"David Jim\u00e9nez","@id":"https:\/\/www.fcbarcelonanoticias.com\/en\/#\/schema\/person\/ba19d9de61d41107240dd68c56521ef5"},"headline":"Gavi returns to the starting eleven of FC Barcelona 382 days later!","datePublished":"2024-11-23T20:48:00+00:00","dateModified":"2024-11-23T21:07:00+00:00","mainEntityOfPage":{"@id":"https:\/\/www.fcbarcelonanoticias.com\/en\/laliga\/gavi-returns-starting-eleven-fc-barcelona-382-days-later_308822_102.html"},"wordCount":238,"image":{"@id":"https:\/\/www.fcbarcelonanoticias.com\/en\/laliga\/gavi-returns-starting-eleven-fc-barcelona-382-days-later_308822_102.html#primaryimage"},"thumbnailUrl":"https:\/\/www.fcbarcelonanoticias.com\/en\/wp-content\/uploads\/sites\/2\/2024\/11\/gavi-celebra-el-gol-del-barcelona-en-su-primera-titularidad-1.jpeg","keywords":["FC Barcelona Lineups","FC Barcelona vs Celta Vigo"],"articleSection":["LaLiga","LaLiga"],"inLanguage":"en-US"},{"@type":"WebPage","@id":"https:\/\/www.fcbarcelonanoticias.com\/en\/laliga\/gavi-returns-starting-eleven-fc-barcelona-382-days-later_308822_102.html","url":"https:\/\/www.fcbarcelonanoticias.com\/en\/laliga\/gavi-returns-starting-eleven-fc-barcelona-382-days-later_308822_102.html","name":"Gavi returns to the starting eleven of FC Barcelona 382 days later!","isPartOf":{"@id":"https:\/\/www.fcbarcelonanoticias.com\/en\/#website"},"primaryImageOfPage":{"@id":"https:\/\/www.fcbarcelonanoticias.com\/en\/laliga\/gavi-returns-starting-eleven-fc-barcelona-382-days-later_308822_102.html#primaryimage"},"image":{"@id":"https:\/\/www.fcbarcelonanoticias.com\/en\/laliga\/gavi-returns-starting-eleven-fc-barcelona-382-days-later_308822_102.html#primaryimage"},"thumbnailUrl":"https:\/\/www.fcbarcelonanoticias.com\/en\/wp-content\/uploads\/sites\/2\/2024\/11\/gavi-celebra-el-gol-del-barcelona-en-su-primera-titularidad-1.jpeg","datePublished":"2024-11-23T20:48:00+00:00","dateModified":"2024-11-23T21:07:00+00:00","author":{"@id":"https:\/\/www.fcbarcelonanoticias.com\/en\/#\/schema\/person\/ba19d9de61d41107240dd68c56521ef5"},"description":"One of the most celebrated news of the RC Celta - FC Barcelona match has been the return of Gavi to the starting eleven of the cul\u00e9 team a year later!","breadcrumb":{"@id":"https:\/\/www.fcbarcelonanoticias.com\/en\/laliga\/gavi-returns-starting-eleven-fc-barcelona-382-days-later_308822_102.html#breadcrumb"},"inLanguage":"en-US","potentialAction":[{"@type":"ReadAction","target":["https:\/\/www.fcbarcelonanoticias.com\/en\/laliga\/gavi-returns-starting-eleven-fc-barcelona-382-days-later_308822_102.html"]}]},{"@type":"ImageObject","inLanguage":"en-US","@id":"https:\/\/www.fcbarcelonanoticias.com\/en\/laliga\/gavi-returns-starting-eleven-fc-barcelona-382-days-later_308822_102.html#primaryimage","url":"https:\/\/www.fcbarcelonanoticias.com\/en\/wp-content\/uploads\/sites\/2\/2024\/11\/gavi-celebra-el-gol-del-barcelona-en-su-primera-titularidad-1.jpeg","contentUrl":"https:\/\/www.fcbarcelonanoticias.com\/en\/wp-content\/uploads\/sites\/2\/2024\/11\/gavi-celebra-el-gol-del-barcelona-en-su-primera-titularidad-1.jpeg","width":1250,"height":730},{"@type":"BreadcrumbList","@id":"https:\/\/www.fcbarcelonanoticias.com\/en\/laliga\/gavi-returns-starting-eleven-fc-barcelona-382-days-later_308822_102.html#breadcrumb","itemListElement":[{"@type":"ListItem","position":1,"name":"Portada","item":"https:\/\/www.fcbarcelonanoticias.com\/en\/"},{"@type":"ListItem","position":2,"name":"Gavi returns to the starting eleven of FC Barcelona 382 days later!"}]},{"@type":"WebSite","@id":"https:\/\/www.fcbarcelonanoticias.com\/en\/#website","url":"https:\/\/www.fcbarcelonanoticias.com\/en\/","name":"EN - FC Barcelona Noticias","description":"","potentialAction":[{"@type":"SearchAction","target":{"@type":"EntryPoint","urlTemplate":"https:\/\/www.fcbarcelonanoticias.com\/en\/?s={search_term_string}"},"query-input":{"@type":"PropertyValueSpecification","valueRequired":true,"valueName":"search_term_string"}}],"inLanguage":"en-US"},{"@type":"Person","@id":"https:\/\/www.fcbarcelonanoticias.com\/en\/#\/schema\/person\/ba19d9de61d41107240dd68c56521ef5","name":"David Jim\u00e9nez","image":{"@type":"ImageObject","inLanguage":"en-US","@id":"https:\/\/secure.gravatar.com\/avatar\/?s=96&d=mm&r=g","url":"https:\/\/secure.gravatar.com\/avatar\/?s=96&d=mm&r=g","contentUrl":"https:\/\/secure.gravatar.com\/avatar\/?s=96&d=mm&r=g","caption":"David Jim\u00e9nez"},"description":"Responsable editorial en FC Barcelona Noticias (FCBN).\u00a0Especializado en la actualidad del F\u00fatbol Club Barcelona: partidos, fichajes, an\u00e1lisis t\u00e1ctico y competiciones oficiales. Coordina coberturas, edici\u00f3n y est\u00e1ndares editoriales para garantizar rigor, contexto y verificaci\u00f3n de datos en todos los contenidos. Con gran experiencia en el ecosistema\u00a0digital deportivo, medios de comunicaci\u00f3n\u00a0y gesti\u00f3n de audiencias. Impulsa piezas explicativas, gu\u00edas pr\u00e1cticas y contenidos innovadores de servicio al lector, priorizando fuentes oficiales (F\u00fatbol Club Barcelona, LaLiga, UEFA, RFEF) y contrastes m\u00faltiples. Transparencia editorial: trabajamos conforme a nuestra Pol\u00edtica Editorial y Pol\u00edtica de Correcciones. M\u00e1s informaci\u00f3n sobre el medio en Qui\u00e9nes somos.","url":"https:\/\/www.fcbarcelonanoticias.com\/en\/fc-barcelona\/david-jimenez_7_115.html"}]}},"_links":{"self":[{"href":"https:\/\/www.fcbarcelonanoticias.com\/en\/wp-json\/wp\/v2\/posts\/54891","targetHints":{"allow":["GET"]}}],"collection":[{"href":"https:\/\/www.fcbarcelonanoticias.com\/en\/wp-json\/wp\/v2\/posts"}],"about":[{"href":"https:\/\/www.fcbarcelonanoticias.com\/en\/wp-json\/wp\/v2\/types\/post"}],"author":[{"embeddable":true,"href":"https:\/\/www.fcbarcelonanoticias.com\/en\/wp-json\/wp\/v2\/users\/351"}],"replies":[{"embeddable":true,"href":"https:\/\/www.fcbarcelonanoticias.com\/en\/wp-json\/wp\/v2\/comments?post=54891"}],"version-history":[{"count":3,"href":"https:\/\/www.fcbarcelonanoticias.com\/en\/wp-json\/wp\/v2\/posts\/54891\/revisions"}],"predecessor-version":[{"id":54894,"href":"https:\/\/www.fcbarcelonanoticias.com\/en\/wp-json\/wp\/v2\/posts\/54891\/revisions\/54894"}],"wp:featuredmedia":[{"embeddable":true,"href":"https:\/\/www.fcbarcelonanoticias.com\/en\/wp-json\/wp\/v2\/media\/54896"}],"wp:attachment":[{"href":"https:\/\/www.fcbarcelonanoticias.com\/en\/wp-json\/wp\/v2\/media?parent=54891"}],"wp:term":[{"taxonomy":"category","embeddable":true,"href":"https:\/\/www.fcbarcelonanoticias.com\/en\/wp-json\/wp\/v2\/categories?post=54891"},{"taxonomy":"post_tag","embeddable":true,"href":"https:\/\/www.fcbarcelonanoticias.com\/en\/wp-json\/wp\/v2\/tags?post=54891"}],"curies":[{"name":"wp","href":"https:\/\/api.w.org\/{rel}","templated":true}]}}