{"id":54971,"date":"2026-01-19T00:48:00","date_gmt":"2026-01-18T23:48:00","guid":{"rendered":"https:\/\/weisetech.dev\/fc-barcelona-noticias\/en\/frenkie-outburst-against-gil-manzano-after-fall-in-anoeta_315788_102\/"},"modified":"2026-01-19T00:48:00","modified_gmt":"2026-01-18T23:48:00","slug":"frenkie-outburst-against-gil-manzano-after-fall-in-anoeta_315788_102","status":"publish","type":"post","link":"https:\/\/www.fcbarcelonanoticias.com\/en\/laliga\/frenkie-outburst-against-gil-manzano-after-fall-in-anoeta_315788_102.html","title":{"rendered":"Frenkie de Jong explodes against Gil Manzano: &#8220;he can&#8217;t behave like that&#8221;"},"content":{"rendered":"<h2 class=\"wp-block-heading\">Frenkie de Jong criticized Jes\u00fas Gil Manzano&#8217;s performance during Real Sociedad-Bar\u00e7a (2-1). Beyond the controversial decisions of the referee from Extremadura, the Bar\u00e7a midfielder criticized the official&#8217;s arrogance on the field<\/h2>  \r\n<div class=\"article-addons\">\r\n    <a href=\"https:\/\/www.fcbarcelonanoticias.com\/en\/calendar-fc-barcelona.html\"\r\n       target=\"_self\"\r\n       title=\"Calendar of FC Barcelona\"\r\n       class=\"blue-gredient-btn\">\r\n       \r\n        Calendar of FC Barcelona    <\/a>\r\n<\/div>   <p><strong>FC Barcelona<\/strong> ended an 11-game winning streak across all competitions on Sunday at Anoeta. In a controversial match, the Blaugrana fell <a data-external=\"0\" data-intl-links-en=\"https:\/\/www.fcbarcelonanoticias.com\/en\/laliga\/var-and-woodwork-sour-fc-barcelona-night-at-anoeta-2-1_315784_102.html\" data-intl-links-es=\"https:\/\/www.fcbarcelonanoticias.com\/laliga\/real-sociedad-2-1-barcelona-var-palos-incendian-laliga-anoeta_315784_102.html\" href=\"https:\/\/www.fcbarcelonanoticias.com\/en\/laliga\/var-and-woodwork-sour-fc-barcelona-night-at-anoeta-2-1_315784_102.html\" rel=\"follow\" target=\"_self\" title=\"Real Sociedad 2-1 Barcelona: the VAR and woodwork ignite LaLiga at Anoeta\">to Real Sociedad (2-1)<\/a> due to bad luck with the woodwork and at least three controversial refereeing decisions in favor of the San Sebastian team.<\/p>  <p>At the end of the match, <strong>Frenkie de Jong<\/strong> spoke with &#8216;DAZN&#8217; about Bar\u00e7a&#8217;s performance and the main referee, <a data-external=\"0\" data-intl-links-en=\"https:\/\/www.fcbarcelonanoticias.com\/en\/laliga\/jesus-gil-manzano-to-referee-real-sociedad-barcelona-laliga-md20_315774_102.html\" data-intl-links-es=\"https:\/\/www.fcbarcelonanoticias.com\/laliga\/jesus-gil-manzano-pitara-real-sociedad-fc-barcelona-jornada-20-laliga_315774_102.html\" href=\"https:\/\/www.fcbarcelonanoticias.com\/en\/laliga\/jesus-gil-manzano-to-referee-real-sociedad-barcelona-laliga-md20_315774_102.html\" rel=\"follow\" target=\"_self\" title=\"Jes\u00fas Gil Manzano pitar\u00e1 el Real Sociedad-Bar\u00e7a de la jornada 20 de LaLiga\">Jes\u00fas Gil Manzano<\/a>. Although the Catalan midfielder was self-critical about his team&#8217;s downfall, he also &#8216;slammed&#8217; the referee from Extremadura, beyond his decisions, for the attitude he showed during the 90 minutes.<\/p>  <p>&#8220;In the end, if it&#8217;s offside, it&#8217;s offside. There&#8217;s no other way. I haven&#8217;t seen it. They told us it wasn&#8217;t. Then I discussed it with the fourth official,&#8221; Frenkie began saying about Bar\u00e7a&#8217;s three disallowed goals, two of them via VAR.<\/p>  <h2>De Jong explodes against Gil Manzano: &#8220;it&#8217;s frustrating&#8221;<\/h2>  <p>In that regard, De Jong, Bar\u00e7a&#8217;s captain at Anoeta, harshly criticized Gil Manzano&#8217;s attitude. According to current protocol, **only the captains can speak with the referee**, but the referee from Extremadura avoided any communication throughout the match on Sunday<\/p>  <blockquote> <p>&#8220;Last year something exactly the same happened here. What I do want to say is that you can&#8217;t even talk to the referee. I&#8217;m the captain and I don&#8217;t understand it. He looks at me with a face like &#8216;I&#8217;m better than you&#8217;. It&#8217;s frustrating. He can&#8217;t behave like that&#8221;<\/p> <\/blockquote>  <p>In the 24\/25 season, Barcelona also lost at Anoeta (1-0) on a matchday affected by a disallowed goal by <a data-external=\"0\" data-intl-links-en=\"https:\/\/www.fcbarcelonanoticias.com\/en\/laliga\/the-robbery-an-annual-var-cancels-lewandowski-s-goal-but-the-images-do-not-match_308523_102.html\" data-intl-links-es=\"https:\/\/www.fcbarcelonanoticias.com\/laliga\/el-robo-ano-var-anula-gol-lewandowski-pero-las-imagenes-no-coinciden_308523_102.html\" href=\"https:\/\/www.fcbarcelonanoticias.com\/en\/laliga\/the-robbery-an-annual-var-cancels-lewandowski-s-goal-but-the-images-do-not-match_308523_102.html\" rel=\"follow\" target=\"_self\" title=\"\u00a1El robo del a\u00f1o! El VAR anula el gol de Lewandowski pero... \u00a1las im\u00e1genes no coinciden!\">Robert Lewandowski<\/a>. This season, <strong>Ferm\u00edn L\u00f3pez<\/strong> and <strong>Lamine Yamal<\/strong> were also unable to celebrate two goals, which were initially legal, but were invalidated &#8216;thanks&#8217; to VAR intervention.<\/p>  <blockquote class=\"twitter-tweet\"> <p dir=\"ltr\" lang=\"es\">\ud83d\udde3\ufe0f Frenkie de Jong: &#8220;Le iba diciendo vigila el tiempo, no ha agregado ni diez segundos y me saca tarjeta&#8221;<a href=\"https:\/\/twitter.com\/en\/hashtag\/LALIGAenDAZN?src=hash&amp;ref_src=twsrc%5Etfw\">#LALIGAenDAZN<\/a> \u26bd <a href=\"https:\/\/t.co\/en\/y7vpA7YzHO\">pic.twitter.com\/y7vpA7YzHO<\/a><\/p> \u2014 DAZN Espa\u00f1a (@DAZN_ES) <a href=\"https:\/\/twitter.com\/en\/DAZN_ES\/status\/2013013758713430448?ref_src=twsrc%5Etfw\">January 18, 2026<\/a> <\/blockquote> <p>The one from Huelva, due to <a data-external=\"0\" data-intl-links-en=\"https:\/\/www.fcbarcelonanoticias.com\/en\/laliga\/controversy-at-anoeta-var-disallows-great-goal-by-fermin-lopez_315783_102.html\" data-intl-links-es=\"https:\/\/www.fcbarcelonanoticias.com\/laliga\/polemica-en-anoeta-gol-anulado-fermin-por-falta-previa-dani-olmo_315783_102.html\" href=\"https:\/\/www.fcbarcelonanoticias.com\/en\/laliga\/controversy-at-anoeta-var-disallows-great-goal-by-fermin-lopez_315783_102.html\" rel=\"follow\" target=\"_self\" title=\"\u00a1Pol\u00e9mica en Anoeta! Gol anulado a Ferm\u00edn por una falta previa de Dani Olmo\">a previous foul by Dani Olmo<\/a> on Take Kubo. The &#8217;10&#8217;s goal, due to <a data-external=\"0\" data-intl-links-en=\"https:\/\/www.fcbarcelonanoticias.com\/en\/laliga\/del-cerro-grande-causes-stir-in-var-2-barca-goals-disallowed_315785_102.html\" data-intl-links-es=\"https:\/\/www.fcbarcelonanoticias.com\/laliga\/del-cerro-grande-lia-var-dos-goles-anulados-barca-convalidado-real-sociedad_315785_102.html\" href=\"https:\/\/www.fcbarcelonanoticias.com\/en\/laliga\/del-cerro-grande-causes-stir-in-var-2-barca-goals-disallowed_315785_102.html\" rel=\"follow\" target=\"_self\" title=\"Del Cerro Grande la l\u00eda en el VAR: dos goles anulados al Bar\u00e7a y uno convalidado a la Real Sociedad\">a millimeter offside<\/a>, where the heel of his right foot was on the offside line. **Mikel Oyarzabal**, for his part, scored the partial 1-0 in an action preceded by an unsanctioned foul by **Jon Aramburu** on Olmo.&nbsp;<\/p>  <h2>Frenkie de Jong, self-critical despite the controversies at Anoeta<\/h2>  <p>However, Frenkie de Jong, while understanding that Bar\u00e7a &#8220;didn&#8217;t deserve to lose,&#8221; also lamented the team&#8217;s bad luck and lack of accuracy in capitalizing on the chances created. **The Catalans took 22 shots, 8 of them on target, but 5 shots hit the post** and another 8 were saved by \u00c1lex Remiro.<\/p>  <p>&#8220;We&#8217;ve missed many chances. That&#8217;s the most disappointing thing. We&#8217;ve played well, the only thing is we haven&#8217;t won. We lacked the ability to convert our chances. Their goalkeeper had a very good game,&#8221; argued the Bar\u00e7a midfielder. Finally, regarding Gil Manzano&#8217;s performance, he added:<\/p>  <blockquote> <p>&#8220;At the end of the match, in added time, I&#8217;m telling him to watch the clock. They take a minute to take a goal kick&#8230; it&#8217;s normal for them to do that. And he didn&#8217;t even add ten more seconds. I think it&#8217;s crazy. I told him that and he gave me a card&#8221;<\/p> <\/blockquote> ","protected":false},"excerpt":{"rendered":"<p>Frenkie de Jong criticized Jes\u00fas Gil Manzano&#8217;s performance during Real Sociedad-Bar\u00e7a (2-1). Beyond the controversial decisions of the referee from Extremadura, the Bar\u00e7a midfielder criticized the official&#8217;s arrogance on the field FC Barcelona ended an 11-game winning streak across all competitions on Sunday at Anoeta. In a controversial match, the Blaugrana fell to Real Sociedad [&hellip;]<\/p>\n","protected":false},"author":353,"featured_media":52320,"comment_status":"closed","ping_status":"open","sticky":false,"template":"","format":"standard","meta":{"_acf_changed":false,"inline_featured_image":false,"_nextfly_llmd_date_locked":false,"footnotes":""},"categories":[448,114],"tags":[83,273,190,194],"class_list":["post-54971","post","type-post","status-publish","format-standard","has-post-thumbnail","hentry","category-laliga-2","category-laliga","tag-fc-barcelona-vs-real-sociedad","tag-de-jong","tag-referees","tag-var"],"acf":[],"yoast_head":"<!-- This site is optimized with the Yoast SEO plugin v27.3 - https:\/\/yoast.com\/product\/yoast-seo-wordpress\/ -->\n<title>Frenkie&#039;s outburst against Gil Manzano after the fall in Anoeta<\/title>\n<meta name=\"description\" content=\"Frenkie de Jong criticized Jes\u00fas Gil Manzano&#039;s performance during Real Sociedad-Bar\u00e7a (2-1). This is what the Dutchman said about the referee from Extremadura\" \/>\n<meta name=\"robots\" content=\"index, follow, max-snippet:-1, max-image-preview:large, max-video-preview:-1\" \/>\n<link rel=\"canonical\" href=\"https:\/\/www.fcbarcelonanoticias.com\/en\/laliga\/frenkie-outburst-against-gil-manzano-after-fall-in-anoeta_315788_102.html\" \/>\n<meta property=\"og:locale\" content=\"en_US\" \/>\n<meta property=\"og:type\" content=\"article\" \/>\n<meta property=\"og:title\" content=\"Frenkie&#039;s outburst against Gil Manzano after the fall in Anoeta\" \/>\n<meta property=\"og:description\" content=\"Frenkie de Jong criticized Jes\u00fas Gil Manzano&#039;s performance during Real Sociedad-Bar\u00e7a (2-1). This is what the Dutchman said about the referee from Extremadura\" \/>\n<meta property=\"og:url\" content=\"https:\/\/www.fcbarcelonanoticias.com\/en\/laliga\/frenkie-outburst-against-gil-manzano-after-fall-in-anoeta_315788_102.html\" \/>\n<meta property=\"og:site_name\" content=\"EN - FC Barcelona Noticias\" \/>\n<meta property=\"article:published_time\" content=\"2026-01-18T23:48:00+00:00\" \/>\n<meta property=\"og:image\" content=\"https:\/\/www.fcbarcelonanoticias.com\/en\/wp-content\/uploads\/sites\/2\/2025\/10\/frenkie-de-jong-v-real-sociedad-laliga-25-26.webp\" \/>\n\t<meta property=\"og:image:width\" content=\"1200\" \/>\n\t<meta property=\"og:image:height\" content=\"675\" \/>\n\t<meta property=\"og:image:type\" content=\"image\/webp\" \/>\n<meta name=\"author\" content=\"FC Barcelona Noticias\" \/>\n<meta name=\"twitter:card\" content=\"summary_large_image\" \/>\n<meta name=\"twitter:label1\" content=\"Written by\" \/>\n\t<meta name=\"twitter:data1\" content=\"FC Barcelona Noticias\" \/>\n\t<meta name=\"twitter:label2\" content=\"Est. reading time\" \/>\n\t<meta name=\"twitter:data2\" content=\"3 minutes\" \/>\n<script type=\"application\/ld+json\" class=\"yoast-schema-graph\">{\"@context\":\"https:\\\/\\\/schema.org\",\"@graph\":[{\"@type\":\"Article\",\"@id\":\"https:\\\/\\\/www.fcbarcelonanoticias.com\\\/en\\\/laliga\\\/frenkie-outburst-against-gil-manzano-after-fall-in-anoeta_315788_102.html#article\",\"isPartOf\":{\"@id\":\"https:\\\/\\\/www.fcbarcelonanoticias.com\\\/en\\\/laliga\\\/frenkie-outburst-against-gil-manzano-after-fall-in-anoeta_315788_102.html\"},\"author\":{\"name\":\"FC Barcelona Noticias\",\"@id\":\"https:\\\/\\\/www.fcbarcelonanoticias.com\\\/en\\\/#\\\/schema\\\/person\\\/0f2810101d27606974cdb8edb54fa54b\"},\"headline\":\"Frenkie de Jong explodes against Gil Manzano: &#8220;he can&#8217;t behave like that&#8221;\",\"datePublished\":\"2026-01-18T23:48:00+00:00\",\"mainEntityOfPage\":{\"@id\":\"https:\\\/\\\/www.fcbarcelonanoticias.com\\\/en\\\/laliga\\\/frenkie-outburst-against-gil-manzano-after-fall-in-anoeta_315788_102.html\"},\"wordCount\":611,\"image\":{\"@id\":\"https:\\\/\\\/www.fcbarcelonanoticias.com\\\/en\\\/laliga\\\/frenkie-outburst-against-gil-manzano-after-fall-in-anoeta_315788_102.html#primaryimage\"},\"thumbnailUrl\":\"https:\\\/\\\/www.fcbarcelonanoticias.com\\\/en\\\/wp-content\\\/uploads\\\/sites\\\/2\\\/2025\\\/10\\\/frenkie-de-jong-v-real-sociedad-laliga-25-26.webp\",\"keywords\":[\"FC Barcelona vs Real Sociedad\",\"Frenkie de Jong\",\"Referees\",\"VAR\"],\"articleSection\":[\"LaLiga\",\"LaLiga\"],\"inLanguage\":\"en-US\"},{\"@type\":\"WebPage\",\"@id\":\"https:\\\/\\\/www.fcbarcelonanoticias.com\\\/en\\\/laliga\\\/frenkie-outburst-against-gil-manzano-after-fall-in-anoeta_315788_102.html\",\"url\":\"https:\\\/\\\/www.fcbarcelonanoticias.com\\\/en\\\/laliga\\\/frenkie-outburst-against-gil-manzano-after-fall-in-anoeta_315788_102.html\",\"name\":\"Frenkie's outburst against Gil Manzano after the fall in Anoeta\",\"isPartOf\":{\"@id\":\"https:\\\/\\\/www.fcbarcelonanoticias.com\\\/en\\\/#website\"},\"primaryImageOfPage\":{\"@id\":\"https:\\\/\\\/www.fcbarcelonanoticias.com\\\/en\\\/laliga\\\/frenkie-outburst-against-gil-manzano-after-fall-in-anoeta_315788_102.html#primaryimage\"},\"image\":{\"@id\":\"https:\\\/\\\/www.fcbarcelonanoticias.com\\\/en\\\/laliga\\\/frenkie-outburst-against-gil-manzano-after-fall-in-anoeta_315788_102.html#primaryimage\"},\"thumbnailUrl\":\"https:\\\/\\\/www.fcbarcelonanoticias.com\\\/en\\\/wp-content\\\/uploads\\\/sites\\\/2\\\/2025\\\/10\\\/frenkie-de-jong-v-real-sociedad-laliga-25-26.webp\",\"datePublished\":\"2026-01-18T23:48:00+00:00\",\"author\":{\"@id\":\"https:\\\/\\\/www.fcbarcelonanoticias.com\\\/en\\\/#\\\/schema\\\/person\\\/0f2810101d27606974cdb8edb54fa54b\"},\"description\":\"Frenkie de Jong criticized Jes\u00fas Gil Manzano's performance during Real Sociedad-Bar\u00e7a (2-1). This is what the Dutchman said about the referee from Extremadura\",\"breadcrumb\":{\"@id\":\"https:\\\/\\\/www.fcbarcelonanoticias.com\\\/en\\\/laliga\\\/frenkie-outburst-against-gil-manzano-after-fall-in-anoeta_315788_102.html#breadcrumb\"},\"inLanguage\":\"en-US\",\"potentialAction\":[{\"@type\":\"ReadAction\",\"target\":[\"https:\\\/\\\/www.fcbarcelonanoticias.com\\\/en\\\/laliga\\\/frenkie-outburst-against-gil-manzano-after-fall-in-anoeta_315788_102.html\"]}]},{\"@type\":\"ImageObject\",\"inLanguage\":\"en-US\",\"@id\":\"https:\\\/\\\/www.fcbarcelonanoticias.com\\\/en\\\/laliga\\\/frenkie-outburst-against-gil-manzano-after-fall-in-anoeta_315788_102.html#primaryimage\",\"url\":\"https:\\\/\\\/www.fcbarcelonanoticias.com\\\/en\\\/wp-content\\\/uploads\\\/sites\\\/2\\\/2025\\\/10\\\/frenkie-de-jong-v-real-sociedad-laliga-25-26.webp\",\"contentUrl\":\"https:\\\/\\\/www.fcbarcelonanoticias.com\\\/en\\\/wp-content\\\/uploads\\\/sites\\\/2\\\/2025\\\/10\\\/frenkie-de-jong-v-real-sociedad-laliga-25-26.webp\",\"width\":1200,\"height\":675},{\"@type\":\"BreadcrumbList\",\"@id\":\"https:\\\/\\\/www.fcbarcelonanoticias.com\\\/en\\\/laliga\\\/frenkie-outburst-against-gil-manzano-after-fall-in-anoeta_315788_102.html#breadcrumb\",\"itemListElement\":[{\"@type\":\"ListItem\",\"position\":1,\"name\":\"Portada\",\"item\":\"https:\\\/\\\/www.fcbarcelonanoticias.com\\\/en\\\/\"},{\"@type\":\"ListItem\",\"position\":2,\"name\":\"Frenkie de Jong explodes against Gil Manzano: &#8220;he can&#8217;t behave like that&#8221;\"}]},{\"@type\":\"WebSite\",\"@id\":\"https:\\\/\\\/www.fcbarcelonanoticias.com\\\/en\\\/#website\",\"url\":\"https:\\\/\\\/www.fcbarcelonanoticias.com\\\/en\\\/\",\"name\":\"EN - FC Barcelona Noticias\",\"description\":\"\",\"potentialAction\":[{\"@type\":\"SearchAction\",\"target\":{\"@type\":\"EntryPoint\",\"urlTemplate\":\"https:\\\/\\\/www.fcbarcelonanoticias.com\\\/en\\\/?s={search_term_string}\"},\"query-input\":{\"@type\":\"PropertyValueSpecification\",\"valueRequired\":true,\"valueName\":\"search_term_string\"}}],\"inLanguage\":\"en-US\"},{\"@type\":\"Person\",\"@id\":\"https:\\\/\\\/www.fcbarcelonanoticias.com\\\/en\\\/#\\\/schema\\\/person\\\/0f2810101d27606974cdb8edb54fa54b\",\"name\":\"FC Barcelona Noticias\",\"image\":{\"@type\":\"ImageObject\",\"inLanguage\":\"en-US\",\"@id\":\"https:\\\/\\\/secure.gravatar.com\\\/avatar\\\/?s=96&d=mm&r=g\",\"url\":\"https:\\\/\\\/secure.gravatar.com\\\/avatar\\\/?s=96&d=mm&r=g\",\"contentUrl\":\"https:\\\/\\\/secure.gravatar.com\\\/avatar\\\/?s=96&d=mm&r=g\",\"caption\":\"FC Barcelona Noticias\"},\"url\":\"https:\\\/\\\/www.fcbarcelonanoticias.com\\\/en\\\/fc-barcelona\\\/fcbn-writing-fc-barcelona-news_6_115.html\"}]}<\/script>\n<!-- \/ Yoast SEO plugin. -->","yoast_head_json":{"title":"Frenkie's outburst against Gil Manzano after the fall in Anoeta","description":"Frenkie de Jong criticized Jes\u00fas Gil Manzano's performance during Real Sociedad-Bar\u00e7a (2-1). This is what the Dutchman said about the referee from Extremadura","robots":{"index":"index","follow":"follow","max-snippet":"max-snippet:-1","max-image-preview":"max-image-preview:large","max-video-preview":"max-video-preview:-1"},"canonical":"https:\/\/www.fcbarcelonanoticias.com\/en\/laliga\/frenkie-outburst-against-gil-manzano-after-fall-in-anoeta_315788_102.html","og_locale":"en_US","og_type":"article","og_title":"Frenkie's outburst against Gil Manzano after the fall in Anoeta","og_description":"Frenkie de Jong criticized Jes\u00fas Gil Manzano's performance during Real Sociedad-Bar\u00e7a (2-1). This is what the Dutchman said about the referee from Extremadura","og_url":"https:\/\/www.fcbarcelonanoticias.com\/en\/laliga\/frenkie-outburst-against-gil-manzano-after-fall-in-anoeta_315788_102.html","og_site_name":"EN - FC Barcelona Noticias","article_published_time":"2026-01-18T23:48:00+00:00","og_image":[{"width":1200,"height":675,"url":"https:\/\/www.fcbarcelonanoticias.com\/en\/wp-content\/uploads\/sites\/2\/2025\/10\/frenkie-de-jong-v-real-sociedad-laliga-25-26.webp","type":"image\/webp"}],"author":"FC Barcelona Noticias","twitter_card":"summary_large_image","twitter_misc":{"Written by":"FC Barcelona Noticias","Est. reading time":"3 minutes"},"schema":{"@context":"https:\/\/schema.org","@graph":[{"@type":"Article","@id":"https:\/\/www.fcbarcelonanoticias.com\/en\/laliga\/frenkie-outburst-against-gil-manzano-after-fall-in-anoeta_315788_102.html#article","isPartOf":{"@id":"https:\/\/www.fcbarcelonanoticias.com\/en\/laliga\/frenkie-outburst-against-gil-manzano-after-fall-in-anoeta_315788_102.html"},"author":{"name":"FC Barcelona Noticias","@id":"https:\/\/www.fcbarcelonanoticias.com\/en\/#\/schema\/person\/0f2810101d27606974cdb8edb54fa54b"},"headline":"Frenkie de Jong explodes against Gil Manzano: &#8220;he can&#8217;t behave like that&#8221;","datePublished":"2026-01-18T23:48:00+00:00","mainEntityOfPage":{"@id":"https:\/\/www.fcbarcelonanoticias.com\/en\/laliga\/frenkie-outburst-against-gil-manzano-after-fall-in-anoeta_315788_102.html"},"wordCount":611,"image":{"@id":"https:\/\/www.fcbarcelonanoticias.com\/en\/laliga\/frenkie-outburst-against-gil-manzano-after-fall-in-anoeta_315788_102.html#primaryimage"},"thumbnailUrl":"https:\/\/www.fcbarcelonanoticias.com\/en\/wp-content\/uploads\/sites\/2\/2025\/10\/frenkie-de-jong-v-real-sociedad-laliga-25-26.webp","keywords":["FC Barcelona vs Real Sociedad","Frenkie de Jong","Referees","VAR"],"articleSection":["LaLiga","LaLiga"],"inLanguage":"en-US"},{"@type":"WebPage","@id":"https:\/\/www.fcbarcelonanoticias.com\/en\/laliga\/frenkie-outburst-against-gil-manzano-after-fall-in-anoeta_315788_102.html","url":"https:\/\/www.fcbarcelonanoticias.com\/en\/laliga\/frenkie-outburst-against-gil-manzano-after-fall-in-anoeta_315788_102.html","name":"Frenkie's outburst against Gil Manzano after the fall in Anoeta","isPartOf":{"@id":"https:\/\/www.fcbarcelonanoticias.com\/en\/#website"},"primaryImageOfPage":{"@id":"https:\/\/www.fcbarcelonanoticias.com\/en\/laliga\/frenkie-outburst-against-gil-manzano-after-fall-in-anoeta_315788_102.html#primaryimage"},"image":{"@id":"https:\/\/www.fcbarcelonanoticias.com\/en\/laliga\/frenkie-outburst-against-gil-manzano-after-fall-in-anoeta_315788_102.html#primaryimage"},"thumbnailUrl":"https:\/\/www.fcbarcelonanoticias.com\/en\/wp-content\/uploads\/sites\/2\/2025\/10\/frenkie-de-jong-v-real-sociedad-laliga-25-26.webp","datePublished":"2026-01-18T23:48:00+00:00","author":{"@id":"https:\/\/www.fcbarcelonanoticias.com\/en\/#\/schema\/person\/0f2810101d27606974cdb8edb54fa54b"},"description":"Frenkie de Jong criticized Jes\u00fas Gil Manzano's performance during Real Sociedad-Bar\u00e7a (2-1). This is what the Dutchman said about the referee from Extremadura","breadcrumb":{"@id":"https:\/\/www.fcbarcelonanoticias.com\/en\/laliga\/frenkie-outburst-against-gil-manzano-after-fall-in-anoeta_315788_102.html#breadcrumb"},"inLanguage":"en-US","potentialAction":[{"@type":"ReadAction","target":["https:\/\/www.fcbarcelonanoticias.com\/en\/laliga\/frenkie-outburst-against-gil-manzano-after-fall-in-anoeta_315788_102.html"]}]},{"@type":"ImageObject","inLanguage":"en-US","@id":"https:\/\/www.fcbarcelonanoticias.com\/en\/laliga\/frenkie-outburst-against-gil-manzano-after-fall-in-anoeta_315788_102.html#primaryimage","url":"https:\/\/www.fcbarcelonanoticias.com\/en\/wp-content\/uploads\/sites\/2\/2025\/10\/frenkie-de-jong-v-real-sociedad-laliga-25-26.webp","contentUrl":"https:\/\/www.fcbarcelonanoticias.com\/en\/wp-content\/uploads\/sites\/2\/2025\/10\/frenkie-de-jong-v-real-sociedad-laliga-25-26.webp","width":1200,"height":675},{"@type":"BreadcrumbList","@id":"https:\/\/www.fcbarcelonanoticias.com\/en\/laliga\/frenkie-outburst-against-gil-manzano-after-fall-in-anoeta_315788_102.html#breadcrumb","itemListElement":[{"@type":"ListItem","position":1,"name":"Portada","item":"https:\/\/www.fcbarcelonanoticias.com\/en\/"},{"@type":"ListItem","position":2,"name":"Frenkie de Jong explodes against Gil Manzano: &#8220;he can&#8217;t behave like that&#8221;"}]},{"@type":"WebSite","@id":"https:\/\/www.fcbarcelonanoticias.com\/en\/#website","url":"https:\/\/www.fcbarcelonanoticias.com\/en\/","name":"EN - FC Barcelona Noticias","description":"","potentialAction":[{"@type":"SearchAction","target":{"@type":"EntryPoint","urlTemplate":"https:\/\/www.fcbarcelonanoticias.com\/en\/?s={search_term_string}"},"query-input":{"@type":"PropertyValueSpecification","valueRequired":true,"valueName":"search_term_string"}}],"inLanguage":"en-US"},{"@type":"Person","@id":"https:\/\/www.fcbarcelonanoticias.com\/en\/#\/schema\/person\/0f2810101d27606974cdb8edb54fa54b","name":"FC Barcelona Noticias","image":{"@type":"ImageObject","inLanguage":"en-US","@id":"https:\/\/secure.gravatar.com\/avatar\/?s=96&d=mm&r=g","url":"https:\/\/secure.gravatar.com\/avatar\/?s=96&d=mm&r=g","contentUrl":"https:\/\/secure.gravatar.com\/avatar\/?s=96&d=mm&r=g","caption":"FC Barcelona Noticias"},"url":"https:\/\/www.fcbarcelonanoticias.com\/en\/fc-barcelona\/fcbn-writing-fc-barcelona-news_6_115.html"}]}},"_links":{"self":[{"href":"https:\/\/www.fcbarcelonanoticias.com\/en\/wp-json\/wp\/v2\/posts\/54971","targetHints":{"allow":["GET"]}}],"collection":[{"href":"https:\/\/www.fcbarcelonanoticias.com\/en\/wp-json\/wp\/v2\/posts"}],"about":[{"href":"https:\/\/www.fcbarcelonanoticias.com\/en\/wp-json\/wp\/v2\/types\/post"}],"author":[{"embeddable":true,"href":"https:\/\/www.fcbarcelonanoticias.com\/en\/wp-json\/wp\/v2\/users\/353"}],"replies":[{"embeddable":true,"href":"https:\/\/www.fcbarcelonanoticias.com\/en\/wp-json\/wp\/v2\/comments?post=54971"}],"version-history":[{"count":1,"href":"https:\/\/www.fcbarcelonanoticias.com\/en\/wp-json\/wp\/v2\/posts\/54971\/revisions"}],"predecessor-version":[{"id":54973,"href":"https:\/\/www.fcbarcelonanoticias.com\/en\/wp-json\/wp\/v2\/posts\/54971\/revisions\/54973"}],"wp:featuredmedia":[{"embeddable":true,"href":"https:\/\/www.fcbarcelonanoticias.com\/en\/wp-json\/wp\/v2\/media\/52320"}],"wp:attachment":[{"href":"https:\/\/www.fcbarcelonanoticias.com\/en\/wp-json\/wp\/v2\/media?parent=54971"}],"wp:term":[{"taxonomy":"category","embeddable":true,"href":"https:\/\/www.fcbarcelonanoticias.com\/en\/wp-json\/wp\/v2\/categories?post=54971"},{"taxonomy":"post_tag","embeddable":true,"href":"https:\/\/www.fcbarcelonanoticias.com\/en\/wp-json\/wp\/v2\/tags?post=54971"}],"curies":[{"name":"wp","href":"https:\/\/api.w.org\/{rel}","templated":true}]}}