{"id":55003,"date":"2024-10-05T23:19:00","date_gmt":"2024-10-05T21:19:00","guid":{"rendered":"https:\/\/weisetech.dev\/fc-barcelona-noticias\/en\/future-vitor-roque-headache-fc-barcelona_307735_102\/"},"modified":"2024-10-05T23:19:00","modified_gmt":"2024-10-05T21:19:00","slug":"future-vitor-roque-headache-fc-barcelona_307735_102","status":"publish","type":"post","link":"https:\/\/www.fcbarcelonanoticias.com\/en\/laliga\/future-vitor-roque-headache-fc-barcelona_307735_102.html","title":{"rendered":"The future of Vitor Roque, a headache for FC Barcelona"},"content":{"rendered":"<h2 class=\"wp-block-heading\">FC Barcelona is beginning to worry about the future of Vitor Roque. The Brazilian has not yet convinced Betis and his transfer is already generating serious doubts for the &#8216;verdiblancos&#8217;<\/h2>  \r\n<div class=\"article-addons\">\r\n    <a href=\"https:\/\/www.fcbarcelonanoticias.com\/en\/calendar-fc-barcelona.html\"\r\n       target=\"_self\"\r\n       title=\"Calendar of FC Barcelona\"\r\n       class=\"blue-gredient-btn\">\r\n       \r\n        Calendar of FC Barcelona    <\/a>\r\n<\/div>   <p>Vitor Roque will face his first decisive match with Real Betis this Sunday. <strong>The forward on loan from FC Barcelona could remain on the bench during the Seville derby<\/strong>, something that could be decisive for his future in the &#8216;green and white&#8217; team. Although &#8216;Tigrinho&#8217; generated many expectations for the fans and the coaching staff, his lack of aim and character is beginning to generate serious doubts about his future in the institution.<\/p>  <p><strong>And, in 6 games (2 as a starter), Tim\u00f3teo&#8217;s man has barely been able to score against Legan\u00e9s<\/strong>. There are 303 minutes in total, with several very weak performances (especially against Getafe and Mallorca) and multiple clear wasted opportunities. Coach Manuel Pellegrini is still confident that, when Vitor manages to gain enough confidence in the area, the goals will begin to arrive, but this process may take longer than the Betic team is in a position to expect.<\/p>  <p><strong>&#8220;He is young, but he had been working in Barcelona for many months without playing and little by little he is getting ready for football. It is more a question of precision than physicality,&#8221;<\/strong> explained the Chilean coach about the Brazilian after the match against Getafe, where played 86 minutes. Betis remains in the middle of the standings, but has barely scored 8 goals in the same number of league games. The lack of a goal is the team&#8217;s main problem and, if Roque cannot do the job, it will be very difficult for him to stay.<\/p>  <h2>Bar\u00e7a begins to worry about Vitor Roque<\/h2>  <p>In that sense, Bar\u00e7a is beginning to fear the return of &#8216;Tigrinho&#8217; much earlier than expected. The cul\u00e9s negotiated his departure on loan for one year plus another optional year, <strong>both with the possibility of a transfer for 25 million euros<\/strong>. Bar\u00e7a, if the sale is closed, reserves 20% of the sporting rights of the former Athl\u00e9tico Paranaense, but the negotiation may come to nothing in the summer of 2025 if, in the end, Vitor fails to complete a good season. The course is just beginning, but the sensations, for now, are not the best for the future.<\/p> ","protected":false},"excerpt":{"rendered":"<p>FC Barcelona is beginning to worry about the future of Vitor Roque. The Brazilian has not yet convinced Betis and his transfer is already generating serious doubts for the &#8216;verdiblancos&#8217; Vitor Roque will face his first decisive match with Real Betis this Sunday. The forward on loan from FC Barcelona could remain on the bench [&hellip;]<\/p>\n","protected":false},"author":347,"featured_media":55006,"comment_status":"closed","ping_status":"open","sticky":false,"template":"","format":"standard","meta":{"_acf_changed":false,"inline_featured_image":false,"_nextfly_llmd_date_locked":false,"footnotes":""},"categories":[114,448],"tags":[63,327],"class_list":["post-55003","post","type-post","status-publish","format-standard","has-post-thumbnail","hentry","category-laliga","category-laliga-2","tag-real-betis","tag-vitor-roque"],"acf":[],"yoast_head":"<!-- This site is optimized with the Yoast SEO plugin v27.3 - https:\/\/yoast.com\/product\/yoast-seo-wordpress\/ -->\n<title>The future of Vitor Roque, a headache for FC Barcelona<\/title>\n<meta name=\"description\" content=\"FC Barcelona is beginning to worry about the future of Vitor Roque. The Brazilian has not yet convinced Betis and his transfer is already generating serious doubts for the &#039;verdiblancos&#039;\" \/>\n<meta name=\"robots\" content=\"index, follow, max-snippet:-1, max-image-preview:large, max-video-preview:-1\" \/>\n<link rel=\"canonical\" href=\"https:\/\/www.fcbarcelonanoticias.com\/en\/laliga\/future-vitor-roque-headache-fc-barcelona_307735_102.html\" \/>\n<meta property=\"og:locale\" content=\"en_US\" \/>\n<meta property=\"og:type\" content=\"article\" \/>\n<meta property=\"og:title\" content=\"The future of Vitor Roque, a headache for FC Barcelona\" \/>\n<meta property=\"og:description\" content=\"FC Barcelona is beginning to worry about the future of Vitor Roque. The Brazilian has not yet convinced Betis and his transfer is already generating serious doubts for the &#039;verdiblancos&#039;\" \/>\n<meta property=\"og:url\" content=\"https:\/\/www.fcbarcelonanoticias.com\/en\/laliga\/future-vitor-roque-headache-fc-barcelona_307735_102.html\" \/>\n<meta property=\"og:site_name\" content=\"EN - FC Barcelona Noticias\" \/>\n<meta property=\"article:published_time\" content=\"2024-10-05T21:19:00+00:00\" \/>\n<meta property=\"og:image\" content=\"https:\/\/www.fcbarcelonanoticias.com\/en\/wp-content\/uploads\/sites\/2\/2024\/10\/vitor-roque-v-getafe.jpeg\" \/>\n\t<meta property=\"og:image:width\" content=\"1250\" \/>\n\t<meta property=\"og:image:height\" content=\"730\" \/>\n\t<meta property=\"og:image:type\" content=\"image\/jpeg\" \/>\n<meta name=\"author\" content=\"Andr\u00e9s Quiroz\" \/>\n<meta name=\"twitter:card\" content=\"summary_large_image\" \/>\n<meta name=\"twitter:label1\" content=\"Written by\" \/>\n\t<meta name=\"twitter:data1\" content=\"Andr\u00e9s Quiroz\" \/>\n\t<meta name=\"twitter:label2\" content=\"Est. reading time\" \/>\n\t<meta name=\"twitter:data2\" content=\"2 minutes\" \/>\n<script type=\"application\/ld+json\" class=\"yoast-schema-graph\">{\"@context\":\"https:\\\/\\\/schema.org\",\"@graph\":[{\"@type\":\"Article\",\"@id\":\"https:\\\/\\\/www.fcbarcelonanoticias.com\\\/en\\\/laliga\\\/future-vitor-roque-headache-fc-barcelona_307735_102.html#article\",\"isPartOf\":{\"@id\":\"https:\\\/\\\/www.fcbarcelonanoticias.com\\\/en\\\/laliga\\\/future-vitor-roque-headache-fc-barcelona_307735_102.html\"},\"author\":{\"name\":\"Andr\u00e9s Quiroz\",\"@id\":\"https:\\\/\\\/www.fcbarcelonanoticias.com\\\/en\\\/#\\\/schema\\\/person\\\/c2cd9f6fa1af5c0d0eccd0fefa575c88\"},\"headline\":\"The future of Vitor Roque, a headache for FC Barcelona\",\"datePublished\":\"2024-10-05T21:19:00+00:00\",\"mainEntityOfPage\":{\"@id\":\"https:\\\/\\\/www.fcbarcelonanoticias.com\\\/en\\\/laliga\\\/future-vitor-roque-headache-fc-barcelona_307735_102.html\"},\"wordCount\":394,\"image\":{\"@id\":\"https:\\\/\\\/www.fcbarcelonanoticias.com\\\/en\\\/laliga\\\/future-vitor-roque-headache-fc-barcelona_307735_102.html#primaryimage\"},\"thumbnailUrl\":\"https:\\\/\\\/www.fcbarcelonanoticias.com\\\/en\\\/wp-content\\\/uploads\\\/sites\\\/2\\\/2024\\\/10\\\/vitor-roque-v-getafe.jpeg\",\"keywords\":[\"Real Betis\",\"Vitor Roque\"],\"articleSection\":[\"LaLiga\",\"LaLiga\"],\"inLanguage\":\"en-US\"},{\"@type\":\"WebPage\",\"@id\":\"https:\\\/\\\/www.fcbarcelonanoticias.com\\\/en\\\/laliga\\\/future-vitor-roque-headache-fc-barcelona_307735_102.html\",\"url\":\"https:\\\/\\\/www.fcbarcelonanoticias.com\\\/en\\\/laliga\\\/future-vitor-roque-headache-fc-barcelona_307735_102.html\",\"name\":\"The future of Vitor Roque, a headache for FC Barcelona\",\"isPartOf\":{\"@id\":\"https:\\\/\\\/www.fcbarcelonanoticias.com\\\/en\\\/#website\"},\"primaryImageOfPage\":{\"@id\":\"https:\\\/\\\/www.fcbarcelonanoticias.com\\\/en\\\/laliga\\\/future-vitor-roque-headache-fc-barcelona_307735_102.html#primaryimage\"},\"image\":{\"@id\":\"https:\\\/\\\/www.fcbarcelonanoticias.com\\\/en\\\/laliga\\\/future-vitor-roque-headache-fc-barcelona_307735_102.html#primaryimage\"},\"thumbnailUrl\":\"https:\\\/\\\/www.fcbarcelonanoticias.com\\\/en\\\/wp-content\\\/uploads\\\/sites\\\/2\\\/2024\\\/10\\\/vitor-roque-v-getafe.jpeg\",\"datePublished\":\"2024-10-05T21:19:00+00:00\",\"author\":{\"@id\":\"https:\\\/\\\/www.fcbarcelonanoticias.com\\\/en\\\/#\\\/schema\\\/person\\\/c2cd9f6fa1af5c0d0eccd0fefa575c88\"},\"description\":\"FC Barcelona is beginning to worry about the future of Vitor Roque. The Brazilian has not yet convinced Betis and his transfer is already generating serious doubts for the 'verdiblancos'\",\"breadcrumb\":{\"@id\":\"https:\\\/\\\/www.fcbarcelonanoticias.com\\\/en\\\/laliga\\\/future-vitor-roque-headache-fc-barcelona_307735_102.html#breadcrumb\"},\"inLanguage\":\"en-US\",\"potentialAction\":[{\"@type\":\"ReadAction\",\"target\":[\"https:\\\/\\\/www.fcbarcelonanoticias.com\\\/en\\\/laliga\\\/future-vitor-roque-headache-fc-barcelona_307735_102.html\"]}]},{\"@type\":\"ImageObject\",\"inLanguage\":\"en-US\",\"@id\":\"https:\\\/\\\/www.fcbarcelonanoticias.com\\\/en\\\/laliga\\\/future-vitor-roque-headache-fc-barcelona_307735_102.html#primaryimage\",\"url\":\"https:\\\/\\\/www.fcbarcelonanoticias.com\\\/en\\\/wp-content\\\/uploads\\\/sites\\\/2\\\/2024\\\/10\\\/vitor-roque-v-getafe.jpeg\",\"contentUrl\":\"https:\\\/\\\/www.fcbarcelonanoticias.com\\\/en\\\/wp-content\\\/uploads\\\/sites\\\/2\\\/2024\\\/10\\\/vitor-roque-v-getafe.jpeg\",\"width\":1250,\"height\":730},{\"@type\":\"BreadcrumbList\",\"@id\":\"https:\\\/\\\/www.fcbarcelonanoticias.com\\\/en\\\/laliga\\\/future-vitor-roque-headache-fc-barcelona_307735_102.html#breadcrumb\",\"itemListElement\":[{\"@type\":\"ListItem\",\"position\":1,\"name\":\"Portada\",\"item\":\"https:\\\/\\\/www.fcbarcelonanoticias.com\\\/en\\\/\"},{\"@type\":\"ListItem\",\"position\":2,\"name\":\"The future of Vitor Roque, a headache for FC Barcelona\"}]},{\"@type\":\"WebSite\",\"@id\":\"https:\\\/\\\/www.fcbarcelonanoticias.com\\\/en\\\/#website\",\"url\":\"https:\\\/\\\/www.fcbarcelonanoticias.com\\\/en\\\/\",\"name\":\"EN - FC Barcelona Noticias\",\"description\":\"\",\"potentialAction\":[{\"@type\":\"SearchAction\",\"target\":{\"@type\":\"EntryPoint\",\"urlTemplate\":\"https:\\\/\\\/www.fcbarcelonanoticias.com\\\/en\\\/?s={search_term_string}\"},\"query-input\":{\"@type\":\"PropertyValueSpecification\",\"valueRequired\":true,\"valueName\":\"search_term_string\"}}],\"inLanguage\":\"en-US\"},{\"@type\":\"Person\",\"@id\":\"https:\\\/\\\/www.fcbarcelonanoticias.com\\\/en\\\/#\\\/schema\\\/person\\\/c2cd9f6fa1af5c0d0eccd0fefa575c88\",\"name\":\"Andr\u00e9s Quiroz\",\"image\":{\"@type\":\"ImageObject\",\"inLanguage\":\"en-US\",\"@id\":\"https:\\\/\\\/secure.gravatar.com\\\/avatar\\\/?s=96&d=mm&r=g\",\"url\":\"https:\\\/\\\/secure.gravatar.com\\\/avatar\\\/?s=96&d=mm&r=g\",\"contentUrl\":\"https:\\\/\\\/secure.gravatar.com\\\/avatar\\\/?s=96&d=mm&r=g\",\"caption\":\"Andr\u00e9s Quiroz\"},\"description\":\"Licenciado en Periodismo por la Universidad de los Andes. Me encargo de analizar y compartir los contenidos m\u00e1s destacados de la\u00a0actualidad del F\u00fatbol Club Barcelona, Mercado de Fichajes y F\u00fatbol Internacional en FCBN. La informaci\u00f3n es poder, pero tambi\u00e9n conocimiento.\",\"url\":\"https:\\\/\\\/www.fcbarcelonanoticias.com\\\/en\\\/fc-barcelona\\\/andres-quiroz_17_115.html\"}]}<\/script>\n<!-- \/ Yoast SEO plugin. -->","yoast_head_json":{"title":"The future of Vitor Roque, a headache for FC Barcelona","description":"FC Barcelona is beginning to worry about the future of Vitor Roque. The Brazilian has not yet convinced Betis and his transfer is already generating serious doubts for the 'verdiblancos'","robots":{"index":"index","follow":"follow","max-snippet":"max-snippet:-1","max-image-preview":"max-image-preview:large","max-video-preview":"max-video-preview:-1"},"canonical":"https:\/\/www.fcbarcelonanoticias.com\/en\/laliga\/future-vitor-roque-headache-fc-barcelona_307735_102.html","og_locale":"en_US","og_type":"article","og_title":"The future of Vitor Roque, a headache for FC Barcelona","og_description":"FC Barcelona is beginning to worry about the future of Vitor Roque. The Brazilian has not yet convinced Betis and his transfer is already generating serious doubts for the 'verdiblancos'","og_url":"https:\/\/www.fcbarcelonanoticias.com\/en\/laliga\/future-vitor-roque-headache-fc-barcelona_307735_102.html","og_site_name":"EN - FC Barcelona Noticias","article_published_time":"2024-10-05T21:19:00+00:00","og_image":[{"width":1250,"height":730,"url":"https:\/\/www.fcbarcelonanoticias.com\/en\/wp-content\/uploads\/sites\/2\/2024\/10\/vitor-roque-v-getafe.jpeg","type":"image\/jpeg"}],"author":"Andr\u00e9s Quiroz","twitter_card":"summary_large_image","twitter_misc":{"Written by":"Andr\u00e9s Quiroz","Est. reading time":"2 minutes"},"schema":{"@context":"https:\/\/schema.org","@graph":[{"@type":"Article","@id":"https:\/\/www.fcbarcelonanoticias.com\/en\/laliga\/future-vitor-roque-headache-fc-barcelona_307735_102.html#article","isPartOf":{"@id":"https:\/\/www.fcbarcelonanoticias.com\/en\/laliga\/future-vitor-roque-headache-fc-barcelona_307735_102.html"},"author":{"name":"Andr\u00e9s Quiroz","@id":"https:\/\/www.fcbarcelonanoticias.com\/en\/#\/schema\/person\/c2cd9f6fa1af5c0d0eccd0fefa575c88"},"headline":"The future of Vitor Roque, a headache for FC Barcelona","datePublished":"2024-10-05T21:19:00+00:00","mainEntityOfPage":{"@id":"https:\/\/www.fcbarcelonanoticias.com\/en\/laliga\/future-vitor-roque-headache-fc-barcelona_307735_102.html"},"wordCount":394,"image":{"@id":"https:\/\/www.fcbarcelonanoticias.com\/en\/laliga\/future-vitor-roque-headache-fc-barcelona_307735_102.html#primaryimage"},"thumbnailUrl":"https:\/\/www.fcbarcelonanoticias.com\/en\/wp-content\/uploads\/sites\/2\/2024\/10\/vitor-roque-v-getafe.jpeg","keywords":["Real Betis","Vitor Roque"],"articleSection":["LaLiga","LaLiga"],"inLanguage":"en-US"},{"@type":"WebPage","@id":"https:\/\/www.fcbarcelonanoticias.com\/en\/laliga\/future-vitor-roque-headache-fc-barcelona_307735_102.html","url":"https:\/\/www.fcbarcelonanoticias.com\/en\/laliga\/future-vitor-roque-headache-fc-barcelona_307735_102.html","name":"The future of Vitor Roque, a headache for FC Barcelona","isPartOf":{"@id":"https:\/\/www.fcbarcelonanoticias.com\/en\/#website"},"primaryImageOfPage":{"@id":"https:\/\/www.fcbarcelonanoticias.com\/en\/laliga\/future-vitor-roque-headache-fc-barcelona_307735_102.html#primaryimage"},"image":{"@id":"https:\/\/www.fcbarcelonanoticias.com\/en\/laliga\/future-vitor-roque-headache-fc-barcelona_307735_102.html#primaryimage"},"thumbnailUrl":"https:\/\/www.fcbarcelonanoticias.com\/en\/wp-content\/uploads\/sites\/2\/2024\/10\/vitor-roque-v-getafe.jpeg","datePublished":"2024-10-05T21:19:00+00:00","author":{"@id":"https:\/\/www.fcbarcelonanoticias.com\/en\/#\/schema\/person\/c2cd9f6fa1af5c0d0eccd0fefa575c88"},"description":"FC Barcelona is beginning to worry about the future of Vitor Roque. The Brazilian has not yet convinced Betis and his transfer is already generating serious doubts for the 'verdiblancos'","breadcrumb":{"@id":"https:\/\/www.fcbarcelonanoticias.com\/en\/laliga\/future-vitor-roque-headache-fc-barcelona_307735_102.html#breadcrumb"},"inLanguage":"en-US","potentialAction":[{"@type":"ReadAction","target":["https:\/\/www.fcbarcelonanoticias.com\/en\/laliga\/future-vitor-roque-headache-fc-barcelona_307735_102.html"]}]},{"@type":"ImageObject","inLanguage":"en-US","@id":"https:\/\/www.fcbarcelonanoticias.com\/en\/laliga\/future-vitor-roque-headache-fc-barcelona_307735_102.html#primaryimage","url":"https:\/\/www.fcbarcelonanoticias.com\/en\/wp-content\/uploads\/sites\/2\/2024\/10\/vitor-roque-v-getafe.jpeg","contentUrl":"https:\/\/www.fcbarcelonanoticias.com\/en\/wp-content\/uploads\/sites\/2\/2024\/10\/vitor-roque-v-getafe.jpeg","width":1250,"height":730},{"@type":"BreadcrumbList","@id":"https:\/\/www.fcbarcelonanoticias.com\/en\/laliga\/future-vitor-roque-headache-fc-barcelona_307735_102.html#breadcrumb","itemListElement":[{"@type":"ListItem","position":1,"name":"Portada","item":"https:\/\/www.fcbarcelonanoticias.com\/en\/"},{"@type":"ListItem","position":2,"name":"The future of Vitor Roque, a headache for FC Barcelona"}]},{"@type":"WebSite","@id":"https:\/\/www.fcbarcelonanoticias.com\/en\/#website","url":"https:\/\/www.fcbarcelonanoticias.com\/en\/","name":"EN - FC Barcelona Noticias","description":"","potentialAction":[{"@type":"SearchAction","target":{"@type":"EntryPoint","urlTemplate":"https:\/\/www.fcbarcelonanoticias.com\/en\/?s={search_term_string}"},"query-input":{"@type":"PropertyValueSpecification","valueRequired":true,"valueName":"search_term_string"}}],"inLanguage":"en-US"},{"@type":"Person","@id":"https:\/\/www.fcbarcelonanoticias.com\/en\/#\/schema\/person\/c2cd9f6fa1af5c0d0eccd0fefa575c88","name":"Andr\u00e9s Quiroz","image":{"@type":"ImageObject","inLanguage":"en-US","@id":"https:\/\/secure.gravatar.com\/avatar\/?s=96&d=mm&r=g","url":"https:\/\/secure.gravatar.com\/avatar\/?s=96&d=mm&r=g","contentUrl":"https:\/\/secure.gravatar.com\/avatar\/?s=96&d=mm&r=g","caption":"Andr\u00e9s Quiroz"},"description":"Licenciado en Periodismo por la Universidad de los Andes. Me encargo de analizar y compartir los contenidos m\u00e1s destacados de la\u00a0actualidad del F\u00fatbol Club Barcelona, Mercado de Fichajes y F\u00fatbol Internacional en FCBN. La informaci\u00f3n es poder, pero tambi\u00e9n conocimiento.","url":"https:\/\/www.fcbarcelonanoticias.com\/en\/fc-barcelona\/andres-quiroz_17_115.html"}]}},"_links":{"self":[{"href":"https:\/\/www.fcbarcelonanoticias.com\/en\/wp-json\/wp\/v2\/posts\/55003","targetHints":{"allow":["GET"]}}],"collection":[{"href":"https:\/\/www.fcbarcelonanoticias.com\/en\/wp-json\/wp\/v2\/posts"}],"about":[{"href":"https:\/\/www.fcbarcelonanoticias.com\/en\/wp-json\/wp\/v2\/types\/post"}],"author":[{"embeddable":true,"href":"https:\/\/www.fcbarcelonanoticias.com\/en\/wp-json\/wp\/v2\/users\/347"}],"replies":[{"embeddable":true,"href":"https:\/\/www.fcbarcelonanoticias.com\/en\/wp-json\/wp\/v2\/comments?post=55003"}],"version-history":[{"count":2,"href":"https:\/\/www.fcbarcelonanoticias.com\/en\/wp-json\/wp\/v2\/posts\/55003\/revisions"}],"predecessor-version":[{"id":55005,"href":"https:\/\/www.fcbarcelonanoticias.com\/en\/wp-json\/wp\/v2\/posts\/55003\/revisions\/55005"}],"wp:featuredmedia":[{"embeddable":true,"href":"https:\/\/www.fcbarcelonanoticias.com\/en\/wp-json\/wp\/v2\/media\/55006"}],"wp:attachment":[{"href":"https:\/\/www.fcbarcelonanoticias.com\/en\/wp-json\/wp\/v2\/media?parent=55003"}],"wp:term":[{"taxonomy":"category","embeddable":true,"href":"https:\/\/www.fcbarcelonanoticias.com\/en\/wp-json\/wp\/v2\/categories?post=55003"},{"taxonomy":"post_tag","embeddable":true,"href":"https:\/\/www.fcbarcelonanoticias.com\/en\/wp-json\/wp\/v2\/tags?post=55003"}],"curies":[{"name":"wp","href":"https:\/\/api.w.org\/{rel}","templated":true}]}}