{"id":55363,"date":"2024-12-04T01:15:00","date_gmt":"2024-12-04T00:15:00","guid":{"rendered":"https:\/\/weisetech.dev\/fc-barcelona-noticias\/en\/golden-shock-pau-victor-sealed-the-cule-little-hand-against-mallorca-with-his-2nd-goal-of-the-season_309053_102\/"},"modified":"2024-12-04T01:16:00","modified_gmt":"2024-12-04T00:16:00","slug":"golden-shock-pau-victor-sealed-the-cule-little-hand-against-mallorca-with-his-2nd-goal-of-the-season_309053_102","status":"publish","type":"post","link":"https:\/\/www.fcbarcelonanoticias.com\/en\/laliga\/golden-shock-pau-victor-sealed-the-cule-little-hand-against-mallorca-with-his-2nd-goal-of-the-season_309053_102.html","title":{"rendered":"Pau V\u00edctor sealed the cul\u00e9&#8217;s &#8216;little hand&#8217; against Mallorca with his 2nd goal of the season"},"content":{"rendered":"<h2 class=\"wp-block-heading\">Pau V\u00edctor once again took advantage of the opportunity that Hansi Flick gave him to add minutes. The striker scored the goal that sealed Bar\u00e7a&#8217;s victory over RCD Mallorca in San Moix<\/h2>  \r\n<div class=\"article-addons\">\r\n    <a href=\"https:\/\/www.fcbarcelonanoticias.com\/en\/calendar-fc-barcelona.html\"\r\n       target=\"_self\"\r\n       title=\"Calendar of FC Barcelona\"\r\n       class=\"blue-gredient-btn\">\r\n       \r\n        Calendar of FC Barcelona    <\/a>\r\n<\/div>   <p><strong>Pau V\u00edctor<\/strong> shone once again in the <strong>FC Barcelona<\/strong> shirt, why? Because the forward, a native of Sant Cugat del Vall\u00e9s, <strong>found the back of the net once more with the Blaugrana team<\/strong>, scoring his second goal of the 2024-25 season in <a data-external=\"0\" data-intl-links-en=\"https:\/\/www.fcbarcelonanoticias.com\/en\/laliga\/barca-enjoy-themselves-and-score-against-mallorca-to-win-again-in-laliga-1-5_309039_102.html\" data-intl-links-es=\"https:\/\/www.fcbarcelonanoticias.com\/laliga\/barca-se-gusta-golea-mallorca-volver-vencer-en-laliga-1-5_309039_102.html\" href=\"https:\/\/www.fcbarcelonanoticias.com\/en\/futbol\/laliga\/barca-se-gusta-golea-mallorca-volver-vencer-en-laliga-1-5_309039_102.html\" rel=\"follow\" target=\"_self\" title=\"Bar\u00e7a enjoys themselves and scores against Mallorca to win again in LaLiga (1-5)\">the resounding victory against RCD Mallorca (1-5) at San Moix<\/a>, capably utilizing the 17 minutes of action provided by <strong>Hansi Flick<\/strong> against the Mallorcan side.<\/p>  <p><strong>Pau V\u00edctor<\/strong>, relegated to a substitute role due to the presence of a <strong>Robert Lewandowski<\/strong> who rarely leaves the starting eleven under <strong>Hansi Flick<\/strong>, being the undisputed starter in the number 9 position, entered the match against <strong>RCD Mallorca<\/strong> in the 73rd minute, with the score at 1-2 in favor of <strong>Barcelona<\/strong>, having a considerable amount of playing time ahead of him that he hadn&#8217;t seen in a while.<\/p>  <p>It&#8217;s worth noting that his last significant opportunity to showcase his football was almost a month ago, on November 6, when he played for 12 minutes against Red Star Belgrade in the <strong>UEFA Champions League<\/strong>. Subsequently, he made brief appearances against <strong>Real Sociedad<\/strong>, <strong>Celta de Vigo<\/strong>, and <strong>UD Las Palmas<\/strong>, where he barely played a minute in each match, almost residual performances.<\/p>  <h3>Pau V\u00edctor showed a keen goal-scoring instinct against Mallorca<\/h3>  <p>This time, <strong>Pau V\u00edctor<\/strong> responded remarkably to <strong>Hansi Flick<\/strong>&#8216;s trust, demonstrating how a striker knows how to do it better. How? By effectively converting the only clear opportunity he had into a goal. In the 84th minute, the forward <a data-external=\"0\" data-intl-links-en=\"https:\/\/www.fcbarcelonanoticias.com\/en\/laliga\/he-seeks-to-vindicate-himself-frenkie-jong-adds-his-first-goal-and-assist-of-the-season-for-barca_309051_102.html\" data-intl-links-es=\"https:\/\/www.fcbarcelonanoticias.com\/laliga\/busca-reivindicarse-frenkie-jong-suma-su-primer-gol-asistencia-temporada-con-barca_309051_102.html\" href=\"https:\/\/www.fcbarcelonanoticias.com\/en\/laliga\/busca-reivindicarse-frenkie-jong-suma-su-primer-gol-asistencia-temporada-con-barca_309051_102.html\" rel=\"follow\" target=\"_self\" title=\"Seeking to vindicate himself! Frenkie de Jong scores his first goal and assist of the season for Bar\u00e7a\">converted a pass from Frenkie de Jong into a goal<\/a>, after the Dutchman received the ball on the right side of the area and sent a cross to the heart of it, where the &#8217;18&#8217; was waiting. With a powerful left-footed shot, the ball found the back of the net, eluding <strong>Leo Rom\u00e1n<\/strong>&#8216;s attempt to stop it.<\/p>  <blockquote class=\"twitter-tweet\" data-media-max-width=\"560\"> <p dir=\"ltr\" lang=\"in\">Barcelona scores 3 goals in 10 minutes! <a href=\"https:\/\/t.co\/en\/PO2mQjWxwl\">pic.twitter.com\/PO2mQjWxwl<\/a><\/p> \u2014 S Sport Plus (@ssportplustr) <a href=\"https:\/\/twitter.com\/en\/ssportplustr\/status\/1864033390397186119?ref_src=twsrc%5Etfw\">December 3, 2024<\/a> <\/blockquote> <h3>Pau V\u00edctor&#8217;s statements after Barcelona&#8217;s victory against RCD Mallorca<\/h3>  <p>That was <strong>Pau V\u00edctor<\/strong>&#8216;s most outstanding performance against <strong>RCD Mallorca<\/strong>, a brief period of time that the forward maximized. Now, the Sant Cugat del Vall\u00e9s native did not miss the opportunity to express his positive feelings about his performance to &#8216;Esport3&#8217; microphones after the match. &#8220;<strong>I&#8217;m very confident, I feel good physically<\/strong>. The minutes that the coach gives me, I will always be there to make the most of them, whether it&#8217;s one minute or 90,&#8221; the &#8217;18&#8217; commented.<\/p>  <p>Furthermore, Pau V\u00edctor praised <strong>Robert Lewandowski<\/strong>, with whom he competes for the center forward position, seeing him as a role model to perfect himself as a goal scorer in the box. &#8220;When you have the best striker in the world as your competition, it&#8217;s difficult to get playing time, but I try to learn a lot from him every day and make the most of the opportunities I&#8217;m given,&#8221; he emphasized.<\/p>  <p>Finally, <strong>Pau V\u00edctor<\/strong> also had the chance to talk about the management of the dressing room being carried out by <strong>Hansi Flick<\/strong>, expressing his satisfaction with how the German coach is handling the team. &#8220;<strong>It&#8217;s a great virtue he has, I think he is a very, very good coach, and he has us all at 100%<\/strong>. It&#8217;s sometimes not entirely easy because those who don&#8217;t play are sometimes more upset or find it harder to stay focused, but this is a very united dressing room, where we all move as one and want to contribute in any way we can,&#8221; he concluded.<\/p> ","protected":false},"excerpt":{"rendered":"<p>Pau V\u00edctor once again took advantage of the opportunity that Hansi Flick gave him to add minutes. The striker scored the goal that sealed Bar\u00e7a&#8217;s victory over RCD Mallorca in San Moix Pau V\u00edctor shone once again in the FC Barcelona shirt, why? Because the forward, a native of Sant Cugat del Vall\u00e9s, found the [&hellip;]<\/p>\n","protected":false},"author":355,"featured_media":116125,"comment_status":"closed","ping_status":"open","sticky":false,"template":"","format":"standard","meta":{"_acf_changed":false,"inline_featured_image":false,"_nextfly_llmd_date_locked":false,"footnotes":""},"categories":[114,448],"tags":[45],"class_list":["post-55363","post","type-post","status-publish","format-standard","has-post-thumbnail","hentry","category-laliga","category-laliga-2","tag-fc-barcelona-vs-mallorca"],"acf":[],"yoast_head":"<!-- This site is optimized with the Yoast SEO plugin v27.3 - https:\/\/yoast.com\/product\/yoast-seo-wordpress\/ -->\n<title>Golden shock! Pau V\u00edctor sealed the cul\u00e9&#039;s &#039;little hand&#039; against Mallorca with his 2nd goal of the season<\/title>\n<meta name=\"description\" content=\"Pau V\u00edctor once again took advantage of the opportunity that Hansi Flick gave him to add minutes. The striker scored the goal that sealed Bar\u00e7a&#039;s victory over RCD Mallorca in San Moix\" \/>\n<meta name=\"robots\" content=\"index, follow, max-snippet:-1, max-image-preview:large, max-video-preview:-1\" \/>\n<link rel=\"canonical\" href=\"https:\/\/www.fcbarcelonanoticias.com\/en\/laliga\/golden-shock-pau-victor-sealed-the-cule-little-hand-against-mallorca-with-his-2nd-goal-of-the-season_309053_102.html\" \/>\n<meta property=\"og:locale\" content=\"en_US\" \/>\n<meta property=\"og:type\" content=\"article\" \/>\n<meta property=\"og:title\" content=\"Golden shock! Pau V\u00edctor sealed the cul\u00e9&#039;s &#039;little hand&#039; against Mallorca with his 2nd goal of the season\" \/>\n<meta property=\"og:description\" content=\"Pau V\u00edctor once again took advantage of the opportunity that Hansi Flick gave him to add minutes. The striker scored the goal that sealed Bar\u00e7a&#039;s victory over RCD Mallorca in San Moix\" \/>\n<meta property=\"og:url\" content=\"https:\/\/www.fcbarcelonanoticias.com\/en\/laliga\/golden-shock-pau-victor-sealed-the-cule-little-hand-against-mallorca-with-his-2nd-goal-of-the-season_309053_102.html\" \/>\n<meta property=\"og:site_name\" content=\"EN - FC Barcelona Noticias\" \/>\n<meta property=\"article:published_time\" content=\"2024-12-04T00:15:00+00:00\" \/>\n<meta property=\"article:modified_time\" content=\"2024-12-04T00:16:00+00:00\" \/>\n<meta property=\"og:image\" content=\"https:\/\/www.fcbarcelonanoticias.com\/en\/wp-content\/uploads\/sites\/2\/2024\/12\/pau-victor-celebrando-su-anotacion-en-eln-duelo-entre-el-fc-barcelona-y-el-rcd-mallorca-en-laliga-ea-sports-2024-25-1.jpeg\" \/>\n\t<meta property=\"og:image:width\" content=\"1200\" \/>\n\t<meta property=\"og:image:height\" content=\"675\" \/>\n\t<meta property=\"og:image:type\" content=\"image\/jpeg\" \/>\n<meta name=\"author\" content=\"Kevin G\u00f3mez\" \/>\n<meta name=\"twitter:card\" content=\"summary_large_image\" \/>\n<meta name=\"twitter:label1\" content=\"Written by\" \/>\n\t<meta name=\"twitter:data1\" content=\"Kevin G\u00f3mez\" \/>\n\t<meta name=\"twitter:label2\" content=\"Est. reading time\" \/>\n\t<meta name=\"twitter:data2\" content=\"3 minutes\" \/>\n<script type=\"application\/ld+json\" class=\"yoast-schema-graph\">{\"@context\":\"https:\\\/\\\/schema.org\",\"@graph\":[{\"@type\":\"Article\",\"@id\":\"https:\\\/\\\/www.fcbarcelonanoticias.com\\\/en\\\/laliga\\\/golden-shock-pau-victor-sealed-the-cule-little-hand-against-mallorca-with-his-2nd-goal-of-the-season_309053_102.html#article\",\"isPartOf\":{\"@id\":\"https:\\\/\\\/www.fcbarcelonanoticias.com\\\/en\\\/laliga\\\/golden-shock-pau-victor-sealed-the-cule-little-hand-against-mallorca-with-his-2nd-goal-of-the-season_309053_102.html\"},\"author\":{\"name\":\"Kevin G\u00f3mez\",\"@id\":\"https:\\\/\\\/www.fcbarcelonanoticias.com\\\/en\\\/#\\\/schema\\\/person\\\/991443f134df9a64c6874f96ff984c9d\"},\"headline\":\"Pau V\u00edctor sealed the cul\u00e9&#8217;s &#8216;little hand&#8217; against Mallorca with his 2nd goal of the season\",\"datePublished\":\"2024-12-04T00:15:00+00:00\",\"dateModified\":\"2024-12-04T00:16:00+00:00\",\"mainEntityOfPage\":{\"@id\":\"https:\\\/\\\/www.fcbarcelonanoticias.com\\\/en\\\/laliga\\\/golden-shock-pau-victor-sealed-the-cule-little-hand-against-mallorca-with-his-2nd-goal-of-the-season_309053_102.html\"},\"wordCount\":649,\"image\":{\"@id\":\"https:\\\/\\\/www.fcbarcelonanoticias.com\\\/en\\\/laliga\\\/golden-shock-pau-victor-sealed-the-cule-little-hand-against-mallorca-with-his-2nd-goal-of-the-season_309053_102.html#primaryimage\"},\"thumbnailUrl\":\"https:\\\/\\\/www.fcbarcelonanoticias.com\\\/en\\\/wp-content\\\/uploads\\\/sites\\\/2\\\/2024\\\/12\\\/pau-victor-celebrando-su-anotacion-en-eln-duelo-entre-el-fc-barcelona-y-el-rcd-mallorca-en-laliga-ea-sports-2024-25-1.jpeg\",\"keywords\":[\"FC Barcelona vs RCD Mallorca\"],\"articleSection\":[\"LaLiga\",\"LaLiga\"],\"inLanguage\":\"en-US\"},{\"@type\":\"WebPage\",\"@id\":\"https:\\\/\\\/www.fcbarcelonanoticias.com\\\/en\\\/laliga\\\/golden-shock-pau-victor-sealed-the-cule-little-hand-against-mallorca-with-his-2nd-goal-of-the-season_309053_102.html\",\"url\":\"https:\\\/\\\/www.fcbarcelonanoticias.com\\\/en\\\/laliga\\\/golden-shock-pau-victor-sealed-the-cule-little-hand-against-mallorca-with-his-2nd-goal-of-the-season_309053_102.html\",\"name\":\"Golden shock! Pau V\u00edctor sealed the cul\u00e9's 'little hand' against Mallorca with his 2nd goal of the season\",\"isPartOf\":{\"@id\":\"https:\\\/\\\/www.fcbarcelonanoticias.com\\\/en\\\/#website\"},\"primaryImageOfPage\":{\"@id\":\"https:\\\/\\\/www.fcbarcelonanoticias.com\\\/en\\\/laliga\\\/golden-shock-pau-victor-sealed-the-cule-little-hand-against-mallorca-with-his-2nd-goal-of-the-season_309053_102.html#primaryimage\"},\"image\":{\"@id\":\"https:\\\/\\\/www.fcbarcelonanoticias.com\\\/en\\\/laliga\\\/golden-shock-pau-victor-sealed-the-cule-little-hand-against-mallorca-with-his-2nd-goal-of-the-season_309053_102.html#primaryimage\"},\"thumbnailUrl\":\"https:\\\/\\\/www.fcbarcelonanoticias.com\\\/en\\\/wp-content\\\/uploads\\\/sites\\\/2\\\/2024\\\/12\\\/pau-victor-celebrando-su-anotacion-en-eln-duelo-entre-el-fc-barcelona-y-el-rcd-mallorca-en-laliga-ea-sports-2024-25-1.jpeg\",\"datePublished\":\"2024-12-04T00:15:00+00:00\",\"dateModified\":\"2024-12-04T00:16:00+00:00\",\"author\":{\"@id\":\"https:\\\/\\\/www.fcbarcelonanoticias.com\\\/en\\\/#\\\/schema\\\/person\\\/991443f134df9a64c6874f96ff984c9d\"},\"description\":\"Pau V\u00edctor once again took advantage of the opportunity that Hansi Flick gave him to add minutes. The striker scored the goal that sealed Bar\u00e7a's victory over RCD Mallorca in San Moix\",\"breadcrumb\":{\"@id\":\"https:\\\/\\\/www.fcbarcelonanoticias.com\\\/en\\\/laliga\\\/golden-shock-pau-victor-sealed-the-cule-little-hand-against-mallorca-with-his-2nd-goal-of-the-season_309053_102.html#breadcrumb\"},\"inLanguage\":\"en-US\",\"potentialAction\":[{\"@type\":\"ReadAction\",\"target\":[\"https:\\\/\\\/www.fcbarcelonanoticias.com\\\/en\\\/laliga\\\/golden-shock-pau-victor-sealed-the-cule-little-hand-against-mallorca-with-his-2nd-goal-of-the-season_309053_102.html\"]}]},{\"@type\":\"ImageObject\",\"inLanguage\":\"en-US\",\"@id\":\"https:\\\/\\\/www.fcbarcelonanoticias.com\\\/en\\\/laliga\\\/golden-shock-pau-victor-sealed-the-cule-little-hand-against-mallorca-with-his-2nd-goal-of-the-season_309053_102.html#primaryimage\",\"url\":\"https:\\\/\\\/www.fcbarcelonanoticias.com\\\/en\\\/wp-content\\\/uploads\\\/sites\\\/2\\\/2024\\\/12\\\/pau-victor-celebrando-su-anotacion-en-eln-duelo-entre-el-fc-barcelona-y-el-rcd-mallorca-en-laliga-ea-sports-2024-25-1.jpeg\",\"contentUrl\":\"https:\\\/\\\/www.fcbarcelonanoticias.com\\\/en\\\/wp-content\\\/uploads\\\/sites\\\/2\\\/2024\\\/12\\\/pau-victor-celebrando-su-anotacion-en-eln-duelo-entre-el-fc-barcelona-y-el-rcd-mallorca-en-laliga-ea-sports-2024-25-1.jpeg\",\"width\":1200,\"height\":675},{\"@type\":\"BreadcrumbList\",\"@id\":\"https:\\\/\\\/www.fcbarcelonanoticias.com\\\/en\\\/laliga\\\/golden-shock-pau-victor-sealed-the-cule-little-hand-against-mallorca-with-his-2nd-goal-of-the-season_309053_102.html#breadcrumb\",\"itemListElement\":[{\"@type\":\"ListItem\",\"position\":1,\"name\":\"Portada\",\"item\":\"https:\\\/\\\/www.fcbarcelonanoticias.com\\\/en\\\/\"},{\"@type\":\"ListItem\",\"position\":2,\"name\":\"Pau V\u00edctor sealed the cul\u00e9&#8217;s &#8216;little hand&#8217; against Mallorca with his 2nd goal of the season\"}]},{\"@type\":\"WebSite\",\"@id\":\"https:\\\/\\\/www.fcbarcelonanoticias.com\\\/en\\\/#website\",\"url\":\"https:\\\/\\\/www.fcbarcelonanoticias.com\\\/en\\\/\",\"name\":\"EN - FC Barcelona Noticias\",\"description\":\"\",\"potentialAction\":[{\"@type\":\"SearchAction\",\"target\":{\"@type\":\"EntryPoint\",\"urlTemplate\":\"https:\\\/\\\/www.fcbarcelonanoticias.com\\\/en\\\/?s={search_term_string}\"},\"query-input\":{\"@type\":\"PropertyValueSpecification\",\"valueRequired\":true,\"valueName\":\"search_term_string\"}}],\"inLanguage\":\"en-US\"},{\"@type\":\"Person\",\"@id\":\"https:\\\/\\\/www.fcbarcelonanoticias.com\\\/en\\\/#\\\/schema\\\/person\\\/991443f134df9a64c6874f96ff984c9d\",\"name\":\"Kevin G\u00f3mez\",\"image\":{\"@type\":\"ImageObject\",\"inLanguage\":\"en-US\",\"@id\":\"https:\\\/\\\/secure.gravatar.com\\\/avatar\\\/?s=96&d=mm&r=g\",\"url\":\"https:\\\/\\\/secure.gravatar.com\\\/avatar\\\/?s=96&d=mm&r=g\",\"contentUrl\":\"https:\\\/\\\/secure.gravatar.com\\\/avatar\\\/?s=96&d=mm&r=g\",\"caption\":\"Kevin G\u00f3mez\"},\"description\":\"Licenciado\u00a0en Periodismo y Comunicaci\u00f3n Audiovisual. Redactor en FCBN responsable de cubrir toda\u00a0la informaci\u00f3n del FC Barcelona y las principales competiciones de\u00a0f\u00fatbol.\",\"url\":\"https:\\\/\\\/www.fcbarcelonanoticias.com\\\/en\\\/jugadores\\\/kevin-gomez_23_115.html\"}]}<\/script>\n<!-- \/ Yoast SEO plugin. -->","yoast_head_json":{"title":"Golden shock! Pau V\u00edctor sealed the cul\u00e9's 'little hand' against Mallorca with his 2nd goal of the season","description":"Pau V\u00edctor once again took advantage of the opportunity that Hansi Flick gave him to add minutes. The striker scored the goal that sealed Bar\u00e7a's victory over RCD Mallorca in San Moix","robots":{"index":"index","follow":"follow","max-snippet":"max-snippet:-1","max-image-preview":"max-image-preview:large","max-video-preview":"max-video-preview:-1"},"canonical":"https:\/\/www.fcbarcelonanoticias.com\/en\/laliga\/golden-shock-pau-victor-sealed-the-cule-little-hand-against-mallorca-with-his-2nd-goal-of-the-season_309053_102.html","og_locale":"en_US","og_type":"article","og_title":"Golden shock! Pau V\u00edctor sealed the cul\u00e9's 'little hand' against Mallorca with his 2nd goal of the season","og_description":"Pau V\u00edctor once again took advantage of the opportunity that Hansi Flick gave him to add minutes. The striker scored the goal that sealed Bar\u00e7a's victory over RCD Mallorca in San Moix","og_url":"https:\/\/www.fcbarcelonanoticias.com\/en\/laliga\/golden-shock-pau-victor-sealed-the-cule-little-hand-against-mallorca-with-his-2nd-goal-of-the-season_309053_102.html","og_site_name":"EN - FC Barcelona Noticias","article_published_time":"2024-12-04T00:15:00+00:00","article_modified_time":"2024-12-04T00:16:00+00:00","og_image":[{"width":1200,"height":675,"url":"https:\/\/www.fcbarcelonanoticias.com\/en\/wp-content\/uploads\/sites\/2\/2024\/12\/pau-victor-celebrando-su-anotacion-en-eln-duelo-entre-el-fc-barcelona-y-el-rcd-mallorca-en-laliga-ea-sports-2024-25-1.jpeg","type":"image\/jpeg"}],"author":"Kevin G\u00f3mez","twitter_card":"summary_large_image","twitter_misc":{"Written by":"Kevin G\u00f3mez","Est. reading time":"3 minutes"},"schema":{"@context":"https:\/\/schema.org","@graph":[{"@type":"Article","@id":"https:\/\/www.fcbarcelonanoticias.com\/en\/laliga\/golden-shock-pau-victor-sealed-the-cule-little-hand-against-mallorca-with-his-2nd-goal-of-the-season_309053_102.html#article","isPartOf":{"@id":"https:\/\/www.fcbarcelonanoticias.com\/en\/laliga\/golden-shock-pau-victor-sealed-the-cule-little-hand-against-mallorca-with-his-2nd-goal-of-the-season_309053_102.html"},"author":{"name":"Kevin G\u00f3mez","@id":"https:\/\/www.fcbarcelonanoticias.com\/en\/#\/schema\/person\/991443f134df9a64c6874f96ff984c9d"},"headline":"Pau V\u00edctor sealed the cul\u00e9&#8217;s &#8216;little hand&#8217; against Mallorca with his 2nd goal of the season","datePublished":"2024-12-04T00:15:00+00:00","dateModified":"2024-12-04T00:16:00+00:00","mainEntityOfPage":{"@id":"https:\/\/www.fcbarcelonanoticias.com\/en\/laliga\/golden-shock-pau-victor-sealed-the-cule-little-hand-against-mallorca-with-his-2nd-goal-of-the-season_309053_102.html"},"wordCount":649,"image":{"@id":"https:\/\/www.fcbarcelonanoticias.com\/en\/laliga\/golden-shock-pau-victor-sealed-the-cule-little-hand-against-mallorca-with-his-2nd-goal-of-the-season_309053_102.html#primaryimage"},"thumbnailUrl":"https:\/\/www.fcbarcelonanoticias.com\/en\/wp-content\/uploads\/sites\/2\/2024\/12\/pau-victor-celebrando-su-anotacion-en-eln-duelo-entre-el-fc-barcelona-y-el-rcd-mallorca-en-laliga-ea-sports-2024-25-1.jpeg","keywords":["FC Barcelona vs RCD Mallorca"],"articleSection":["LaLiga","LaLiga"],"inLanguage":"en-US"},{"@type":"WebPage","@id":"https:\/\/www.fcbarcelonanoticias.com\/en\/laliga\/golden-shock-pau-victor-sealed-the-cule-little-hand-against-mallorca-with-his-2nd-goal-of-the-season_309053_102.html","url":"https:\/\/www.fcbarcelonanoticias.com\/en\/laliga\/golden-shock-pau-victor-sealed-the-cule-little-hand-against-mallorca-with-his-2nd-goal-of-the-season_309053_102.html","name":"Golden shock! Pau V\u00edctor sealed the cul\u00e9's 'little hand' against Mallorca with his 2nd goal of the season","isPartOf":{"@id":"https:\/\/www.fcbarcelonanoticias.com\/en\/#website"},"primaryImageOfPage":{"@id":"https:\/\/www.fcbarcelonanoticias.com\/en\/laliga\/golden-shock-pau-victor-sealed-the-cule-little-hand-against-mallorca-with-his-2nd-goal-of-the-season_309053_102.html#primaryimage"},"image":{"@id":"https:\/\/www.fcbarcelonanoticias.com\/en\/laliga\/golden-shock-pau-victor-sealed-the-cule-little-hand-against-mallorca-with-his-2nd-goal-of-the-season_309053_102.html#primaryimage"},"thumbnailUrl":"https:\/\/www.fcbarcelonanoticias.com\/en\/wp-content\/uploads\/sites\/2\/2024\/12\/pau-victor-celebrando-su-anotacion-en-eln-duelo-entre-el-fc-barcelona-y-el-rcd-mallorca-en-laliga-ea-sports-2024-25-1.jpeg","datePublished":"2024-12-04T00:15:00+00:00","dateModified":"2024-12-04T00:16:00+00:00","author":{"@id":"https:\/\/www.fcbarcelonanoticias.com\/en\/#\/schema\/person\/991443f134df9a64c6874f96ff984c9d"},"description":"Pau V\u00edctor once again took advantage of the opportunity that Hansi Flick gave him to add minutes. The striker scored the goal that sealed Bar\u00e7a's victory over RCD Mallorca in San Moix","breadcrumb":{"@id":"https:\/\/www.fcbarcelonanoticias.com\/en\/laliga\/golden-shock-pau-victor-sealed-the-cule-little-hand-against-mallorca-with-his-2nd-goal-of-the-season_309053_102.html#breadcrumb"},"inLanguage":"en-US","potentialAction":[{"@type":"ReadAction","target":["https:\/\/www.fcbarcelonanoticias.com\/en\/laliga\/golden-shock-pau-victor-sealed-the-cule-little-hand-against-mallorca-with-his-2nd-goal-of-the-season_309053_102.html"]}]},{"@type":"ImageObject","inLanguage":"en-US","@id":"https:\/\/www.fcbarcelonanoticias.com\/en\/laliga\/golden-shock-pau-victor-sealed-the-cule-little-hand-against-mallorca-with-his-2nd-goal-of-the-season_309053_102.html#primaryimage","url":"https:\/\/www.fcbarcelonanoticias.com\/en\/wp-content\/uploads\/sites\/2\/2024\/12\/pau-victor-celebrando-su-anotacion-en-eln-duelo-entre-el-fc-barcelona-y-el-rcd-mallorca-en-laliga-ea-sports-2024-25-1.jpeg","contentUrl":"https:\/\/www.fcbarcelonanoticias.com\/en\/wp-content\/uploads\/sites\/2\/2024\/12\/pau-victor-celebrando-su-anotacion-en-eln-duelo-entre-el-fc-barcelona-y-el-rcd-mallorca-en-laliga-ea-sports-2024-25-1.jpeg","width":1200,"height":675},{"@type":"BreadcrumbList","@id":"https:\/\/www.fcbarcelonanoticias.com\/en\/laliga\/golden-shock-pau-victor-sealed-the-cule-little-hand-against-mallorca-with-his-2nd-goal-of-the-season_309053_102.html#breadcrumb","itemListElement":[{"@type":"ListItem","position":1,"name":"Portada","item":"https:\/\/www.fcbarcelonanoticias.com\/en\/"},{"@type":"ListItem","position":2,"name":"Pau V\u00edctor sealed the cul\u00e9&#8217;s &#8216;little hand&#8217; against Mallorca with his 2nd goal of the season"}]},{"@type":"WebSite","@id":"https:\/\/www.fcbarcelonanoticias.com\/en\/#website","url":"https:\/\/www.fcbarcelonanoticias.com\/en\/","name":"EN - FC Barcelona Noticias","description":"","potentialAction":[{"@type":"SearchAction","target":{"@type":"EntryPoint","urlTemplate":"https:\/\/www.fcbarcelonanoticias.com\/en\/?s={search_term_string}"},"query-input":{"@type":"PropertyValueSpecification","valueRequired":true,"valueName":"search_term_string"}}],"inLanguage":"en-US"},{"@type":"Person","@id":"https:\/\/www.fcbarcelonanoticias.com\/en\/#\/schema\/person\/991443f134df9a64c6874f96ff984c9d","name":"Kevin G\u00f3mez","image":{"@type":"ImageObject","inLanguage":"en-US","@id":"https:\/\/secure.gravatar.com\/avatar\/?s=96&d=mm&r=g","url":"https:\/\/secure.gravatar.com\/avatar\/?s=96&d=mm&r=g","contentUrl":"https:\/\/secure.gravatar.com\/avatar\/?s=96&d=mm&r=g","caption":"Kevin G\u00f3mez"},"description":"Licenciado\u00a0en Periodismo y Comunicaci\u00f3n Audiovisual. Redactor en FCBN responsable de cubrir toda\u00a0la informaci\u00f3n del FC Barcelona y las principales competiciones de\u00a0f\u00fatbol.","url":"https:\/\/www.fcbarcelonanoticias.com\/en\/jugadores\/kevin-gomez_23_115.html"}]}},"_links":{"self":[{"href":"https:\/\/www.fcbarcelonanoticias.com\/en\/wp-json\/wp\/v2\/posts\/55363","targetHints":{"allow":["GET"]}}],"collection":[{"href":"https:\/\/www.fcbarcelonanoticias.com\/en\/wp-json\/wp\/v2\/posts"}],"about":[{"href":"https:\/\/www.fcbarcelonanoticias.com\/en\/wp-json\/wp\/v2\/types\/post"}],"author":[{"embeddable":true,"href":"https:\/\/www.fcbarcelonanoticias.com\/en\/wp-json\/wp\/v2\/users\/355"}],"replies":[{"embeddable":true,"href":"https:\/\/www.fcbarcelonanoticias.com\/en\/wp-json\/wp\/v2\/comments?post=55363"}],"version-history":[{"count":1,"href":"https:\/\/www.fcbarcelonanoticias.com\/en\/wp-json\/wp\/v2\/posts\/55363\/revisions"}],"predecessor-version":[{"id":116124,"href":"https:\/\/www.fcbarcelonanoticias.com\/en\/wp-json\/wp\/v2\/posts\/55363\/revisions\/116124"}],"wp:featuredmedia":[{"embeddable":true,"href":"https:\/\/www.fcbarcelonanoticias.com\/en\/wp-json\/wp\/v2\/media\/116125"}],"wp:attachment":[{"href":"https:\/\/www.fcbarcelonanoticias.com\/en\/wp-json\/wp\/v2\/media?parent=55363"}],"wp:term":[{"taxonomy":"category","embeddable":true,"href":"https:\/\/www.fcbarcelonanoticias.com\/en\/wp-json\/wp\/v2\/categories?post=55363"},{"taxonomy":"post_tag","embeddable":true,"href":"https:\/\/www.fcbarcelonanoticias.com\/en\/wp-json\/wp\/v2\/tags?post=55363"}],"curies":[{"name":"wp","href":"https:\/\/api.w.org\/{rel}","templated":true}]}}