{"id":55502,"date":"2024-12-14T16:36:00","date_gmt":"2024-12-14T15:36:00","guid":{"rendered":"https:\/\/weisetech.dev\/fc-barcelona-noticias\/en\/hansi-flick-suspended-who-is-marcus-sorg-his-temporary-replacement_309309_102\/"},"modified":"2024-12-14T16:58:00","modified_gmt":"2024-12-14T15:58:00","slug":"hansi-flick-suspended-who-is-marcus-sorg-his-temporary-replacement_309309_102","status":"publish","type":"post","link":"https:\/\/www.fcbarcelonanoticias.com\/en\/laliga\/hansi-flick-suspended-who-is-marcus-sorg-his-temporary-replacement_309309_102.html","title":{"rendered":"Hansi Flick suspended: Who is Marcus Sorg, his temporary replacement?"},"content":{"rendered":"<h2 class=\"wp-block-heading\">Hansi Flick will be absent from the FC Barcelona bench against Legan\u00e9s and Atl\u00e9tico de Madrid. Marcus Sorg, his first assistant, will take over in his place<\/h2>  \r\n<div class=\"article-addons\">\r\n    <a href=\"https:\/\/www.fcbarcelonanoticias.com\/en\/calendar-fc-barcelona.html\"\r\n       target=\"_self\"\r\n       title=\"Calendar of FC Barcelona\"\r\n       class=\"blue-gredient-btn\">\r\n       \r\n        Calendar of FC Barcelona    <\/a>\r\n<\/div>   <p>FC Barcelona <a data-external=\"0\" data-intl-links-en=\"https:\/\/www.fcbarcelonanoticias.com\/en\/tags\/hansi-flick\" data-intl-links-es=\"https:\/\/www.fcbarcelonanoticias.com\/tags\/hansi-flick\" href=\"https:\/\/www.fcbarcelonanoticias.com\/en\/tags\/hansi-flick.html\" rel=\"follow\" target=\"_self\" title=\"Hansi Flick\">will not be able to count on Hansi Flick<\/a> for the last two league matches of 2024, against Legan\u00e9s and Atl\u00e9tico de Madrid. The cul\u00e9s will close the year in Montju\u00efc with Marcus Sorg on the bench, the first assistant of the blue and grana coach this season. <strong>Both worked together during two periods in the German national team<\/strong>, with the 58-year-old engineer being the right-hand man of the Heidelberg native during the 25 matches he led the &#8216;Mannschaft&#8217;.<\/p>  <p>Previously, Sorg had performed the same role alongside Joachim L\u00f6w and Horst Hrubesch, in addition to <strong>coaching the German U-19 team in 2014, winning the European Championship in that category<\/strong>. He then had a brief stint with the U-21 team before making the jump to the senior team under L\u00f6w. Against Betis, the Ulm native took charge of the team after Flick&#8217;s expulsion in the second half. Beyond his methodical rigor, he is a coach with a calm character, accustomed to a low profile.<\/p>  <h3>Full confidence from Hansi Flick in his replacement<\/h3>  <p>In the press conference prior to the match against Legan\u00e9s, Flick made his confidence in his replacement clear for the next three league matches. <strong>&#8220;We have good communication. He has a lot of experience and is doing very well here. He knows a lot about football and has quality. I believe in him&#8221;<\/strong>, commented the blue and grana coach.<\/p>  <p>According to article 56 of the Disciplinary Code of the RFEF, <strong>the Heidelberg native will be able to speak with his players before, at halftime, and after the match in the cul\u00e9 locker room<\/strong>, but during the regulation time he must remain in the stands of the stadium, without giving instructions near the cul\u00e9 bench. Unlike LaLiga, UEFA does prohibit suspended coaches from speaking with their players before or during the match.<\/p> ","protected":false},"excerpt":{"rendered":"<p>Hansi Flick will be absent from the FC Barcelona bench against Legan\u00e9s and Atl\u00e9tico de Madrid. Marcus Sorg, his first assistant, will take over in his place FC Barcelona will not be able to count on Hansi Flick for the last two league matches of 2024, against Legan\u00e9s and Atl\u00e9tico de Madrid. The cul\u00e9s will [&hellip;]<\/p>\n","protected":false},"author":347,"featured_media":55506,"comment_status":"closed","ping_status":"open","sticky":false,"template":"","format":"standard","meta":{"_acf_changed":false,"inline_featured_image":false,"_nextfly_llmd_date_locked":false,"footnotes":""},"categories":[114,448],"tags":[66,87],"class_list":["post-55502","post","type-post","status-publish","format-standard","has-post-thumbnail","hentry","category-laliga","category-laliga-2","tag-fc-barcelona-vs-leganes-latest-match-news","tag-hansi-flick"],"acf":[],"yoast_head":"<!-- This site is optimized with the Yoast SEO plugin v27.3 - https:\/\/yoast.com\/product\/yoast-seo-wordpress\/ -->\n<title>Hansi Flick suspended: Who is Marcus Sorg, his temporary replacement?<\/title>\n<meta name=\"description\" content=\"Hansi Flick will be absent from the FC Barcelona bench against Legan\u00e9s and Atl\u00e9tico de Madrid. Marcus Sorg, his first assistant, will take over in his place\" \/>\n<meta name=\"robots\" content=\"index, follow, max-snippet:-1, max-image-preview:large, max-video-preview:-1\" \/>\n<link rel=\"canonical\" href=\"https:\/\/www.fcbarcelonanoticias.com\/en\/laliga\/hansi-flick-suspended-who-is-marcus-sorg-his-temporary-replacement_309309_102.html\" \/>\n<meta property=\"og:locale\" content=\"en_US\" \/>\n<meta property=\"og:type\" content=\"article\" \/>\n<meta property=\"og:title\" content=\"Hansi Flick suspended: Who is Marcus Sorg, his temporary replacement?\" \/>\n<meta property=\"og:description\" content=\"Hansi Flick will be absent from the FC Barcelona bench against Legan\u00e9s and Atl\u00e9tico de Madrid. Marcus Sorg, his first assistant, will take over in his place\" \/>\n<meta property=\"og:url\" content=\"https:\/\/www.fcbarcelonanoticias.com\/en\/laliga\/hansi-flick-suspended-who-is-marcus-sorg-his-temporary-replacement_309309_102.html\" \/>\n<meta property=\"og:site_name\" content=\"EN - FC Barcelona Noticias\" \/>\n<meta property=\"article:published_time\" content=\"2024-12-14T15:36:00+00:00\" \/>\n<meta property=\"article:modified_time\" content=\"2024-12-14T15:58:00+00:00\" \/>\n<meta property=\"og:image\" content=\"https:\/\/www.fcbarcelonanoticias.com\/en\/wp-content\/uploads\/sites\/2\/2024\/12\/marcus-sorg-hansi-flick-scaled.jpeg\" \/>\n\t<meta property=\"og:image:width\" content=\"2560\" \/>\n\t<meta property=\"og:image:height\" content=\"1706\" \/>\n\t<meta property=\"og:image:type\" content=\"image\/jpeg\" \/>\n<meta name=\"author\" content=\"Andr\u00e9s Quiroz\" \/>\n<meta name=\"twitter:card\" content=\"summary_large_image\" \/>\n<meta name=\"twitter:label1\" content=\"Written by\" \/>\n\t<meta name=\"twitter:data1\" content=\"Andr\u00e9s Quiroz\" \/>\n\t<meta name=\"twitter:label2\" content=\"Est. reading time\" \/>\n\t<meta name=\"twitter:data2\" content=\"2 minutes\" \/>\n<script type=\"application\/ld+json\" class=\"yoast-schema-graph\">{\"@context\":\"https:\\\/\\\/schema.org\",\"@graph\":[{\"@type\":\"Article\",\"@id\":\"https:\\\/\\\/www.fcbarcelonanoticias.com\\\/en\\\/laliga\\\/hansi-flick-suspended-who-is-marcus-sorg-his-temporary-replacement_309309_102.html#article\",\"isPartOf\":{\"@id\":\"https:\\\/\\\/www.fcbarcelonanoticias.com\\\/en\\\/laliga\\\/hansi-flick-suspended-who-is-marcus-sorg-his-temporary-replacement_309309_102.html\"},\"author\":{\"name\":\"Andr\u00e9s Quiroz\",\"@id\":\"https:\\\/\\\/www.fcbarcelonanoticias.com\\\/en\\\/#\\\/schema\\\/person\\\/c2cd9f6fa1af5c0d0eccd0fefa575c88\"},\"headline\":\"Hansi Flick suspended: Who is Marcus Sorg, his temporary replacement?\",\"datePublished\":\"2024-12-14T15:36:00+00:00\",\"dateModified\":\"2024-12-14T15:58:00+00:00\",\"mainEntityOfPage\":{\"@id\":\"https:\\\/\\\/www.fcbarcelonanoticias.com\\\/en\\\/laliga\\\/hansi-flick-suspended-who-is-marcus-sorg-his-temporary-replacement_309309_102.html\"},\"wordCount\":347,\"image\":{\"@id\":\"https:\\\/\\\/www.fcbarcelonanoticias.com\\\/en\\\/laliga\\\/hansi-flick-suspended-who-is-marcus-sorg-his-temporary-replacement_309309_102.html#primaryimage\"},\"thumbnailUrl\":\"https:\\\/\\\/www.fcbarcelonanoticias.com\\\/en\\\/wp-content\\\/uploads\\\/sites\\\/2\\\/2024\\\/12\\\/marcus-sorg-hansi-flick-scaled.jpeg\",\"keywords\":[\"FC Barcelona vs Legan\u00e9s\",\"Hansi Flick\"],\"articleSection\":[\"LaLiga\",\"LaLiga\"],\"inLanguage\":\"en-US\"},{\"@type\":\"WebPage\",\"@id\":\"https:\\\/\\\/www.fcbarcelonanoticias.com\\\/en\\\/laliga\\\/hansi-flick-suspended-who-is-marcus-sorg-his-temporary-replacement_309309_102.html\",\"url\":\"https:\\\/\\\/www.fcbarcelonanoticias.com\\\/en\\\/laliga\\\/hansi-flick-suspended-who-is-marcus-sorg-his-temporary-replacement_309309_102.html\",\"name\":\"Hansi Flick suspended: Who is Marcus Sorg, his temporary replacement?\",\"isPartOf\":{\"@id\":\"https:\\\/\\\/www.fcbarcelonanoticias.com\\\/en\\\/#website\"},\"primaryImageOfPage\":{\"@id\":\"https:\\\/\\\/www.fcbarcelonanoticias.com\\\/en\\\/laliga\\\/hansi-flick-suspended-who-is-marcus-sorg-his-temporary-replacement_309309_102.html#primaryimage\"},\"image\":{\"@id\":\"https:\\\/\\\/www.fcbarcelonanoticias.com\\\/en\\\/laliga\\\/hansi-flick-suspended-who-is-marcus-sorg-his-temporary-replacement_309309_102.html#primaryimage\"},\"thumbnailUrl\":\"https:\\\/\\\/www.fcbarcelonanoticias.com\\\/en\\\/wp-content\\\/uploads\\\/sites\\\/2\\\/2024\\\/12\\\/marcus-sorg-hansi-flick-scaled.jpeg\",\"datePublished\":\"2024-12-14T15:36:00+00:00\",\"dateModified\":\"2024-12-14T15:58:00+00:00\",\"author\":{\"@id\":\"https:\\\/\\\/www.fcbarcelonanoticias.com\\\/en\\\/#\\\/schema\\\/person\\\/c2cd9f6fa1af5c0d0eccd0fefa575c88\"},\"description\":\"Hansi Flick will be absent from the FC Barcelona bench against Legan\u00e9s and Atl\u00e9tico de Madrid. Marcus Sorg, his first assistant, will take over in his place\",\"breadcrumb\":{\"@id\":\"https:\\\/\\\/www.fcbarcelonanoticias.com\\\/en\\\/laliga\\\/hansi-flick-suspended-who-is-marcus-sorg-his-temporary-replacement_309309_102.html#breadcrumb\"},\"inLanguage\":\"en-US\",\"potentialAction\":[{\"@type\":\"ReadAction\",\"target\":[\"https:\\\/\\\/www.fcbarcelonanoticias.com\\\/en\\\/laliga\\\/hansi-flick-suspended-who-is-marcus-sorg-his-temporary-replacement_309309_102.html\"]}]},{\"@type\":\"ImageObject\",\"inLanguage\":\"en-US\",\"@id\":\"https:\\\/\\\/www.fcbarcelonanoticias.com\\\/en\\\/laliga\\\/hansi-flick-suspended-who-is-marcus-sorg-his-temporary-replacement_309309_102.html#primaryimage\",\"url\":\"https:\\\/\\\/www.fcbarcelonanoticias.com\\\/en\\\/wp-content\\\/uploads\\\/sites\\\/2\\\/2024\\\/12\\\/marcus-sorg-hansi-flick-scaled.jpeg\",\"contentUrl\":\"https:\\\/\\\/www.fcbarcelonanoticias.com\\\/en\\\/wp-content\\\/uploads\\\/sites\\\/2\\\/2024\\\/12\\\/marcus-sorg-hansi-flick-scaled.jpeg\",\"width\":2560,\"height\":1706},{\"@type\":\"BreadcrumbList\",\"@id\":\"https:\\\/\\\/www.fcbarcelonanoticias.com\\\/en\\\/laliga\\\/hansi-flick-suspended-who-is-marcus-sorg-his-temporary-replacement_309309_102.html#breadcrumb\",\"itemListElement\":[{\"@type\":\"ListItem\",\"position\":1,\"name\":\"Portada\",\"item\":\"https:\\\/\\\/www.fcbarcelonanoticias.com\\\/en\\\/\"},{\"@type\":\"ListItem\",\"position\":2,\"name\":\"Hansi Flick suspended: Who is Marcus Sorg, his temporary replacement?\"}]},{\"@type\":\"WebSite\",\"@id\":\"https:\\\/\\\/www.fcbarcelonanoticias.com\\\/en\\\/#website\",\"url\":\"https:\\\/\\\/www.fcbarcelonanoticias.com\\\/en\\\/\",\"name\":\"EN - FC Barcelona Noticias\",\"description\":\"\",\"potentialAction\":[{\"@type\":\"SearchAction\",\"target\":{\"@type\":\"EntryPoint\",\"urlTemplate\":\"https:\\\/\\\/www.fcbarcelonanoticias.com\\\/en\\\/?s={search_term_string}\"},\"query-input\":{\"@type\":\"PropertyValueSpecification\",\"valueRequired\":true,\"valueName\":\"search_term_string\"}}],\"inLanguage\":\"en-US\"},{\"@type\":\"Person\",\"@id\":\"https:\\\/\\\/www.fcbarcelonanoticias.com\\\/en\\\/#\\\/schema\\\/person\\\/c2cd9f6fa1af5c0d0eccd0fefa575c88\",\"name\":\"Andr\u00e9s Quiroz\",\"image\":{\"@type\":\"ImageObject\",\"inLanguage\":\"en-US\",\"@id\":\"https:\\\/\\\/secure.gravatar.com\\\/avatar\\\/?s=96&d=mm&r=g\",\"url\":\"https:\\\/\\\/secure.gravatar.com\\\/avatar\\\/?s=96&d=mm&r=g\",\"contentUrl\":\"https:\\\/\\\/secure.gravatar.com\\\/avatar\\\/?s=96&d=mm&r=g\",\"caption\":\"Andr\u00e9s Quiroz\"},\"description\":\"Licenciado en Periodismo por la Universidad de los Andes. Me encargo de analizar y compartir los contenidos m\u00e1s destacados de la\u00a0actualidad del F\u00fatbol Club Barcelona, Mercado de Fichajes y F\u00fatbol Internacional en FCBN. La informaci\u00f3n es poder, pero tambi\u00e9n conocimiento.\",\"url\":\"https:\\\/\\\/www.fcbarcelonanoticias.com\\\/en\\\/fc-barcelona\\\/andres-quiroz_17_115.html\"}]}<\/script>\n<!-- \/ Yoast SEO plugin. -->","yoast_head_json":{"title":"Hansi Flick suspended: Who is Marcus Sorg, his temporary replacement?","description":"Hansi Flick will be absent from the FC Barcelona bench against Legan\u00e9s and Atl\u00e9tico de Madrid. Marcus Sorg, his first assistant, will take over in his place","robots":{"index":"index","follow":"follow","max-snippet":"max-snippet:-1","max-image-preview":"max-image-preview:large","max-video-preview":"max-video-preview:-1"},"canonical":"https:\/\/www.fcbarcelonanoticias.com\/en\/laliga\/hansi-flick-suspended-who-is-marcus-sorg-his-temporary-replacement_309309_102.html","og_locale":"en_US","og_type":"article","og_title":"Hansi Flick suspended: Who is Marcus Sorg, his temporary replacement?","og_description":"Hansi Flick will be absent from the FC Barcelona bench against Legan\u00e9s and Atl\u00e9tico de Madrid. Marcus Sorg, his first assistant, will take over in his place","og_url":"https:\/\/www.fcbarcelonanoticias.com\/en\/laliga\/hansi-flick-suspended-who-is-marcus-sorg-his-temporary-replacement_309309_102.html","og_site_name":"EN - FC Barcelona Noticias","article_published_time":"2024-12-14T15:36:00+00:00","article_modified_time":"2024-12-14T15:58:00+00:00","og_image":[{"width":2560,"height":1706,"url":"https:\/\/www.fcbarcelonanoticias.com\/en\/wp-content\/uploads\/sites\/2\/2024\/12\/marcus-sorg-hansi-flick-scaled.jpeg","type":"image\/jpeg"}],"author":"Andr\u00e9s Quiroz","twitter_card":"summary_large_image","twitter_misc":{"Written by":"Andr\u00e9s Quiroz","Est. reading time":"2 minutes"},"schema":{"@context":"https:\/\/schema.org","@graph":[{"@type":"Article","@id":"https:\/\/www.fcbarcelonanoticias.com\/en\/laliga\/hansi-flick-suspended-who-is-marcus-sorg-his-temporary-replacement_309309_102.html#article","isPartOf":{"@id":"https:\/\/www.fcbarcelonanoticias.com\/en\/laliga\/hansi-flick-suspended-who-is-marcus-sorg-his-temporary-replacement_309309_102.html"},"author":{"name":"Andr\u00e9s Quiroz","@id":"https:\/\/www.fcbarcelonanoticias.com\/en\/#\/schema\/person\/c2cd9f6fa1af5c0d0eccd0fefa575c88"},"headline":"Hansi Flick suspended: Who is Marcus Sorg, his temporary replacement?","datePublished":"2024-12-14T15:36:00+00:00","dateModified":"2024-12-14T15:58:00+00:00","mainEntityOfPage":{"@id":"https:\/\/www.fcbarcelonanoticias.com\/en\/laliga\/hansi-flick-suspended-who-is-marcus-sorg-his-temporary-replacement_309309_102.html"},"wordCount":347,"image":{"@id":"https:\/\/www.fcbarcelonanoticias.com\/en\/laliga\/hansi-flick-suspended-who-is-marcus-sorg-his-temporary-replacement_309309_102.html#primaryimage"},"thumbnailUrl":"https:\/\/www.fcbarcelonanoticias.com\/en\/wp-content\/uploads\/sites\/2\/2024\/12\/marcus-sorg-hansi-flick-scaled.jpeg","keywords":["FC Barcelona vs Legan\u00e9s","Hansi Flick"],"articleSection":["LaLiga","LaLiga"],"inLanguage":"en-US"},{"@type":"WebPage","@id":"https:\/\/www.fcbarcelonanoticias.com\/en\/laliga\/hansi-flick-suspended-who-is-marcus-sorg-his-temporary-replacement_309309_102.html","url":"https:\/\/www.fcbarcelonanoticias.com\/en\/laliga\/hansi-flick-suspended-who-is-marcus-sorg-his-temporary-replacement_309309_102.html","name":"Hansi Flick suspended: Who is Marcus Sorg, his temporary replacement?","isPartOf":{"@id":"https:\/\/www.fcbarcelonanoticias.com\/en\/#website"},"primaryImageOfPage":{"@id":"https:\/\/www.fcbarcelonanoticias.com\/en\/laliga\/hansi-flick-suspended-who-is-marcus-sorg-his-temporary-replacement_309309_102.html#primaryimage"},"image":{"@id":"https:\/\/www.fcbarcelonanoticias.com\/en\/laliga\/hansi-flick-suspended-who-is-marcus-sorg-his-temporary-replacement_309309_102.html#primaryimage"},"thumbnailUrl":"https:\/\/www.fcbarcelonanoticias.com\/en\/wp-content\/uploads\/sites\/2\/2024\/12\/marcus-sorg-hansi-flick-scaled.jpeg","datePublished":"2024-12-14T15:36:00+00:00","dateModified":"2024-12-14T15:58:00+00:00","author":{"@id":"https:\/\/www.fcbarcelonanoticias.com\/en\/#\/schema\/person\/c2cd9f6fa1af5c0d0eccd0fefa575c88"},"description":"Hansi Flick will be absent from the FC Barcelona bench against Legan\u00e9s and Atl\u00e9tico de Madrid. Marcus Sorg, his first assistant, will take over in his place","breadcrumb":{"@id":"https:\/\/www.fcbarcelonanoticias.com\/en\/laliga\/hansi-flick-suspended-who-is-marcus-sorg-his-temporary-replacement_309309_102.html#breadcrumb"},"inLanguage":"en-US","potentialAction":[{"@type":"ReadAction","target":["https:\/\/www.fcbarcelonanoticias.com\/en\/laliga\/hansi-flick-suspended-who-is-marcus-sorg-his-temporary-replacement_309309_102.html"]}]},{"@type":"ImageObject","inLanguage":"en-US","@id":"https:\/\/www.fcbarcelonanoticias.com\/en\/laliga\/hansi-flick-suspended-who-is-marcus-sorg-his-temporary-replacement_309309_102.html#primaryimage","url":"https:\/\/www.fcbarcelonanoticias.com\/en\/wp-content\/uploads\/sites\/2\/2024\/12\/marcus-sorg-hansi-flick-scaled.jpeg","contentUrl":"https:\/\/www.fcbarcelonanoticias.com\/en\/wp-content\/uploads\/sites\/2\/2024\/12\/marcus-sorg-hansi-flick-scaled.jpeg","width":2560,"height":1706},{"@type":"BreadcrumbList","@id":"https:\/\/www.fcbarcelonanoticias.com\/en\/laliga\/hansi-flick-suspended-who-is-marcus-sorg-his-temporary-replacement_309309_102.html#breadcrumb","itemListElement":[{"@type":"ListItem","position":1,"name":"Portada","item":"https:\/\/www.fcbarcelonanoticias.com\/en\/"},{"@type":"ListItem","position":2,"name":"Hansi Flick suspended: Who is Marcus Sorg, his temporary replacement?"}]},{"@type":"WebSite","@id":"https:\/\/www.fcbarcelonanoticias.com\/en\/#website","url":"https:\/\/www.fcbarcelonanoticias.com\/en\/","name":"EN - FC Barcelona Noticias","description":"","potentialAction":[{"@type":"SearchAction","target":{"@type":"EntryPoint","urlTemplate":"https:\/\/www.fcbarcelonanoticias.com\/en\/?s={search_term_string}"},"query-input":{"@type":"PropertyValueSpecification","valueRequired":true,"valueName":"search_term_string"}}],"inLanguage":"en-US"},{"@type":"Person","@id":"https:\/\/www.fcbarcelonanoticias.com\/en\/#\/schema\/person\/c2cd9f6fa1af5c0d0eccd0fefa575c88","name":"Andr\u00e9s Quiroz","image":{"@type":"ImageObject","inLanguage":"en-US","@id":"https:\/\/secure.gravatar.com\/avatar\/?s=96&d=mm&r=g","url":"https:\/\/secure.gravatar.com\/avatar\/?s=96&d=mm&r=g","contentUrl":"https:\/\/secure.gravatar.com\/avatar\/?s=96&d=mm&r=g","caption":"Andr\u00e9s Quiroz"},"description":"Licenciado en Periodismo por la Universidad de los Andes. Me encargo de analizar y compartir los contenidos m\u00e1s destacados de la\u00a0actualidad del F\u00fatbol Club Barcelona, Mercado de Fichajes y F\u00fatbol Internacional en FCBN. La informaci\u00f3n es poder, pero tambi\u00e9n conocimiento.","url":"https:\/\/www.fcbarcelonanoticias.com\/en\/fc-barcelona\/andres-quiroz_17_115.html"}]}},"_links":{"self":[{"href":"https:\/\/www.fcbarcelonanoticias.com\/en\/wp-json\/wp\/v2\/posts\/55502","targetHints":{"allow":["GET"]}}],"collection":[{"href":"https:\/\/www.fcbarcelonanoticias.com\/en\/wp-json\/wp\/v2\/posts"}],"about":[{"href":"https:\/\/www.fcbarcelonanoticias.com\/en\/wp-json\/wp\/v2\/types\/post"}],"author":[{"embeddable":true,"href":"https:\/\/www.fcbarcelonanoticias.com\/en\/wp-json\/wp\/v2\/users\/347"}],"replies":[{"embeddable":true,"href":"https:\/\/www.fcbarcelonanoticias.com\/en\/wp-json\/wp\/v2\/comments?post=55502"}],"version-history":[{"count":1,"href":"https:\/\/www.fcbarcelonanoticias.com\/en\/wp-json\/wp\/v2\/posts\/55502\/revisions"}],"predecessor-version":[{"id":116197,"href":"https:\/\/www.fcbarcelonanoticias.com\/en\/wp-json\/wp\/v2\/posts\/55502\/revisions\/116197"}],"wp:featuredmedia":[{"embeddable":true,"href":"https:\/\/www.fcbarcelonanoticias.com\/en\/wp-json\/wp\/v2\/media\/55506"}],"wp:attachment":[{"href":"https:\/\/www.fcbarcelonanoticias.com\/en\/wp-json\/wp\/v2\/media?parent=55502"}],"wp:term":[{"taxonomy":"category","embeddable":true,"href":"https:\/\/www.fcbarcelonanoticias.com\/en\/wp-json\/wp\/v2\/categories?post=55502"},{"taxonomy":"post_tag","embeddable":true,"href":"https:\/\/www.fcbarcelonanoticias.com\/en\/wp-json\/wp\/v2\/tags?post=55502"}],"curies":[{"name":"wp","href":"https:\/\/api.w.org\/{rel}","templated":true}]}}