{"id":55540,"date":"2025-10-18T18:56:00","date_gmt":"2025-10-18T16:56:00","guid":{"rendered":"https:\/\/weisetech.dev\/fc-barcelona-noticias\/en\/hansi-flick-sent-off-against-girona-and-will-miss-clasico_315053_102\/"},"modified":"2025-10-18T18:56:00","modified_gmt":"2025-10-18T16:56:00","slug":"hansi-flick-sent-off-against-girona-and-will-miss-clasico_315053_102","status":"publish","type":"post","link":"https:\/\/www.fcbarcelonanoticias.com\/en\/laliga\/hansi-flick-sent-off-against-girona-and-will-miss-clasico_315053_102.html","title":{"rendered":"Bar\u00e7a loses Hansi Flick for El Cl\u00e1sico: Gil Manzano ejected the manager against Girona"},"content":{"rendered":"<h2 class=\"wp-block-heading\">Hansi Flick saw his second red card in LaLiga in the Bar\u00e7a-Girona match. The Bar\u00e7a coach was sent off in stoppage time by Jes\u00fas Gil Manzano and will not be able to manage the Cl\u00e1sico next Sunday<\/h2>  \r\n<div class=\"article-addons\">\r\n    <a href=\"https:\/\/www.fcbarcelonanoticias.com\/en\/calendar-fc-barcelona.html\"\r\n       target=\"_self\"\r\n       title=\"Calendar of FC Barcelona\"\r\n       class=\"blue-gredient-btn\">\r\n       \r\n        Calendar of FC Barcelona    <\/a>\r\n<\/div>   <p><a data-external=\"0\" data-intl-links-en=\"https:\/\/www.fcbarcelonanoticias.com\/en\/laliga\/barcelona-2-1-girona-araujo-rescues-cules-at-last-minute_315052_102.html\" data-intl-links-es=\"https:\/\/www.fcbarcelonanoticias.com\/laliga\/barcelona-2-1-girona-ronald-araujo-devuelve-flick-cima-laliga_315052_102.html\" href=\"https:\/\/www.fcbarcelonanoticias.com\/en\/laliga\/barcelona-2-1-girona-araujo-rescues-cules-at-last-minute_315052_102.html\" rel=\"follow\" target=\"_self\" title=\"Barcelona 2-1 Girona: Ronald Araujo devuelve a los de Flick a la cima de LaLiga\">FC Barcelona defeated Girona with a goal from Ronald Araujo in the 90+3&#8242; minute<\/a>. In a match rained out in Montju\u00efc with many wasted opportunities by both teams, <strong>Hansi Flick found a solution by putting Araujo at &#8216;9&#8217;<\/strong>. The coach, however, suffered bad news: he will not be able to manage the <strong>Cl\u00e1sico<\/strong> next matchday against <strong>Real Madrid<\/strong> due to suspension.<\/p>  <p>In the 90th minute, <strong>Flick made a verbal complaint to Jes\u00fas Gil Manzano after the added time was confirmed<\/strong>. The Extremaduran referee only added 4 minutes, very little for a second half where both teams made their five substitutions.<\/p>  <p>The German couldn&#8217;t contain his frustration, and Gil Manzano caught his disapproving gesture. Without hesitation, the head referee, who minutes earlier had overlooked <a data-external=\"1\" href=\"https:\/\/x.com\/en\/ArchivoVAR\/status\/1979578070114738559\" rel=\"nofollow\" target=\"_blank\" title=\"Falta de Vitor Reis a Marcus Rashford en el Bar\u00e7a-Girona\">a clear slap to the face of Vitor Reis by Marcus Rashford<\/a> (expulsion and penalty), showed the Bar\u00e7a coach the red card.<\/p>  <h2>Flick Celebrated Araujo&#8217;s Goal with a Middle Finger Included<\/h2>  <p>Despite the expulsion, Flick remained at the mouth of the tunnel during added time. After Araujo&#8217;s stunning goal, <strong>the manager unleashed a euphoric celebration, including a middle finger<\/strong> caught by the cameras that could cost the Heidelberg native a few more matchdays of suspension.<\/p>  <p>Hansi is not usually prone to this type of reaction, but the context of the Bar\u00e7a-Girona match was conducive to madness: intense rain in Montju\u00efc, a possible third consecutive setback for Barcelona, and terrible refereeing, as is often the case in LaLiga.<\/p>  <p>Well, Flick drained all the emotional charge from a match where Bar\u00e7a could well have gone into halftime losing, with a wild, but justified, celebration. Unfortunately, for the first time since his arrival on the Bar\u00e7a bench, <strong>the German will not be able to lead the team in a Cl\u00e1sico<\/strong>.<\/p>  <h2>Second expulsion for Hansi Flick in LaLiga<\/h2>  <p>For Hansi Flick, Saturday&#8217;s match was his second expulsion in LaLiga. Last season, the <a data-external=\"0\" data-intl-links-en=\"https:\/\/www.fcbarcelonanoticias.com\/en\/laliga\/hansi-flick-was-sent-off-in-betis-barcelona_309132_102.html\" data-intl-links-es=\"https:\/\/www.fcbarcelonanoticias.com\/laliga\/hansi-flick-se-fue-expulsado-betis-barcelona_309132_102.html\" href=\"https:\/\/www.fcbarcelonanoticias.com\/en\/laliga\/hansi-flick-was-sent-off-in-betis-barcelona_309132_102.html\" rel=\"follow\" target=\"_self\" title=\"Hansi Flick se fue expulsado del Betis-Barcelona\">Bar\u00e7a coach also saw red from referee Alejandro Mu\u00f1iz Ruiz in the match against Betis (2-2)<\/a> played at the Benito Villamar\u00edn.<\/p>  <p>In the 65th minute of the match corresponding to matchday 16 of the 24\/25 season, <strong>the manager was sent off for protesting a penalty in favor of the &#8216;verdiblancos&#8217;<\/strong>, sanctioned after VAR review.<\/p>  <p>On that occasion, Flick complied with the expulsion by <strong>going to the television booth area for the rest of the match<\/strong>. Against Girona, as there were only a few minutes left in the match, the German remained on the side of the bench. This factor, along with his celebration after Araujo&#8217;s goal, may cost him a more severe sanction.<\/p>  <ul> <li>\ud83d\udc49 Follow the complete coverage of <strong><a data-external=\"0\" data-intl-links-en=\"https:\/\/www.fcbarcelonanoticias.com\/en\/laliga.html\" data-intl-links-es=\"https:\/\/www.fcbarcelonanoticias.com\/laliga.html\" href=\"https:\/\/www.fcbarcelonanoticias.com\/en\/laliga.html\" rel=\"follow\" target=\"_self\" title=\"LaLiga\">LaLiga EA Sports 2025-26<\/a><\/strong> on FC Barcelona Noticias<\/li> <\/ul> ","protected":false},"excerpt":{"rendered":"<p>Hansi Flick saw his second red card in LaLiga in the Bar\u00e7a-Girona match. The Bar\u00e7a coach was sent off in stoppage time by Jes\u00fas Gil Manzano and will not be able to manage the Cl\u00e1sico next Sunday FC Barcelona defeated Girona with a goal from Ronald Araujo in the 90+3&#8242; minute. In a match rained [&hellip;]<\/p>\n","protected":false},"author":347,"featured_media":55545,"comment_status":"closed","ping_status":"open","sticky":false,"template":"","format":"standard","meta":{"_acf_changed":false,"inline_featured_image":false,"_nextfly_llmd_date_locked":false,"footnotes":""},"categories":[114,448],"tags":[53,57,87,190],"class_list":["post-55540","post","type-post","status-publish","format-standard","has-post-thumbnail","hentry","category-laliga","category-laliga-2","tag-el-clasico","tag-barcelona-vs-girona","tag-hansi-flick","tag-referees"],"acf":[],"yoast_head":"<!-- This site is optimized with the Yoast SEO plugin v27.3 - https:\/\/yoast.com\/product\/yoast-seo-wordpress\/ -->\n<title>Hansi Flick: sent off against Girona and will miss the Cl\u00e1sico<\/title>\n<meta name=\"description\" content=\"Hansi Flick received his second red card in LaLiga in the Bar\u00e7a-Girona match. The Bar\u00e7a coach was sent off in added time by Jes\u00fas Gil Manzano\" \/>\n<meta name=\"robots\" content=\"index, follow, max-snippet:-1, max-image-preview:large, max-video-preview:-1\" \/>\n<link rel=\"canonical\" href=\"https:\/\/www.fcbarcelonanoticias.com\/en\/laliga\/hansi-flick-sent-off-against-girona-and-will-miss-clasico_315053_102.html\" \/>\n<meta property=\"og:locale\" content=\"en_US\" \/>\n<meta property=\"og:type\" content=\"article\" \/>\n<meta property=\"og:title\" content=\"Hansi Flick: sent off against Girona and will miss the Cl\u00e1sico\" \/>\n<meta property=\"og:description\" content=\"Hansi Flick received his second red card in LaLiga in the Bar\u00e7a-Girona match. The Bar\u00e7a coach was sent off in added time by Jes\u00fas Gil Manzano\" \/>\n<meta property=\"og:url\" content=\"https:\/\/www.fcbarcelonanoticias.com\/en\/laliga\/hansi-flick-sent-off-against-girona-and-will-miss-clasico_315053_102.html\" \/>\n<meta property=\"og:site_name\" content=\"EN - FC Barcelona Noticias\" \/>\n<meta property=\"article:published_time\" content=\"2025-10-18T16:56:00+00:00\" \/>\n<meta property=\"og:image\" content=\"https:\/\/www.fcbarcelonanoticias.com\/en\/wp-content\/uploads\/sites\/2\/2025\/10\/hansi-flick-v-gil-manzano-barca-girona-laliga.webp\" \/>\n\t<meta property=\"og:image:width\" content=\"1200\" \/>\n\t<meta property=\"og:image:height\" content=\"675\" \/>\n\t<meta property=\"og:image:type\" content=\"image\/webp\" \/>\n<meta name=\"author\" content=\"Andr\u00e9s Quiroz\" \/>\n<meta name=\"twitter:card\" content=\"summary_large_image\" \/>\n<meta name=\"twitter:label1\" content=\"Written by\" \/>\n\t<meta name=\"twitter:data1\" content=\"Andr\u00e9s Quiroz\" \/>\n\t<meta name=\"twitter:label2\" content=\"Est. reading time\" \/>\n\t<meta name=\"twitter:data2\" content=\"2 minutes\" \/>\n<script type=\"application\/ld+json\" class=\"yoast-schema-graph\">{\"@context\":\"https:\\\/\\\/schema.org\",\"@graph\":[{\"@type\":\"Article\",\"@id\":\"https:\\\/\\\/www.fcbarcelonanoticias.com\\\/en\\\/laliga\\\/hansi-flick-sent-off-against-girona-and-will-miss-clasico_315053_102.html#article\",\"isPartOf\":{\"@id\":\"https:\\\/\\\/www.fcbarcelonanoticias.com\\\/en\\\/laliga\\\/hansi-flick-sent-off-against-girona-and-will-miss-clasico_315053_102.html\"},\"author\":{\"name\":\"Andr\u00e9s Quiroz\",\"@id\":\"https:\\\/\\\/www.fcbarcelonanoticias.com\\\/en\\\/#\\\/schema\\\/person\\\/c2cd9f6fa1af5c0d0eccd0fefa575c88\"},\"headline\":\"Bar\u00e7a loses Hansi Flick for El Cl\u00e1sico: Gil Manzano ejected the manager against Girona\",\"datePublished\":\"2025-10-18T16:56:00+00:00\",\"mainEntityOfPage\":{\"@id\":\"https:\\\/\\\/www.fcbarcelonanoticias.com\\\/en\\\/laliga\\\/hansi-flick-sent-off-against-girona-and-will-miss-clasico_315053_102.html\"},\"wordCount\":506,\"image\":{\"@id\":\"https:\\\/\\\/www.fcbarcelonanoticias.com\\\/en\\\/laliga\\\/hansi-flick-sent-off-against-girona-and-will-miss-clasico_315053_102.html#primaryimage\"},\"thumbnailUrl\":\"https:\\\/\\\/www.fcbarcelonanoticias.com\\\/en\\\/wp-content\\\/uploads\\\/sites\\\/2\\\/2025\\\/10\\\/hansi-flick-v-gil-manzano-barca-girona-laliga.webp\",\"keywords\":[\"El Cl\u00e1sico\",\"FC Barcelona vs Girona\",\"Hansi Flick\",\"Referees\"],\"articleSection\":[\"LaLiga\",\"LaLiga\"],\"inLanguage\":\"en-US\"},{\"@type\":\"WebPage\",\"@id\":\"https:\\\/\\\/www.fcbarcelonanoticias.com\\\/en\\\/laliga\\\/hansi-flick-sent-off-against-girona-and-will-miss-clasico_315053_102.html\",\"url\":\"https:\\\/\\\/www.fcbarcelonanoticias.com\\\/en\\\/laliga\\\/hansi-flick-sent-off-against-girona-and-will-miss-clasico_315053_102.html\",\"name\":\"Hansi Flick: sent off against Girona and will miss the Cl\u00e1sico\",\"isPartOf\":{\"@id\":\"https:\\\/\\\/www.fcbarcelonanoticias.com\\\/en\\\/#website\"},\"primaryImageOfPage\":{\"@id\":\"https:\\\/\\\/www.fcbarcelonanoticias.com\\\/en\\\/laliga\\\/hansi-flick-sent-off-against-girona-and-will-miss-clasico_315053_102.html#primaryimage\"},\"image\":{\"@id\":\"https:\\\/\\\/www.fcbarcelonanoticias.com\\\/en\\\/laliga\\\/hansi-flick-sent-off-against-girona-and-will-miss-clasico_315053_102.html#primaryimage\"},\"thumbnailUrl\":\"https:\\\/\\\/www.fcbarcelonanoticias.com\\\/en\\\/wp-content\\\/uploads\\\/sites\\\/2\\\/2025\\\/10\\\/hansi-flick-v-gil-manzano-barca-girona-laliga.webp\",\"datePublished\":\"2025-10-18T16:56:00+00:00\",\"author\":{\"@id\":\"https:\\\/\\\/www.fcbarcelonanoticias.com\\\/en\\\/#\\\/schema\\\/person\\\/c2cd9f6fa1af5c0d0eccd0fefa575c88\"},\"description\":\"Hansi Flick received his second red card in LaLiga in the Bar\u00e7a-Girona match. The Bar\u00e7a coach was sent off in added time by Jes\u00fas Gil Manzano\",\"breadcrumb\":{\"@id\":\"https:\\\/\\\/www.fcbarcelonanoticias.com\\\/en\\\/laliga\\\/hansi-flick-sent-off-against-girona-and-will-miss-clasico_315053_102.html#breadcrumb\"},\"inLanguage\":\"en-US\",\"potentialAction\":[{\"@type\":\"ReadAction\",\"target\":[\"https:\\\/\\\/www.fcbarcelonanoticias.com\\\/en\\\/laliga\\\/hansi-flick-sent-off-against-girona-and-will-miss-clasico_315053_102.html\"]}]},{\"@type\":\"ImageObject\",\"inLanguage\":\"en-US\",\"@id\":\"https:\\\/\\\/www.fcbarcelonanoticias.com\\\/en\\\/laliga\\\/hansi-flick-sent-off-against-girona-and-will-miss-clasico_315053_102.html#primaryimage\",\"url\":\"https:\\\/\\\/www.fcbarcelonanoticias.com\\\/en\\\/wp-content\\\/uploads\\\/sites\\\/2\\\/2025\\\/10\\\/hansi-flick-v-gil-manzano-barca-girona-laliga.webp\",\"contentUrl\":\"https:\\\/\\\/www.fcbarcelonanoticias.com\\\/en\\\/wp-content\\\/uploads\\\/sites\\\/2\\\/2025\\\/10\\\/hansi-flick-v-gil-manzano-barca-girona-laliga.webp\",\"width\":1200,\"height\":675},{\"@type\":\"BreadcrumbList\",\"@id\":\"https:\\\/\\\/www.fcbarcelonanoticias.com\\\/en\\\/laliga\\\/hansi-flick-sent-off-against-girona-and-will-miss-clasico_315053_102.html#breadcrumb\",\"itemListElement\":[{\"@type\":\"ListItem\",\"position\":1,\"name\":\"Portada\",\"item\":\"https:\\\/\\\/www.fcbarcelonanoticias.com\\\/en\\\/\"},{\"@type\":\"ListItem\",\"position\":2,\"name\":\"Bar\u00e7a loses Hansi Flick for El Cl\u00e1sico: Gil Manzano ejected the manager against Girona\"}]},{\"@type\":\"WebSite\",\"@id\":\"https:\\\/\\\/www.fcbarcelonanoticias.com\\\/en\\\/#website\",\"url\":\"https:\\\/\\\/www.fcbarcelonanoticias.com\\\/en\\\/\",\"name\":\"EN - FC Barcelona Noticias\",\"description\":\"\",\"potentialAction\":[{\"@type\":\"SearchAction\",\"target\":{\"@type\":\"EntryPoint\",\"urlTemplate\":\"https:\\\/\\\/www.fcbarcelonanoticias.com\\\/en\\\/?s={search_term_string}\"},\"query-input\":{\"@type\":\"PropertyValueSpecification\",\"valueRequired\":true,\"valueName\":\"search_term_string\"}}],\"inLanguage\":\"en-US\"},{\"@type\":\"Person\",\"@id\":\"https:\\\/\\\/www.fcbarcelonanoticias.com\\\/en\\\/#\\\/schema\\\/person\\\/c2cd9f6fa1af5c0d0eccd0fefa575c88\",\"name\":\"Andr\u00e9s Quiroz\",\"image\":{\"@type\":\"ImageObject\",\"inLanguage\":\"en-US\",\"@id\":\"https:\\\/\\\/secure.gravatar.com\\\/avatar\\\/?s=96&d=mm&r=g\",\"url\":\"https:\\\/\\\/secure.gravatar.com\\\/avatar\\\/?s=96&d=mm&r=g\",\"contentUrl\":\"https:\\\/\\\/secure.gravatar.com\\\/avatar\\\/?s=96&d=mm&r=g\",\"caption\":\"Andr\u00e9s Quiroz\"},\"description\":\"Licenciado en Periodismo por la Universidad de los Andes. Me encargo de analizar y compartir los contenidos m\u00e1s destacados de la\u00a0actualidad del F\u00fatbol Club Barcelona, Mercado de Fichajes y F\u00fatbol Internacional en FCBN. La informaci\u00f3n es poder, pero tambi\u00e9n conocimiento.\",\"url\":\"https:\\\/\\\/www.fcbarcelonanoticias.com\\\/en\\\/fc-barcelona\\\/andres-quiroz_17_115.html\"}]}<\/script>\n<!-- \/ Yoast SEO plugin. -->","yoast_head_json":{"title":"Hansi Flick: sent off against Girona and will miss the Cl\u00e1sico","description":"Hansi Flick received his second red card in LaLiga in the Bar\u00e7a-Girona match. The Bar\u00e7a coach was sent off in added time by Jes\u00fas Gil Manzano","robots":{"index":"index","follow":"follow","max-snippet":"max-snippet:-1","max-image-preview":"max-image-preview:large","max-video-preview":"max-video-preview:-1"},"canonical":"https:\/\/www.fcbarcelonanoticias.com\/en\/laliga\/hansi-flick-sent-off-against-girona-and-will-miss-clasico_315053_102.html","og_locale":"en_US","og_type":"article","og_title":"Hansi Flick: sent off against Girona and will miss the Cl\u00e1sico","og_description":"Hansi Flick received his second red card in LaLiga in the Bar\u00e7a-Girona match. The Bar\u00e7a coach was sent off in added time by Jes\u00fas Gil Manzano","og_url":"https:\/\/www.fcbarcelonanoticias.com\/en\/laliga\/hansi-flick-sent-off-against-girona-and-will-miss-clasico_315053_102.html","og_site_name":"EN - FC Barcelona Noticias","article_published_time":"2025-10-18T16:56:00+00:00","og_image":[{"width":1200,"height":675,"url":"https:\/\/www.fcbarcelonanoticias.com\/en\/wp-content\/uploads\/sites\/2\/2025\/10\/hansi-flick-v-gil-manzano-barca-girona-laliga.webp","type":"image\/webp"}],"author":"Andr\u00e9s Quiroz","twitter_card":"summary_large_image","twitter_misc":{"Written by":"Andr\u00e9s Quiroz","Est. reading time":"2 minutes"},"schema":{"@context":"https:\/\/schema.org","@graph":[{"@type":"Article","@id":"https:\/\/www.fcbarcelonanoticias.com\/en\/laliga\/hansi-flick-sent-off-against-girona-and-will-miss-clasico_315053_102.html#article","isPartOf":{"@id":"https:\/\/www.fcbarcelonanoticias.com\/en\/laliga\/hansi-flick-sent-off-against-girona-and-will-miss-clasico_315053_102.html"},"author":{"name":"Andr\u00e9s Quiroz","@id":"https:\/\/www.fcbarcelonanoticias.com\/en\/#\/schema\/person\/c2cd9f6fa1af5c0d0eccd0fefa575c88"},"headline":"Bar\u00e7a loses Hansi Flick for El Cl\u00e1sico: Gil Manzano ejected the manager against Girona","datePublished":"2025-10-18T16:56:00+00:00","mainEntityOfPage":{"@id":"https:\/\/www.fcbarcelonanoticias.com\/en\/laliga\/hansi-flick-sent-off-against-girona-and-will-miss-clasico_315053_102.html"},"wordCount":506,"image":{"@id":"https:\/\/www.fcbarcelonanoticias.com\/en\/laliga\/hansi-flick-sent-off-against-girona-and-will-miss-clasico_315053_102.html#primaryimage"},"thumbnailUrl":"https:\/\/www.fcbarcelonanoticias.com\/en\/wp-content\/uploads\/sites\/2\/2025\/10\/hansi-flick-v-gil-manzano-barca-girona-laliga.webp","keywords":["El Cl\u00e1sico","FC Barcelona vs Girona","Hansi Flick","Referees"],"articleSection":["LaLiga","LaLiga"],"inLanguage":"en-US"},{"@type":"WebPage","@id":"https:\/\/www.fcbarcelonanoticias.com\/en\/laliga\/hansi-flick-sent-off-against-girona-and-will-miss-clasico_315053_102.html","url":"https:\/\/www.fcbarcelonanoticias.com\/en\/laliga\/hansi-flick-sent-off-against-girona-and-will-miss-clasico_315053_102.html","name":"Hansi Flick: sent off against Girona and will miss the Cl\u00e1sico","isPartOf":{"@id":"https:\/\/www.fcbarcelonanoticias.com\/en\/#website"},"primaryImageOfPage":{"@id":"https:\/\/www.fcbarcelonanoticias.com\/en\/laliga\/hansi-flick-sent-off-against-girona-and-will-miss-clasico_315053_102.html#primaryimage"},"image":{"@id":"https:\/\/www.fcbarcelonanoticias.com\/en\/laliga\/hansi-flick-sent-off-against-girona-and-will-miss-clasico_315053_102.html#primaryimage"},"thumbnailUrl":"https:\/\/www.fcbarcelonanoticias.com\/en\/wp-content\/uploads\/sites\/2\/2025\/10\/hansi-flick-v-gil-manzano-barca-girona-laliga.webp","datePublished":"2025-10-18T16:56:00+00:00","author":{"@id":"https:\/\/www.fcbarcelonanoticias.com\/en\/#\/schema\/person\/c2cd9f6fa1af5c0d0eccd0fefa575c88"},"description":"Hansi Flick received his second red card in LaLiga in the Bar\u00e7a-Girona match. The Bar\u00e7a coach was sent off in added time by Jes\u00fas Gil Manzano","breadcrumb":{"@id":"https:\/\/www.fcbarcelonanoticias.com\/en\/laliga\/hansi-flick-sent-off-against-girona-and-will-miss-clasico_315053_102.html#breadcrumb"},"inLanguage":"en-US","potentialAction":[{"@type":"ReadAction","target":["https:\/\/www.fcbarcelonanoticias.com\/en\/laliga\/hansi-flick-sent-off-against-girona-and-will-miss-clasico_315053_102.html"]}]},{"@type":"ImageObject","inLanguage":"en-US","@id":"https:\/\/www.fcbarcelonanoticias.com\/en\/laliga\/hansi-flick-sent-off-against-girona-and-will-miss-clasico_315053_102.html#primaryimage","url":"https:\/\/www.fcbarcelonanoticias.com\/en\/wp-content\/uploads\/sites\/2\/2025\/10\/hansi-flick-v-gil-manzano-barca-girona-laliga.webp","contentUrl":"https:\/\/www.fcbarcelonanoticias.com\/en\/wp-content\/uploads\/sites\/2\/2025\/10\/hansi-flick-v-gil-manzano-barca-girona-laliga.webp","width":1200,"height":675},{"@type":"BreadcrumbList","@id":"https:\/\/www.fcbarcelonanoticias.com\/en\/laliga\/hansi-flick-sent-off-against-girona-and-will-miss-clasico_315053_102.html#breadcrumb","itemListElement":[{"@type":"ListItem","position":1,"name":"Portada","item":"https:\/\/www.fcbarcelonanoticias.com\/en\/"},{"@type":"ListItem","position":2,"name":"Bar\u00e7a loses Hansi Flick for El Cl\u00e1sico: Gil Manzano ejected the manager against Girona"}]},{"@type":"WebSite","@id":"https:\/\/www.fcbarcelonanoticias.com\/en\/#website","url":"https:\/\/www.fcbarcelonanoticias.com\/en\/","name":"EN - FC Barcelona Noticias","description":"","potentialAction":[{"@type":"SearchAction","target":{"@type":"EntryPoint","urlTemplate":"https:\/\/www.fcbarcelonanoticias.com\/en\/?s={search_term_string}"},"query-input":{"@type":"PropertyValueSpecification","valueRequired":true,"valueName":"search_term_string"}}],"inLanguage":"en-US"},{"@type":"Person","@id":"https:\/\/www.fcbarcelonanoticias.com\/en\/#\/schema\/person\/c2cd9f6fa1af5c0d0eccd0fefa575c88","name":"Andr\u00e9s Quiroz","image":{"@type":"ImageObject","inLanguage":"en-US","@id":"https:\/\/secure.gravatar.com\/avatar\/?s=96&d=mm&r=g","url":"https:\/\/secure.gravatar.com\/avatar\/?s=96&d=mm&r=g","contentUrl":"https:\/\/secure.gravatar.com\/avatar\/?s=96&d=mm&r=g","caption":"Andr\u00e9s Quiroz"},"description":"Licenciado en Periodismo por la Universidad de los Andes. Me encargo de analizar y compartir los contenidos m\u00e1s destacados de la\u00a0actualidad del F\u00fatbol Club Barcelona, Mercado de Fichajes y F\u00fatbol Internacional en FCBN. La informaci\u00f3n es poder, pero tambi\u00e9n conocimiento.","url":"https:\/\/www.fcbarcelonanoticias.com\/en\/fc-barcelona\/andres-quiroz_17_115.html"}]}},"_links":{"self":[{"href":"https:\/\/www.fcbarcelonanoticias.com\/en\/wp-json\/wp\/v2\/posts\/55540","targetHints":{"allow":["GET"]}}],"collection":[{"href":"https:\/\/www.fcbarcelonanoticias.com\/en\/wp-json\/wp\/v2\/posts"}],"about":[{"href":"https:\/\/www.fcbarcelonanoticias.com\/en\/wp-json\/wp\/v2\/types\/post"}],"author":[{"embeddable":true,"href":"https:\/\/www.fcbarcelonanoticias.com\/en\/wp-json\/wp\/v2\/users\/347"}],"replies":[{"embeddable":true,"href":"https:\/\/www.fcbarcelonanoticias.com\/en\/wp-json\/wp\/v2\/comments?post=55540"}],"version-history":[{"count":1,"href":"https:\/\/www.fcbarcelonanoticias.com\/en\/wp-json\/wp\/v2\/posts\/55540\/revisions"}],"predecessor-version":[{"id":55544,"href":"https:\/\/www.fcbarcelonanoticias.com\/en\/wp-json\/wp\/v2\/posts\/55540\/revisions\/55544"}],"wp:featuredmedia":[{"embeddable":true,"href":"https:\/\/www.fcbarcelonanoticias.com\/en\/wp-json\/wp\/v2\/media\/55545"}],"wp:attachment":[{"href":"https:\/\/www.fcbarcelonanoticias.com\/en\/wp-json\/wp\/v2\/media?parent=55540"}],"wp:term":[{"taxonomy":"category","embeddable":true,"href":"https:\/\/www.fcbarcelonanoticias.com\/en\/wp-json\/wp\/v2\/categories?post=55540"},{"taxonomy":"post_tag","embeddable":true,"href":"https:\/\/www.fcbarcelonanoticias.com\/en\/wp-json\/wp\/v2\/tags?post=55540"}],"curies":[{"name":"wp","href":"https:\/\/api.w.org\/{rel}","templated":true}]}}