{"id":55547,"date":"2025-11-01T15:23:00","date_gmt":"2025-11-01T14:23:00","guid":{"rendered":"https:\/\/weisetech.dev\/fc-barcelona-noticias\/en\/hansi-flick-confirms-return-of-lewandowski-and-olmo_315154_102\/"},"modified":"2025-11-01T15:23:00","modified_gmt":"2025-11-01T14:23:00","slug":"hansi-flick-confirms-return-of-lewandowski-and-olmo_315154_102","status":"publish","type":"post","link":"https:\/\/www.fcbarcelonanoticias.com\/en\/laliga\/hansi-flick-confirms-return-of-lewandowski-and-olmo_315154_102.html","title":{"rendered":"Hansi Flick Confirms Return of Lewandowski and Olmo Against Elche"},"content":{"rendered":"<h2 class=\"wp-block-heading\">Hansi Flick spoke to the press before the Bar\u00e7a-Elche match, after serving a one-match suspension. The coach expressed his surprise at Pedri&#8217;s injury, but also confirmed that Lewandowski and Olmo have been cleared to play<\/h2>  \r\n<div class=\"article-addons\">\r\n    <a href=\"https:\/\/www.fcbarcelonanoticias.com\/en\/calendar-fc-barcelona.html\"\r\n       target=\"_self\"\r\n       title=\"Calendar of FC Barcelona\"\r\n       class=\"blue-gredient-btn\">\r\n       \r\n        Calendar of FC Barcelona    <\/a>\r\n<\/div>   <p><a data-external=\"0\" data-intl-links-en=\"https:\/\/www.fcbarcelonanoticias.com\/en\/laliga\/barcelona-elche-schedule-and-tv-laliga-2025-26-md11_314969_102.html\" data-intl-links-es=\"https:\/\/www.fcbarcelonanoticias.com\/laliga\/horario-tv-barcelona-elche-laliga-2025-26-j11_314969_102.html\" href=\"https:\/\/www.fcbarcelonanoticias.com\/en\/laliga\/barcelona-elche-schedule-and-tv-laliga-2025-26-md11_314969_102.html\" rel=\"follow\" target=\"_self\" title=\"Horario y TV del Barcelona - Elche: LaLiga 2025\/26 J11\">FC Barcelona hosts Elche this Sunday at Montju\u00efc (6:30 PM CEST)<\/a> with <strong>Hansi Flick<\/strong> back on the bench. The German served a one-match suspension in the <strong>Cl\u00e1sico<\/strong> against <strong>Real Madrid<\/strong> after being sent off against <strong>Girona<\/strong>, and he won&#8217;t be the only new face on the Bar\u00e7a bench. Two of the team&#8217;s injured players will also return to the squad on matchday 11 of LaLiga.<\/p>  <p>In the press conference prior to the match against the Elche team, Flick confirmed that <strong>Robert Lewandowski and Dani Olmo<\/strong> will be available to, perhaps, add minutes in the second half. Both trained normally during the week and, in the case of the Pole, he managed to shorten his recovery by a couple of weeks.<\/p>  <p>&#8220;I&#8217;ve really liked what I&#8217;ve seen in training the last two days. <strong>We&#8217;re getting Lewy and Olmo back, but we&#8217;re losing Pedri. That&#8217;s how it goes&#8230; we have to accept it<\/strong>,&#8221; the Bar\u00e7a coach began by saying. &#8220;I don&#8217;t think about the injured players&#8230; if they&#8217;re not all here, it&#8217;s not easy to manage. With Dani and Lewy, what I see is that they not only have to train and improve their level, but the others have to as well&#8221;<\/p>  <h2>Flick, Surprised by Pedri&#8217;s Injury<\/h2>  <p>In that regard, the German coach was surprised by the &#8216;8&#8217;s injury. The midfielder went to the Ciutat Esportiva during Tuesday&#8217;s day off to work in the gym and, finally, <a data-external=\"0\" data-intl-links-en=\"https:\/\/www.fcbarcelonanoticias.com\/en\/fc-barcelona\/pedri-breaks-down-barcelona-confirms-midfielder-injury_315145_102.html\" data-intl-links-es=\"https:\/\/www.fcbarcelonanoticias.com\/fc-barcelona\/pedri-gonzalez-ko-comunicado-medico-barcelona-confirma-su-lesion_315145_102.html\" href=\"https:\/\/www.fcbarcelonanoticias.com\/en\/fc-barcelona\/pedri-breaks-down-barcelona-confirms-midfielder-injury_315145_102.html\" rel=\"follow\" target=\"_self\" title=\"Pedri Gonz\u00e1lez KO: Comunicado m\u00e9dico del Barcelona confirma su lesi\u00f3n\">a rupture of the distal femoral biceps in his left leg<\/a> was confirmed, which could leave him out for around a month and a half.<\/p>  <p>&#8220;He was only feeling discomfort, but we checked him and saw the injury. <strong>We&#8217;re missing one of our best players. He gives us possession. But we have to manage<\/strong>. Let&#8217;s hope Pedri comes back soon,&#8221; explained Flick, who avoided lamenting the losses too much.<\/p>  <p>&#8220;<strong>Things are as they are. We have to accept it. It&#8217;s November and there&#8217;s still a long way to go until the end of the season<\/strong>,&#8221; argued the man from Heidelberg. Against Elche, in addition to Pedri, <strong>Ter Stegen, Gavi, Raphinha, Joan Garc\u00eda, and Christensen<\/strong> remain in the infirmary, the latter as a precaution. Regarding the Catalan goalkeeper, the coach made it clear that he is facing the final stretch of his recovery.<\/p>  <p>&#8220;<strong>We&#8217;re taking it day by day. Joan is training and he&#8217;s doing very well, he looks good<\/strong>. He&#8217;s on the right track, but we mustn&#8217;t put pressure on him and we have to continue in that vein,&#8221; the Bar\u00e7a coach pointed out. He also made it clear that both Lewandowski and Olmo will be adding minutes depending on their performance. Ferran Torres and Ferm\u00edn L\u00f3pez, for now, will continue in the starting XI.<\/p>  <h2>Hansi Flick Reiterates His &#8216;Protection&#8217; of Lamine Yamal<\/h2>  <p>On the other hand, Hansi Flick was also asked about the physical condition of <a data-external=\"0\" data-intl-links-en=\"https:\/\/www.fcbarcelonanoticias.com\/en\/fc-barcelona\/lamine-yamal-effects-of-pubalgia-and-barcelona-plan_315139_102.html\" data-intl-links-es=\"https:\/\/www.fcbarcelonanoticias.com\/fc-barcelona\/asi-afecta-pubalgia-lamine-yamal-10-barcelona-no-esta-tope_315139_102.html\" href=\"https:\/\/www.fcbarcelonanoticias.com\/en\/fc-barcelona\/lamine-yamal-effects-of-pubalgia-and-barcelona-plan_315139_102.html\" rel=\"follow\" target=\"_self\" title=\"As\u00ed afecta la pubalgia a Lamine Yamal: el '10' del Bar\u00e7a a\u00fan no est\u00e1 a tope\">Lamine Yamal<\/a>. The &#8217;10&#8217; did not have a good afternoon against Real Madrid and the coach did not hesitate to protect him from criticism.&nbsp;<\/p>  <p>&#8220;<strong>I just spoke with him and he&#8217;s fine. Some days, he has discomfort. But he is progressing well<\/strong>,&#8221; he said regarding the pubalgia that has been affecting the performance of the player from Matar\u00f3.<\/p>  <p>While he declined to talk about the Cl\u00e1sico in particular, Flick pointed out some key areas for improvement so that Lamine can return to his best form. So far, the winger has 3 goals and 5 assists in 8 games.<\/p>  <p>&#8220;<strong>I think the way to get back to your best level is to regain your usual position<\/strong>. He can move inside, outside&#8230; he&#8217;s a different player and can move in different positions. But <strong>for him, the important thing is to touch the ball, it&#8217;s his strong point. That&#8217;s when he creates<\/strong>,&#8221; he argued.<\/p>  <p>&#8220;We always talk to Lamine. We do it normally. We are sincere. I am always going to protect and support him. He is fantastic. Very young&#8221;<\/p>  <h2>The defeat in the Cl\u00e1sico and the virtues of Elche<\/h2>  <p>Although Flick dismissed talking about Bar\u00e7a&#8217;s performance in the Cl\u00e1sico because it was &#8220;water under the bridge,&#8221; he did open up about how he approached the match at the Bernab\u00e9u. &#8220;I don&#8217;t want to look back. <strong>It&#8217;s not the best position to be up there, behind some glass, and not on the bench because I&#8217;m <a data-external=\"0\" data-intl-links-en=\"https:\/\/www.fcbarcelonanoticias.com\/en\/laliga\/laliga-competition-committee-sanctions-flick-with-1-match_315091_102.html\" data-intl-links-es=\"https:\/\/www.fcbarcelonanoticias.com\/laliga\/comite-competicion-sanciona-hansi-flick-con-1-partido-liga_315091_102.html\" href=\"https:\/\/www.fcbarcelonanoticias.com\/en\/laliga\/laliga-competition-committee-sanctions-flick-with-1-match_315091_102.html\" rel=\"follow\" target=\"_self\" title=\"El Comit\u00e9 de Competici\u00f3n sanciona a Hansi Flick con 1 partido de Liga\">suspended<\/a><\/strong>. I have to work on myself,&#8221; the coach explained regarding his expulsion against Girona.<\/p>  <p>And, with respect to Elche, he took the opportunity to praise the work done by Eder Sarabia&#8217;s team. The &#8216;franjiverde&#8217; team has 3 wins, 5 draws and only 2 losses in their return to LaLiga, remaining for now in the first half of the standings.<\/p>  <p>&#8220;It&#8217;s a different match, I like Elche, how they play&#8230; <strong>They are a unit that plays as a team to find solutions, to spread out&#8230; we have to stick to our match plan<\/strong>,&#8221; said the coach. Bar\u00e7a comes to matchday 11 with 22 points, 5 less than Real Madrid (27). Elche, meanwhile, has 14 points and occupies eighth place in the table.<\/p>  <ul> <li>\ud83d\udc49 Follow the complete coverage of <strong><a data-external=\"0\" data-intl-links-en=\"https:\/\/www.fcbarcelonanoticias.com\/en\/laliga.html\" data-intl-links-es=\"https:\/\/www.fcbarcelonanoticias.com\/laliga.html\" href=\"https:\/\/www.fcbarcelonanoticias.com\/en\/laliga.html\" rel=\"follow\" target=\"_self\" title=\"LaLiga\">LaLiga EA Sports 2025-26<\/a><\/strong> in FC Barcelona Noticias<\/li> <\/ul> ","protected":false},"excerpt":{"rendered":"<p>Hansi Flick spoke to the press before the Bar\u00e7a-Elche match, after serving a one-match suspension. The coach expressed his surprise at Pedri&#8217;s injury, but also confirmed that Lewandowski and Olmo have been cleared to play FC Barcelona hosts Elche this Sunday at Montju\u00efc (6:30 PM CEST) with Hansi Flick back on the bench. The German [&hellip;]<\/p>\n","protected":false},"author":347,"featured_media":55551,"comment_status":"closed","ping_status":"open","sticky":false,"template":"","format":"standard","meta":{"_acf_changed":false,"inline_featured_image":false,"_nextfly_llmd_date_locked":false,"footnotes":""},"categories":[448,114],"tags":[347,87,136,464,149],"class_list":["post-55547","post","type-post","status-publish","format-standard","has-post-thumbnail","hentry","category-laliga-2","category-laliga","tag-elche-cf","tag-hansi-flick","tag-injured","tag-pedri-2","tag-pedri"],"acf":[],"yoast_head":"<!-- This site is optimized with the Yoast SEO plugin v27.3 - https:\/\/yoast.com\/product\/yoast-seo-wordpress\/ -->\n<title>Hansi Flick Confirms Return of Lewandowski and Olmo Against Elche<\/title>\n<meta name=\"description\" content=\"Hansi Flick expressed his surprise at Pedri&#039;s injury, but also confirmed that Lewandowski and Olmo have been cleared to play in the Bar\u00e7a-Elche match\" \/>\n<meta name=\"robots\" content=\"index, follow, max-snippet:-1, max-image-preview:large, max-video-preview:-1\" \/>\n<link rel=\"canonical\" href=\"https:\/\/www.fcbarcelonanoticias.com\/en\/laliga\/hansi-flick-confirms-return-of-lewandowski-and-olmo_315154_102.html\" \/>\n<meta property=\"og:locale\" content=\"en_US\" \/>\n<meta property=\"og:type\" content=\"article\" \/>\n<meta property=\"og:title\" content=\"Hansi Flick Confirms Return of Lewandowski and Olmo Against Elche\" \/>\n<meta property=\"og:description\" content=\"Hansi Flick expressed his surprise at Pedri&#039;s injury, but also confirmed that Lewandowski and Olmo have been cleared to play in the Bar\u00e7a-Elche match\" \/>\n<meta property=\"og:url\" content=\"https:\/\/www.fcbarcelonanoticias.com\/en\/laliga\/hansi-flick-confirms-return-of-lewandowski-and-olmo_315154_102.html\" \/>\n<meta property=\"og:site_name\" content=\"EN - FC Barcelona Noticias\" \/>\n<meta property=\"article:published_time\" content=\"2025-11-01T14:23:00+00:00\" \/>\n<meta property=\"og:image\" content=\"https:\/\/www.fcbarcelonanoticias.com\/en\/wp-content\/uploads\/sites\/2\/2025\/11\/hansi-flick-rdp-barca-elche-laliga.webp\" \/>\n\t<meta property=\"og:image:width\" content=\"1200\" \/>\n\t<meta property=\"og:image:height\" content=\"675\" \/>\n\t<meta property=\"og:image:type\" content=\"image\/webp\" \/>\n<meta name=\"author\" content=\"Andr\u00e9s Quiroz\" \/>\n<meta name=\"twitter:card\" content=\"summary_large_image\" \/>\n<meta name=\"twitter:label1\" content=\"Written by\" \/>\n\t<meta name=\"twitter:data1\" content=\"Andr\u00e9s Quiroz\" \/>\n\t<meta name=\"twitter:label2\" content=\"Est. reading time\" \/>\n\t<meta name=\"twitter:data2\" content=\"4 minutes\" \/>\n<script type=\"application\/ld+json\" class=\"yoast-schema-graph\">{\"@context\":\"https:\\\/\\\/schema.org\",\"@graph\":[{\"@type\":\"Article\",\"@id\":\"https:\\\/\\\/www.fcbarcelonanoticias.com\\\/en\\\/laliga\\\/hansi-flick-confirms-return-of-lewandowski-and-olmo_315154_102.html#article\",\"isPartOf\":{\"@id\":\"https:\\\/\\\/www.fcbarcelonanoticias.com\\\/en\\\/laliga\\\/hansi-flick-confirms-return-of-lewandowski-and-olmo_315154_102.html\"},\"author\":{\"name\":\"Andr\u00e9s Quiroz\",\"@id\":\"https:\\\/\\\/www.fcbarcelonanoticias.com\\\/en\\\/#\\\/schema\\\/person\\\/c2cd9f6fa1af5c0d0eccd0fefa575c88\"},\"headline\":\"Hansi Flick Confirms Return of Lewandowski and Olmo Against Elche\",\"datePublished\":\"2025-11-01T14:23:00+00:00\",\"mainEntityOfPage\":{\"@id\":\"https:\\\/\\\/www.fcbarcelonanoticias.com\\\/en\\\/laliga\\\/hansi-flick-confirms-return-of-lewandowski-and-olmo_315154_102.html\"},\"wordCount\":927,\"image\":{\"@id\":\"https:\\\/\\\/www.fcbarcelonanoticias.com\\\/en\\\/laliga\\\/hansi-flick-confirms-return-of-lewandowski-and-olmo_315154_102.html#primaryimage\"},\"thumbnailUrl\":\"https:\\\/\\\/www.fcbarcelonanoticias.com\\\/en\\\/wp-content\\\/uploads\\\/sites\\\/2\\\/2025\\\/11\\\/hansi-flick-rdp-barca-elche-laliga.webp\",\"keywords\":[\"Elche CF\",\"Hansi Flick\",\"injured\",\"Pedri\",\"Pedri\"],\"articleSection\":[\"LaLiga\",\"LaLiga\"],\"inLanguage\":\"en-US\"},{\"@type\":\"WebPage\",\"@id\":\"https:\\\/\\\/www.fcbarcelonanoticias.com\\\/en\\\/laliga\\\/hansi-flick-confirms-return-of-lewandowski-and-olmo_315154_102.html\",\"url\":\"https:\\\/\\\/www.fcbarcelonanoticias.com\\\/en\\\/laliga\\\/hansi-flick-confirms-return-of-lewandowski-and-olmo_315154_102.html\",\"name\":\"Hansi Flick Confirms Return of Lewandowski and Olmo Against Elche\",\"isPartOf\":{\"@id\":\"https:\\\/\\\/www.fcbarcelonanoticias.com\\\/en\\\/#website\"},\"primaryImageOfPage\":{\"@id\":\"https:\\\/\\\/www.fcbarcelonanoticias.com\\\/en\\\/laliga\\\/hansi-flick-confirms-return-of-lewandowski-and-olmo_315154_102.html#primaryimage\"},\"image\":{\"@id\":\"https:\\\/\\\/www.fcbarcelonanoticias.com\\\/en\\\/laliga\\\/hansi-flick-confirms-return-of-lewandowski-and-olmo_315154_102.html#primaryimage\"},\"thumbnailUrl\":\"https:\\\/\\\/www.fcbarcelonanoticias.com\\\/en\\\/wp-content\\\/uploads\\\/sites\\\/2\\\/2025\\\/11\\\/hansi-flick-rdp-barca-elche-laliga.webp\",\"datePublished\":\"2025-11-01T14:23:00+00:00\",\"author\":{\"@id\":\"https:\\\/\\\/www.fcbarcelonanoticias.com\\\/en\\\/#\\\/schema\\\/person\\\/c2cd9f6fa1af5c0d0eccd0fefa575c88\"},\"description\":\"Hansi Flick expressed his surprise at Pedri's injury, but also confirmed that Lewandowski and Olmo have been cleared to play in the Bar\u00e7a-Elche match\",\"breadcrumb\":{\"@id\":\"https:\\\/\\\/www.fcbarcelonanoticias.com\\\/en\\\/laliga\\\/hansi-flick-confirms-return-of-lewandowski-and-olmo_315154_102.html#breadcrumb\"},\"inLanguage\":\"en-US\",\"potentialAction\":[{\"@type\":\"ReadAction\",\"target\":[\"https:\\\/\\\/www.fcbarcelonanoticias.com\\\/en\\\/laliga\\\/hansi-flick-confirms-return-of-lewandowski-and-olmo_315154_102.html\"]}]},{\"@type\":\"ImageObject\",\"inLanguage\":\"en-US\",\"@id\":\"https:\\\/\\\/www.fcbarcelonanoticias.com\\\/en\\\/laliga\\\/hansi-flick-confirms-return-of-lewandowski-and-olmo_315154_102.html#primaryimage\",\"url\":\"https:\\\/\\\/www.fcbarcelonanoticias.com\\\/en\\\/wp-content\\\/uploads\\\/sites\\\/2\\\/2025\\\/11\\\/hansi-flick-rdp-barca-elche-laliga.webp\",\"contentUrl\":\"https:\\\/\\\/www.fcbarcelonanoticias.com\\\/en\\\/wp-content\\\/uploads\\\/sites\\\/2\\\/2025\\\/11\\\/hansi-flick-rdp-barca-elche-laliga.webp\",\"width\":1200,\"height\":675},{\"@type\":\"BreadcrumbList\",\"@id\":\"https:\\\/\\\/www.fcbarcelonanoticias.com\\\/en\\\/laliga\\\/hansi-flick-confirms-return-of-lewandowski-and-olmo_315154_102.html#breadcrumb\",\"itemListElement\":[{\"@type\":\"ListItem\",\"position\":1,\"name\":\"Portada\",\"item\":\"https:\\\/\\\/www.fcbarcelonanoticias.com\\\/en\\\/\"},{\"@type\":\"ListItem\",\"position\":2,\"name\":\"Hansi Flick Confirms Return of Lewandowski and Olmo Against Elche\"}]},{\"@type\":\"WebSite\",\"@id\":\"https:\\\/\\\/www.fcbarcelonanoticias.com\\\/en\\\/#website\",\"url\":\"https:\\\/\\\/www.fcbarcelonanoticias.com\\\/en\\\/\",\"name\":\"EN - FC Barcelona Noticias\",\"description\":\"\",\"potentialAction\":[{\"@type\":\"SearchAction\",\"target\":{\"@type\":\"EntryPoint\",\"urlTemplate\":\"https:\\\/\\\/www.fcbarcelonanoticias.com\\\/en\\\/?s={search_term_string}\"},\"query-input\":{\"@type\":\"PropertyValueSpecification\",\"valueRequired\":true,\"valueName\":\"search_term_string\"}}],\"inLanguage\":\"en-US\"},{\"@type\":\"Person\",\"@id\":\"https:\\\/\\\/www.fcbarcelonanoticias.com\\\/en\\\/#\\\/schema\\\/person\\\/c2cd9f6fa1af5c0d0eccd0fefa575c88\",\"name\":\"Andr\u00e9s Quiroz\",\"image\":{\"@type\":\"ImageObject\",\"inLanguage\":\"en-US\",\"@id\":\"https:\\\/\\\/secure.gravatar.com\\\/avatar\\\/?s=96&d=mm&r=g\",\"url\":\"https:\\\/\\\/secure.gravatar.com\\\/avatar\\\/?s=96&d=mm&r=g\",\"contentUrl\":\"https:\\\/\\\/secure.gravatar.com\\\/avatar\\\/?s=96&d=mm&r=g\",\"caption\":\"Andr\u00e9s Quiroz\"},\"description\":\"Licenciado en Periodismo por la Universidad de los Andes. Me encargo de analizar y compartir los contenidos m\u00e1s destacados de la\u00a0actualidad del F\u00fatbol Club Barcelona, Mercado de Fichajes y F\u00fatbol Internacional en FCBN. La informaci\u00f3n es poder, pero tambi\u00e9n conocimiento.\",\"url\":\"https:\\\/\\\/www.fcbarcelonanoticias.com\\\/en\\\/fc-barcelona\\\/andres-quiroz_17_115.html\"}]}<\/script>\n<!-- \/ Yoast SEO plugin. -->","yoast_head_json":{"title":"Hansi Flick Confirms Return of Lewandowski and Olmo Against Elche","description":"Hansi Flick expressed his surprise at Pedri's injury, but also confirmed that Lewandowski and Olmo have been cleared to play in the Bar\u00e7a-Elche match","robots":{"index":"index","follow":"follow","max-snippet":"max-snippet:-1","max-image-preview":"max-image-preview:large","max-video-preview":"max-video-preview:-1"},"canonical":"https:\/\/www.fcbarcelonanoticias.com\/en\/laliga\/hansi-flick-confirms-return-of-lewandowski-and-olmo_315154_102.html","og_locale":"en_US","og_type":"article","og_title":"Hansi Flick Confirms Return of Lewandowski and Olmo Against Elche","og_description":"Hansi Flick expressed his surprise at Pedri's injury, but also confirmed that Lewandowski and Olmo have been cleared to play in the Bar\u00e7a-Elche match","og_url":"https:\/\/www.fcbarcelonanoticias.com\/en\/laliga\/hansi-flick-confirms-return-of-lewandowski-and-olmo_315154_102.html","og_site_name":"EN - FC Barcelona Noticias","article_published_time":"2025-11-01T14:23:00+00:00","og_image":[{"width":1200,"height":675,"url":"https:\/\/www.fcbarcelonanoticias.com\/en\/wp-content\/uploads\/sites\/2\/2025\/11\/hansi-flick-rdp-barca-elche-laliga.webp","type":"image\/webp"}],"author":"Andr\u00e9s Quiroz","twitter_card":"summary_large_image","twitter_misc":{"Written by":"Andr\u00e9s Quiroz","Est. reading time":"4 minutes"},"schema":{"@context":"https:\/\/schema.org","@graph":[{"@type":"Article","@id":"https:\/\/www.fcbarcelonanoticias.com\/en\/laliga\/hansi-flick-confirms-return-of-lewandowski-and-olmo_315154_102.html#article","isPartOf":{"@id":"https:\/\/www.fcbarcelonanoticias.com\/en\/laliga\/hansi-flick-confirms-return-of-lewandowski-and-olmo_315154_102.html"},"author":{"name":"Andr\u00e9s Quiroz","@id":"https:\/\/www.fcbarcelonanoticias.com\/en\/#\/schema\/person\/c2cd9f6fa1af5c0d0eccd0fefa575c88"},"headline":"Hansi Flick Confirms Return of Lewandowski and Olmo Against Elche","datePublished":"2025-11-01T14:23:00+00:00","mainEntityOfPage":{"@id":"https:\/\/www.fcbarcelonanoticias.com\/en\/laliga\/hansi-flick-confirms-return-of-lewandowski-and-olmo_315154_102.html"},"wordCount":927,"image":{"@id":"https:\/\/www.fcbarcelonanoticias.com\/en\/laliga\/hansi-flick-confirms-return-of-lewandowski-and-olmo_315154_102.html#primaryimage"},"thumbnailUrl":"https:\/\/www.fcbarcelonanoticias.com\/en\/wp-content\/uploads\/sites\/2\/2025\/11\/hansi-flick-rdp-barca-elche-laliga.webp","keywords":["Elche CF","Hansi Flick","injured","Pedri","Pedri"],"articleSection":["LaLiga","LaLiga"],"inLanguage":"en-US"},{"@type":"WebPage","@id":"https:\/\/www.fcbarcelonanoticias.com\/en\/laliga\/hansi-flick-confirms-return-of-lewandowski-and-olmo_315154_102.html","url":"https:\/\/www.fcbarcelonanoticias.com\/en\/laliga\/hansi-flick-confirms-return-of-lewandowski-and-olmo_315154_102.html","name":"Hansi Flick Confirms Return of Lewandowski and Olmo Against Elche","isPartOf":{"@id":"https:\/\/www.fcbarcelonanoticias.com\/en\/#website"},"primaryImageOfPage":{"@id":"https:\/\/www.fcbarcelonanoticias.com\/en\/laliga\/hansi-flick-confirms-return-of-lewandowski-and-olmo_315154_102.html#primaryimage"},"image":{"@id":"https:\/\/www.fcbarcelonanoticias.com\/en\/laliga\/hansi-flick-confirms-return-of-lewandowski-and-olmo_315154_102.html#primaryimage"},"thumbnailUrl":"https:\/\/www.fcbarcelonanoticias.com\/en\/wp-content\/uploads\/sites\/2\/2025\/11\/hansi-flick-rdp-barca-elche-laliga.webp","datePublished":"2025-11-01T14:23:00+00:00","author":{"@id":"https:\/\/www.fcbarcelonanoticias.com\/en\/#\/schema\/person\/c2cd9f6fa1af5c0d0eccd0fefa575c88"},"description":"Hansi Flick expressed his surprise at Pedri's injury, but also confirmed that Lewandowski and Olmo have been cleared to play in the Bar\u00e7a-Elche match","breadcrumb":{"@id":"https:\/\/www.fcbarcelonanoticias.com\/en\/laliga\/hansi-flick-confirms-return-of-lewandowski-and-olmo_315154_102.html#breadcrumb"},"inLanguage":"en-US","potentialAction":[{"@type":"ReadAction","target":["https:\/\/www.fcbarcelonanoticias.com\/en\/laliga\/hansi-flick-confirms-return-of-lewandowski-and-olmo_315154_102.html"]}]},{"@type":"ImageObject","inLanguage":"en-US","@id":"https:\/\/www.fcbarcelonanoticias.com\/en\/laliga\/hansi-flick-confirms-return-of-lewandowski-and-olmo_315154_102.html#primaryimage","url":"https:\/\/www.fcbarcelonanoticias.com\/en\/wp-content\/uploads\/sites\/2\/2025\/11\/hansi-flick-rdp-barca-elche-laliga.webp","contentUrl":"https:\/\/www.fcbarcelonanoticias.com\/en\/wp-content\/uploads\/sites\/2\/2025\/11\/hansi-flick-rdp-barca-elche-laliga.webp","width":1200,"height":675},{"@type":"BreadcrumbList","@id":"https:\/\/www.fcbarcelonanoticias.com\/en\/laliga\/hansi-flick-confirms-return-of-lewandowski-and-olmo_315154_102.html#breadcrumb","itemListElement":[{"@type":"ListItem","position":1,"name":"Portada","item":"https:\/\/www.fcbarcelonanoticias.com\/en\/"},{"@type":"ListItem","position":2,"name":"Hansi Flick Confirms Return of Lewandowski and Olmo Against Elche"}]},{"@type":"WebSite","@id":"https:\/\/www.fcbarcelonanoticias.com\/en\/#website","url":"https:\/\/www.fcbarcelonanoticias.com\/en\/","name":"EN - FC Barcelona Noticias","description":"","potentialAction":[{"@type":"SearchAction","target":{"@type":"EntryPoint","urlTemplate":"https:\/\/www.fcbarcelonanoticias.com\/en\/?s={search_term_string}"},"query-input":{"@type":"PropertyValueSpecification","valueRequired":true,"valueName":"search_term_string"}}],"inLanguage":"en-US"},{"@type":"Person","@id":"https:\/\/www.fcbarcelonanoticias.com\/en\/#\/schema\/person\/c2cd9f6fa1af5c0d0eccd0fefa575c88","name":"Andr\u00e9s Quiroz","image":{"@type":"ImageObject","inLanguage":"en-US","@id":"https:\/\/secure.gravatar.com\/avatar\/?s=96&d=mm&r=g","url":"https:\/\/secure.gravatar.com\/avatar\/?s=96&d=mm&r=g","contentUrl":"https:\/\/secure.gravatar.com\/avatar\/?s=96&d=mm&r=g","caption":"Andr\u00e9s Quiroz"},"description":"Licenciado en Periodismo por la Universidad de los Andes. Me encargo de analizar y compartir los contenidos m\u00e1s destacados de la\u00a0actualidad del F\u00fatbol Club Barcelona, Mercado de Fichajes y F\u00fatbol Internacional en FCBN. La informaci\u00f3n es poder, pero tambi\u00e9n conocimiento.","url":"https:\/\/www.fcbarcelonanoticias.com\/en\/fc-barcelona\/andres-quiroz_17_115.html"}]}},"_links":{"self":[{"href":"https:\/\/www.fcbarcelonanoticias.com\/en\/wp-json\/wp\/v2\/posts\/55547","targetHints":{"allow":["GET"]}}],"collection":[{"href":"https:\/\/www.fcbarcelonanoticias.com\/en\/wp-json\/wp\/v2\/posts"}],"about":[{"href":"https:\/\/www.fcbarcelonanoticias.com\/en\/wp-json\/wp\/v2\/types\/post"}],"author":[{"embeddable":true,"href":"https:\/\/www.fcbarcelonanoticias.com\/en\/wp-json\/wp\/v2\/users\/347"}],"replies":[{"embeddable":true,"href":"https:\/\/www.fcbarcelonanoticias.com\/en\/wp-json\/wp\/v2\/comments?post=55547"}],"version-history":[{"count":2,"href":"https:\/\/www.fcbarcelonanoticias.com\/en\/wp-json\/wp\/v2\/posts\/55547\/revisions"}],"predecessor-version":[{"id":55549,"href":"https:\/\/www.fcbarcelonanoticias.com\/en\/wp-json\/wp\/v2\/posts\/55547\/revisions\/55549"}],"wp:featuredmedia":[{"embeddable":true,"href":"https:\/\/www.fcbarcelonanoticias.com\/en\/wp-json\/wp\/v2\/media\/55551"}],"wp:attachment":[{"href":"https:\/\/www.fcbarcelonanoticias.com\/en\/wp-json\/wp\/v2\/media?parent=55547"}],"wp:term":[{"taxonomy":"category","embeddable":true,"href":"https:\/\/www.fcbarcelonanoticias.com\/en\/wp-json\/wp\/v2\/categories?post=55547"},{"taxonomy":"post_tag","embeddable":true,"href":"https:\/\/www.fcbarcelonanoticias.com\/en\/wp-json\/wp\/v2\/tags?post=55547"}],"curies":[{"name":"wp","href":"https:\/\/api.w.org\/{rel}","templated":true}]}}