{"id":55558,"date":"2024-09-29T00:48:00","date_gmt":"2024-09-28T22:48:00","guid":{"rendered":"https:\/\/weisetech.dev\/fc-barcelona-noticias\/en\/hansi-flick-is-self-critical-and-gets-wet-with-the-controversial-refereeing-against-barca_307563_102\/"},"modified":"2024-09-29T02:47:00","modified_gmt":"2024-09-29T00:47:00","slug":"hansi-flick-is-self-critical-and-gets-wet-with-the-controversial-refereeing-against-barca_307563_102","status":"publish","type":"post","link":"https:\/\/www.fcbarcelonanoticias.com\/en\/laliga\/hansi-flick-is-self-critical-and-gets-wet-with-the-controversial-refereeing-against-barca_307563_102.html","title":{"rendered":"Hansi Flick is self-critical and &#8216;gets wet&#8217; with the controversial refereeing against Bar\u00e7a"},"content":{"rendered":"<h2 class=\"wp-block-heading\">Hansi Flick was self-critical after the defeat at Osasuna. The German gave the key to Bar\u00e7a&#8217;s defeat and &#8216;got wet&#8217; with the controversy over the second goal for the red team<\/h2>  \r\n<div class=\"article-addons\">\r\n    <a href=\"https:\/\/www.fcbarcelonanoticias.com\/en\/calendar-fc-barcelona.html\"\r\n       target=\"_self\"\r\n       title=\"Calendar of FC Barcelona\"\r\n       class=\"blue-gredient-btn\">\r\n       \r\n        Calendar of FC Barcelona    <\/a>\r\n<\/div>   <p>After <a data-external=\"0\" data-intl-links-en=\"https:\/\/www.fcbarcelonanoticias.com\/en\/laliga\/osasuna-2-0-fc-barcelona_307556_102.html\" data-intl-links-es=\"https:\/\/www.fcbarcelonanoticias.com\/laliga\/osasuna-4-2-fc-barcelona-lider-cae-goleado-pone-fin-su-racha-imbatibilidad_307556_102.html\" href=\"https:\/\/www.fcbarcelonanoticias.com\/en\/laliga\/osasuna-2-0-fc-barcelona_307556_102.html\" rel=\"follow\" target=\"_self\" title=\"Osasuna 4-2 FC Barcelona: The leader is beaten and ends the unbeaten streak\">FC Barcelona&#8217;s defeat against Osasuna at El Sadar (4-2)<\/a>, <strong>Hansi Flick<\/strong> spoke to the media at a press conference. The German coach was more self-critical than ever and gave the keys to his team&#8217;s first defeat in <strong>LaLiga<\/strong>, although he was positive about what is to come.<\/p>  <p>Regarding the development of the match, the German assured that the Blaugranas made more mistakes than usual, asserting that the rotations could have influenced the team&#8217;s poor performance. &#8220;It was not a good match. We made too many mistakes, especially in the first half&#8230;<\/p>  <blockquote> <p>&#8220;&#8230; We made a lot of rotations and perhaps that was one of the reasons, but they were necessary, there are many matches in this part of the calendar and some players had accumulated a lot of minutes&#8221;<\/p> <\/blockquote>  <p>However, he maintained that these radical changes in the starting eleven were necessary, recalling the importance of managing the workload of his players well. &#8220;I have to be responsible, on Tuesday we have a very important match. <strong>We are on the right track<\/strong>,&#8221; he said.<\/p>  <h2>The reasons for the defeat<\/h2>  <p>Despite the adverse result, Flick wanted to highlight the performance and attitude of the players during the second half. &#8220;<strong>I feel that we could have won if we had played well from the start.<\/strong> In the second half we saw that when we played well and moved the ball, we created chances,&#8221; he commented, making it clear that Bar\u00e7a will improve after the international break in October.<\/p>  <blockquote> <p>&#8220;After the international break we will recover several players, and then we will have more options to choose from in each game&#8221;<\/p> <\/blockquote>  <p>In the same way, the Blaugrana coach wanted to remember the current situation of the squad, which is extremely depleted by injuries. &#8220;The many rotations are not an excuse, because we had no alternative.<strong> If you take a look at the squad right now, we have only three midfielders and one centre-back playing as a midfielder<\/strong>. It&#8217;s not easy, but we accept it&#8221;<\/p>  <h2>The refereeing controversies and the substitution of Lewandowski<\/h2>  <p><a data-external=\"0\" data-intl-links-en=\"https:\/\/www.fcbarcelonanoticias.com\/en\/laliga\/barca-were-robbed-of-1-foul-and-1-penalty-what-is-the-var-for_307562_102.html\" data-intl-links-es=\"https:\/\/www.fcbarcelonanoticias.com\/laliga\/barca-birlaron-1-falta-1-penalti-para-sirve-var_307562_102.html\" href=\"https:\/\/www.fcbarcelonanoticias.com\/en\/laliga\/barca-were-robbed-of-1-foul-and-1-penalty-what-is-the-var-for_307562_102.html\" rel=\"follow\" target=\"_self\" title=\"Bar\u00e7a were 'robbed' of 1 foul and 1 penalty: What is the VAR for?\">Regarding the unusual foul not called on Pau V\u00edctor before the second goal<\/a>, <strong>Hansi <\/strong>said that &#8220;from what they told me, there could have been a foul at the start of the play for his second goal, but the referee has decided that there wasn&#8217;t. It&#8217;s part of the past and I don&#8217;t want to think about it anymore.&#8221;<\/p>  <p>In addition, he &#8216;played a game of distraction&#8217; with the clear penalty on <strong>Lamine Yamal<\/strong>, who fell down in the area after an aggressive tackle by Bretones. &#8220;I&#8217;m sitting out and I don&#8217;t have a good view. <strong>It could have been a foul, but it&#8217;s the referee who decides, and there&#8217;s also the VAR<\/strong>. Things are like that and I don&#8217;t give it any more importance,&#8221; he concluded.<\/p>  <p>Finally, he took the &#8216;iron&#8217; out of the substitution of <strong>Lewandowski<\/strong>, who left the field in the 70th minute with the score 2-1 against. &#8220;I changed him because he also needs to rest. All players need to rest. That&#8217;s how it is. Robert is strong, but every three days we have a match and we do it for his good,&#8221; he concluded.<\/p> ","protected":false},"excerpt":{"rendered":"<p>Hansi Flick was self-critical after the defeat at Osasuna. The German gave the key to Bar\u00e7a&#8217;s defeat and &#8216;got wet&#8217; with the controversy over the second goal for the red team After FC Barcelona&#8217;s defeat against Osasuna at El Sadar (4-2), Hansi Flick spoke to the media at a press conference. The German coach was [&hellip;]<\/p>\n","protected":false},"author":358,"featured_media":4865,"comment_status":"closed","ping_status":"open","sticky":false,"template":"","format":"standard","meta":{"_acf_changed":false,"inline_featured_image":false,"_nextfly_llmd_date_locked":false,"footnotes":""},"categories":[448,114],"tags":[44,87,190,194,172],"class_list":["post-55558","post","type-post","status-publish","format-standard","has-post-thumbnail","hentry","category-laliga-2","category-laliga","tag-barcelona-vs-osasuna","tag-hansi-flick","tag-referees","tag-var","tag-videos"],"acf":[],"yoast_head":"<!-- This site is optimized with the Yoast SEO plugin v27.3 - https:\/\/yoast.com\/product\/yoast-seo-wordpress\/ -->\n<title>Hansi Flick is self-critical and &#039;gets wet&#039; with the controversial refereeing against Bar\u00e7a<\/title>\n<meta name=\"description\" content=\"Hansi Flick was self-critical after the defeat at Osasuna. The German gave the key to Bar\u00e7a&#039;s defeat and &#039;got wet&#039; with the controversy over the second goal for the red team\" \/>\n<meta name=\"robots\" content=\"index, follow, max-snippet:-1, max-image-preview:large, max-video-preview:-1\" \/>\n<link rel=\"canonical\" href=\"https:\/\/www.fcbarcelonanoticias.com\/en\/laliga\/hansi-flick-is-self-critical-and-gets-wet-with-the-controversial-refereeing-against-barca_307563_102.html\" \/>\n<meta property=\"og:locale\" content=\"en_US\" \/>\n<meta property=\"og:type\" content=\"article\" \/>\n<meta property=\"og:title\" content=\"Hansi Flick is self-critical and &#039;gets wet&#039; with the controversial refereeing against Bar\u00e7a\" \/>\n<meta property=\"og:description\" content=\"Hansi Flick was self-critical after the defeat at Osasuna. The German gave the key to Bar\u00e7a&#039;s defeat and &#039;got wet&#039; with the controversy over the second goal for the red team\" \/>\n<meta property=\"og:url\" content=\"https:\/\/www.fcbarcelonanoticias.com\/en\/laliga\/hansi-flick-is-self-critical-and-gets-wet-with-the-controversial-refereeing-against-barca_307563_102.html\" \/>\n<meta property=\"og:site_name\" content=\"EN - FC Barcelona Noticias\" \/>\n<meta property=\"article:published_time\" content=\"2024-09-28T22:48:00+00:00\" \/>\n<meta property=\"article:modified_time\" content=\"2024-09-29T00:47:00+00:00\" \/>\n<meta property=\"og:image\" content=\"https:\/\/www.fcbarcelonanoticias.com\/en\/wp-content\/uploads\/sites\/2\/2024\/10\/hansi-flick-osasuna.jpeg\" \/>\n\t<meta property=\"og:image:width\" content=\"1250\" \/>\n\t<meta property=\"og:image:height\" content=\"730\" \/>\n\t<meta property=\"og:image:type\" content=\"image\/jpeg\" \/>\n<meta name=\"author\" content=\"Juan Pablo Berdugo\" \/>\n<meta name=\"twitter:card\" content=\"summary_large_image\" \/>\n<meta name=\"twitter:label1\" content=\"Written by\" \/>\n\t<meta name=\"twitter:data1\" content=\"Juan Pablo Berdugo\" \/>\n\t<meta name=\"twitter:label2\" content=\"Est. reading time\" \/>\n\t<meta name=\"twitter:data2\" content=\"3 minutes\" \/>\n<script type=\"application\/ld+json\" class=\"yoast-schema-graph\">{\"@context\":\"https:\\\/\\\/schema.org\",\"@graph\":[{\"@type\":\"Article\",\"@id\":\"https:\\\/\\\/www.fcbarcelonanoticias.com\\\/en\\\/laliga\\\/hansi-flick-is-self-critical-and-gets-wet-with-the-controversial-refereeing-against-barca_307563_102.html#article\",\"isPartOf\":{\"@id\":\"https:\\\/\\\/www.fcbarcelonanoticias.com\\\/en\\\/laliga\\\/hansi-flick-is-self-critical-and-gets-wet-with-the-controversial-refereeing-against-barca_307563_102.html\"},\"author\":{\"name\":\"Juan Pablo Berdugo\",\"@id\":\"https:\\\/\\\/www.fcbarcelonanoticias.com\\\/en\\\/#\\\/schema\\\/person\\\/88d756918a0a1ae9fa593b5edddd1815\"},\"headline\":\"Hansi Flick is self-critical and &#8216;gets wet&#8217; with the controversial refereeing against Bar\u00e7a\",\"datePublished\":\"2024-09-28T22:48:00+00:00\",\"dateModified\":\"2024-09-29T00:47:00+00:00\",\"mainEntityOfPage\":{\"@id\":\"https:\\\/\\\/www.fcbarcelonanoticias.com\\\/en\\\/laliga\\\/hansi-flick-is-self-critical-and-gets-wet-with-the-controversial-refereeing-against-barca_307563_102.html\"},\"wordCount\":590,\"image\":{\"@id\":\"https:\\\/\\\/www.fcbarcelonanoticias.com\\\/en\\\/laliga\\\/hansi-flick-is-self-critical-and-gets-wet-with-the-controversial-refereeing-against-barca_307563_102.html#primaryimage\"},\"thumbnailUrl\":\"https:\\\/\\\/www.fcbarcelonanoticias.com\\\/en\\\/wp-content\\\/uploads\\\/sites\\\/2\\\/2024\\\/10\\\/hansi-flick-osasuna.jpeg\",\"keywords\":[\"FC Barcelona vs Osasuna\",\"Hansi Flick\",\"Referees\",\"VAR\",\"Videos\"],\"articleSection\":[\"LaLiga\",\"LaLiga\"],\"inLanguage\":\"en-US\"},{\"@type\":\"WebPage\",\"@id\":\"https:\\\/\\\/www.fcbarcelonanoticias.com\\\/en\\\/laliga\\\/hansi-flick-is-self-critical-and-gets-wet-with-the-controversial-refereeing-against-barca_307563_102.html\",\"url\":\"https:\\\/\\\/www.fcbarcelonanoticias.com\\\/en\\\/laliga\\\/hansi-flick-is-self-critical-and-gets-wet-with-the-controversial-refereeing-against-barca_307563_102.html\",\"name\":\"Hansi Flick is self-critical and 'gets wet' with the controversial refereeing against Bar\u00e7a\",\"isPartOf\":{\"@id\":\"https:\\\/\\\/www.fcbarcelonanoticias.com\\\/en\\\/#website\"},\"primaryImageOfPage\":{\"@id\":\"https:\\\/\\\/www.fcbarcelonanoticias.com\\\/en\\\/laliga\\\/hansi-flick-is-self-critical-and-gets-wet-with-the-controversial-refereeing-against-barca_307563_102.html#primaryimage\"},\"image\":{\"@id\":\"https:\\\/\\\/www.fcbarcelonanoticias.com\\\/en\\\/laliga\\\/hansi-flick-is-self-critical-and-gets-wet-with-the-controversial-refereeing-against-barca_307563_102.html#primaryimage\"},\"thumbnailUrl\":\"https:\\\/\\\/www.fcbarcelonanoticias.com\\\/en\\\/wp-content\\\/uploads\\\/sites\\\/2\\\/2024\\\/10\\\/hansi-flick-osasuna.jpeg\",\"datePublished\":\"2024-09-28T22:48:00+00:00\",\"dateModified\":\"2024-09-29T00:47:00+00:00\",\"author\":{\"@id\":\"https:\\\/\\\/www.fcbarcelonanoticias.com\\\/en\\\/#\\\/schema\\\/person\\\/88d756918a0a1ae9fa593b5edddd1815\"},\"description\":\"Hansi Flick was self-critical after the defeat at Osasuna. The German gave the key to Bar\u00e7a's defeat and 'got wet' with the controversy over the second goal for the red team\",\"breadcrumb\":{\"@id\":\"https:\\\/\\\/www.fcbarcelonanoticias.com\\\/en\\\/laliga\\\/hansi-flick-is-self-critical-and-gets-wet-with-the-controversial-refereeing-against-barca_307563_102.html#breadcrumb\"},\"inLanguage\":\"en-US\",\"potentialAction\":[{\"@type\":\"ReadAction\",\"target\":[\"https:\\\/\\\/www.fcbarcelonanoticias.com\\\/en\\\/laliga\\\/hansi-flick-is-self-critical-and-gets-wet-with-the-controversial-refereeing-against-barca_307563_102.html\"]}]},{\"@type\":\"ImageObject\",\"inLanguage\":\"en-US\",\"@id\":\"https:\\\/\\\/www.fcbarcelonanoticias.com\\\/en\\\/laliga\\\/hansi-flick-is-self-critical-and-gets-wet-with-the-controversial-refereeing-against-barca_307563_102.html#primaryimage\",\"url\":\"https:\\\/\\\/www.fcbarcelonanoticias.com\\\/en\\\/wp-content\\\/uploads\\\/sites\\\/2\\\/2024\\\/10\\\/hansi-flick-osasuna.jpeg\",\"contentUrl\":\"https:\\\/\\\/www.fcbarcelonanoticias.com\\\/en\\\/wp-content\\\/uploads\\\/sites\\\/2\\\/2024\\\/10\\\/hansi-flick-osasuna.jpeg\",\"width\":1250,\"height\":730},{\"@type\":\"BreadcrumbList\",\"@id\":\"https:\\\/\\\/www.fcbarcelonanoticias.com\\\/en\\\/laliga\\\/hansi-flick-is-self-critical-and-gets-wet-with-the-controversial-refereeing-against-barca_307563_102.html#breadcrumb\",\"itemListElement\":[{\"@type\":\"ListItem\",\"position\":1,\"name\":\"Portada\",\"item\":\"https:\\\/\\\/www.fcbarcelonanoticias.com\\\/en\\\/\"},{\"@type\":\"ListItem\",\"position\":2,\"name\":\"Hansi Flick is self-critical and &#8216;gets wet&#8217; with the controversial refereeing against Bar\u00e7a\"}]},{\"@type\":\"WebSite\",\"@id\":\"https:\\\/\\\/www.fcbarcelonanoticias.com\\\/en\\\/#website\",\"url\":\"https:\\\/\\\/www.fcbarcelonanoticias.com\\\/en\\\/\",\"name\":\"EN - FC Barcelona Noticias\",\"description\":\"\",\"potentialAction\":[{\"@type\":\"SearchAction\",\"target\":{\"@type\":\"EntryPoint\",\"urlTemplate\":\"https:\\\/\\\/www.fcbarcelonanoticias.com\\\/en\\\/?s={search_term_string}\"},\"query-input\":{\"@type\":\"PropertyValueSpecification\",\"valueRequired\":true,\"valueName\":\"search_term_string\"}}],\"inLanguage\":\"en-US\"},{\"@type\":\"Person\",\"@id\":\"https:\\\/\\\/www.fcbarcelonanoticias.com\\\/en\\\/#\\\/schema\\\/person\\\/88d756918a0a1ae9fa593b5edddd1815\",\"name\":\"Juan Pablo Berdugo\",\"image\":{\"@type\":\"ImageObject\",\"inLanguage\":\"en-US\",\"@id\":\"https:\\\/\\\/secure.gravatar.com\\\/avatar\\\/?s=96&d=mm&r=g\",\"url\":\"https:\\\/\\\/secure.gravatar.com\\\/avatar\\\/?s=96&d=mm&r=g\",\"contentUrl\":\"https:\\\/\\\/secure.gravatar.com\\\/avatar\\\/?s=96&d=mm&r=g\",\"caption\":\"Juan Pablo Berdugo\"},\"description\":\"Juan Pablo Berdugo es graduado en Periodismo. Colabora con FCBN como especialista en informaci\u00f3n del primer equipo del FC Barcelona, f\u00fatbol internacional y mercado de fichajes. Destaca por su enfoque anal\u00edtico, su rigor informativo y su capacidad para detectar tendencias emergentes en el f\u00fatbol global.\",\"url\":\"https:\\\/\\\/www.fcbarcelonanoticias.com\\\/en\\\/fc-barcelona\\\/juan-pablo-berdugo_18_115.html\"}]}<\/script>\n<!-- \/ Yoast SEO plugin. -->","yoast_head_json":{"title":"Hansi Flick is self-critical and 'gets wet' with the controversial refereeing against Bar\u00e7a","description":"Hansi Flick was self-critical after the defeat at Osasuna. The German gave the key to Bar\u00e7a's defeat and 'got wet' with the controversy over the second goal for the red team","robots":{"index":"index","follow":"follow","max-snippet":"max-snippet:-1","max-image-preview":"max-image-preview:large","max-video-preview":"max-video-preview:-1"},"canonical":"https:\/\/www.fcbarcelonanoticias.com\/en\/laliga\/hansi-flick-is-self-critical-and-gets-wet-with-the-controversial-refereeing-against-barca_307563_102.html","og_locale":"en_US","og_type":"article","og_title":"Hansi Flick is self-critical and 'gets wet' with the controversial refereeing against Bar\u00e7a","og_description":"Hansi Flick was self-critical after the defeat at Osasuna. The German gave the key to Bar\u00e7a's defeat and 'got wet' with the controversy over the second goal for the red team","og_url":"https:\/\/www.fcbarcelonanoticias.com\/en\/laliga\/hansi-flick-is-self-critical-and-gets-wet-with-the-controversial-refereeing-against-barca_307563_102.html","og_site_name":"EN - FC Barcelona Noticias","article_published_time":"2024-09-28T22:48:00+00:00","article_modified_time":"2024-09-29T00:47:00+00:00","og_image":[{"width":1250,"height":730,"url":"https:\/\/www.fcbarcelonanoticias.com\/en\/wp-content\/uploads\/sites\/2\/2024\/10\/hansi-flick-osasuna.jpeg","type":"image\/jpeg"}],"author":"Juan Pablo Berdugo","twitter_card":"summary_large_image","twitter_misc":{"Written by":"Juan Pablo Berdugo","Est. reading time":"3 minutes"},"schema":{"@context":"https:\/\/schema.org","@graph":[{"@type":"Article","@id":"https:\/\/www.fcbarcelonanoticias.com\/en\/laliga\/hansi-flick-is-self-critical-and-gets-wet-with-the-controversial-refereeing-against-barca_307563_102.html#article","isPartOf":{"@id":"https:\/\/www.fcbarcelonanoticias.com\/en\/laliga\/hansi-flick-is-self-critical-and-gets-wet-with-the-controversial-refereeing-against-barca_307563_102.html"},"author":{"name":"Juan Pablo Berdugo","@id":"https:\/\/www.fcbarcelonanoticias.com\/en\/#\/schema\/person\/88d756918a0a1ae9fa593b5edddd1815"},"headline":"Hansi Flick is self-critical and &#8216;gets wet&#8217; with the controversial refereeing against Bar\u00e7a","datePublished":"2024-09-28T22:48:00+00:00","dateModified":"2024-09-29T00:47:00+00:00","mainEntityOfPage":{"@id":"https:\/\/www.fcbarcelonanoticias.com\/en\/laliga\/hansi-flick-is-self-critical-and-gets-wet-with-the-controversial-refereeing-against-barca_307563_102.html"},"wordCount":590,"image":{"@id":"https:\/\/www.fcbarcelonanoticias.com\/en\/laliga\/hansi-flick-is-self-critical-and-gets-wet-with-the-controversial-refereeing-against-barca_307563_102.html#primaryimage"},"thumbnailUrl":"https:\/\/www.fcbarcelonanoticias.com\/en\/wp-content\/uploads\/sites\/2\/2024\/10\/hansi-flick-osasuna.jpeg","keywords":["FC Barcelona vs Osasuna","Hansi Flick","Referees","VAR","Videos"],"articleSection":["LaLiga","LaLiga"],"inLanguage":"en-US"},{"@type":"WebPage","@id":"https:\/\/www.fcbarcelonanoticias.com\/en\/laliga\/hansi-flick-is-self-critical-and-gets-wet-with-the-controversial-refereeing-against-barca_307563_102.html","url":"https:\/\/www.fcbarcelonanoticias.com\/en\/laliga\/hansi-flick-is-self-critical-and-gets-wet-with-the-controversial-refereeing-against-barca_307563_102.html","name":"Hansi Flick is self-critical and 'gets wet' with the controversial refereeing against Bar\u00e7a","isPartOf":{"@id":"https:\/\/www.fcbarcelonanoticias.com\/en\/#website"},"primaryImageOfPage":{"@id":"https:\/\/www.fcbarcelonanoticias.com\/en\/laliga\/hansi-flick-is-self-critical-and-gets-wet-with-the-controversial-refereeing-against-barca_307563_102.html#primaryimage"},"image":{"@id":"https:\/\/www.fcbarcelonanoticias.com\/en\/laliga\/hansi-flick-is-self-critical-and-gets-wet-with-the-controversial-refereeing-against-barca_307563_102.html#primaryimage"},"thumbnailUrl":"https:\/\/www.fcbarcelonanoticias.com\/en\/wp-content\/uploads\/sites\/2\/2024\/10\/hansi-flick-osasuna.jpeg","datePublished":"2024-09-28T22:48:00+00:00","dateModified":"2024-09-29T00:47:00+00:00","author":{"@id":"https:\/\/www.fcbarcelonanoticias.com\/en\/#\/schema\/person\/88d756918a0a1ae9fa593b5edddd1815"},"description":"Hansi Flick was self-critical after the defeat at Osasuna. The German gave the key to Bar\u00e7a's defeat and 'got wet' with the controversy over the second goal for the red team","breadcrumb":{"@id":"https:\/\/www.fcbarcelonanoticias.com\/en\/laliga\/hansi-flick-is-self-critical-and-gets-wet-with-the-controversial-refereeing-against-barca_307563_102.html#breadcrumb"},"inLanguage":"en-US","potentialAction":[{"@type":"ReadAction","target":["https:\/\/www.fcbarcelonanoticias.com\/en\/laliga\/hansi-flick-is-self-critical-and-gets-wet-with-the-controversial-refereeing-against-barca_307563_102.html"]}]},{"@type":"ImageObject","inLanguage":"en-US","@id":"https:\/\/www.fcbarcelonanoticias.com\/en\/laliga\/hansi-flick-is-self-critical-and-gets-wet-with-the-controversial-refereeing-against-barca_307563_102.html#primaryimage","url":"https:\/\/www.fcbarcelonanoticias.com\/en\/wp-content\/uploads\/sites\/2\/2024\/10\/hansi-flick-osasuna.jpeg","contentUrl":"https:\/\/www.fcbarcelonanoticias.com\/en\/wp-content\/uploads\/sites\/2\/2024\/10\/hansi-flick-osasuna.jpeg","width":1250,"height":730},{"@type":"BreadcrumbList","@id":"https:\/\/www.fcbarcelonanoticias.com\/en\/laliga\/hansi-flick-is-self-critical-and-gets-wet-with-the-controversial-refereeing-against-barca_307563_102.html#breadcrumb","itemListElement":[{"@type":"ListItem","position":1,"name":"Portada","item":"https:\/\/www.fcbarcelonanoticias.com\/en\/"},{"@type":"ListItem","position":2,"name":"Hansi Flick is self-critical and &#8216;gets wet&#8217; with the controversial refereeing against Bar\u00e7a"}]},{"@type":"WebSite","@id":"https:\/\/www.fcbarcelonanoticias.com\/en\/#website","url":"https:\/\/www.fcbarcelonanoticias.com\/en\/","name":"EN - FC Barcelona Noticias","description":"","potentialAction":[{"@type":"SearchAction","target":{"@type":"EntryPoint","urlTemplate":"https:\/\/www.fcbarcelonanoticias.com\/en\/?s={search_term_string}"},"query-input":{"@type":"PropertyValueSpecification","valueRequired":true,"valueName":"search_term_string"}}],"inLanguage":"en-US"},{"@type":"Person","@id":"https:\/\/www.fcbarcelonanoticias.com\/en\/#\/schema\/person\/88d756918a0a1ae9fa593b5edddd1815","name":"Juan Pablo Berdugo","image":{"@type":"ImageObject","inLanguage":"en-US","@id":"https:\/\/secure.gravatar.com\/avatar\/?s=96&d=mm&r=g","url":"https:\/\/secure.gravatar.com\/avatar\/?s=96&d=mm&r=g","contentUrl":"https:\/\/secure.gravatar.com\/avatar\/?s=96&d=mm&r=g","caption":"Juan Pablo Berdugo"},"description":"Juan Pablo Berdugo es graduado en Periodismo. Colabora con FCBN como especialista en informaci\u00f3n del primer equipo del FC Barcelona, f\u00fatbol internacional y mercado de fichajes. Destaca por su enfoque anal\u00edtico, su rigor informativo y su capacidad para detectar tendencias emergentes en el f\u00fatbol global.","url":"https:\/\/www.fcbarcelonanoticias.com\/en\/fc-barcelona\/juan-pablo-berdugo_18_115.html"}]}},"_links":{"self":[{"href":"https:\/\/www.fcbarcelonanoticias.com\/en\/wp-json\/wp\/v2\/posts\/55558","targetHints":{"allow":["GET"]}}],"collection":[{"href":"https:\/\/www.fcbarcelonanoticias.com\/en\/wp-json\/wp\/v2\/posts"}],"about":[{"href":"https:\/\/www.fcbarcelonanoticias.com\/en\/wp-json\/wp\/v2\/types\/post"}],"author":[{"embeddable":true,"href":"https:\/\/www.fcbarcelonanoticias.com\/en\/wp-json\/wp\/v2\/users\/358"}],"replies":[{"embeddable":true,"href":"https:\/\/www.fcbarcelonanoticias.com\/en\/wp-json\/wp\/v2\/comments?post=55558"}],"version-history":[{"count":1,"href":"https:\/\/www.fcbarcelonanoticias.com\/en\/wp-json\/wp\/v2\/posts\/55558\/revisions"}],"predecessor-version":[{"id":55561,"href":"https:\/\/www.fcbarcelonanoticias.com\/en\/wp-json\/wp\/v2\/posts\/55558\/revisions\/55561"}],"wp:featuredmedia":[{"embeddable":true,"href":"https:\/\/www.fcbarcelonanoticias.com\/en\/wp-json\/wp\/v2\/media\/4865"}],"wp:attachment":[{"href":"https:\/\/www.fcbarcelonanoticias.com\/en\/wp-json\/wp\/v2\/media?parent=55558"}],"wp:term":[{"taxonomy":"category","embeddable":true,"href":"https:\/\/www.fcbarcelonanoticias.com\/en\/wp-json\/wp\/v2\/categories?post=55558"},{"taxonomy":"post_tag","embeddable":true,"href":"https:\/\/www.fcbarcelonanoticias.com\/en\/wp-json\/wp\/v2\/tags?post=55558"}],"curies":[{"name":"wp","href":"https:\/\/api.w.org\/{rel}","templated":true}]}}