{"id":55576,"date":"2025-11-02T12:10:00","date_gmt":"2025-11-02T11:10:00","guid":{"rendered":"https:\/\/weisetech.dev\/fc-barcelona-noticias\/en\/hansi-flick-squad-list-for-barcelona-elche_315157_102\/"},"modified":"2026-03-27T11:33:16","modified_gmt":"2026-03-27T10:33:16","slug":"hansi-flick-squad-list-for-barcelona-elche_315157_102","status":"publish","type":"post","link":"https:\/\/www.fcbarcelonanoticias.com\/en\/laliga\/hansi-flick-squad-list-for-barcelona-elche_315157_102.html","title":{"rendered":"Hansi Flick&#8217;s squad list for Barcelona &#8211; Elche"},"content":{"rendered":"<h2 class=\"wp-block-heading\">Hansi Flick has confirmed the list of Bar\u00e7a players called up for the match against Elche, on matchday eleven of LaLiga 2025\/26. Lewandowski and Olmo return to the team<\/h2>  \r\n<div class=\"article-addons\">\r\n    <a href=\"https:\/\/www.fcbarcelonanoticias.com\/en\/calendar-fc-barcelona.html\"\r\n       target=\"_self\"\r\n       title=\"Calendar of FC Barcelona\"\r\n       class=\"blue-gredient-btn\">\r\n       \r\n        Calendar of FC Barcelona    <\/a>\r\n<\/div>   <p><strong>Football Club Barcelona has announced the list of 21 players called up for Sunday&#8217;s match against Elche<\/strong>. The Blaugrana team plays its fifth match as host in LaLiga 2025\/26, this time at the Llu\u00eds Companys Olympic Stadium in Montju\u00efc.<\/p>  <p>Regarding the previous La Liga matchday, <a data-external=\"0\" data-intl-links-en=\"https:\/\/www.fcbarcelonanoticias.com\/en\/laliga\/hansi-flick-confirms-return-of-lewandowski-and-olmo_315154_102.html\" data-intl-links-es=\"https:\/\/www.fcbarcelonanoticias.com\/laliga\/hansi-flick-confirma-regresos-lewandowski-olmo-contra-elche_315154_102.html\" href=\"https:\/\/www.fcbarcelonanoticias.com\/en\/laliga\/hansi-flick-confirms-return-of-lewandowski-and-olmo_315154_102.html\" rel=\"follow\" target=\"_self\" title=\"Hansi Flick confirma los regresos de Lewandowski y Olmo contra Elche\">Hansi Flick recovers Robert Lewandowski and Dani Olmo<\/a>, but loses <strong>Pedri Gonz\u00e1lez<\/strong>. The Pole returned injured from the last break, as did the player from Terrassa, with muscular problems that left them out of the last three matches.<\/p>  <p>In that regard, the Bar\u00e7a infirmary keeps 6 players in its ranks. Pedri, however, <a data-external=\"0\" data-intl-links-en=\"https:\/\/www.fcbarcelonanoticias.com\/en\/laliga\/pedri-gonzalez-will-also-be-out-for-barcelona-against-elche_315136_102.html\" data-intl-links-es=\"https:\/\/www.fcbarcelonanoticias.com\/laliga\/pedri-gonzalez-tambien-sera-baja-fc-barcelona-contra-elche_315136_102.html\" href=\"https:\/\/www.fcbarcelonanoticias.com\/en\/laliga\/pedri-gonzalez-will-also-be-out-for-barcelona-against-elche_315136_102.html\" rel=\"follow\" target=\"_self\" title=\"Pedri Gonz\u00e1lez tambi\u00e9n ser\u00e1 baja para el FC Barcelona contra Elche\">would also miss matchday 11 of La Liga due to suspension<\/a>. The midfielder was sent off for a double yellow card in the Cl\u00e1sico against Real Madrid and must serve a one-match ban.&nbsp;<\/p>  <h2>FC Barcelona vs Elche Call-up &#8211; LaLiga 2025\/26<\/h2>  <p><em>\ud83e\udde4&nbsp;<\/em><strong>GOALKEEPERS:<\/strong><\/p>  <ol> <li>(#25). Wojciech Szczesny<\/li> \t<li>(#13). Eder Aller<\/li> \t<li>(#31). Diego Kochen<\/li> <\/ol> <p>\ud83d\udee1\ufe0f&nbsp;<strong>DEFENDERS:<\/strong><\/p>  <ol> <li>(#03). Alejandro Balde<\/li> \t<li>(#04). Ronald Araujo<\/li> \t<li>(#05). Pau Cubars\u00ed<\/li> \t<li>(#18). Gerard Mart\u00edn<\/li> \t<li>(#23). Jules Kound\u00e9<\/li> \t<li>(#24). Eric Garc\u00eda<\/li> \t<li>(#42) Xavi Espart<\/li> <\/ol> <p>\ud83e\udde0&nbsp;<strong>MIDFIELDERS:<\/strong><\/p>  <ol> <li>(#16). Ferm\u00edn L\u00f3pez<\/li> \t<li>(#17). Marc Casad\u00f3<\/li> \t<li>(#20). Dani Olmo<\/li> \t<li>(#21). Frenkie de Jong<\/li> \t<li>(#22). Marc Bernal<\/li> \t<li>(#27). Dro Fern\u00e1ndez<\/li> <\/ol> <p>\ud83d\ude80&nbsp;<strong>FORWARDS:<\/strong><\/p>  <ol> <li>(#07). Ferran Torres<\/li> \t<li>(#09). Robert Lewandowski<\/li> \t<li>(#10). Lamine Yamal<\/li> \t<li>(#14). Marcus Rashford<\/li> \t<li>(#28) Roony Bardghji<\/li> <\/ol> <h2>This is how the Bar\u00e7a infirmary is doing<\/h2>  <div class=\"media media-image\" data-ck-asset-wrapper=\"\"> <div class=\"media-item\"> <img loading=\"lazy\" decoding=\"async\" alt=\"Pedri Gonz\u00e1lez KO: Barcelona medical report confirms his injury\" data-id=\"1528835\" data-resize=\"9\" height=\"563\" src=\"https:\/\/www.fcbarcelonanoticias.com\/wp-content\/uploads\/sites\/2\/2025\/11\/fcbn-002c02661f1265ad56391d3702f85d3a.webp\" title=\"Pedri Gonz\u00e1lez KO: Barcelona medical report confirms his injury\" width=\"1000\"><div class=\"media-title\">Pedri Gonz\u00e1lez KO: Barcelona medical report confirms his injury<\/div> <\/div> <\/div>  <p>\ud83e\ude79&nbsp;<strong>INJURED:<\/strong><\/p>  <ol> <li>(#01). Marc Andr\u00e9 ter Stegen<\/li> \t<li>(#06). Gavi<\/li> \t<li>(#08). Pedri Gonz\u00e1lez<\/li> \t<li>(#11). Raphinha<\/li> \t<li>(#13). Joan Garc\u00eda<\/li> \t<li>(#15). Andreas Christensen<\/li> <\/ol> <p>Thus, Hansi Flick will not be able to count on a total of 6 players on matchday 11 of LaLiga due to physical problems. In addition to Pedri, <strong>Raphinha, Christensen, and Joan Garc\u00eda<\/strong> are still sidelined.<\/p>  <p>The Catalan goalkeeper is in the final stretch of his post-operative recovery from the meniscus in his left knee, although his absence until after the break is not ruled out. The Brazilian relapsed last week from his injury to his right knee and will also not be available until mid-November, while the Dane is out due to a minor injury to his right soleus.<\/p>  <p>Also still in the infirmary are <strong>Joan Garc\u00eda, Gavi, and Ter Stegen<\/strong>. The German is hoping to return in December. The midfielder, however, is ruled out until at least February 2026.<\/p>  <h2>Bar\u00e7a needs to win to stay in the fight for the lead<\/h2>  <p>After the defeat against Real Madrid, <a data-external=\"0\" data-intl-links-en=\"https:\/\/www.fcbarcelonanoticias.com\/en\/laliga\/laliga-standings-j10-real-madrid-extends-its-lead_315121_102.html\" data-intl-links-es=\"https:\/\/www.fcbarcelonanoticias.com\/laliga\/clasificacion-laliga-j10-real-madrid-aprovecha-clasico-irse-5-puntos-barcelona_315121_102.html\" href=\"https:\/\/www.fcbarcelonanoticias.com\/en\/laliga\/laliga-standings-j10-real-madrid-extends-its-lead_315121_102.html\" rel=\"follow\" target=\"_self\" title=\"Clasificaci\u00f3n LaLiga - J10: el Real Madrid aprovecha el Cl\u00e1sico para irse a 5 puntos del Bar\u00e7a\">Barcelona moved 5 points away from the lead in LaLiga<\/a>. For this reason, Flick&#8217;s team needs to win against Elche at home to retain second place and prevent the &#8216;merengues&#8217; from increasing their advantage.&nbsp;<\/p>  <p>In their previous match at Montju\u00efc, the Bar\u00e7a team <strong>defeated Girona (2-1) in the final minutes with a goal from Ronald Araujo<\/strong>. Eder Sarabia&#8217;s team will also not be an easy opponent, as the &#8216;franjiverdes&#8217; have only lost twice so far in the tournament (three wins, five draws).<\/p>  <ul> <li>\ud83d\udc49 Follow the complete coverage of <strong><a data-external=\"0\" data-intl-links-en=\"https:\/\/www.fcbarcelonanoticias.com\/en\/laliga.html\" data-intl-links-es=\"https:\/\/www.fcbarcelonanoticias.com\/laliga.html\" href=\"https:\/\/www.fcbarcelonanoticias.com\/en\/laliga.html\" rel=\"follow\" target=\"_self\" title=\"LaLiga\">LaLiga EA Sports 2025-26<\/a><\/strong> in FC Barcelona Noticias<\/li> <\/ul> ","protected":false},"excerpt":{"rendered":"<p>Hansi Flick has confirmed the list of Bar\u00e7a players called up for the match against Elche, on matchday eleven of LaLiga 2025\/26. Lewandowski and Olmo return to the team Football Club Barcelona has announced the list of 21 players called up for Sunday&#8217;s match against Elche. The Blaugrana team plays its fifth match as host [&hellip;]<\/p>\n","protected":false},"author":347,"featured_media":55582,"comment_status":"closed","ping_status":"open","sticky":false,"template":"","format":"standard","meta":{"_acf_changed":false,"inline_featured_image":false,"_nextfly_llmd_date_locked":false,"footnotes":""},"categories":[114,448],"tags":[347,184,87],"class_list":["post-55576","post","type-post","status-publish","format-standard","has-post-thumbnail","hentry","category-laliga","category-laliga-2","tag-elche-cf","tag-fc-barcelona-squad-lists","tag-hansi-flick"],"acf":[],"yoast_head":"<!-- This site is optimized with the Yoast SEO plugin v27.3 - https:\/\/yoast.com\/product\/yoast-seo-wordpress\/ -->\n<title>Hansi Flick&#039;s squad list for Barcelona - Elche<\/title>\n<meta name=\"description\" content=\"Hansi Flick has confirmed the list of Bar\u00e7a players called up for the match against Elche, in the eleventh matchday of LaLiga 2025\/26\" \/>\n<meta name=\"robots\" content=\"index, follow, max-snippet:-1, max-image-preview:large, max-video-preview:-1\" \/>\n<link rel=\"canonical\" href=\"https:\/\/www.fcbarcelonanoticias.com\/en\/laliga\/hansi-flick-squad-list-for-barcelona-elche_315157_102.html\" \/>\n<meta property=\"og:locale\" content=\"en_US\" \/>\n<meta property=\"og:type\" content=\"article\" \/>\n<meta property=\"og:title\" content=\"Hansi Flick&#039;s squad list for Barcelona - Elche\" \/>\n<meta property=\"og:description\" content=\"Hansi Flick has confirmed the list of Bar\u00e7a players called up for the match against Elche, in the eleventh matchday of LaLiga 2025\/26\" \/>\n<meta property=\"og:url\" content=\"https:\/\/www.fcbarcelonanoticias.com\/en\/laliga\/hansi-flick-squad-list-for-barcelona-elche_315157_102.html\" \/>\n<meta property=\"og:site_name\" content=\"EN - FC Barcelona Noticias\" \/>\n<meta property=\"article:published_time\" content=\"2025-11-02T11:10:00+00:00\" \/>\n<meta property=\"article:modified_time\" content=\"2026-03-27T10:33:16+00:00\" \/>\n<meta property=\"og:image\" content=\"https:\/\/www.fcbarcelonanoticias.com\/en\/wp-content\/uploads\/sites\/2\/2025\/11\/lista-convocados-barrcelona-v-eclhe-laliga-1.webp\" \/>\n\t<meta property=\"og:image:width\" content=\"1200\" \/>\n\t<meta property=\"og:image:height\" content=\"675\" \/>\n\t<meta property=\"og:image:type\" content=\"image\/webp\" \/>\n<meta name=\"author\" content=\"Andr\u00e9s Quiroz\" \/>\n<meta name=\"twitter:card\" content=\"summary_large_image\" \/>\n<meta name=\"twitter:label1\" content=\"Written by\" \/>\n\t<meta name=\"twitter:data1\" content=\"Andr\u00e9s Quiroz\" \/>\n\t<meta name=\"twitter:label2\" content=\"Est. reading time\" \/>\n\t<meta name=\"twitter:data2\" content=\"3 minutes\" \/>\n<script type=\"application\/ld+json\" class=\"yoast-schema-graph\">{\"@context\":\"https:\\\/\\\/schema.org\",\"@graph\":[{\"@type\":\"Article\",\"@id\":\"https:\\\/\\\/www.fcbarcelonanoticias.com\\\/en\\\/laliga\\\/hansi-flick-squad-list-for-barcelona-elche_315157_102.html#article\",\"isPartOf\":{\"@id\":\"https:\\\/\\\/www.fcbarcelonanoticias.com\\\/en\\\/laliga\\\/hansi-flick-squad-list-for-barcelona-elche_315157_102.html\"},\"author\":{\"name\":\"Andr\u00e9s Quiroz\",\"@id\":\"https:\\\/\\\/www.fcbarcelonanoticias.com\\\/en\\\/#\\\/schema\\\/person\\\/c2cd9f6fa1af5c0d0eccd0fefa575c88\"},\"headline\":\"Hansi Flick&#8217;s squad list for Barcelona &#8211; Elche\",\"datePublished\":\"2025-11-02T11:10:00+00:00\",\"dateModified\":\"2026-03-27T10:33:16+00:00\",\"mainEntityOfPage\":{\"@id\":\"https:\\\/\\\/www.fcbarcelonanoticias.com\\\/en\\\/laliga\\\/hansi-flick-squad-list-for-barcelona-elche_315157_102.html\"},\"wordCount\":517,\"image\":{\"@id\":\"https:\\\/\\\/www.fcbarcelonanoticias.com\\\/en\\\/laliga\\\/hansi-flick-squad-list-for-barcelona-elche_315157_102.html#primaryimage\"},\"thumbnailUrl\":\"https:\\\/\\\/www.fcbarcelonanoticias.com\\\/en\\\/wp-content\\\/uploads\\\/sites\\\/2\\\/2025\\\/11\\\/lista-convocados-barrcelona-v-eclhe-laliga-1.webp\",\"keywords\":[\"Elche CF\",\"FC Barcelona Squad Lists\",\"Hansi Flick\"],\"articleSection\":[\"LaLiga\",\"LaLiga\"],\"inLanguage\":\"en-US\"},{\"@type\":\"WebPage\",\"@id\":\"https:\\\/\\\/www.fcbarcelonanoticias.com\\\/en\\\/laliga\\\/hansi-flick-squad-list-for-barcelona-elche_315157_102.html\",\"url\":\"https:\\\/\\\/www.fcbarcelonanoticias.com\\\/en\\\/laliga\\\/hansi-flick-squad-list-for-barcelona-elche_315157_102.html\",\"name\":\"Hansi Flick's squad list for Barcelona - Elche\",\"isPartOf\":{\"@id\":\"https:\\\/\\\/www.fcbarcelonanoticias.com\\\/en\\\/#website\"},\"primaryImageOfPage\":{\"@id\":\"https:\\\/\\\/www.fcbarcelonanoticias.com\\\/en\\\/laliga\\\/hansi-flick-squad-list-for-barcelona-elche_315157_102.html#primaryimage\"},\"image\":{\"@id\":\"https:\\\/\\\/www.fcbarcelonanoticias.com\\\/en\\\/laliga\\\/hansi-flick-squad-list-for-barcelona-elche_315157_102.html#primaryimage\"},\"thumbnailUrl\":\"https:\\\/\\\/www.fcbarcelonanoticias.com\\\/en\\\/wp-content\\\/uploads\\\/sites\\\/2\\\/2025\\\/11\\\/lista-convocados-barrcelona-v-eclhe-laliga-1.webp\",\"datePublished\":\"2025-11-02T11:10:00+00:00\",\"dateModified\":\"2026-03-27T10:33:16+00:00\",\"author\":{\"@id\":\"https:\\\/\\\/www.fcbarcelonanoticias.com\\\/en\\\/#\\\/schema\\\/person\\\/c2cd9f6fa1af5c0d0eccd0fefa575c88\"},\"description\":\"Hansi Flick has confirmed the list of Bar\u00e7a players called up for the match against Elche, in the eleventh matchday of LaLiga 2025\\\/26\",\"breadcrumb\":{\"@id\":\"https:\\\/\\\/www.fcbarcelonanoticias.com\\\/en\\\/laliga\\\/hansi-flick-squad-list-for-barcelona-elche_315157_102.html#breadcrumb\"},\"inLanguage\":\"en-US\",\"potentialAction\":[{\"@type\":\"ReadAction\",\"target\":[\"https:\\\/\\\/www.fcbarcelonanoticias.com\\\/en\\\/laliga\\\/hansi-flick-squad-list-for-barcelona-elche_315157_102.html\"]}]},{\"@type\":\"ImageObject\",\"inLanguage\":\"en-US\",\"@id\":\"https:\\\/\\\/www.fcbarcelonanoticias.com\\\/en\\\/laliga\\\/hansi-flick-squad-list-for-barcelona-elche_315157_102.html#primaryimage\",\"url\":\"https:\\\/\\\/www.fcbarcelonanoticias.com\\\/en\\\/wp-content\\\/uploads\\\/sites\\\/2\\\/2025\\\/11\\\/lista-convocados-barrcelona-v-eclhe-laliga-1.webp\",\"contentUrl\":\"https:\\\/\\\/www.fcbarcelonanoticias.com\\\/en\\\/wp-content\\\/uploads\\\/sites\\\/2\\\/2025\\\/11\\\/lista-convocados-barrcelona-v-eclhe-laliga-1.webp\",\"width\":1200,\"height\":675},{\"@type\":\"BreadcrumbList\",\"@id\":\"https:\\\/\\\/www.fcbarcelonanoticias.com\\\/en\\\/laliga\\\/hansi-flick-squad-list-for-barcelona-elche_315157_102.html#breadcrumb\",\"itemListElement\":[{\"@type\":\"ListItem\",\"position\":1,\"name\":\"Portada\",\"item\":\"https:\\\/\\\/www.fcbarcelonanoticias.com\\\/en\\\/\"},{\"@type\":\"ListItem\",\"position\":2,\"name\":\"Hansi Flick&#8217;s squad list for Barcelona &#8211; Elche\"}]},{\"@type\":\"WebSite\",\"@id\":\"https:\\\/\\\/www.fcbarcelonanoticias.com\\\/en\\\/#website\",\"url\":\"https:\\\/\\\/www.fcbarcelonanoticias.com\\\/en\\\/\",\"name\":\"EN - FC Barcelona Noticias\",\"description\":\"\",\"potentialAction\":[{\"@type\":\"SearchAction\",\"target\":{\"@type\":\"EntryPoint\",\"urlTemplate\":\"https:\\\/\\\/www.fcbarcelonanoticias.com\\\/en\\\/?s={search_term_string}\"},\"query-input\":{\"@type\":\"PropertyValueSpecification\",\"valueRequired\":true,\"valueName\":\"search_term_string\"}}],\"inLanguage\":\"en-US\"},{\"@type\":\"Person\",\"@id\":\"https:\\\/\\\/www.fcbarcelonanoticias.com\\\/en\\\/#\\\/schema\\\/person\\\/c2cd9f6fa1af5c0d0eccd0fefa575c88\",\"name\":\"Andr\u00e9s Quiroz\",\"image\":{\"@type\":\"ImageObject\",\"inLanguage\":\"en-US\",\"@id\":\"https:\\\/\\\/secure.gravatar.com\\\/avatar\\\/?s=96&d=mm&r=g\",\"url\":\"https:\\\/\\\/secure.gravatar.com\\\/avatar\\\/?s=96&d=mm&r=g\",\"contentUrl\":\"https:\\\/\\\/secure.gravatar.com\\\/avatar\\\/?s=96&d=mm&r=g\",\"caption\":\"Andr\u00e9s Quiroz\"},\"description\":\"Licenciado en Periodismo por la Universidad de los Andes. Me encargo de analizar y compartir los contenidos m\u00e1s destacados de la\u00a0actualidad del F\u00fatbol Club Barcelona, Mercado de Fichajes y F\u00fatbol Internacional en FCBN. La informaci\u00f3n es poder, pero tambi\u00e9n conocimiento.\",\"url\":\"https:\\\/\\\/www.fcbarcelonanoticias.com\\\/en\\\/fc-barcelona\\\/andres-quiroz_17_115.html\"}]}<\/script>\n<!-- \/ Yoast SEO plugin. -->","yoast_head_json":{"title":"Hansi Flick's squad list for Barcelona - Elche","description":"Hansi Flick has confirmed the list of Bar\u00e7a players called up for the match against Elche, in the eleventh matchday of LaLiga 2025\/26","robots":{"index":"index","follow":"follow","max-snippet":"max-snippet:-1","max-image-preview":"max-image-preview:large","max-video-preview":"max-video-preview:-1"},"canonical":"https:\/\/www.fcbarcelonanoticias.com\/en\/laliga\/hansi-flick-squad-list-for-barcelona-elche_315157_102.html","og_locale":"en_US","og_type":"article","og_title":"Hansi Flick's squad list for Barcelona - Elche","og_description":"Hansi Flick has confirmed the list of Bar\u00e7a players called up for the match against Elche, in the eleventh matchday of LaLiga 2025\/26","og_url":"https:\/\/www.fcbarcelonanoticias.com\/en\/laliga\/hansi-flick-squad-list-for-barcelona-elche_315157_102.html","og_site_name":"EN - FC Barcelona Noticias","article_published_time":"2025-11-02T11:10:00+00:00","article_modified_time":"2026-03-27T10:33:16+00:00","og_image":[{"width":1200,"height":675,"url":"https:\/\/www.fcbarcelonanoticias.com\/en\/wp-content\/uploads\/sites\/2\/2025\/11\/lista-convocados-barrcelona-v-eclhe-laliga-1.webp","type":"image\/webp"}],"author":"Andr\u00e9s Quiroz","twitter_card":"summary_large_image","twitter_misc":{"Written by":"Andr\u00e9s Quiroz","Est. reading time":"3 minutes"},"schema":{"@context":"https:\/\/schema.org","@graph":[{"@type":"Article","@id":"https:\/\/www.fcbarcelonanoticias.com\/en\/laliga\/hansi-flick-squad-list-for-barcelona-elche_315157_102.html#article","isPartOf":{"@id":"https:\/\/www.fcbarcelonanoticias.com\/en\/laliga\/hansi-flick-squad-list-for-barcelona-elche_315157_102.html"},"author":{"name":"Andr\u00e9s Quiroz","@id":"https:\/\/www.fcbarcelonanoticias.com\/en\/#\/schema\/person\/c2cd9f6fa1af5c0d0eccd0fefa575c88"},"headline":"Hansi Flick&#8217;s squad list for Barcelona &#8211; Elche","datePublished":"2025-11-02T11:10:00+00:00","dateModified":"2026-03-27T10:33:16+00:00","mainEntityOfPage":{"@id":"https:\/\/www.fcbarcelonanoticias.com\/en\/laliga\/hansi-flick-squad-list-for-barcelona-elche_315157_102.html"},"wordCount":517,"image":{"@id":"https:\/\/www.fcbarcelonanoticias.com\/en\/laliga\/hansi-flick-squad-list-for-barcelona-elche_315157_102.html#primaryimage"},"thumbnailUrl":"https:\/\/www.fcbarcelonanoticias.com\/en\/wp-content\/uploads\/sites\/2\/2025\/11\/lista-convocados-barrcelona-v-eclhe-laliga-1.webp","keywords":["Elche CF","FC Barcelona Squad Lists","Hansi Flick"],"articleSection":["LaLiga","LaLiga"],"inLanguage":"en-US"},{"@type":"WebPage","@id":"https:\/\/www.fcbarcelonanoticias.com\/en\/laliga\/hansi-flick-squad-list-for-barcelona-elche_315157_102.html","url":"https:\/\/www.fcbarcelonanoticias.com\/en\/laliga\/hansi-flick-squad-list-for-barcelona-elche_315157_102.html","name":"Hansi Flick's squad list for Barcelona - Elche","isPartOf":{"@id":"https:\/\/www.fcbarcelonanoticias.com\/en\/#website"},"primaryImageOfPage":{"@id":"https:\/\/www.fcbarcelonanoticias.com\/en\/laliga\/hansi-flick-squad-list-for-barcelona-elche_315157_102.html#primaryimage"},"image":{"@id":"https:\/\/www.fcbarcelonanoticias.com\/en\/laliga\/hansi-flick-squad-list-for-barcelona-elche_315157_102.html#primaryimage"},"thumbnailUrl":"https:\/\/www.fcbarcelonanoticias.com\/en\/wp-content\/uploads\/sites\/2\/2025\/11\/lista-convocados-barrcelona-v-eclhe-laliga-1.webp","datePublished":"2025-11-02T11:10:00+00:00","dateModified":"2026-03-27T10:33:16+00:00","author":{"@id":"https:\/\/www.fcbarcelonanoticias.com\/en\/#\/schema\/person\/c2cd9f6fa1af5c0d0eccd0fefa575c88"},"description":"Hansi Flick has confirmed the list of Bar\u00e7a players called up for the match against Elche, in the eleventh matchday of LaLiga 2025\/26","breadcrumb":{"@id":"https:\/\/www.fcbarcelonanoticias.com\/en\/laliga\/hansi-flick-squad-list-for-barcelona-elche_315157_102.html#breadcrumb"},"inLanguage":"en-US","potentialAction":[{"@type":"ReadAction","target":["https:\/\/www.fcbarcelonanoticias.com\/en\/laliga\/hansi-flick-squad-list-for-barcelona-elche_315157_102.html"]}]},{"@type":"ImageObject","inLanguage":"en-US","@id":"https:\/\/www.fcbarcelonanoticias.com\/en\/laliga\/hansi-flick-squad-list-for-barcelona-elche_315157_102.html#primaryimage","url":"https:\/\/www.fcbarcelonanoticias.com\/en\/wp-content\/uploads\/sites\/2\/2025\/11\/lista-convocados-barrcelona-v-eclhe-laliga-1.webp","contentUrl":"https:\/\/www.fcbarcelonanoticias.com\/en\/wp-content\/uploads\/sites\/2\/2025\/11\/lista-convocados-barrcelona-v-eclhe-laliga-1.webp","width":1200,"height":675},{"@type":"BreadcrumbList","@id":"https:\/\/www.fcbarcelonanoticias.com\/en\/laliga\/hansi-flick-squad-list-for-barcelona-elche_315157_102.html#breadcrumb","itemListElement":[{"@type":"ListItem","position":1,"name":"Portada","item":"https:\/\/www.fcbarcelonanoticias.com\/en\/"},{"@type":"ListItem","position":2,"name":"Hansi Flick&#8217;s squad list for Barcelona &#8211; Elche"}]},{"@type":"WebSite","@id":"https:\/\/www.fcbarcelonanoticias.com\/en\/#website","url":"https:\/\/www.fcbarcelonanoticias.com\/en\/","name":"EN - FC Barcelona Noticias","description":"","potentialAction":[{"@type":"SearchAction","target":{"@type":"EntryPoint","urlTemplate":"https:\/\/www.fcbarcelonanoticias.com\/en\/?s={search_term_string}"},"query-input":{"@type":"PropertyValueSpecification","valueRequired":true,"valueName":"search_term_string"}}],"inLanguage":"en-US"},{"@type":"Person","@id":"https:\/\/www.fcbarcelonanoticias.com\/en\/#\/schema\/person\/c2cd9f6fa1af5c0d0eccd0fefa575c88","name":"Andr\u00e9s Quiroz","image":{"@type":"ImageObject","inLanguage":"en-US","@id":"https:\/\/secure.gravatar.com\/avatar\/?s=96&d=mm&r=g","url":"https:\/\/secure.gravatar.com\/avatar\/?s=96&d=mm&r=g","contentUrl":"https:\/\/secure.gravatar.com\/avatar\/?s=96&d=mm&r=g","caption":"Andr\u00e9s Quiroz"},"description":"Licenciado en Periodismo por la Universidad de los Andes. Me encargo de analizar y compartir los contenidos m\u00e1s destacados de la\u00a0actualidad del F\u00fatbol Club Barcelona, Mercado de Fichajes y F\u00fatbol Internacional en FCBN. La informaci\u00f3n es poder, pero tambi\u00e9n conocimiento.","url":"https:\/\/www.fcbarcelonanoticias.com\/en\/fc-barcelona\/andres-quiroz_17_115.html"}]}},"_links":{"self":[{"href":"https:\/\/www.fcbarcelonanoticias.com\/en\/wp-json\/wp\/v2\/posts\/55576","targetHints":{"allow":["GET"]}}],"collection":[{"href":"https:\/\/www.fcbarcelonanoticias.com\/en\/wp-json\/wp\/v2\/posts"}],"about":[{"href":"https:\/\/www.fcbarcelonanoticias.com\/en\/wp-json\/wp\/v2\/types\/post"}],"author":[{"embeddable":true,"href":"https:\/\/www.fcbarcelonanoticias.com\/en\/wp-json\/wp\/v2\/users\/347"}],"replies":[{"embeddable":true,"href":"https:\/\/www.fcbarcelonanoticias.com\/en\/wp-json\/wp\/v2\/comments?post=55576"}],"version-history":[{"count":2,"href":"https:\/\/www.fcbarcelonanoticias.com\/en\/wp-json\/wp\/v2\/posts\/55576\/revisions"}],"predecessor-version":[{"id":159229,"href":"https:\/\/www.fcbarcelonanoticias.com\/en\/wp-json\/wp\/v2\/posts\/55576\/revisions\/159229"}],"wp:featuredmedia":[{"embeddable":true,"href":"https:\/\/www.fcbarcelonanoticias.com\/en\/wp-json\/wp\/v2\/media\/55582"}],"wp:attachment":[{"href":"https:\/\/www.fcbarcelonanoticias.com\/en\/wp-json\/wp\/v2\/media?parent=55576"}],"wp:term":[{"taxonomy":"category","embeddable":true,"href":"https:\/\/www.fcbarcelonanoticias.com\/en\/wp-json\/wp\/v2\/categories?post=55576"},{"taxonomy":"post_tag","embeddable":true,"href":"https:\/\/www.fcbarcelonanoticias.com\/en\/wp-json\/wp\/v2\/tags?post=55576"}],"curies":[{"name":"wp","href":"https:\/\/api.w.org\/{rel}","templated":true}]}}