{"id":55599,"date":"2024-11-24T01:43:00","date_gmt":"2024-11-24T00:43:00","guid":{"rendered":"https:\/\/weisetech.dev\/fc-barcelona-noticias\/en\/hansi-flick-more-self-critical-and-angry-than-ever-after-the-draw-against-celta_308834_102\/"},"modified":"2024-11-24T03:52:00","modified_gmt":"2024-11-24T02:52:00","slug":"hansi-flick-more-self-critical-and-angry-than-ever-after-the-draw-against-celta_308834_102","status":"publish","type":"post","link":"https:\/\/www.fcbarcelonanoticias.com\/en\/laliga\/hansi-flick-more-self-critical-and-angry-than-ever-after-the-draw-against-celta_308834_102.html","title":{"rendered":"Hansi Flick, more self-critical and &#8216;angry&#8217; than ever after the draw against Celta"},"content":{"rendered":"<h2 class=\"wp-block-heading\">Hansi Flick made public his anger at the draw against Celta in the press conference after the match, where he said that &#8220;we played a really bad game&#8221;<\/h2>  \r\n<div class=\"article-addons\">\r\n    <a href=\"https:\/\/www.fcbarcelonanoticias.com\/en\/calendar-fc-barcelona.html\"\r\n       target=\"_self\"\r\n       title=\"Calendar of FC Barcelona\"\r\n       class=\"blue-gredient-btn\">\r\n       \r\n        Calendar of FC Barcelona    <\/a>\r\n<\/div>   <p>After leaving the Bala\u00eddos pitch visibly angry, <strong>Hansi Flick<\/strong> spoke to the media at a press conference and made public his &#8216;anger&#8217; over the result obtained in Vigo. The German was unhappy with <strong>FC Barcelona<\/strong>&#8216;s performance against <strong>Celta <\/strong>and regretted a draw that meant very little.<\/p>  <blockquote> <p>&#8220;It wasn&#8217;t just the last 10 minutes. It was the whole game. We played a really bad game. We have to be honest&#8221;<\/p> <\/blockquote>  <p>&#8220;We made a lot of mistakes, also in the first half, and we didn&#8217;t have confidence with the ball. <strong>We didn&#8217;t play the football we&#8217;re used to<\/strong>. We were lucky with some situations and in the end we got a point and we have to react because it can&#8217;t be repeated,&#8221; said the Bar\u00e7a coach.<\/p>  <p>Along the same lines, Flick said that &#8220;these are things that can happen but we have to look forward. The least bad thing is that it&#8217;s only one game and we got a point <strong>but we&#8217;re not happy and neither are the players. Everyone can play better than today<\/strong>.&#8221;<\/p>  <h3>Are Kound\u00e9 and Casad\u00f3 to blame for the result?<\/h3>  <p>The Bar\u00e7a coach continued his defence by saying that &#8220;it is always difficult to play against <strong>Celta<\/strong>, who have a good mentality. It was windy but that is no excuse. Sometimes a centimetre can end up being decisive but there was a little less concentration.&#8221;<\/p>  <blockquote> <p>&#8220;What we saw today is the summary: when you play at 80% or 85% you cannot win. That&#8217;s what I can say&#8221;<\/p> <\/blockquote>  <p><a data-external=\"0\" data-intl-links-en=\"https:\/\/www.fcbarcelonanoticias.com\/en\/laliga\/jules-kounde-gives-celta-the-comeback_308828_102.html\" data-intl-links-es=\"https:\/\/www.fcbarcelonanoticias.com\/laliga\/jules-kounde-regala-celta-remontada_308828_102.html\" href=\"https:\/\/www.fcbarcelonanoticias.com\/en\/laliga\/jules-kounde-gives-celta-the-comeback_308828_102.html\" rel=\"follow\" target=\"_self\" title=\"\u00a1Brutal error! Jules Kound\u00e9 gives Celta the comeback\">Regarding Jules Kound\u00e9&#8217;s error in the 1-2<\/a> and the influence of <strong>Casad\u00f3&#8217;s <\/strong>expulsion in the 82nd minute just before the two goals of the Celtistas, the German took responsibility away from his two pupils. &#8220;It is not Jules&#8217; fault alone or the red card for <strong>Casad\u00f3<\/strong>. It is the whole team that wins and loses but we will return to our level and I hope that what we have seen does not influence Tuesday against <strong>Brest<\/strong>,&#8221; he said.<\/p>  <h3>Flick spoke of two names<\/h3>  <p>When asked about the substitution of <strong>Gerard Mart\u00edn <\/strong>after the break, <strong>Flick <\/strong>clarified his decision and left a small message for the full-back, whose game left much to be desired. &#8220;I don&#8217;t make changes based on whether a player has a yellow card or not, <strong>but on performance<\/strong>,&#8221; he commented.<\/p>  <p>Finally, <a data-external=\"0\" data-intl-links-en=\"https:\/\/www.fcbarcelonanoticias.com\/en\/laliga\/gavi-returns-starting-eleven-fc-barcelona-382-days-later_308822_102.html\" data-intl-links-es=\"https:\/\/www.fcbarcelonanoticias.com\/laliga\/gavi-vuelve-once-titular-fc-barcelona-382-dias-despues_308822_102.html\" href=\"https:\/\/www.fcbarcelonanoticias.com\/en\/laliga\/gavi-returns-starting-eleven-fc-barcelona-382-days-later_308822_102.html\" rel=\"follow\" target=\"_self\" title=\"Gavi returns to the starting eleven of FC Barcelona 382 days later!\">regarding Gavi&#8217;s first start more than a year after his injury<\/a>, the coach praised the Andalusian&#8217;s performance. &#8220;I saw <strong>Gavi <\/strong>doing very well. He showed his quality in some situations, showing good mentality. We have gone step by step with him and hopefully he will soon be able to play 90 minutes,&#8221; he concluded.<\/p> ","protected":false},"excerpt":{"rendered":"<p>Hansi Flick made public his anger at the draw against Celta in the press conference after the match, where he said that &#8220;we played a really bad game&#8221; After leaving the Bala\u00eddos pitch visibly angry, Hansi Flick spoke to the media at a press conference and made public his &#8216;anger&#8217; over the result obtained in [&hellip;]<\/p>\n","protected":false},"author":358,"featured_media":116161,"comment_status":"closed","ping_status":"open","sticky":false,"template":"","format":"standard","meta":{"_acf_changed":false,"inline_featured_image":false,"_nextfly_llmd_date_locked":false,"footnotes":""},"categories":[114,448],"tags":[61,87,172],"class_list":["post-55599","post","type-post","status-publish","format-standard","has-post-thumbnail","hentry","category-laliga","category-laliga-2","tag-fc-barcelona-vs-celta","tag-hansi-flick","tag-videos"],"acf":[],"yoast_head":"<!-- This site is optimized with the Yoast SEO plugin v27.3 - https:\/\/yoast.com\/product\/yoast-seo-wordpress\/ -->\n<title>Hansi Flick, more self-critical and &#039;angry&#039; than ever after the draw against Celta<\/title>\n<meta name=\"description\" content=\"Hansi Flick made public his anger at the draw against Celta in the press conference after the match, where he said that &quot;we played a really bad game&quot;\" \/>\n<meta name=\"robots\" content=\"index, follow, max-snippet:-1, max-image-preview:large, max-video-preview:-1\" \/>\n<link rel=\"canonical\" href=\"https:\/\/www.fcbarcelonanoticias.com\/en\/laliga\/hansi-flick-more-self-critical-and-angry-than-ever-after-the-draw-against-celta_308834_102.html\" \/>\n<meta property=\"og:locale\" content=\"en_US\" \/>\n<meta property=\"og:type\" content=\"article\" \/>\n<meta property=\"og:title\" content=\"Hansi Flick, more self-critical and &#039;angry&#039; than ever after the draw against Celta\" \/>\n<meta property=\"og:description\" content=\"Hansi Flick made public his anger at the draw against Celta in the press conference after the match, where he said that &quot;we played a really bad game&quot;\" \/>\n<meta property=\"og:url\" content=\"https:\/\/www.fcbarcelonanoticias.com\/en\/laliga\/hansi-flick-more-self-critical-and-angry-than-ever-after-the-draw-against-celta_308834_102.html\" \/>\n<meta property=\"og:site_name\" content=\"EN - FC Barcelona Noticias\" \/>\n<meta property=\"article:published_time\" content=\"2024-11-24T00:43:00+00:00\" \/>\n<meta property=\"article:modified_time\" content=\"2024-11-24T02:52:00+00:00\" \/>\n<meta property=\"og:image\" content=\"https:\/\/www.fcbarcelonanoticias.com\/en\/wp-content\/uploads\/sites\/2\/2024\/11\/hansi-flick-celta-4.jpeg\" \/>\n\t<meta property=\"og:image:width\" content=\"1250\" \/>\n\t<meta property=\"og:image:height\" content=\"730\" \/>\n\t<meta property=\"og:image:type\" content=\"image\/jpeg\" \/>\n<meta name=\"author\" content=\"Juan Pablo Berdugo\" \/>\n<meta name=\"twitter:card\" content=\"summary_large_image\" \/>\n<meta name=\"twitter:label1\" content=\"Written by\" \/>\n\t<meta name=\"twitter:data1\" content=\"Juan Pablo Berdugo\" \/>\n\t<meta name=\"twitter:label2\" content=\"Est. reading time\" \/>\n\t<meta name=\"twitter:data2\" content=\"2 minutes\" \/>\n<script type=\"application\/ld+json\" class=\"yoast-schema-graph\">{\"@context\":\"https:\\\/\\\/schema.org\",\"@graph\":[{\"@type\":\"Article\",\"@id\":\"https:\\\/\\\/www.fcbarcelonanoticias.com\\\/en\\\/laliga\\\/hansi-flick-more-self-critical-and-angry-than-ever-after-the-draw-against-celta_308834_102.html#article\",\"isPartOf\":{\"@id\":\"https:\\\/\\\/www.fcbarcelonanoticias.com\\\/en\\\/laliga\\\/hansi-flick-more-self-critical-and-angry-than-ever-after-the-draw-against-celta_308834_102.html\"},\"author\":{\"name\":\"Juan Pablo Berdugo\",\"@id\":\"https:\\\/\\\/www.fcbarcelonanoticias.com\\\/en\\\/#\\\/schema\\\/person\\\/88d756918a0a1ae9fa593b5edddd1815\"},\"headline\":\"Hansi Flick, more self-critical and &#8216;angry&#8217; than ever after the draw against Celta\",\"datePublished\":\"2024-11-24T00:43:00+00:00\",\"dateModified\":\"2024-11-24T02:52:00+00:00\",\"mainEntityOfPage\":{\"@id\":\"https:\\\/\\\/www.fcbarcelonanoticias.com\\\/en\\\/laliga\\\/hansi-flick-more-self-critical-and-angry-than-ever-after-the-draw-against-celta_308834_102.html\"},\"wordCount\":492,\"image\":{\"@id\":\"https:\\\/\\\/www.fcbarcelonanoticias.com\\\/en\\\/laliga\\\/hansi-flick-more-self-critical-and-angry-than-ever-after-the-draw-against-celta_308834_102.html#primaryimage\"},\"thumbnailUrl\":\"https:\\\/\\\/www.fcbarcelonanoticias.com\\\/en\\\/wp-content\\\/uploads\\\/sites\\\/2\\\/2024\\\/11\\\/hansi-flick-celta-4.jpeg\",\"keywords\":[\"FC Barcelona vs Celta Vigo\",\"Hansi Flick\",\"Videos\"],\"articleSection\":[\"LaLiga\",\"LaLiga\"],\"inLanguage\":\"en-US\"},{\"@type\":\"WebPage\",\"@id\":\"https:\\\/\\\/www.fcbarcelonanoticias.com\\\/en\\\/laliga\\\/hansi-flick-more-self-critical-and-angry-than-ever-after-the-draw-against-celta_308834_102.html\",\"url\":\"https:\\\/\\\/www.fcbarcelonanoticias.com\\\/en\\\/laliga\\\/hansi-flick-more-self-critical-and-angry-than-ever-after-the-draw-against-celta_308834_102.html\",\"name\":\"Hansi Flick, more self-critical and 'angry' than ever after the draw against Celta\",\"isPartOf\":{\"@id\":\"https:\\\/\\\/www.fcbarcelonanoticias.com\\\/en\\\/#website\"},\"primaryImageOfPage\":{\"@id\":\"https:\\\/\\\/www.fcbarcelonanoticias.com\\\/en\\\/laliga\\\/hansi-flick-more-self-critical-and-angry-than-ever-after-the-draw-against-celta_308834_102.html#primaryimage\"},\"image\":{\"@id\":\"https:\\\/\\\/www.fcbarcelonanoticias.com\\\/en\\\/laliga\\\/hansi-flick-more-self-critical-and-angry-than-ever-after-the-draw-against-celta_308834_102.html#primaryimage\"},\"thumbnailUrl\":\"https:\\\/\\\/www.fcbarcelonanoticias.com\\\/en\\\/wp-content\\\/uploads\\\/sites\\\/2\\\/2024\\\/11\\\/hansi-flick-celta-4.jpeg\",\"datePublished\":\"2024-11-24T00:43:00+00:00\",\"dateModified\":\"2024-11-24T02:52:00+00:00\",\"author\":{\"@id\":\"https:\\\/\\\/www.fcbarcelonanoticias.com\\\/en\\\/#\\\/schema\\\/person\\\/88d756918a0a1ae9fa593b5edddd1815\"},\"description\":\"Hansi Flick made public his anger at the draw against Celta in the press conference after the match, where he said that \\\"we played a really bad game\\\"\",\"breadcrumb\":{\"@id\":\"https:\\\/\\\/www.fcbarcelonanoticias.com\\\/en\\\/laliga\\\/hansi-flick-more-self-critical-and-angry-than-ever-after-the-draw-against-celta_308834_102.html#breadcrumb\"},\"inLanguage\":\"en-US\",\"potentialAction\":[{\"@type\":\"ReadAction\",\"target\":[\"https:\\\/\\\/www.fcbarcelonanoticias.com\\\/en\\\/laliga\\\/hansi-flick-more-self-critical-and-angry-than-ever-after-the-draw-against-celta_308834_102.html\"]}]},{\"@type\":\"ImageObject\",\"inLanguage\":\"en-US\",\"@id\":\"https:\\\/\\\/www.fcbarcelonanoticias.com\\\/en\\\/laliga\\\/hansi-flick-more-self-critical-and-angry-than-ever-after-the-draw-against-celta_308834_102.html#primaryimage\",\"url\":\"https:\\\/\\\/www.fcbarcelonanoticias.com\\\/en\\\/wp-content\\\/uploads\\\/sites\\\/2\\\/2024\\\/11\\\/hansi-flick-celta-4.jpeg\",\"contentUrl\":\"https:\\\/\\\/www.fcbarcelonanoticias.com\\\/en\\\/wp-content\\\/uploads\\\/sites\\\/2\\\/2024\\\/11\\\/hansi-flick-celta-4.jpeg\",\"width\":1250,\"height\":730},{\"@type\":\"BreadcrumbList\",\"@id\":\"https:\\\/\\\/www.fcbarcelonanoticias.com\\\/en\\\/laliga\\\/hansi-flick-more-self-critical-and-angry-than-ever-after-the-draw-against-celta_308834_102.html#breadcrumb\",\"itemListElement\":[{\"@type\":\"ListItem\",\"position\":1,\"name\":\"Portada\",\"item\":\"https:\\\/\\\/www.fcbarcelonanoticias.com\\\/en\\\/\"},{\"@type\":\"ListItem\",\"position\":2,\"name\":\"Hansi Flick, more self-critical and &#8216;angry&#8217; than ever after the draw against Celta\"}]},{\"@type\":\"WebSite\",\"@id\":\"https:\\\/\\\/www.fcbarcelonanoticias.com\\\/en\\\/#website\",\"url\":\"https:\\\/\\\/www.fcbarcelonanoticias.com\\\/en\\\/\",\"name\":\"EN - FC Barcelona Noticias\",\"description\":\"\",\"potentialAction\":[{\"@type\":\"SearchAction\",\"target\":{\"@type\":\"EntryPoint\",\"urlTemplate\":\"https:\\\/\\\/www.fcbarcelonanoticias.com\\\/en\\\/?s={search_term_string}\"},\"query-input\":{\"@type\":\"PropertyValueSpecification\",\"valueRequired\":true,\"valueName\":\"search_term_string\"}}],\"inLanguage\":\"en-US\"},{\"@type\":\"Person\",\"@id\":\"https:\\\/\\\/www.fcbarcelonanoticias.com\\\/en\\\/#\\\/schema\\\/person\\\/88d756918a0a1ae9fa593b5edddd1815\",\"name\":\"Juan Pablo Berdugo\",\"image\":{\"@type\":\"ImageObject\",\"inLanguage\":\"en-US\",\"@id\":\"https:\\\/\\\/secure.gravatar.com\\\/avatar\\\/?s=96&d=mm&r=g\",\"url\":\"https:\\\/\\\/secure.gravatar.com\\\/avatar\\\/?s=96&d=mm&r=g\",\"contentUrl\":\"https:\\\/\\\/secure.gravatar.com\\\/avatar\\\/?s=96&d=mm&r=g\",\"caption\":\"Juan Pablo Berdugo\"},\"description\":\"Juan Pablo Berdugo es graduado en Periodismo. Colabora con FCBN como especialista en informaci\u00f3n del primer equipo del FC Barcelona, f\u00fatbol internacional y mercado de fichajes. Destaca por su enfoque anal\u00edtico, su rigor informativo y su capacidad para detectar tendencias emergentes en el f\u00fatbol global.\",\"url\":\"https:\\\/\\\/www.fcbarcelonanoticias.com\\\/en\\\/fc-barcelona\\\/juan-pablo-berdugo_18_115.html\"}]}<\/script>\n<!-- \/ Yoast SEO plugin. -->","yoast_head_json":{"title":"Hansi Flick, more self-critical and 'angry' than ever after the draw against Celta","description":"Hansi Flick made public his anger at the draw against Celta in the press conference after the match, where he said that \"we played a really bad game\"","robots":{"index":"index","follow":"follow","max-snippet":"max-snippet:-1","max-image-preview":"max-image-preview:large","max-video-preview":"max-video-preview:-1"},"canonical":"https:\/\/www.fcbarcelonanoticias.com\/en\/laliga\/hansi-flick-more-self-critical-and-angry-than-ever-after-the-draw-against-celta_308834_102.html","og_locale":"en_US","og_type":"article","og_title":"Hansi Flick, more self-critical and 'angry' than ever after the draw against Celta","og_description":"Hansi Flick made public his anger at the draw against Celta in the press conference after the match, where he said that \"we played a really bad game\"","og_url":"https:\/\/www.fcbarcelonanoticias.com\/en\/laliga\/hansi-flick-more-self-critical-and-angry-than-ever-after-the-draw-against-celta_308834_102.html","og_site_name":"EN - FC Barcelona Noticias","article_published_time":"2024-11-24T00:43:00+00:00","article_modified_time":"2024-11-24T02:52:00+00:00","og_image":[{"width":1250,"height":730,"url":"https:\/\/www.fcbarcelonanoticias.com\/en\/wp-content\/uploads\/sites\/2\/2024\/11\/hansi-flick-celta-4.jpeg","type":"image\/jpeg"}],"author":"Juan Pablo Berdugo","twitter_card":"summary_large_image","twitter_misc":{"Written by":"Juan Pablo Berdugo","Est. reading time":"2 minutes"},"schema":{"@context":"https:\/\/schema.org","@graph":[{"@type":"Article","@id":"https:\/\/www.fcbarcelonanoticias.com\/en\/laliga\/hansi-flick-more-self-critical-and-angry-than-ever-after-the-draw-against-celta_308834_102.html#article","isPartOf":{"@id":"https:\/\/www.fcbarcelonanoticias.com\/en\/laliga\/hansi-flick-more-self-critical-and-angry-than-ever-after-the-draw-against-celta_308834_102.html"},"author":{"name":"Juan Pablo Berdugo","@id":"https:\/\/www.fcbarcelonanoticias.com\/en\/#\/schema\/person\/88d756918a0a1ae9fa593b5edddd1815"},"headline":"Hansi Flick, more self-critical and &#8216;angry&#8217; than ever after the draw against Celta","datePublished":"2024-11-24T00:43:00+00:00","dateModified":"2024-11-24T02:52:00+00:00","mainEntityOfPage":{"@id":"https:\/\/www.fcbarcelonanoticias.com\/en\/laliga\/hansi-flick-more-self-critical-and-angry-than-ever-after-the-draw-against-celta_308834_102.html"},"wordCount":492,"image":{"@id":"https:\/\/www.fcbarcelonanoticias.com\/en\/laliga\/hansi-flick-more-self-critical-and-angry-than-ever-after-the-draw-against-celta_308834_102.html#primaryimage"},"thumbnailUrl":"https:\/\/www.fcbarcelonanoticias.com\/en\/wp-content\/uploads\/sites\/2\/2024\/11\/hansi-flick-celta-4.jpeg","keywords":["FC Barcelona vs Celta Vigo","Hansi Flick","Videos"],"articleSection":["LaLiga","LaLiga"],"inLanguage":"en-US"},{"@type":"WebPage","@id":"https:\/\/www.fcbarcelonanoticias.com\/en\/laliga\/hansi-flick-more-self-critical-and-angry-than-ever-after-the-draw-against-celta_308834_102.html","url":"https:\/\/www.fcbarcelonanoticias.com\/en\/laliga\/hansi-flick-more-self-critical-and-angry-than-ever-after-the-draw-against-celta_308834_102.html","name":"Hansi Flick, more self-critical and 'angry' than ever after the draw against Celta","isPartOf":{"@id":"https:\/\/www.fcbarcelonanoticias.com\/en\/#website"},"primaryImageOfPage":{"@id":"https:\/\/www.fcbarcelonanoticias.com\/en\/laliga\/hansi-flick-more-self-critical-and-angry-than-ever-after-the-draw-against-celta_308834_102.html#primaryimage"},"image":{"@id":"https:\/\/www.fcbarcelonanoticias.com\/en\/laliga\/hansi-flick-more-self-critical-and-angry-than-ever-after-the-draw-against-celta_308834_102.html#primaryimage"},"thumbnailUrl":"https:\/\/www.fcbarcelonanoticias.com\/en\/wp-content\/uploads\/sites\/2\/2024\/11\/hansi-flick-celta-4.jpeg","datePublished":"2024-11-24T00:43:00+00:00","dateModified":"2024-11-24T02:52:00+00:00","author":{"@id":"https:\/\/www.fcbarcelonanoticias.com\/en\/#\/schema\/person\/88d756918a0a1ae9fa593b5edddd1815"},"description":"Hansi Flick made public his anger at the draw against Celta in the press conference after the match, where he said that \"we played a really bad game\"","breadcrumb":{"@id":"https:\/\/www.fcbarcelonanoticias.com\/en\/laliga\/hansi-flick-more-self-critical-and-angry-than-ever-after-the-draw-against-celta_308834_102.html#breadcrumb"},"inLanguage":"en-US","potentialAction":[{"@type":"ReadAction","target":["https:\/\/www.fcbarcelonanoticias.com\/en\/laliga\/hansi-flick-more-self-critical-and-angry-than-ever-after-the-draw-against-celta_308834_102.html"]}]},{"@type":"ImageObject","inLanguage":"en-US","@id":"https:\/\/www.fcbarcelonanoticias.com\/en\/laliga\/hansi-flick-more-self-critical-and-angry-than-ever-after-the-draw-against-celta_308834_102.html#primaryimage","url":"https:\/\/www.fcbarcelonanoticias.com\/en\/wp-content\/uploads\/sites\/2\/2024\/11\/hansi-flick-celta-4.jpeg","contentUrl":"https:\/\/www.fcbarcelonanoticias.com\/en\/wp-content\/uploads\/sites\/2\/2024\/11\/hansi-flick-celta-4.jpeg","width":1250,"height":730},{"@type":"BreadcrumbList","@id":"https:\/\/www.fcbarcelonanoticias.com\/en\/laliga\/hansi-flick-more-self-critical-and-angry-than-ever-after-the-draw-against-celta_308834_102.html#breadcrumb","itemListElement":[{"@type":"ListItem","position":1,"name":"Portada","item":"https:\/\/www.fcbarcelonanoticias.com\/en\/"},{"@type":"ListItem","position":2,"name":"Hansi Flick, more self-critical and &#8216;angry&#8217; than ever after the draw against Celta"}]},{"@type":"WebSite","@id":"https:\/\/www.fcbarcelonanoticias.com\/en\/#website","url":"https:\/\/www.fcbarcelonanoticias.com\/en\/","name":"EN - FC Barcelona Noticias","description":"","potentialAction":[{"@type":"SearchAction","target":{"@type":"EntryPoint","urlTemplate":"https:\/\/www.fcbarcelonanoticias.com\/en\/?s={search_term_string}"},"query-input":{"@type":"PropertyValueSpecification","valueRequired":true,"valueName":"search_term_string"}}],"inLanguage":"en-US"},{"@type":"Person","@id":"https:\/\/www.fcbarcelonanoticias.com\/en\/#\/schema\/person\/88d756918a0a1ae9fa593b5edddd1815","name":"Juan Pablo Berdugo","image":{"@type":"ImageObject","inLanguage":"en-US","@id":"https:\/\/secure.gravatar.com\/avatar\/?s=96&d=mm&r=g","url":"https:\/\/secure.gravatar.com\/avatar\/?s=96&d=mm&r=g","contentUrl":"https:\/\/secure.gravatar.com\/avatar\/?s=96&d=mm&r=g","caption":"Juan Pablo Berdugo"},"description":"Juan Pablo Berdugo es graduado en Periodismo. Colabora con FCBN como especialista en informaci\u00f3n del primer equipo del FC Barcelona, f\u00fatbol internacional y mercado de fichajes. Destaca por su enfoque anal\u00edtico, su rigor informativo y su capacidad para detectar tendencias emergentes en el f\u00fatbol global.","url":"https:\/\/www.fcbarcelonanoticias.com\/en\/fc-barcelona\/juan-pablo-berdugo_18_115.html"}]}},"_links":{"self":[{"href":"https:\/\/www.fcbarcelonanoticias.com\/en\/wp-json\/wp\/v2\/posts\/55599","targetHints":{"allow":["GET"]}}],"collection":[{"href":"https:\/\/www.fcbarcelonanoticias.com\/en\/wp-json\/wp\/v2\/posts"}],"about":[{"href":"https:\/\/www.fcbarcelonanoticias.com\/en\/wp-json\/wp\/v2\/types\/post"}],"author":[{"embeddable":true,"href":"https:\/\/www.fcbarcelonanoticias.com\/en\/wp-json\/wp\/v2\/users\/358"}],"replies":[{"embeddable":true,"href":"https:\/\/www.fcbarcelonanoticias.com\/en\/wp-json\/wp\/v2\/comments?post=55599"}],"version-history":[{"count":1,"href":"https:\/\/www.fcbarcelonanoticias.com\/en\/wp-json\/wp\/v2\/posts\/55599\/revisions"}],"predecessor-version":[{"id":116160,"href":"https:\/\/www.fcbarcelonanoticias.com\/en\/wp-json\/wp\/v2\/posts\/55599\/revisions\/116160"}],"wp:featuredmedia":[{"embeddable":true,"href":"https:\/\/www.fcbarcelonanoticias.com\/en\/wp-json\/wp\/v2\/media\/116161"}],"wp:attachment":[{"href":"https:\/\/www.fcbarcelonanoticias.com\/en\/wp-json\/wp\/v2\/media?parent=55599"}],"wp:term":[{"taxonomy":"category","embeddable":true,"href":"https:\/\/www.fcbarcelonanoticias.com\/en\/wp-json\/wp\/v2\/categories?post=55599"},{"taxonomy":"post_tag","embeddable":true,"href":"https:\/\/www.fcbarcelonanoticias.com\/en\/wp-json\/wp\/v2\/tags?post=55599"}],"curies":[{"name":"wp","href":"https:\/\/api.w.org\/{rel}","templated":true}]}}