{"id":55754,"date":"2025-04-19T21:55:00","date_gmt":"2025-04-19T19:55:00","guid":{"rendered":"https:\/\/weisetech.dev\/fc-barcelona-noticias\/en\/hansi-flick-and-his-reactions-to-barca-celta-4-3-fcbn_312223_102\/"},"modified":"2026-03-27T11:33:18","modified_gmt":"2026-03-27T10:33:18","slug":"hansi-flick-and-his-reactions-to-barca-celta-4-3-fcbn_312223_102","status":"publish","type":"post","link":"https:\/\/www.fcbarcelonanoticias.com\/en\/laliga\/hansi-flick-and-his-reactions-to-barca-celta-4-3-fcbn_312223_102.html","title":{"rendered":"Hansi Flick: happy with the team&#8217;s reaction and worried about Lewandowski"},"content":{"rendered":"<h2 class=\"wp-block-heading\">Hansi Flick was happy with the team&#8217;s reaction against Celta (4-3). The coach highlighted the team&#8217;s character, but avoided giving details about Lewandowski&#8217;s physical condition<\/h2>  \r\n<div class=\"article-addons\">\r\n    <a href=\"https:\/\/www.fcbarcelonanoticias.com\/en\/calendar-fc-barcelona.html\"\r\n       target=\"_self\"\r\n       title=\"Calendar of FC Barcelona\"\r\n       class=\"blue-gredient-btn\">\r\n       \r\n        Calendar of FC Barcelona    <\/a>\r\n<\/div>   <p><a data-external=\"0\" data-intl-links-en=\"https:\/\/www.fcbarcelonanoticias.com\/en\/laliga\/barca-4-3-celta-best-and-worst-of-comeback-fcbn_312222_102.html\" data-intl-links-es=\"https:\/\/www.fcbarcelonanoticias.com\/laliga\/barca-4-3-celta-mejor-peor-remontada-azulgrana_312222_102.html\" href=\"https:\/\/www.fcbarcelonanoticias.com\/en\/laliga\/barca-4-3-celta-best-and-worst-of-comeback-fcbn_312222_102.html\" rel=\"follow\" target=\"_self\" title=\"Bar\u00e7a 4-3 Celta: The best and worst of the Bar\u00e7a comeback\">FC Barcelona came back in an incredible match against Celta de Vigo (4-3)<\/a>, a victory that brings the Bar\u00e7a team closer to the LaLiga title. After the match, Hansi Flick revealed the keys to the cul\u00e9&#8217;s triumph, in addition to expressing his satisfaction with the performance of a Bar\u00e7a that keeps the dream of the treble intact.<\/p>  <p>&#8220;<strong>I am really happy with how we reacted after 1-3. The team never gives up and that is the mentality<\/strong>&#8220;, the coach began by saying in the post-match talk with &#8216;DAZN&#8217;. In that sense, he admitted the defensive error in the partial 1-2.&nbsp;<\/p>  <p>&#8220;The goal conceded, the second one, is a mistake. <strong>I still appreciate the players&#8217; response in the final stretch of the match<\/strong>&#8220;. He also valued the effort made against a very competitive rival. &#8220;We have played against a great team. <strong>It was no surprise to suffer so much<\/strong>&#8220;.<\/p>  <h2>For Flick, the key to Bar\u00e7a lies in character<\/h2>  <p>In the subsequent press conference, the coach made clear his satisfaction with the team&#8217;s character not to give up in any context. &#8220;<strong>In November, the team had their heads down, but now the feeling is positive<\/strong> (&#8230;). Not only in football, but also in business, <strong>you have to have a strong mentality<\/strong>&#8220;.<\/p>  <p>He also highlighted the power of celebrating another comeback similar to the one at the Metropolitano. &#8220;I am very proud and happy. It is not the first, but <strong>today has been one of the great comebacks because we are at the end of the season<\/strong> and three more points are very good&#8221;.<\/p>  <p>Similarly, he highlighted <a data-external=\"0\" data-intl-links-en=\"https:\/\/www.fcbarcelonanoticias.com\/en\/laliga\/epic-comeback-lamine-and-olmo-barca-golden-game-changers_312221_102.html\" data-intl-links-es=\"https:\/\/www.fcbarcelonanoticias.com\/laliga\/remontada-epica-lamine-olmo-impacto-inmediato-barca-celta_312221_102.html\" href=\"https:\/\/www.fcbarcelonanoticias.com\/en\/laliga\/epic-comeback-lamine-and-olmo-barca-golden-game-changers_312221_102.html\" rel=\"follow\" target=\"_self\" title=\"Epic comeback: Lamine and Olmo, immediate impact in Bar\u00e7a-Celta\">the contributions of Lamine Yamal and Dani Olmo as game-changers<\/a>. According to Flick, the youngster needed rest, while the attacking midfielder is gradually regaining competitive rhythm.<\/p>  <div class=\"media media-image\" data-ck-asset-wrapper=\"\"> <div class=\"media-item\"> <img loading=\"lazy\" decoding=\"async\" alt=\"Lamine and Olmo, immediate impact in Bar\u00e7a-Celta\" data-id=\"1487573\" data-resize=\"null\" height=\"675\" src=\"https:\/\/www.fcbarcelonanoticias.com\/wp-content\/uploads\/sites\/2\/2025\/04\/fcbn-beccfa58ff7abc08517db6b680c6472a.jpeg\" title=\"Lamine and Olmo, immediate impact in Bar\u00e7a-Celta\" width=\"1200\"><div class=\"media-title\">Lamine and Olmo, immediate impact in Bar\u00e7a-Celta<\/div> <\/div> <\/div>  <p>&nbsp;&#8220;<strong>After the break we asked him<\/strong> (Lamine) <strong>if he was ready to play, and he said yes<\/strong>. Everyone has responsibility for their performance. <strong>Dani has a lot of quality and must demonstrate it. That is what we expect<\/strong>, that is what we also see from Pedri&#8221;, explained the Bar\u00e7a coach.<\/p>  <p>And, continuing with individual performances, there was also praise for Raphinha. The Brazilian, author of a double and an assist, carried the offensive weight of the team in the second half.<\/p>  <p>&#8220;<strong>He is very important and always has a positive thought that infects the rest<\/strong>. I never look at penalties. I crossed my fingers and was very happy to see people celebrating it. I told him that we needed him and he has done a great job&#8221;, he explained.<\/p>  <div data-oembed-url=\"https:\/\/x.com\/DAZN_ES\/status\/1913631819909550379\"> <blockquote align=\"center\" class=\"twitter-tweet\" data-dnt=\"true\"> <p dir=\"ltr\" lang=\"es\">Un abrazo que habla por s\u00ed solo.<br> Que demuestra la importancia de una victoria de oro.<br><br> Esto de Hansi Flick y Raphinha \ud83d\udc40<a href=\"https:\/\/twitter.com\/en\/hashtag\/LALIGAenDAZN?src=hash&amp;ref_src=twsrc%5Etfw\">#LALIGAenDAZN<\/a> \u26bd\ufe0f <a href=\"https:\/\/t.co\/en\/2KJe33FtX6\">pic.twitter.com\/2KJe33FtX6<\/a><\/p> \u2014 DAZN Espa\u00f1a (@DAZN_ES) <a href=\"https:\/\/twitter.com\/en\/DAZN_ES\/status\/1913631819909550379?ref_src=twsrc%5Etfw\">April 19, 2025<\/a> <\/blockquote>  <\/div>  <h2>Flick, worried about Lewandowski&#8217;s condition<\/h2>  <p>However, not all was good news for Bar\u00e7a against Celta. <a data-external=\"0\" data-intl-links-en=\"https:\/\/www.fcbarcelonanoticias.com\/en\/laliga\/red-alert-lewandowski-injured-one-week-before-the-cup-final-against-real-madrid_312220_102.html\" data-intl-links-es=\"https:\/\/www.fcbarcelonanoticias.com\/laliga\/lewandowski-lesionado-final-copa-contra-real-madrid_312220_102.html\" href=\"https:\/\/www.fcbarcelonanoticias.com\/en\/laliga\/red-alert-lewandowski-injured-one-week-before-the-cup-final-against-real-madrid_312220_102.html\" rel=\"follow\" target=\"_self\" title=\"Red alert! Lewandowski injured one week before the Cup final against Real Madrid\">Robert Lewandowski left injured with an apparent problem in his left leg<\/a>. Flick, true to his custom, preferred to wait for the official medical report that will arrive this Sunday.<\/p>  <p>&#8220;<strong>We have to wait until tomorrow when they will do tests on him. Then we will know<\/strong>. My experience tells me that we have to wait&#8221;, said the coach. There was also a warning to the defense for the goals conceded.<\/p>  <p>&#8220;<strong>Normally we press well. Today it was easy for the opponents to score those goals<\/strong>. But we never give up and that is the mentality I want. I appreciate how we came back and the players&#8217; response&#8221;, pointed out the Bar\u00e7a coach.<\/p>  <div data-oembed-url=\"https:\/\/www.youtube.com\/watch?v=slbrf6j5VOY\"> <div style=\"left: 0; width: 100%; height: 0; position: relative; padding-bottom: 56.25%;\"><\/div> <\/div> ","protected":false},"excerpt":{"rendered":"<p>Hansi Flick was happy with the team&#8217;s reaction against Celta (4-3). The coach highlighted the team&#8217;s character, but avoided giving details about Lewandowski&#8217;s physical condition FC Barcelona came back in an incredible match against Celta de Vigo (4-3), a victory that brings the Bar\u00e7a team closer to the LaLiga title. After the match, Hansi Flick [&hellip;]<\/p>\n","protected":false},"author":347,"featured_media":48738,"comment_status":"closed","ping_status":"open","sticky":false,"template":"","format":"standard","meta":{"_acf_changed":false,"inline_featured_image":false,"_nextfly_llmd_date_locked":false,"footnotes":""},"categories":[114,448],"tags":[61,87],"class_list":["post-55754","post","type-post","status-publish","format-standard","has-post-thumbnail","hentry","category-laliga","category-laliga-2","tag-fc-barcelona-vs-celta","tag-hansi-flick"],"acf":[],"yoast_head":"<!-- This site is optimized with the Yoast SEO plugin v27.3 - https:\/\/yoast.com\/product\/yoast-seo-wordpress\/ -->\n<title>Hansi Flick and his reactions to the Bar\u00e7a-Celta (4-3) | FCBN<\/title>\n<meta name=\"description\" content=\"Hansi Flick reveals the keys to Bar\u00e7a&#039;s comeback against Celta (4-3), but keeps Lewandowski&#039;s physical condition in suspense\" \/>\n<meta name=\"robots\" content=\"index, follow, max-snippet:-1, max-image-preview:large, max-video-preview:-1\" \/>\n<link rel=\"canonical\" href=\"https:\/\/www.fcbarcelonanoticias.com\/en\/laliga\/hansi-flick-and-his-reactions-to-barca-celta-4-3-fcbn_312223_102.html\" \/>\n<meta property=\"og:locale\" content=\"en_US\" \/>\n<meta property=\"og:type\" content=\"article\" \/>\n<meta property=\"og:title\" content=\"Hansi Flick and his reactions to the Bar\u00e7a-Celta (4-3) | FCBN\" \/>\n<meta property=\"og:description\" content=\"Hansi Flick reveals the keys to Bar\u00e7a&#039;s comeback against Celta (4-3), but keeps Lewandowski&#039;s physical condition in suspense\" \/>\n<meta property=\"og:url\" content=\"https:\/\/www.fcbarcelonanoticias.com\/en\/laliga\/hansi-flick-and-his-reactions-to-barca-celta-4-3-fcbn_312223_102.html\" \/>\n<meta property=\"og:site_name\" content=\"EN - FC Barcelona Noticias\" \/>\n<meta property=\"article:published_time\" content=\"2025-04-19T19:55:00+00:00\" \/>\n<meta property=\"article:modified_time\" content=\"2026-03-27T10:33:18+00:00\" \/>\n<meta property=\"og:image\" content=\"https:\/\/www.fcbarcelonanoticias.com\/en\/wp-content\/uploads\/sites\/2\/2024\/11\/hansi-flick-v-celta.jpeg\" \/>\n\t<meta property=\"og:image:width\" content=\"1250\" \/>\n\t<meta property=\"og:image:height\" content=\"730\" \/>\n\t<meta property=\"og:image:type\" content=\"image\/jpeg\" \/>\n<meta name=\"author\" content=\"Andr\u00e9s Quiroz\" \/>\n<meta name=\"twitter:card\" content=\"summary_large_image\" \/>\n<meta name=\"twitter:label1\" content=\"Written by\" \/>\n\t<meta name=\"twitter:data1\" content=\"Andr\u00e9s Quiroz\" \/>\n\t<meta name=\"twitter:label2\" content=\"Est. reading time\" \/>\n\t<meta name=\"twitter:data2\" content=\"3 minutes\" \/>\n<script type=\"application\/ld+json\" class=\"yoast-schema-graph\">{\"@context\":\"https:\\\/\\\/schema.org\",\"@graph\":[{\"@type\":\"Article\",\"@id\":\"https:\\\/\\\/www.fcbarcelonanoticias.com\\\/en\\\/laliga\\\/hansi-flick-and-his-reactions-to-barca-celta-4-3-fcbn_312223_102.html#article\",\"isPartOf\":{\"@id\":\"https:\\\/\\\/www.fcbarcelonanoticias.com\\\/en\\\/laliga\\\/hansi-flick-and-his-reactions-to-barca-celta-4-3-fcbn_312223_102.html\"},\"author\":{\"name\":\"Andr\u00e9s Quiroz\",\"@id\":\"https:\\\/\\\/www.fcbarcelonanoticias.com\\\/en\\\/#\\\/schema\\\/person\\\/c2cd9f6fa1af5c0d0eccd0fefa575c88\"},\"headline\":\"Hansi Flick: happy with the team&#8217;s reaction and worried about Lewandowski\",\"datePublished\":\"2025-04-19T19:55:00+00:00\",\"dateModified\":\"2026-03-27T10:33:18+00:00\",\"mainEntityOfPage\":{\"@id\":\"https:\\\/\\\/www.fcbarcelonanoticias.com\\\/en\\\/laliga\\\/hansi-flick-and-his-reactions-to-barca-celta-4-3-fcbn_312223_102.html\"},\"wordCount\":639,\"image\":{\"@id\":\"https:\\\/\\\/www.fcbarcelonanoticias.com\\\/en\\\/laliga\\\/hansi-flick-and-his-reactions-to-barca-celta-4-3-fcbn_312223_102.html#primaryimage\"},\"thumbnailUrl\":\"https:\\\/\\\/www.fcbarcelonanoticias.com\\\/en\\\/wp-content\\\/uploads\\\/sites\\\/2\\\/2024\\\/11\\\/hansi-flick-v-celta.jpeg\",\"keywords\":[\"FC Barcelona vs Celta Vigo\",\"Hansi Flick\"],\"articleSection\":[\"LaLiga\",\"LaLiga\"],\"inLanguage\":\"en-US\"},{\"@type\":\"WebPage\",\"@id\":\"https:\\\/\\\/www.fcbarcelonanoticias.com\\\/en\\\/laliga\\\/hansi-flick-and-his-reactions-to-barca-celta-4-3-fcbn_312223_102.html\",\"url\":\"https:\\\/\\\/www.fcbarcelonanoticias.com\\\/en\\\/laliga\\\/hansi-flick-and-his-reactions-to-barca-celta-4-3-fcbn_312223_102.html\",\"name\":\"Hansi Flick and his reactions to the Bar\u00e7a-Celta (4-3) | FCBN\",\"isPartOf\":{\"@id\":\"https:\\\/\\\/www.fcbarcelonanoticias.com\\\/en\\\/#website\"},\"primaryImageOfPage\":{\"@id\":\"https:\\\/\\\/www.fcbarcelonanoticias.com\\\/en\\\/laliga\\\/hansi-flick-and-his-reactions-to-barca-celta-4-3-fcbn_312223_102.html#primaryimage\"},\"image\":{\"@id\":\"https:\\\/\\\/www.fcbarcelonanoticias.com\\\/en\\\/laliga\\\/hansi-flick-and-his-reactions-to-barca-celta-4-3-fcbn_312223_102.html#primaryimage\"},\"thumbnailUrl\":\"https:\\\/\\\/www.fcbarcelonanoticias.com\\\/en\\\/wp-content\\\/uploads\\\/sites\\\/2\\\/2024\\\/11\\\/hansi-flick-v-celta.jpeg\",\"datePublished\":\"2025-04-19T19:55:00+00:00\",\"dateModified\":\"2026-03-27T10:33:18+00:00\",\"author\":{\"@id\":\"https:\\\/\\\/www.fcbarcelonanoticias.com\\\/en\\\/#\\\/schema\\\/person\\\/c2cd9f6fa1af5c0d0eccd0fefa575c88\"},\"description\":\"Hansi Flick reveals the keys to Bar\u00e7a's comeback against Celta (4-3), but keeps Lewandowski's physical condition in suspense\",\"breadcrumb\":{\"@id\":\"https:\\\/\\\/www.fcbarcelonanoticias.com\\\/en\\\/laliga\\\/hansi-flick-and-his-reactions-to-barca-celta-4-3-fcbn_312223_102.html#breadcrumb\"},\"inLanguage\":\"en-US\",\"potentialAction\":[{\"@type\":\"ReadAction\",\"target\":[\"https:\\\/\\\/www.fcbarcelonanoticias.com\\\/en\\\/laliga\\\/hansi-flick-and-his-reactions-to-barca-celta-4-3-fcbn_312223_102.html\"]}]},{\"@type\":\"ImageObject\",\"inLanguage\":\"en-US\",\"@id\":\"https:\\\/\\\/www.fcbarcelonanoticias.com\\\/en\\\/laliga\\\/hansi-flick-and-his-reactions-to-barca-celta-4-3-fcbn_312223_102.html#primaryimage\",\"url\":\"https:\\\/\\\/www.fcbarcelonanoticias.com\\\/en\\\/wp-content\\\/uploads\\\/sites\\\/2\\\/2024\\\/11\\\/hansi-flick-v-celta.jpeg\",\"contentUrl\":\"https:\\\/\\\/www.fcbarcelonanoticias.com\\\/en\\\/wp-content\\\/uploads\\\/sites\\\/2\\\/2024\\\/11\\\/hansi-flick-v-celta.jpeg\",\"width\":1250,\"height\":730},{\"@type\":\"BreadcrumbList\",\"@id\":\"https:\\\/\\\/www.fcbarcelonanoticias.com\\\/en\\\/laliga\\\/hansi-flick-and-his-reactions-to-barca-celta-4-3-fcbn_312223_102.html#breadcrumb\",\"itemListElement\":[{\"@type\":\"ListItem\",\"position\":1,\"name\":\"Portada\",\"item\":\"https:\\\/\\\/www.fcbarcelonanoticias.com\\\/en\\\/\"},{\"@type\":\"ListItem\",\"position\":2,\"name\":\"Hansi Flick: happy with the team&#8217;s reaction and worried about Lewandowski\"}]},{\"@type\":\"WebSite\",\"@id\":\"https:\\\/\\\/www.fcbarcelonanoticias.com\\\/en\\\/#website\",\"url\":\"https:\\\/\\\/www.fcbarcelonanoticias.com\\\/en\\\/\",\"name\":\"EN - FC Barcelona Noticias\",\"description\":\"\",\"potentialAction\":[{\"@type\":\"SearchAction\",\"target\":{\"@type\":\"EntryPoint\",\"urlTemplate\":\"https:\\\/\\\/www.fcbarcelonanoticias.com\\\/en\\\/?s={search_term_string}\"},\"query-input\":{\"@type\":\"PropertyValueSpecification\",\"valueRequired\":true,\"valueName\":\"search_term_string\"}}],\"inLanguage\":\"en-US\"},{\"@type\":\"Person\",\"@id\":\"https:\\\/\\\/www.fcbarcelonanoticias.com\\\/en\\\/#\\\/schema\\\/person\\\/c2cd9f6fa1af5c0d0eccd0fefa575c88\",\"name\":\"Andr\u00e9s Quiroz\",\"image\":{\"@type\":\"ImageObject\",\"inLanguage\":\"en-US\",\"@id\":\"https:\\\/\\\/secure.gravatar.com\\\/avatar\\\/?s=96&d=mm&r=g\",\"url\":\"https:\\\/\\\/secure.gravatar.com\\\/avatar\\\/?s=96&d=mm&r=g\",\"contentUrl\":\"https:\\\/\\\/secure.gravatar.com\\\/avatar\\\/?s=96&d=mm&r=g\",\"caption\":\"Andr\u00e9s Quiroz\"},\"description\":\"Licenciado en Periodismo por la Universidad de los Andes. Me encargo de analizar y compartir los contenidos m\u00e1s destacados de la\u00a0actualidad del F\u00fatbol Club Barcelona, Mercado de Fichajes y F\u00fatbol Internacional en FCBN. La informaci\u00f3n es poder, pero tambi\u00e9n conocimiento.\",\"url\":\"https:\\\/\\\/www.fcbarcelonanoticias.com\\\/en\\\/fc-barcelona\\\/andres-quiroz_17_115.html\"}]}<\/script>\n<!-- \/ Yoast SEO plugin. -->","yoast_head_json":{"title":"Hansi Flick and his reactions to the Bar\u00e7a-Celta (4-3) | FCBN","description":"Hansi Flick reveals the keys to Bar\u00e7a's comeback against Celta (4-3), but keeps Lewandowski's physical condition in suspense","robots":{"index":"index","follow":"follow","max-snippet":"max-snippet:-1","max-image-preview":"max-image-preview:large","max-video-preview":"max-video-preview:-1"},"canonical":"https:\/\/www.fcbarcelonanoticias.com\/en\/laliga\/hansi-flick-and-his-reactions-to-barca-celta-4-3-fcbn_312223_102.html","og_locale":"en_US","og_type":"article","og_title":"Hansi Flick and his reactions to the Bar\u00e7a-Celta (4-3) | FCBN","og_description":"Hansi Flick reveals the keys to Bar\u00e7a's comeback against Celta (4-3), but keeps Lewandowski's physical condition in suspense","og_url":"https:\/\/www.fcbarcelonanoticias.com\/en\/laliga\/hansi-flick-and-his-reactions-to-barca-celta-4-3-fcbn_312223_102.html","og_site_name":"EN - FC Barcelona Noticias","article_published_time":"2025-04-19T19:55:00+00:00","article_modified_time":"2026-03-27T10:33:18+00:00","og_image":[{"width":1250,"height":730,"url":"https:\/\/www.fcbarcelonanoticias.com\/en\/wp-content\/uploads\/sites\/2\/2024\/11\/hansi-flick-v-celta.jpeg","type":"image\/jpeg"}],"author":"Andr\u00e9s Quiroz","twitter_card":"summary_large_image","twitter_misc":{"Written by":"Andr\u00e9s Quiroz","Est. reading time":"3 minutes"},"schema":{"@context":"https:\/\/schema.org","@graph":[{"@type":"Article","@id":"https:\/\/www.fcbarcelonanoticias.com\/en\/laliga\/hansi-flick-and-his-reactions-to-barca-celta-4-3-fcbn_312223_102.html#article","isPartOf":{"@id":"https:\/\/www.fcbarcelonanoticias.com\/en\/laliga\/hansi-flick-and-his-reactions-to-barca-celta-4-3-fcbn_312223_102.html"},"author":{"name":"Andr\u00e9s Quiroz","@id":"https:\/\/www.fcbarcelonanoticias.com\/en\/#\/schema\/person\/c2cd9f6fa1af5c0d0eccd0fefa575c88"},"headline":"Hansi Flick: happy with the team&#8217;s reaction and worried about Lewandowski","datePublished":"2025-04-19T19:55:00+00:00","dateModified":"2026-03-27T10:33:18+00:00","mainEntityOfPage":{"@id":"https:\/\/www.fcbarcelonanoticias.com\/en\/laliga\/hansi-flick-and-his-reactions-to-barca-celta-4-3-fcbn_312223_102.html"},"wordCount":639,"image":{"@id":"https:\/\/www.fcbarcelonanoticias.com\/en\/laliga\/hansi-flick-and-his-reactions-to-barca-celta-4-3-fcbn_312223_102.html#primaryimage"},"thumbnailUrl":"https:\/\/www.fcbarcelonanoticias.com\/en\/wp-content\/uploads\/sites\/2\/2024\/11\/hansi-flick-v-celta.jpeg","keywords":["FC Barcelona vs Celta Vigo","Hansi Flick"],"articleSection":["LaLiga","LaLiga"],"inLanguage":"en-US"},{"@type":"WebPage","@id":"https:\/\/www.fcbarcelonanoticias.com\/en\/laliga\/hansi-flick-and-his-reactions-to-barca-celta-4-3-fcbn_312223_102.html","url":"https:\/\/www.fcbarcelonanoticias.com\/en\/laliga\/hansi-flick-and-his-reactions-to-barca-celta-4-3-fcbn_312223_102.html","name":"Hansi Flick and his reactions to the Bar\u00e7a-Celta (4-3) | FCBN","isPartOf":{"@id":"https:\/\/www.fcbarcelonanoticias.com\/en\/#website"},"primaryImageOfPage":{"@id":"https:\/\/www.fcbarcelonanoticias.com\/en\/laliga\/hansi-flick-and-his-reactions-to-barca-celta-4-3-fcbn_312223_102.html#primaryimage"},"image":{"@id":"https:\/\/www.fcbarcelonanoticias.com\/en\/laliga\/hansi-flick-and-his-reactions-to-barca-celta-4-3-fcbn_312223_102.html#primaryimage"},"thumbnailUrl":"https:\/\/www.fcbarcelonanoticias.com\/en\/wp-content\/uploads\/sites\/2\/2024\/11\/hansi-flick-v-celta.jpeg","datePublished":"2025-04-19T19:55:00+00:00","dateModified":"2026-03-27T10:33:18+00:00","author":{"@id":"https:\/\/www.fcbarcelonanoticias.com\/en\/#\/schema\/person\/c2cd9f6fa1af5c0d0eccd0fefa575c88"},"description":"Hansi Flick reveals the keys to Bar\u00e7a's comeback against Celta (4-3), but keeps Lewandowski's physical condition in suspense","breadcrumb":{"@id":"https:\/\/www.fcbarcelonanoticias.com\/en\/laliga\/hansi-flick-and-his-reactions-to-barca-celta-4-3-fcbn_312223_102.html#breadcrumb"},"inLanguage":"en-US","potentialAction":[{"@type":"ReadAction","target":["https:\/\/www.fcbarcelonanoticias.com\/en\/laliga\/hansi-flick-and-his-reactions-to-barca-celta-4-3-fcbn_312223_102.html"]}]},{"@type":"ImageObject","inLanguage":"en-US","@id":"https:\/\/www.fcbarcelonanoticias.com\/en\/laliga\/hansi-flick-and-his-reactions-to-barca-celta-4-3-fcbn_312223_102.html#primaryimage","url":"https:\/\/www.fcbarcelonanoticias.com\/en\/wp-content\/uploads\/sites\/2\/2024\/11\/hansi-flick-v-celta.jpeg","contentUrl":"https:\/\/www.fcbarcelonanoticias.com\/en\/wp-content\/uploads\/sites\/2\/2024\/11\/hansi-flick-v-celta.jpeg","width":1250,"height":730},{"@type":"BreadcrumbList","@id":"https:\/\/www.fcbarcelonanoticias.com\/en\/laliga\/hansi-flick-and-his-reactions-to-barca-celta-4-3-fcbn_312223_102.html#breadcrumb","itemListElement":[{"@type":"ListItem","position":1,"name":"Portada","item":"https:\/\/www.fcbarcelonanoticias.com\/en\/"},{"@type":"ListItem","position":2,"name":"Hansi Flick: happy with the team&#8217;s reaction and worried about Lewandowski"}]},{"@type":"WebSite","@id":"https:\/\/www.fcbarcelonanoticias.com\/en\/#website","url":"https:\/\/www.fcbarcelonanoticias.com\/en\/","name":"EN - FC Barcelona Noticias","description":"","potentialAction":[{"@type":"SearchAction","target":{"@type":"EntryPoint","urlTemplate":"https:\/\/www.fcbarcelonanoticias.com\/en\/?s={search_term_string}"},"query-input":{"@type":"PropertyValueSpecification","valueRequired":true,"valueName":"search_term_string"}}],"inLanguage":"en-US"},{"@type":"Person","@id":"https:\/\/www.fcbarcelonanoticias.com\/en\/#\/schema\/person\/c2cd9f6fa1af5c0d0eccd0fefa575c88","name":"Andr\u00e9s Quiroz","image":{"@type":"ImageObject","inLanguage":"en-US","@id":"https:\/\/secure.gravatar.com\/avatar\/?s=96&d=mm&r=g","url":"https:\/\/secure.gravatar.com\/avatar\/?s=96&d=mm&r=g","contentUrl":"https:\/\/secure.gravatar.com\/avatar\/?s=96&d=mm&r=g","caption":"Andr\u00e9s Quiroz"},"description":"Licenciado en Periodismo por la Universidad de los Andes. Me encargo de analizar y compartir los contenidos m\u00e1s destacados de la\u00a0actualidad del F\u00fatbol Club Barcelona, Mercado de Fichajes y F\u00fatbol Internacional en FCBN. La informaci\u00f3n es poder, pero tambi\u00e9n conocimiento.","url":"https:\/\/www.fcbarcelonanoticias.com\/en\/fc-barcelona\/andres-quiroz_17_115.html"}]}},"_links":{"self":[{"href":"https:\/\/www.fcbarcelonanoticias.com\/en\/wp-json\/wp\/v2\/posts\/55754","targetHints":{"allow":["GET"]}}],"collection":[{"href":"https:\/\/www.fcbarcelonanoticias.com\/en\/wp-json\/wp\/v2\/posts"}],"about":[{"href":"https:\/\/www.fcbarcelonanoticias.com\/en\/wp-json\/wp\/v2\/types\/post"}],"author":[{"embeddable":true,"href":"https:\/\/www.fcbarcelonanoticias.com\/en\/wp-json\/wp\/v2\/users\/347"}],"replies":[{"embeddable":true,"href":"https:\/\/www.fcbarcelonanoticias.com\/en\/wp-json\/wp\/v2\/comments?post=55754"}],"version-history":[{"count":2,"href":"https:\/\/www.fcbarcelonanoticias.com\/en\/wp-json\/wp\/v2\/posts\/55754\/revisions"}],"predecessor-version":[{"id":159234,"href":"https:\/\/www.fcbarcelonanoticias.com\/en\/wp-json\/wp\/v2\/posts\/55754\/revisions\/159234"}],"wp:featuredmedia":[{"embeddable":true,"href":"https:\/\/www.fcbarcelonanoticias.com\/en\/wp-json\/wp\/v2\/media\/48738"}],"wp:attachment":[{"href":"https:\/\/www.fcbarcelonanoticias.com\/en\/wp-json\/wp\/v2\/media?parent=55754"}],"wp:term":[{"taxonomy":"category","embeddable":true,"href":"https:\/\/www.fcbarcelonanoticias.com\/en\/wp-json\/wp\/v2\/categories?post=55754"},{"taxonomy":"post_tag","embeddable":true,"href":"https:\/\/www.fcbarcelonanoticias.com\/en\/wp-json\/wp\/v2\/tags?post=55754"}],"curies":[{"name":"wp","href":"https:\/\/api.w.org\/{rel}","templated":true}]}}