{"id":55776,"date":"2025-12-06T15:37:00","date_gmt":"2025-12-06T14:37:00","guid":{"rendered":"https:\/\/weisetech.dev\/fc-barcelona-noticias\/en\/hansi-flick-squad-list-for-betis-barcelona_315435_102\/"},"modified":"2026-03-27T11:39:08","modified_gmt":"2026-03-27T10:39:08","slug":"hansi-flick-squad-list-for-betis-barcelona_315435_102","status":"publish","type":"post","link":"https:\/\/www.fcbarcelonanoticias.com\/en\/laliga\/hansi-flick-squad-list-for-betis-barcelona_315435_102.html","title":{"rendered":"Hansi Flick&#8217;s squad list for Betis &#8211; Barcelona"},"content":{"rendered":"<h2 class=\"wp-block-heading\">Hansi Flick has confirmed Bar\u00e7a&#8217;s squad list for the match against Betis, in the fifteenth round of LaLiga 2025\/26. Ferm\u00edn L\u00f3pez returns to the team<\/h2>  \r\n<div class=\"article-addons\">\r\n    <a href=\"https:\/\/www.fcbarcelonanoticias.com\/en\/calendar-fc-barcelona.html\"\r\n       target=\"_self\"\r\n       title=\"Calendar of FC Barcelona\"\r\n       class=\"blue-gredient-btn\">\r\n       \r\n        Calendar of FC Barcelona    <\/a>\r\n<\/div>   <p><strong>F\u00fatbol Club Barcelona announced the list of 23 players called up for this Saturday&#8217;s match against Real Betis<\/strong>. The Catalan team will play their eighth away game in LaLiga EA Sports 2025\/26, this time at the La Cartuja Stadium.<\/p>  <p>Regarding the previous league match, Hansi Flick will not be able to count on **Dani Olmo**. The Terrassa native suffered a dislocation in his left shoulder after scoring a goal against Atl\u00e9tico and will be out for approximately one month.<\/p>  <p>However, the team welcomes back <a data-external=\"0\" data-intl-links-en=\"https:\/\/www.fcbarcelonanoticias.com\/en\/laliga\/fermin-lopez-medically-cleared-and-substitute-for-betis-barcelona_315428_102.html\" data-intl-links-es=\"https:\/\/www.fcbarcelonanoticias.com\/laliga\/fermin-lopez-alta-medica-suplente-betis-barcelona_315428_102.html\" href=\"https:\/\/www.fcbarcelonanoticias.com\/en\/laliga\/fermin-lopez-medically-cleared-and-substitute-for-betis-barcelona_315428_102.html\" rel=\"follow\" target=\"_self\" title=\"Ferm\u00edn L\u00f3pez: alta m\u00e9dica y suplente para el Betis-Barcelona\">Ferm\u00edn L\u00f3pez<\/a>, who missed the matches against Alav\u00e9s and Atl\u00e9tico due to a soleus injury. **Frenkie de Jong** also returns, having been absent from the last game due to a fever.<\/p>  <p>In that regard, Bar\u00e7a has four absences prior to the twenty-first match of the season, the 16th in LaLiga, after the match brought forward against the &#8216;Colchoneros&#8217; due to the dispute of the Spanish Super Cup in January.<\/p>  <h2>FC Barcelona vs Real Betis Call-up &#8211; LaLiga 2025\/26<\/h2>  <p><em>\ud83e\udde4&nbsp;<\/em><strong>GOALKEEPERS:<\/strong><\/p>  <ol> <li>(#13). Joan Garc\u00eda<\/li> \t<li>(#25). Wojciech Szczesny<\/li> \t<li>(#33, P). Eder Aller<\/li> <\/ol> <p>\ud83d\udee1\ufe0f&nbsp;<strong>DEFENDERS:<\/strong><\/p>  <ol> <li>(#03). Alejandro Balde<\/li> \t<li>(#05). Pau Cubars\u00ed<\/li> \t<li>(#15). Andreas Christensen<\/li> \t<li>(#18). Gerard Mart\u00edn<\/li> \t<li>(#23). Jules Kound\u00e9<\/li> \t<li>(#24). Eric Garc\u00eda<\/li> \t<li>(#26) Jofre Torrents<\/li> <\/ol> <p>\ud83e\udde0&nbsp;<strong>MIDFIELDERS:<\/strong><\/p>  <ol> <li>(#08). Pedri Gonz\u00e1lez<\/li> \t<li>(#16). Ferm\u00edn L\u00f3pez<\/li> \t<li>(#17). Marc Casad\u00f3<\/li> \t<li>(#21). Frenkie de Jong<\/li> \t<li>(#22). Marc Bernal<\/li> \t<li>(#27). Dro Fern\u00e1ndez<\/li> \t<li>(#43).&nbsp;Tommy Marqu\u00e9s<\/li> <\/ol> <p>\ud83d\ude80&nbsp;<strong>FORWARDS:<\/strong><\/p>  <ol> <li>(#07). Ferran Torres<\/li> \t<li>(#09). Robert Lewandowski<\/li> \t<li>(#10). Lamine Yamal<\/li> \t<li>(#11). Raphinha<\/li> \t<li>(#14) Marcus Rashford<\/li> \t<li>(#28) Roony Bardghji<\/li> <\/ol> <h2>This is Bar\u00e7a&#8217;s infirmary<\/h2>  <div class=\"media media-image\" data-ck-asset-wrapper=\"\"> <div class=\"media-item\"> <img loading=\"lazy\" decoding=\"async\" alt=\"Barcelona confirms Dani Olmo's injury and layoff time\" data-id=\"1533212\" data-resize=\"9\" height=\"563\" src=\"https:\/\/www.fcbarcelonanoticias.com\/wp-content\/uploads\/sites\/2\/2025\/12\/fcbn-2baf6d17f31805445b642f3573c4a619.jpeg\" title=\"Barcelona confirms Dani Olmo's injury and layoff time\" width=\"1000\"><div class=\"media-title\">Barcelona confirms Dani Olmo&#8217;s injury and layoff time<\/div> <\/div> <\/div>  <p>\ud83e\ude79&nbsp;<strong>INJURED:<\/strong><\/p>  <ol> <li>(#01). Marc Andr\u00e9 ter Stegen<\/li> \t<li>(#04). Ronald Araujo<\/li> \t<li>(#06). Gavi<\/li> \t<li>(#20). Dani Olmo<\/li> <\/ol> <p>In this way, Hansi Flick loses <b>Dani Olmo<\/b> and <strong><a data-external=\"0\" data-intl-links-en=\"https:\/\/www.fcbarcelonanoticias.com\/en\/fc-barcelona\/ronald-araujo-requests-indefinite-leave-for-personal-reasons_315416_102.html\" data-intl-links-es=\"https:\/\/www.fcbarcelonanoticias.com\/fc-barcelona\/ronald-araujo-paron-indefinido-situacion-personal-barcelona_315416_102.html\" href=\"https:\/\/www.fcbarcelonanoticias.com\/en\/fc-barcelona\/ronald-araujo-requests-indefinite-leave-for-personal-reasons_315416_102.html\" rel=\"follow\" target=\"_self\" title=\"La verdad sobre la ausencia de Araujo: el central pide al Bar\u00e7a un par\u00f3n indefinido\">Ronald Araujo<\/a><\/strong> for matchday 15 of LaLiga. In the case of the &#8216;charr\u00faa&#8217;, he asked the club for a few days to recover emotionally and mentally from his expulsion in the Champions League against Chelsea.<\/p>  <p>The other two long-term absences are Ter Stegen, who is expected to return before the end of the year, while Gavi will be out until at least February 2026. The German, in fact, trained with the squad this week.<\/p>  <h2>Barcelona seeks its sixth consecutive victory in LaLiga<\/h2>  <p>Thus, Barcelona arrives at matchday 15 of LaLiga with the bulk of its squad available and at a great moment in the season. The Catalans have won five consecutive matches against <strong>Elche, Celta, Athletic, Alav\u00e9s, and Atl\u00e9tico<\/strong>, results that allowed the team to regain the lead last weekend, with a 1-point advantage over Real Madrid.<\/p>  <p>The blaugrana team is looking for its sixth consecutive victory, the 13th in a league where <strong>they were once 5 points behind Madrid in matchday 10<\/strong>. Facing them will be a Betis that has also achieved good results in recent weeks, with only one loss (0-2 against Atl\u00e9tico) in their last ten league matches.<\/p>  <ul> <li>\ud83d\udccc&nbsp;<strong>Follow the match live <a data-external=\"0\" data-intl-links-en=\"https:\/\/www.fcbarcelonanoticias.com\/en\/tags\/fc-barcelona-vs-betis\" data-intl-links-es=\"https:\/\/www.fcbarcelonanoticias.com\/tags\/fc-barcelona-vs-betis\" href=\"https:\/\/www.fcbarcelonanoticias.com\/en\/tags\/fc-barcelona-vs-betis.html\" rel=\"follow\" target=\"_self\" title=\"FC Barcelona vs Betis\">FC Barcelona vs Real Betis<\/a><\/strong> on FC Barcelona Noticias and find out everything, don&#8217;t miss a thing<\/li> <\/ul> ","protected":false},"excerpt":{"rendered":"<p>Hansi Flick has confirmed Bar\u00e7a&#8217;s squad list for the match against Betis, in the fifteenth round of LaLiga 2025\/26. Ferm\u00edn L\u00f3pez returns to the team F\u00fatbol Club Barcelona announced the list of 23 players called up for this Saturday&#8217;s match against Real Betis. The Catalan team will play their eighth away game in LaLiga EA [&hellip;]<\/p>\n","protected":false},"author":353,"featured_media":55784,"comment_status":"closed","ping_status":"open","sticky":false,"template":"","format":"standard","meta":{"_acf_changed":false,"inline_featured_image":false,"_nextfly_llmd_date_locked":false,"footnotes":""},"categories":[114,448],"tags":[184,47,87,136],"class_list":["post-55776","post","type-post","status-publish","format-standard","has-post-thumbnail","hentry","category-laliga","category-laliga-2","tag-fc-barcelona-squad-lists","tag-fc-barcelona-vs-betis","tag-hansi-flick","tag-injured"],"acf":[],"yoast_head":"<!-- This site is optimized with the Yoast SEO plugin v27.3 - https:\/\/yoast.com\/product\/yoast-seo-wordpress\/ -->\n<title>Hansi Flick&#039;s squad list for Betis - Barcelona<\/title>\n<meta name=\"description\" content=\"Hansi Flick has confirmed Bar\u00e7a&#039;s squad list for the match against Betis, in the fifteenth round of LaLiga 2025\/26\" \/>\n<meta name=\"robots\" content=\"index, follow, max-snippet:-1, max-image-preview:large, max-video-preview:-1\" \/>\n<link rel=\"canonical\" href=\"https:\/\/www.fcbarcelonanoticias.com\/en\/laliga\/hansi-flick-squad-list-for-betis-barcelona_315435_102.html\" \/>\n<meta property=\"og:locale\" content=\"en_US\" \/>\n<meta property=\"og:type\" content=\"article\" \/>\n<meta property=\"og:title\" content=\"Hansi Flick&#039;s squad list for Betis - Barcelona\" \/>\n<meta property=\"og:description\" content=\"Hansi Flick has confirmed Bar\u00e7a&#039;s squad list for the match against Betis, in the fifteenth round of LaLiga 2025\/26\" \/>\n<meta property=\"og:url\" content=\"https:\/\/www.fcbarcelonanoticias.com\/en\/laliga\/hansi-flick-squad-list-for-betis-barcelona_315435_102.html\" \/>\n<meta property=\"og:site_name\" content=\"EN - FC Barcelona Noticias\" \/>\n<meta property=\"article:published_time\" content=\"2025-12-06T14:37:00+00:00\" \/>\n<meta property=\"article:modified_time\" content=\"2026-03-27T10:39:08+00:00\" \/>\n<meta property=\"og:image\" content=\"https:\/\/www.fcbarcelonanoticias.com\/en\/wp-content\/uploads\/sites\/2\/2025\/12\/lista-convocados-betis-v-barcelona-laliga-25-26.jpeg\" \/>\n\t<meta property=\"og:image:width\" content=\"1200\" \/>\n\t<meta property=\"og:image:height\" content=\"675\" \/>\n\t<meta property=\"og:image:type\" content=\"image\/jpeg\" \/>\n<meta name=\"author\" content=\"FC Barcelona Noticias\" \/>\n<meta name=\"twitter:card\" content=\"summary_large_image\" \/>\n<meta name=\"twitter:label1\" content=\"Written by\" \/>\n\t<meta name=\"twitter:data1\" content=\"FC Barcelona Noticias\" \/>\n\t<meta name=\"twitter:label2\" content=\"Est. reading time\" \/>\n\t<meta name=\"twitter:data2\" content=\"3 minutes\" \/>\n<script type=\"application\/ld+json\" class=\"yoast-schema-graph\">{\"@context\":\"https:\\\/\\\/schema.org\",\"@graph\":[{\"@type\":\"Article\",\"@id\":\"https:\\\/\\\/www.fcbarcelonanoticias.com\\\/en\\\/laliga\\\/hansi-flick-squad-list-for-betis-barcelona_315435_102.html#article\",\"isPartOf\":{\"@id\":\"https:\\\/\\\/www.fcbarcelonanoticias.com\\\/en\\\/laliga\\\/hansi-flick-squad-list-for-betis-barcelona_315435_102.html\"},\"author\":{\"name\":\"FC Barcelona Noticias\",\"@id\":\"https:\\\/\\\/www.fcbarcelonanoticias.com\\\/en\\\/#\\\/schema\\\/person\\\/0f2810101d27606974cdb8edb54fa54b\"},\"headline\":\"Hansi Flick&#8217;s squad list for Betis &#8211; Barcelona\",\"datePublished\":\"2025-12-06T14:37:00+00:00\",\"dateModified\":\"2026-03-27T10:39:08+00:00\",\"mainEntityOfPage\":{\"@id\":\"https:\\\/\\\/www.fcbarcelonanoticias.com\\\/en\\\/laliga\\\/hansi-flick-squad-list-for-betis-barcelona_315435_102.html\"},\"wordCount\":516,\"image\":{\"@id\":\"https:\\\/\\\/www.fcbarcelonanoticias.com\\\/en\\\/laliga\\\/hansi-flick-squad-list-for-betis-barcelona_315435_102.html#primaryimage\"},\"thumbnailUrl\":\"https:\\\/\\\/www.fcbarcelonanoticias.com\\\/en\\\/wp-content\\\/uploads\\\/sites\\\/2\\\/2025\\\/12\\\/lista-convocados-betis-v-barcelona-laliga-25-26.jpeg\",\"keywords\":[\"FC Barcelona Squad Lists\",\"FC Barcelona vs Betis\",\"Hansi Flick\",\"injured\"],\"articleSection\":[\"LaLiga\",\"LaLiga\"],\"inLanguage\":\"en-US\"},{\"@type\":\"WebPage\",\"@id\":\"https:\\\/\\\/www.fcbarcelonanoticias.com\\\/en\\\/laliga\\\/hansi-flick-squad-list-for-betis-barcelona_315435_102.html\",\"url\":\"https:\\\/\\\/www.fcbarcelonanoticias.com\\\/en\\\/laliga\\\/hansi-flick-squad-list-for-betis-barcelona_315435_102.html\",\"name\":\"Hansi Flick's squad list for Betis - Barcelona\",\"isPartOf\":{\"@id\":\"https:\\\/\\\/www.fcbarcelonanoticias.com\\\/en\\\/#website\"},\"primaryImageOfPage\":{\"@id\":\"https:\\\/\\\/www.fcbarcelonanoticias.com\\\/en\\\/laliga\\\/hansi-flick-squad-list-for-betis-barcelona_315435_102.html#primaryimage\"},\"image\":{\"@id\":\"https:\\\/\\\/www.fcbarcelonanoticias.com\\\/en\\\/laliga\\\/hansi-flick-squad-list-for-betis-barcelona_315435_102.html#primaryimage\"},\"thumbnailUrl\":\"https:\\\/\\\/www.fcbarcelonanoticias.com\\\/en\\\/wp-content\\\/uploads\\\/sites\\\/2\\\/2025\\\/12\\\/lista-convocados-betis-v-barcelona-laliga-25-26.jpeg\",\"datePublished\":\"2025-12-06T14:37:00+00:00\",\"dateModified\":\"2026-03-27T10:39:08+00:00\",\"author\":{\"@id\":\"https:\\\/\\\/www.fcbarcelonanoticias.com\\\/en\\\/#\\\/schema\\\/person\\\/0f2810101d27606974cdb8edb54fa54b\"},\"description\":\"Hansi Flick has confirmed Bar\u00e7a's squad list for the match against Betis, in the fifteenth round of LaLiga 2025\\\/26\",\"breadcrumb\":{\"@id\":\"https:\\\/\\\/www.fcbarcelonanoticias.com\\\/en\\\/laliga\\\/hansi-flick-squad-list-for-betis-barcelona_315435_102.html#breadcrumb\"},\"inLanguage\":\"en-US\",\"potentialAction\":[{\"@type\":\"ReadAction\",\"target\":[\"https:\\\/\\\/www.fcbarcelonanoticias.com\\\/en\\\/laliga\\\/hansi-flick-squad-list-for-betis-barcelona_315435_102.html\"]}]},{\"@type\":\"ImageObject\",\"inLanguage\":\"en-US\",\"@id\":\"https:\\\/\\\/www.fcbarcelonanoticias.com\\\/en\\\/laliga\\\/hansi-flick-squad-list-for-betis-barcelona_315435_102.html#primaryimage\",\"url\":\"https:\\\/\\\/www.fcbarcelonanoticias.com\\\/en\\\/wp-content\\\/uploads\\\/sites\\\/2\\\/2025\\\/12\\\/lista-convocados-betis-v-barcelona-laliga-25-26.jpeg\",\"contentUrl\":\"https:\\\/\\\/www.fcbarcelonanoticias.com\\\/en\\\/wp-content\\\/uploads\\\/sites\\\/2\\\/2025\\\/12\\\/lista-convocados-betis-v-barcelona-laliga-25-26.jpeg\",\"width\":1200,\"height\":675},{\"@type\":\"BreadcrumbList\",\"@id\":\"https:\\\/\\\/www.fcbarcelonanoticias.com\\\/en\\\/laliga\\\/hansi-flick-squad-list-for-betis-barcelona_315435_102.html#breadcrumb\",\"itemListElement\":[{\"@type\":\"ListItem\",\"position\":1,\"name\":\"Portada\",\"item\":\"https:\\\/\\\/www.fcbarcelonanoticias.com\\\/en\\\/\"},{\"@type\":\"ListItem\",\"position\":2,\"name\":\"Hansi Flick&#8217;s squad list for Betis &#8211; Barcelona\"}]},{\"@type\":\"WebSite\",\"@id\":\"https:\\\/\\\/www.fcbarcelonanoticias.com\\\/en\\\/#website\",\"url\":\"https:\\\/\\\/www.fcbarcelonanoticias.com\\\/en\\\/\",\"name\":\"EN - FC Barcelona Noticias\",\"description\":\"\",\"potentialAction\":[{\"@type\":\"SearchAction\",\"target\":{\"@type\":\"EntryPoint\",\"urlTemplate\":\"https:\\\/\\\/www.fcbarcelonanoticias.com\\\/en\\\/?s={search_term_string}\"},\"query-input\":{\"@type\":\"PropertyValueSpecification\",\"valueRequired\":true,\"valueName\":\"search_term_string\"}}],\"inLanguage\":\"en-US\"},{\"@type\":\"Person\",\"@id\":\"https:\\\/\\\/www.fcbarcelonanoticias.com\\\/en\\\/#\\\/schema\\\/person\\\/0f2810101d27606974cdb8edb54fa54b\",\"name\":\"FC Barcelona Noticias\",\"image\":{\"@type\":\"ImageObject\",\"inLanguage\":\"en-US\",\"@id\":\"https:\\\/\\\/secure.gravatar.com\\\/avatar\\\/?s=96&d=mm&r=g\",\"url\":\"https:\\\/\\\/secure.gravatar.com\\\/avatar\\\/?s=96&d=mm&r=g\",\"contentUrl\":\"https:\\\/\\\/secure.gravatar.com\\\/avatar\\\/?s=96&d=mm&r=g\",\"caption\":\"FC Barcelona Noticias\"},\"url\":\"https:\\\/\\\/www.fcbarcelonanoticias.com\\\/en\\\/fc-barcelona\\\/fcbn-writing-fc-barcelona-news_6_115.html\"}]}<\/script>\n<!-- \/ Yoast SEO plugin. -->","yoast_head_json":{"title":"Hansi Flick's squad list for Betis - Barcelona","description":"Hansi Flick has confirmed Bar\u00e7a's squad list for the match against Betis, in the fifteenth round of LaLiga 2025\/26","robots":{"index":"index","follow":"follow","max-snippet":"max-snippet:-1","max-image-preview":"max-image-preview:large","max-video-preview":"max-video-preview:-1"},"canonical":"https:\/\/www.fcbarcelonanoticias.com\/en\/laliga\/hansi-flick-squad-list-for-betis-barcelona_315435_102.html","og_locale":"en_US","og_type":"article","og_title":"Hansi Flick's squad list for Betis - Barcelona","og_description":"Hansi Flick has confirmed Bar\u00e7a's squad list for the match against Betis, in the fifteenth round of LaLiga 2025\/26","og_url":"https:\/\/www.fcbarcelonanoticias.com\/en\/laliga\/hansi-flick-squad-list-for-betis-barcelona_315435_102.html","og_site_name":"EN - FC Barcelona Noticias","article_published_time":"2025-12-06T14:37:00+00:00","article_modified_time":"2026-03-27T10:39:08+00:00","og_image":[{"width":1200,"height":675,"url":"https:\/\/www.fcbarcelonanoticias.com\/en\/wp-content\/uploads\/sites\/2\/2025\/12\/lista-convocados-betis-v-barcelona-laliga-25-26.jpeg","type":"image\/jpeg"}],"author":"FC Barcelona Noticias","twitter_card":"summary_large_image","twitter_misc":{"Written by":"FC Barcelona Noticias","Est. reading time":"3 minutes"},"schema":{"@context":"https:\/\/schema.org","@graph":[{"@type":"Article","@id":"https:\/\/www.fcbarcelonanoticias.com\/en\/laliga\/hansi-flick-squad-list-for-betis-barcelona_315435_102.html#article","isPartOf":{"@id":"https:\/\/www.fcbarcelonanoticias.com\/en\/laliga\/hansi-flick-squad-list-for-betis-barcelona_315435_102.html"},"author":{"name":"FC Barcelona Noticias","@id":"https:\/\/www.fcbarcelonanoticias.com\/en\/#\/schema\/person\/0f2810101d27606974cdb8edb54fa54b"},"headline":"Hansi Flick&#8217;s squad list for Betis &#8211; Barcelona","datePublished":"2025-12-06T14:37:00+00:00","dateModified":"2026-03-27T10:39:08+00:00","mainEntityOfPage":{"@id":"https:\/\/www.fcbarcelonanoticias.com\/en\/laliga\/hansi-flick-squad-list-for-betis-barcelona_315435_102.html"},"wordCount":516,"image":{"@id":"https:\/\/www.fcbarcelonanoticias.com\/en\/laliga\/hansi-flick-squad-list-for-betis-barcelona_315435_102.html#primaryimage"},"thumbnailUrl":"https:\/\/www.fcbarcelonanoticias.com\/en\/wp-content\/uploads\/sites\/2\/2025\/12\/lista-convocados-betis-v-barcelona-laliga-25-26.jpeg","keywords":["FC Barcelona Squad Lists","FC Barcelona vs Betis","Hansi Flick","injured"],"articleSection":["LaLiga","LaLiga"],"inLanguage":"en-US"},{"@type":"WebPage","@id":"https:\/\/www.fcbarcelonanoticias.com\/en\/laliga\/hansi-flick-squad-list-for-betis-barcelona_315435_102.html","url":"https:\/\/www.fcbarcelonanoticias.com\/en\/laliga\/hansi-flick-squad-list-for-betis-barcelona_315435_102.html","name":"Hansi Flick's squad list for Betis - Barcelona","isPartOf":{"@id":"https:\/\/www.fcbarcelonanoticias.com\/en\/#website"},"primaryImageOfPage":{"@id":"https:\/\/www.fcbarcelonanoticias.com\/en\/laliga\/hansi-flick-squad-list-for-betis-barcelona_315435_102.html#primaryimage"},"image":{"@id":"https:\/\/www.fcbarcelonanoticias.com\/en\/laliga\/hansi-flick-squad-list-for-betis-barcelona_315435_102.html#primaryimage"},"thumbnailUrl":"https:\/\/www.fcbarcelonanoticias.com\/en\/wp-content\/uploads\/sites\/2\/2025\/12\/lista-convocados-betis-v-barcelona-laliga-25-26.jpeg","datePublished":"2025-12-06T14:37:00+00:00","dateModified":"2026-03-27T10:39:08+00:00","author":{"@id":"https:\/\/www.fcbarcelonanoticias.com\/en\/#\/schema\/person\/0f2810101d27606974cdb8edb54fa54b"},"description":"Hansi Flick has confirmed Bar\u00e7a's squad list for the match against Betis, in the fifteenth round of LaLiga 2025\/26","breadcrumb":{"@id":"https:\/\/www.fcbarcelonanoticias.com\/en\/laliga\/hansi-flick-squad-list-for-betis-barcelona_315435_102.html#breadcrumb"},"inLanguage":"en-US","potentialAction":[{"@type":"ReadAction","target":["https:\/\/www.fcbarcelonanoticias.com\/en\/laliga\/hansi-flick-squad-list-for-betis-barcelona_315435_102.html"]}]},{"@type":"ImageObject","inLanguage":"en-US","@id":"https:\/\/www.fcbarcelonanoticias.com\/en\/laliga\/hansi-flick-squad-list-for-betis-barcelona_315435_102.html#primaryimage","url":"https:\/\/www.fcbarcelonanoticias.com\/en\/wp-content\/uploads\/sites\/2\/2025\/12\/lista-convocados-betis-v-barcelona-laliga-25-26.jpeg","contentUrl":"https:\/\/www.fcbarcelonanoticias.com\/en\/wp-content\/uploads\/sites\/2\/2025\/12\/lista-convocados-betis-v-barcelona-laliga-25-26.jpeg","width":1200,"height":675},{"@type":"BreadcrumbList","@id":"https:\/\/www.fcbarcelonanoticias.com\/en\/laliga\/hansi-flick-squad-list-for-betis-barcelona_315435_102.html#breadcrumb","itemListElement":[{"@type":"ListItem","position":1,"name":"Portada","item":"https:\/\/www.fcbarcelonanoticias.com\/en\/"},{"@type":"ListItem","position":2,"name":"Hansi Flick&#8217;s squad list for Betis &#8211; Barcelona"}]},{"@type":"WebSite","@id":"https:\/\/www.fcbarcelonanoticias.com\/en\/#website","url":"https:\/\/www.fcbarcelonanoticias.com\/en\/","name":"EN - FC Barcelona Noticias","description":"","potentialAction":[{"@type":"SearchAction","target":{"@type":"EntryPoint","urlTemplate":"https:\/\/www.fcbarcelonanoticias.com\/en\/?s={search_term_string}"},"query-input":{"@type":"PropertyValueSpecification","valueRequired":true,"valueName":"search_term_string"}}],"inLanguage":"en-US"},{"@type":"Person","@id":"https:\/\/www.fcbarcelonanoticias.com\/en\/#\/schema\/person\/0f2810101d27606974cdb8edb54fa54b","name":"FC Barcelona Noticias","image":{"@type":"ImageObject","inLanguage":"en-US","@id":"https:\/\/secure.gravatar.com\/avatar\/?s=96&d=mm&r=g","url":"https:\/\/secure.gravatar.com\/avatar\/?s=96&d=mm&r=g","contentUrl":"https:\/\/secure.gravatar.com\/avatar\/?s=96&d=mm&r=g","caption":"FC Barcelona Noticias"},"url":"https:\/\/www.fcbarcelonanoticias.com\/en\/fc-barcelona\/fcbn-writing-fc-barcelona-news_6_115.html"}]}},"_links":{"self":[{"href":"https:\/\/www.fcbarcelonanoticias.com\/en\/wp-json\/wp\/v2\/posts\/55776","targetHints":{"allow":["GET"]}}],"collection":[{"href":"https:\/\/www.fcbarcelonanoticias.com\/en\/wp-json\/wp\/v2\/posts"}],"about":[{"href":"https:\/\/www.fcbarcelonanoticias.com\/en\/wp-json\/wp\/v2\/types\/post"}],"author":[{"embeddable":true,"href":"https:\/\/www.fcbarcelonanoticias.com\/en\/wp-json\/wp\/v2\/users\/353"}],"replies":[{"embeddable":true,"href":"https:\/\/www.fcbarcelonanoticias.com\/en\/wp-json\/wp\/v2\/comments?post=55776"}],"version-history":[{"count":2,"href":"https:\/\/www.fcbarcelonanoticias.com\/en\/wp-json\/wp\/v2\/posts\/55776\/revisions"}],"predecessor-version":[{"id":160910,"href":"https:\/\/www.fcbarcelonanoticias.com\/en\/wp-json\/wp\/v2\/posts\/55776\/revisions\/160910"}],"wp:featuredmedia":[{"embeddable":true,"href":"https:\/\/www.fcbarcelonanoticias.com\/en\/wp-json\/wp\/v2\/media\/55784"}],"wp:attachment":[{"href":"https:\/\/www.fcbarcelonanoticias.com\/en\/wp-json\/wp\/v2\/media?parent=55776"}],"wp:term":[{"taxonomy":"category","embeddable":true,"href":"https:\/\/www.fcbarcelonanoticias.com\/en\/wp-json\/wp\/v2\/categories?post=55776"},{"taxonomy":"post_tag","embeddable":true,"href":"https:\/\/www.fcbarcelonanoticias.com\/en\/wp-json\/wp\/v2\/tags?post=55776"}],"curies":[{"name":"wp","href":"https:\/\/api.w.org\/{rel}","templated":true}]}}