{"id":5612,"date":"2023-02-13T22:09:00","date_gmt":"2023-02-13T21:09:00","guid":{"rendered":"https:\/\/weisetech.dev\/fc-barcelona-noticias\/en\/mbappe-doubt-until-last-minute-for-psg-bayern_289596_102\/"},"modified":"2023-02-13T22:09:00","modified_gmt":"2023-02-13T21:09:00","slug":"mbappe-doubt-until-last-minute-for-psg-bayern_289596_102","status":"publish","type":"post","link":"https:\/\/www.fcbarcelonanoticias.com\/en\/champions-league\/mbappe-doubt-until-last-minute-for-psg-bayern_289596_102.html","title":{"rendered":"Mbapp\u00e9, doubt until the last minute for PSG-Bayern"},"content":{"rendered":"<h2 class=\"wp-block-heading\">Kylian Mbapp\u00e9 trained on Monday alongside his teammates in the run-up to the first leg of the Champions League round of 16 against Bayern Munich. However, Christophe Galtier, PSG coach, left the reappearance of the &#8217;10&#8217; up in the air<\/h2>  \r\n<div class=\"article-addons\">\r\n    <a href=\"https:\/\/www.fcbarcelonanoticias.com\/en\/calendar-fc-barcelona.html\"\r\n       target=\"_self\"\r\n       title=\"Calendar of FC Barcelona\"\r\n       class=\"blue-gredient-btn\">\r\n       \r\n        Calendar of FC Barcelona    <\/a>\r\n<\/div>   <p>Paris Saint-Germain will receive the Tuesday to the Bayern Munich without Kylian Mbapp\u00e9 to tope. <strong>The &#8217;10&#8217;, in fact, will be doubt until the last previous minute to the gone of the eighth of final of <a data-external=\"0\" data-intl-links-en=\"https:\/\/www.fcbarcelonanoticias.com\/en\/international-football\/mbappe-shortens-recovery-could-psg-bayern-champions-league_289563_102.html\" data-intl-links-es=\"https:\/\/www.fcbarcelonanoticias.com\/futbol-internacional\/mbappe-acorta-su-recuperacion-podria-llegar-psg-bayern-champions_289563_102.html\" href=\"https:\/\/www.fcbarcelonanoticias.com\/en\/international-football\/mbappe-shortens-recovery-could-psg-bayern-champions-league_289563_102.html\" rel=\"follow\" target=\"_self\" title=\"Mbapp\u00e9 acorta su recuperaci\u00f3n y podr\u00eda llegar al PSG-Bayern de Champions\">the Champions League<\/a><\/strong>, although the Monday trained beside his mates and already was inscribed for the party in the Park of the Princes. The forward follows working to recover of a muscular injury in the thigh of the left leg, to the height of the biceps femoral, a week before the planned.<\/p>  <p>However, Christophe Galtier, technician of the PSG, left clear that will not risk with Mbapp\u00e9 for the Tuesday. &#8220;Tomorrow we will ask him how it feels , how it can project in the party. And also we will speak with the medical body.<strong> Kylian Has done a big work to do all the possible for being tomorrow, but is not safe that can be. If finally we inscribe him it will be to play, do not know what time, but will not be of ornament&#8221;<\/strong>, explained the trainer Frenchman.<\/p>  <p>The player of 24 years<strong> lesion\u00f3 the past 1 February in a party of Tie 1 in front of the Montpellier <\/strong>by a crash with<strong> <\/strong>Leo Leroy. This day, the &#8217;10&#8217; only was 20 minutes in the field and failed a penalti by double game (the collection was repeated, with Benjamin Lecomte<strong> <\/strong>cutting across both shots). The time of drop for this type of injuries is of three weeks, but the &#8217;10&#8217; has worked hard to reappear in record time.<\/p>  <h3>Galtier Puts to the Bayern like favourite<\/h3>  <p>Although the PSG yes will recover to <a data-external=\"0\" data-intl-links-en=\"https:\/\/www.fcbarcelonanoticias.com\/en\/transfers\/leo-messi-betancur-two-signings-has-recommended-araujo-barcelona_289587_102.html\" data-intl-links-es=\"https:\/\/www.fcbarcelonanoticias.com\/fichajes\/leo-messi-betancur-dos-fichajes-ha-recomendado-araujo-barcelona_289587_102.html\" href=\"https:\/\/www.fcbarcelonanoticias.com\/en\/transfers\/leo-messi-betancur-two-signings-has-recommended-araujo-barcelona_289587_102.html\" rel=\"follow\" target=\"_self\" title=\"Leo Messi y Betancur, los dos fichajes que ha 'recomendado' Ara\u00fajo al Bar\u00e7a\">Leo Messi<\/a> for the gone in front of the Bayern, the m\u00edster Frenchman tried to evade the pressure giving like favourite of the eliminatory to a Bayern that classified with holgura in the phase of groups on Inter and FC Barcelona. <strong>&#8220;If we analyse all the results and the statistical<\/strong> <strong>can think that they are they the favourites<\/strong>, but is a party of League of Champions and my players have experience to face this type of duels&#8221;, said Galtier.<\/p>  <p>In this sense, the trainer of 56 years considers that the eliminatory this in 50 % for each team, further of the altibajos of both in the last weeks. &#8220;<strong>The Bayern had a bad moment after the World-wide, but have recovered .<\/strong> <strong>We still no, by different reasons, but have a staff tomorrow more complete that in the split precedents&#8221;<\/strong>, argued the technician. For Paris, the one of the Tuesday is the first &#8216;final&#8217; of the season, since a new failure in eighth of Champions would be catastrophic for the club.<\/p> ","protected":false},"excerpt":{"rendered":"<p>Kylian Mbapp\u00e9 trained on Monday alongside his teammates in the run-up to the first leg of the Champions League round of 16 against Bayern Munich. However, Christophe Galtier, PSG coach, left the reappearance of the &#8217;10&#8217; up in the air Paris Saint-Germain will receive the Tuesday to the Bayern Munich without Kylian Mbapp\u00e9 to tope. [&hellip;]<\/p>\n","protected":false},"author":347,"featured_media":5613,"comment_status":"closed","ping_status":"open","sticky":false,"template":"","format":"standard","meta":{"_acf_changed":false,"inline_featured_image":false,"_nextfly_llmd_date_locked":false,"footnotes":""},"categories":[447,112],"tags":[171,88],"class_list":["post-5612","post","type-post","status-publish","format-standard","has-post-thumbnail","hentry","category-champions-league-2","category-champions-league","tag-mbappe","tag-paris-saint-germain"],"acf":[],"yoast_head":"<!-- This site is optimized with the Yoast SEO plugin v27.3 - https:\/\/yoast.com\/product\/yoast-seo-wordpress\/ -->\n<title>Mbapp\u00e9, doubt until the last minute for PSG-Bayern<\/title>\n<meta name=\"description\" content=\"Kylian Mbapp\u00e9 trained on Monday alongside his teammates in the run-up to the first leg of the Champions League round of 16 against Bayern Munich. However, Christophe Galtier, PSG coach, left the reappearance of the &#039;10&#039; up in the air\" \/>\n<meta name=\"robots\" content=\"index, follow, max-snippet:-1, max-image-preview:large, max-video-preview:-1\" \/>\n<link rel=\"canonical\" href=\"https:\/\/www.fcbarcelonanoticias.com\/en\/champions-league\/mbappe-doubt-until-last-minute-for-psg-bayern_289596_102.html\" \/>\n<meta property=\"og:locale\" content=\"en_US\" \/>\n<meta property=\"og:type\" content=\"article\" \/>\n<meta property=\"og:title\" content=\"Mbapp\u00e9, doubt until the last minute for PSG-Bayern\" \/>\n<meta property=\"og:description\" content=\"Kylian Mbapp\u00e9 trained on Monday alongside his teammates in the run-up to the first leg of the Champions League round of 16 against Bayern Munich. However, Christophe Galtier, PSG coach, left the reappearance of the &#039;10&#039; up in the air\" \/>\n<meta property=\"og:url\" content=\"https:\/\/www.fcbarcelonanoticias.com\/en\/champions-league\/mbappe-doubt-until-last-minute-for-psg-bayern_289596_102.html\" \/>\n<meta property=\"og:site_name\" content=\"EN - FC Barcelona Noticias\" \/>\n<meta property=\"article:published_time\" content=\"2023-02-13T21:09:00+00:00\" \/>\n<meta property=\"og:image\" content=\"https:\/\/www.fcbarcelonanoticias.com\/en\/wp-content\/uploads\/sites\/2\/2023\/02\/kylian-mbappe-partido.jpeg\" \/>\n\t<meta property=\"og:image:width\" content=\"1300\" \/>\n\t<meta property=\"og:image:height\" content=\"733\" \/>\n\t<meta property=\"og:image:type\" content=\"image\/jpeg\" \/>\n<meta name=\"author\" content=\"Andr\u00e9s Quiroz\" \/>\n<meta name=\"twitter:card\" content=\"summary_large_image\" \/>\n<meta name=\"twitter:label1\" content=\"Written by\" \/>\n\t<meta name=\"twitter:data1\" content=\"Andr\u00e9s Quiroz\" \/>\n\t<meta name=\"twitter:label2\" content=\"Est. reading time\" \/>\n\t<meta name=\"twitter:data2\" content=\"2 minutes\" \/>\n<script type=\"application\/ld+json\" class=\"yoast-schema-graph\">{\"@context\":\"https:\\\/\\\/schema.org\",\"@graph\":[{\"@type\":\"Article\",\"@id\":\"https:\\\/\\\/www.fcbarcelonanoticias.com\\\/en\\\/champions-league\\\/mbappe-doubt-until-last-minute-for-psg-bayern_289596_102.html#article\",\"isPartOf\":{\"@id\":\"https:\\\/\\\/www.fcbarcelonanoticias.com\\\/en\\\/champions-league\\\/mbappe-doubt-until-last-minute-for-psg-bayern_289596_102.html\"},\"author\":{\"name\":\"Andr\u00e9s Quiroz\",\"@id\":\"https:\\\/\\\/www.fcbarcelonanoticias.com\\\/en\\\/#\\\/schema\\\/person\\\/c2cd9f6fa1af5c0d0eccd0fefa575c88\"},\"headline\":\"Mbapp\u00e9, doubt until the last minute for PSG-Bayern\",\"datePublished\":\"2023-02-13T21:09:00+00:00\",\"mainEntityOfPage\":{\"@id\":\"https:\\\/\\\/www.fcbarcelonanoticias.com\\\/en\\\/champions-league\\\/mbappe-doubt-until-last-minute-for-psg-bayern_289596_102.html\"},\"wordCount\":476,\"image\":{\"@id\":\"https:\\\/\\\/www.fcbarcelonanoticias.com\\\/en\\\/champions-league\\\/mbappe-doubt-until-last-minute-for-psg-bayern_289596_102.html#primaryimage\"},\"thumbnailUrl\":\"https:\\\/\\\/www.fcbarcelonanoticias.com\\\/en\\\/wp-content\\\/uploads\\\/sites\\\/2\\\/2023\\\/02\\\/kylian-mbappe-partido.jpeg\",\"keywords\":[\"Mbapp\u00e9\",\"Paris Saint-Germain\"],\"articleSection\":[\"Champions League\",\"Champions League\"],\"inLanguage\":\"en-US\"},{\"@type\":\"WebPage\",\"@id\":\"https:\\\/\\\/www.fcbarcelonanoticias.com\\\/en\\\/champions-league\\\/mbappe-doubt-until-last-minute-for-psg-bayern_289596_102.html\",\"url\":\"https:\\\/\\\/www.fcbarcelonanoticias.com\\\/en\\\/champions-league\\\/mbappe-doubt-until-last-minute-for-psg-bayern_289596_102.html\",\"name\":\"Mbapp\u00e9, doubt until the last minute for PSG-Bayern\",\"isPartOf\":{\"@id\":\"https:\\\/\\\/www.fcbarcelonanoticias.com\\\/en\\\/#website\"},\"primaryImageOfPage\":{\"@id\":\"https:\\\/\\\/www.fcbarcelonanoticias.com\\\/en\\\/champions-league\\\/mbappe-doubt-until-last-minute-for-psg-bayern_289596_102.html#primaryimage\"},\"image\":{\"@id\":\"https:\\\/\\\/www.fcbarcelonanoticias.com\\\/en\\\/champions-league\\\/mbappe-doubt-until-last-minute-for-psg-bayern_289596_102.html#primaryimage\"},\"thumbnailUrl\":\"https:\\\/\\\/www.fcbarcelonanoticias.com\\\/en\\\/wp-content\\\/uploads\\\/sites\\\/2\\\/2023\\\/02\\\/kylian-mbappe-partido.jpeg\",\"datePublished\":\"2023-02-13T21:09:00+00:00\",\"author\":{\"@id\":\"https:\\\/\\\/www.fcbarcelonanoticias.com\\\/en\\\/#\\\/schema\\\/person\\\/c2cd9f6fa1af5c0d0eccd0fefa575c88\"},\"description\":\"Kylian Mbapp\u00e9 trained on Monday alongside his teammates in the run-up to the first leg of the Champions League round of 16 against Bayern Munich. However, Christophe Galtier, PSG coach, left the reappearance of the '10' up in the air\",\"breadcrumb\":{\"@id\":\"https:\\\/\\\/www.fcbarcelonanoticias.com\\\/en\\\/champions-league\\\/mbappe-doubt-until-last-minute-for-psg-bayern_289596_102.html#breadcrumb\"},\"inLanguage\":\"en-US\",\"potentialAction\":[{\"@type\":\"ReadAction\",\"target\":[\"https:\\\/\\\/www.fcbarcelonanoticias.com\\\/en\\\/champions-league\\\/mbappe-doubt-until-last-minute-for-psg-bayern_289596_102.html\"]}]},{\"@type\":\"ImageObject\",\"inLanguage\":\"en-US\",\"@id\":\"https:\\\/\\\/www.fcbarcelonanoticias.com\\\/en\\\/champions-league\\\/mbappe-doubt-until-last-minute-for-psg-bayern_289596_102.html#primaryimage\",\"url\":\"https:\\\/\\\/www.fcbarcelonanoticias.com\\\/en\\\/wp-content\\\/uploads\\\/sites\\\/2\\\/2023\\\/02\\\/kylian-mbappe-partido.jpeg\",\"contentUrl\":\"https:\\\/\\\/www.fcbarcelonanoticias.com\\\/en\\\/wp-content\\\/uploads\\\/sites\\\/2\\\/2023\\\/02\\\/kylian-mbappe-partido.jpeg\",\"width\":1300,\"height\":733},{\"@type\":\"BreadcrumbList\",\"@id\":\"https:\\\/\\\/www.fcbarcelonanoticias.com\\\/en\\\/champions-league\\\/mbappe-doubt-until-last-minute-for-psg-bayern_289596_102.html#breadcrumb\",\"itemListElement\":[{\"@type\":\"ListItem\",\"position\":1,\"name\":\"Portada\",\"item\":\"https:\\\/\\\/www.fcbarcelonanoticias.com\\\/en\\\/\"},{\"@type\":\"ListItem\",\"position\":2,\"name\":\"Mbapp\u00e9, doubt until the last minute for PSG-Bayern\"}]},{\"@type\":\"WebSite\",\"@id\":\"https:\\\/\\\/www.fcbarcelonanoticias.com\\\/en\\\/#website\",\"url\":\"https:\\\/\\\/www.fcbarcelonanoticias.com\\\/en\\\/\",\"name\":\"EN - FC Barcelona Noticias\",\"description\":\"\",\"potentialAction\":[{\"@type\":\"SearchAction\",\"target\":{\"@type\":\"EntryPoint\",\"urlTemplate\":\"https:\\\/\\\/www.fcbarcelonanoticias.com\\\/en\\\/?s={search_term_string}\"},\"query-input\":{\"@type\":\"PropertyValueSpecification\",\"valueRequired\":true,\"valueName\":\"search_term_string\"}}],\"inLanguage\":\"en-US\"},{\"@type\":\"Person\",\"@id\":\"https:\\\/\\\/www.fcbarcelonanoticias.com\\\/en\\\/#\\\/schema\\\/person\\\/c2cd9f6fa1af5c0d0eccd0fefa575c88\",\"name\":\"Andr\u00e9s Quiroz\",\"image\":{\"@type\":\"ImageObject\",\"inLanguage\":\"en-US\",\"@id\":\"https:\\\/\\\/secure.gravatar.com\\\/avatar\\\/?s=96&d=mm&r=g\",\"url\":\"https:\\\/\\\/secure.gravatar.com\\\/avatar\\\/?s=96&d=mm&r=g\",\"contentUrl\":\"https:\\\/\\\/secure.gravatar.com\\\/avatar\\\/?s=96&d=mm&r=g\",\"caption\":\"Andr\u00e9s Quiroz\"},\"description\":\"Licenciado en Periodismo por la Universidad de los Andes. Me encargo de analizar y compartir los contenidos m\u00e1s destacados de la\u00a0actualidad del F\u00fatbol Club Barcelona, Mercado de Fichajes y F\u00fatbol Internacional en FCBN. La informaci\u00f3n es poder, pero tambi\u00e9n conocimiento.\",\"url\":\"https:\\\/\\\/www.fcbarcelonanoticias.com\\\/en\\\/fc-barcelona\\\/andres-quiroz_17_115.html\"}]}<\/script>\n<!-- \/ Yoast SEO plugin. -->","yoast_head_json":{"title":"Mbapp\u00e9, doubt until the last minute for PSG-Bayern","description":"Kylian Mbapp\u00e9 trained on Monday alongside his teammates in the run-up to the first leg of the Champions League round of 16 against Bayern Munich. However, Christophe Galtier, PSG coach, left the reappearance of the '10' up in the air","robots":{"index":"index","follow":"follow","max-snippet":"max-snippet:-1","max-image-preview":"max-image-preview:large","max-video-preview":"max-video-preview:-1"},"canonical":"https:\/\/www.fcbarcelonanoticias.com\/en\/champions-league\/mbappe-doubt-until-last-minute-for-psg-bayern_289596_102.html","og_locale":"en_US","og_type":"article","og_title":"Mbapp\u00e9, doubt until the last minute for PSG-Bayern","og_description":"Kylian Mbapp\u00e9 trained on Monday alongside his teammates in the run-up to the first leg of the Champions League round of 16 against Bayern Munich. However, Christophe Galtier, PSG coach, left the reappearance of the '10' up in the air","og_url":"https:\/\/www.fcbarcelonanoticias.com\/en\/champions-league\/mbappe-doubt-until-last-minute-for-psg-bayern_289596_102.html","og_site_name":"EN - FC Barcelona Noticias","article_published_time":"2023-02-13T21:09:00+00:00","og_image":[{"width":1300,"height":733,"url":"https:\/\/www.fcbarcelonanoticias.com\/en\/wp-content\/uploads\/sites\/2\/2023\/02\/kylian-mbappe-partido.jpeg","type":"image\/jpeg"}],"author":"Andr\u00e9s Quiroz","twitter_card":"summary_large_image","twitter_misc":{"Written by":"Andr\u00e9s Quiroz","Est. reading time":"2 minutes"},"schema":{"@context":"https:\/\/schema.org","@graph":[{"@type":"Article","@id":"https:\/\/www.fcbarcelonanoticias.com\/en\/champions-league\/mbappe-doubt-until-last-minute-for-psg-bayern_289596_102.html#article","isPartOf":{"@id":"https:\/\/www.fcbarcelonanoticias.com\/en\/champions-league\/mbappe-doubt-until-last-minute-for-psg-bayern_289596_102.html"},"author":{"name":"Andr\u00e9s Quiroz","@id":"https:\/\/www.fcbarcelonanoticias.com\/en\/#\/schema\/person\/c2cd9f6fa1af5c0d0eccd0fefa575c88"},"headline":"Mbapp\u00e9, doubt until the last minute for PSG-Bayern","datePublished":"2023-02-13T21:09:00+00:00","mainEntityOfPage":{"@id":"https:\/\/www.fcbarcelonanoticias.com\/en\/champions-league\/mbappe-doubt-until-last-minute-for-psg-bayern_289596_102.html"},"wordCount":476,"image":{"@id":"https:\/\/www.fcbarcelonanoticias.com\/en\/champions-league\/mbappe-doubt-until-last-minute-for-psg-bayern_289596_102.html#primaryimage"},"thumbnailUrl":"https:\/\/www.fcbarcelonanoticias.com\/en\/wp-content\/uploads\/sites\/2\/2023\/02\/kylian-mbappe-partido.jpeg","keywords":["Mbapp\u00e9","Paris Saint-Germain"],"articleSection":["Champions League","Champions League"],"inLanguage":"en-US"},{"@type":"WebPage","@id":"https:\/\/www.fcbarcelonanoticias.com\/en\/champions-league\/mbappe-doubt-until-last-minute-for-psg-bayern_289596_102.html","url":"https:\/\/www.fcbarcelonanoticias.com\/en\/champions-league\/mbappe-doubt-until-last-minute-for-psg-bayern_289596_102.html","name":"Mbapp\u00e9, doubt until the last minute for PSG-Bayern","isPartOf":{"@id":"https:\/\/www.fcbarcelonanoticias.com\/en\/#website"},"primaryImageOfPage":{"@id":"https:\/\/www.fcbarcelonanoticias.com\/en\/champions-league\/mbappe-doubt-until-last-minute-for-psg-bayern_289596_102.html#primaryimage"},"image":{"@id":"https:\/\/www.fcbarcelonanoticias.com\/en\/champions-league\/mbappe-doubt-until-last-minute-for-psg-bayern_289596_102.html#primaryimage"},"thumbnailUrl":"https:\/\/www.fcbarcelonanoticias.com\/en\/wp-content\/uploads\/sites\/2\/2023\/02\/kylian-mbappe-partido.jpeg","datePublished":"2023-02-13T21:09:00+00:00","author":{"@id":"https:\/\/www.fcbarcelonanoticias.com\/en\/#\/schema\/person\/c2cd9f6fa1af5c0d0eccd0fefa575c88"},"description":"Kylian Mbapp\u00e9 trained on Monday alongside his teammates in the run-up to the first leg of the Champions League round of 16 against Bayern Munich. However, Christophe Galtier, PSG coach, left the reappearance of the '10' up in the air","breadcrumb":{"@id":"https:\/\/www.fcbarcelonanoticias.com\/en\/champions-league\/mbappe-doubt-until-last-minute-for-psg-bayern_289596_102.html#breadcrumb"},"inLanguage":"en-US","potentialAction":[{"@type":"ReadAction","target":["https:\/\/www.fcbarcelonanoticias.com\/en\/champions-league\/mbappe-doubt-until-last-minute-for-psg-bayern_289596_102.html"]}]},{"@type":"ImageObject","inLanguage":"en-US","@id":"https:\/\/www.fcbarcelonanoticias.com\/en\/champions-league\/mbappe-doubt-until-last-minute-for-psg-bayern_289596_102.html#primaryimage","url":"https:\/\/www.fcbarcelonanoticias.com\/en\/wp-content\/uploads\/sites\/2\/2023\/02\/kylian-mbappe-partido.jpeg","contentUrl":"https:\/\/www.fcbarcelonanoticias.com\/en\/wp-content\/uploads\/sites\/2\/2023\/02\/kylian-mbappe-partido.jpeg","width":1300,"height":733},{"@type":"BreadcrumbList","@id":"https:\/\/www.fcbarcelonanoticias.com\/en\/champions-league\/mbappe-doubt-until-last-minute-for-psg-bayern_289596_102.html#breadcrumb","itemListElement":[{"@type":"ListItem","position":1,"name":"Portada","item":"https:\/\/www.fcbarcelonanoticias.com\/en\/"},{"@type":"ListItem","position":2,"name":"Mbapp\u00e9, doubt until the last minute for PSG-Bayern"}]},{"@type":"WebSite","@id":"https:\/\/www.fcbarcelonanoticias.com\/en\/#website","url":"https:\/\/www.fcbarcelonanoticias.com\/en\/","name":"EN - FC Barcelona Noticias","description":"","potentialAction":[{"@type":"SearchAction","target":{"@type":"EntryPoint","urlTemplate":"https:\/\/www.fcbarcelonanoticias.com\/en\/?s={search_term_string}"},"query-input":{"@type":"PropertyValueSpecification","valueRequired":true,"valueName":"search_term_string"}}],"inLanguage":"en-US"},{"@type":"Person","@id":"https:\/\/www.fcbarcelonanoticias.com\/en\/#\/schema\/person\/c2cd9f6fa1af5c0d0eccd0fefa575c88","name":"Andr\u00e9s Quiroz","image":{"@type":"ImageObject","inLanguage":"en-US","@id":"https:\/\/secure.gravatar.com\/avatar\/?s=96&d=mm&r=g","url":"https:\/\/secure.gravatar.com\/avatar\/?s=96&d=mm&r=g","contentUrl":"https:\/\/secure.gravatar.com\/avatar\/?s=96&d=mm&r=g","caption":"Andr\u00e9s Quiroz"},"description":"Licenciado en Periodismo por la Universidad de los Andes. Me encargo de analizar y compartir los contenidos m\u00e1s destacados de la\u00a0actualidad del F\u00fatbol Club Barcelona, Mercado de Fichajes y F\u00fatbol Internacional en FCBN. La informaci\u00f3n es poder, pero tambi\u00e9n conocimiento.","url":"https:\/\/www.fcbarcelonanoticias.com\/en\/fc-barcelona\/andres-quiroz_17_115.html"}]}},"_links":{"self":[{"href":"https:\/\/www.fcbarcelonanoticias.com\/en\/wp-json\/wp\/v2\/posts\/5612","targetHints":{"allow":["GET"]}}],"collection":[{"href":"https:\/\/www.fcbarcelonanoticias.com\/en\/wp-json\/wp\/v2\/posts"}],"about":[{"href":"https:\/\/www.fcbarcelonanoticias.com\/en\/wp-json\/wp\/v2\/types\/post"}],"author":[{"embeddable":true,"href":"https:\/\/www.fcbarcelonanoticias.com\/en\/wp-json\/wp\/v2\/users\/347"}],"replies":[{"embeddable":true,"href":"https:\/\/www.fcbarcelonanoticias.com\/en\/wp-json\/wp\/v2\/comments?post=5612"}],"version-history":[{"count":1,"href":"https:\/\/www.fcbarcelonanoticias.com\/en\/wp-json\/wp\/v2\/posts\/5612\/revisions"}],"predecessor-version":[{"id":104070,"href":"https:\/\/www.fcbarcelonanoticias.com\/en\/wp-json\/wp\/v2\/posts\/5612\/revisions\/104070"}],"wp:featuredmedia":[{"embeddable":true,"href":"https:\/\/www.fcbarcelonanoticias.com\/en\/wp-json\/wp\/v2\/media\/5613"}],"wp:attachment":[{"href":"https:\/\/www.fcbarcelonanoticias.com\/en\/wp-json\/wp\/v2\/media?parent=5612"}],"wp:term":[{"taxonomy":"category","embeddable":true,"href":"https:\/\/www.fcbarcelonanoticias.com\/en\/wp-json\/wp\/v2\/categories?post=5612"},{"taxonomy":"post_tag","embeddable":true,"href":"https:\/\/www.fcbarcelonanoticias.com\/en\/wp-json\/wp\/v2\/tags?post=5612"}],"curies":[{"name":"wp","href":"https:\/\/api.w.org\/{rel}","templated":true}]}}