{"id":56326,"date":"2025-10-26T18:06:00","date_gmt":"2025-10-26T17:06:00","guid":{"rendered":"https:\/\/weisetech.dev\/fc-barcelona-noticias\/en\/huijsen-elbow-on-cubarsi-in-bellingham-goal_315119_102\/"},"modified":"2025-10-26T18:06:00","modified_gmt":"2025-10-26T17:06:00","slug":"huijsen-elbow-on-cubarsi-in-bellingham-goal_315119_102","status":"publish","type":"post","link":"https:\/\/www.fcbarcelonanoticias.com\/en\/laliga\/huijsen-elbow-on-cubarsi-in-bellingham-goal_315119_102.html","title":{"rendered":"Huijsen elbowing Cubars\u00ed in Bellingham&#8217;s goal?"},"content":{"rendered":"<h2 class=\"wp-block-heading\">Barcelona players protested an elbow from Huijsen to Cubars\u00ed just before Bellingham&#8217;s shot that made it 2-1 at the Bernab\u00e9u.<\/h2>  \r\n<div class=\"article-addons\">\r\n    <a href=\"https:\/\/www.fcbarcelonanoticias.com\/en\/calendar-fc-barcelona.html\"\r\n       target=\"_self\"\r\n       title=\"Calendar of FC Barcelona\"\r\n       class=\"blue-gredient-btn\">\r\n       \r\n        Calendar of FC Barcelona    <\/a>\r\n<\/div>   <p><strong>FC Barcelona<\/strong> once again encountered <strong><a data-external=\"0\" data-intl-links-en=\"https:\/\/www.fcbarcelonanoticias.com\/en\/tags\/fc-barcelona-vs-real-madrid\" data-intl-links-es=\"https:\/\/www.fcbarcelonanoticias.com\/tags\/fc-barcelona-vs-real-madrid\" href=\"https:\/\/www.fcbarcelonanoticias.com\/en\/tags\/fc-barcelona-vs-real-madrid.html\" rel=\"follow\" target=\"_self\" title=\"FC Barcelona vs Real Madrid\">arbitral controversy in a Cl\u00e1sico<\/a><\/strong>. The Blaugrana team conceded the second goal in the 43rd minute of the first half after a highly disputed play that ended with Jude Bellingham sending the ball into the back of the net. However, what preceded the goal is what has stirred up anger on the Bar\u00e7a bench: <strong>a possible elbow from Dean Huijsen on Pau Cubars\u00ed<\/strong>.<\/p>  <p>The play originated with a cross into the area from the right side by \u00c9der Militao. As the ball flew towards the shooting zone, Huijsen, who had joined the attack, shook off <strong>Cubars\u00ed&#8217;s<\/strong> mark with a gesture that has generated much talk: a <strong>possible direct elbow to the face of the young Bar\u00e7a center-back<\/strong>.<\/p>  <h2>Clear foul before the 2-1 that VAR didn&#8217;t correct<\/h2>  <p><strong>Cubars\u00ed <\/strong>fell to the ground visibly in pain while Bellingham finished unopposed. The referee <strong>C\u00e9sar Soto Grado did not signal a foul<\/strong> and, after a brief silent review, <strong>the VAR, directed by Iglesias Villanueva, validated the Englishman&#8217;s goal<\/strong>.<\/p>  <p>The reaction was immediate: several <strong>Bar\u00e7a players surrounded the referee<\/strong> demanding the review of a clear foul in attack, but play continued and the goal was allowed. The indignation on the Bar\u00e7a bench was also evident, with angry protests from members of the technical staff.<\/p>  <blockquote> <p>The replays show how Huijsen&#8217;s arm impacts Cubars\u00ed&#8217;s mouth just before Bellingham&#8217;s shot.<\/p> <\/blockquote>  <p>The blow seems clear, although the referee&#8217;s interpretation was that it was a slight contact and not enough to nullify the action. The Bar\u00e7a center-back remained on the ground for a few seconds, and subsequently needed medical assistance due to a blow to the lip area. Despite this, he was able to continue the match without being substituted.<\/p>  <p>The <strong>Blaugrana fans<\/strong> were also quick to react on social media, where screenshots of the exact moment of the impact are circulating. The debate is open: <strong>Should the goal have been disallowed for a previous foul?<\/strong><\/p>  <p><strong>Real Madrid<\/strong> went into halftime with a 2-1 lead thanks to that goal. Bar\u00e7a, meanwhile, saw how a possible refereeing error once again tipped the balance in a high-stakes duel. El Cl\u00e1sico, once again, delivers top-level football, goals&#8230; and a new <strong><a data-external=\"0\" data-intl-links-en=\"https:\/\/www.fcbarcelonanoticias.com\/en\/tags\/referees\" data-intl-links-es=\"https:\/\/www.fcbarcelonanoticias.com\/tags\/arbitros\" href=\"https:\/\/www.fcbarcelonanoticias.com\/en\/tags\/referees.html\" rel=\"follow\" target=\"_self\" title=\"\u00c1rbitros\">refereeing controversy<\/a><\/strong> that will be talked about for days.<\/p> ","protected":false},"excerpt":{"rendered":"<p>Barcelona players protested an elbow from Huijsen to Cubars\u00ed just before Bellingham&#8217;s shot that made it 2-1 at the Bernab\u00e9u. FC Barcelona once again encountered arbitral controversy in a Cl\u00e1sico. The Blaugrana team conceded the second goal in the 43rd minute of the first half after a highly disputed play that ended with Jude Bellingham [&hellip;]<\/p>\n","protected":false},"author":353,"featured_media":56343,"comment_status":"closed","ping_status":"open","sticky":false,"template":"","format":"standard","meta":{"_acf_changed":false,"inline_featured_image":false,"_nextfly_llmd_date_locked":false,"footnotes":""},"categories":[448,114],"tags":[53,46,469,155,190,194],"class_list":["post-56326","post","type-post","status-publish","format-standard","has-post-thumbnail","hentry","category-laliga-2","category-laliga","tag-el-clasico","tag-fc-barcelona-vs-real-madrid","tag-pau-cubarsi-2","tag-pau-cubarsi","tag-referees","tag-var"],"acf":[],"yoast_head":"<!-- This site is optimized with the Yoast SEO plugin v27.3 - https:\/\/yoast.com\/product\/yoast-seo-wordpress\/ -->\n<title>Huijsen&#039;s elbow on Cubars\u00ed in Bellingham&#039;s goal<\/title>\n<meta name=\"description\" content=\"Bar\u00e7a claims a foul by Huijsen on Cubars\u00ed in Bellingham&#039;s goal. VAR did not intervene and the goal stood. Was it decisive?\" \/>\n<meta name=\"robots\" content=\"index, follow, max-snippet:-1, max-image-preview:large, max-video-preview:-1\" \/>\n<link rel=\"canonical\" href=\"https:\/\/www.fcbarcelonanoticias.com\/en\/laliga\/huijsen-elbow-on-cubarsi-in-bellingham-goal_315119_102.html\" \/>\n<meta property=\"og:locale\" content=\"en_US\" \/>\n<meta property=\"og:type\" content=\"article\" \/>\n<meta property=\"og:title\" content=\"Huijsen&#039;s elbow on Cubars\u00ed in Bellingham&#039;s goal\" \/>\n<meta property=\"og:description\" content=\"Bar\u00e7a claims a foul by Huijsen on Cubars\u00ed in Bellingham&#039;s goal. VAR did not intervene and the goal stood. Was it decisive?\" \/>\n<meta property=\"og:url\" content=\"https:\/\/www.fcbarcelonanoticias.com\/en\/laliga\/huijsen-elbow-on-cubarsi-in-bellingham-goal_315119_102.html\" \/>\n<meta property=\"og:site_name\" content=\"EN - FC Barcelona Noticias\" \/>\n<meta property=\"article:published_time\" content=\"2025-10-26T17:06:00+00:00\" \/>\n<meta property=\"og:image\" content=\"https:\/\/www.fcbarcelonanoticias.com\/en\/wp-content\/uploads\/sites\/2\/2025\/10\/codazo-de-huijsen-a-cubarsi-en-el-gol-de-bellingham-1.webp\" \/>\n\t<meta property=\"og:image:width\" content=\"1200\" \/>\n\t<meta property=\"og:image:height\" content=\"675\" \/>\n\t<meta property=\"og:image:type\" content=\"image\/webp\" \/>\n<meta name=\"author\" content=\"FC Barcelona Noticias\" \/>\n<meta name=\"twitter:card\" content=\"summary_large_image\" \/>\n<meta name=\"twitter:label1\" content=\"Written by\" \/>\n\t<meta name=\"twitter:data1\" content=\"FC Barcelona Noticias\" \/>\n\t<meta name=\"twitter:label2\" content=\"Est. reading time\" \/>\n\t<meta name=\"twitter:data2\" content=\"2 minutes\" \/>\n<script type=\"application\/ld+json\" class=\"yoast-schema-graph\">{\"@context\":\"https:\\\/\\\/schema.org\",\"@graph\":[{\"@type\":\"Article\",\"@id\":\"https:\\\/\\\/www.fcbarcelonanoticias.com\\\/en\\\/laliga\\\/huijsen-elbow-on-cubarsi-in-bellingham-goal_315119_102.html#article\",\"isPartOf\":{\"@id\":\"https:\\\/\\\/www.fcbarcelonanoticias.com\\\/en\\\/laliga\\\/huijsen-elbow-on-cubarsi-in-bellingham-goal_315119_102.html\"},\"author\":{\"name\":\"FC Barcelona Noticias\",\"@id\":\"https:\\\/\\\/www.fcbarcelonanoticias.com\\\/en\\\/#\\\/schema\\\/person\\\/0f2810101d27606974cdb8edb54fa54b\"},\"headline\":\"Huijsen elbowing Cubars\u00ed in Bellingham&#8217;s goal?\",\"datePublished\":\"2025-10-26T17:06:00+00:00\",\"mainEntityOfPage\":{\"@id\":\"https:\\\/\\\/www.fcbarcelonanoticias.com\\\/en\\\/laliga\\\/huijsen-elbow-on-cubarsi-in-bellingham-goal_315119_102.html\"},\"wordCount\":416,\"image\":{\"@id\":\"https:\\\/\\\/www.fcbarcelonanoticias.com\\\/en\\\/laliga\\\/huijsen-elbow-on-cubarsi-in-bellingham-goal_315119_102.html#primaryimage\"},\"thumbnailUrl\":\"https:\\\/\\\/www.fcbarcelonanoticias.com\\\/en\\\/wp-content\\\/uploads\\\/sites\\\/2\\\/2025\\\/10\\\/codazo-de-huijsen-a-cubarsi-en-el-gol-de-bellingham-1.webp\",\"keywords\":[\"El Cl\u00e1sico\",\"FC Barcelona vs Real Madrid\",\"Pau Cubars\u00ed\",\"Pau Cubars\u00ed\",\"Referees\",\"VAR\"],\"articleSection\":[\"LaLiga\",\"LaLiga\"],\"inLanguage\":\"en-US\"},{\"@type\":\"WebPage\",\"@id\":\"https:\\\/\\\/www.fcbarcelonanoticias.com\\\/en\\\/laliga\\\/huijsen-elbow-on-cubarsi-in-bellingham-goal_315119_102.html\",\"url\":\"https:\\\/\\\/www.fcbarcelonanoticias.com\\\/en\\\/laliga\\\/huijsen-elbow-on-cubarsi-in-bellingham-goal_315119_102.html\",\"name\":\"Huijsen's elbow on Cubars\u00ed in Bellingham's goal\",\"isPartOf\":{\"@id\":\"https:\\\/\\\/www.fcbarcelonanoticias.com\\\/en\\\/#website\"},\"primaryImageOfPage\":{\"@id\":\"https:\\\/\\\/www.fcbarcelonanoticias.com\\\/en\\\/laliga\\\/huijsen-elbow-on-cubarsi-in-bellingham-goal_315119_102.html#primaryimage\"},\"image\":{\"@id\":\"https:\\\/\\\/www.fcbarcelonanoticias.com\\\/en\\\/laliga\\\/huijsen-elbow-on-cubarsi-in-bellingham-goal_315119_102.html#primaryimage\"},\"thumbnailUrl\":\"https:\\\/\\\/www.fcbarcelonanoticias.com\\\/en\\\/wp-content\\\/uploads\\\/sites\\\/2\\\/2025\\\/10\\\/codazo-de-huijsen-a-cubarsi-en-el-gol-de-bellingham-1.webp\",\"datePublished\":\"2025-10-26T17:06:00+00:00\",\"author\":{\"@id\":\"https:\\\/\\\/www.fcbarcelonanoticias.com\\\/en\\\/#\\\/schema\\\/person\\\/0f2810101d27606974cdb8edb54fa54b\"},\"description\":\"Bar\u00e7a claims a foul by Huijsen on Cubars\u00ed in Bellingham's goal. VAR did not intervene and the goal stood. Was it decisive?\",\"breadcrumb\":{\"@id\":\"https:\\\/\\\/www.fcbarcelonanoticias.com\\\/en\\\/laliga\\\/huijsen-elbow-on-cubarsi-in-bellingham-goal_315119_102.html#breadcrumb\"},\"inLanguage\":\"en-US\",\"potentialAction\":[{\"@type\":\"ReadAction\",\"target\":[\"https:\\\/\\\/www.fcbarcelonanoticias.com\\\/en\\\/laliga\\\/huijsen-elbow-on-cubarsi-in-bellingham-goal_315119_102.html\"]}]},{\"@type\":\"ImageObject\",\"inLanguage\":\"en-US\",\"@id\":\"https:\\\/\\\/www.fcbarcelonanoticias.com\\\/en\\\/laliga\\\/huijsen-elbow-on-cubarsi-in-bellingham-goal_315119_102.html#primaryimage\",\"url\":\"https:\\\/\\\/www.fcbarcelonanoticias.com\\\/en\\\/wp-content\\\/uploads\\\/sites\\\/2\\\/2025\\\/10\\\/codazo-de-huijsen-a-cubarsi-en-el-gol-de-bellingham-1.webp\",\"contentUrl\":\"https:\\\/\\\/www.fcbarcelonanoticias.com\\\/en\\\/wp-content\\\/uploads\\\/sites\\\/2\\\/2025\\\/10\\\/codazo-de-huijsen-a-cubarsi-en-el-gol-de-bellingham-1.webp\",\"width\":1200,\"height\":675},{\"@type\":\"BreadcrumbList\",\"@id\":\"https:\\\/\\\/www.fcbarcelonanoticias.com\\\/en\\\/laliga\\\/huijsen-elbow-on-cubarsi-in-bellingham-goal_315119_102.html#breadcrumb\",\"itemListElement\":[{\"@type\":\"ListItem\",\"position\":1,\"name\":\"Portada\",\"item\":\"https:\\\/\\\/www.fcbarcelonanoticias.com\\\/en\\\/\"},{\"@type\":\"ListItem\",\"position\":2,\"name\":\"Huijsen elbowing Cubars\u00ed in Bellingham&#8217;s goal?\"}]},{\"@type\":\"WebSite\",\"@id\":\"https:\\\/\\\/www.fcbarcelonanoticias.com\\\/en\\\/#website\",\"url\":\"https:\\\/\\\/www.fcbarcelonanoticias.com\\\/en\\\/\",\"name\":\"EN - FC Barcelona Noticias\",\"description\":\"\",\"potentialAction\":[{\"@type\":\"SearchAction\",\"target\":{\"@type\":\"EntryPoint\",\"urlTemplate\":\"https:\\\/\\\/www.fcbarcelonanoticias.com\\\/en\\\/?s={search_term_string}\"},\"query-input\":{\"@type\":\"PropertyValueSpecification\",\"valueRequired\":true,\"valueName\":\"search_term_string\"}}],\"inLanguage\":\"en-US\"},{\"@type\":\"Person\",\"@id\":\"https:\\\/\\\/www.fcbarcelonanoticias.com\\\/en\\\/#\\\/schema\\\/person\\\/0f2810101d27606974cdb8edb54fa54b\",\"name\":\"FC Barcelona Noticias\",\"image\":{\"@type\":\"ImageObject\",\"inLanguage\":\"en-US\",\"@id\":\"https:\\\/\\\/secure.gravatar.com\\\/avatar\\\/?s=96&d=mm&r=g\",\"url\":\"https:\\\/\\\/secure.gravatar.com\\\/avatar\\\/?s=96&d=mm&r=g\",\"contentUrl\":\"https:\\\/\\\/secure.gravatar.com\\\/avatar\\\/?s=96&d=mm&r=g\",\"caption\":\"FC Barcelona Noticias\"},\"url\":\"https:\\\/\\\/www.fcbarcelonanoticias.com\\\/en\\\/fc-barcelona\\\/fcbn-writing-fc-barcelona-news_6_115.html\"}]}<\/script>\n<!-- \/ Yoast SEO plugin. -->","yoast_head_json":{"title":"Huijsen's elbow on Cubars\u00ed in Bellingham's goal","description":"Bar\u00e7a claims a foul by Huijsen on Cubars\u00ed in Bellingham's goal. VAR did not intervene and the goal stood. Was it decisive?","robots":{"index":"index","follow":"follow","max-snippet":"max-snippet:-1","max-image-preview":"max-image-preview:large","max-video-preview":"max-video-preview:-1"},"canonical":"https:\/\/www.fcbarcelonanoticias.com\/en\/laliga\/huijsen-elbow-on-cubarsi-in-bellingham-goal_315119_102.html","og_locale":"en_US","og_type":"article","og_title":"Huijsen's elbow on Cubars\u00ed in Bellingham's goal","og_description":"Bar\u00e7a claims a foul by Huijsen on Cubars\u00ed in Bellingham's goal. VAR did not intervene and the goal stood. Was it decisive?","og_url":"https:\/\/www.fcbarcelonanoticias.com\/en\/laliga\/huijsen-elbow-on-cubarsi-in-bellingham-goal_315119_102.html","og_site_name":"EN - FC Barcelona Noticias","article_published_time":"2025-10-26T17:06:00+00:00","og_image":[{"width":1200,"height":675,"url":"https:\/\/www.fcbarcelonanoticias.com\/en\/wp-content\/uploads\/sites\/2\/2025\/10\/codazo-de-huijsen-a-cubarsi-en-el-gol-de-bellingham-1.webp","type":"image\/webp"}],"author":"FC Barcelona Noticias","twitter_card":"summary_large_image","twitter_misc":{"Written by":"FC Barcelona Noticias","Est. reading time":"2 minutes"},"schema":{"@context":"https:\/\/schema.org","@graph":[{"@type":"Article","@id":"https:\/\/www.fcbarcelonanoticias.com\/en\/laliga\/huijsen-elbow-on-cubarsi-in-bellingham-goal_315119_102.html#article","isPartOf":{"@id":"https:\/\/www.fcbarcelonanoticias.com\/en\/laliga\/huijsen-elbow-on-cubarsi-in-bellingham-goal_315119_102.html"},"author":{"name":"FC Barcelona Noticias","@id":"https:\/\/www.fcbarcelonanoticias.com\/en\/#\/schema\/person\/0f2810101d27606974cdb8edb54fa54b"},"headline":"Huijsen elbowing Cubars\u00ed in Bellingham&#8217;s goal?","datePublished":"2025-10-26T17:06:00+00:00","mainEntityOfPage":{"@id":"https:\/\/www.fcbarcelonanoticias.com\/en\/laliga\/huijsen-elbow-on-cubarsi-in-bellingham-goal_315119_102.html"},"wordCount":416,"image":{"@id":"https:\/\/www.fcbarcelonanoticias.com\/en\/laliga\/huijsen-elbow-on-cubarsi-in-bellingham-goal_315119_102.html#primaryimage"},"thumbnailUrl":"https:\/\/www.fcbarcelonanoticias.com\/en\/wp-content\/uploads\/sites\/2\/2025\/10\/codazo-de-huijsen-a-cubarsi-en-el-gol-de-bellingham-1.webp","keywords":["El Cl\u00e1sico","FC Barcelona vs Real Madrid","Pau Cubars\u00ed","Pau Cubars\u00ed","Referees","VAR"],"articleSection":["LaLiga","LaLiga"],"inLanguage":"en-US"},{"@type":"WebPage","@id":"https:\/\/www.fcbarcelonanoticias.com\/en\/laliga\/huijsen-elbow-on-cubarsi-in-bellingham-goal_315119_102.html","url":"https:\/\/www.fcbarcelonanoticias.com\/en\/laliga\/huijsen-elbow-on-cubarsi-in-bellingham-goal_315119_102.html","name":"Huijsen's elbow on Cubars\u00ed in Bellingham's goal","isPartOf":{"@id":"https:\/\/www.fcbarcelonanoticias.com\/en\/#website"},"primaryImageOfPage":{"@id":"https:\/\/www.fcbarcelonanoticias.com\/en\/laliga\/huijsen-elbow-on-cubarsi-in-bellingham-goal_315119_102.html#primaryimage"},"image":{"@id":"https:\/\/www.fcbarcelonanoticias.com\/en\/laliga\/huijsen-elbow-on-cubarsi-in-bellingham-goal_315119_102.html#primaryimage"},"thumbnailUrl":"https:\/\/www.fcbarcelonanoticias.com\/en\/wp-content\/uploads\/sites\/2\/2025\/10\/codazo-de-huijsen-a-cubarsi-en-el-gol-de-bellingham-1.webp","datePublished":"2025-10-26T17:06:00+00:00","author":{"@id":"https:\/\/www.fcbarcelonanoticias.com\/en\/#\/schema\/person\/0f2810101d27606974cdb8edb54fa54b"},"description":"Bar\u00e7a claims a foul by Huijsen on Cubars\u00ed in Bellingham's goal. VAR did not intervene and the goal stood. Was it decisive?","breadcrumb":{"@id":"https:\/\/www.fcbarcelonanoticias.com\/en\/laliga\/huijsen-elbow-on-cubarsi-in-bellingham-goal_315119_102.html#breadcrumb"},"inLanguage":"en-US","potentialAction":[{"@type":"ReadAction","target":["https:\/\/www.fcbarcelonanoticias.com\/en\/laliga\/huijsen-elbow-on-cubarsi-in-bellingham-goal_315119_102.html"]}]},{"@type":"ImageObject","inLanguage":"en-US","@id":"https:\/\/www.fcbarcelonanoticias.com\/en\/laliga\/huijsen-elbow-on-cubarsi-in-bellingham-goal_315119_102.html#primaryimage","url":"https:\/\/www.fcbarcelonanoticias.com\/en\/wp-content\/uploads\/sites\/2\/2025\/10\/codazo-de-huijsen-a-cubarsi-en-el-gol-de-bellingham-1.webp","contentUrl":"https:\/\/www.fcbarcelonanoticias.com\/en\/wp-content\/uploads\/sites\/2\/2025\/10\/codazo-de-huijsen-a-cubarsi-en-el-gol-de-bellingham-1.webp","width":1200,"height":675},{"@type":"BreadcrumbList","@id":"https:\/\/www.fcbarcelonanoticias.com\/en\/laliga\/huijsen-elbow-on-cubarsi-in-bellingham-goal_315119_102.html#breadcrumb","itemListElement":[{"@type":"ListItem","position":1,"name":"Portada","item":"https:\/\/www.fcbarcelonanoticias.com\/en\/"},{"@type":"ListItem","position":2,"name":"Huijsen elbowing Cubars\u00ed in Bellingham&#8217;s goal?"}]},{"@type":"WebSite","@id":"https:\/\/www.fcbarcelonanoticias.com\/en\/#website","url":"https:\/\/www.fcbarcelonanoticias.com\/en\/","name":"EN - FC Barcelona Noticias","description":"","potentialAction":[{"@type":"SearchAction","target":{"@type":"EntryPoint","urlTemplate":"https:\/\/www.fcbarcelonanoticias.com\/en\/?s={search_term_string}"},"query-input":{"@type":"PropertyValueSpecification","valueRequired":true,"valueName":"search_term_string"}}],"inLanguage":"en-US"},{"@type":"Person","@id":"https:\/\/www.fcbarcelonanoticias.com\/en\/#\/schema\/person\/0f2810101d27606974cdb8edb54fa54b","name":"FC Barcelona Noticias","image":{"@type":"ImageObject","inLanguage":"en-US","@id":"https:\/\/secure.gravatar.com\/avatar\/?s=96&d=mm&r=g","url":"https:\/\/secure.gravatar.com\/avatar\/?s=96&d=mm&r=g","contentUrl":"https:\/\/secure.gravatar.com\/avatar\/?s=96&d=mm&r=g","caption":"FC Barcelona Noticias"},"url":"https:\/\/www.fcbarcelonanoticias.com\/en\/fc-barcelona\/fcbn-writing-fc-barcelona-news_6_115.html"}]}},"_links":{"self":[{"href":"https:\/\/www.fcbarcelonanoticias.com\/en\/wp-json\/wp\/v2\/posts\/56326","targetHints":{"allow":["GET"]}}],"collection":[{"href":"https:\/\/www.fcbarcelonanoticias.com\/en\/wp-json\/wp\/v2\/posts"}],"about":[{"href":"https:\/\/www.fcbarcelonanoticias.com\/en\/wp-json\/wp\/v2\/types\/post"}],"author":[{"embeddable":true,"href":"https:\/\/www.fcbarcelonanoticias.com\/en\/wp-json\/wp\/v2\/users\/353"}],"replies":[{"embeddable":true,"href":"https:\/\/www.fcbarcelonanoticias.com\/en\/wp-json\/wp\/v2\/comments?post=56326"}],"version-history":[{"count":1,"href":"https:\/\/www.fcbarcelonanoticias.com\/en\/wp-json\/wp\/v2\/posts\/56326\/revisions"}],"predecessor-version":[{"id":56336,"href":"https:\/\/www.fcbarcelonanoticias.com\/en\/wp-json\/wp\/v2\/posts\/56326\/revisions\/56336"}],"wp:featuredmedia":[{"embeddable":true,"href":"https:\/\/www.fcbarcelonanoticias.com\/en\/wp-json\/wp\/v2\/media\/56343"}],"wp:attachment":[{"href":"https:\/\/www.fcbarcelonanoticias.com\/en\/wp-json\/wp\/v2\/media?parent=56326"}],"wp:term":[{"taxonomy":"category","embeddable":true,"href":"https:\/\/www.fcbarcelonanoticias.com\/en\/wp-json\/wp\/v2\/categories?post=56326"},{"taxonomy":"post_tag","embeddable":true,"href":"https:\/\/www.fcbarcelonanoticias.com\/en\/wp-json\/wp\/v2\/tags?post=56326"}],"curies":[{"name":"wp","href":"https:\/\/api.w.org\/{rel}","templated":true}]}}