{"id":56466,"date":"2025-11-08T16:53:00","date_gmt":"2025-11-08T15:53:00","guid":{"rendered":"https:\/\/weisetech.dev\/fc-barcelona-noticias\/en\/injured-this-is-barcelona-infirmary-ahead-of-celta_315215_102\/"},"modified":"2026-03-27T11:33:21","modified_gmt":"2026-03-27T10:33:21","slug":"injured-this-is-barcelona-infirmary-ahead-of-celta_315215_102","status":"publish","type":"post","link":"https:\/\/www.fcbarcelonanoticias.com\/en\/laliga\/injured-this-is-barcelona-infirmary-ahead-of-celta_315215_102.html","title":{"rendered":"INJURED: This is Barcelona&#8217;s infirmary ahead of Celta"},"content":{"rendered":"<h2 class=\"wp-block-heading\">Bar\u00e7a recovers Christensen for Matchday 12 of the League against Celta, but Kound\u00e9 is a doubt. In total, 5 Bar\u00e7a players are confirmed absentees for the visit to Bala\u00eddos<\/h2>  \r\n<div class=\"article-addons\">\r\n    <a href=\"https:\/\/www.fcbarcelonanoticias.com\/en\/calendar-fc-barcelona.html\"\r\n       target=\"_self\"\r\n       title=\"Calendar of FC Barcelona\"\r\n       class=\"blue-gredient-btn\">\r\n       \r\n        Calendar of FC Barcelona    <\/a>\r\n<\/div>   <p><strong>FC Barcelona<\/strong> visits <strong>Celta<\/strong> this Saturday at <strong>Bala\u00eddos<\/strong> for matchday 12 of <strong>LaLiga EA Sports 2025\/26<\/strong>. Currently, Hansi Flick&#8217;s team has 5 players out due to injury against the Galician team, although the list of injured players could expand to 6 with <strong>Jules Kound\u00e9<\/strong>.<\/p>  <p>The Frenchman played 90 minutes on Wednesday in <a data-external=\"0\" data-intl-links-en=\"https:\/\/www.fcbarcelonanoticias.com\/en\/champions-league\/lamine-yamal-rescues-draw-for-barcelona-in-bruges-3-3_315201_102.html\" data-intl-links-es=\"https:\/\/www.fcbarcelonanoticias.com\/champions-league\/lamine-yamal-rescata-empate-barcelona-brujas-3-3_315201_102.html\" href=\"https:\/\/www.fcbarcelonanoticias.com\/en\/champions-league\/lamine-yamal-rescues-draw-for-barcelona-in-bruges-3-3_315201_102.html\" rel=\"follow\" target=\"_self\" title=\"Lamine Yamal rescata un empate para el Bar\u00e7a en Brujas (3-3)\">the 3-3 draw against Bruges<\/a>, but returned from Belgium with discomfort from a hard knock during the Champions League match that prevented him from training on Friday in <a data-external=\"0\" data-intl-links-en=\"https:\/\/www.fcbarcelonanoticias.com\/en\/fc-barcelona\/first-barca-training-session-at-spotify-camp-nou_315210_102.html\" data-intl-links-es=\"https:\/\/www.fcbarcelonanoticias.com\/fc-barcelona\/nuevo-spotify-camp-nou-primer-entrenamiento-barca-21795-aficionados_315210_102.html\" href=\"https:\/\/www.fcbarcelonanoticias.com\/en\/fc-barcelona\/first-barca-training-session-at-spotify-camp-nou_315210_102.html\" rel=\"follow\" target=\"_self\" title=\"Spotify Camp Nou: primer entrenamiento del Bar\u00e7a ante m\u00e1s de 22.000 aficionados\">the open-door session at Spotify Camp Nou<\/a><\/p>  <p>Although he returned to training with the group at the Ciutat Esportiva on Saturday, he was unable to complete the session, and Hansi Flick himself acknowledged that his presence in the squad against Celta &#8220;<strong>is complicated<\/strong>&#8220;.<\/p>  <p>The &#8217;23&#8217;, for now, **adds 1,100 minutes of action in the 15 matches played by Bar\u00e7a** in 25\/26. Kound\u00e9, for now, was only a substitute in three league matchdays and contributed 1 goal and 1 assist to the team.<\/p>  <h2>Christensen and Eric Garc\u00eda will be available against Celta<\/h2>  <p>Those who will be able to travel to Vigo along with the squad are <strong>Andreas Christensen<\/strong> and <strong>Eric Garc\u00eda<\/strong>. The Dane missed the last three games due to <strong>a mild right calf injury<\/strong>, but on Saturday he trained with the group and is expected to reappear in the Celta-Bar\u00e7a match.<\/p>  <p>**Eric**, for his part, will also be able to play at Bala\u00eddos, although he will have to do so wearing a protective mask. **The Martorell native suffered a nasal fracture** in the final minutes of the match in Bruges, but he has trained normally ahead of matchday 12 of the league.<\/p>  <p>In fact, if Kound\u00e9&#8217;s absence is confirmed, **the &#8217;24&#8217; would be the chosen one to occupy the right flank**, while Ronald Araujo and Pau Cubars\u00ed would be the center-backs. Garc\u00eda started in the last five matches, always in the heart of defense, his natural position.<\/p>  <ul> <li>\ud83d\udc49 Follow the complete coverage of&nbsp;<strong><a data-external=\"0\" data-intl-links-en=\"https:\/\/www.fcbarcelonanoticias.com\/en\/laliga.html\" data-intl-links-es=\"https:\/\/www.fcbarcelonanoticias.com\/laliga.html\" href=\"https:\/\/www.fcbarcelonanoticias.com\/en\/laliga.html\" rel=\"follow\" target=\"_self\" title=\"LaLiga\">LaLiga EA Sports 2025-26<\/a><\/strong>&nbsp;on FC Barcelona Noticias<\/li> <\/ul> <h2>Joan Garc\u00eda and Raphinha to reappear after the November break<\/h2>  <div class=\"media media-image\" data-ck-asset-wrapper=\"\"> <div class=\"media-item\"> <img loading=\"lazy\" decoding=\"async\" alt=\"Joan Garc\u00eda: Barcelona defines when the Catalan goalkeeper will return\" data-id=\"1529477\" data-resize=\"9\" height=\"563\" src=\"https:\/\/www.fcbarcelonanoticias.com\/wp-content\/uploads\/sites\/2\/2025\/11\/fcbn-4f2ccc29b2ad1f43679f3ceff59c69c5.webp\" title=\"Joan Garc\u00eda: Barcelona defines when the Catalan goalkeeper will return\" width=\"1000\"><div class=\"media-title\">Joan Garc\u00eda: Barcelona defines when the Catalan goalkeeper will return<\/div> <\/div> <\/div>  <p>Those who will indeed remain on the sidelines until after the season&#8217;s third break are Joan Garc\u00eda and Raphinha. The goalkeeper is already medically cleared to return after undergoing surgery on his left meniscus at the end of September, but the coaching staff decided to give him two more weeks of rest.In that regard, <strong>Szczesny <\/strong>will remain in goal against Celta, while for <a data-external=\"0\" data-intl-links-en=\"https:\/\/www.fcbarcelonanoticias.com\/en\/fc-barcelona\/barca-athletic-return-to-camp-nou-against-nico-williams_315079_102.html\" data-intl-links-es=\"https:\/\/www.fcbarcelonanoticias.com\/fc-barcelona\/barca-athletic-regreso-camp-nou-contra-nico-williams_315079_102.html\" href=\"https:\/\/www.fcbarcelonanoticias.com\/en\/fc-barcelona\/barca-athletic-return-to-camp-nou-against-nico-williams_315079_102.html\" rel=\"follow\" target=\"_self\" title=\"Bar\u00e7a\u2013Athletic \u00bfregreso al Camp Nou contra Nico Williams?\">the match against Athletic, on November 22<\/a>, the one from Sallent should return to the XI for the first time since matchday 6 of the League, against Oviedo. That match was also Raphinha&#8217;s last before his right thigh injury<\/p>  <p>The Brazilian was hoping to return in the Cl\u00e1sico of matchday 10, but his injury relapsed. However, there is confidence in recovering him for league matchday 13, against the Basques. <a data-external=\"0\" data-intl-links-en=\"https:\/\/www.fcbarcelonanoticias.com\/en\/fc-barcelona\/pedri-breaks-down-barcelona-confirms-midfielder-injury_315145_102.html\" data-intl-links-es=\"https:\/\/www.fcbarcelonanoticias.com\/fc-barcelona\/pedri-gonzalez-ko-comunicado-medico-barcelona-confirma-su-lesion_315145_102.html\" href=\"https:\/\/www.fcbarcelonanoticias.com\/en\/fc-barcelona\/pedri-breaks-down-barcelona-confirms-midfielder-injury_315145_102.html\" rel=\"follow\" target=\"_self\" title=\"Pedri Gonz\u00e1lez KO: Comunicado m\u00e9dico del Barcelona confirma su lesi\u00f3n\">Pedri Gonz\u00e1lez<\/a>, on the other hand, could be out until early December due to a tear in his left femoral biceps<\/p>  <p>Next month also marks the expected return of <a data-external=\"0\" data-intl-links-en=\"https:\/\/www.fcbarcelonanoticias.com\/en\/transfers\/ter-stegen-imminent-return-and-uncertain-future-in-barcelona_315034_102.html\" data-intl-links-es=\"https:\/\/www.fcbarcelonanoticias.com\/fichajes\/ter-stegen-confia-recibir-alta-medica-este-ano-no-piensa-dejar-barcelona_315034_102.html\" href=\"https:\/\/www.fcbarcelonanoticias.com\/en\/transfers\/ter-stegen-imminent-return-and-uncertain-future-in-barcelona_315034_102.html\" rel=\"follow\" target=\"_self\" title=\"Ter Stegen conf\u00eda en recibir el alta m\u00e9dica este a\u00f1o y no piensa dejar Barcelona\">Marc-Andr\u00e9 ter Stegen<\/a>. The German is in the final stages of recovery following back surgery and would be available for the last matches of 2025, as a third option in goal for the Blaugrana. <a data-external=\"0\" data-intl-links-en=\"https:\/\/www.fcbarcelonanoticias.com\/en\/fc-barcelona\/barca-injuries-to-lamine-olmo-gavi-pedri-and-fermin_315008_102.html\" data-intl-links-es=\"https:\/\/www.fcbarcelonanoticias.com\/fc-barcelona\/lamine-olmo-fermin-gavi-pedri-lesiones-espana-indignan-barca_315008_102.html\" href=\"https:\/\/www.fcbarcelonanoticias.com\/en\/fc-barcelona\/barca-injuries-to-lamine-olmo-gavi-pedri-and-fermin_315008_102.html\" rel=\"follow\" target=\"_self\" title=\"Lamine, Olmo, Ferm\u00edn, Gavi y Pedri: las lesiones con Espa\u00f1a que indignan al Bar\u00e7a\">Gavi<\/a>, on the other hand, will be out until at least February after undergoing surgery on his right meniscus<\/p>  <ul> <li>At&nbsp;<strong>FC Barcelona News<\/strong>&nbsp;we tell you every detail of the blaugrana current events and the&nbsp;<strong><a data-external=\"0\" data-intl-links-en=\"https:\/\/www.fcbarcelonanoticias.com\/en\/tags\/injured\" data-intl-links-es=\"https:\/\/www.fcbarcelonanoticias.com\/tags\/lesionados\" href=\"https:\/\/www.fcbarcelonanoticias.com\/en\/tags\/injured.html\" rel=\"follow\" target=\"_self\" title=\"Injured\">evolution of all the injured players<\/a><\/strong> <\/li> <\/ul> ","protected":false},"excerpt":{"rendered":"<p>Bar\u00e7a recovers Christensen for Matchday 12 of the League against Celta, but Kound\u00e9 is a doubt. In total, 5 Bar\u00e7a players are confirmed absentees for the visit to Bala\u00eddos FC Barcelona visits Celta this Saturday at Bala\u00eddos for matchday 12 of LaLiga EA Sports 2025\/26. Currently, Hansi Flick&#8217;s team has 5 players out due to [&hellip;]<\/p>\n","protected":false},"author":347,"featured_media":56473,"comment_status":"closed","ping_status":"open","sticky":false,"template":"","format":"standard","meta":{"_acf_changed":false,"inline_featured_image":false,"_nextfly_llmd_date_locked":false,"footnotes":""},"categories":[114,448],"tags":[61,136],"class_list":["post-56466","post","type-post","status-publish","format-standard","has-post-thumbnail","hentry","category-laliga","category-laliga-2","tag-fc-barcelona-vs-celta","tag-injured"],"acf":[],"yoast_head":"<!-- This site is optimized with the Yoast SEO plugin v27.3 - https:\/\/yoast.com\/product\/yoast-seo-wordpress\/ -->\n<title>INJURED: This is Barcelona&#039;s infirmary ahead of Celta<\/title>\n<meta name=\"description\" content=\"Bar\u00e7a recovers Christensen for Matchday 12 of the League against Celta, but Kound\u00e9 is doubtful. In total, 5 Bar\u00e7a players are confirmed absentees at Bala\u00eddos\" \/>\n<meta name=\"robots\" content=\"index, follow, max-snippet:-1, max-image-preview:large, max-video-preview:-1\" \/>\n<link rel=\"canonical\" href=\"https:\/\/www.fcbarcelonanoticias.com\/en\/laliga\/injured-this-is-barcelona-infirmary-ahead-of-celta_315215_102.html\" \/>\n<meta property=\"og:locale\" content=\"en_US\" \/>\n<meta property=\"og:type\" content=\"article\" \/>\n<meta property=\"og:title\" content=\"INJURED: This is Barcelona&#039;s infirmary ahead of Celta\" \/>\n<meta property=\"og:description\" content=\"Bar\u00e7a recovers Christensen for Matchday 12 of the League against Celta, but Kound\u00e9 is doubtful. In total, 5 Bar\u00e7a players are confirmed absentees at Bala\u00eddos\" \/>\n<meta property=\"og:url\" content=\"https:\/\/www.fcbarcelonanoticias.com\/en\/laliga\/injured-this-is-barcelona-infirmary-ahead-of-celta_315215_102.html\" \/>\n<meta property=\"og:site_name\" content=\"EN - FC Barcelona Noticias\" \/>\n<meta property=\"article:published_time\" content=\"2025-11-08T15:53:00+00:00\" \/>\n<meta property=\"article:modified_time\" content=\"2026-03-27T10:33:21+00:00\" \/>\n<meta property=\"og:image\" content=\"https:\/\/www.fcbarcelonanoticias.com\/en\/wp-content\/uploads\/sites\/2\/2025\/11\/jugadores-fc-barcelona-calentamiento-clasico-v-real-madrid.webp\" \/>\n\t<meta property=\"og:image:width\" content=\"1200\" \/>\n\t<meta property=\"og:image:height\" content=\"675\" \/>\n\t<meta property=\"og:image:type\" content=\"image\/webp\" \/>\n<meta name=\"author\" content=\"Andr\u00e9s Quiroz\" \/>\n<meta name=\"twitter:card\" content=\"summary_large_image\" \/>\n<meta name=\"twitter:label1\" content=\"Written by\" \/>\n\t<meta name=\"twitter:data1\" content=\"Andr\u00e9s Quiroz\" \/>\n\t<meta name=\"twitter:label2\" content=\"Est. reading time\" \/>\n\t<meta name=\"twitter:data2\" content=\"3 minutes\" \/>\n<script type=\"application\/ld+json\" class=\"yoast-schema-graph\">{\"@context\":\"https:\\\/\\\/schema.org\",\"@graph\":[{\"@type\":\"Article\",\"@id\":\"https:\\\/\\\/www.fcbarcelonanoticias.com\\\/en\\\/laliga\\\/injured-this-is-barcelona-infirmary-ahead-of-celta_315215_102.html#article\",\"isPartOf\":{\"@id\":\"https:\\\/\\\/www.fcbarcelonanoticias.com\\\/en\\\/laliga\\\/injured-this-is-barcelona-infirmary-ahead-of-celta_315215_102.html\"},\"author\":{\"name\":\"Andr\u00e9s Quiroz\",\"@id\":\"https:\\\/\\\/www.fcbarcelonanoticias.com\\\/en\\\/#\\\/schema\\\/person\\\/c2cd9f6fa1af5c0d0eccd0fefa575c88\"},\"headline\":\"INJURED: This is Barcelona&#8217;s infirmary ahead of Celta\",\"datePublished\":\"2025-11-08T15:53:00+00:00\",\"dateModified\":\"2026-03-27T10:33:21+00:00\",\"mainEntityOfPage\":{\"@id\":\"https:\\\/\\\/www.fcbarcelonanoticias.com\\\/en\\\/laliga\\\/injured-this-is-barcelona-infirmary-ahead-of-celta_315215_102.html\"},\"wordCount\":629,\"image\":{\"@id\":\"https:\\\/\\\/www.fcbarcelonanoticias.com\\\/en\\\/laliga\\\/injured-this-is-barcelona-infirmary-ahead-of-celta_315215_102.html#primaryimage\"},\"thumbnailUrl\":\"https:\\\/\\\/www.fcbarcelonanoticias.com\\\/en\\\/wp-content\\\/uploads\\\/sites\\\/2\\\/2025\\\/11\\\/jugadores-fc-barcelona-calentamiento-clasico-v-real-madrid.webp\",\"keywords\":[\"FC Barcelona vs Celta Vigo\",\"injured\"],\"articleSection\":[\"LaLiga\",\"LaLiga\"],\"inLanguage\":\"en-US\"},{\"@type\":\"WebPage\",\"@id\":\"https:\\\/\\\/www.fcbarcelonanoticias.com\\\/en\\\/laliga\\\/injured-this-is-barcelona-infirmary-ahead-of-celta_315215_102.html\",\"url\":\"https:\\\/\\\/www.fcbarcelonanoticias.com\\\/en\\\/laliga\\\/injured-this-is-barcelona-infirmary-ahead-of-celta_315215_102.html\",\"name\":\"INJURED: This is Barcelona's infirmary ahead of Celta\",\"isPartOf\":{\"@id\":\"https:\\\/\\\/www.fcbarcelonanoticias.com\\\/en\\\/#website\"},\"primaryImageOfPage\":{\"@id\":\"https:\\\/\\\/www.fcbarcelonanoticias.com\\\/en\\\/laliga\\\/injured-this-is-barcelona-infirmary-ahead-of-celta_315215_102.html#primaryimage\"},\"image\":{\"@id\":\"https:\\\/\\\/www.fcbarcelonanoticias.com\\\/en\\\/laliga\\\/injured-this-is-barcelona-infirmary-ahead-of-celta_315215_102.html#primaryimage\"},\"thumbnailUrl\":\"https:\\\/\\\/www.fcbarcelonanoticias.com\\\/en\\\/wp-content\\\/uploads\\\/sites\\\/2\\\/2025\\\/11\\\/jugadores-fc-barcelona-calentamiento-clasico-v-real-madrid.webp\",\"datePublished\":\"2025-11-08T15:53:00+00:00\",\"dateModified\":\"2026-03-27T10:33:21+00:00\",\"author\":{\"@id\":\"https:\\\/\\\/www.fcbarcelonanoticias.com\\\/en\\\/#\\\/schema\\\/person\\\/c2cd9f6fa1af5c0d0eccd0fefa575c88\"},\"description\":\"Bar\u00e7a recovers Christensen for Matchday 12 of the League against Celta, but Kound\u00e9 is doubtful. In total, 5 Bar\u00e7a players are confirmed absentees at Bala\u00eddos\",\"breadcrumb\":{\"@id\":\"https:\\\/\\\/www.fcbarcelonanoticias.com\\\/en\\\/laliga\\\/injured-this-is-barcelona-infirmary-ahead-of-celta_315215_102.html#breadcrumb\"},\"inLanguage\":\"en-US\",\"potentialAction\":[{\"@type\":\"ReadAction\",\"target\":[\"https:\\\/\\\/www.fcbarcelonanoticias.com\\\/en\\\/laliga\\\/injured-this-is-barcelona-infirmary-ahead-of-celta_315215_102.html\"]}]},{\"@type\":\"ImageObject\",\"inLanguage\":\"en-US\",\"@id\":\"https:\\\/\\\/www.fcbarcelonanoticias.com\\\/en\\\/laliga\\\/injured-this-is-barcelona-infirmary-ahead-of-celta_315215_102.html#primaryimage\",\"url\":\"https:\\\/\\\/www.fcbarcelonanoticias.com\\\/en\\\/wp-content\\\/uploads\\\/sites\\\/2\\\/2025\\\/11\\\/jugadores-fc-barcelona-calentamiento-clasico-v-real-madrid.webp\",\"contentUrl\":\"https:\\\/\\\/www.fcbarcelonanoticias.com\\\/en\\\/wp-content\\\/uploads\\\/sites\\\/2\\\/2025\\\/11\\\/jugadores-fc-barcelona-calentamiento-clasico-v-real-madrid.webp\",\"width\":1200,\"height\":675},{\"@type\":\"BreadcrumbList\",\"@id\":\"https:\\\/\\\/www.fcbarcelonanoticias.com\\\/en\\\/laliga\\\/injured-this-is-barcelona-infirmary-ahead-of-celta_315215_102.html#breadcrumb\",\"itemListElement\":[{\"@type\":\"ListItem\",\"position\":1,\"name\":\"Portada\",\"item\":\"https:\\\/\\\/www.fcbarcelonanoticias.com\\\/en\\\/\"},{\"@type\":\"ListItem\",\"position\":2,\"name\":\"INJURED: This is Barcelona&#8217;s infirmary ahead of Celta\"}]},{\"@type\":\"WebSite\",\"@id\":\"https:\\\/\\\/www.fcbarcelonanoticias.com\\\/en\\\/#website\",\"url\":\"https:\\\/\\\/www.fcbarcelonanoticias.com\\\/en\\\/\",\"name\":\"EN - FC Barcelona Noticias\",\"description\":\"\",\"potentialAction\":[{\"@type\":\"SearchAction\",\"target\":{\"@type\":\"EntryPoint\",\"urlTemplate\":\"https:\\\/\\\/www.fcbarcelonanoticias.com\\\/en\\\/?s={search_term_string}\"},\"query-input\":{\"@type\":\"PropertyValueSpecification\",\"valueRequired\":true,\"valueName\":\"search_term_string\"}}],\"inLanguage\":\"en-US\"},{\"@type\":\"Person\",\"@id\":\"https:\\\/\\\/www.fcbarcelonanoticias.com\\\/en\\\/#\\\/schema\\\/person\\\/c2cd9f6fa1af5c0d0eccd0fefa575c88\",\"name\":\"Andr\u00e9s Quiroz\",\"image\":{\"@type\":\"ImageObject\",\"inLanguage\":\"en-US\",\"@id\":\"https:\\\/\\\/secure.gravatar.com\\\/avatar\\\/?s=96&d=mm&r=g\",\"url\":\"https:\\\/\\\/secure.gravatar.com\\\/avatar\\\/?s=96&d=mm&r=g\",\"contentUrl\":\"https:\\\/\\\/secure.gravatar.com\\\/avatar\\\/?s=96&d=mm&r=g\",\"caption\":\"Andr\u00e9s Quiroz\"},\"description\":\"Licenciado en Periodismo por la Universidad de los Andes. Me encargo de analizar y compartir los contenidos m\u00e1s destacados de la\u00a0actualidad del F\u00fatbol Club Barcelona, Mercado de Fichajes y F\u00fatbol Internacional en FCBN. La informaci\u00f3n es poder, pero tambi\u00e9n conocimiento.\",\"url\":\"https:\\\/\\\/www.fcbarcelonanoticias.com\\\/en\\\/fc-barcelona\\\/andres-quiroz_17_115.html\"}]}<\/script>\n<!-- \/ Yoast SEO plugin. -->","yoast_head_json":{"title":"INJURED: This is Barcelona's infirmary ahead of Celta","description":"Bar\u00e7a recovers Christensen for Matchday 12 of the League against Celta, but Kound\u00e9 is doubtful. In total, 5 Bar\u00e7a players are confirmed absentees at Bala\u00eddos","robots":{"index":"index","follow":"follow","max-snippet":"max-snippet:-1","max-image-preview":"max-image-preview:large","max-video-preview":"max-video-preview:-1"},"canonical":"https:\/\/www.fcbarcelonanoticias.com\/en\/laliga\/injured-this-is-barcelona-infirmary-ahead-of-celta_315215_102.html","og_locale":"en_US","og_type":"article","og_title":"INJURED: This is Barcelona's infirmary ahead of Celta","og_description":"Bar\u00e7a recovers Christensen for Matchday 12 of the League against Celta, but Kound\u00e9 is doubtful. In total, 5 Bar\u00e7a players are confirmed absentees at Bala\u00eddos","og_url":"https:\/\/www.fcbarcelonanoticias.com\/en\/laliga\/injured-this-is-barcelona-infirmary-ahead-of-celta_315215_102.html","og_site_name":"EN - FC Barcelona Noticias","article_published_time":"2025-11-08T15:53:00+00:00","article_modified_time":"2026-03-27T10:33:21+00:00","og_image":[{"width":1200,"height":675,"url":"https:\/\/www.fcbarcelonanoticias.com\/en\/wp-content\/uploads\/sites\/2\/2025\/11\/jugadores-fc-barcelona-calentamiento-clasico-v-real-madrid.webp","type":"image\/webp"}],"author":"Andr\u00e9s Quiroz","twitter_card":"summary_large_image","twitter_misc":{"Written by":"Andr\u00e9s Quiroz","Est. reading time":"3 minutes"},"schema":{"@context":"https:\/\/schema.org","@graph":[{"@type":"Article","@id":"https:\/\/www.fcbarcelonanoticias.com\/en\/laliga\/injured-this-is-barcelona-infirmary-ahead-of-celta_315215_102.html#article","isPartOf":{"@id":"https:\/\/www.fcbarcelonanoticias.com\/en\/laliga\/injured-this-is-barcelona-infirmary-ahead-of-celta_315215_102.html"},"author":{"name":"Andr\u00e9s Quiroz","@id":"https:\/\/www.fcbarcelonanoticias.com\/en\/#\/schema\/person\/c2cd9f6fa1af5c0d0eccd0fefa575c88"},"headline":"INJURED: This is Barcelona&#8217;s infirmary ahead of Celta","datePublished":"2025-11-08T15:53:00+00:00","dateModified":"2026-03-27T10:33:21+00:00","mainEntityOfPage":{"@id":"https:\/\/www.fcbarcelonanoticias.com\/en\/laliga\/injured-this-is-barcelona-infirmary-ahead-of-celta_315215_102.html"},"wordCount":629,"image":{"@id":"https:\/\/www.fcbarcelonanoticias.com\/en\/laliga\/injured-this-is-barcelona-infirmary-ahead-of-celta_315215_102.html#primaryimage"},"thumbnailUrl":"https:\/\/www.fcbarcelonanoticias.com\/en\/wp-content\/uploads\/sites\/2\/2025\/11\/jugadores-fc-barcelona-calentamiento-clasico-v-real-madrid.webp","keywords":["FC Barcelona vs Celta Vigo","injured"],"articleSection":["LaLiga","LaLiga"],"inLanguage":"en-US"},{"@type":"WebPage","@id":"https:\/\/www.fcbarcelonanoticias.com\/en\/laliga\/injured-this-is-barcelona-infirmary-ahead-of-celta_315215_102.html","url":"https:\/\/www.fcbarcelonanoticias.com\/en\/laliga\/injured-this-is-barcelona-infirmary-ahead-of-celta_315215_102.html","name":"INJURED: This is Barcelona's infirmary ahead of Celta","isPartOf":{"@id":"https:\/\/www.fcbarcelonanoticias.com\/en\/#website"},"primaryImageOfPage":{"@id":"https:\/\/www.fcbarcelonanoticias.com\/en\/laliga\/injured-this-is-barcelona-infirmary-ahead-of-celta_315215_102.html#primaryimage"},"image":{"@id":"https:\/\/www.fcbarcelonanoticias.com\/en\/laliga\/injured-this-is-barcelona-infirmary-ahead-of-celta_315215_102.html#primaryimage"},"thumbnailUrl":"https:\/\/www.fcbarcelonanoticias.com\/en\/wp-content\/uploads\/sites\/2\/2025\/11\/jugadores-fc-barcelona-calentamiento-clasico-v-real-madrid.webp","datePublished":"2025-11-08T15:53:00+00:00","dateModified":"2026-03-27T10:33:21+00:00","author":{"@id":"https:\/\/www.fcbarcelonanoticias.com\/en\/#\/schema\/person\/c2cd9f6fa1af5c0d0eccd0fefa575c88"},"description":"Bar\u00e7a recovers Christensen for Matchday 12 of the League against Celta, but Kound\u00e9 is doubtful. In total, 5 Bar\u00e7a players are confirmed absentees at Bala\u00eddos","breadcrumb":{"@id":"https:\/\/www.fcbarcelonanoticias.com\/en\/laliga\/injured-this-is-barcelona-infirmary-ahead-of-celta_315215_102.html#breadcrumb"},"inLanguage":"en-US","potentialAction":[{"@type":"ReadAction","target":["https:\/\/www.fcbarcelonanoticias.com\/en\/laliga\/injured-this-is-barcelona-infirmary-ahead-of-celta_315215_102.html"]}]},{"@type":"ImageObject","inLanguage":"en-US","@id":"https:\/\/www.fcbarcelonanoticias.com\/en\/laliga\/injured-this-is-barcelona-infirmary-ahead-of-celta_315215_102.html#primaryimage","url":"https:\/\/www.fcbarcelonanoticias.com\/en\/wp-content\/uploads\/sites\/2\/2025\/11\/jugadores-fc-barcelona-calentamiento-clasico-v-real-madrid.webp","contentUrl":"https:\/\/www.fcbarcelonanoticias.com\/en\/wp-content\/uploads\/sites\/2\/2025\/11\/jugadores-fc-barcelona-calentamiento-clasico-v-real-madrid.webp","width":1200,"height":675},{"@type":"BreadcrumbList","@id":"https:\/\/www.fcbarcelonanoticias.com\/en\/laliga\/injured-this-is-barcelona-infirmary-ahead-of-celta_315215_102.html#breadcrumb","itemListElement":[{"@type":"ListItem","position":1,"name":"Portada","item":"https:\/\/www.fcbarcelonanoticias.com\/en\/"},{"@type":"ListItem","position":2,"name":"INJURED: This is Barcelona&#8217;s infirmary ahead of Celta"}]},{"@type":"WebSite","@id":"https:\/\/www.fcbarcelonanoticias.com\/en\/#website","url":"https:\/\/www.fcbarcelonanoticias.com\/en\/","name":"EN - FC Barcelona Noticias","description":"","potentialAction":[{"@type":"SearchAction","target":{"@type":"EntryPoint","urlTemplate":"https:\/\/www.fcbarcelonanoticias.com\/en\/?s={search_term_string}"},"query-input":{"@type":"PropertyValueSpecification","valueRequired":true,"valueName":"search_term_string"}}],"inLanguage":"en-US"},{"@type":"Person","@id":"https:\/\/www.fcbarcelonanoticias.com\/en\/#\/schema\/person\/c2cd9f6fa1af5c0d0eccd0fefa575c88","name":"Andr\u00e9s Quiroz","image":{"@type":"ImageObject","inLanguage":"en-US","@id":"https:\/\/secure.gravatar.com\/avatar\/?s=96&d=mm&r=g","url":"https:\/\/secure.gravatar.com\/avatar\/?s=96&d=mm&r=g","contentUrl":"https:\/\/secure.gravatar.com\/avatar\/?s=96&d=mm&r=g","caption":"Andr\u00e9s Quiroz"},"description":"Licenciado en Periodismo por la Universidad de los Andes. Me encargo de analizar y compartir los contenidos m\u00e1s destacados de la\u00a0actualidad del F\u00fatbol Club Barcelona, Mercado de Fichajes y F\u00fatbol Internacional en FCBN. La informaci\u00f3n es poder, pero tambi\u00e9n conocimiento.","url":"https:\/\/www.fcbarcelonanoticias.com\/en\/fc-barcelona\/andres-quiroz_17_115.html"}]}},"_links":{"self":[{"href":"https:\/\/www.fcbarcelonanoticias.com\/en\/wp-json\/wp\/v2\/posts\/56466","targetHints":{"allow":["GET"]}}],"collection":[{"href":"https:\/\/www.fcbarcelonanoticias.com\/en\/wp-json\/wp\/v2\/posts"}],"about":[{"href":"https:\/\/www.fcbarcelonanoticias.com\/en\/wp-json\/wp\/v2\/types\/post"}],"author":[{"embeddable":true,"href":"https:\/\/www.fcbarcelonanoticias.com\/en\/wp-json\/wp\/v2\/users\/347"}],"replies":[{"embeddable":true,"href":"https:\/\/www.fcbarcelonanoticias.com\/en\/wp-json\/wp\/v2\/comments?post=56466"}],"version-history":[{"count":2,"href":"https:\/\/www.fcbarcelonanoticias.com\/en\/wp-json\/wp\/v2\/posts\/56466\/revisions"}],"predecessor-version":[{"id":159250,"href":"https:\/\/www.fcbarcelonanoticias.com\/en\/wp-json\/wp\/v2\/posts\/56466\/revisions\/159250"}],"wp:featuredmedia":[{"embeddable":true,"href":"https:\/\/www.fcbarcelonanoticias.com\/en\/wp-json\/wp\/v2\/media\/56473"}],"wp:attachment":[{"href":"https:\/\/www.fcbarcelonanoticias.com\/en\/wp-json\/wp\/v2\/media?parent=56466"}],"wp:term":[{"taxonomy":"category","embeddable":true,"href":"https:\/\/www.fcbarcelonanoticias.com\/en\/wp-json\/wp\/v2\/categories?post=56466"},{"taxonomy":"post_tag","embeddable":true,"href":"https:\/\/www.fcbarcelonanoticias.com\/en\/wp-json\/wp\/v2\/tags?post=56466"}],"curies":[{"name":"wp","href":"https:\/\/api.w.org\/{rel}","templated":true}]}}