{"id":56506,"date":"2023-10-01T18:51:00","date_gmt":"2023-10-01T16:51:00","guid":{"rendered":"https:\/\/weisetech.dev\/fc-barcelona-noticias\/en\/indirect-julian-araujo-nacho-fernandez_296670_102\/"},"modified":"2023-10-01T18:51:00","modified_gmt":"2023-10-01T16:51:00","slug":"indirect-julian-araujo-nacho-fernandez_296670_102","status":"publish","type":"post","link":"https:\/\/www.fcbarcelonanoticias.com\/en\/laliga\/indirect-julian-araujo-nacho-fernandez_296670_102.html","title":{"rendered":"The &#8216;indirect&#8217; from Juli\u00e1n Araujo to Nacho Fern\u00e1ndez"},"content":{"rendered":"<h2 class=\"wp-block-heading\">The entry of Nacho Fern\u00e1ndez on Portu, in the last minute of Girona-Real Madrid, has not left anyone indifferent. Juli\u00e1n Araujo, FC Barcelona player on loan at UD Las Palmas, has been the last to &#8216;state out&#8217;<\/h2>  \r\n<div class=\"article-addons\">\r\n    <a href=\"https:\/\/www.fcbarcelonanoticias.com\/en\/calendar-fc-barcelona.html\"\r\n       target=\"_self\"\r\n       title=\"Calendar of FC Barcelona\"\r\n       class=\"blue-gredient-btn\">\r\n       \r\n        Calendar of FC Barcelona    <\/a>\r\n<\/div>   <p><strong><a data-external=\"0\" data-intl-links-en=\"https:\/\/www.fcbarcelonanoticias.com\/en\/players\/criminal-and-unnecessary-the-entrance-with-which-nacho-fernandez-went-to-the-street_296650_102.html\" data-intl-links-es=\"https:\/\/www.fcbarcelonanoticias.com\/jugadores\/criminal-innecesaria-entrada-con-nacho-fernandez-se-fue-calle_296650_102.html\" href=\"https:\/\/www.fcbarcelonanoticias.com\/en\/players\/criminal-and-unnecessary-the-entrance-with-which-nacho-fernandez-went-to-the-street_296650_102.html\" rel=\"follow\" target=\"_self\" title=\"Criminal e innecesaria: La entrada con la que Nacho Fern\u00e1ndez se fue a la calle\">Nacho Fern\u00e1ndez has been one of the protagonists<\/a> of the eighth day of LaLiga EA SPORTS 2023\/2024 after the hard entrance, to destiempo and with a lot of strength, that propin\u00f3 to Portu <\/strong>in the last minutes of the clash between the Girona and Real Madrid in Montilivi, that carried the group madridista with a lot of solvency (0-3). The central defender &#8216;marked&#8217; a party that was being very calm and without controversies.<\/p>  <p>The captain of the White House confronts to a sanction of until four parties, but will depend of the scope of the injury of Portu. &#8220;<strong>The doctors say that has the ankle and the quite affected hip. Have to do him proofs, but does not have good paints&#8221;<\/strong>, said M\u00edchel after the prartido, but to fault of the first official medical part has descartado a fracture. The next days will be key and, depending on this, the Committee of Competition will take the decision regarding the number of parties that will have to fulfil Nacho of punishment.<\/p>  <h2>Nacho remains very signalled after the fault to Portu<\/h2>  <p>The true is that the player formed in The Factory has carried an infinity of criticisms, place was an unnecessary fault when the party was more than decanted and enclosed, practically. It is not a player that commits a big number of dangerous faults, but yes that has lit the alarms. So much so in the last hours have been many the voices that have pronounced to condemn his action. <strong>Juli\u00e1n Araujo, player of the FC Barcelona that finds yielded in the UD The Palms has been the last that has &#8216;wetted&#8217; in this regard. <\/strong><\/p>  <p>The right side played in Santiago Bernab\u00e9u between week in the clash that carried the Real Madrid (2-0) and took advantage of all the controversy to light the social networks with an image in his histories of Instagram in which it has put two images of the party against the madridistas and in one of them appears in the conflict of a balloon with Nacho Fern\u00e1ndez. Without giving more details, <strong>wrote &#8220;Thank heaven&#8221;, doing reference to that it did not fall lesionado in this opportunity. <\/strong><\/p>  <blockquote class=\"twitter-tweet\"> <p dir=\"ltr\" lang=\"en\">\ud83d\udcf2| Julian Araujo on instagram.<br><br> &#8220;Thank you God. \ud83d\ude4f\u2728&#8221; <a href=\"https:\/\/t.co\/en\/zfU0bL3fUP\">pic.twitter.com\/zfu0bl3fup<\/a><\/p> \u2014 Bar\u00e7a Buzz (@Boat_Buzz) <a href=\"https:\/\/twitter.com\/en\/Barca_Buzz\/status\/1708403144953356533?ref_src=twsrc%5Etfw\">October 1, 2023<\/a> <\/blockquote> ","protected":false},"excerpt":{"rendered":"<p>The entry of Nacho Fern\u00e1ndez on Portu, in the last minute of Girona-Real Madrid, has not left anyone indifferent. Juli\u00e1n Araujo, FC Barcelona player on loan at UD Las Palmas, has been the last to &#8216;state out&#8217; Nacho Fern\u00e1ndez has been one of the protagonists of the eighth day of LaLiga EA SPORTS 2023\/2024 after [&hellip;]<\/p>\n","protected":false},"author":353,"featured_media":116370,"comment_status":"closed","ping_status":"open","sticky":false,"template":"","format":"standard","meta":{"_acf_changed":false,"inline_featured_image":false,"_nextfly_llmd_date_locked":false,"footnotes":""},"categories":[114,448],"tags":[380],"class_list":["post-56506","post","type-post","status-publish","format-standard","has-post-thumbnail","hentry","category-laliga","category-laliga-2","tag-julian-araujo"],"acf":[],"yoast_head":"<!-- This site is optimized with the Yoast SEO plugin v27.3 - https:\/\/yoast.com\/product\/yoast-seo-wordpress\/ -->\n<title>The &#039;indirect&#039; from Juli\u00e1n Araujo to Nacho Fern\u00e1ndez<\/title>\n<meta name=\"description\" content=\"The entrance of Nacho Fern\u00e1ndez on Portu, in the last minute of the Girona-Real Madrid, has not left indifferent to anybody. Juli\u00e1n Araujo, player of the FC Barcelona yielded in the UD The Palms, has been the last in &#039;pronounce&#039;\" \/>\n<meta name=\"robots\" content=\"index, follow, max-snippet:-1, max-image-preview:large, max-video-preview:-1\" \/>\n<link rel=\"canonical\" href=\"https:\/\/www.fcbarcelonanoticias.com\/en\/laliga\/indirect-julian-araujo-nacho-fernandez_296670_102.html\" \/>\n<meta property=\"og:locale\" content=\"en_US\" \/>\n<meta property=\"og:type\" content=\"article\" \/>\n<meta property=\"og:title\" content=\"The &#039;indirect&#039; from Juli\u00e1n Araujo to Nacho Fern\u00e1ndez\" \/>\n<meta property=\"og:description\" content=\"The entrance of Nacho Fern\u00e1ndez on Portu, in the last minute of the Girona-Real Madrid, has not left indifferent to anybody. Juli\u00e1n Araujo, player of the FC Barcelona yielded in the UD The Palms, has been the last in &#039;pronounce&#039;\" \/>\n<meta property=\"og:url\" content=\"https:\/\/www.fcbarcelonanoticias.com\/en\/laliga\/indirect-julian-araujo-nacho-fernandez_296670_102.html\" \/>\n<meta property=\"og:site_name\" content=\"EN - FC Barcelona Noticias\" \/>\n<meta property=\"article:published_time\" content=\"2023-10-01T16:51:00+00:00\" \/>\n<meta property=\"og:image\" content=\"https:\/\/www.fcbarcelonanoticias.com\/en\/wp-content\/uploads\/sites\/2\/2023\/10\/julian-araujo-entrenamiento-3.jpeg\" \/>\n\t<meta property=\"og:image:width\" content=\"1300\" \/>\n\t<meta property=\"og:image:height\" content=\"734\" \/>\n\t<meta property=\"og:image:type\" content=\"image\/jpeg\" \/>\n<meta name=\"author\" content=\"FC Barcelona Noticias\" \/>\n<meta name=\"twitter:card\" content=\"summary_large_image\" \/>\n<meta name=\"twitter:label1\" content=\"Written by\" \/>\n\t<meta name=\"twitter:data1\" content=\"FC Barcelona Noticias\" \/>\n\t<meta name=\"twitter:label2\" content=\"Est. reading time\" \/>\n\t<meta name=\"twitter:data2\" content=\"2 minutes\" \/>\n<script type=\"application\/ld+json\" class=\"yoast-schema-graph\">{\"@context\":\"https:\\\/\\\/schema.org\",\"@graph\":[{\"@type\":\"Article\",\"@id\":\"https:\\\/\\\/www.fcbarcelonanoticias.com\\\/en\\\/laliga\\\/indirect-julian-araujo-nacho-fernandez_296670_102.html#article\",\"isPartOf\":{\"@id\":\"https:\\\/\\\/www.fcbarcelonanoticias.com\\\/en\\\/laliga\\\/indirect-julian-araujo-nacho-fernandez_296670_102.html\"},\"author\":{\"name\":\"FC Barcelona Noticias\",\"@id\":\"https:\\\/\\\/www.fcbarcelonanoticias.com\\\/en\\\/#\\\/schema\\\/person\\\/0f2810101d27606974cdb8edb54fa54b\"},\"headline\":\"The &#8216;indirect&#8217; from Juli\u00e1n Araujo to Nacho Fern\u00e1ndez\",\"datePublished\":\"2023-10-01T16:51:00+00:00\",\"mainEntityOfPage\":{\"@id\":\"https:\\\/\\\/www.fcbarcelonanoticias.com\\\/en\\\/laliga\\\/indirect-julian-araujo-nacho-fernandez_296670_102.html\"},\"wordCount\":431,\"image\":{\"@id\":\"https:\\\/\\\/www.fcbarcelonanoticias.com\\\/en\\\/laliga\\\/indirect-julian-araujo-nacho-fernandez_296670_102.html#primaryimage\"},\"thumbnailUrl\":\"https:\\\/\\\/www.fcbarcelonanoticias.com\\\/en\\\/wp-content\\\/uploads\\\/sites\\\/2\\\/2023\\\/10\\\/julian-araujo-entrenamiento-3.jpeg\",\"keywords\":[\"Juli\u00e1n Araujo\"],\"articleSection\":[\"LaLiga\",\"LaLiga\"],\"inLanguage\":\"en-US\"},{\"@type\":\"WebPage\",\"@id\":\"https:\\\/\\\/www.fcbarcelonanoticias.com\\\/en\\\/laliga\\\/indirect-julian-araujo-nacho-fernandez_296670_102.html\",\"url\":\"https:\\\/\\\/www.fcbarcelonanoticias.com\\\/en\\\/laliga\\\/indirect-julian-araujo-nacho-fernandez_296670_102.html\",\"name\":\"The 'indirect' from Juli\u00e1n Araujo to Nacho Fern\u00e1ndez\",\"isPartOf\":{\"@id\":\"https:\\\/\\\/www.fcbarcelonanoticias.com\\\/en\\\/#website\"},\"primaryImageOfPage\":{\"@id\":\"https:\\\/\\\/www.fcbarcelonanoticias.com\\\/en\\\/laliga\\\/indirect-julian-araujo-nacho-fernandez_296670_102.html#primaryimage\"},\"image\":{\"@id\":\"https:\\\/\\\/www.fcbarcelonanoticias.com\\\/en\\\/laliga\\\/indirect-julian-araujo-nacho-fernandez_296670_102.html#primaryimage\"},\"thumbnailUrl\":\"https:\\\/\\\/www.fcbarcelonanoticias.com\\\/en\\\/wp-content\\\/uploads\\\/sites\\\/2\\\/2023\\\/10\\\/julian-araujo-entrenamiento-3.jpeg\",\"datePublished\":\"2023-10-01T16:51:00+00:00\",\"author\":{\"@id\":\"https:\\\/\\\/www.fcbarcelonanoticias.com\\\/en\\\/#\\\/schema\\\/person\\\/0f2810101d27606974cdb8edb54fa54b\"},\"description\":\"The entrance of Nacho Fern\u00e1ndez on Portu, in the last minute of the Girona-Real Madrid, has not left indifferent to anybody. Juli\u00e1n Araujo, player of the FC Barcelona yielded in the UD The Palms, has been the last in 'pronounce'\",\"breadcrumb\":{\"@id\":\"https:\\\/\\\/www.fcbarcelonanoticias.com\\\/en\\\/laliga\\\/indirect-julian-araujo-nacho-fernandez_296670_102.html#breadcrumb\"},\"inLanguage\":\"en-US\",\"potentialAction\":[{\"@type\":\"ReadAction\",\"target\":[\"https:\\\/\\\/www.fcbarcelonanoticias.com\\\/en\\\/laliga\\\/indirect-julian-araujo-nacho-fernandez_296670_102.html\"]}]},{\"@type\":\"ImageObject\",\"inLanguage\":\"en-US\",\"@id\":\"https:\\\/\\\/www.fcbarcelonanoticias.com\\\/en\\\/laliga\\\/indirect-julian-araujo-nacho-fernandez_296670_102.html#primaryimage\",\"url\":\"https:\\\/\\\/www.fcbarcelonanoticias.com\\\/en\\\/wp-content\\\/uploads\\\/sites\\\/2\\\/2023\\\/10\\\/julian-araujo-entrenamiento-3.jpeg\",\"contentUrl\":\"https:\\\/\\\/www.fcbarcelonanoticias.com\\\/en\\\/wp-content\\\/uploads\\\/sites\\\/2\\\/2023\\\/10\\\/julian-araujo-entrenamiento-3.jpeg\",\"width\":1300,\"height\":734},{\"@type\":\"BreadcrumbList\",\"@id\":\"https:\\\/\\\/www.fcbarcelonanoticias.com\\\/en\\\/laliga\\\/indirect-julian-araujo-nacho-fernandez_296670_102.html#breadcrumb\",\"itemListElement\":[{\"@type\":\"ListItem\",\"position\":1,\"name\":\"Portada\",\"item\":\"https:\\\/\\\/www.fcbarcelonanoticias.com\\\/en\\\/\"},{\"@type\":\"ListItem\",\"position\":2,\"name\":\"The &#8216;indirect&#8217; from Juli\u00e1n Araujo to Nacho Fern\u00e1ndez\"}]},{\"@type\":\"WebSite\",\"@id\":\"https:\\\/\\\/www.fcbarcelonanoticias.com\\\/en\\\/#website\",\"url\":\"https:\\\/\\\/www.fcbarcelonanoticias.com\\\/en\\\/\",\"name\":\"EN - FC Barcelona Noticias\",\"description\":\"\",\"potentialAction\":[{\"@type\":\"SearchAction\",\"target\":{\"@type\":\"EntryPoint\",\"urlTemplate\":\"https:\\\/\\\/www.fcbarcelonanoticias.com\\\/en\\\/?s={search_term_string}\"},\"query-input\":{\"@type\":\"PropertyValueSpecification\",\"valueRequired\":true,\"valueName\":\"search_term_string\"}}],\"inLanguage\":\"en-US\"},{\"@type\":\"Person\",\"@id\":\"https:\\\/\\\/www.fcbarcelonanoticias.com\\\/en\\\/#\\\/schema\\\/person\\\/0f2810101d27606974cdb8edb54fa54b\",\"name\":\"FC Barcelona Noticias\",\"image\":{\"@type\":\"ImageObject\",\"inLanguage\":\"en-US\",\"@id\":\"https:\\\/\\\/secure.gravatar.com\\\/avatar\\\/?s=96&d=mm&r=g\",\"url\":\"https:\\\/\\\/secure.gravatar.com\\\/avatar\\\/?s=96&d=mm&r=g\",\"contentUrl\":\"https:\\\/\\\/secure.gravatar.com\\\/avatar\\\/?s=96&d=mm&r=g\",\"caption\":\"FC Barcelona Noticias\"},\"url\":\"https:\\\/\\\/www.fcbarcelonanoticias.com\\\/en\\\/fc-barcelona\\\/fcbn-writing-fc-barcelona-news_6_115.html\"}]}<\/script>\n<!-- \/ Yoast SEO plugin. -->","yoast_head_json":{"title":"The 'indirect' from Juli\u00e1n Araujo to Nacho Fern\u00e1ndez","description":"The entrance of Nacho Fern\u00e1ndez on Portu, in the last minute of the Girona-Real Madrid, has not left indifferent to anybody. Juli\u00e1n Araujo, player of the FC Barcelona yielded in the UD The Palms, has been the last in 'pronounce'","robots":{"index":"index","follow":"follow","max-snippet":"max-snippet:-1","max-image-preview":"max-image-preview:large","max-video-preview":"max-video-preview:-1"},"canonical":"https:\/\/www.fcbarcelonanoticias.com\/en\/laliga\/indirect-julian-araujo-nacho-fernandez_296670_102.html","og_locale":"en_US","og_type":"article","og_title":"The 'indirect' from Juli\u00e1n Araujo to Nacho Fern\u00e1ndez","og_description":"The entrance of Nacho Fern\u00e1ndez on Portu, in the last minute of the Girona-Real Madrid, has not left indifferent to anybody. Juli\u00e1n Araujo, player of the FC Barcelona yielded in the UD The Palms, has been the last in 'pronounce'","og_url":"https:\/\/www.fcbarcelonanoticias.com\/en\/laliga\/indirect-julian-araujo-nacho-fernandez_296670_102.html","og_site_name":"EN - FC Barcelona Noticias","article_published_time":"2023-10-01T16:51:00+00:00","og_image":[{"width":1300,"height":734,"url":"https:\/\/www.fcbarcelonanoticias.com\/en\/wp-content\/uploads\/sites\/2\/2023\/10\/julian-araujo-entrenamiento-3.jpeg","type":"image\/jpeg"}],"author":"FC Barcelona Noticias","twitter_card":"summary_large_image","twitter_misc":{"Written by":"FC Barcelona Noticias","Est. reading time":"2 minutes"},"schema":{"@context":"https:\/\/schema.org","@graph":[{"@type":"Article","@id":"https:\/\/www.fcbarcelonanoticias.com\/en\/laliga\/indirect-julian-araujo-nacho-fernandez_296670_102.html#article","isPartOf":{"@id":"https:\/\/www.fcbarcelonanoticias.com\/en\/laliga\/indirect-julian-araujo-nacho-fernandez_296670_102.html"},"author":{"name":"FC Barcelona Noticias","@id":"https:\/\/www.fcbarcelonanoticias.com\/en\/#\/schema\/person\/0f2810101d27606974cdb8edb54fa54b"},"headline":"The &#8216;indirect&#8217; from Juli\u00e1n Araujo to Nacho Fern\u00e1ndez","datePublished":"2023-10-01T16:51:00+00:00","mainEntityOfPage":{"@id":"https:\/\/www.fcbarcelonanoticias.com\/en\/laliga\/indirect-julian-araujo-nacho-fernandez_296670_102.html"},"wordCount":431,"image":{"@id":"https:\/\/www.fcbarcelonanoticias.com\/en\/laliga\/indirect-julian-araujo-nacho-fernandez_296670_102.html#primaryimage"},"thumbnailUrl":"https:\/\/www.fcbarcelonanoticias.com\/en\/wp-content\/uploads\/sites\/2\/2023\/10\/julian-araujo-entrenamiento-3.jpeg","keywords":["Juli\u00e1n Araujo"],"articleSection":["LaLiga","LaLiga"],"inLanguage":"en-US"},{"@type":"WebPage","@id":"https:\/\/www.fcbarcelonanoticias.com\/en\/laliga\/indirect-julian-araujo-nacho-fernandez_296670_102.html","url":"https:\/\/www.fcbarcelonanoticias.com\/en\/laliga\/indirect-julian-araujo-nacho-fernandez_296670_102.html","name":"The 'indirect' from Juli\u00e1n Araujo to Nacho Fern\u00e1ndez","isPartOf":{"@id":"https:\/\/www.fcbarcelonanoticias.com\/en\/#website"},"primaryImageOfPage":{"@id":"https:\/\/www.fcbarcelonanoticias.com\/en\/laliga\/indirect-julian-araujo-nacho-fernandez_296670_102.html#primaryimage"},"image":{"@id":"https:\/\/www.fcbarcelonanoticias.com\/en\/laliga\/indirect-julian-araujo-nacho-fernandez_296670_102.html#primaryimage"},"thumbnailUrl":"https:\/\/www.fcbarcelonanoticias.com\/en\/wp-content\/uploads\/sites\/2\/2023\/10\/julian-araujo-entrenamiento-3.jpeg","datePublished":"2023-10-01T16:51:00+00:00","author":{"@id":"https:\/\/www.fcbarcelonanoticias.com\/en\/#\/schema\/person\/0f2810101d27606974cdb8edb54fa54b"},"description":"The entrance of Nacho Fern\u00e1ndez on Portu, in the last minute of the Girona-Real Madrid, has not left indifferent to anybody. Juli\u00e1n Araujo, player of the FC Barcelona yielded in the UD The Palms, has been the last in 'pronounce'","breadcrumb":{"@id":"https:\/\/www.fcbarcelonanoticias.com\/en\/laliga\/indirect-julian-araujo-nacho-fernandez_296670_102.html#breadcrumb"},"inLanguage":"en-US","potentialAction":[{"@type":"ReadAction","target":["https:\/\/www.fcbarcelonanoticias.com\/en\/laliga\/indirect-julian-araujo-nacho-fernandez_296670_102.html"]}]},{"@type":"ImageObject","inLanguage":"en-US","@id":"https:\/\/www.fcbarcelonanoticias.com\/en\/laliga\/indirect-julian-araujo-nacho-fernandez_296670_102.html#primaryimage","url":"https:\/\/www.fcbarcelonanoticias.com\/en\/wp-content\/uploads\/sites\/2\/2023\/10\/julian-araujo-entrenamiento-3.jpeg","contentUrl":"https:\/\/www.fcbarcelonanoticias.com\/en\/wp-content\/uploads\/sites\/2\/2023\/10\/julian-araujo-entrenamiento-3.jpeg","width":1300,"height":734},{"@type":"BreadcrumbList","@id":"https:\/\/www.fcbarcelonanoticias.com\/en\/laliga\/indirect-julian-araujo-nacho-fernandez_296670_102.html#breadcrumb","itemListElement":[{"@type":"ListItem","position":1,"name":"Portada","item":"https:\/\/www.fcbarcelonanoticias.com\/en\/"},{"@type":"ListItem","position":2,"name":"The &#8216;indirect&#8217; from Juli\u00e1n Araujo to Nacho Fern\u00e1ndez"}]},{"@type":"WebSite","@id":"https:\/\/www.fcbarcelonanoticias.com\/en\/#website","url":"https:\/\/www.fcbarcelonanoticias.com\/en\/","name":"EN - FC Barcelona Noticias","description":"","potentialAction":[{"@type":"SearchAction","target":{"@type":"EntryPoint","urlTemplate":"https:\/\/www.fcbarcelonanoticias.com\/en\/?s={search_term_string}"},"query-input":{"@type":"PropertyValueSpecification","valueRequired":true,"valueName":"search_term_string"}}],"inLanguage":"en-US"},{"@type":"Person","@id":"https:\/\/www.fcbarcelonanoticias.com\/en\/#\/schema\/person\/0f2810101d27606974cdb8edb54fa54b","name":"FC Barcelona Noticias","image":{"@type":"ImageObject","inLanguage":"en-US","@id":"https:\/\/secure.gravatar.com\/avatar\/?s=96&d=mm&r=g","url":"https:\/\/secure.gravatar.com\/avatar\/?s=96&d=mm&r=g","contentUrl":"https:\/\/secure.gravatar.com\/avatar\/?s=96&d=mm&r=g","caption":"FC Barcelona Noticias"},"url":"https:\/\/www.fcbarcelonanoticias.com\/en\/fc-barcelona\/fcbn-writing-fc-barcelona-news_6_115.html"}]}},"_links":{"self":[{"href":"https:\/\/www.fcbarcelonanoticias.com\/en\/wp-json\/wp\/v2\/posts\/56506","targetHints":{"allow":["GET"]}}],"collection":[{"href":"https:\/\/www.fcbarcelonanoticias.com\/en\/wp-json\/wp\/v2\/posts"}],"about":[{"href":"https:\/\/www.fcbarcelonanoticias.com\/en\/wp-json\/wp\/v2\/types\/post"}],"author":[{"embeddable":true,"href":"https:\/\/www.fcbarcelonanoticias.com\/en\/wp-json\/wp\/v2\/users\/353"}],"replies":[{"embeddable":true,"href":"https:\/\/www.fcbarcelonanoticias.com\/en\/wp-json\/wp\/v2\/comments?post=56506"}],"version-history":[{"count":1,"href":"https:\/\/www.fcbarcelonanoticias.com\/en\/wp-json\/wp\/v2\/posts\/56506\/revisions"}],"predecessor-version":[{"id":116369,"href":"https:\/\/www.fcbarcelonanoticias.com\/en\/wp-json\/wp\/v2\/posts\/56506\/revisions\/116369"}],"wp:featuredmedia":[{"embeddable":true,"href":"https:\/\/www.fcbarcelonanoticias.com\/en\/wp-json\/wp\/v2\/media\/116370"}],"wp:attachment":[{"href":"https:\/\/www.fcbarcelonanoticias.com\/en\/wp-json\/wp\/v2\/media?parent=56506"}],"wp:term":[{"taxonomy":"category","embeddable":true,"href":"https:\/\/www.fcbarcelonanoticias.com\/en\/wp-json\/wp\/v2\/categories?post=56506"},{"taxonomy":"post_tag","embeddable":true,"href":"https:\/\/www.fcbarcelonanoticias.com\/en\/wp-json\/wp\/v2\/tags?post=56506"}],"curies":[{"name":"wp","href":"https:\/\/api.w.org\/{rel}","templated":true}]}}