{"id":56536,"date":"2024-09-22T19:03:00","date_gmt":"2024-09-22T17:03:00","guid":{"rendered":"https:\/\/weisetech.dev\/fc-barcelona-noticias\/en\/it-alarms-eric-garcia-the-central-withdrew-by-problems-f_285995_102\/"},"modified":"2026-04-16T09:39:28","modified_gmt":"2026-04-16T07:39:28","slug":"injuries-force-fc-barcelona-to-activate-the-rotation-plan_307425_102","status":"publish","type":"post","link":"https:\/\/www.fcbarcelonanoticias.com\/en\/laliga\/injuries-force-fc-barcelona-to-activate-the-rotation-plan_307425_102.html","title":{"rendered":"Injuries force FC Barcelona to activate the &#8216;rotation plan&#8217;"},"content":{"rendered":"<h2 class=\"wp-block-heading\">Bar\u00e7a activated the rotations in Villarreal. The physical exhaustion of the squad has forced Hansi Flick to rest Alejandro Balde, Pau Cubars\u00ed and Marc Casad\u00f3 to give entry to Sergi Dom\u00ednguez, Gerard Mart\u00edn and Pablo Torre<\/h2>  \r\n<div class=\"article-addons\">\r\n    <a href=\"https:\/\/www.fcbarcelonanoticias.com\/en\/calendar-fc-barcelona.html\"\r\n       target=\"_self\"\r\n       title=\"Calendar of FC Barcelona\"\r\n       class=\"blue-gredient-btn\">\r\n       \r\n        Calendar of FC Barcelona    <\/a>\r\n<\/div>   <p><a data-external=\"0\" data-intl-links-en=\"https:\/\/www.fcbarcelonanoticias.com\/en\/tags\/injured\" data-intl-links-es=\"https:\/\/www.fcbarcelonanoticias.com\/tags\/lesionados\" href=\"https:\/\/www.fcbarcelonanoticias.com\/en\/tags\/injured.html\" rel=\"follow\" target=\"_self\" title=\"injured\">The physical exhaustion and injuries of FC Barcelona players due to the load of matches<\/a> have forced <strong>Hansi Flick <\/strong>to make his first &#8216;massive&#8217; rotation of the season. In the duel against Villarreal at La Cer\u00e1mica, the German has introduced three changes compared to the starting eleven presented in Monaco in the debut in the Champions League: <strong>Gerard Mart\u00edn for Alejandro Balde, Sergi Dom\u00ednguez for Pau Cubars\u00ed and Pablo Torre for Marc Casad\u00f3<\/strong>.<\/p>  <div class=\"cke-element cke-element--102\"><section class=\"c-related-article\"><figure class=\"c-image__fig\"><a href=\"https:\/\/www.fcbarcelonanoticias.com\/laliga\/villarreal-vs-fc-barcelona-alineaciones-confirmadas-laliga-2024-25_307422_102.html\" title=\"Alineacio\u0301n titular Barcelona contra Villarreal\" class=\"c-image__imglink\"><picture><img decoding=\"async\" src=\"https:\/\/www.fcbarcelonanoticias.com\/wp-content\/uploads\/sites\/2\/2024\/09\/fcbn-9b63ac270a8d1a3d9efecd9417d9d69d.jpeg\" alt=\"Alineacio\u0301n titular Barcelona contra Villarreal\" title=\"Alineacio\u0301n titular Barcelona contra Villarreal\" class=\"c-image__img\" width=\"1250\" height=\"730\" loading=\"lazy\"><\/picture><\/a>     <\/figure><div class=\"c-related-article__wrapper\">         <p class=\"c-related-article__avantitle\">Related<\/p>         <h4 class=\"c-related-article__title\">             <a href=\"https:\/\/www.fcbarcelonanoticias.com\/laliga\/villarreal-vs-fc-barcelona-alineaciones-confirmadas-laliga-2024-25_307422_102.html\" title=\"Villarreal vs FC Barcelona: Confirmed lineups - LaLiga 2024\/25\" class=\"c-related-article__link\">                 Villarreal vs FC Barcelona: Confirmed lineups &#8211; LaLiga 2024\/25             <\/a>         <\/h4>     <\/div> <\/section><\/div>  <p>The &#8216;3&#8217; blaugrana, a starter in 4 of the 6 <strong>LaLiga<\/strong> matches, has made his second substitution of the season, since in the third matchday of the championship against<strong> Rayo Vallecano<\/strong> he also came off the bench to the detriment of <strong>Mart\u00edn<\/strong>, who is making his second official start. For his part, <strong>Casad\u00f3<\/strong>, who ended the match in the Principality with a knock, is resting for the first time since <strong>Valladolid<\/strong>, giving way to <strong>Pablo Torre<\/strong> who starts for the first time this season.<\/p>  <h2>Pau Cubars\u00ed drops out of the list of &#8216;untouchables&#8217;<\/h2>  <p>More striking is the case of <strong>Pau Cubars\u00ed<\/strong>, who is the first &#8216;untouchable&#8217; of <strong>Hansi Flick<\/strong> to drop out of the list. Until this Sunday, September 22, the centre-back had played all six games played by <strong>Bar\u00e7a <\/strong>this season. However, due to the significant effort made in the Champions League match, the German decided to pace him out and gave way to <strong>Sergi Dom\u00ednguez<\/strong>, who only accumulated a little more than 30 minutes in the match against <strong>Valladolid <\/strong>and who made his first start of the season in <strong>Villarreal<\/strong>.<\/p> ","protected":false},"excerpt":{"rendered":"<p>Bar\u00e7a activated the rotations in Villarreal. The physical exhaustion of the squad has forced Hansi Flick to rest Alejandro Balde, Pau Cubars\u00ed and Marc Casad\u00f3 to give entry to Sergi Dom\u00ednguez, Gerard Mart\u00edn and Pablo Torre The physical exhaustion and injuries of FC Barcelona players due to the load of matches have forced Hansi Flick [&hellip;]<\/p>\n","protected":false},"author":358,"featured_media":56546,"comment_status":"closed","ping_status":"open","sticky":false,"template":"","format":"standard","meta":{"_acf_changed":false,"inline_featured_image":false,"_nextfly_llmd_date_locked":false,"footnotes":""},"categories":[114,448],"tags":[201,69,87,274],"class_list":["post-56536","post","type-post","status-publish","format-standard","has-post-thumbnail","hentry","category-laliga","category-laliga-2","tag-lineups","tag-fc-barcelona-vs-villarreal-fc","tag-hansi-flick","tag-sergi-dominguez"],"acf":[],"yoast_head":"<!-- This site is optimized with the Yoast SEO plugin v27.3 - https:\/\/yoast.com\/product\/yoast-seo-wordpress\/ -->\n<title>Injuries force FC Barcelona to activate the &#039;rotation plan&#039;<\/title>\n<meta name=\"description\" content=\"Bar\u00e7a activated the rotations in Villarreal. The physical exhaustion of the squad has forced Hansi Flick to rest Alejandro Balde, Pau Cubars\u00ed and Marc Casad\u00f3 to give entry to Sergi Dom\u00ednguez, Gerard Mart\u00edn and Pablo Torre\" \/>\n<meta name=\"robots\" content=\"index, follow, max-snippet:-1, max-image-preview:large, max-video-preview:-1\" \/>\n<link rel=\"canonical\" href=\"https:\/\/www.fcbarcelonanoticias.com\/en\/laliga\/injuries-force-fc-barcelona-to-activate-the-rotation-plan_307425_102.html\" \/>\n<meta property=\"og:locale\" content=\"en_US\" \/>\n<meta property=\"og:type\" content=\"article\" \/>\n<meta property=\"og:title\" content=\"Injuries force FC Barcelona to activate the &#039;rotation plan&#039;\" \/>\n<meta property=\"og:description\" content=\"Bar\u00e7a activated the rotations in Villarreal. The physical exhaustion of the squad has forced Hansi Flick to rest Alejandro Balde, Pau Cubars\u00ed and Marc Casad\u00f3 to give entry to Sergi Dom\u00ednguez, Gerard Mart\u00edn and Pablo Torre\" \/>\n<meta property=\"og:url\" content=\"https:\/\/www.fcbarcelonanoticias.com\/en\/laliga\/injuries-force-fc-barcelona-to-activate-the-rotation-plan_307425_102.html\" \/>\n<meta property=\"og:site_name\" content=\"EN - FC Barcelona Noticias\" \/>\n<meta property=\"article:published_time\" content=\"2024-09-22T17:03:00+00:00\" \/>\n<meta property=\"article:modified_time\" content=\"2026-04-16T07:39:28+00:00\" \/>\n<meta property=\"og:image\" content=\"https:\/\/www.fcbarcelonanoticias.com\/en\/wp-content\/uploads\/sites\/2\/2024\/09\/villarreal-cf-v-fc-barcelona-la-liga-ea-sports-1.jpeg\" \/>\n\t<meta property=\"og:image:width\" content=\"1250\" \/>\n\t<meta property=\"og:image:height\" content=\"730\" \/>\n\t<meta property=\"og:image:type\" content=\"image\/jpeg\" \/>\n<meta name=\"author\" content=\"Juan Pablo Berdugo\" \/>\n<meta name=\"twitter:card\" content=\"summary_large_image\" \/>\n<meta name=\"twitter:label1\" content=\"Written by\" \/>\n\t<meta name=\"twitter:data1\" content=\"Juan Pablo Berdugo\" \/>\n\t<meta name=\"twitter:label2\" content=\"Est. reading time\" \/>\n\t<meta name=\"twitter:data2\" content=\"2 minutes\" \/>\n<script type=\"application\/ld+json\" class=\"yoast-schema-graph\">{\"@context\":\"https:\\\/\\\/schema.org\",\"@graph\":[{\"@type\":\"Article\",\"@id\":\"https:\\\/\\\/www.fcbarcelonanoticias.com\\\/en\\\/laliga\\\/injuries-force-fc-barcelona-to-activate-the-rotation-plan_307425_102.html#article\",\"isPartOf\":{\"@id\":\"https:\\\/\\\/www.fcbarcelonanoticias.com\\\/en\\\/laliga\\\/injuries-force-fc-barcelona-to-activate-the-rotation-plan_307425_102.html\"},\"author\":{\"name\":\"Juan Pablo Berdugo\",\"@id\":\"https:\\\/\\\/www.fcbarcelonanoticias.com\\\/en\\\/#\\\/schema\\\/person\\\/88d756918a0a1ae9fa593b5edddd1815\"},\"headline\":\"Injuries force FC Barcelona to activate the &#8216;rotation plan&#8217;\",\"datePublished\":\"2024-09-22T17:03:00+00:00\",\"dateModified\":\"2026-04-16T07:39:28+00:00\",\"mainEntityOfPage\":{\"@id\":\"https:\\\/\\\/www.fcbarcelonanoticias.com\\\/en\\\/laliga\\\/injuries-force-fc-barcelona-to-activate-the-rotation-plan_307425_102.html\"},\"wordCount\":313,\"image\":{\"@id\":\"https:\\\/\\\/www.fcbarcelonanoticias.com\\\/en\\\/laliga\\\/injuries-force-fc-barcelona-to-activate-the-rotation-plan_307425_102.html#primaryimage\"},\"thumbnailUrl\":\"https:\\\/\\\/www.fcbarcelonanoticias.com\\\/en\\\/wp-content\\\/uploads\\\/sites\\\/2\\\/2024\\\/09\\\/villarreal-cf-v-fc-barcelona-la-liga-ea-sports-1.jpeg\",\"keywords\":[\"FC Barcelona Lineups\",\"FC Barcelona vs Villarreal CF\",\"Hansi Flick\",\"Sergi Dominguez\"],\"articleSection\":[\"LaLiga\",\"LaLiga\"],\"inLanguage\":\"en-US\"},{\"@type\":\"WebPage\",\"@id\":\"https:\\\/\\\/www.fcbarcelonanoticias.com\\\/en\\\/laliga\\\/injuries-force-fc-barcelona-to-activate-the-rotation-plan_307425_102.html\",\"url\":\"https:\\\/\\\/www.fcbarcelonanoticias.com\\\/en\\\/laliga\\\/injuries-force-fc-barcelona-to-activate-the-rotation-plan_307425_102.html\",\"name\":\"Injuries force FC Barcelona to activate the 'rotation plan'\",\"isPartOf\":{\"@id\":\"https:\\\/\\\/www.fcbarcelonanoticias.com\\\/en\\\/#website\"},\"primaryImageOfPage\":{\"@id\":\"https:\\\/\\\/www.fcbarcelonanoticias.com\\\/en\\\/laliga\\\/injuries-force-fc-barcelona-to-activate-the-rotation-plan_307425_102.html#primaryimage\"},\"image\":{\"@id\":\"https:\\\/\\\/www.fcbarcelonanoticias.com\\\/en\\\/laliga\\\/injuries-force-fc-barcelona-to-activate-the-rotation-plan_307425_102.html#primaryimage\"},\"thumbnailUrl\":\"https:\\\/\\\/www.fcbarcelonanoticias.com\\\/en\\\/wp-content\\\/uploads\\\/sites\\\/2\\\/2024\\\/09\\\/villarreal-cf-v-fc-barcelona-la-liga-ea-sports-1.jpeg\",\"datePublished\":\"2024-09-22T17:03:00+00:00\",\"dateModified\":\"2026-04-16T07:39:28+00:00\",\"author\":{\"@id\":\"https:\\\/\\\/www.fcbarcelonanoticias.com\\\/en\\\/#\\\/schema\\\/person\\\/88d756918a0a1ae9fa593b5edddd1815\"},\"description\":\"Bar\u00e7a activated the rotations in Villarreal. The physical exhaustion of the squad has forced Hansi Flick to rest Alejandro Balde, Pau Cubars\u00ed and Marc Casad\u00f3 to give entry to Sergi Dom\u00ednguez, Gerard Mart\u00edn and Pablo Torre\",\"breadcrumb\":{\"@id\":\"https:\\\/\\\/www.fcbarcelonanoticias.com\\\/en\\\/laliga\\\/injuries-force-fc-barcelona-to-activate-the-rotation-plan_307425_102.html#breadcrumb\"},\"inLanguage\":\"en-US\",\"potentialAction\":[{\"@type\":\"ReadAction\",\"target\":[\"https:\\\/\\\/www.fcbarcelonanoticias.com\\\/en\\\/laliga\\\/injuries-force-fc-barcelona-to-activate-the-rotation-plan_307425_102.html\"]}]},{\"@type\":\"ImageObject\",\"inLanguage\":\"en-US\",\"@id\":\"https:\\\/\\\/www.fcbarcelonanoticias.com\\\/en\\\/laliga\\\/injuries-force-fc-barcelona-to-activate-the-rotation-plan_307425_102.html#primaryimage\",\"url\":\"https:\\\/\\\/www.fcbarcelonanoticias.com\\\/en\\\/wp-content\\\/uploads\\\/sites\\\/2\\\/2024\\\/09\\\/villarreal-cf-v-fc-barcelona-la-liga-ea-sports-1.jpeg\",\"contentUrl\":\"https:\\\/\\\/www.fcbarcelonanoticias.com\\\/en\\\/wp-content\\\/uploads\\\/sites\\\/2\\\/2024\\\/09\\\/villarreal-cf-v-fc-barcelona-la-liga-ea-sports-1.jpeg\",\"width\":1250,\"height\":730},{\"@type\":\"BreadcrumbList\",\"@id\":\"https:\\\/\\\/www.fcbarcelonanoticias.com\\\/en\\\/laliga\\\/injuries-force-fc-barcelona-to-activate-the-rotation-plan_307425_102.html#breadcrumb\",\"itemListElement\":[{\"@type\":\"ListItem\",\"position\":1,\"name\":\"Portada\",\"item\":\"https:\\\/\\\/www.fcbarcelonanoticias.com\\\/en\\\/\"},{\"@type\":\"ListItem\",\"position\":2,\"name\":\"Injuries force FC Barcelona to activate the &#8216;rotation plan&#8217;\"}]},{\"@type\":\"WebSite\",\"@id\":\"https:\\\/\\\/www.fcbarcelonanoticias.com\\\/en\\\/#website\",\"url\":\"https:\\\/\\\/www.fcbarcelonanoticias.com\\\/en\\\/\",\"name\":\"EN - FC Barcelona Noticias\",\"description\":\"\",\"potentialAction\":[{\"@type\":\"SearchAction\",\"target\":{\"@type\":\"EntryPoint\",\"urlTemplate\":\"https:\\\/\\\/www.fcbarcelonanoticias.com\\\/en\\\/?s={search_term_string}\"},\"query-input\":{\"@type\":\"PropertyValueSpecification\",\"valueRequired\":true,\"valueName\":\"search_term_string\"}}],\"inLanguage\":\"en-US\"},{\"@type\":\"Person\",\"@id\":\"https:\\\/\\\/www.fcbarcelonanoticias.com\\\/en\\\/#\\\/schema\\\/person\\\/88d756918a0a1ae9fa593b5edddd1815\",\"name\":\"Juan Pablo Berdugo\",\"image\":{\"@type\":\"ImageObject\",\"inLanguage\":\"en-US\",\"@id\":\"https:\\\/\\\/secure.gravatar.com\\\/avatar\\\/?s=96&d=mm&r=g\",\"url\":\"https:\\\/\\\/secure.gravatar.com\\\/avatar\\\/?s=96&d=mm&r=g\",\"contentUrl\":\"https:\\\/\\\/secure.gravatar.com\\\/avatar\\\/?s=96&d=mm&r=g\",\"caption\":\"Juan Pablo Berdugo\"},\"description\":\"Juan Pablo Berdugo es graduado en Periodismo. Colabora con FCBN como especialista en informaci\u00f3n del primer equipo del FC Barcelona, f\u00fatbol internacional y mercado de fichajes. Destaca por su enfoque anal\u00edtico, su rigor informativo y su capacidad para detectar tendencias emergentes en el f\u00fatbol global.\",\"url\":\"https:\\\/\\\/www.fcbarcelonanoticias.com\\\/en\\\/fc-barcelona\\\/juan-pablo-berdugo_18_115.html\"}]}<\/script>\n<!-- \/ Yoast SEO plugin. -->","yoast_head_json":{"title":"Injuries force FC Barcelona to activate the 'rotation plan'","description":"Bar\u00e7a activated the rotations in Villarreal. The physical exhaustion of the squad has forced Hansi Flick to rest Alejandro Balde, Pau Cubars\u00ed and Marc Casad\u00f3 to give entry to Sergi Dom\u00ednguez, Gerard Mart\u00edn and Pablo Torre","robots":{"index":"index","follow":"follow","max-snippet":"max-snippet:-1","max-image-preview":"max-image-preview:large","max-video-preview":"max-video-preview:-1"},"canonical":"https:\/\/www.fcbarcelonanoticias.com\/en\/laliga\/injuries-force-fc-barcelona-to-activate-the-rotation-plan_307425_102.html","og_locale":"en_US","og_type":"article","og_title":"Injuries force FC Barcelona to activate the 'rotation plan'","og_description":"Bar\u00e7a activated the rotations in Villarreal. The physical exhaustion of the squad has forced Hansi Flick to rest Alejandro Balde, Pau Cubars\u00ed and Marc Casad\u00f3 to give entry to Sergi Dom\u00ednguez, Gerard Mart\u00edn and Pablo Torre","og_url":"https:\/\/www.fcbarcelonanoticias.com\/en\/laliga\/injuries-force-fc-barcelona-to-activate-the-rotation-plan_307425_102.html","og_site_name":"EN - FC Barcelona Noticias","article_published_time":"2024-09-22T17:03:00+00:00","article_modified_time":"2026-04-16T07:39:28+00:00","og_image":[{"width":1250,"height":730,"url":"https:\/\/www.fcbarcelonanoticias.com\/en\/wp-content\/uploads\/sites\/2\/2024\/09\/villarreal-cf-v-fc-barcelona-la-liga-ea-sports-1.jpeg","type":"image\/jpeg"}],"author":"Juan Pablo Berdugo","twitter_card":"summary_large_image","twitter_misc":{"Written by":"Juan Pablo Berdugo","Est. reading time":"2 minutes"},"schema":{"@context":"https:\/\/schema.org","@graph":[{"@type":"Article","@id":"https:\/\/www.fcbarcelonanoticias.com\/en\/laliga\/injuries-force-fc-barcelona-to-activate-the-rotation-plan_307425_102.html#article","isPartOf":{"@id":"https:\/\/www.fcbarcelonanoticias.com\/en\/laliga\/injuries-force-fc-barcelona-to-activate-the-rotation-plan_307425_102.html"},"author":{"name":"Juan Pablo Berdugo","@id":"https:\/\/www.fcbarcelonanoticias.com\/en\/#\/schema\/person\/88d756918a0a1ae9fa593b5edddd1815"},"headline":"Injuries force FC Barcelona to activate the &#8216;rotation plan&#8217;","datePublished":"2024-09-22T17:03:00+00:00","dateModified":"2026-04-16T07:39:28+00:00","mainEntityOfPage":{"@id":"https:\/\/www.fcbarcelonanoticias.com\/en\/laliga\/injuries-force-fc-barcelona-to-activate-the-rotation-plan_307425_102.html"},"wordCount":313,"image":{"@id":"https:\/\/www.fcbarcelonanoticias.com\/en\/laliga\/injuries-force-fc-barcelona-to-activate-the-rotation-plan_307425_102.html#primaryimage"},"thumbnailUrl":"https:\/\/www.fcbarcelonanoticias.com\/en\/wp-content\/uploads\/sites\/2\/2024\/09\/villarreal-cf-v-fc-barcelona-la-liga-ea-sports-1.jpeg","keywords":["FC Barcelona Lineups","FC Barcelona vs Villarreal CF","Hansi Flick","Sergi Dominguez"],"articleSection":["LaLiga","LaLiga"],"inLanguage":"en-US"},{"@type":"WebPage","@id":"https:\/\/www.fcbarcelonanoticias.com\/en\/laliga\/injuries-force-fc-barcelona-to-activate-the-rotation-plan_307425_102.html","url":"https:\/\/www.fcbarcelonanoticias.com\/en\/laliga\/injuries-force-fc-barcelona-to-activate-the-rotation-plan_307425_102.html","name":"Injuries force FC Barcelona to activate the 'rotation plan'","isPartOf":{"@id":"https:\/\/www.fcbarcelonanoticias.com\/en\/#website"},"primaryImageOfPage":{"@id":"https:\/\/www.fcbarcelonanoticias.com\/en\/laliga\/injuries-force-fc-barcelona-to-activate-the-rotation-plan_307425_102.html#primaryimage"},"image":{"@id":"https:\/\/www.fcbarcelonanoticias.com\/en\/laliga\/injuries-force-fc-barcelona-to-activate-the-rotation-plan_307425_102.html#primaryimage"},"thumbnailUrl":"https:\/\/www.fcbarcelonanoticias.com\/en\/wp-content\/uploads\/sites\/2\/2024\/09\/villarreal-cf-v-fc-barcelona-la-liga-ea-sports-1.jpeg","datePublished":"2024-09-22T17:03:00+00:00","dateModified":"2026-04-16T07:39:28+00:00","author":{"@id":"https:\/\/www.fcbarcelonanoticias.com\/en\/#\/schema\/person\/88d756918a0a1ae9fa593b5edddd1815"},"description":"Bar\u00e7a activated the rotations in Villarreal. The physical exhaustion of the squad has forced Hansi Flick to rest Alejandro Balde, Pau Cubars\u00ed and Marc Casad\u00f3 to give entry to Sergi Dom\u00ednguez, Gerard Mart\u00edn and Pablo Torre","breadcrumb":{"@id":"https:\/\/www.fcbarcelonanoticias.com\/en\/laliga\/injuries-force-fc-barcelona-to-activate-the-rotation-plan_307425_102.html#breadcrumb"},"inLanguage":"en-US","potentialAction":[{"@type":"ReadAction","target":["https:\/\/www.fcbarcelonanoticias.com\/en\/laliga\/injuries-force-fc-barcelona-to-activate-the-rotation-plan_307425_102.html"]}]},{"@type":"ImageObject","inLanguage":"en-US","@id":"https:\/\/www.fcbarcelonanoticias.com\/en\/laliga\/injuries-force-fc-barcelona-to-activate-the-rotation-plan_307425_102.html#primaryimage","url":"https:\/\/www.fcbarcelonanoticias.com\/en\/wp-content\/uploads\/sites\/2\/2024\/09\/villarreal-cf-v-fc-barcelona-la-liga-ea-sports-1.jpeg","contentUrl":"https:\/\/www.fcbarcelonanoticias.com\/en\/wp-content\/uploads\/sites\/2\/2024\/09\/villarreal-cf-v-fc-barcelona-la-liga-ea-sports-1.jpeg","width":1250,"height":730},{"@type":"BreadcrumbList","@id":"https:\/\/www.fcbarcelonanoticias.com\/en\/laliga\/injuries-force-fc-barcelona-to-activate-the-rotation-plan_307425_102.html#breadcrumb","itemListElement":[{"@type":"ListItem","position":1,"name":"Portada","item":"https:\/\/www.fcbarcelonanoticias.com\/en\/"},{"@type":"ListItem","position":2,"name":"Injuries force FC Barcelona to activate the &#8216;rotation plan&#8217;"}]},{"@type":"WebSite","@id":"https:\/\/www.fcbarcelonanoticias.com\/en\/#website","url":"https:\/\/www.fcbarcelonanoticias.com\/en\/","name":"EN - FC Barcelona Noticias","description":"","potentialAction":[{"@type":"SearchAction","target":{"@type":"EntryPoint","urlTemplate":"https:\/\/www.fcbarcelonanoticias.com\/en\/?s={search_term_string}"},"query-input":{"@type":"PropertyValueSpecification","valueRequired":true,"valueName":"search_term_string"}}],"inLanguage":"en-US"},{"@type":"Person","@id":"https:\/\/www.fcbarcelonanoticias.com\/en\/#\/schema\/person\/88d756918a0a1ae9fa593b5edddd1815","name":"Juan Pablo Berdugo","image":{"@type":"ImageObject","inLanguage":"en-US","@id":"https:\/\/secure.gravatar.com\/avatar\/?s=96&d=mm&r=g","url":"https:\/\/secure.gravatar.com\/avatar\/?s=96&d=mm&r=g","contentUrl":"https:\/\/secure.gravatar.com\/avatar\/?s=96&d=mm&r=g","caption":"Juan Pablo Berdugo"},"description":"Juan Pablo Berdugo es graduado en Periodismo. Colabora con FCBN como especialista en informaci\u00f3n del primer equipo del FC Barcelona, f\u00fatbol internacional y mercado de fichajes. Destaca por su enfoque anal\u00edtico, su rigor informativo y su capacidad para detectar tendencias emergentes en el f\u00fatbol global.","url":"https:\/\/www.fcbarcelonanoticias.com\/en\/fc-barcelona\/juan-pablo-berdugo_18_115.html"}]}},"_links":{"self":[{"href":"https:\/\/www.fcbarcelonanoticias.com\/en\/wp-json\/wp\/v2\/posts\/56536","targetHints":{"allow":["GET"]}}],"collection":[{"href":"https:\/\/www.fcbarcelonanoticias.com\/en\/wp-json\/wp\/v2\/posts"}],"about":[{"href":"https:\/\/www.fcbarcelonanoticias.com\/en\/wp-json\/wp\/v2\/types\/post"}],"author":[{"embeddable":true,"href":"https:\/\/www.fcbarcelonanoticias.com\/en\/wp-json\/wp\/v2\/users\/358"}],"replies":[{"embeddable":true,"href":"https:\/\/www.fcbarcelonanoticias.com\/en\/wp-json\/wp\/v2\/comments?post=56536"}],"version-history":[{"count":9,"href":"https:\/\/www.fcbarcelonanoticias.com\/en\/wp-json\/wp\/v2\/posts\/56536\/revisions"}],"predecessor-version":[{"id":178030,"href":"https:\/\/www.fcbarcelonanoticias.com\/en\/wp-json\/wp\/v2\/posts\/56536\/revisions\/178030"}],"wp:featuredmedia":[{"embeddable":true,"href":"https:\/\/www.fcbarcelonanoticias.com\/en\/wp-json\/wp\/v2\/media\/56546"}],"wp:attachment":[{"href":"https:\/\/www.fcbarcelonanoticias.com\/en\/wp-json\/wp\/v2\/media?parent=56536"}],"wp:term":[{"taxonomy":"category","embeddable":true,"href":"https:\/\/www.fcbarcelonanoticias.com\/en\/wp-json\/wp\/v2\/categories?post=56536"},{"taxonomy":"post_tag","embeddable":true,"href":"https:\/\/www.fcbarcelonanoticias.com\/en\/wp-json\/wp\/v2\/tags?post=56536"}],"curies":[{"name":"wp","href":"https:\/\/api.w.org\/{rel}","templated":true}]}}