{"id":56556,"date":"2025-08-29T21:19:00","date_gmt":"2025-08-29T19:19:00","guid":{"rendered":"https:\/\/weisetech.dev\/fc-barcelona-noticias\/en\/injuries-this-is-state-of-barcelona-infirmary-against-rayo_314490_102\/"},"modified":"2026-04-06T19:48:02","modified_gmt":"2026-04-06T17:48:02","slug":"injuries-this-is-state-of-barcelona-infirmary-against-rayo_314490_102","status":"publish","type":"post","link":"https:\/\/www.fcbarcelonanoticias.com\/en\/laliga\/injuries-this-is-state-of-barcelona-infirmary-against-rayo_314490_102.html","title":{"rendered":"INJURIES: This is the state of Bar\u00e7a&#8217;s infirmary before the match against Rayo"},"content":{"rendered":"<h2 class=\"wp-block-heading\">Gavi has withdrawn with discomfort in Friday&#8217;s training session. Will the &#8216;6&#8217; be out for the Rayo-Bar\u00e7a match? This is the state of the &#8216;cul\u00e9&#8217; infirmary two days before the visit to Vallecas<\/h2>  \r\n<div class=\"article-addons\">\r\n    <a href=\"https:\/\/www.fcbarcelonanoticias.com\/en\/calendar-fc-barcelona.html\"\r\n       target=\"_self\"\r\n       title=\"Calendar of FC Barcelona\"\r\n       class=\"blue-gredient-btn\">\r\n       \r\n        Calendar of FC Barcelona    <\/a>\r\n<\/div>   <p><b>FC Barcelona<\/b> faces its next <a data-external=\"0\" data-intl-links-en=\"https:\/\/www.fcbarcelonanoticias.com\/en\/laliga-calendar.html\" data-intl-links-es=\"https:\/\/www.fcbarcelonanoticias.com\/laliga-calendario.html\" href=\"https:\/\/www.fcbarcelonanoticias.com\/en\/laliga-calendar.html\" rel=\"follow\" target=\"_self\" title=\"LaLiga - Calendar and results\">LaLiga<\/a> match against <b>Rayo Vallecano<\/b> this Sunday in Madrid (9:30 PM CEST) without major absences due to injury. The situation has improved considerably compared to last season; the &#8216;azulgrana&#8217; team, for now, does not suffer from significant absences for their trip to Vallecas beyond the injury of <b>Marc-Andr\u00e9<\/b> <b>Ter Stegen<\/b>.<\/p>  <p>However, <b><a data-external=\"0\" data-intl-links-en=\"https:\/\/www.fcbarcelonanoticias.com\/en\/fc-barcelona\/gavi-doubtful-against-rayo-due-to-knee-discomfort_314489_102.html\" data-intl-links-es=\"https:\/\/www.fcbarcelonanoticias.com\/fc-barcelona\/gavi-preocupa-barca-molestias-rodilla-seria-duda-rayo_314489_102.html\" href=\"https:\/\/www.fcbarcelonanoticias.com\/en\/fc-barcelona\/gavi-doubtful-against-rayo-due-to-knee-discomfort_314489_102.html\" rel=\"follow\" target=\"_self\" title=\"Gavi worries Bar\u00e7a: discomfort in the knee and serious doubt against Rayo\">Gavi gave a scare during Friday&#8217;s training session<\/a>, leaving the Ciutat Esportiva with discomfort in one of his knees<\/b>. According to information leaked by the program &#8216;Tot Costa&#8217; of &#8216;Catalunya R\u00e0dio&#8217;, the midfielder will undergo tests on Saturday to evaluate the condition of his leg.<\/p>  <h2>Gavi&#8217;s knee raises alarms before the visit to Vallecas<\/h2>  <div class=\"media media-image\" data-ck-asset-wrapper=\"\"> <div class=\"media-item\"> <img loading=\"lazy\" decoding=\"async\" alt=\"Gavi, in a training session at the Ciutat Esportiva\" data-id=\"1517994\" data-resize=\"9\" height=\"563\" src=\"https:\/\/www.fcbarcelonanoticias.com\/wp-content\/uploads\/sites\/2\/2025\/09\/fcbn-039d1ad47d6e03d5f189ce2835c3f764.webp\" title=\"Gavi, in a training session at the Ciutat Esportiva\" width=\"1000\"><div class=\"media-title\">Gavi, in a training session at the Ciutat Esportiva<\/div> <\/div> <\/div>  <p>In Barcelona, they are very cautious about this due to <strong>the complete rupture of the anterior cruciate ligament in his right knee<\/strong> that the Andalusian suffered with Spain in November 2023, an injury that kept him off the field for almost a year.<\/p>  <p>Without taking many risks, Gavi was examined by the medical staff, and <b>so far, he is doubtful for the match against Rayo<\/b>, while waiting for the official medical report. For now, everything points to it being just a blow.<\/p>  <p>This would also compromise his call-up with the national team in the matches against <strong>Bulgaria and Turkey<\/strong> for the UEFA World Cup Qualifying.<\/p>  <p><strong>For now, the &#8216;azulgrana&#8217; infirmary only has two players:<\/strong><\/p>  <ol> <li> <a data-external=\"0\" data-intl-links-en=\"https:\/\/www.fcbarcelonanoticias.com\/en\/fc-barcelona\/ter-stegen-absence-help-for-barca_314112_102.html\" data-intl-links-es=\"https:\/\/www.fcbarcelonanoticias.com\/fc-barcelona\/baja-ter-stegen-ayuda-barca-conoce-detalles_314112_102.html\" href=\"https:\/\/www.fcbarcelonanoticias.com\/en\/fc-barcelona\/ter-stegen-absence-help-for-barca_314112_102.html\" rel=\"follow\" target=\"_self\" title=\"Ter Stegen's absence, a 'help' for Bar\u00e7a: Know the details\">Marc-Andr\u00e9 ter Stegen<\/a>: out due to lumbar problems. The German will be out for at least four months, after undergoing surgery in July.<\/li> \t<li> <a data-external=\"0\" data-intl-links-en=\"https:\/\/www.fcbarcelonanoticias.com\/en\/fc-barcelona\/final-stretch-for-marc-bernal-return-with-barcelona_314452_102.html\" data-intl-links-es=\"https:\/\/www.fcbarcelonanoticias.com\/fc-barcelona\/recta-final-regreso-accion-marc-bernal-con-barcelona_314452_102.html\" href=\"https:\/\/www.fcbarcelonanoticias.com\/en\/fc-barcelona\/final-stretch-for-marc-bernal-return-with-barcelona_314452_102.html\" rel=\"follow\" target=\"_self\" title=\"Marc Bernal faces the final stretch for his return with FC Barcelona\">Marc Bernal<\/a>: out due to a rupture of the anterior cruciate ligament and the external meniscus of the left knee. The midfielder already has medical clearance, but his return is scheduled for mid-September after the international break.<\/li> <\/ol> <h2><b>Ter Stegen, the only confirmed absence against Rayo; Marc Bernal feels his return<\/b><\/h2>  <p>In that sense, waiting to know the physical condition of Gavi, another who will surely not be available in Vallecas will be <b>Marc Bernal<\/b>. Despite his medical discharge, it is likely that he will not be called up by <b>Hansi Flick<\/b> until after the <b>FIFA<\/b> date, maintaining caution against a possible relapse and allowing the player to recover physically and competitively completely.<\/p>  <p>For his part, <strong>Ter Stegen continues to train apart from the group<\/strong> after the lumbar operation that will leave him out for about four months. The long-term absence of the German allowed Joan Garc\u00eda to be registered, who is expected to be an undisputed starter throughout the 25\/26 season.<\/p>  <p>The rest of the <a data-external=\"0\" data-intl-links-en=\"https:\/\/www.fcbarcelonanoticias.com\/en\/fc-barcelona-squad.html\" data-intl-links-es=\"https:\/\/www.fcbarcelonanoticias.com\/jugadores-fcbarcelona.html\" href=\"https:\/\/www.fcbarcelonanoticias.com\/en\/fc-barcelona-squad.html\" rel=\"follow\" target=\"_self\" title=\"FC Barcelona 2025-26 Squad\">Bar\u00e7a squad<\/a> is physically fit, including <strong>Robert Lewandowski<\/strong>. The Pole has overcome his discomfort in his left thigh and could start in Vallecas, after being a substitute against Levante (he came on in the 75th minute for <strong>Ferran Torres<\/strong>) and missing the match against Mallorca on matchday 1.<\/p>  <p>Hansi Flick&#8217;s team is looking for their third consecutive victory in LaLiga on the field where, just a year ago, Marc Bernal broke his left knee. In that visit to Rayo, <a data-external=\"1\" href=\"https:\/\/www.fcbarcelonanoticias.com\/en\/laliga\/lesionados-esta-enfermeria-barcelona-antes-partido-contra-rayo-vallecano_306806_102.html\" rel=\"nofollow\" target=\"_blank\" title=\"Bar\u00e7a had Ronald Araujo, Frenkie de Jong, Gavi, Ansu Fati and Andreas Christensen in their infirmary\">Bar\u00e7a had Ronald Araujo, Frenkie de Jong, Gavi, Ansu Fati and Andreas Christensen in their infirmary<\/a>, the latter an absence that allowed Dani Olmo to be registered.<\/p> ","protected":false},"excerpt":{"rendered":"<p>Gavi has withdrawn with discomfort in Friday&#8217;s training session. Will the &#8216;6&#8217; be out for the Rayo-Bar\u00e7a match? This is the state of the &#8216;cul\u00e9&#8217; infirmary two days before the visit to Vallecas FC Barcelona faces its next LaLiga match against Rayo Vallecano this Sunday in Madrid (9:30 PM CEST) without major absences due to [&hellip;]<\/p>\n","protected":false},"author":347,"featured_media":56567,"comment_status":"closed","ping_status":"open","sticky":false,"template":"","format":"standard","meta":{"_acf_changed":false,"inline_featured_image":false,"_nextfly_llmd_date_locked":false,"footnotes":""},"categories":[114,448,442],"tags":[187,87,136,388,84,188],"class_list":["post-56556","post","type-post","status-publish","format-standard","has-post-thumbnail","hentry","category-laliga","category-laliga-2","category-ter-stegen","tag-gavi","tag-hansi-flick","tag-injured","tag-marc-bernal","tag-rayo-vallecano","tag-ter-stegen"],"acf":[],"yoast_head":"<!-- This site is optimized with the Yoast SEO plugin v27.3 - https:\/\/yoast.com\/product\/yoast-seo-wordpress\/ -->\n<title>INJURIES: This is the state of Bar\u00e7a&#039;s infirmary before the match against Rayo<\/title>\n<meta name=\"description\" content=\"Gavi has withdrawn with discomfort in Friday&#039;s training session. Will he be able to play? This is the state of the &#039;cul\u00e9&#039; infirmary two days before the visit to Vallecas\" \/>\n<meta name=\"robots\" content=\"index, follow, max-snippet:-1, max-image-preview:large, max-video-preview:-1\" \/>\n<link rel=\"canonical\" href=\"https:\/\/www.fcbarcelonanoticias.com\/en\/laliga\/injuries-this-is-state-of-barcelona-infirmary-against-rayo_314490_102.html\" \/>\n<meta property=\"og:locale\" content=\"en_US\" \/>\n<meta property=\"og:type\" content=\"article\" \/>\n<meta property=\"og:title\" content=\"INJURIES: This is the state of Bar\u00e7a&#039;s infirmary before the match against Rayo\" \/>\n<meta property=\"og:description\" content=\"Gavi has withdrawn with discomfort in Friday&#039;s training session. Will he be able to play? This is the state of the &#039;cul\u00e9&#039; infirmary two days before the visit to Vallecas\" \/>\n<meta property=\"og:url\" content=\"https:\/\/www.fcbarcelonanoticias.com\/en\/laliga\/injuries-this-is-state-of-barcelona-infirmary-against-rayo_314490_102.html\" \/>\n<meta property=\"og:site_name\" content=\"EN - FC Barcelona Noticias\" \/>\n<meta property=\"article:published_time\" content=\"2025-08-29T19:19:00+00:00\" \/>\n<meta property=\"article:modified_time\" content=\"2026-04-06T17:48:02+00:00\" \/>\n<meta property=\"og:image\" content=\"https:\/\/www.fcbarcelonanoticias.com\/en\/wp-content\/uploads\/sites\/2\/2025\/08\/jugadores-fc-barcelona-v-levante-laliga.webp\" \/>\n\t<meta property=\"og:image:width\" content=\"1200\" \/>\n\t<meta property=\"og:image:height\" content=\"675\" \/>\n\t<meta property=\"og:image:type\" content=\"image\/webp\" \/>\n<meta name=\"author\" content=\"Andr\u00e9s Quiroz\" \/>\n<meta name=\"twitter:card\" content=\"summary_large_image\" \/>\n<meta name=\"twitter:label1\" content=\"Written by\" \/>\n\t<meta name=\"twitter:data1\" content=\"Andr\u00e9s Quiroz\" \/>\n\t<meta name=\"twitter:label2\" content=\"Est. reading time\" \/>\n\t<meta name=\"twitter:data2\" content=\"3 minutes\" \/>\n<script type=\"application\/ld+json\" class=\"yoast-schema-graph\">{\"@context\":\"https:\\\/\\\/schema.org\",\"@graph\":[{\"@type\":\"Article\",\"@id\":\"https:\\\/\\\/www.fcbarcelonanoticias.com\\\/en\\\/laliga\\\/injuries-this-is-state-of-barcelona-infirmary-against-rayo_314490_102.html#article\",\"isPartOf\":{\"@id\":\"https:\\\/\\\/www.fcbarcelonanoticias.com\\\/en\\\/laliga\\\/injuries-this-is-state-of-barcelona-infirmary-against-rayo_314490_102.html\"},\"author\":{\"name\":\"Andr\u00e9s Quiroz\",\"@id\":\"https:\\\/\\\/www.fcbarcelonanoticias.com\\\/en\\\/#\\\/schema\\\/person\\\/c2cd9f6fa1af5c0d0eccd0fefa575c88\"},\"headline\":\"INJURIES: This is the state of Bar\u00e7a&#8217;s infirmary before the match against Rayo\",\"datePublished\":\"2025-08-29T19:19:00+00:00\",\"dateModified\":\"2026-04-06T17:48:02+00:00\",\"mainEntityOfPage\":{\"@id\":\"https:\\\/\\\/www.fcbarcelonanoticias.com\\\/en\\\/laliga\\\/injuries-this-is-state-of-barcelona-infirmary-against-rayo_314490_102.html\"},\"wordCount\":579,\"image\":{\"@id\":\"https:\\\/\\\/www.fcbarcelonanoticias.com\\\/en\\\/laliga\\\/injuries-this-is-state-of-barcelona-infirmary-against-rayo_314490_102.html#primaryimage\"},\"thumbnailUrl\":\"https:\\\/\\\/www.fcbarcelonanoticias.com\\\/en\\\/wp-content\\\/uploads\\\/sites\\\/2\\\/2025\\\/08\\\/jugadores-fc-barcelona-v-levante-laliga.webp\",\"keywords\":[\"Gavi\",\"Hansi Flick\",\"injured\",\"Marc Bernal\",\"Rayo Vallecano\",\"Ter Stegen\"],\"articleSection\":[\"LaLiga\",\"LaLiga\",\"Ter Stegen\"],\"inLanguage\":\"en-US\"},{\"@type\":\"WebPage\",\"@id\":\"https:\\\/\\\/www.fcbarcelonanoticias.com\\\/en\\\/laliga\\\/injuries-this-is-state-of-barcelona-infirmary-against-rayo_314490_102.html\",\"url\":\"https:\\\/\\\/www.fcbarcelonanoticias.com\\\/en\\\/laliga\\\/injuries-this-is-state-of-barcelona-infirmary-against-rayo_314490_102.html\",\"name\":\"INJURIES: This is the state of Bar\u00e7a's infirmary before the match against Rayo\",\"isPartOf\":{\"@id\":\"https:\\\/\\\/www.fcbarcelonanoticias.com\\\/en\\\/#website\"},\"primaryImageOfPage\":{\"@id\":\"https:\\\/\\\/www.fcbarcelonanoticias.com\\\/en\\\/laliga\\\/injuries-this-is-state-of-barcelona-infirmary-against-rayo_314490_102.html#primaryimage\"},\"image\":{\"@id\":\"https:\\\/\\\/www.fcbarcelonanoticias.com\\\/en\\\/laliga\\\/injuries-this-is-state-of-barcelona-infirmary-against-rayo_314490_102.html#primaryimage\"},\"thumbnailUrl\":\"https:\\\/\\\/www.fcbarcelonanoticias.com\\\/en\\\/wp-content\\\/uploads\\\/sites\\\/2\\\/2025\\\/08\\\/jugadores-fc-barcelona-v-levante-laliga.webp\",\"datePublished\":\"2025-08-29T19:19:00+00:00\",\"dateModified\":\"2026-04-06T17:48:02+00:00\",\"author\":{\"@id\":\"https:\\\/\\\/www.fcbarcelonanoticias.com\\\/en\\\/#\\\/schema\\\/person\\\/c2cd9f6fa1af5c0d0eccd0fefa575c88\"},\"description\":\"Gavi has withdrawn with discomfort in Friday's training session. Will he be able to play? This is the state of the 'cul\u00e9' infirmary two days before the visit to Vallecas\",\"breadcrumb\":{\"@id\":\"https:\\\/\\\/www.fcbarcelonanoticias.com\\\/en\\\/laliga\\\/injuries-this-is-state-of-barcelona-infirmary-against-rayo_314490_102.html#breadcrumb\"},\"inLanguage\":\"en-US\",\"potentialAction\":[{\"@type\":\"ReadAction\",\"target\":[\"https:\\\/\\\/www.fcbarcelonanoticias.com\\\/en\\\/laliga\\\/injuries-this-is-state-of-barcelona-infirmary-against-rayo_314490_102.html\"]}]},{\"@type\":\"ImageObject\",\"inLanguage\":\"en-US\",\"@id\":\"https:\\\/\\\/www.fcbarcelonanoticias.com\\\/en\\\/laliga\\\/injuries-this-is-state-of-barcelona-infirmary-against-rayo_314490_102.html#primaryimage\",\"url\":\"https:\\\/\\\/www.fcbarcelonanoticias.com\\\/en\\\/wp-content\\\/uploads\\\/sites\\\/2\\\/2025\\\/08\\\/jugadores-fc-barcelona-v-levante-laliga.webp\",\"contentUrl\":\"https:\\\/\\\/www.fcbarcelonanoticias.com\\\/en\\\/wp-content\\\/uploads\\\/sites\\\/2\\\/2025\\\/08\\\/jugadores-fc-barcelona-v-levante-laliga.webp\",\"width\":1200,\"height\":675},{\"@type\":\"BreadcrumbList\",\"@id\":\"https:\\\/\\\/www.fcbarcelonanoticias.com\\\/en\\\/laliga\\\/injuries-this-is-state-of-barcelona-infirmary-against-rayo_314490_102.html#breadcrumb\",\"itemListElement\":[{\"@type\":\"ListItem\",\"position\":1,\"name\":\"Portada\",\"item\":\"https:\\\/\\\/www.fcbarcelonanoticias.com\\\/en\\\/\"},{\"@type\":\"ListItem\",\"position\":2,\"name\":\"INJURIES: This is the state of Bar\u00e7a&#8217;s infirmary before the match against Rayo\"}]},{\"@type\":\"WebSite\",\"@id\":\"https:\\\/\\\/www.fcbarcelonanoticias.com\\\/en\\\/#website\",\"url\":\"https:\\\/\\\/www.fcbarcelonanoticias.com\\\/en\\\/\",\"name\":\"EN - FC Barcelona Noticias\",\"description\":\"\",\"potentialAction\":[{\"@type\":\"SearchAction\",\"target\":{\"@type\":\"EntryPoint\",\"urlTemplate\":\"https:\\\/\\\/www.fcbarcelonanoticias.com\\\/en\\\/?s={search_term_string}\"},\"query-input\":{\"@type\":\"PropertyValueSpecification\",\"valueRequired\":true,\"valueName\":\"search_term_string\"}}],\"inLanguage\":\"en-US\"},{\"@type\":\"Person\",\"@id\":\"https:\\\/\\\/www.fcbarcelonanoticias.com\\\/en\\\/#\\\/schema\\\/person\\\/c2cd9f6fa1af5c0d0eccd0fefa575c88\",\"name\":\"Andr\u00e9s Quiroz\",\"image\":{\"@type\":\"ImageObject\",\"inLanguage\":\"en-US\",\"@id\":\"https:\\\/\\\/secure.gravatar.com\\\/avatar\\\/?s=96&d=mm&r=g\",\"url\":\"https:\\\/\\\/secure.gravatar.com\\\/avatar\\\/?s=96&d=mm&r=g\",\"contentUrl\":\"https:\\\/\\\/secure.gravatar.com\\\/avatar\\\/?s=96&d=mm&r=g\",\"caption\":\"Andr\u00e9s Quiroz\"},\"description\":\"Licenciado en Periodismo por la Universidad de los Andes. Me encargo de analizar y compartir los contenidos m\u00e1s destacados de la\u00a0actualidad del F\u00fatbol Club Barcelona, Mercado de Fichajes y F\u00fatbol Internacional en FCBN. La informaci\u00f3n es poder, pero tambi\u00e9n conocimiento.\",\"url\":\"https:\\\/\\\/www.fcbarcelonanoticias.com\\\/en\\\/fc-barcelona\\\/andres-quiroz_17_115.html\"}]}<\/script>\n<!-- \/ Yoast SEO plugin. -->","yoast_head_json":{"title":"INJURIES: This is the state of Bar\u00e7a's infirmary before the match against Rayo","description":"Gavi has withdrawn with discomfort in Friday's training session. Will he be able to play? This is the state of the 'cul\u00e9' infirmary two days before the visit to Vallecas","robots":{"index":"index","follow":"follow","max-snippet":"max-snippet:-1","max-image-preview":"max-image-preview:large","max-video-preview":"max-video-preview:-1"},"canonical":"https:\/\/www.fcbarcelonanoticias.com\/en\/laliga\/injuries-this-is-state-of-barcelona-infirmary-against-rayo_314490_102.html","og_locale":"en_US","og_type":"article","og_title":"INJURIES: This is the state of Bar\u00e7a's infirmary before the match against Rayo","og_description":"Gavi has withdrawn with discomfort in Friday's training session. Will he be able to play? This is the state of the 'cul\u00e9' infirmary two days before the visit to Vallecas","og_url":"https:\/\/www.fcbarcelonanoticias.com\/en\/laliga\/injuries-this-is-state-of-barcelona-infirmary-against-rayo_314490_102.html","og_site_name":"EN - FC Barcelona Noticias","article_published_time":"2025-08-29T19:19:00+00:00","article_modified_time":"2026-04-06T17:48:02+00:00","og_image":[{"width":1200,"height":675,"url":"https:\/\/www.fcbarcelonanoticias.com\/en\/wp-content\/uploads\/sites\/2\/2025\/08\/jugadores-fc-barcelona-v-levante-laliga.webp","type":"image\/webp"}],"author":"Andr\u00e9s Quiroz","twitter_card":"summary_large_image","twitter_misc":{"Written by":"Andr\u00e9s Quiroz","Est. reading time":"3 minutes"},"schema":{"@context":"https:\/\/schema.org","@graph":[{"@type":"Article","@id":"https:\/\/www.fcbarcelonanoticias.com\/en\/laliga\/injuries-this-is-state-of-barcelona-infirmary-against-rayo_314490_102.html#article","isPartOf":{"@id":"https:\/\/www.fcbarcelonanoticias.com\/en\/laliga\/injuries-this-is-state-of-barcelona-infirmary-against-rayo_314490_102.html"},"author":{"name":"Andr\u00e9s Quiroz","@id":"https:\/\/www.fcbarcelonanoticias.com\/en\/#\/schema\/person\/c2cd9f6fa1af5c0d0eccd0fefa575c88"},"headline":"INJURIES: This is the state of Bar\u00e7a&#8217;s infirmary before the match against Rayo","datePublished":"2025-08-29T19:19:00+00:00","dateModified":"2026-04-06T17:48:02+00:00","mainEntityOfPage":{"@id":"https:\/\/www.fcbarcelonanoticias.com\/en\/laliga\/injuries-this-is-state-of-barcelona-infirmary-against-rayo_314490_102.html"},"wordCount":579,"image":{"@id":"https:\/\/www.fcbarcelonanoticias.com\/en\/laliga\/injuries-this-is-state-of-barcelona-infirmary-against-rayo_314490_102.html#primaryimage"},"thumbnailUrl":"https:\/\/www.fcbarcelonanoticias.com\/en\/wp-content\/uploads\/sites\/2\/2025\/08\/jugadores-fc-barcelona-v-levante-laliga.webp","keywords":["Gavi","Hansi Flick","injured","Marc Bernal","Rayo Vallecano","Ter Stegen"],"articleSection":["LaLiga","LaLiga","Ter Stegen"],"inLanguage":"en-US"},{"@type":"WebPage","@id":"https:\/\/www.fcbarcelonanoticias.com\/en\/laliga\/injuries-this-is-state-of-barcelona-infirmary-against-rayo_314490_102.html","url":"https:\/\/www.fcbarcelonanoticias.com\/en\/laliga\/injuries-this-is-state-of-barcelona-infirmary-against-rayo_314490_102.html","name":"INJURIES: This is the state of Bar\u00e7a's infirmary before the match against Rayo","isPartOf":{"@id":"https:\/\/www.fcbarcelonanoticias.com\/en\/#website"},"primaryImageOfPage":{"@id":"https:\/\/www.fcbarcelonanoticias.com\/en\/laliga\/injuries-this-is-state-of-barcelona-infirmary-against-rayo_314490_102.html#primaryimage"},"image":{"@id":"https:\/\/www.fcbarcelonanoticias.com\/en\/laliga\/injuries-this-is-state-of-barcelona-infirmary-against-rayo_314490_102.html#primaryimage"},"thumbnailUrl":"https:\/\/www.fcbarcelonanoticias.com\/en\/wp-content\/uploads\/sites\/2\/2025\/08\/jugadores-fc-barcelona-v-levante-laliga.webp","datePublished":"2025-08-29T19:19:00+00:00","dateModified":"2026-04-06T17:48:02+00:00","author":{"@id":"https:\/\/www.fcbarcelonanoticias.com\/en\/#\/schema\/person\/c2cd9f6fa1af5c0d0eccd0fefa575c88"},"description":"Gavi has withdrawn with discomfort in Friday's training session. Will he be able to play? This is the state of the 'cul\u00e9' infirmary two days before the visit to Vallecas","breadcrumb":{"@id":"https:\/\/www.fcbarcelonanoticias.com\/en\/laliga\/injuries-this-is-state-of-barcelona-infirmary-against-rayo_314490_102.html#breadcrumb"},"inLanguage":"en-US","potentialAction":[{"@type":"ReadAction","target":["https:\/\/www.fcbarcelonanoticias.com\/en\/laliga\/injuries-this-is-state-of-barcelona-infirmary-against-rayo_314490_102.html"]}]},{"@type":"ImageObject","inLanguage":"en-US","@id":"https:\/\/www.fcbarcelonanoticias.com\/en\/laliga\/injuries-this-is-state-of-barcelona-infirmary-against-rayo_314490_102.html#primaryimage","url":"https:\/\/www.fcbarcelonanoticias.com\/en\/wp-content\/uploads\/sites\/2\/2025\/08\/jugadores-fc-barcelona-v-levante-laliga.webp","contentUrl":"https:\/\/www.fcbarcelonanoticias.com\/en\/wp-content\/uploads\/sites\/2\/2025\/08\/jugadores-fc-barcelona-v-levante-laliga.webp","width":1200,"height":675},{"@type":"BreadcrumbList","@id":"https:\/\/www.fcbarcelonanoticias.com\/en\/laliga\/injuries-this-is-state-of-barcelona-infirmary-against-rayo_314490_102.html#breadcrumb","itemListElement":[{"@type":"ListItem","position":1,"name":"Portada","item":"https:\/\/www.fcbarcelonanoticias.com\/en\/"},{"@type":"ListItem","position":2,"name":"INJURIES: This is the state of Bar\u00e7a&#8217;s infirmary before the match against Rayo"}]},{"@type":"WebSite","@id":"https:\/\/www.fcbarcelonanoticias.com\/en\/#website","url":"https:\/\/www.fcbarcelonanoticias.com\/en\/","name":"EN - FC Barcelona Noticias","description":"","potentialAction":[{"@type":"SearchAction","target":{"@type":"EntryPoint","urlTemplate":"https:\/\/www.fcbarcelonanoticias.com\/en\/?s={search_term_string}"},"query-input":{"@type":"PropertyValueSpecification","valueRequired":true,"valueName":"search_term_string"}}],"inLanguage":"en-US"},{"@type":"Person","@id":"https:\/\/www.fcbarcelonanoticias.com\/en\/#\/schema\/person\/c2cd9f6fa1af5c0d0eccd0fefa575c88","name":"Andr\u00e9s Quiroz","image":{"@type":"ImageObject","inLanguage":"en-US","@id":"https:\/\/secure.gravatar.com\/avatar\/?s=96&d=mm&r=g","url":"https:\/\/secure.gravatar.com\/avatar\/?s=96&d=mm&r=g","contentUrl":"https:\/\/secure.gravatar.com\/avatar\/?s=96&d=mm&r=g","caption":"Andr\u00e9s Quiroz"},"description":"Licenciado en Periodismo por la Universidad de los Andes. Me encargo de analizar y compartir los contenidos m\u00e1s destacados de la\u00a0actualidad del F\u00fatbol Club Barcelona, Mercado de Fichajes y F\u00fatbol Internacional en FCBN. La informaci\u00f3n es poder, pero tambi\u00e9n conocimiento.","url":"https:\/\/www.fcbarcelonanoticias.com\/en\/fc-barcelona\/andres-quiroz_17_115.html"}]}},"_links":{"self":[{"href":"https:\/\/www.fcbarcelonanoticias.com\/en\/wp-json\/wp\/v2\/posts\/56556","targetHints":{"allow":["GET"]}}],"collection":[{"href":"https:\/\/www.fcbarcelonanoticias.com\/en\/wp-json\/wp\/v2\/posts"}],"about":[{"href":"https:\/\/www.fcbarcelonanoticias.com\/en\/wp-json\/wp\/v2\/types\/post"}],"author":[{"embeddable":true,"href":"https:\/\/www.fcbarcelonanoticias.com\/en\/wp-json\/wp\/v2\/users\/347"}],"replies":[{"embeddable":true,"href":"https:\/\/www.fcbarcelonanoticias.com\/en\/wp-json\/wp\/v2\/comments?post=56556"}],"version-history":[{"count":2,"href":"https:\/\/www.fcbarcelonanoticias.com\/en\/wp-json\/wp\/v2\/posts\/56556\/revisions"}],"predecessor-version":[{"id":159253,"href":"https:\/\/www.fcbarcelonanoticias.com\/en\/wp-json\/wp\/v2\/posts\/56556\/revisions\/159253"}],"wp:featuredmedia":[{"embeddable":true,"href":"https:\/\/www.fcbarcelonanoticias.com\/en\/wp-json\/wp\/v2\/media\/56567"}],"wp:attachment":[{"href":"https:\/\/www.fcbarcelonanoticias.com\/en\/wp-json\/wp\/v2\/media?parent=56556"}],"wp:term":[{"taxonomy":"category","embeddable":true,"href":"https:\/\/www.fcbarcelonanoticias.com\/en\/wp-json\/wp\/v2\/categories?post=56556"},{"taxonomy":"post_tag","embeddable":true,"href":"https:\/\/www.fcbarcelonanoticias.com\/en\/wp-json\/wp\/v2\/tags?post=56556"}],"curies":[{"name":"wp","href":"https:\/\/api.w.org\/{rel}","templated":true}]}}