{"id":56696,"date":"2025-12-20T18:29:00","date_gmt":"2025-12-20T17:29:00","guid":{"rendered":"https:\/\/weisetech.dev\/fc-barcelona-noticias\/en\/injured-this-is-barcelona-infirmary-ahead-of-villarreal_315582_102\/"},"modified":"2025-12-21T15:45:00","modified_gmt":"2025-12-21T14:45:00","slug":"injured-this-is-barcelona-infirmary-ahead-of-villarreal_315582_102","status":"publish","type":"post","link":"https:\/\/www.fcbarcelonanoticias.com\/en\/laliga\/injured-this-is-barcelona-infirmary-ahead-of-villarreal_315582_102.html","title":{"rendered":"INJURED: This is Barcelona&#8217;s infirmary against Villarreal"},"content":{"rendered":"<h2 class=\"wp-block-heading\">Bar\u00e7a confirmed this Saturday the absence of Pedri against Villarreal. With the midfielder&#8217;s injury, Hansi Flick will not be able to count on a total of four players against the &#8216;Yellow Submarine&#8217;<\/h2>  \r\n<div class=\"article-addons\">\r\n    <a href=\"https:\/\/www.fcbarcelonanoticias.com\/en\/calendar-fc-barcelona.html\"\r\n       target=\"_self\"\r\n       title=\"Calendar of FC Barcelona\"\r\n       class=\"blue-gredient-btn\">\r\n       \r\n        Calendar of FC Barcelona    <\/a>\r\n<\/div>   <p><strong>FC Barcelona<\/strong> closes out 2025 this Sunday with a visit to <strong>Villarreal<\/strong> (16:15 CEST). The Catalan team arrives at <a data-external=\"0\" data-intl-links-en=\"https:\/\/www.fcbarcelonanoticias.com\/en\/laliga\/villarreal-barcelona-schedule-and-tv-laliga-2025-26-md17_315284_102.html\" data-intl-links-es=\"https:\/\/www.fcbarcelonanoticias.com\/laliga\/horario-tv-villarreal-barcelona-laliga-2025-26-j17_315284_102.html\" href=\"https:\/\/www.fcbarcelonanoticias.com\/en\/fc-barcelona\/laliga\/villarreal-barcelona-schedule-and-tv-laliga-2025-26-md17_315284_102.html\" rel=\"follow\" target=\"_self\" title=\"Horario y TV del Villarreal - Barcelona: LaLiga 2025\/26 J17\">LaLiga matchday 17<\/a> as leader with a 4-point advantage over Real Madrid, but will be without a total of four players at La Cer\u00e1mica, three of them due to injury.<\/p>  <p>On Saturday, <a data-external=\"0\" data-intl-links-en=\"https:\/\/www.fcbarcelonanoticias.com\/en\/laliga\/flick-confirms-pedri-absence-and-reveals-his-future-at-barca_315581_102.html\" data-intl-links-es=\"https:\/\/www.fcbarcelonanoticias.com\/laliga\/flick-confirma-baja-pedri-villarreal-desvela-clave-renovacion-con-barca_315581_102.html\" href=\"https:\/\/www.fcbarcelonanoticias.com\/en\/laliga\/flick-confirms-pedri-absence-and-reveals-his-future-at-barca_315581_102.html\" rel=\"follow\" target=\"_self\" title=\"Flick confirma la baja de Pedri ante Villarreal y desvela la clave de su renovaci\u00f3n con el Bar\u00e7a\">Hansi Flick<\/a> confirmed Pedri Gonz\u00e1lez&#8217;s absence against the &#8216;Yellow Submarine&#8217;. The midfielder is suffering from <a data-external=\"0\" data-intl-links-en=\"https:\/\/www.fcbarcelonanoticias.com\/en\/fc-barcelona\/pedri-worries-before-villarreal-barca-due-to-discomfort_315576_102.html\" data-intl-links-es=\"https:\/\/www.fcbarcelonanoticias.com\/fc-barcelona\/pedri-entrenamiento-duda-villarreal-barca_315576_102.html\" href=\"https:\/\/www.fcbarcelonanoticias.com\/en\/fc-barcelona\/pedri-worries-before-villarreal-barca-due-to-discomfort_315576_102.html\" rel=\"follow\" target=\"_self\" title=\"Pedri no se entrena con el grupo: \u00bfPeligra para el Villarreal - Bar\u00e7a?\">discomfort in his left calf<\/a> and, given the risk of a considerable hamstring injury, the club has preferred to keep him sidelined.&#8221;Pedri will miss the match against Villarreal CF as a precaution, due to mild muscle discomfort. <strong>The player is expected to be available for the next match<\/strong> against RCD Espanyol,&#8221; details the <a data-external=\"1\" href=\"https:\/\/x.com\/en\/FCBarcelona_es\/status\/2002409828900303042\" rel=\"nofollow\" target=\"_blank\" title=\"Comunicado del Bar\u00e7a - Pedri baja ante el Villarreal\">statement<\/a> shared by Bar\u00e7a on their social media.<\/p>  <p>The Tegueste native was a substitute on Tuesday against Guadalajara, but played 15 minutes in the second half. In October, he suffered <a data-external=\"0\" data-intl-links-en=\"https:\/\/www.fcbarcelonanoticias.com\/en\/fc-barcelona\/pedri-breaks-down-barcelona-confirms-midfielder-injury_315145_102.html\" data-intl-links-es=\"https:\/\/www.fcbarcelonanoticias.com\/fc-barcelona\/pedri-gonzalez-ko-comunicado-medico-barcelona-confirma-su-lesion_315145_102.html\" href=\"https:\/\/www.fcbarcelonanoticias.com\/en\/fc-barcelona\/pedri-breaks-down-barcelona-confirms-midfielder-injury_315145_102.html\" rel=\"follow\" target=\"_self\" title=\"Pedri Gonz\u00e1lez KO: Comunicado m\u00e9dico del Barcelona confirma su lesi\u00f3n\">a right thigh injury<\/a> that kept him out for a month, which is why Bar\u00e7a prefers to rest the midfielder so he arrives in optimal condition for January.<\/p>  <h2>Dani Olmo and Ronald Araujo will also not be available against Villarreal<\/h2>  <p>Another of the injured players for LaLiga matchday 17 is Dani Olmo. The Terrassa native suffered a **dislocation of his left shoulder** against Atl\u00e9tico de Madrid on December 2nd and will be out of action until early 2026. Although it is unlikely he will be medically cleared for the match against Espanyol (January 3rd), the coaching staff is confident they will have the attacking midfielder available for the Spanish Super Cup.<\/p>  <p>Prior to his shoulder injury, <strong>Olmo scored 4 goals and provided 2 assists in 17 games (958 minutes)<\/strong>. He ended up getting injured right after scoring his fourth goal of the season and has already missed 8 games in 25\/26 due to muscle problems.<\/p>  <p>Ronald Araujo will also not be available against Villarreal. The center-back asked the club for a special leave to step away from the squad after his expulsion against Chelsea in the Champions League on November 25.<\/p>  <p>The &#8216;charr\u00faa&#8217;s&#8217; low spirits led him to travel to the Holy Land to regain his confidence, and the &#8216;4&#8217; is expected to return to work on December 29, after spending Christmas with his family. This season, <strong>Araujo played 886 minutes in 15 games (9 as a starter)<\/strong> in which he scored a couple of goals.<\/p>  <h2>Gavi, Bar\u00e7a&#8217;s Only Serious Injury Concern at the Close of 2025<\/h2>  <p>Heading into the last match of 2025, <strong>Pablo Gavi<\/strong> is Barcelona&#8217;s only serious absentee. The Andalusian is progressing in his recovery from his right knee, which underwent <strong>arthroscopy<\/strong> at the end of last September to alleviate meniscus discomfort.<\/p>  <p>In principle, the &#8216;6&#8217; will be out until the end of February or early March, although Gavi&#8217;s goal is to <strong>be available for a potential Champions League playoff<\/strong> in mid-February. Before relapsing with his knee problems, the midfielder accumulated 66 minutes of action in the first two league matchdays, coming on as a substitute against Mallorca (0-3) and Levante (2-3).<\/p>  <p>Ter Stegen was also sidelined for four months after back surgery, but received medical clearance this month and already played his first match of the season against Guadalajara, in the Copa del Rey debut.<\/p> ","protected":false},"excerpt":{"rendered":"<p>Bar\u00e7a confirmed this Saturday the absence of Pedri against Villarreal. With the midfielder&#8217;s injury, Hansi Flick will not be able to count on a total of four players against the &#8216;Yellow Submarine&#8217; FC Barcelona closes out 2025 this Sunday with a visit to Villarreal (16:15 CEST). The Catalan team arrives at LaLiga matchday 17 as [&hellip;]<\/p>\n","protected":false},"author":347,"featured_media":56701,"comment_status":"closed","ping_status":"open","sticky":false,"template":"","format":"standard","meta":{"_acf_changed":false,"inline_featured_image":false,"_nextfly_llmd_date_locked":false,"footnotes":""},"categories":[448,114],"tags":[249,275,69,187,87,136,149,464,460,285],"class_list":["post-56696","post","type-post","status-publish","format-standard","has-post-thumbnail","hentry","category-laliga-2","category-laliga","tag-andreas-christensen","tag-dani-olmo","tag-fc-barcelona-vs-villarreal-fc","tag-gavi","tag-hansi-flick","tag-injured","tag-pedri","tag-pedri-2","tag-ronald-araujo-2","tag-ronald-araujo"],"acf":[],"yoast_head":"<!-- This site is optimized with the Yoast SEO plugin v27.3 - https:\/\/yoast.com\/product\/yoast-seo-wordpress\/ -->\n<title>INJURED: This is Bar\u00e7a&#039;s infirmary ahead of Villarreal<\/title>\n<meta name=\"description\" content=\"Bar\u00e7a confirmed Pedri&#039;s absence against Villarreal. With the midfielder&#039;s injury, Flick will not be able to count on a total of 4 players on Sunday\" \/>\n<meta name=\"robots\" content=\"index, follow, max-snippet:-1, max-image-preview:large, max-video-preview:-1\" \/>\n<link rel=\"canonical\" href=\"https:\/\/www.fcbarcelonanoticias.com\/en\/laliga\/injured-this-is-barcelona-infirmary-ahead-of-villarreal_315582_102.html\" \/>\n<meta property=\"og:locale\" content=\"en_US\" \/>\n<meta property=\"og:type\" content=\"article\" \/>\n<meta property=\"og:title\" content=\"INJURED: This is Bar\u00e7a&#039;s infirmary ahead of Villarreal\" \/>\n<meta property=\"og:description\" content=\"Bar\u00e7a confirmed Pedri&#039;s absence against Villarreal. With the midfielder&#039;s injury, Flick will not be able to count on a total of 4 players on Sunday\" \/>\n<meta property=\"og:url\" content=\"https:\/\/www.fcbarcelonanoticias.com\/en\/laliga\/injured-this-is-barcelona-infirmary-ahead-of-villarreal_315582_102.html\" \/>\n<meta property=\"og:site_name\" content=\"EN - FC Barcelona Noticias\" \/>\n<meta property=\"article:published_time\" content=\"2025-12-20T17:29:00+00:00\" \/>\n<meta property=\"article:modified_time\" content=\"2025-12-21T14:45:00+00:00\" \/>\n<meta property=\"og:image\" content=\"https:\/\/www.fcbarcelonanoticias.com\/en\/wp-content\/uploads\/sites\/2\/2025\/12\/jugadores-fc-barcelona-entrenamiento-laliga-25-26.jpeg\" \/>\n\t<meta property=\"og:image:width\" content=\"1300\" \/>\n\t<meta property=\"og:image:height\" content=\"732\" \/>\n\t<meta property=\"og:image:type\" content=\"image\/jpeg\" \/>\n<meta name=\"author\" content=\"Andr\u00e9s Quiroz\" \/>\n<meta name=\"twitter:card\" content=\"summary_large_image\" \/>\n<meta name=\"twitter:label1\" content=\"Written by\" \/>\n\t<meta name=\"twitter:data1\" content=\"Andr\u00e9s Quiroz\" \/>\n\t<meta name=\"twitter:label2\" content=\"Est. reading time\" \/>\n\t<meta name=\"twitter:data2\" content=\"3 minutes\" \/>\n<script type=\"application\/ld+json\" class=\"yoast-schema-graph\">{\"@context\":\"https:\\\/\\\/schema.org\",\"@graph\":[{\"@type\":\"Article\",\"@id\":\"https:\\\/\\\/www.fcbarcelonanoticias.com\\\/en\\\/laliga\\\/injured-this-is-barcelona-infirmary-ahead-of-villarreal_315582_102.html#article\",\"isPartOf\":{\"@id\":\"https:\\\/\\\/www.fcbarcelonanoticias.com\\\/en\\\/laliga\\\/injured-this-is-barcelona-infirmary-ahead-of-villarreal_315582_102.html\"},\"author\":{\"name\":\"Andr\u00e9s Quiroz\",\"@id\":\"https:\\\/\\\/www.fcbarcelonanoticias.com\\\/en\\\/#\\\/schema\\\/person\\\/c2cd9f6fa1af5c0d0eccd0fefa575c88\"},\"headline\":\"INJURED: This is Barcelona&#8217;s infirmary against Villarreal\",\"datePublished\":\"2025-12-20T17:29:00+00:00\",\"dateModified\":\"2025-12-21T14:45:00+00:00\",\"mainEntityOfPage\":{\"@id\":\"https:\\\/\\\/www.fcbarcelonanoticias.com\\\/en\\\/laliga\\\/injured-this-is-barcelona-infirmary-ahead-of-villarreal_315582_102.html\"},\"wordCount\":571,\"image\":{\"@id\":\"https:\\\/\\\/www.fcbarcelonanoticias.com\\\/en\\\/laliga\\\/injured-this-is-barcelona-infirmary-ahead-of-villarreal_315582_102.html#primaryimage\"},\"thumbnailUrl\":\"https:\\\/\\\/www.fcbarcelonanoticias.com\\\/en\\\/wp-content\\\/uploads\\\/sites\\\/2\\\/2025\\\/12\\\/jugadores-fc-barcelona-entrenamiento-laliga-25-26.jpeg\",\"keywords\":[\"Christensen\",\"Dani Olmo\",\"FC Barcelona vs Villarreal CF\",\"Gavi\",\"Hansi Flick\",\"injured\",\"Pedri\",\"Pedri\",\"Ronald Araujo\",\"Ronald Araujo\"],\"articleSection\":[\"LaLiga\",\"LaLiga\"],\"inLanguage\":\"en-US\"},{\"@type\":\"WebPage\",\"@id\":\"https:\\\/\\\/www.fcbarcelonanoticias.com\\\/en\\\/laliga\\\/injured-this-is-barcelona-infirmary-ahead-of-villarreal_315582_102.html\",\"url\":\"https:\\\/\\\/www.fcbarcelonanoticias.com\\\/en\\\/laliga\\\/injured-this-is-barcelona-infirmary-ahead-of-villarreal_315582_102.html\",\"name\":\"INJURED: This is Bar\u00e7a's infirmary ahead of Villarreal\",\"isPartOf\":{\"@id\":\"https:\\\/\\\/www.fcbarcelonanoticias.com\\\/en\\\/#website\"},\"primaryImageOfPage\":{\"@id\":\"https:\\\/\\\/www.fcbarcelonanoticias.com\\\/en\\\/laliga\\\/injured-this-is-barcelona-infirmary-ahead-of-villarreal_315582_102.html#primaryimage\"},\"image\":{\"@id\":\"https:\\\/\\\/www.fcbarcelonanoticias.com\\\/en\\\/laliga\\\/injured-this-is-barcelona-infirmary-ahead-of-villarreal_315582_102.html#primaryimage\"},\"thumbnailUrl\":\"https:\\\/\\\/www.fcbarcelonanoticias.com\\\/en\\\/wp-content\\\/uploads\\\/sites\\\/2\\\/2025\\\/12\\\/jugadores-fc-barcelona-entrenamiento-laliga-25-26.jpeg\",\"datePublished\":\"2025-12-20T17:29:00+00:00\",\"dateModified\":\"2025-12-21T14:45:00+00:00\",\"author\":{\"@id\":\"https:\\\/\\\/www.fcbarcelonanoticias.com\\\/en\\\/#\\\/schema\\\/person\\\/c2cd9f6fa1af5c0d0eccd0fefa575c88\"},\"description\":\"Bar\u00e7a confirmed Pedri's absence against Villarreal. With the midfielder's injury, Flick will not be able to count on a total of 4 players on Sunday\",\"breadcrumb\":{\"@id\":\"https:\\\/\\\/www.fcbarcelonanoticias.com\\\/en\\\/laliga\\\/injured-this-is-barcelona-infirmary-ahead-of-villarreal_315582_102.html#breadcrumb\"},\"inLanguage\":\"en-US\",\"potentialAction\":[{\"@type\":\"ReadAction\",\"target\":[\"https:\\\/\\\/www.fcbarcelonanoticias.com\\\/en\\\/laliga\\\/injured-this-is-barcelona-infirmary-ahead-of-villarreal_315582_102.html\"]}]},{\"@type\":\"ImageObject\",\"inLanguage\":\"en-US\",\"@id\":\"https:\\\/\\\/www.fcbarcelonanoticias.com\\\/en\\\/laliga\\\/injured-this-is-barcelona-infirmary-ahead-of-villarreal_315582_102.html#primaryimage\",\"url\":\"https:\\\/\\\/www.fcbarcelonanoticias.com\\\/en\\\/wp-content\\\/uploads\\\/sites\\\/2\\\/2025\\\/12\\\/jugadores-fc-barcelona-entrenamiento-laliga-25-26.jpeg\",\"contentUrl\":\"https:\\\/\\\/www.fcbarcelonanoticias.com\\\/en\\\/wp-content\\\/uploads\\\/sites\\\/2\\\/2025\\\/12\\\/jugadores-fc-barcelona-entrenamiento-laliga-25-26.jpeg\",\"width\":1300,\"height\":732},{\"@type\":\"BreadcrumbList\",\"@id\":\"https:\\\/\\\/www.fcbarcelonanoticias.com\\\/en\\\/laliga\\\/injured-this-is-barcelona-infirmary-ahead-of-villarreal_315582_102.html#breadcrumb\",\"itemListElement\":[{\"@type\":\"ListItem\",\"position\":1,\"name\":\"Portada\",\"item\":\"https:\\\/\\\/www.fcbarcelonanoticias.com\\\/en\\\/\"},{\"@type\":\"ListItem\",\"position\":2,\"name\":\"INJURED: This is Barcelona&#8217;s infirmary against Villarreal\"}]},{\"@type\":\"WebSite\",\"@id\":\"https:\\\/\\\/www.fcbarcelonanoticias.com\\\/en\\\/#website\",\"url\":\"https:\\\/\\\/www.fcbarcelonanoticias.com\\\/en\\\/\",\"name\":\"EN - FC Barcelona Noticias\",\"description\":\"\",\"potentialAction\":[{\"@type\":\"SearchAction\",\"target\":{\"@type\":\"EntryPoint\",\"urlTemplate\":\"https:\\\/\\\/www.fcbarcelonanoticias.com\\\/en\\\/?s={search_term_string}\"},\"query-input\":{\"@type\":\"PropertyValueSpecification\",\"valueRequired\":true,\"valueName\":\"search_term_string\"}}],\"inLanguage\":\"en-US\"},{\"@type\":\"Person\",\"@id\":\"https:\\\/\\\/www.fcbarcelonanoticias.com\\\/en\\\/#\\\/schema\\\/person\\\/c2cd9f6fa1af5c0d0eccd0fefa575c88\",\"name\":\"Andr\u00e9s Quiroz\",\"image\":{\"@type\":\"ImageObject\",\"inLanguage\":\"en-US\",\"@id\":\"https:\\\/\\\/secure.gravatar.com\\\/avatar\\\/?s=96&d=mm&r=g\",\"url\":\"https:\\\/\\\/secure.gravatar.com\\\/avatar\\\/?s=96&d=mm&r=g\",\"contentUrl\":\"https:\\\/\\\/secure.gravatar.com\\\/avatar\\\/?s=96&d=mm&r=g\",\"caption\":\"Andr\u00e9s Quiroz\"},\"description\":\"Licenciado en Periodismo por la Universidad de los Andes. Me encargo de analizar y compartir los contenidos m\u00e1s destacados de la\u00a0actualidad del F\u00fatbol Club Barcelona, Mercado de Fichajes y F\u00fatbol Internacional en FCBN. La informaci\u00f3n es poder, pero tambi\u00e9n conocimiento.\",\"url\":\"https:\\\/\\\/www.fcbarcelonanoticias.com\\\/en\\\/fc-barcelona\\\/andres-quiroz_17_115.html\"}]}<\/script>\n<!-- \/ Yoast SEO plugin. -->","yoast_head_json":{"title":"INJURED: This is Bar\u00e7a's infirmary ahead of Villarreal","description":"Bar\u00e7a confirmed Pedri's absence against Villarreal. With the midfielder's injury, Flick will not be able to count on a total of 4 players on Sunday","robots":{"index":"index","follow":"follow","max-snippet":"max-snippet:-1","max-image-preview":"max-image-preview:large","max-video-preview":"max-video-preview:-1"},"canonical":"https:\/\/www.fcbarcelonanoticias.com\/en\/laliga\/injured-this-is-barcelona-infirmary-ahead-of-villarreal_315582_102.html","og_locale":"en_US","og_type":"article","og_title":"INJURED: This is Bar\u00e7a's infirmary ahead of Villarreal","og_description":"Bar\u00e7a confirmed Pedri's absence against Villarreal. With the midfielder's injury, Flick will not be able to count on a total of 4 players on Sunday","og_url":"https:\/\/www.fcbarcelonanoticias.com\/en\/laliga\/injured-this-is-barcelona-infirmary-ahead-of-villarreal_315582_102.html","og_site_name":"EN - FC Barcelona Noticias","article_published_time":"2025-12-20T17:29:00+00:00","article_modified_time":"2025-12-21T14:45:00+00:00","og_image":[{"width":1300,"height":732,"url":"https:\/\/www.fcbarcelonanoticias.com\/en\/wp-content\/uploads\/sites\/2\/2025\/12\/jugadores-fc-barcelona-entrenamiento-laliga-25-26.jpeg","type":"image\/jpeg"}],"author":"Andr\u00e9s Quiroz","twitter_card":"summary_large_image","twitter_misc":{"Written by":"Andr\u00e9s Quiroz","Est. reading time":"3 minutes"},"schema":{"@context":"https:\/\/schema.org","@graph":[{"@type":"Article","@id":"https:\/\/www.fcbarcelonanoticias.com\/en\/laliga\/injured-this-is-barcelona-infirmary-ahead-of-villarreal_315582_102.html#article","isPartOf":{"@id":"https:\/\/www.fcbarcelonanoticias.com\/en\/laliga\/injured-this-is-barcelona-infirmary-ahead-of-villarreal_315582_102.html"},"author":{"name":"Andr\u00e9s Quiroz","@id":"https:\/\/www.fcbarcelonanoticias.com\/en\/#\/schema\/person\/c2cd9f6fa1af5c0d0eccd0fefa575c88"},"headline":"INJURED: This is Barcelona&#8217;s infirmary against Villarreal","datePublished":"2025-12-20T17:29:00+00:00","dateModified":"2025-12-21T14:45:00+00:00","mainEntityOfPage":{"@id":"https:\/\/www.fcbarcelonanoticias.com\/en\/laliga\/injured-this-is-barcelona-infirmary-ahead-of-villarreal_315582_102.html"},"wordCount":571,"image":{"@id":"https:\/\/www.fcbarcelonanoticias.com\/en\/laliga\/injured-this-is-barcelona-infirmary-ahead-of-villarreal_315582_102.html#primaryimage"},"thumbnailUrl":"https:\/\/www.fcbarcelonanoticias.com\/en\/wp-content\/uploads\/sites\/2\/2025\/12\/jugadores-fc-barcelona-entrenamiento-laliga-25-26.jpeg","keywords":["Christensen","Dani Olmo","FC Barcelona vs Villarreal CF","Gavi","Hansi Flick","injured","Pedri","Pedri","Ronald Araujo","Ronald Araujo"],"articleSection":["LaLiga","LaLiga"],"inLanguage":"en-US"},{"@type":"WebPage","@id":"https:\/\/www.fcbarcelonanoticias.com\/en\/laliga\/injured-this-is-barcelona-infirmary-ahead-of-villarreal_315582_102.html","url":"https:\/\/www.fcbarcelonanoticias.com\/en\/laliga\/injured-this-is-barcelona-infirmary-ahead-of-villarreal_315582_102.html","name":"INJURED: This is Bar\u00e7a's infirmary ahead of Villarreal","isPartOf":{"@id":"https:\/\/www.fcbarcelonanoticias.com\/en\/#website"},"primaryImageOfPage":{"@id":"https:\/\/www.fcbarcelonanoticias.com\/en\/laliga\/injured-this-is-barcelona-infirmary-ahead-of-villarreal_315582_102.html#primaryimage"},"image":{"@id":"https:\/\/www.fcbarcelonanoticias.com\/en\/laliga\/injured-this-is-barcelona-infirmary-ahead-of-villarreal_315582_102.html#primaryimage"},"thumbnailUrl":"https:\/\/www.fcbarcelonanoticias.com\/en\/wp-content\/uploads\/sites\/2\/2025\/12\/jugadores-fc-barcelona-entrenamiento-laliga-25-26.jpeg","datePublished":"2025-12-20T17:29:00+00:00","dateModified":"2025-12-21T14:45:00+00:00","author":{"@id":"https:\/\/www.fcbarcelonanoticias.com\/en\/#\/schema\/person\/c2cd9f6fa1af5c0d0eccd0fefa575c88"},"description":"Bar\u00e7a confirmed Pedri's absence against Villarreal. With the midfielder's injury, Flick will not be able to count on a total of 4 players on Sunday","breadcrumb":{"@id":"https:\/\/www.fcbarcelonanoticias.com\/en\/laliga\/injured-this-is-barcelona-infirmary-ahead-of-villarreal_315582_102.html#breadcrumb"},"inLanguage":"en-US","potentialAction":[{"@type":"ReadAction","target":["https:\/\/www.fcbarcelonanoticias.com\/en\/laliga\/injured-this-is-barcelona-infirmary-ahead-of-villarreal_315582_102.html"]}]},{"@type":"ImageObject","inLanguage":"en-US","@id":"https:\/\/www.fcbarcelonanoticias.com\/en\/laliga\/injured-this-is-barcelona-infirmary-ahead-of-villarreal_315582_102.html#primaryimage","url":"https:\/\/www.fcbarcelonanoticias.com\/en\/wp-content\/uploads\/sites\/2\/2025\/12\/jugadores-fc-barcelona-entrenamiento-laliga-25-26.jpeg","contentUrl":"https:\/\/www.fcbarcelonanoticias.com\/en\/wp-content\/uploads\/sites\/2\/2025\/12\/jugadores-fc-barcelona-entrenamiento-laliga-25-26.jpeg","width":1300,"height":732},{"@type":"BreadcrumbList","@id":"https:\/\/www.fcbarcelonanoticias.com\/en\/laliga\/injured-this-is-barcelona-infirmary-ahead-of-villarreal_315582_102.html#breadcrumb","itemListElement":[{"@type":"ListItem","position":1,"name":"Portada","item":"https:\/\/www.fcbarcelonanoticias.com\/en\/"},{"@type":"ListItem","position":2,"name":"INJURED: This is Barcelona&#8217;s infirmary against Villarreal"}]},{"@type":"WebSite","@id":"https:\/\/www.fcbarcelonanoticias.com\/en\/#website","url":"https:\/\/www.fcbarcelonanoticias.com\/en\/","name":"EN - FC Barcelona Noticias","description":"","potentialAction":[{"@type":"SearchAction","target":{"@type":"EntryPoint","urlTemplate":"https:\/\/www.fcbarcelonanoticias.com\/en\/?s={search_term_string}"},"query-input":{"@type":"PropertyValueSpecification","valueRequired":true,"valueName":"search_term_string"}}],"inLanguage":"en-US"},{"@type":"Person","@id":"https:\/\/www.fcbarcelonanoticias.com\/en\/#\/schema\/person\/c2cd9f6fa1af5c0d0eccd0fefa575c88","name":"Andr\u00e9s Quiroz","image":{"@type":"ImageObject","inLanguage":"en-US","@id":"https:\/\/secure.gravatar.com\/avatar\/?s=96&d=mm&r=g","url":"https:\/\/secure.gravatar.com\/avatar\/?s=96&d=mm&r=g","contentUrl":"https:\/\/secure.gravatar.com\/avatar\/?s=96&d=mm&r=g","caption":"Andr\u00e9s Quiroz"},"description":"Licenciado en Periodismo por la Universidad de los Andes. Me encargo de analizar y compartir los contenidos m\u00e1s destacados de la\u00a0actualidad del F\u00fatbol Club Barcelona, Mercado de Fichajes y F\u00fatbol Internacional en FCBN. La informaci\u00f3n es poder, pero tambi\u00e9n conocimiento.","url":"https:\/\/www.fcbarcelonanoticias.com\/en\/fc-barcelona\/andres-quiroz_17_115.html"}]}},"_links":{"self":[{"href":"https:\/\/www.fcbarcelonanoticias.com\/en\/wp-json\/wp\/v2\/posts\/56696","targetHints":{"allow":["GET"]}}],"collection":[{"href":"https:\/\/www.fcbarcelonanoticias.com\/en\/wp-json\/wp\/v2\/posts"}],"about":[{"href":"https:\/\/www.fcbarcelonanoticias.com\/en\/wp-json\/wp\/v2\/types\/post"}],"author":[{"embeddable":true,"href":"https:\/\/www.fcbarcelonanoticias.com\/en\/wp-json\/wp\/v2\/users\/347"}],"replies":[{"embeddable":true,"href":"https:\/\/www.fcbarcelonanoticias.com\/en\/wp-json\/wp\/v2\/comments?post=56696"}],"version-history":[{"count":1,"href":"https:\/\/www.fcbarcelonanoticias.com\/en\/wp-json\/wp\/v2\/posts\/56696\/revisions"}],"predecessor-version":[{"id":56699,"href":"https:\/\/www.fcbarcelonanoticias.com\/en\/wp-json\/wp\/v2\/posts\/56696\/revisions\/56699"}],"wp:featuredmedia":[{"embeddable":true,"href":"https:\/\/www.fcbarcelonanoticias.com\/en\/wp-json\/wp\/v2\/media\/56701"}],"wp:attachment":[{"href":"https:\/\/www.fcbarcelonanoticias.com\/en\/wp-json\/wp\/v2\/media?parent=56696"}],"wp:term":[{"taxonomy":"category","embeddable":true,"href":"https:\/\/www.fcbarcelonanoticias.com\/en\/wp-json\/wp\/v2\/categories?post=56696"},{"taxonomy":"post_tag","embeddable":true,"href":"https:\/\/www.fcbarcelonanoticias.com\/en\/wp-json\/wp\/v2\/tags?post=56696"}],"curies":[{"name":"wp","href":"https:\/\/api.w.org\/{rel}","templated":true}]}}