{"id":56712,"date":"2024-10-25T20:14:00","date_gmt":"2024-10-25T18:14:00","guid":{"rendered":"https:\/\/weisetech.dev\/fc-barcelona-noticias\/en\/injured-classic-this-are-infirmaries-barcelona-real-madrid_308163_102\/"},"modified":"2024-10-26T19:51:00","modified_gmt":"2024-10-26T17:51:00","slug":"injured-classic-this-are-infirmaries-barcelona-real-madrid_308163_102","status":"publish","type":"post","link":"https:\/\/www.fcbarcelonanoticias.com\/en\/laliga\/injured-classic-this-are-infirmaries-barcelona-real-madrid_308163_102.html","title":{"rendered":"The injured from the Classic: This is how the Bar\u00e7a and Real Madrid infirmaries are"},"content":{"rendered":"<h2 class=\"wp-block-heading\">FC Barcelona and Real Madrid arrive at the first Cl\u00e1sico of the season with several important casualties. At FCBN we review how the infirmaries of cul\u00e9s and &#8216;merengues&#8217; are<\/h2>  \r\n<div class=\"article-addons\">\r\n    <a href=\"https:\/\/www.fcbarcelonanoticias.com\/en\/calendar-fc-barcelona.html\"\r\n       target=\"_self\"\r\n       title=\"Calendar of FC Barcelona\"\r\n       class=\"blue-gredient-btn\">\r\n       \r\n        Calendar of FC Barcelona    <\/a>\r\n<\/div>   <p>FC Barcelona and Real Madrid will play this Saturday (9:00 p.m. CEST) in the first Liga Cl\u00e1sico at the Santiago Bernab\u00e9u without several important names available for the clash. <strong>Both teams have accumulated ten casualties, in the case of Bar\u00e7a two of them long-term<\/strong>, fixed discards for the rest of 2024\/25.<\/p>  <p><strong>The cul\u00e9s lost Marc Bernal in August<\/strong>, who suffered a tear in the anterior cruciate ligament and external meniscus in his left knee in Vallecas against Rayo, meaning he will be out until the start of the 2025 preseason.<\/p>  <p>In September,<strong> it was Marc-Andr\u00e9 ter Stegen who fell<\/strong>. The Bar\u00e7a captain suffered a complete rupture of the patellar tendon in his right knee against Villarreal and, although he could reappear in the final stretch of the season (in March or April), it is most likely that the club will wait until the summer to give him filming.<\/p>  <h3>Bar\u00e7a will add another casualty at the Santiago Bernab\u00e9u<\/h3>  <p>The German and the Catalan join Ronald Ara\u00fajo and Andreas Christensen, who continue working to overcome the injuries they suffered during the summer. <strong>The &#8216;Charr\u00faa&#8217; would be ready to return in mid-November<\/strong> after damaging the hamstring tendon in his right leg during the Copa Am\u00e9rica.<\/p>  <p>For his part, <strong>the Dane still does not have a return date<\/strong> due to the tendinopathy in his left Achilles heel that he has been carrying since the Euro Cup. <strong>The other sure casualty for Saturday is Ferran Torres<\/strong>, who will miss two months of action due to a problem in the hamstring of his right thigh. The &#8216;7&#8217; was injured in Vitoria and would reappear the first week of December.<\/p>  <p>Furthermore,<strong> Bar\u00e7a would not have Eric Garc\u00eda in Chamart\u00edn either<\/strong>. The defender converted into a pivot has not been able to overcome the discomfort in his right abductor that prevented him from playing against Sevilla and Bayern, so it is almost certain that he will not be included in the squad for the Classic either.<\/p>  <h3>Madrid will arrive without three starters to the first Cl\u00e1sico of the season<\/h3>  <p>Likewise, Carlo Ancelotti has also added a couple of key casualties this week ahead of the first Cl\u00e1sico of the season. <strong>Thibaut Courtois and Rodrygo Goes will watch Saturday&#8217;s duel in the boxes at the Santiago Bernab\u00e9u,<\/strong> as both will be out for around three weeks due to muscle problems.<\/p>  <p><strong>The Belgian and the Brazilian join Dani Carvajal <\/strong>as the three starters ruled out to face Bar\u00e7a. The full-back broke his right knee against Villarreal and will miss the entire season. The other one who still hasn&#8217;t left the white infirmary is David Alaba.<\/p>  <p><strong>The Austrian defender has not progressed well<\/strong> at all from the rupture of the anterior cruciate ligament in his left knee and there has even been speculation about a possible retirement, since his estimated time out was 8 to 9 months and he is already going for 10 months without even having started work on the grass.<\/p> ","protected":false},"excerpt":{"rendered":"<p>FC Barcelona and Real Madrid arrive at the first Cl\u00e1sico of the season with several important casualties. At FCBN we review how the infirmaries of cul\u00e9s and &#8216;merengues&#8217; are FC Barcelona and Real Madrid will play this Saturday (9:00 p.m. CEST) in the first Liga Cl\u00e1sico at the Santiago Bernab\u00e9u without several important names available [&hellip;]<\/p>\n","protected":false},"author":347,"featured_media":56714,"comment_status":"closed","ping_status":"open","sticky":false,"template":"","format":"standard","meta":{"_acf_changed":false,"inline_featured_image":false,"_nextfly_llmd_date_locked":false,"footnotes":""},"categories":[448,114],"tags":[53,46,136],"class_list":["post-56712","post","type-post","status-publish","format-standard","has-post-thumbnail","hentry","category-laliga-2","category-laliga","tag-el-clasico","tag-fc-barcelona-vs-real-madrid","tag-injured"],"acf":[],"yoast_head":"<!-- This site is optimized with the Yoast SEO plugin v27.3 - https:\/\/yoast.com\/product\/yoast-seo-wordpress\/ -->\n<title>The injured from the Classic: This is how the Bar\u00e7a and Real Madrid infirmaries are<\/title>\n<meta name=\"description\" content=\"FC Barcelona and Real Madrid arrive at the first Cl\u00e1sico of the season with several important casualties. At FCBN we review how the infirmaries of cul\u00e9s and &#039;merengues&#039; are\" \/>\n<meta name=\"robots\" content=\"index, follow, max-snippet:-1, max-image-preview:large, max-video-preview:-1\" \/>\n<link rel=\"canonical\" href=\"https:\/\/www.fcbarcelonanoticias.com\/en\/laliga\/injured-classic-this-are-infirmaries-barcelona-real-madrid_308163_102.html\" \/>\n<meta property=\"og:locale\" content=\"en_US\" \/>\n<meta property=\"og:type\" content=\"article\" \/>\n<meta property=\"og:title\" content=\"The injured from the Classic: This is how the Bar\u00e7a and Real Madrid infirmaries are\" \/>\n<meta property=\"og:description\" content=\"FC Barcelona and Real Madrid arrive at the first Cl\u00e1sico of the season with several important casualties. At FCBN we review how the infirmaries of cul\u00e9s and &#039;merengues&#039; are\" \/>\n<meta property=\"og:url\" content=\"https:\/\/www.fcbarcelonanoticias.com\/en\/laliga\/injured-classic-this-are-infirmaries-barcelona-real-madrid_308163_102.html\" \/>\n<meta property=\"og:site_name\" content=\"EN - FC Barcelona Noticias\" \/>\n<meta property=\"article:published_time\" content=\"2024-10-25T18:14:00+00:00\" \/>\n<meta property=\"article:modified_time\" content=\"2024-10-26T17:51:00+00:00\" \/>\n<meta property=\"og:image\" content=\"https:\/\/www.fcbarcelonanoticias.com\/en\/wp-content\/uploads\/sites\/2\/2024\/10\/lesionados-clasico-barcelona-real-madrid.jpeg\" \/>\n\t<meta property=\"og:image:width\" content=\"1250\" \/>\n\t<meta property=\"og:image:height\" content=\"730\" \/>\n\t<meta property=\"og:image:type\" content=\"image\/jpeg\" \/>\n<meta name=\"author\" content=\"Andr\u00e9s Quiroz\" \/>\n<meta name=\"twitter:card\" content=\"summary_large_image\" \/>\n<meta name=\"twitter:label1\" content=\"Written by\" \/>\n\t<meta name=\"twitter:data1\" content=\"Andr\u00e9s Quiroz\" \/>\n\t<meta name=\"twitter:label2\" content=\"Est. reading time\" \/>\n\t<meta name=\"twitter:data2\" content=\"3 minutes\" \/>\n<script type=\"application\/ld+json\" class=\"yoast-schema-graph\">{\"@context\":\"https:\\\/\\\/schema.org\",\"@graph\":[{\"@type\":\"Article\",\"@id\":\"https:\\\/\\\/www.fcbarcelonanoticias.com\\\/en\\\/laliga\\\/injured-classic-this-are-infirmaries-barcelona-real-madrid_308163_102.html#article\",\"isPartOf\":{\"@id\":\"https:\\\/\\\/www.fcbarcelonanoticias.com\\\/en\\\/laliga\\\/injured-classic-this-are-infirmaries-barcelona-real-madrid_308163_102.html\"},\"author\":{\"name\":\"Andr\u00e9s Quiroz\",\"@id\":\"https:\\\/\\\/www.fcbarcelonanoticias.com\\\/en\\\/#\\\/schema\\\/person\\\/c2cd9f6fa1af5c0d0eccd0fefa575c88\"},\"headline\":\"The injured from the Classic: This is how the Bar\u00e7a and Real Madrid infirmaries are\",\"datePublished\":\"2024-10-25T18:14:00+00:00\",\"dateModified\":\"2024-10-26T17:51:00+00:00\",\"mainEntityOfPage\":{\"@id\":\"https:\\\/\\\/www.fcbarcelonanoticias.com\\\/en\\\/laliga\\\/injured-classic-this-are-infirmaries-barcelona-real-madrid_308163_102.html\"},\"wordCount\":552,\"image\":{\"@id\":\"https:\\\/\\\/www.fcbarcelonanoticias.com\\\/en\\\/laliga\\\/injured-classic-this-are-infirmaries-barcelona-real-madrid_308163_102.html#primaryimage\"},\"thumbnailUrl\":\"https:\\\/\\\/www.fcbarcelonanoticias.com\\\/en\\\/wp-content\\\/uploads\\\/sites\\\/2\\\/2024\\\/10\\\/lesionados-clasico-barcelona-real-madrid.jpeg\",\"keywords\":[\"El Cl\u00e1sico\",\"FC Barcelona vs Real Madrid\",\"injured\"],\"articleSection\":[\"LaLiga\",\"LaLiga\"],\"inLanguage\":\"en-US\"},{\"@type\":\"WebPage\",\"@id\":\"https:\\\/\\\/www.fcbarcelonanoticias.com\\\/en\\\/laliga\\\/injured-classic-this-are-infirmaries-barcelona-real-madrid_308163_102.html\",\"url\":\"https:\\\/\\\/www.fcbarcelonanoticias.com\\\/en\\\/laliga\\\/injured-classic-this-are-infirmaries-barcelona-real-madrid_308163_102.html\",\"name\":\"The injured from the Classic: This is how the Bar\u00e7a and Real Madrid infirmaries are\",\"isPartOf\":{\"@id\":\"https:\\\/\\\/www.fcbarcelonanoticias.com\\\/en\\\/#website\"},\"primaryImageOfPage\":{\"@id\":\"https:\\\/\\\/www.fcbarcelonanoticias.com\\\/en\\\/laliga\\\/injured-classic-this-are-infirmaries-barcelona-real-madrid_308163_102.html#primaryimage\"},\"image\":{\"@id\":\"https:\\\/\\\/www.fcbarcelonanoticias.com\\\/en\\\/laliga\\\/injured-classic-this-are-infirmaries-barcelona-real-madrid_308163_102.html#primaryimage\"},\"thumbnailUrl\":\"https:\\\/\\\/www.fcbarcelonanoticias.com\\\/en\\\/wp-content\\\/uploads\\\/sites\\\/2\\\/2024\\\/10\\\/lesionados-clasico-barcelona-real-madrid.jpeg\",\"datePublished\":\"2024-10-25T18:14:00+00:00\",\"dateModified\":\"2024-10-26T17:51:00+00:00\",\"author\":{\"@id\":\"https:\\\/\\\/www.fcbarcelonanoticias.com\\\/en\\\/#\\\/schema\\\/person\\\/c2cd9f6fa1af5c0d0eccd0fefa575c88\"},\"description\":\"FC Barcelona and Real Madrid arrive at the first Cl\u00e1sico of the season with several important casualties. At FCBN we review how the infirmaries of cul\u00e9s and 'merengues' are\",\"breadcrumb\":{\"@id\":\"https:\\\/\\\/www.fcbarcelonanoticias.com\\\/en\\\/laliga\\\/injured-classic-this-are-infirmaries-barcelona-real-madrid_308163_102.html#breadcrumb\"},\"inLanguage\":\"en-US\",\"potentialAction\":[{\"@type\":\"ReadAction\",\"target\":[\"https:\\\/\\\/www.fcbarcelonanoticias.com\\\/en\\\/laliga\\\/injured-classic-this-are-infirmaries-barcelona-real-madrid_308163_102.html\"]}]},{\"@type\":\"ImageObject\",\"inLanguage\":\"en-US\",\"@id\":\"https:\\\/\\\/www.fcbarcelonanoticias.com\\\/en\\\/laliga\\\/injured-classic-this-are-infirmaries-barcelona-real-madrid_308163_102.html#primaryimage\",\"url\":\"https:\\\/\\\/www.fcbarcelonanoticias.com\\\/en\\\/wp-content\\\/uploads\\\/sites\\\/2\\\/2024\\\/10\\\/lesionados-clasico-barcelona-real-madrid.jpeg\",\"contentUrl\":\"https:\\\/\\\/www.fcbarcelonanoticias.com\\\/en\\\/wp-content\\\/uploads\\\/sites\\\/2\\\/2024\\\/10\\\/lesionados-clasico-barcelona-real-madrid.jpeg\",\"width\":1250,\"height\":730},{\"@type\":\"BreadcrumbList\",\"@id\":\"https:\\\/\\\/www.fcbarcelonanoticias.com\\\/en\\\/laliga\\\/injured-classic-this-are-infirmaries-barcelona-real-madrid_308163_102.html#breadcrumb\",\"itemListElement\":[{\"@type\":\"ListItem\",\"position\":1,\"name\":\"Portada\",\"item\":\"https:\\\/\\\/www.fcbarcelonanoticias.com\\\/en\\\/\"},{\"@type\":\"ListItem\",\"position\":2,\"name\":\"The injured from the Classic: This is how the Bar\u00e7a and Real Madrid infirmaries are\"}]},{\"@type\":\"WebSite\",\"@id\":\"https:\\\/\\\/www.fcbarcelonanoticias.com\\\/en\\\/#website\",\"url\":\"https:\\\/\\\/www.fcbarcelonanoticias.com\\\/en\\\/\",\"name\":\"EN - FC Barcelona Noticias\",\"description\":\"\",\"potentialAction\":[{\"@type\":\"SearchAction\",\"target\":{\"@type\":\"EntryPoint\",\"urlTemplate\":\"https:\\\/\\\/www.fcbarcelonanoticias.com\\\/en\\\/?s={search_term_string}\"},\"query-input\":{\"@type\":\"PropertyValueSpecification\",\"valueRequired\":true,\"valueName\":\"search_term_string\"}}],\"inLanguage\":\"en-US\"},{\"@type\":\"Person\",\"@id\":\"https:\\\/\\\/www.fcbarcelonanoticias.com\\\/en\\\/#\\\/schema\\\/person\\\/c2cd9f6fa1af5c0d0eccd0fefa575c88\",\"name\":\"Andr\u00e9s Quiroz\",\"image\":{\"@type\":\"ImageObject\",\"inLanguage\":\"en-US\",\"@id\":\"https:\\\/\\\/secure.gravatar.com\\\/avatar\\\/?s=96&d=mm&r=g\",\"url\":\"https:\\\/\\\/secure.gravatar.com\\\/avatar\\\/?s=96&d=mm&r=g\",\"contentUrl\":\"https:\\\/\\\/secure.gravatar.com\\\/avatar\\\/?s=96&d=mm&r=g\",\"caption\":\"Andr\u00e9s Quiroz\"},\"description\":\"Licenciado en Periodismo por la Universidad de los Andes. Me encargo de analizar y compartir los contenidos m\u00e1s destacados de la\u00a0actualidad del F\u00fatbol Club Barcelona, Mercado de Fichajes y F\u00fatbol Internacional en FCBN. La informaci\u00f3n es poder, pero tambi\u00e9n conocimiento.\",\"url\":\"https:\\\/\\\/www.fcbarcelonanoticias.com\\\/en\\\/fc-barcelona\\\/andres-quiroz_17_115.html\"}]}<\/script>\n<!-- \/ Yoast SEO plugin. -->","yoast_head_json":{"title":"The injured from the Classic: This is how the Bar\u00e7a and Real Madrid infirmaries are","description":"FC Barcelona and Real Madrid arrive at the first Cl\u00e1sico of the season with several important casualties. At FCBN we review how the infirmaries of cul\u00e9s and 'merengues' are","robots":{"index":"index","follow":"follow","max-snippet":"max-snippet:-1","max-image-preview":"max-image-preview:large","max-video-preview":"max-video-preview:-1"},"canonical":"https:\/\/www.fcbarcelonanoticias.com\/en\/laliga\/injured-classic-this-are-infirmaries-barcelona-real-madrid_308163_102.html","og_locale":"en_US","og_type":"article","og_title":"The injured from the Classic: This is how the Bar\u00e7a and Real Madrid infirmaries are","og_description":"FC Barcelona and Real Madrid arrive at the first Cl\u00e1sico of the season with several important casualties. At FCBN we review how the infirmaries of cul\u00e9s and 'merengues' are","og_url":"https:\/\/www.fcbarcelonanoticias.com\/en\/laliga\/injured-classic-this-are-infirmaries-barcelona-real-madrid_308163_102.html","og_site_name":"EN - FC Barcelona Noticias","article_published_time":"2024-10-25T18:14:00+00:00","article_modified_time":"2024-10-26T17:51:00+00:00","og_image":[{"width":1250,"height":730,"url":"https:\/\/www.fcbarcelonanoticias.com\/en\/wp-content\/uploads\/sites\/2\/2024\/10\/lesionados-clasico-barcelona-real-madrid.jpeg","type":"image\/jpeg"}],"author":"Andr\u00e9s Quiroz","twitter_card":"summary_large_image","twitter_misc":{"Written by":"Andr\u00e9s Quiroz","Est. reading time":"3 minutes"},"schema":{"@context":"https:\/\/schema.org","@graph":[{"@type":"Article","@id":"https:\/\/www.fcbarcelonanoticias.com\/en\/laliga\/injured-classic-this-are-infirmaries-barcelona-real-madrid_308163_102.html#article","isPartOf":{"@id":"https:\/\/www.fcbarcelonanoticias.com\/en\/laliga\/injured-classic-this-are-infirmaries-barcelona-real-madrid_308163_102.html"},"author":{"name":"Andr\u00e9s Quiroz","@id":"https:\/\/www.fcbarcelonanoticias.com\/en\/#\/schema\/person\/c2cd9f6fa1af5c0d0eccd0fefa575c88"},"headline":"The injured from the Classic: This is how the Bar\u00e7a and Real Madrid infirmaries are","datePublished":"2024-10-25T18:14:00+00:00","dateModified":"2024-10-26T17:51:00+00:00","mainEntityOfPage":{"@id":"https:\/\/www.fcbarcelonanoticias.com\/en\/laliga\/injured-classic-this-are-infirmaries-barcelona-real-madrid_308163_102.html"},"wordCount":552,"image":{"@id":"https:\/\/www.fcbarcelonanoticias.com\/en\/laliga\/injured-classic-this-are-infirmaries-barcelona-real-madrid_308163_102.html#primaryimage"},"thumbnailUrl":"https:\/\/www.fcbarcelonanoticias.com\/en\/wp-content\/uploads\/sites\/2\/2024\/10\/lesionados-clasico-barcelona-real-madrid.jpeg","keywords":["El Cl\u00e1sico","FC Barcelona vs Real Madrid","injured"],"articleSection":["LaLiga","LaLiga"],"inLanguage":"en-US"},{"@type":"WebPage","@id":"https:\/\/www.fcbarcelonanoticias.com\/en\/laliga\/injured-classic-this-are-infirmaries-barcelona-real-madrid_308163_102.html","url":"https:\/\/www.fcbarcelonanoticias.com\/en\/laliga\/injured-classic-this-are-infirmaries-barcelona-real-madrid_308163_102.html","name":"The injured from the Classic: This is how the Bar\u00e7a and Real Madrid infirmaries are","isPartOf":{"@id":"https:\/\/www.fcbarcelonanoticias.com\/en\/#website"},"primaryImageOfPage":{"@id":"https:\/\/www.fcbarcelonanoticias.com\/en\/laliga\/injured-classic-this-are-infirmaries-barcelona-real-madrid_308163_102.html#primaryimage"},"image":{"@id":"https:\/\/www.fcbarcelonanoticias.com\/en\/laliga\/injured-classic-this-are-infirmaries-barcelona-real-madrid_308163_102.html#primaryimage"},"thumbnailUrl":"https:\/\/www.fcbarcelonanoticias.com\/en\/wp-content\/uploads\/sites\/2\/2024\/10\/lesionados-clasico-barcelona-real-madrid.jpeg","datePublished":"2024-10-25T18:14:00+00:00","dateModified":"2024-10-26T17:51:00+00:00","author":{"@id":"https:\/\/www.fcbarcelonanoticias.com\/en\/#\/schema\/person\/c2cd9f6fa1af5c0d0eccd0fefa575c88"},"description":"FC Barcelona and Real Madrid arrive at the first Cl\u00e1sico of the season with several important casualties. At FCBN we review how the infirmaries of cul\u00e9s and 'merengues' are","breadcrumb":{"@id":"https:\/\/www.fcbarcelonanoticias.com\/en\/laliga\/injured-classic-this-are-infirmaries-barcelona-real-madrid_308163_102.html#breadcrumb"},"inLanguage":"en-US","potentialAction":[{"@type":"ReadAction","target":["https:\/\/www.fcbarcelonanoticias.com\/en\/laliga\/injured-classic-this-are-infirmaries-barcelona-real-madrid_308163_102.html"]}]},{"@type":"ImageObject","inLanguage":"en-US","@id":"https:\/\/www.fcbarcelonanoticias.com\/en\/laliga\/injured-classic-this-are-infirmaries-barcelona-real-madrid_308163_102.html#primaryimage","url":"https:\/\/www.fcbarcelonanoticias.com\/en\/wp-content\/uploads\/sites\/2\/2024\/10\/lesionados-clasico-barcelona-real-madrid.jpeg","contentUrl":"https:\/\/www.fcbarcelonanoticias.com\/en\/wp-content\/uploads\/sites\/2\/2024\/10\/lesionados-clasico-barcelona-real-madrid.jpeg","width":1250,"height":730},{"@type":"BreadcrumbList","@id":"https:\/\/www.fcbarcelonanoticias.com\/en\/laliga\/injured-classic-this-are-infirmaries-barcelona-real-madrid_308163_102.html#breadcrumb","itemListElement":[{"@type":"ListItem","position":1,"name":"Portada","item":"https:\/\/www.fcbarcelonanoticias.com\/en\/"},{"@type":"ListItem","position":2,"name":"The injured from the Classic: This is how the Bar\u00e7a and Real Madrid infirmaries are"}]},{"@type":"WebSite","@id":"https:\/\/www.fcbarcelonanoticias.com\/en\/#website","url":"https:\/\/www.fcbarcelonanoticias.com\/en\/","name":"EN - FC Barcelona Noticias","description":"","potentialAction":[{"@type":"SearchAction","target":{"@type":"EntryPoint","urlTemplate":"https:\/\/www.fcbarcelonanoticias.com\/en\/?s={search_term_string}"},"query-input":{"@type":"PropertyValueSpecification","valueRequired":true,"valueName":"search_term_string"}}],"inLanguage":"en-US"},{"@type":"Person","@id":"https:\/\/www.fcbarcelonanoticias.com\/en\/#\/schema\/person\/c2cd9f6fa1af5c0d0eccd0fefa575c88","name":"Andr\u00e9s Quiroz","image":{"@type":"ImageObject","inLanguage":"en-US","@id":"https:\/\/secure.gravatar.com\/avatar\/?s=96&d=mm&r=g","url":"https:\/\/secure.gravatar.com\/avatar\/?s=96&d=mm&r=g","contentUrl":"https:\/\/secure.gravatar.com\/avatar\/?s=96&d=mm&r=g","caption":"Andr\u00e9s Quiroz"},"description":"Licenciado en Periodismo por la Universidad de los Andes. Me encargo de analizar y compartir los contenidos m\u00e1s destacados de la\u00a0actualidad del F\u00fatbol Club Barcelona, Mercado de Fichajes y F\u00fatbol Internacional en FCBN. La informaci\u00f3n es poder, pero tambi\u00e9n conocimiento.","url":"https:\/\/www.fcbarcelonanoticias.com\/en\/fc-barcelona\/andres-quiroz_17_115.html"}]}},"_links":{"self":[{"href":"https:\/\/www.fcbarcelonanoticias.com\/en\/wp-json\/wp\/v2\/posts\/56712","targetHints":{"allow":["GET"]}}],"collection":[{"href":"https:\/\/www.fcbarcelonanoticias.com\/en\/wp-json\/wp\/v2\/posts"}],"about":[{"href":"https:\/\/www.fcbarcelonanoticias.com\/en\/wp-json\/wp\/v2\/types\/post"}],"author":[{"embeddable":true,"href":"https:\/\/www.fcbarcelonanoticias.com\/en\/wp-json\/wp\/v2\/users\/347"}],"replies":[{"embeddable":true,"href":"https:\/\/www.fcbarcelonanoticias.com\/en\/wp-json\/wp\/v2\/comments?post=56712"}],"version-history":[{"count":1,"href":"https:\/\/www.fcbarcelonanoticias.com\/en\/wp-json\/wp\/v2\/posts\/56712\/revisions"}],"predecessor-version":[{"id":56713,"href":"https:\/\/www.fcbarcelonanoticias.com\/en\/wp-json\/wp\/v2\/posts\/56712\/revisions\/56713"}],"wp:featuredmedia":[{"embeddable":true,"href":"https:\/\/www.fcbarcelonanoticias.com\/en\/wp-json\/wp\/v2\/media\/56714"}],"wp:attachment":[{"href":"https:\/\/www.fcbarcelonanoticias.com\/en\/wp-json\/wp\/v2\/media?parent=56712"}],"wp:term":[{"taxonomy":"category","embeddable":true,"href":"https:\/\/www.fcbarcelonanoticias.com\/en\/wp-json\/wp\/v2\/categories?post=56712"},{"taxonomy":"post_tag","embeddable":true,"href":"https:\/\/www.fcbarcelonanoticias.com\/en\/wp-json\/wp\/v2\/tags?post=56712"}],"curies":[{"name":"wp","href":"https:\/\/api.w.org\/{rel}","templated":true}]}}