{"id":56738,"date":"2022-10-29T22:42:00","date_gmt":"2022-10-29T20:42:00","guid":{"rendered":"https:\/\/weisetech.dev\/fc-barcelona-noticias\/en\/it-follows-the-drama-in-the-barca-kounde-break-against-the_285996_102\/"},"modified":"2022-10-30T00:12:00","modified_gmt":"2022-10-29T22:12:00","slug":"it-follows-the-drama-in-the-barca-kounde-break-against-the_285996_102","status":"publish","type":"post","link":"https:\/\/www.fcbarcelonanoticias.com\/en\/laliga\/it-follows-the-drama-in-the-barca-kounde-break-against-the_285996_102.html","title":{"rendered":"Follow the drama at Bar\u00e7a! Kound\u00e9 &#8216;breaks&#8217; against Valencia"},"content":{"rendered":"<h2 class=\"wp-block-heading\">The visit of FC Barcelona to Mestalla left a high price for the team led by Xavi Hern\u00e1ndez. In addition to Eric Garc\u00eda, Jules Kound\u00e9 also left injured in the second half due to muscle problems<\/h2>  \r\n<div class=\"article-addons\">\r\n    <a href=\"https:\/\/www.fcbarcelonanoticias.com\/en\/calendar-fc-barcelona.html\"\r\n       target=\"_self\"\r\n       title=\"Calendar of FC Barcelona\"\r\n       class=\"blue-gredient-btn\">\r\n       \r\n        Calendar of FC Barcelona    <\/a>\r\n<\/div>   <p>The drama of the FC Barcelona with the injuries in the first stretch of the season seems not having end. <strong>Jules Kound\u00e9 also left lesionado in the party in front of the Valency by a muscular problem<\/strong>, leaving his place in the field in the minute 74 to Gerard Hammered the one who, to these heights, is the only central available in the team after the drop <a data-external=\"0\" data-intl-links-en=\"https:\/\/www.fcbarcelonanoticias.com\/en\/laliga\/it-alarms-eric-garcia-the-central-withdrew-by-problems-f_285995_102.html\" data-intl-links-es=\"https:\/\/www.fcbarcelonanoticias.com\/laliga\/alarma-eric-garcia-central-retiro-por-problemas-fisicos_285995_102.html\" href=\"https:\/\/www.fcbarcelonanoticias.com\/en\/laliga\/it-alarms-eric-garcia-the-central-withdrew-by-problems-f_285995_102.html\" rel=\"follow\" target=\"_self\" title=\"\u00a1Alarma Eric Garc\u00eda! El central se retir\u00f3 por problemas f\u00edsicos\">of Eric Garc\u00eda<\/a>, the one who also lesion\u00f3 in the first part in Mestalla.<\/p>  <blockquote class=\"twitter-tweet\"> <p dir=\"ltr\" lang=\"es\">\ud83d\udd04 Minuto 74. Kounde no puede seguir y entra Piqu\u00e9 <a href=\"https:\/\/t.co\/en\/AKvEkuHTVB\">pic.twitter.com\/AKvEkuHTVB<\/a><\/p> \u2014 FC Barcelona (@FCBarcelona_es) <a href=\"https:\/\/twitter.com\/en\/FCBarcelona_es\/status\/1586456750038867970?ref_src=twsrc%5Etfw\">October 29, 2022<\/a> <\/blockquote> <p>The Frenchman felt discomfort in the back of his left leg and immediately asked for the change. <strong>Piqu\u00e9, who had remained on the bench despite Eric&#8217;s injury, came on in his place<\/strong> and was at the center of the defense alongside Marcos Alonso, who had come on for &#8217;24&#8217; in the 42nd minute. With Andreas Christensen and Ronald Ara\u00fajo &#8216;KO&#8217;, in addition to Sergi Roberto, Xavi will have no choice but to bet on the &#8216;3&#8217; in the Czech Republic on Tuesday against Viktoria Plzen.<\/p>  <p>In addition to the last game of the Champions League group stage, <strong><a data-external=\"0\" data-intl-links-en=\"https:\/\/www.fcbarcelonanoticias.com\/en\/transfers\/the-young-brazilian-tip-that-it-wants-to-close-the-barca-cuant_285986_102.html\" data-intl-links-es=\"https:\/\/www.fcbarcelonanoticias.com\/fichajes\/joven-punta-brasileno-quiere-cerrar-barcelona-cuanto-antes_285986_102.html\" href=\"https:\/\/www.fcbarcelonanoticias.com\/en\/transfers\/the-young-brazilian-tip-that-it-wants-to-close-the-barca-cuant_285986_102.html\" rel=\"follow\" target=\"_self\" title=\"The young Brazilian striker who wants to close Bar\u00e7a as soon as possible\">Bar\u00e7a<\/a> have two League games remaining before the break for the World Cup<\/strong>. Next Saturday, the Catalans will host Almer\u00eda before visiting Osasuna in Pamplona on Thursday, November 8, in the last game prior to Qatar 2022. Against Valencia, Kound\u00e9 had been the best of the Blaugrana defense, leading an improvised defense with \u00c1lex Balde as right back.<\/p>  <p><strong>The one from Paris cleared seven balls and lost another five in the 70 minutes he managed to play<\/strong>, according to the statistics from &#8216;MARCA&#8217;. The 23-year-old had already missed four games for Bar\u00e7a due to Achilles tendon problems suffered in the last international break with France, reappearing in the Cl\u00e1sico at the Santiago Bernab\u00e9u after a month out.<\/p>  <h3>Kound\u00e9 relapses from his biceps problems<\/h3>  <p>The center-back <strong>had already injured the femoral biceps of his left thigh with France <\/strong>and, once again, the physical problems in that area prevent him from continuing. Three weeks before the start of the World Cup, Jules sets off the alarms in &#8216;Les Bleus&#8217; and in Catalonia, where of all the injured central defenders, <strong>Andreas Christensen is the closest to returning.<\/strong> The Dane could rush to reappear next weekend, although he will not force himself at the risk of missing the World Cup.<\/p> ","protected":false},"excerpt":{"rendered":"<p>The visit of FC Barcelona to Mestalla left a high price for the team led by Xavi Hern\u00e1ndez. In addition to Eric Garc\u00eda, Jules Kound\u00e9 also left injured in the second half due to muscle problems The drama of the FC Barcelona with the injuries in the first stretch of the season seems not having [&hellip;]<\/p>\n","protected":false},"author":347,"featured_media":40556,"comment_status":"closed","ping_status":"open","sticky":false,"template":"","format":"standard","meta":{"_acf_changed":false,"inline_featured_image":false,"_nextfly_llmd_date_locked":false,"footnotes":""},"categories":[448,114],"tags":[80],"class_list":["post-56738","post","type-post","status-publish","format-standard","has-post-thumbnail","hentry","category-laliga-2","category-laliga","tag-valencia-cf"],"acf":[],"yoast_head":"<!-- This site is optimized with the Yoast SEO plugin v27.3 - https:\/\/yoast.com\/product\/yoast-seo-wordpress\/ -->\n<title>Follow the drama at Bar\u00e7a! Kound\u00e9 &#039;breaks&#039; against Valencia<\/title>\n<meta name=\"description\" content=\"The visit of the FC Barcelona to Mestalla left a high price for the group directed by Xavi Hern\u00e1ndez. In addition to Eric Garc\u00eda, Jules Kound\u00e9 also left ...\" \/>\n<meta name=\"robots\" content=\"index, follow, max-snippet:-1, max-image-preview:large, max-video-preview:-1\" \/>\n<link rel=\"canonical\" href=\"https:\/\/www.fcbarcelonanoticias.com\/en\/laliga\/it-follows-the-drama-in-the-barca-kounde-break-against-the_285996_102.html\" \/>\n<meta property=\"og:locale\" content=\"en_US\" \/>\n<meta property=\"og:type\" content=\"article\" \/>\n<meta property=\"og:title\" content=\"Follow the drama at Bar\u00e7a! Kound\u00e9 &#039;breaks&#039; against Valencia\" \/>\n<meta property=\"og:description\" content=\"The visit of the FC Barcelona to Mestalla left a high price for the group directed by Xavi Hern\u00e1ndez. In addition to Eric Garc\u00eda, Jules Kound\u00e9 also left ...\" \/>\n<meta property=\"og:url\" content=\"https:\/\/www.fcbarcelonanoticias.com\/en\/laliga\/it-follows-the-drama-in-the-barca-kounde-break-against-the_285996_102.html\" \/>\n<meta property=\"og:site_name\" content=\"EN - FC Barcelona Noticias\" \/>\n<meta property=\"article:published_time\" content=\"2022-10-29T20:42:00+00:00\" \/>\n<meta property=\"article:modified_time\" content=\"2022-10-29T22:12:00+00:00\" \/>\n<meta property=\"og:image\" content=\"https:\/\/www.fcbarcelonanoticias.com\/en\/wp-content\/uploads\/sites\/2\/2025\/05\/jules-kounde-fc-barcelona.jpeg\" \/>\n\t<meta property=\"og:image:width\" content=\"1200\" \/>\n\t<meta property=\"og:image:height\" content=\"675\" \/>\n\t<meta property=\"og:image:type\" content=\"image\/jpeg\" \/>\n<meta name=\"author\" content=\"Andr\u00e9s Quiroz\" \/>\n<meta name=\"twitter:card\" content=\"summary_large_image\" \/>\n<meta name=\"twitter:label1\" content=\"Written by\" \/>\n\t<meta name=\"twitter:data1\" content=\"Andr\u00e9s Quiroz\" \/>\n\t<meta name=\"twitter:label2\" content=\"Est. reading time\" \/>\n\t<meta name=\"twitter:data2\" content=\"2 minutes\" \/>\n<script type=\"application\/ld+json\" class=\"yoast-schema-graph\">{\"@context\":\"https:\\\/\\\/schema.org\",\"@graph\":[{\"@type\":\"Article\",\"@id\":\"https:\\\/\\\/www.fcbarcelonanoticias.com\\\/en\\\/laliga\\\/it-follows-the-drama-in-the-barca-kounde-break-against-the_285996_102.html#article\",\"isPartOf\":{\"@id\":\"https:\\\/\\\/www.fcbarcelonanoticias.com\\\/en\\\/laliga\\\/it-follows-the-drama-in-the-barca-kounde-break-against-the_285996_102.html\"},\"author\":{\"name\":\"Andr\u00e9s Quiroz\",\"@id\":\"https:\\\/\\\/www.fcbarcelonanoticias.com\\\/en\\\/#\\\/schema\\\/person\\\/c2cd9f6fa1af5c0d0eccd0fefa575c88\"},\"headline\":\"Follow the drama at Bar\u00e7a! Kound\u00e9 &#8216;breaks&#8217; against Valencia\",\"datePublished\":\"2022-10-29T20:42:00+00:00\",\"dateModified\":\"2022-10-29T22:12:00+00:00\",\"mainEntityOfPage\":{\"@id\":\"https:\\\/\\\/www.fcbarcelonanoticias.com\\\/en\\\/laliga\\\/it-follows-the-drama-in-the-barca-kounde-break-against-the_285996_102.html\"},\"wordCount\":451,\"image\":{\"@id\":\"https:\\\/\\\/www.fcbarcelonanoticias.com\\\/en\\\/laliga\\\/it-follows-the-drama-in-the-barca-kounde-break-against-the_285996_102.html#primaryimage\"},\"thumbnailUrl\":\"https:\\\/\\\/www.fcbarcelonanoticias.com\\\/en\\\/wp-content\\\/uploads\\\/sites\\\/2\\\/2025\\\/05\\\/jules-kounde-fc-barcelona.jpeg\",\"keywords\":[\"Valencia CF\"],\"articleSection\":[\"LaLiga\",\"LaLiga\"],\"inLanguage\":\"en-US\"},{\"@type\":\"WebPage\",\"@id\":\"https:\\\/\\\/www.fcbarcelonanoticias.com\\\/en\\\/laliga\\\/it-follows-the-drama-in-the-barca-kounde-break-against-the_285996_102.html\",\"url\":\"https:\\\/\\\/www.fcbarcelonanoticias.com\\\/en\\\/laliga\\\/it-follows-the-drama-in-the-barca-kounde-break-against-the_285996_102.html\",\"name\":\"Follow the drama at Bar\u00e7a! Kound\u00e9 'breaks' against Valencia\",\"isPartOf\":{\"@id\":\"https:\\\/\\\/www.fcbarcelonanoticias.com\\\/en\\\/#website\"},\"primaryImageOfPage\":{\"@id\":\"https:\\\/\\\/www.fcbarcelonanoticias.com\\\/en\\\/laliga\\\/it-follows-the-drama-in-the-barca-kounde-break-against-the_285996_102.html#primaryimage\"},\"image\":{\"@id\":\"https:\\\/\\\/www.fcbarcelonanoticias.com\\\/en\\\/laliga\\\/it-follows-the-drama-in-the-barca-kounde-break-against-the_285996_102.html#primaryimage\"},\"thumbnailUrl\":\"https:\\\/\\\/www.fcbarcelonanoticias.com\\\/en\\\/wp-content\\\/uploads\\\/sites\\\/2\\\/2025\\\/05\\\/jules-kounde-fc-barcelona.jpeg\",\"datePublished\":\"2022-10-29T20:42:00+00:00\",\"dateModified\":\"2022-10-29T22:12:00+00:00\",\"author\":{\"@id\":\"https:\\\/\\\/www.fcbarcelonanoticias.com\\\/en\\\/#\\\/schema\\\/person\\\/c2cd9f6fa1af5c0d0eccd0fefa575c88\"},\"description\":\"The visit of the FC Barcelona to Mestalla left a high price for the group directed by Xavi Hern\u00e1ndez. In addition to Eric Garc\u00eda, Jules Kound\u00e9 also left ...\",\"breadcrumb\":{\"@id\":\"https:\\\/\\\/www.fcbarcelonanoticias.com\\\/en\\\/laliga\\\/it-follows-the-drama-in-the-barca-kounde-break-against-the_285996_102.html#breadcrumb\"},\"inLanguage\":\"en-US\",\"potentialAction\":[{\"@type\":\"ReadAction\",\"target\":[\"https:\\\/\\\/www.fcbarcelonanoticias.com\\\/en\\\/laliga\\\/it-follows-the-drama-in-the-barca-kounde-break-against-the_285996_102.html\"]}]},{\"@type\":\"ImageObject\",\"inLanguage\":\"en-US\",\"@id\":\"https:\\\/\\\/www.fcbarcelonanoticias.com\\\/en\\\/laliga\\\/it-follows-the-drama-in-the-barca-kounde-break-against-the_285996_102.html#primaryimage\",\"url\":\"https:\\\/\\\/www.fcbarcelonanoticias.com\\\/en\\\/wp-content\\\/uploads\\\/sites\\\/2\\\/2025\\\/05\\\/jules-kounde-fc-barcelona.jpeg\",\"contentUrl\":\"https:\\\/\\\/www.fcbarcelonanoticias.com\\\/en\\\/wp-content\\\/uploads\\\/sites\\\/2\\\/2025\\\/05\\\/jules-kounde-fc-barcelona.jpeg\",\"width\":1200,\"height\":675},{\"@type\":\"BreadcrumbList\",\"@id\":\"https:\\\/\\\/www.fcbarcelonanoticias.com\\\/en\\\/laliga\\\/it-follows-the-drama-in-the-barca-kounde-break-against-the_285996_102.html#breadcrumb\",\"itemListElement\":[{\"@type\":\"ListItem\",\"position\":1,\"name\":\"Portada\",\"item\":\"https:\\\/\\\/www.fcbarcelonanoticias.com\\\/en\\\/\"},{\"@type\":\"ListItem\",\"position\":2,\"name\":\"Follow the drama at Bar\u00e7a! Kound\u00e9 &#8216;breaks&#8217; against Valencia\"}]},{\"@type\":\"WebSite\",\"@id\":\"https:\\\/\\\/www.fcbarcelonanoticias.com\\\/en\\\/#website\",\"url\":\"https:\\\/\\\/www.fcbarcelonanoticias.com\\\/en\\\/\",\"name\":\"EN - FC Barcelona Noticias\",\"description\":\"\",\"potentialAction\":[{\"@type\":\"SearchAction\",\"target\":{\"@type\":\"EntryPoint\",\"urlTemplate\":\"https:\\\/\\\/www.fcbarcelonanoticias.com\\\/en\\\/?s={search_term_string}\"},\"query-input\":{\"@type\":\"PropertyValueSpecification\",\"valueRequired\":true,\"valueName\":\"search_term_string\"}}],\"inLanguage\":\"en-US\"},{\"@type\":\"Person\",\"@id\":\"https:\\\/\\\/www.fcbarcelonanoticias.com\\\/en\\\/#\\\/schema\\\/person\\\/c2cd9f6fa1af5c0d0eccd0fefa575c88\",\"name\":\"Andr\u00e9s Quiroz\",\"image\":{\"@type\":\"ImageObject\",\"inLanguage\":\"en-US\",\"@id\":\"https:\\\/\\\/secure.gravatar.com\\\/avatar\\\/?s=96&d=mm&r=g\",\"url\":\"https:\\\/\\\/secure.gravatar.com\\\/avatar\\\/?s=96&d=mm&r=g\",\"contentUrl\":\"https:\\\/\\\/secure.gravatar.com\\\/avatar\\\/?s=96&d=mm&r=g\",\"caption\":\"Andr\u00e9s Quiroz\"},\"description\":\"Licenciado en Periodismo por la Universidad de los Andes. Me encargo de analizar y compartir los contenidos m\u00e1s destacados de la\u00a0actualidad del F\u00fatbol Club Barcelona, Mercado de Fichajes y F\u00fatbol Internacional en FCBN. La informaci\u00f3n es poder, pero tambi\u00e9n conocimiento.\",\"url\":\"https:\\\/\\\/www.fcbarcelonanoticias.com\\\/en\\\/fc-barcelona\\\/andres-quiroz_17_115.html\"}]}<\/script>\n<!-- \/ Yoast SEO plugin. -->","yoast_head_json":{"title":"Follow the drama at Bar\u00e7a! Kound\u00e9 'breaks' against Valencia","description":"The visit of the FC Barcelona to Mestalla left a high price for the group directed by Xavi Hern\u00e1ndez. In addition to Eric Garc\u00eda, Jules Kound\u00e9 also left ...","robots":{"index":"index","follow":"follow","max-snippet":"max-snippet:-1","max-image-preview":"max-image-preview:large","max-video-preview":"max-video-preview:-1"},"canonical":"https:\/\/www.fcbarcelonanoticias.com\/en\/laliga\/it-follows-the-drama-in-the-barca-kounde-break-against-the_285996_102.html","og_locale":"en_US","og_type":"article","og_title":"Follow the drama at Bar\u00e7a! Kound\u00e9 'breaks' against Valencia","og_description":"The visit of the FC Barcelona to Mestalla left a high price for the group directed by Xavi Hern\u00e1ndez. In addition to Eric Garc\u00eda, Jules Kound\u00e9 also left ...","og_url":"https:\/\/www.fcbarcelonanoticias.com\/en\/laliga\/it-follows-the-drama-in-the-barca-kounde-break-against-the_285996_102.html","og_site_name":"EN - FC Barcelona Noticias","article_published_time":"2022-10-29T20:42:00+00:00","article_modified_time":"2022-10-29T22:12:00+00:00","og_image":[{"width":1200,"height":675,"url":"https:\/\/www.fcbarcelonanoticias.com\/en\/wp-content\/uploads\/sites\/2\/2025\/05\/jules-kounde-fc-barcelona.jpeg","type":"image\/jpeg"}],"author":"Andr\u00e9s Quiroz","twitter_card":"summary_large_image","twitter_misc":{"Written by":"Andr\u00e9s Quiroz","Est. reading time":"2 minutes"},"schema":{"@context":"https:\/\/schema.org","@graph":[{"@type":"Article","@id":"https:\/\/www.fcbarcelonanoticias.com\/en\/laliga\/it-follows-the-drama-in-the-barca-kounde-break-against-the_285996_102.html#article","isPartOf":{"@id":"https:\/\/www.fcbarcelonanoticias.com\/en\/laliga\/it-follows-the-drama-in-the-barca-kounde-break-against-the_285996_102.html"},"author":{"name":"Andr\u00e9s Quiroz","@id":"https:\/\/www.fcbarcelonanoticias.com\/en\/#\/schema\/person\/c2cd9f6fa1af5c0d0eccd0fefa575c88"},"headline":"Follow the drama at Bar\u00e7a! Kound\u00e9 &#8216;breaks&#8217; against Valencia","datePublished":"2022-10-29T20:42:00+00:00","dateModified":"2022-10-29T22:12:00+00:00","mainEntityOfPage":{"@id":"https:\/\/www.fcbarcelonanoticias.com\/en\/laliga\/it-follows-the-drama-in-the-barca-kounde-break-against-the_285996_102.html"},"wordCount":451,"image":{"@id":"https:\/\/www.fcbarcelonanoticias.com\/en\/laliga\/it-follows-the-drama-in-the-barca-kounde-break-against-the_285996_102.html#primaryimage"},"thumbnailUrl":"https:\/\/www.fcbarcelonanoticias.com\/en\/wp-content\/uploads\/sites\/2\/2025\/05\/jules-kounde-fc-barcelona.jpeg","keywords":["Valencia CF"],"articleSection":["LaLiga","LaLiga"],"inLanguage":"en-US"},{"@type":"WebPage","@id":"https:\/\/www.fcbarcelonanoticias.com\/en\/laliga\/it-follows-the-drama-in-the-barca-kounde-break-against-the_285996_102.html","url":"https:\/\/www.fcbarcelonanoticias.com\/en\/laliga\/it-follows-the-drama-in-the-barca-kounde-break-against-the_285996_102.html","name":"Follow the drama at Bar\u00e7a! Kound\u00e9 'breaks' against Valencia","isPartOf":{"@id":"https:\/\/www.fcbarcelonanoticias.com\/en\/#website"},"primaryImageOfPage":{"@id":"https:\/\/www.fcbarcelonanoticias.com\/en\/laliga\/it-follows-the-drama-in-the-barca-kounde-break-against-the_285996_102.html#primaryimage"},"image":{"@id":"https:\/\/www.fcbarcelonanoticias.com\/en\/laliga\/it-follows-the-drama-in-the-barca-kounde-break-against-the_285996_102.html#primaryimage"},"thumbnailUrl":"https:\/\/www.fcbarcelonanoticias.com\/en\/wp-content\/uploads\/sites\/2\/2025\/05\/jules-kounde-fc-barcelona.jpeg","datePublished":"2022-10-29T20:42:00+00:00","dateModified":"2022-10-29T22:12:00+00:00","author":{"@id":"https:\/\/www.fcbarcelonanoticias.com\/en\/#\/schema\/person\/c2cd9f6fa1af5c0d0eccd0fefa575c88"},"description":"The visit of the FC Barcelona to Mestalla left a high price for the group directed by Xavi Hern\u00e1ndez. In addition to Eric Garc\u00eda, Jules Kound\u00e9 also left ...","breadcrumb":{"@id":"https:\/\/www.fcbarcelonanoticias.com\/en\/laliga\/it-follows-the-drama-in-the-barca-kounde-break-against-the_285996_102.html#breadcrumb"},"inLanguage":"en-US","potentialAction":[{"@type":"ReadAction","target":["https:\/\/www.fcbarcelonanoticias.com\/en\/laliga\/it-follows-the-drama-in-the-barca-kounde-break-against-the_285996_102.html"]}]},{"@type":"ImageObject","inLanguage":"en-US","@id":"https:\/\/www.fcbarcelonanoticias.com\/en\/laliga\/it-follows-the-drama-in-the-barca-kounde-break-against-the_285996_102.html#primaryimage","url":"https:\/\/www.fcbarcelonanoticias.com\/en\/wp-content\/uploads\/sites\/2\/2025\/05\/jules-kounde-fc-barcelona.jpeg","contentUrl":"https:\/\/www.fcbarcelonanoticias.com\/en\/wp-content\/uploads\/sites\/2\/2025\/05\/jules-kounde-fc-barcelona.jpeg","width":1200,"height":675},{"@type":"BreadcrumbList","@id":"https:\/\/www.fcbarcelonanoticias.com\/en\/laliga\/it-follows-the-drama-in-the-barca-kounde-break-against-the_285996_102.html#breadcrumb","itemListElement":[{"@type":"ListItem","position":1,"name":"Portada","item":"https:\/\/www.fcbarcelonanoticias.com\/en\/"},{"@type":"ListItem","position":2,"name":"Follow the drama at Bar\u00e7a! Kound\u00e9 &#8216;breaks&#8217; against Valencia"}]},{"@type":"WebSite","@id":"https:\/\/www.fcbarcelonanoticias.com\/en\/#website","url":"https:\/\/www.fcbarcelonanoticias.com\/en\/","name":"EN - FC Barcelona Noticias","description":"","potentialAction":[{"@type":"SearchAction","target":{"@type":"EntryPoint","urlTemplate":"https:\/\/www.fcbarcelonanoticias.com\/en\/?s={search_term_string}"},"query-input":{"@type":"PropertyValueSpecification","valueRequired":true,"valueName":"search_term_string"}}],"inLanguage":"en-US"},{"@type":"Person","@id":"https:\/\/www.fcbarcelonanoticias.com\/en\/#\/schema\/person\/c2cd9f6fa1af5c0d0eccd0fefa575c88","name":"Andr\u00e9s Quiroz","image":{"@type":"ImageObject","inLanguage":"en-US","@id":"https:\/\/secure.gravatar.com\/avatar\/?s=96&d=mm&r=g","url":"https:\/\/secure.gravatar.com\/avatar\/?s=96&d=mm&r=g","contentUrl":"https:\/\/secure.gravatar.com\/avatar\/?s=96&d=mm&r=g","caption":"Andr\u00e9s Quiroz"},"description":"Licenciado en Periodismo por la Universidad de los Andes. Me encargo de analizar y compartir los contenidos m\u00e1s destacados de la\u00a0actualidad del F\u00fatbol Club Barcelona, Mercado de Fichajes y F\u00fatbol Internacional en FCBN. La informaci\u00f3n es poder, pero tambi\u00e9n conocimiento.","url":"https:\/\/www.fcbarcelonanoticias.com\/en\/fc-barcelona\/andres-quiroz_17_115.html"}]}},"_links":{"self":[{"href":"https:\/\/www.fcbarcelonanoticias.com\/en\/wp-json\/wp\/v2\/posts\/56738","targetHints":{"allow":["GET"]}}],"collection":[{"href":"https:\/\/www.fcbarcelonanoticias.com\/en\/wp-json\/wp\/v2\/posts"}],"about":[{"href":"https:\/\/www.fcbarcelonanoticias.com\/en\/wp-json\/wp\/v2\/types\/post"}],"author":[{"embeddable":true,"href":"https:\/\/www.fcbarcelonanoticias.com\/en\/wp-json\/wp\/v2\/users\/347"}],"replies":[{"embeddable":true,"href":"https:\/\/www.fcbarcelonanoticias.com\/en\/wp-json\/wp\/v2\/comments?post=56738"}],"version-history":[{"count":6,"href":"https:\/\/www.fcbarcelonanoticias.com\/en\/wp-json\/wp\/v2\/posts\/56738\/revisions"}],"predecessor-version":[{"id":56749,"href":"https:\/\/www.fcbarcelonanoticias.com\/en\/wp-json\/wp\/v2\/posts\/56738\/revisions\/56749"}],"wp:featuredmedia":[{"embeddable":true,"href":"https:\/\/www.fcbarcelonanoticias.com\/en\/wp-json\/wp\/v2\/media\/40556"}],"wp:attachment":[{"href":"https:\/\/www.fcbarcelonanoticias.com\/en\/wp-json\/wp\/v2\/media?parent=56738"}],"wp:term":[{"taxonomy":"category","embeddable":true,"href":"https:\/\/www.fcbarcelonanoticias.com\/en\/wp-json\/wp\/v2\/categories?post=56738"},{"taxonomy":"post_tag","embeddable":true,"href":"https:\/\/www.fcbarcelonanoticias.com\/en\/wp-json\/wp\/v2\/tags?post=56738"}],"curies":[{"name":"wp","href":"https:\/\/api.w.org\/{rel}","templated":true}]}}