{"id":5675,"date":"2022-05-04T23:36:00","date_gmt":"2022-05-04T21:36:00","guid":{"rendered":"https:\/\/weisetech.dev\/fc-barcelona-noticias\/en\/miracle-of-the-madrid-the-whites-trace-back-to-the-city-in-the-extention-3-1_280000_102\/"},"modified":"2022-05-05T10:31:00","modified_gmt":"2022-05-05T08:31:00","slug":"miracle-of-the-madrid-the-whites-trace-back-to-the-city-in-the-extention-3-1_280000_102","status":"publish","type":"post","link":"https:\/\/www.fcbarcelonanoticias.com\/en\/champions-league\/miracle-of-the-madrid-the-whites-trace-back-to-the-city-in-the-extention-3-1_280000_102.html","title":{"rendered":"Miracle of Madrid! The whites come back to City in extra time (3-1)"},"content":{"rendered":"<h2 class=\"wp-block-heading\">Real Madrid returns to the Champions League final and will repeat the 2018 definition against Liverpool. The Whites seemed dedicated, but a brace from Rodrygo in stoppage time sent the game into extra time. Benzema did the rest in extra time<\/h2>  \r\n<div class=\"article-addons\">\r\n    <a href=\"https:\/\/www.fcbarcelonanoticias.com\/en\/calendar-fc-barcelona.html\"\r\n       target=\"_self\"\r\n       title=\"Calendar of FC Barcelona\"\r\n       class=\"blue-gredient-btn\">\r\n       \r\n        Calendar of FC Barcelona    <\/a>\r\n<\/div>   <p>Real Madrid and <a data-external=\"0\" data-intl-links-en=\"https:\/\/www.fcbarcelonanoticias.com\/en\/transfers\/the-signing-of-haaland-by-the-city-is-in-the-hands-of-gu_279986_102.html\" data-intl-links-es=\"https:\/\/www.fcbarcelonanoticias.com\/fichajes\/fichaje-haaland-por-city-esta-en-manos-guardiola_279986_102.html\" href=\"https:\/\/www.fcbarcelonanoticias.com\/en\/transfers\/the-signing-of-haaland-by-the-city-is-in-the-hands-of-gu_279986_102.html\" rel=\"follow\" target=\"_self\" title=\"El fichaje de Haaland por el City est\u00e1 en 'manos' de Guardiola\">Manchester City<\/a> completed a very different party to the of the past week in the Etihad Stadium, but with a spectacular end and impensado, with the en\u00e9sima white epic of the season. <strong>The turn was much more tactical, with the ones of Pep Guardiola looking for hurt with the high pressure<\/strong> <strong>and the occupation of spaces<\/strong> in the first time and a team &#8216;merengue&#8217; launched to the attack taking advantage of the speed of Vinicius by the left in the second stretch.<\/p>  <p>The venues initiated very enchufados the party, presionando the exit &#8216;cityzen&#8217; and trying apply numerical superiority in the centre of the field with the presence of Luka Modri\u0107 and Federico Valverde behind Vinicius and Karim Benzema. Likewise, <strong>the presence of Casemiro gave him to the ones of Carlo Ancelotti greater balance<\/strong> to recover fast and bet to the vertical game, with which Benzema had a very clear of head grieve to the four minutes of game.<\/p>  <p>Nevertheless, to the French cost him the definition like few times in the season and in the 12&#8242; had another clear, but finished badly of right. After the minute 20, the City did with the control of the balloon, creating the clearest opportunities of the first time. <strong>Bernardo Silva had the clearest in the 20&#8242; with a powerful finish that Thibaut Courtois took out throwing of reflections<\/strong>, with the very firm hands. The Belgian answered again in the 40&#8242; cutting across a shot of Phil Foden when the party luc\u00eda more trabado that never.<\/p>  <p>With the 0-0 went to the rest, giving the feeling that the ones of Pep had everything under control. Nevertheless, the <a al=\"\" data-external=\"0\" data-intl-links-en=\"https:\/\/www.fcbarcelonanoticias.com\/en\/champions-league\/salah-looks-for-revenge-i-want-to-to-the-madrid-in-the-final_279975_102.html\" data-intl-links-es=\"https:\/\/www.fcbarcelonanoticias.com\/champions-league\/salah-busca-venganza-quiero-madrid-final_279975_102.html\" en=\"\" final=\"\" href=\"https:\/\/www.fcbarcelonanoticias.com\/en\/champions-league\/salah-looks-for-revenge-i-want-to-to-the-madrid-in-the-final_279975_102.html\" la=\"\" madrid=\"\" quiero=\"\" rel=\"follow\" target=\"_self\" title=\"Salah busca venganza: \">Madrid<\/a> took advantage of a distraction of the English group after the initial kickoff of the second time. Pelotazo For Dani Carvajal, <strong>centre crossed of the side and Vinicius, only, finished diverted<\/strong>. The whites repeated the strategy of first time and launched to drown the exit of the City, but the venues did not find solution in the definition.<\/p>  <h3>They arrived the variants and opened the party<\/h3>  <p>Guardiola Moved the bench in the minute 72. <strong>Walker, lesionado, left his place to Zinchenko and G\u00fcndo\u011fan ingres\u00f3 by an instrascendente Kevin Of Bruyne<\/strong>. Previously, Ancelotti put to Rodrygo by Toni Kroos and the Madrid yielded spaces in the medullary, which G\u00fcndo\u011fan took advantage of to arm a stupendous played with Bernardo Silva. <strong>The Portuguese enabled to Riyad Mahrez, the one who defined of first fusilando to Courtouis. 73 minutes.<\/strong> Seventh goal of Mahrez in the tournament, goleador of the English; 0-1 and silence in Santiago Bernab\u00e9u.<\/p>  <p>In spite of the advantage, the venues did not conform and <strong>Pep put to Jack Grealish<\/strong> by Gabriel Jes\u00fas. The &#8217;10&#8217; took advantage of the embarrassment of the white saga and <strong>had the sentence in the 86&#8242;, defining with a finish mildly hammered in front of Courtois, but Ferland Mendy saved just on the line<\/strong>. And it came the 90&#8242;. And it appeared the magic, the mystic. It go one to know what there is in the Bernab\u00e9u, but desat\u00f3 the madness impensada.<\/p>  <h3>Madness in the end, en\u00e9sima epic of the Madrid<\/h3>  <p><strong>The ones of Ancelotti seemed delivered, without ideas<\/strong>, but appeared Benzema and Rodrygo justified his role of acting stellar. Camavinga, ingresado by Modri\u0107 in the 75&#8242;, sent <strong>a pelotazo crusader that went down Benzema in extremis so that the Brazilian fusilara to Ederson. 90 minutes, 1-1 and white resurrection<\/strong>. In the following played, Carvajal devised them to him to throw a centre to the pot.<strong> Asensio, the one who replaced to Casemiro, brushed mildly of head and Rodrygo did the rest<\/strong> with another head butt to the angle. 91 minutes, 2-1 and tie to 5 in the global.<\/p>  <p>The same Rodrygo had the classification before the end, but Ederson baled out to time. With the visitors in shock arrived the lengthen and the unavoidable. <strong>R\u00faben Dias Demolished to Karim in a distraction and the French invoiceed his second penalti of the series in the minute 5 of the first extention. 3-1.<\/strong> The City looked for it to the end, but no longer there was lucidity neither physicist to change the history. Another traced back historical, inexplicable, incredible. The Madrid will play the final of the Champions in front of the Liverpool in Paris. Like this it was written. Like this it had to be.<\/p> ","protected":false},"excerpt":{"rendered":"<p>Real Madrid returns to the Champions League final and will repeat the 2018 definition against Liverpool. The Whites seemed dedicated, but a brace from Rodrygo in stoppage time sent the game into extra time. Benzema did the rest in extra time Real Madrid and Manchester City completed a very different party to the of the [&hellip;]<\/p>\n","protected":false},"author":347,"featured_media":5676,"comment_status":"closed","ping_status":"open","sticky":false,"template":"","format":"standard","meta":{"_acf_changed":false,"inline_featured_image":false,"_nextfly_llmd_date_locked":false,"footnotes":""},"categories":[112,447],"tags":[97,178],"class_list":["post-5675","post","type-post","status-publish","format-standard","has-post-thumbnail","hentry","category-champions-league","category-champions-league-2","tag-manchester-city","tag-pep-guardiola"],"acf":[],"yoast_head":"<!-- This site is optimized with the Yoast SEO plugin v27.3 - https:\/\/yoast.com\/product\/yoast-seo-wordpress\/ -->\n<title>Miracle of the Madrid! The whites trace back to the City in the extention (3-1)<\/title>\n<meta name=\"description\" content=\"FCBarcelonaNoticias.com\" \/>\n<meta name=\"robots\" content=\"index, follow, max-snippet:-1, max-image-preview:large, max-video-preview:-1\" \/>\n<link rel=\"canonical\" href=\"https:\/\/www.fcbarcelonanoticias.com\/en\/champions-league\/miracle-of-the-madrid-the-whites-trace-back-to-the-city-in-the-extention-3-1_280000_102.html\" \/>\n<meta property=\"og:locale\" content=\"en_US\" \/>\n<meta property=\"og:type\" content=\"article\" \/>\n<meta property=\"og:title\" content=\"Miracle of the Madrid! The whites trace back to the City in the extention (3-1)\" \/>\n<meta property=\"og:description\" content=\"FCBarcelonaNoticias.com\" \/>\n<meta property=\"og:url\" content=\"https:\/\/www.fcbarcelonanoticias.com\/en\/champions-league\/miracle-of-the-madrid-the-whites-trace-back-to-the-city-in-the-extention-3-1_280000_102.html\" \/>\n<meta property=\"og:site_name\" content=\"EN - FC Barcelona Noticias\" \/>\n<meta property=\"article:published_time\" content=\"2022-05-04T21:36:00+00:00\" \/>\n<meta property=\"article:modified_time\" content=\"2022-05-05T08:31:00+00:00\" \/>\n<meta property=\"og:image\" content=\"https:\/\/www.fcbarcelonanoticias.com\/en\/wp-content\/uploads\/sites\/2\/2022\/05\/real-madrid-v-manchester-city.jpeg\" \/>\n\t<meta property=\"og:image:width\" content=\"1300\" \/>\n\t<meta property=\"og:image:height\" content=\"732\" \/>\n\t<meta property=\"og:image:type\" content=\"image\/jpeg\" \/>\n<meta name=\"author\" content=\"Andr\u00e9s Quiroz\" \/>\n<meta name=\"twitter:card\" content=\"summary_large_image\" \/>\n<meta name=\"twitter:label1\" content=\"Written by\" \/>\n\t<meta name=\"twitter:data1\" content=\"Andr\u00e9s Quiroz\" \/>\n\t<meta name=\"twitter:label2\" content=\"Est. reading time\" \/>\n\t<meta name=\"twitter:data2\" content=\"4 minutes\" \/>\n<script type=\"application\/ld+json\" class=\"yoast-schema-graph\">{\"@context\":\"https:\\\/\\\/schema.org\",\"@graph\":[{\"@type\":\"Article\",\"@id\":\"https:\\\/\\\/www.fcbarcelonanoticias.com\\\/en\\\/champions-league\\\/miracle-of-the-madrid-the-whites-trace-back-to-the-city-in-the-extention-3-1_280000_102.html#article\",\"isPartOf\":{\"@id\":\"https:\\\/\\\/www.fcbarcelonanoticias.com\\\/en\\\/champions-league\\\/miracle-of-the-madrid-the-whites-trace-back-to-the-city-in-the-extention-3-1_280000_102.html\"},\"author\":{\"name\":\"Andr\u00e9s Quiroz\",\"@id\":\"https:\\\/\\\/www.fcbarcelonanoticias.com\\\/en\\\/#\\\/schema\\\/person\\\/c2cd9f6fa1af5c0d0eccd0fefa575c88\"},\"headline\":\"Miracle of Madrid! The whites come back to City in extra time (3-1)\",\"datePublished\":\"2022-05-04T21:36:00+00:00\",\"dateModified\":\"2022-05-05T08:31:00+00:00\",\"mainEntityOfPage\":{\"@id\":\"https:\\\/\\\/www.fcbarcelonanoticias.com\\\/en\\\/champions-league\\\/miracle-of-the-madrid-the-whites-trace-back-to-the-city-in-the-extention-3-1_280000_102.html\"},\"wordCount\":776,\"image\":{\"@id\":\"https:\\\/\\\/www.fcbarcelonanoticias.com\\\/en\\\/champions-league\\\/miracle-of-the-madrid-the-whites-trace-back-to-the-city-in-the-extention-3-1_280000_102.html#primaryimage\"},\"thumbnailUrl\":\"https:\\\/\\\/www.fcbarcelonanoticias.com\\\/en\\\/wp-content\\\/uploads\\\/sites\\\/2\\\/2022\\\/05\\\/real-madrid-v-manchester-city.jpeg\",\"keywords\":[\"Manchester City\",\"Pep Guardiola\"],\"articleSection\":[\"Champions League\",\"Champions League\"],\"inLanguage\":\"en-US\"},{\"@type\":\"WebPage\",\"@id\":\"https:\\\/\\\/www.fcbarcelonanoticias.com\\\/en\\\/champions-league\\\/miracle-of-the-madrid-the-whites-trace-back-to-the-city-in-the-extention-3-1_280000_102.html\",\"url\":\"https:\\\/\\\/www.fcbarcelonanoticias.com\\\/en\\\/champions-league\\\/miracle-of-the-madrid-the-whites-trace-back-to-the-city-in-the-extention-3-1_280000_102.html\",\"name\":\"Miracle of the Madrid! The whites trace back to the City in the extention (3-1)\",\"isPartOf\":{\"@id\":\"https:\\\/\\\/www.fcbarcelonanoticias.com\\\/en\\\/#website\"},\"primaryImageOfPage\":{\"@id\":\"https:\\\/\\\/www.fcbarcelonanoticias.com\\\/en\\\/champions-league\\\/miracle-of-the-madrid-the-whites-trace-back-to-the-city-in-the-extention-3-1_280000_102.html#primaryimage\"},\"image\":{\"@id\":\"https:\\\/\\\/www.fcbarcelonanoticias.com\\\/en\\\/champions-league\\\/miracle-of-the-madrid-the-whites-trace-back-to-the-city-in-the-extention-3-1_280000_102.html#primaryimage\"},\"thumbnailUrl\":\"https:\\\/\\\/www.fcbarcelonanoticias.com\\\/en\\\/wp-content\\\/uploads\\\/sites\\\/2\\\/2022\\\/05\\\/real-madrid-v-manchester-city.jpeg\",\"datePublished\":\"2022-05-04T21:36:00+00:00\",\"dateModified\":\"2022-05-05T08:31:00+00:00\",\"author\":{\"@id\":\"https:\\\/\\\/www.fcbarcelonanoticias.com\\\/en\\\/#\\\/schema\\\/person\\\/c2cd9f6fa1af5c0d0eccd0fefa575c88\"},\"description\":\"FCBarcelonaNoticias.com\",\"breadcrumb\":{\"@id\":\"https:\\\/\\\/www.fcbarcelonanoticias.com\\\/en\\\/champions-league\\\/miracle-of-the-madrid-the-whites-trace-back-to-the-city-in-the-extention-3-1_280000_102.html#breadcrumb\"},\"inLanguage\":\"en-US\",\"potentialAction\":[{\"@type\":\"ReadAction\",\"target\":[\"https:\\\/\\\/www.fcbarcelonanoticias.com\\\/en\\\/champions-league\\\/miracle-of-the-madrid-the-whites-trace-back-to-the-city-in-the-extention-3-1_280000_102.html\"]}]},{\"@type\":\"ImageObject\",\"inLanguage\":\"en-US\",\"@id\":\"https:\\\/\\\/www.fcbarcelonanoticias.com\\\/en\\\/champions-league\\\/miracle-of-the-madrid-the-whites-trace-back-to-the-city-in-the-extention-3-1_280000_102.html#primaryimage\",\"url\":\"https:\\\/\\\/www.fcbarcelonanoticias.com\\\/en\\\/wp-content\\\/uploads\\\/sites\\\/2\\\/2022\\\/05\\\/real-madrid-v-manchester-city.jpeg\",\"contentUrl\":\"https:\\\/\\\/www.fcbarcelonanoticias.com\\\/en\\\/wp-content\\\/uploads\\\/sites\\\/2\\\/2022\\\/05\\\/real-madrid-v-manchester-city.jpeg\",\"width\":1300,\"height\":732},{\"@type\":\"BreadcrumbList\",\"@id\":\"https:\\\/\\\/www.fcbarcelonanoticias.com\\\/en\\\/champions-league\\\/miracle-of-the-madrid-the-whites-trace-back-to-the-city-in-the-extention-3-1_280000_102.html#breadcrumb\",\"itemListElement\":[{\"@type\":\"ListItem\",\"position\":1,\"name\":\"Portada\",\"item\":\"https:\\\/\\\/www.fcbarcelonanoticias.com\\\/en\\\/\"},{\"@type\":\"ListItem\",\"position\":2,\"name\":\"Miracle of Madrid! The whites come back to City in extra time (3-1)\"}]},{\"@type\":\"WebSite\",\"@id\":\"https:\\\/\\\/www.fcbarcelonanoticias.com\\\/en\\\/#website\",\"url\":\"https:\\\/\\\/www.fcbarcelonanoticias.com\\\/en\\\/\",\"name\":\"EN - FC Barcelona Noticias\",\"description\":\"\",\"potentialAction\":[{\"@type\":\"SearchAction\",\"target\":{\"@type\":\"EntryPoint\",\"urlTemplate\":\"https:\\\/\\\/www.fcbarcelonanoticias.com\\\/en\\\/?s={search_term_string}\"},\"query-input\":{\"@type\":\"PropertyValueSpecification\",\"valueRequired\":true,\"valueName\":\"search_term_string\"}}],\"inLanguage\":\"en-US\"},{\"@type\":\"Person\",\"@id\":\"https:\\\/\\\/www.fcbarcelonanoticias.com\\\/en\\\/#\\\/schema\\\/person\\\/c2cd9f6fa1af5c0d0eccd0fefa575c88\",\"name\":\"Andr\u00e9s Quiroz\",\"image\":{\"@type\":\"ImageObject\",\"inLanguage\":\"en-US\",\"@id\":\"https:\\\/\\\/secure.gravatar.com\\\/avatar\\\/?s=96&d=mm&r=g\",\"url\":\"https:\\\/\\\/secure.gravatar.com\\\/avatar\\\/?s=96&d=mm&r=g\",\"contentUrl\":\"https:\\\/\\\/secure.gravatar.com\\\/avatar\\\/?s=96&d=mm&r=g\",\"caption\":\"Andr\u00e9s Quiroz\"},\"description\":\"Licenciado en Periodismo por la Universidad de los Andes. Me encargo de analizar y compartir los contenidos m\u00e1s destacados de la\u00a0actualidad del F\u00fatbol Club Barcelona, Mercado de Fichajes y F\u00fatbol Internacional en FCBN. La informaci\u00f3n es poder, pero tambi\u00e9n conocimiento.\",\"url\":\"https:\\\/\\\/www.fcbarcelonanoticias.com\\\/en\\\/fc-barcelona\\\/andres-quiroz_17_115.html\"}]}<\/script>\n<!-- \/ Yoast SEO plugin. -->","yoast_head_json":{"title":"Miracle of the Madrid! The whites trace back to the City in the extention (3-1)","description":"FCBarcelonaNoticias.com","robots":{"index":"index","follow":"follow","max-snippet":"max-snippet:-1","max-image-preview":"max-image-preview:large","max-video-preview":"max-video-preview:-1"},"canonical":"https:\/\/www.fcbarcelonanoticias.com\/en\/champions-league\/miracle-of-the-madrid-the-whites-trace-back-to-the-city-in-the-extention-3-1_280000_102.html","og_locale":"en_US","og_type":"article","og_title":"Miracle of the Madrid! The whites trace back to the City in the extention (3-1)","og_description":"FCBarcelonaNoticias.com","og_url":"https:\/\/www.fcbarcelonanoticias.com\/en\/champions-league\/miracle-of-the-madrid-the-whites-trace-back-to-the-city-in-the-extention-3-1_280000_102.html","og_site_name":"EN - FC Barcelona Noticias","article_published_time":"2022-05-04T21:36:00+00:00","article_modified_time":"2022-05-05T08:31:00+00:00","og_image":[{"width":1300,"height":732,"url":"https:\/\/www.fcbarcelonanoticias.com\/en\/wp-content\/uploads\/sites\/2\/2022\/05\/real-madrid-v-manchester-city.jpeg","type":"image\/jpeg"}],"author":"Andr\u00e9s Quiroz","twitter_card":"summary_large_image","twitter_misc":{"Written by":"Andr\u00e9s Quiroz","Est. reading time":"4 minutes"},"schema":{"@context":"https:\/\/schema.org","@graph":[{"@type":"Article","@id":"https:\/\/www.fcbarcelonanoticias.com\/en\/champions-league\/miracle-of-the-madrid-the-whites-trace-back-to-the-city-in-the-extention-3-1_280000_102.html#article","isPartOf":{"@id":"https:\/\/www.fcbarcelonanoticias.com\/en\/champions-league\/miracle-of-the-madrid-the-whites-trace-back-to-the-city-in-the-extention-3-1_280000_102.html"},"author":{"name":"Andr\u00e9s Quiroz","@id":"https:\/\/www.fcbarcelonanoticias.com\/en\/#\/schema\/person\/c2cd9f6fa1af5c0d0eccd0fefa575c88"},"headline":"Miracle of Madrid! The whites come back to City in extra time (3-1)","datePublished":"2022-05-04T21:36:00+00:00","dateModified":"2022-05-05T08:31:00+00:00","mainEntityOfPage":{"@id":"https:\/\/www.fcbarcelonanoticias.com\/en\/champions-league\/miracle-of-the-madrid-the-whites-trace-back-to-the-city-in-the-extention-3-1_280000_102.html"},"wordCount":776,"image":{"@id":"https:\/\/www.fcbarcelonanoticias.com\/en\/champions-league\/miracle-of-the-madrid-the-whites-trace-back-to-the-city-in-the-extention-3-1_280000_102.html#primaryimage"},"thumbnailUrl":"https:\/\/www.fcbarcelonanoticias.com\/en\/wp-content\/uploads\/sites\/2\/2022\/05\/real-madrid-v-manchester-city.jpeg","keywords":["Manchester City","Pep Guardiola"],"articleSection":["Champions League","Champions League"],"inLanguage":"en-US"},{"@type":"WebPage","@id":"https:\/\/www.fcbarcelonanoticias.com\/en\/champions-league\/miracle-of-the-madrid-the-whites-trace-back-to-the-city-in-the-extention-3-1_280000_102.html","url":"https:\/\/www.fcbarcelonanoticias.com\/en\/champions-league\/miracle-of-the-madrid-the-whites-trace-back-to-the-city-in-the-extention-3-1_280000_102.html","name":"Miracle of the Madrid! The whites trace back to the City in the extention (3-1)","isPartOf":{"@id":"https:\/\/www.fcbarcelonanoticias.com\/en\/#website"},"primaryImageOfPage":{"@id":"https:\/\/www.fcbarcelonanoticias.com\/en\/champions-league\/miracle-of-the-madrid-the-whites-trace-back-to-the-city-in-the-extention-3-1_280000_102.html#primaryimage"},"image":{"@id":"https:\/\/www.fcbarcelonanoticias.com\/en\/champions-league\/miracle-of-the-madrid-the-whites-trace-back-to-the-city-in-the-extention-3-1_280000_102.html#primaryimage"},"thumbnailUrl":"https:\/\/www.fcbarcelonanoticias.com\/en\/wp-content\/uploads\/sites\/2\/2022\/05\/real-madrid-v-manchester-city.jpeg","datePublished":"2022-05-04T21:36:00+00:00","dateModified":"2022-05-05T08:31:00+00:00","author":{"@id":"https:\/\/www.fcbarcelonanoticias.com\/en\/#\/schema\/person\/c2cd9f6fa1af5c0d0eccd0fefa575c88"},"description":"FCBarcelonaNoticias.com","breadcrumb":{"@id":"https:\/\/www.fcbarcelonanoticias.com\/en\/champions-league\/miracle-of-the-madrid-the-whites-trace-back-to-the-city-in-the-extention-3-1_280000_102.html#breadcrumb"},"inLanguage":"en-US","potentialAction":[{"@type":"ReadAction","target":["https:\/\/www.fcbarcelonanoticias.com\/en\/champions-league\/miracle-of-the-madrid-the-whites-trace-back-to-the-city-in-the-extention-3-1_280000_102.html"]}]},{"@type":"ImageObject","inLanguage":"en-US","@id":"https:\/\/www.fcbarcelonanoticias.com\/en\/champions-league\/miracle-of-the-madrid-the-whites-trace-back-to-the-city-in-the-extention-3-1_280000_102.html#primaryimage","url":"https:\/\/www.fcbarcelonanoticias.com\/en\/wp-content\/uploads\/sites\/2\/2022\/05\/real-madrid-v-manchester-city.jpeg","contentUrl":"https:\/\/www.fcbarcelonanoticias.com\/en\/wp-content\/uploads\/sites\/2\/2022\/05\/real-madrid-v-manchester-city.jpeg","width":1300,"height":732},{"@type":"BreadcrumbList","@id":"https:\/\/www.fcbarcelonanoticias.com\/en\/champions-league\/miracle-of-the-madrid-the-whites-trace-back-to-the-city-in-the-extention-3-1_280000_102.html#breadcrumb","itemListElement":[{"@type":"ListItem","position":1,"name":"Portada","item":"https:\/\/www.fcbarcelonanoticias.com\/en\/"},{"@type":"ListItem","position":2,"name":"Miracle of Madrid! The whites come back to City in extra time (3-1)"}]},{"@type":"WebSite","@id":"https:\/\/www.fcbarcelonanoticias.com\/en\/#website","url":"https:\/\/www.fcbarcelonanoticias.com\/en\/","name":"EN - FC Barcelona Noticias","description":"","potentialAction":[{"@type":"SearchAction","target":{"@type":"EntryPoint","urlTemplate":"https:\/\/www.fcbarcelonanoticias.com\/en\/?s={search_term_string}"},"query-input":{"@type":"PropertyValueSpecification","valueRequired":true,"valueName":"search_term_string"}}],"inLanguage":"en-US"},{"@type":"Person","@id":"https:\/\/www.fcbarcelonanoticias.com\/en\/#\/schema\/person\/c2cd9f6fa1af5c0d0eccd0fefa575c88","name":"Andr\u00e9s Quiroz","image":{"@type":"ImageObject","inLanguage":"en-US","@id":"https:\/\/secure.gravatar.com\/avatar\/?s=96&d=mm&r=g","url":"https:\/\/secure.gravatar.com\/avatar\/?s=96&d=mm&r=g","contentUrl":"https:\/\/secure.gravatar.com\/avatar\/?s=96&d=mm&r=g","caption":"Andr\u00e9s Quiroz"},"description":"Licenciado en Periodismo por la Universidad de los Andes. Me encargo de analizar y compartir los contenidos m\u00e1s destacados de la\u00a0actualidad del F\u00fatbol Club Barcelona, Mercado de Fichajes y F\u00fatbol Internacional en FCBN. La informaci\u00f3n es poder, pero tambi\u00e9n conocimiento.","url":"https:\/\/www.fcbarcelonanoticias.com\/en\/fc-barcelona\/andres-quiroz_17_115.html"}]}},"_links":{"self":[{"href":"https:\/\/www.fcbarcelonanoticias.com\/en\/wp-json\/wp\/v2\/posts\/5675","targetHints":{"allow":["GET"]}}],"collection":[{"href":"https:\/\/www.fcbarcelonanoticias.com\/en\/wp-json\/wp\/v2\/posts"}],"about":[{"href":"https:\/\/www.fcbarcelonanoticias.com\/en\/wp-json\/wp\/v2\/types\/post"}],"author":[{"embeddable":true,"href":"https:\/\/www.fcbarcelonanoticias.com\/en\/wp-json\/wp\/v2\/users\/347"}],"replies":[{"embeddable":true,"href":"https:\/\/www.fcbarcelonanoticias.com\/en\/wp-json\/wp\/v2\/comments?post=5675"}],"version-history":[{"count":1,"href":"https:\/\/www.fcbarcelonanoticias.com\/en\/wp-json\/wp\/v2\/posts\/5675\/revisions"}],"predecessor-version":[{"id":104287,"href":"https:\/\/www.fcbarcelonanoticias.com\/en\/wp-json\/wp\/v2\/posts\/5675\/revisions\/104287"}],"wp:featuredmedia":[{"embeddable":true,"href":"https:\/\/www.fcbarcelonanoticias.com\/en\/wp-json\/wp\/v2\/media\/5676"}],"wp:attachment":[{"href":"https:\/\/www.fcbarcelonanoticias.com\/en\/wp-json\/wp\/v2\/media?parent=5675"}],"wp:term":[{"taxonomy":"category","embeddable":true,"href":"https:\/\/www.fcbarcelonanoticias.com\/en\/wp-json\/wp\/v2\/categories?post=5675"},{"taxonomy":"post_tag","embeddable":true,"href":"https:\/\/www.fcbarcelonanoticias.com\/en\/wp-json\/wp\/v2\/tags?post=5675"}],"curies":[{"name":"wp","href":"https:\/\/api.w.org\/{rel}","templated":true}]}}