{"id":56818,"date":"2023-10-08T22:02:00","date_gmt":"2023-10-08T20:02:00","guid":{"rendered":"https:\/\/weisetech.dev\/fc-barcelona-noticias\/en\/it-follows-the-drama-with-the-injuries-kounde-leaves-the-granada-barca-limping_296896_102\/"},"modified":"2023-10-09T00:57:00","modified_gmt":"2023-10-08T22:57:00","slug":"it-follows-the-drama-with-the-injuries-kounde-leaves-the-granada-barca-limping_296896_102","status":"publish","type":"post","link":"https:\/\/www.fcbarcelonanoticias.com\/en\/laliga\/it-follows-the-drama-with-the-injuries-kounde-leaves-the-granada-barca-limping_296896_102.html","title":{"rendered":"The drama with the injuries continues! Kound\u00e9 leaves Granada-Bar\u00e7a limping"},"content":{"rendered":"<h2 class=\"wp-block-heading\">The alarms of the FC Barcelona have lit  in the middle of the visit to the Granada, by the ninth day of LaLiga. Jules Kound\u00e9 broke  before it finished the first-half and Ronald Ara\u00fajo went in to replace him<\/h2>  \r\n<div class=\"article-addons\">\r\n    <a href=\"https:\/\/www.fcbarcelonanoticias.com\/en\/calendar-fc-barcelona.html\"\r\n       target=\"_self\"\r\n       title=\"Calendar of FC Barcelona\"\r\n       class=\"blue-gredient-btn\">\r\n       \r\n        Calendar of FC Barcelona    <\/a>\r\n<\/div>   <p><strong>The visit of the FC Barcelona to the Granada in the New The C\u00e1rmenes has been more than run over.<\/strong> Further of the two goals of Bryan Saragossa in less than half hour, the blaugrana suffered more than the account and saw &#8216;prejudiced&#8217; with the lesion of Jules Kound\u00e9 before it finished the first-half. The French broke and finish asking the change to give entrance to Ronald Ara\u00fajo.<\/p>  <p>To the 38 minutes, Uzuni had completed a played, after a theft of the Granada, but Gavi covered the action. In the middle of the chaos, the midfield player blaugrana fell on of the knee of the French, the one who<strong> threw to the lawn with big samples of pain so that they went in the assistances. <\/strong>The player was attended in the band, but could continue some minutes more.<\/p>  <p>When the clock brushed the 43 minutes, Kound\u00e9 was to the crash to try litigate by a balloon \u00e1reo with Lucas Boy\u00e9 and did not hold more. It went back to throw to the lawn, frustrated, leaving clear that could not follow. <strong>It left without help of the medical services to leave his place to Kound\u00e9. <\/strong><\/p> ","protected":false},"excerpt":{"rendered":"<p>The alarms of the FC Barcelona have lit in the middle of the visit to the Granada, by the ninth day of LaLiga. Jules Kound\u00e9 broke before it finished the first-half and Ronald Ara\u00fajo went in to replace him The visit of the FC Barcelona to the Granada in the New The C\u00e1rmenes has been [&hellip;]<\/p>\n","protected":false},"author":0,"featured_media":20020,"comment_status":"closed","ping_status":"open","sticky":false,"template":"","format":"standard","meta":{"_acf_changed":false,"inline_featured_image":false,"_nextfly_llmd_date_locked":false,"footnotes":""},"categories":[448,114],"tags":[136],"class_list":["post-56818","post","type-post","status-publish","format-standard","has-post-thumbnail","hentry","category-laliga-2","category-laliga","tag-injured"],"acf":[],"yoast_head":"<!-- This site is optimized with the Yoast SEO plugin v27.3 - https:\/\/yoast.com\/product\/yoast-seo-wordpress\/ -->\n<title>It follows the drama with the injuries! Kound\u00e9 Leaves the Granada-Bar\u00e7a limping<\/title>\n<meta name=\"description\" content=\"The alarms of the FC Barcelona have lit in the middle of the visit to the Granada, by the ninth day of LaLiga. Jules Kound\u00e9 broke before it finished the first-half and Ronald Ara\u00fajo went in to replace him\" \/>\n<meta name=\"robots\" content=\"index, follow, max-snippet:-1, max-image-preview:large, max-video-preview:-1\" \/>\n<link rel=\"canonical\" href=\"https:\/\/www.fcbarcelonanoticias.com\/en\/laliga\/it-follows-the-drama-with-the-injuries-kounde-leaves-the-granada-barca-limping_296896_102.html\" \/>\n<meta property=\"og:locale\" content=\"en_US\" \/>\n<meta property=\"og:type\" content=\"article\" \/>\n<meta property=\"og:title\" content=\"It follows the drama with the injuries! Kound\u00e9 Leaves the Granada-Bar\u00e7a limping\" \/>\n<meta property=\"og:description\" content=\"The alarms of the FC Barcelona have lit in the middle of the visit to the Granada, by the ninth day of LaLiga. Jules Kound\u00e9 broke before it finished the first-half and Ronald Ara\u00fajo went in to replace him\" \/>\n<meta property=\"og:url\" content=\"https:\/\/www.fcbarcelonanoticias.com\/en\/laliga\/it-follows-the-drama-with-the-injuries-kounde-leaves-the-granada-barca-limping_296896_102.html\" \/>\n<meta property=\"og:site_name\" content=\"EN - FC Barcelona Noticias\" \/>\n<meta property=\"article:published_time\" content=\"2023-10-08T20:02:00+00:00\" \/>\n<meta property=\"article:modified_time\" content=\"2023-10-08T22:57:00+00:00\" \/>\n<meta property=\"og:image\" content=\"https:\/\/www.fcbarcelonanoticias.com\/en\/wp-content\/uploads\/sites\/2\/2023\/10\/jules-kounde-en-un-partido-del-barca.jpeg\" \/>\n\t<meta property=\"og:image:width\" content=\"1200\" \/>\n\t<meta property=\"og:image:height\" content=\"675\" \/>\n\t<meta property=\"og:image:type\" content=\"image\/jpeg\" \/>\n<meta name=\"twitter:card\" content=\"summary_large_image\" \/>\n<meta name=\"twitter:label1\" content=\"Est. reading time\" \/>\n\t<meta name=\"twitter:data1\" content=\"1 minute\" \/>\n<script type=\"application\/ld+json\" class=\"yoast-schema-graph\">{\"@context\":\"https:\\\/\\\/schema.org\",\"@graph\":[{\"@type\":\"Article\",\"@id\":\"https:\\\/\\\/www.fcbarcelonanoticias.com\\\/en\\\/laliga\\\/it-follows-the-drama-with-the-injuries-kounde-leaves-the-granada-barca-limping_296896_102.html#article\",\"isPartOf\":{\"@id\":\"https:\\\/\\\/www.fcbarcelonanoticias.com\\\/en\\\/laliga\\\/it-follows-the-drama-with-the-injuries-kounde-leaves-the-granada-barca-limping_296896_102.html\"},\"author\":{\"name\":\"\",\"@id\":\"\"},\"headline\":\"The drama with the injuries continues! Kound\u00e9 leaves Granada-Bar\u00e7a limping\",\"datePublished\":\"2023-10-08T20:02:00+00:00\",\"dateModified\":\"2023-10-08T22:57:00+00:00\",\"mainEntityOfPage\":{\"@id\":\"https:\\\/\\\/www.fcbarcelonanoticias.com\\\/en\\\/laliga\\\/it-follows-the-drama-with-the-injuries-kounde-leaves-the-granada-barca-limping_296896_102.html\"},\"wordCount\":245,\"image\":{\"@id\":\"https:\\\/\\\/www.fcbarcelonanoticias.com\\\/en\\\/laliga\\\/it-follows-the-drama-with-the-injuries-kounde-leaves-the-granada-barca-limping_296896_102.html#primaryimage\"},\"thumbnailUrl\":\"https:\\\/\\\/www.fcbarcelonanoticias.com\\\/en\\\/wp-content\\\/uploads\\\/sites\\\/2\\\/2023\\\/10\\\/jules-kounde-en-un-partido-del-barca.jpeg\",\"keywords\":[\"injured\"],\"articleSection\":[\"LaLiga\",\"LaLiga\"],\"inLanguage\":\"en-US\"},{\"@type\":\"WebPage\",\"@id\":\"https:\\\/\\\/www.fcbarcelonanoticias.com\\\/en\\\/laliga\\\/it-follows-the-drama-with-the-injuries-kounde-leaves-the-granada-barca-limping_296896_102.html\",\"url\":\"https:\\\/\\\/www.fcbarcelonanoticias.com\\\/en\\\/laliga\\\/it-follows-the-drama-with-the-injuries-kounde-leaves-the-granada-barca-limping_296896_102.html\",\"name\":\"It follows the drama with the injuries! Kound\u00e9 Leaves the Granada-Bar\u00e7a limping\",\"isPartOf\":{\"@id\":\"https:\\\/\\\/www.fcbarcelonanoticias.com\\\/en\\\/#website\"},\"primaryImageOfPage\":{\"@id\":\"https:\\\/\\\/www.fcbarcelonanoticias.com\\\/en\\\/laliga\\\/it-follows-the-drama-with-the-injuries-kounde-leaves-the-granada-barca-limping_296896_102.html#primaryimage\"},\"image\":{\"@id\":\"https:\\\/\\\/www.fcbarcelonanoticias.com\\\/en\\\/laliga\\\/it-follows-the-drama-with-the-injuries-kounde-leaves-the-granada-barca-limping_296896_102.html#primaryimage\"},\"thumbnailUrl\":\"https:\\\/\\\/www.fcbarcelonanoticias.com\\\/en\\\/wp-content\\\/uploads\\\/sites\\\/2\\\/2023\\\/10\\\/jules-kounde-en-un-partido-del-barca.jpeg\",\"datePublished\":\"2023-10-08T20:02:00+00:00\",\"dateModified\":\"2023-10-08T22:57:00+00:00\",\"author\":{\"@id\":\"\"},\"description\":\"The alarms of the FC Barcelona have lit in the middle of the visit to the Granada, by the ninth day of LaLiga. Jules Kound\u00e9 broke before it finished the first-half and Ronald Ara\u00fajo went in to replace him\",\"breadcrumb\":{\"@id\":\"https:\\\/\\\/www.fcbarcelonanoticias.com\\\/en\\\/laliga\\\/it-follows-the-drama-with-the-injuries-kounde-leaves-the-granada-barca-limping_296896_102.html#breadcrumb\"},\"inLanguage\":\"en-US\",\"potentialAction\":[{\"@type\":\"ReadAction\",\"target\":[\"https:\\\/\\\/www.fcbarcelonanoticias.com\\\/en\\\/laliga\\\/it-follows-the-drama-with-the-injuries-kounde-leaves-the-granada-barca-limping_296896_102.html\"]}]},{\"@type\":\"ImageObject\",\"inLanguage\":\"en-US\",\"@id\":\"https:\\\/\\\/www.fcbarcelonanoticias.com\\\/en\\\/laliga\\\/it-follows-the-drama-with-the-injuries-kounde-leaves-the-granada-barca-limping_296896_102.html#primaryimage\",\"url\":\"https:\\\/\\\/www.fcbarcelonanoticias.com\\\/en\\\/wp-content\\\/uploads\\\/sites\\\/2\\\/2023\\\/10\\\/jules-kounde-en-un-partido-del-barca.jpeg\",\"contentUrl\":\"https:\\\/\\\/www.fcbarcelonanoticias.com\\\/en\\\/wp-content\\\/uploads\\\/sites\\\/2\\\/2023\\\/10\\\/jules-kounde-en-un-partido-del-barca.jpeg\",\"width\":1200,\"height\":675},{\"@type\":\"BreadcrumbList\",\"@id\":\"https:\\\/\\\/www.fcbarcelonanoticias.com\\\/en\\\/laliga\\\/it-follows-the-drama-with-the-injuries-kounde-leaves-the-granada-barca-limping_296896_102.html#breadcrumb\",\"itemListElement\":[{\"@type\":\"ListItem\",\"position\":1,\"name\":\"Portada\",\"item\":\"https:\\\/\\\/www.fcbarcelonanoticias.com\\\/en\\\/\"},{\"@type\":\"ListItem\",\"position\":2,\"name\":\"The drama with the injuries continues! Kound\u00e9 leaves Granada-Bar\u00e7a limping\"}]},{\"@type\":\"WebSite\",\"@id\":\"https:\\\/\\\/www.fcbarcelonanoticias.com\\\/en\\\/#website\",\"url\":\"https:\\\/\\\/www.fcbarcelonanoticias.com\\\/en\\\/\",\"name\":\"EN - FC Barcelona Noticias\",\"description\":\"\",\"potentialAction\":[{\"@type\":\"SearchAction\",\"target\":{\"@type\":\"EntryPoint\",\"urlTemplate\":\"https:\\\/\\\/www.fcbarcelonanoticias.com\\\/en\\\/?s={search_term_string}\"},\"query-input\":{\"@type\":\"PropertyValueSpecification\",\"valueRequired\":true,\"valueName\":\"search_term_string\"}}],\"inLanguage\":\"en-US\"}]}<\/script>\n<!-- \/ Yoast SEO plugin. -->","yoast_head_json":{"title":"It follows the drama with the injuries! Kound\u00e9 Leaves the Granada-Bar\u00e7a limping","description":"The alarms of the FC Barcelona have lit in the middle of the visit to the Granada, by the ninth day of LaLiga. Jules Kound\u00e9 broke before it finished the first-half and Ronald Ara\u00fajo went in to replace him","robots":{"index":"index","follow":"follow","max-snippet":"max-snippet:-1","max-image-preview":"max-image-preview:large","max-video-preview":"max-video-preview:-1"},"canonical":"https:\/\/www.fcbarcelonanoticias.com\/en\/laliga\/it-follows-the-drama-with-the-injuries-kounde-leaves-the-granada-barca-limping_296896_102.html","og_locale":"en_US","og_type":"article","og_title":"It follows the drama with the injuries! Kound\u00e9 Leaves the Granada-Bar\u00e7a limping","og_description":"The alarms of the FC Barcelona have lit in the middle of the visit to the Granada, by the ninth day of LaLiga. Jules Kound\u00e9 broke before it finished the first-half and Ronald Ara\u00fajo went in to replace him","og_url":"https:\/\/www.fcbarcelonanoticias.com\/en\/laliga\/it-follows-the-drama-with-the-injuries-kounde-leaves-the-granada-barca-limping_296896_102.html","og_site_name":"EN - FC Barcelona Noticias","article_published_time":"2023-10-08T20:02:00+00:00","article_modified_time":"2023-10-08T22:57:00+00:00","og_image":[{"width":1200,"height":675,"url":"https:\/\/www.fcbarcelonanoticias.com\/en\/wp-content\/uploads\/sites\/2\/2023\/10\/jules-kounde-en-un-partido-del-barca.jpeg","type":"image\/jpeg"}],"twitter_card":"summary_large_image","twitter_misc":{"Est. reading time":"1 minute"},"schema":{"@context":"https:\/\/schema.org","@graph":[{"@type":"Article","@id":"https:\/\/www.fcbarcelonanoticias.com\/en\/laliga\/it-follows-the-drama-with-the-injuries-kounde-leaves-the-granada-barca-limping_296896_102.html#article","isPartOf":{"@id":"https:\/\/www.fcbarcelonanoticias.com\/en\/laliga\/it-follows-the-drama-with-the-injuries-kounde-leaves-the-granada-barca-limping_296896_102.html"},"author":{"name":"","@id":""},"headline":"The drama with the injuries continues! Kound\u00e9 leaves Granada-Bar\u00e7a limping","datePublished":"2023-10-08T20:02:00+00:00","dateModified":"2023-10-08T22:57:00+00:00","mainEntityOfPage":{"@id":"https:\/\/www.fcbarcelonanoticias.com\/en\/laliga\/it-follows-the-drama-with-the-injuries-kounde-leaves-the-granada-barca-limping_296896_102.html"},"wordCount":245,"image":{"@id":"https:\/\/www.fcbarcelonanoticias.com\/en\/laliga\/it-follows-the-drama-with-the-injuries-kounde-leaves-the-granada-barca-limping_296896_102.html#primaryimage"},"thumbnailUrl":"https:\/\/www.fcbarcelonanoticias.com\/en\/wp-content\/uploads\/sites\/2\/2023\/10\/jules-kounde-en-un-partido-del-barca.jpeg","keywords":["injured"],"articleSection":["LaLiga","LaLiga"],"inLanguage":"en-US"},{"@type":"WebPage","@id":"https:\/\/www.fcbarcelonanoticias.com\/en\/laliga\/it-follows-the-drama-with-the-injuries-kounde-leaves-the-granada-barca-limping_296896_102.html","url":"https:\/\/www.fcbarcelonanoticias.com\/en\/laliga\/it-follows-the-drama-with-the-injuries-kounde-leaves-the-granada-barca-limping_296896_102.html","name":"It follows the drama with the injuries! Kound\u00e9 Leaves the Granada-Bar\u00e7a limping","isPartOf":{"@id":"https:\/\/www.fcbarcelonanoticias.com\/en\/#website"},"primaryImageOfPage":{"@id":"https:\/\/www.fcbarcelonanoticias.com\/en\/laliga\/it-follows-the-drama-with-the-injuries-kounde-leaves-the-granada-barca-limping_296896_102.html#primaryimage"},"image":{"@id":"https:\/\/www.fcbarcelonanoticias.com\/en\/laliga\/it-follows-the-drama-with-the-injuries-kounde-leaves-the-granada-barca-limping_296896_102.html#primaryimage"},"thumbnailUrl":"https:\/\/www.fcbarcelonanoticias.com\/en\/wp-content\/uploads\/sites\/2\/2023\/10\/jules-kounde-en-un-partido-del-barca.jpeg","datePublished":"2023-10-08T20:02:00+00:00","dateModified":"2023-10-08T22:57:00+00:00","author":{"@id":""},"description":"The alarms of the FC Barcelona have lit in the middle of the visit to the Granada, by the ninth day of LaLiga. Jules Kound\u00e9 broke before it finished the first-half and Ronald Ara\u00fajo went in to replace him","breadcrumb":{"@id":"https:\/\/www.fcbarcelonanoticias.com\/en\/laliga\/it-follows-the-drama-with-the-injuries-kounde-leaves-the-granada-barca-limping_296896_102.html#breadcrumb"},"inLanguage":"en-US","potentialAction":[{"@type":"ReadAction","target":["https:\/\/www.fcbarcelonanoticias.com\/en\/laliga\/it-follows-the-drama-with-the-injuries-kounde-leaves-the-granada-barca-limping_296896_102.html"]}]},{"@type":"ImageObject","inLanguage":"en-US","@id":"https:\/\/www.fcbarcelonanoticias.com\/en\/laliga\/it-follows-the-drama-with-the-injuries-kounde-leaves-the-granada-barca-limping_296896_102.html#primaryimage","url":"https:\/\/www.fcbarcelonanoticias.com\/en\/wp-content\/uploads\/sites\/2\/2023\/10\/jules-kounde-en-un-partido-del-barca.jpeg","contentUrl":"https:\/\/www.fcbarcelonanoticias.com\/en\/wp-content\/uploads\/sites\/2\/2023\/10\/jules-kounde-en-un-partido-del-barca.jpeg","width":1200,"height":675},{"@type":"BreadcrumbList","@id":"https:\/\/www.fcbarcelonanoticias.com\/en\/laliga\/it-follows-the-drama-with-the-injuries-kounde-leaves-the-granada-barca-limping_296896_102.html#breadcrumb","itemListElement":[{"@type":"ListItem","position":1,"name":"Portada","item":"https:\/\/www.fcbarcelonanoticias.com\/en\/"},{"@type":"ListItem","position":2,"name":"The drama with the injuries continues! Kound\u00e9 leaves Granada-Bar\u00e7a limping"}]},{"@type":"WebSite","@id":"https:\/\/www.fcbarcelonanoticias.com\/en\/#website","url":"https:\/\/www.fcbarcelonanoticias.com\/en\/","name":"EN - FC Barcelona Noticias","description":"","potentialAction":[{"@type":"SearchAction","target":{"@type":"EntryPoint","urlTemplate":"https:\/\/www.fcbarcelonanoticias.com\/en\/?s={search_term_string}"},"query-input":{"@type":"PropertyValueSpecification","valueRequired":true,"valueName":"search_term_string"}}],"inLanguage":"en-US"}]}},"_links":{"self":[{"href":"https:\/\/www.fcbarcelonanoticias.com\/en\/wp-json\/wp\/v2\/posts\/56818","targetHints":{"allow":["GET"]}}],"collection":[{"href":"https:\/\/www.fcbarcelonanoticias.com\/en\/wp-json\/wp\/v2\/posts"}],"about":[{"href":"https:\/\/www.fcbarcelonanoticias.com\/en\/wp-json\/wp\/v2\/types\/post"}],"replies":[{"embeddable":true,"href":"https:\/\/www.fcbarcelonanoticias.com\/en\/wp-json\/wp\/v2\/comments?post=56818"}],"version-history":[{"count":3,"href":"https:\/\/www.fcbarcelonanoticias.com\/en\/wp-json\/wp\/v2\/posts\/56818\/revisions"}],"predecessor-version":[{"id":56821,"href":"https:\/\/www.fcbarcelonanoticias.com\/en\/wp-json\/wp\/v2\/posts\/56818\/revisions\/56821"}],"wp:featuredmedia":[{"embeddable":true,"href":"https:\/\/www.fcbarcelonanoticias.com\/en\/wp-json\/wp\/v2\/media\/20020"}],"wp:attachment":[{"href":"https:\/\/www.fcbarcelonanoticias.com\/en\/wp-json\/wp\/v2\/media?parent=56818"}],"wp:term":[{"taxonomy":"category","embeddable":true,"href":"https:\/\/www.fcbarcelonanoticias.com\/en\/wp-json\/wp\/v2\/categories?post=56818"},{"taxonomy":"post_tag","embeddable":true,"href":"https:\/\/www.fcbarcelonanoticias.com\/en\/wp-json\/wp\/v2\/tags?post=56818"}],"curies":[{"name":"wp","href":"https:\/\/api.w.org\/{rel}","templated":true}]}}