{"id":57087,"date":"2026-01-24T18:38:00","date_gmt":"2026-01-24T17:38:00","guid":{"rendered":"https:\/\/weisetech.dev\/fc-barcelona-noticias\/en\/juan-martinez-munuera-will-officiate-barca-oviedo-laliga-j21_315825_102\/"},"modified":"2026-01-24T18:38:00","modified_gmt":"2026-01-24T17:38:00","slug":"juan-martinez-munuera-will-officiate-barca-oviedo-laliga-j21_315825_102","status":"publish","type":"post","link":"https:\/\/www.fcbarcelonanoticias.com\/en\/laliga\/juan-martinez-munuera-will-officiate-barca-oviedo-laliga-j21_315825_102.html","title":{"rendered":"Juan Mart\u00ednez Munuera will referee Bar\u00e7a-Oviedo in LaLiga&#8217;s Matchday 21"},"content":{"rendered":"<h2 class=\"wp-block-heading\">The RFEF confirmed Juan Mart\u00ednez Munuera as the main referee for Barcelona-Oviedo. Mario Melero L\u00f3pez will be in charge of VAR at the Spotify Camp Nou, for LaLiga Matchday 21<\/h2>  \r\n<div class=\"article-addons\">\r\n    <a href=\"https:\/\/www.fcbarcelonanoticias.com\/en\/calendar-fc-barcelona.html\"\r\n       target=\"_self\"\r\n       title=\"Calendar of FC Barcelona\"\r\n       class=\"blue-gredient-btn\">\r\n       \r\n        Calendar of FC Barcelona    <\/a>\r\n<\/div>   <p><strong>FC Barcelona<\/strong> faces <strong>Real Oviedo<\/strong> this Sunday, January 25th (4:15 PM CEST) for matchday 21 of <strong>LaLiga EA Sports 2025\/26<\/strong>, with <b>Juan Mart\u00ednez Munuera<\/b> officiating. The Valencian referee was appointed by the <a data-external=\"1\" href=\"https:\/\/rfef.es\/en\/es\/noticias\/designaciones-estos-son-los-arbitros-para-los-partidos-del-domingo-25-de-enero-en-primera\" rel=\"nofollow\" target=\"_blank\" title=\"Designaciones arbitrales - J21 de LaLiga 25\/26\">Referees Technical Committee (CTA)<\/a> along with <strong>Mario Melero L\u00f3pez<\/strong> (VAR).<\/p>  <p>After the disastrous performance of <strong>Gil Manzano<\/strong> (main referee) and <a data-external=\"0\" data-intl-links-en=\"https:\/\/www.fcbarcelonanoticias.com\/en\/laliga\/del-cerro-grande-causes-stir-in-var-2-barca-goals-disallowed_315785_102.html\" data-intl-links-es=\"https:\/\/www.fcbarcelonanoticias.com\/laliga\/del-cerro-grande-lia-var-dos-goles-anulados-barca-convalidado-real-sociedad_315785_102.html\" href=\"https:\/\/www.fcbarcelonanoticias.com\/en\/laliga\/del-cerro-grande-causes-stir-in-var-2-barca-goals-disallowed_315785_102.html\" rel=\"follow\" target=\"_self\" title=\"Del Cerro Grande la l\u00eda en el VAR: dos goles anulados al Bar\u00e7a y uno convalidado a la Real Sociedad\">Del Cerro Grande<\/a> (VAR) last matchday at Anoeta, the RFEF assigns Mart\u00ednez Munuera to a Bar\u00e7a match for the first time since February 2024, in the blaugrana victory against Alav\u00e9s (1-3) for matchday 23 of the 23\/24 season.<\/p>  <p>Last season, the 43-year-old referee did not officiate any official Bar\u00e7a matches, while he has not officiated Oviedo either upon their return to La Liga this season. The Valencian referee officiated 8 La Liga 25\/26 matches, two of them for Real Madrid (the 2-0 victory against Espanyol and the goalless draw against Rayo).<\/p>  <h2>How has Bar\u00e7a fared in matches officiated by Juan Mart\u00ednez Munuera?<\/h2>  <p>In total, Bar\u00e7a played 33 matches with Juan Mart\u00ednez Munuera as the main referee with a positive balance. The Catalans achieved 21 wins, 6 draws, and 6 losses with the referee who has been officiating in LaLiga since 2013\/14.<\/p>  <p>Bar\u00e7a&#8217;s last loss in a match officiated by Mart\u00ednez Munuera was in the <strong>2024 Spanish Super Cup<\/strong> final (4-1 against Real Madrid). As a home referee, the 43-year-old had not officiated a Bar\u00e7a match since October 22, 2023, in the Catalan team&#8217;s 1-0 victory against <strong>Athletic<\/strong><\/p>  <p>At Camp Nou, the Valencian referee&#8217;s last appearance was exactly one year prior, on October 23, 2022, in the thrashing against <strong>Athletic (4-0)<\/strong>. Oviedo, on the other hand, has never played with Mart\u00ednez Munuera as the main referee, with Sunday marking their first visit to Catalonia in 25 years.<\/p>  <p><strong>Bar\u00e7a&#8217;s record in matches officiated by Juan Mart\u00ednez Munuera:<\/strong><\/p>  <ol> <li> <strong>Games<\/strong>: 33<\/li> \t<li> <strong>Wins<\/strong>: 21<\/li> \t<li> <strong>Draws<\/strong>: 6<\/li> \t<li> <strong>Losses<\/strong>: 6<\/li> <\/ol> <h2>Bar\u00e7a must return to the winning path in LaLiga to maintain their lead at the top<\/h2>  <p>Against Oviedo, Barcelona will seek to return to winning ways in LaLiga, after the controversial defeat at Anoeta against Real Sociedad (2-1). This result brought Real Madrid to within 1 point of the lead, pending what happens on Saturday when the Whites visit Villarreal.<\/p>  <p>In the first leg, Bar\u00e7a defeated Oviedo at the Estadio Carlos Tartiere (1-3) with goals from **Eric Garc\u00eda**, **Robert Lewandowski**, and **Ronald Araujo**, all in the second half to come back from Alberto Reina&#8217;s initial goal in the first half. The Asturians arrive as the bottom team in the league with just a couple of wins, 13 points, and 11 goals scored in 20 matchdays.<\/p> ","protected":false},"excerpt":{"rendered":"<p>The RFEF confirmed Juan Mart\u00ednez Munuera as the main referee for Barcelona-Oviedo. Mario Melero L\u00f3pez will be in charge of VAR at the Spotify Camp Nou, for LaLiga Matchday 21 FC Barcelona faces Real Oviedo this Sunday, January 25th (4:15 PM CEST) for matchday 21 of LaLiga EA Sports 2025\/26, with Juan Mart\u00ednez Munuera officiating. [&hellip;]<\/p>\n","protected":false},"author":353,"featured_media":57094,"comment_status":"closed","ping_status":"open","sticky":false,"template":"","format":"standard","meta":{"_acf_changed":false,"inline_featured_image":false,"_nextfly_llmd_date_locked":false,"footnotes":""},"categories":[448,114],"tags":[78,190,95,194],"class_list":["post-57087","post","type-post","status-publish","format-standard","has-post-thumbnail","hentry","category-laliga-2","category-laliga","tag-fc-barcelona-vs-oviedo-news-matches-and-results","tag-referees","tag-rfef","tag-var"],"acf":[],"yoast_head":"<!-- This site is optimized with the Yoast SEO plugin v27.3 - https:\/\/yoast.com\/product\/yoast-seo-wordpress\/ -->\n<title>Juan Mart\u00ednez Munuera will officiate Bar\u00e7a-Oviedo - LaLiga J21<\/title>\n<meta name=\"description\" content=\"The RFEF confirmed Juan Mart\u00ednez Munuera as the main referee for Barcelona-Oviedo. Mario Melero L\u00f3pez will be in charge of VAR at the Spotify Camp Nou\" \/>\n<meta name=\"robots\" content=\"index, follow, max-snippet:-1, max-image-preview:large, max-video-preview:-1\" \/>\n<link rel=\"canonical\" href=\"https:\/\/www.fcbarcelonanoticias.com\/en\/laliga\/juan-martinez-munuera-will-officiate-barca-oviedo-laliga-j21_315825_102.html\" \/>\n<meta property=\"og:locale\" content=\"en_US\" \/>\n<meta property=\"og:type\" content=\"article\" \/>\n<meta property=\"og:title\" content=\"Juan Mart\u00ednez Munuera will officiate Bar\u00e7a-Oviedo - LaLiga J21\" \/>\n<meta property=\"og:description\" content=\"The RFEF confirmed Juan Mart\u00ednez Munuera as the main referee for Barcelona-Oviedo. Mario Melero L\u00f3pez will be in charge of VAR at the Spotify Camp Nou\" \/>\n<meta property=\"og:url\" content=\"https:\/\/www.fcbarcelonanoticias.com\/en\/laliga\/juan-martinez-munuera-will-officiate-barca-oviedo-laliga-j21_315825_102.html\" \/>\n<meta property=\"og:site_name\" content=\"EN - FC Barcelona Noticias\" \/>\n<meta property=\"article:published_time\" content=\"2026-01-24T17:38:00+00:00\" \/>\n<meta property=\"og:image\" content=\"https:\/\/www.fcbarcelonanoticias.com\/en\/wp-content\/uploads\/sites\/2\/2026\/01\/juan-martinez-munuera-laliga-1.jpeg\" \/>\n\t<meta property=\"og:image:width\" content=\"1300\" \/>\n\t<meta property=\"og:image:height\" content=\"732\" \/>\n\t<meta property=\"og:image:type\" content=\"image\/jpeg\" \/>\n<meta name=\"author\" content=\"FC Barcelona Noticias\" \/>\n<meta name=\"twitter:card\" content=\"summary_large_image\" \/>\n<meta name=\"twitter:label1\" content=\"Written by\" \/>\n\t<meta name=\"twitter:data1\" content=\"FC Barcelona Noticias\" \/>\n\t<meta name=\"twitter:label2\" content=\"Est. reading time\" \/>\n\t<meta name=\"twitter:data2\" content=\"2 minutes\" \/>\n<script type=\"application\/ld+json\" class=\"yoast-schema-graph\">{\"@context\":\"https:\\\/\\\/schema.org\",\"@graph\":[{\"@type\":\"Article\",\"@id\":\"https:\\\/\\\/www.fcbarcelonanoticias.com\\\/en\\\/laliga\\\/juan-martinez-munuera-will-officiate-barca-oviedo-laliga-j21_315825_102.html#article\",\"isPartOf\":{\"@id\":\"https:\\\/\\\/www.fcbarcelonanoticias.com\\\/en\\\/laliga\\\/juan-martinez-munuera-will-officiate-barca-oviedo-laliga-j21_315825_102.html\"},\"author\":{\"name\":\"FC Barcelona Noticias\",\"@id\":\"https:\\\/\\\/www.fcbarcelonanoticias.com\\\/en\\\/#\\\/schema\\\/person\\\/0f2810101d27606974cdb8edb54fa54b\"},\"headline\":\"Juan Mart\u00ednez Munuera will referee Bar\u00e7a-Oviedo in LaLiga&#8217;s Matchday 21\",\"datePublished\":\"2026-01-24T17:38:00+00:00\",\"mainEntityOfPage\":{\"@id\":\"https:\\\/\\\/www.fcbarcelonanoticias.com\\\/en\\\/laliga\\\/juan-martinez-munuera-will-officiate-barca-oviedo-laliga-j21_315825_102.html\"},\"wordCount\":470,\"image\":{\"@id\":\"https:\\\/\\\/www.fcbarcelonanoticias.com\\\/en\\\/laliga\\\/juan-martinez-munuera-will-officiate-barca-oviedo-laliga-j21_315825_102.html#primaryimage\"},\"thumbnailUrl\":\"https:\\\/\\\/www.fcbarcelonanoticias.com\\\/en\\\/wp-content\\\/uploads\\\/sites\\\/2\\\/2026\\\/01\\\/juan-martinez-munuera-laliga-1.jpeg\",\"keywords\":[\"FC Barcelona vs Real Oviedo\",\"Referees\",\"RFEF\",\"VAR\"],\"articleSection\":[\"LaLiga\",\"LaLiga\"],\"inLanguage\":\"en-US\"},{\"@type\":\"WebPage\",\"@id\":\"https:\\\/\\\/www.fcbarcelonanoticias.com\\\/en\\\/laliga\\\/juan-martinez-munuera-will-officiate-barca-oviedo-laliga-j21_315825_102.html\",\"url\":\"https:\\\/\\\/www.fcbarcelonanoticias.com\\\/en\\\/laliga\\\/juan-martinez-munuera-will-officiate-barca-oviedo-laliga-j21_315825_102.html\",\"name\":\"Juan Mart\u00ednez Munuera will officiate Bar\u00e7a-Oviedo - LaLiga J21\",\"isPartOf\":{\"@id\":\"https:\\\/\\\/www.fcbarcelonanoticias.com\\\/en\\\/#website\"},\"primaryImageOfPage\":{\"@id\":\"https:\\\/\\\/www.fcbarcelonanoticias.com\\\/en\\\/laliga\\\/juan-martinez-munuera-will-officiate-barca-oviedo-laliga-j21_315825_102.html#primaryimage\"},\"image\":{\"@id\":\"https:\\\/\\\/www.fcbarcelonanoticias.com\\\/en\\\/laliga\\\/juan-martinez-munuera-will-officiate-barca-oviedo-laliga-j21_315825_102.html#primaryimage\"},\"thumbnailUrl\":\"https:\\\/\\\/www.fcbarcelonanoticias.com\\\/en\\\/wp-content\\\/uploads\\\/sites\\\/2\\\/2026\\\/01\\\/juan-martinez-munuera-laliga-1.jpeg\",\"datePublished\":\"2026-01-24T17:38:00+00:00\",\"author\":{\"@id\":\"https:\\\/\\\/www.fcbarcelonanoticias.com\\\/en\\\/#\\\/schema\\\/person\\\/0f2810101d27606974cdb8edb54fa54b\"},\"description\":\"The RFEF confirmed Juan Mart\u00ednez Munuera as the main referee for Barcelona-Oviedo. Mario Melero L\u00f3pez will be in charge of VAR at the Spotify Camp Nou\",\"breadcrumb\":{\"@id\":\"https:\\\/\\\/www.fcbarcelonanoticias.com\\\/en\\\/laliga\\\/juan-martinez-munuera-will-officiate-barca-oviedo-laliga-j21_315825_102.html#breadcrumb\"},\"inLanguage\":\"en-US\",\"potentialAction\":[{\"@type\":\"ReadAction\",\"target\":[\"https:\\\/\\\/www.fcbarcelonanoticias.com\\\/en\\\/laliga\\\/juan-martinez-munuera-will-officiate-barca-oviedo-laliga-j21_315825_102.html\"]}]},{\"@type\":\"ImageObject\",\"inLanguage\":\"en-US\",\"@id\":\"https:\\\/\\\/www.fcbarcelonanoticias.com\\\/en\\\/laliga\\\/juan-martinez-munuera-will-officiate-barca-oviedo-laliga-j21_315825_102.html#primaryimage\",\"url\":\"https:\\\/\\\/www.fcbarcelonanoticias.com\\\/en\\\/wp-content\\\/uploads\\\/sites\\\/2\\\/2026\\\/01\\\/juan-martinez-munuera-laliga-1.jpeg\",\"contentUrl\":\"https:\\\/\\\/www.fcbarcelonanoticias.com\\\/en\\\/wp-content\\\/uploads\\\/sites\\\/2\\\/2026\\\/01\\\/juan-martinez-munuera-laliga-1.jpeg\",\"width\":1300,\"height\":732},{\"@type\":\"BreadcrumbList\",\"@id\":\"https:\\\/\\\/www.fcbarcelonanoticias.com\\\/en\\\/laliga\\\/juan-martinez-munuera-will-officiate-barca-oviedo-laliga-j21_315825_102.html#breadcrumb\",\"itemListElement\":[{\"@type\":\"ListItem\",\"position\":1,\"name\":\"Portada\",\"item\":\"https:\\\/\\\/www.fcbarcelonanoticias.com\\\/en\\\/\"},{\"@type\":\"ListItem\",\"position\":2,\"name\":\"Juan Mart\u00ednez Munuera will referee Bar\u00e7a-Oviedo in LaLiga&#8217;s Matchday 21\"}]},{\"@type\":\"WebSite\",\"@id\":\"https:\\\/\\\/www.fcbarcelonanoticias.com\\\/en\\\/#website\",\"url\":\"https:\\\/\\\/www.fcbarcelonanoticias.com\\\/en\\\/\",\"name\":\"EN - FC Barcelona Noticias\",\"description\":\"\",\"potentialAction\":[{\"@type\":\"SearchAction\",\"target\":{\"@type\":\"EntryPoint\",\"urlTemplate\":\"https:\\\/\\\/www.fcbarcelonanoticias.com\\\/en\\\/?s={search_term_string}\"},\"query-input\":{\"@type\":\"PropertyValueSpecification\",\"valueRequired\":true,\"valueName\":\"search_term_string\"}}],\"inLanguage\":\"en-US\"},{\"@type\":\"Person\",\"@id\":\"https:\\\/\\\/www.fcbarcelonanoticias.com\\\/en\\\/#\\\/schema\\\/person\\\/0f2810101d27606974cdb8edb54fa54b\",\"name\":\"FC Barcelona Noticias\",\"image\":{\"@type\":\"ImageObject\",\"inLanguage\":\"en-US\",\"@id\":\"https:\\\/\\\/secure.gravatar.com\\\/avatar\\\/?s=96&d=mm&r=g\",\"url\":\"https:\\\/\\\/secure.gravatar.com\\\/avatar\\\/?s=96&d=mm&r=g\",\"contentUrl\":\"https:\\\/\\\/secure.gravatar.com\\\/avatar\\\/?s=96&d=mm&r=g\",\"caption\":\"FC Barcelona Noticias\"},\"url\":\"https:\\\/\\\/www.fcbarcelonanoticias.com\\\/en\\\/fc-barcelona\\\/fcbn-writing-fc-barcelona-news_6_115.html\"}]}<\/script>\n<!-- \/ Yoast SEO plugin. -->","yoast_head_json":{"title":"Juan Mart\u00ednez Munuera will officiate Bar\u00e7a-Oviedo - LaLiga J21","description":"The RFEF confirmed Juan Mart\u00ednez Munuera as the main referee for Barcelona-Oviedo. Mario Melero L\u00f3pez will be in charge of VAR at the Spotify Camp Nou","robots":{"index":"index","follow":"follow","max-snippet":"max-snippet:-1","max-image-preview":"max-image-preview:large","max-video-preview":"max-video-preview:-1"},"canonical":"https:\/\/www.fcbarcelonanoticias.com\/en\/laliga\/juan-martinez-munuera-will-officiate-barca-oviedo-laliga-j21_315825_102.html","og_locale":"en_US","og_type":"article","og_title":"Juan Mart\u00ednez Munuera will officiate Bar\u00e7a-Oviedo - LaLiga J21","og_description":"The RFEF confirmed Juan Mart\u00ednez Munuera as the main referee for Barcelona-Oviedo. Mario Melero L\u00f3pez will be in charge of VAR at the Spotify Camp Nou","og_url":"https:\/\/www.fcbarcelonanoticias.com\/en\/laliga\/juan-martinez-munuera-will-officiate-barca-oviedo-laliga-j21_315825_102.html","og_site_name":"EN - FC Barcelona Noticias","article_published_time":"2026-01-24T17:38:00+00:00","og_image":[{"width":1300,"height":732,"url":"https:\/\/www.fcbarcelonanoticias.com\/en\/wp-content\/uploads\/sites\/2\/2026\/01\/juan-martinez-munuera-laliga-1.jpeg","type":"image\/jpeg"}],"author":"FC Barcelona Noticias","twitter_card":"summary_large_image","twitter_misc":{"Written by":"FC Barcelona Noticias","Est. reading time":"2 minutes"},"schema":{"@context":"https:\/\/schema.org","@graph":[{"@type":"Article","@id":"https:\/\/www.fcbarcelonanoticias.com\/en\/laliga\/juan-martinez-munuera-will-officiate-barca-oviedo-laliga-j21_315825_102.html#article","isPartOf":{"@id":"https:\/\/www.fcbarcelonanoticias.com\/en\/laliga\/juan-martinez-munuera-will-officiate-barca-oviedo-laliga-j21_315825_102.html"},"author":{"name":"FC Barcelona Noticias","@id":"https:\/\/www.fcbarcelonanoticias.com\/en\/#\/schema\/person\/0f2810101d27606974cdb8edb54fa54b"},"headline":"Juan Mart\u00ednez Munuera will referee Bar\u00e7a-Oviedo in LaLiga&#8217;s Matchday 21","datePublished":"2026-01-24T17:38:00+00:00","mainEntityOfPage":{"@id":"https:\/\/www.fcbarcelonanoticias.com\/en\/laliga\/juan-martinez-munuera-will-officiate-barca-oviedo-laliga-j21_315825_102.html"},"wordCount":470,"image":{"@id":"https:\/\/www.fcbarcelonanoticias.com\/en\/laliga\/juan-martinez-munuera-will-officiate-barca-oviedo-laliga-j21_315825_102.html#primaryimage"},"thumbnailUrl":"https:\/\/www.fcbarcelonanoticias.com\/en\/wp-content\/uploads\/sites\/2\/2026\/01\/juan-martinez-munuera-laliga-1.jpeg","keywords":["FC Barcelona vs Real Oviedo","Referees","RFEF","VAR"],"articleSection":["LaLiga","LaLiga"],"inLanguage":"en-US"},{"@type":"WebPage","@id":"https:\/\/www.fcbarcelonanoticias.com\/en\/laliga\/juan-martinez-munuera-will-officiate-barca-oviedo-laliga-j21_315825_102.html","url":"https:\/\/www.fcbarcelonanoticias.com\/en\/laliga\/juan-martinez-munuera-will-officiate-barca-oviedo-laliga-j21_315825_102.html","name":"Juan Mart\u00ednez Munuera will officiate Bar\u00e7a-Oviedo - LaLiga J21","isPartOf":{"@id":"https:\/\/www.fcbarcelonanoticias.com\/en\/#website"},"primaryImageOfPage":{"@id":"https:\/\/www.fcbarcelonanoticias.com\/en\/laliga\/juan-martinez-munuera-will-officiate-barca-oviedo-laliga-j21_315825_102.html#primaryimage"},"image":{"@id":"https:\/\/www.fcbarcelonanoticias.com\/en\/laliga\/juan-martinez-munuera-will-officiate-barca-oviedo-laliga-j21_315825_102.html#primaryimage"},"thumbnailUrl":"https:\/\/www.fcbarcelonanoticias.com\/en\/wp-content\/uploads\/sites\/2\/2026\/01\/juan-martinez-munuera-laliga-1.jpeg","datePublished":"2026-01-24T17:38:00+00:00","author":{"@id":"https:\/\/www.fcbarcelonanoticias.com\/en\/#\/schema\/person\/0f2810101d27606974cdb8edb54fa54b"},"description":"The RFEF confirmed Juan Mart\u00ednez Munuera as the main referee for Barcelona-Oviedo. Mario Melero L\u00f3pez will be in charge of VAR at the Spotify Camp Nou","breadcrumb":{"@id":"https:\/\/www.fcbarcelonanoticias.com\/en\/laliga\/juan-martinez-munuera-will-officiate-barca-oviedo-laliga-j21_315825_102.html#breadcrumb"},"inLanguage":"en-US","potentialAction":[{"@type":"ReadAction","target":["https:\/\/www.fcbarcelonanoticias.com\/en\/laliga\/juan-martinez-munuera-will-officiate-barca-oviedo-laliga-j21_315825_102.html"]}]},{"@type":"ImageObject","inLanguage":"en-US","@id":"https:\/\/www.fcbarcelonanoticias.com\/en\/laliga\/juan-martinez-munuera-will-officiate-barca-oviedo-laliga-j21_315825_102.html#primaryimage","url":"https:\/\/www.fcbarcelonanoticias.com\/en\/wp-content\/uploads\/sites\/2\/2026\/01\/juan-martinez-munuera-laliga-1.jpeg","contentUrl":"https:\/\/www.fcbarcelonanoticias.com\/en\/wp-content\/uploads\/sites\/2\/2026\/01\/juan-martinez-munuera-laliga-1.jpeg","width":1300,"height":732},{"@type":"BreadcrumbList","@id":"https:\/\/www.fcbarcelonanoticias.com\/en\/laliga\/juan-martinez-munuera-will-officiate-barca-oviedo-laliga-j21_315825_102.html#breadcrumb","itemListElement":[{"@type":"ListItem","position":1,"name":"Portada","item":"https:\/\/www.fcbarcelonanoticias.com\/en\/"},{"@type":"ListItem","position":2,"name":"Juan Mart\u00ednez Munuera will referee Bar\u00e7a-Oviedo in LaLiga&#8217;s Matchday 21"}]},{"@type":"WebSite","@id":"https:\/\/www.fcbarcelonanoticias.com\/en\/#website","url":"https:\/\/www.fcbarcelonanoticias.com\/en\/","name":"EN - FC Barcelona Noticias","description":"","potentialAction":[{"@type":"SearchAction","target":{"@type":"EntryPoint","urlTemplate":"https:\/\/www.fcbarcelonanoticias.com\/en\/?s={search_term_string}"},"query-input":{"@type":"PropertyValueSpecification","valueRequired":true,"valueName":"search_term_string"}}],"inLanguage":"en-US"},{"@type":"Person","@id":"https:\/\/www.fcbarcelonanoticias.com\/en\/#\/schema\/person\/0f2810101d27606974cdb8edb54fa54b","name":"FC Barcelona Noticias","image":{"@type":"ImageObject","inLanguage":"en-US","@id":"https:\/\/secure.gravatar.com\/avatar\/?s=96&d=mm&r=g","url":"https:\/\/secure.gravatar.com\/avatar\/?s=96&d=mm&r=g","contentUrl":"https:\/\/secure.gravatar.com\/avatar\/?s=96&d=mm&r=g","caption":"FC Barcelona Noticias"},"url":"https:\/\/www.fcbarcelonanoticias.com\/en\/fc-barcelona\/fcbn-writing-fc-barcelona-news_6_115.html"}]}},"_links":{"self":[{"href":"https:\/\/www.fcbarcelonanoticias.com\/en\/wp-json\/wp\/v2\/posts\/57087","targetHints":{"allow":["GET"]}}],"collection":[{"href":"https:\/\/www.fcbarcelonanoticias.com\/en\/wp-json\/wp\/v2\/posts"}],"about":[{"href":"https:\/\/www.fcbarcelonanoticias.com\/en\/wp-json\/wp\/v2\/types\/post"}],"author":[{"embeddable":true,"href":"https:\/\/www.fcbarcelonanoticias.com\/en\/wp-json\/wp\/v2\/users\/353"}],"replies":[{"embeddable":true,"href":"https:\/\/www.fcbarcelonanoticias.com\/en\/wp-json\/wp\/v2\/comments?post=57087"}],"version-history":[{"count":6,"href":"https:\/\/www.fcbarcelonanoticias.com\/en\/wp-json\/wp\/v2\/posts\/57087\/revisions"}],"predecessor-version":[{"id":57093,"href":"https:\/\/www.fcbarcelonanoticias.com\/en\/wp-json\/wp\/v2\/posts\/57087\/revisions\/57093"}],"wp:featuredmedia":[{"embeddable":true,"href":"https:\/\/www.fcbarcelonanoticias.com\/en\/wp-json\/wp\/v2\/media\/57094"}],"wp:attachment":[{"href":"https:\/\/www.fcbarcelonanoticias.com\/en\/wp-json\/wp\/v2\/media?parent=57087"}],"wp:term":[{"taxonomy":"category","embeddable":true,"href":"https:\/\/www.fcbarcelonanoticias.com\/en\/wp-json\/wp\/v2\/categories?post=57087"},{"taxonomy":"post_tag","embeddable":true,"href":"https:\/\/www.fcbarcelonanoticias.com\/en\/wp-json\/wp\/v2\/tags?post=57087"}],"curies":[{"name":"wp","href":"https:\/\/api.w.org\/{rel}","templated":true}]}}