{"id":57099,"date":"2024-03-16T10:53:00","date_gmt":"2024-03-16T09:53:00","guid":{"rendered":"https:\/\/weisetech.dev\/fc-barcelona-noticias\/en\/joao-felix-motivated-by-the-affectionate-reception-at-the-stadium-at-atletico-barca_301754_102\/"},"modified":"2024-03-16T18:19:00","modified_gmt":"2024-03-16T17:19:00","slug":"joao-felix-motivated-by-the-affectionate-reception-at-the-stadium-at-atletico-barca_301754_102","status":"publish","type":"post","link":"https:\/\/www.fcbarcelonanoticias.com\/en\/laliga\/joao-felix-motivated-by-the-affectionate-reception-at-the-stadium-at-atletico-barca_301754_102.html","title":{"rendered":"Joao F\u00e9lix, motivated by the &#8216;affectionate&#8217; reception at the stadium at Atl\u00e9tico-Bar\u00e7a"},"content":{"rendered":"<h2 class=\"wp-block-heading\">Joao F\u00e9lix will return this Sunday to what was his home for several years during FC Barcelona&#8217;s visit to Atl\u00e9tico de Madrid. The Portuguese acknowledged that he is motivated by the reception his former fans will give him and also made it clear that he is not thinking about his future<\/h2>  \r\n<div class=\"article-addons\">\r\n    <a href=\"https:\/\/www.fcbarcelonanoticias.com\/en\/calendar-fc-barcelona.html\"\r\n       target=\"_self\"\r\n       title=\"Calendar of FC Barcelona\"\r\n       class=\"blue-gredient-btn\">\r\n       \r\n        Calendar of FC Barcelona    <\/a>\r\n<\/div>   <p>The FC Barcelona has a key party in his &#8216;fight&#8217; for approaching to the Real Madrid in LaLiga this Sunday against the Athletic of Madrid.<strong> The cul\u00e9s visit to the Madrilenian in the Metropolitan in a duel that definitely will be very special for Joao F\u00e9lix<\/strong>, still player colchonero yielded and the Bar\u00e7a. The Portuguese does not keep a good relation with the Cholo Simeone neither neither with his ex fans, that definitely will do him the impossible life from the moment in which it step the stadium.<\/p>  <p>The &#8217;14&#8217; barcelonista is fully conscious that the field rojiblanco goes to be a &#8216;hell&#8217; for him in particular, but also left clear that this is something that likes &#8220;him&#8221; and motivates &#8220;him&#8221;. &#8220;It goes to be a very complicated environment for all the team. <strong>Against me it goes to be a bit worse, but am player of football and have to be accustomed to this type of things. It motivates me more, like me these important and spicy parties, there is an extra motivation<\/strong>&#8220;, ensured in an interview for &#8216;DAZN&#8217;.<\/p>  <p>Already in the gone, Joao showed that these words does not say them for saying, since it was the best of the FC Barcelona and marked the goal of the victory (1-0), celebrating it with some anger, something that bothered a lot in the Atleti. The luso remembered how was this meeting and insisted in that it goes to be a very difficult duel. &#8220;<strong>The gone home already was difficult and there goes it to be even more. They defend and they go to the against very well, and the terracing goes them to help a lot<\/strong>&#8220;, stood out.<\/p>  <h2>Joao, wary with his future and in &#8216;against&#8217; of the thought of Xavi<\/h2>  <p>The Portuguese also was questioned on his future, since to final of season has to go back to the Athletic, where in principle neither the trainer neither the fans want him. Neither the attacker wants to go back and his intention seems that it is to try be still in Barcelona. Nevertheless, it comments that <strong><a data-external=\"0\" data-intl-links-en=\"https:\/\/www.fcbarcelonanoticias.com\/en\/transfers\/the-decision-with-joao-felix-made-will-he-arrive-on-loan-or-not-return-to-barca_301444_102.html\" data-intl-links-es=\"https:\/\/www.fcbarcelonanoticias.com\/fichajes\/decision-con-joao-felix-tomada-llegara-cedido-no-volvera-al-barca_301444_102.html\" href=\"https:\/\/www.fcbarcelonanoticias.com\/en\/transfers\/the-decision-with-joao-felix-made-will-he-arrive-on-loan-or-not-return-to-barca_301444_102.html\" rel=\"follow\" target=\"_self\" title=\"La decisi\u00f3n con Joao F\u00e9lix, tomada: Llegar\u00e1 cedido o no volver\u00e1&nbsp;al&nbsp;Bar\u00e7a\">from the club only him &#8216;repescar\u00e1n&#8217; with another cession<\/a><\/strong>, something that the colchoneros could not accepting. It can that therefore the talentoso footballer show wary to the hour to speak of his intentions. &#8220;<strong>For now I am focused here and do not think further, because all depend on how go to the end<\/strong>&#8220;, affirmed, leaving fall that if it does a good end of campaign perhaps convince to the cul\u00e9s so that him fichen in property.<\/p>  <p>Finally, Joao F\u00e9lix <strong><a data-external=\"0\" data-intl-links-en=\"https:\/\/www.fcbarcelonanoticias.com\/en\/fc-barcelona\/xavi-has-right-barca-unbeaten-since-the-coach-announced-his-farewell_301665_102.html\" data-intl-links-es=\"https:\/\/www.fcbarcelonanoticias.com\/fc-barcelona\/xavi-tiene-razon-barca-invicto-entrenador-anuncio-su-adios_301665_102.html\" href=\"https:\/\/www.fcbarcelonanoticias.com\/en\/fc-barcelona\/xavi-has-right-barca-unbeaten-since-the-coach-announced-his-farewell_301665_102.html\" rel=\"follow\" target=\"_self\" title=\"\u00a1Xavi tiene raz\u00f3n! El Bar\u00e7a sigue invicto desde que el entrenador anunci\u00f3&nbsp;su&nbsp;adi\u00f3s\">contradicted somehow to Xavi Hern\u00e1ndez on the effect that has had the announcement of his goodbye in the changing room<\/a><\/strong>, that since has not lost. &#8220;I do not think that have at all that see with the results. <strong>We are playing equal and with the same training, the same ideas, but is football. The things were not going out and now yes, but is not because it have said that it goes <\/strong>&#8220;, explained of surprising form the luso, leaving clear that the new situation of the trainer of Terrassa has not affected neither for well neither for bad in the performance of the footballers.<\/p> ","protected":false},"excerpt":{"rendered":"<p>Joao F\u00e9lix will return this Sunday to what was his home for several years during FC Barcelona&#8217;s visit to Atl\u00e9tico de Madrid. The Portuguese acknowledged that he is motivated by the reception his former fans will give him and also made it clear that he is not thinking about his future The FC Barcelona has [&hellip;]<\/p>\n","protected":false},"author":359,"featured_media":57105,"comment_status":"closed","ping_status":"open","sticky":false,"template":"","format":"standard","meta":{"_acf_changed":false,"inline_featured_image":false,"_nextfly_llmd_date_locked":false,"footnotes":""},"categories":[448,114],"tags":[59,239],"class_list":["post-57099","post","type-post","status-publish","format-standard","has-post-thumbnail","hentry","category-laliga-2","category-laliga","tag-atletico-de-madrid","tag-joao-felix"],"acf":[],"yoast_head":"<!-- This site is optimized with the Yoast SEO plugin v27.3 - https:\/\/yoast.com\/product\/yoast-seo-wordpress\/ -->\n<title>Joao F\u00e9lix, motivated by the &#039;affectionate&#039; reception at the stadium at Atl\u00e9tico-Bar\u00e7a<\/title>\n<meta name=\"description\" content=\"Joao F\u00e9lix will go back this Sunday to which went his house during several years in the visit of the FC Barcelona to the Athletic of Madrid. The Portuguese recognised that it is motivated in front of the recibimiento that will do him his ex fans and also left clear that does not think in his future\" \/>\n<meta name=\"robots\" content=\"index, follow, max-snippet:-1, max-image-preview:large, max-video-preview:-1\" \/>\n<link rel=\"canonical\" href=\"https:\/\/www.fcbarcelonanoticias.com\/en\/laliga\/joao-felix-motivated-by-the-affectionate-reception-at-the-stadium-at-atletico-barca_301754_102.html\" \/>\n<meta property=\"og:locale\" content=\"en_US\" \/>\n<meta property=\"og:type\" content=\"article\" \/>\n<meta property=\"og:title\" content=\"Joao F\u00e9lix, motivated by the &#039;affectionate&#039; reception at the stadium at Atl\u00e9tico-Bar\u00e7a\" \/>\n<meta property=\"og:description\" content=\"Joao F\u00e9lix will go back this Sunday to which went his house during several years in the visit of the FC Barcelona to the Athletic of Madrid. The Portuguese recognised that it is motivated in front of the recibimiento that will do him his ex fans and also left clear that does not think in his future\" \/>\n<meta property=\"og:url\" content=\"https:\/\/www.fcbarcelonanoticias.com\/en\/laliga\/joao-felix-motivated-by-the-affectionate-reception-at-the-stadium-at-atletico-barca_301754_102.html\" \/>\n<meta property=\"og:site_name\" content=\"EN - FC Barcelona Noticias\" \/>\n<meta property=\"article:published_time\" content=\"2024-03-16T09:53:00+00:00\" \/>\n<meta property=\"article:modified_time\" content=\"2024-03-16T17:19:00+00:00\" \/>\n<meta property=\"og:image\" content=\"https:\/\/www.fcbarcelonanoticias.com\/en\/wp-content\/uploads\/sites\/2\/2024\/03\/joao-felix-cesion-1.jpeg\" \/>\n\t<meta property=\"og:image:width\" content=\"1300\" \/>\n\t<meta property=\"og:image:height\" content=\"732\" \/>\n\t<meta property=\"og:image:type\" content=\"image\/jpeg\" \/>\n<meta name=\"author\" content=\"Eduardo Mart\u00edn Santos\" \/>\n<meta name=\"twitter:card\" content=\"summary_large_image\" \/>\n<meta name=\"twitter:label1\" content=\"Written by\" \/>\n\t<meta name=\"twitter:data1\" content=\"Eduardo Mart\u00edn Santos\" \/>\n\t<meta name=\"twitter:label2\" content=\"Est. reading time\" \/>\n\t<meta name=\"twitter:data2\" content=\"3 minutes\" \/>\n<script type=\"application\/ld+json\" class=\"yoast-schema-graph\">{\"@context\":\"https:\\\/\\\/schema.org\",\"@graph\":[{\"@type\":\"Article\",\"@id\":\"https:\\\/\\\/www.fcbarcelonanoticias.com\\\/en\\\/laliga\\\/joao-felix-motivated-by-the-affectionate-reception-at-the-stadium-at-atletico-barca_301754_102.html#article\",\"isPartOf\":{\"@id\":\"https:\\\/\\\/www.fcbarcelonanoticias.com\\\/en\\\/laliga\\\/joao-felix-motivated-by-the-affectionate-reception-at-the-stadium-at-atletico-barca_301754_102.html\"},\"author\":{\"name\":\"Eduardo Mart\u00edn Santos\",\"@id\":\"https:\\\/\\\/www.fcbarcelonanoticias.com\\\/en\\\/#\\\/schema\\\/person\\\/4bdbc782ba6060d3f7005b61e97fb753\"},\"headline\":\"Joao F\u00e9lix, motivated by the &#8216;affectionate&#8217; reception at the stadium at Atl\u00e9tico-Bar\u00e7a\",\"datePublished\":\"2024-03-16T09:53:00+00:00\",\"dateModified\":\"2024-03-16T17:19:00+00:00\",\"mainEntityOfPage\":{\"@id\":\"https:\\\/\\\/www.fcbarcelonanoticias.com\\\/en\\\/laliga\\\/joao-felix-motivated-by-the-affectionate-reception-at-the-stadium-at-atletico-barca_301754_102.html\"},\"wordCount\":604,\"image\":{\"@id\":\"https:\\\/\\\/www.fcbarcelonanoticias.com\\\/en\\\/laliga\\\/joao-felix-motivated-by-the-affectionate-reception-at-the-stadium-at-atletico-barca_301754_102.html#primaryimage\"},\"thumbnailUrl\":\"https:\\\/\\\/www.fcbarcelonanoticias.com\\\/en\\\/wp-content\\\/uploads\\\/sites\\\/2\\\/2024\\\/03\\\/joao-felix-cesion-1.jpeg\",\"keywords\":[\"Atl\u00e9tico de Madrid\",\"Joao F\u00e9lix\"],\"articleSection\":[\"LaLiga\",\"LaLiga\"],\"inLanguage\":\"en-US\"},{\"@type\":\"WebPage\",\"@id\":\"https:\\\/\\\/www.fcbarcelonanoticias.com\\\/en\\\/laliga\\\/joao-felix-motivated-by-the-affectionate-reception-at-the-stadium-at-atletico-barca_301754_102.html\",\"url\":\"https:\\\/\\\/www.fcbarcelonanoticias.com\\\/en\\\/laliga\\\/joao-felix-motivated-by-the-affectionate-reception-at-the-stadium-at-atletico-barca_301754_102.html\",\"name\":\"Joao F\u00e9lix, motivated by the 'affectionate' reception at the stadium at Atl\u00e9tico-Bar\u00e7a\",\"isPartOf\":{\"@id\":\"https:\\\/\\\/www.fcbarcelonanoticias.com\\\/en\\\/#website\"},\"primaryImageOfPage\":{\"@id\":\"https:\\\/\\\/www.fcbarcelonanoticias.com\\\/en\\\/laliga\\\/joao-felix-motivated-by-the-affectionate-reception-at-the-stadium-at-atletico-barca_301754_102.html#primaryimage\"},\"image\":{\"@id\":\"https:\\\/\\\/www.fcbarcelonanoticias.com\\\/en\\\/laliga\\\/joao-felix-motivated-by-the-affectionate-reception-at-the-stadium-at-atletico-barca_301754_102.html#primaryimage\"},\"thumbnailUrl\":\"https:\\\/\\\/www.fcbarcelonanoticias.com\\\/en\\\/wp-content\\\/uploads\\\/sites\\\/2\\\/2024\\\/03\\\/joao-felix-cesion-1.jpeg\",\"datePublished\":\"2024-03-16T09:53:00+00:00\",\"dateModified\":\"2024-03-16T17:19:00+00:00\",\"author\":{\"@id\":\"https:\\\/\\\/www.fcbarcelonanoticias.com\\\/en\\\/#\\\/schema\\\/person\\\/4bdbc782ba6060d3f7005b61e97fb753\"},\"description\":\"Joao F\u00e9lix will go back this Sunday to which went his house during several years in the visit of the FC Barcelona to the Athletic of Madrid. The Portuguese recognised that it is motivated in front of the recibimiento that will do him his ex fans and also left clear that does not think in his future\",\"breadcrumb\":{\"@id\":\"https:\\\/\\\/www.fcbarcelonanoticias.com\\\/en\\\/laliga\\\/joao-felix-motivated-by-the-affectionate-reception-at-the-stadium-at-atletico-barca_301754_102.html#breadcrumb\"},\"inLanguage\":\"en-US\",\"potentialAction\":[{\"@type\":\"ReadAction\",\"target\":[\"https:\\\/\\\/www.fcbarcelonanoticias.com\\\/en\\\/laliga\\\/joao-felix-motivated-by-the-affectionate-reception-at-the-stadium-at-atletico-barca_301754_102.html\"]}]},{\"@type\":\"ImageObject\",\"inLanguage\":\"en-US\",\"@id\":\"https:\\\/\\\/www.fcbarcelonanoticias.com\\\/en\\\/laliga\\\/joao-felix-motivated-by-the-affectionate-reception-at-the-stadium-at-atletico-barca_301754_102.html#primaryimage\",\"url\":\"https:\\\/\\\/www.fcbarcelonanoticias.com\\\/en\\\/wp-content\\\/uploads\\\/sites\\\/2\\\/2024\\\/03\\\/joao-felix-cesion-1.jpeg\",\"contentUrl\":\"https:\\\/\\\/www.fcbarcelonanoticias.com\\\/en\\\/wp-content\\\/uploads\\\/sites\\\/2\\\/2024\\\/03\\\/joao-felix-cesion-1.jpeg\",\"width\":1300,\"height\":732},{\"@type\":\"BreadcrumbList\",\"@id\":\"https:\\\/\\\/www.fcbarcelonanoticias.com\\\/en\\\/laliga\\\/joao-felix-motivated-by-the-affectionate-reception-at-the-stadium-at-atletico-barca_301754_102.html#breadcrumb\",\"itemListElement\":[{\"@type\":\"ListItem\",\"position\":1,\"name\":\"Portada\",\"item\":\"https:\\\/\\\/www.fcbarcelonanoticias.com\\\/en\\\/\"},{\"@type\":\"ListItem\",\"position\":2,\"name\":\"Joao F\u00e9lix, motivated by the &#8216;affectionate&#8217; reception at the stadium at Atl\u00e9tico-Bar\u00e7a\"}]},{\"@type\":\"WebSite\",\"@id\":\"https:\\\/\\\/www.fcbarcelonanoticias.com\\\/en\\\/#website\",\"url\":\"https:\\\/\\\/www.fcbarcelonanoticias.com\\\/en\\\/\",\"name\":\"EN - FC Barcelona Noticias\",\"description\":\"\",\"potentialAction\":[{\"@type\":\"SearchAction\",\"target\":{\"@type\":\"EntryPoint\",\"urlTemplate\":\"https:\\\/\\\/www.fcbarcelonanoticias.com\\\/en\\\/?s={search_term_string}\"},\"query-input\":{\"@type\":\"PropertyValueSpecification\",\"valueRequired\":true,\"valueName\":\"search_term_string\"}}],\"inLanguage\":\"en-US\"},{\"@type\":\"Person\",\"@id\":\"https:\\\/\\\/www.fcbarcelonanoticias.com\\\/en\\\/#\\\/schema\\\/person\\\/4bdbc782ba6060d3f7005b61e97fb753\",\"name\":\"Eduardo Mart\u00edn Santos\",\"image\":{\"@type\":\"ImageObject\",\"inLanguage\":\"en-US\",\"@id\":\"https:\\\/\\\/secure.gravatar.com\\\/avatar\\\/?s=96&d=mm&r=g\",\"url\":\"https:\\\/\\\/secure.gravatar.com\\\/avatar\\\/?s=96&d=mm&r=g\",\"contentUrl\":\"https:\\\/\\\/secure.gravatar.com\\\/avatar\\\/?s=96&d=mm&r=g\",\"caption\":\"Eduardo Mart\u00edn Santos\"},\"url\":\"https:\\\/\\\/www.fcbarcelonanoticias.com\\\/en\\\/eduardo-martin_3_115.html\"}]}<\/script>\n<!-- \/ Yoast SEO plugin. -->","yoast_head_json":{"title":"Joao F\u00e9lix, motivated by the 'affectionate' reception at the stadium at Atl\u00e9tico-Bar\u00e7a","description":"Joao F\u00e9lix will go back this Sunday to which went his house during several years in the visit of the FC Barcelona to the Athletic of Madrid. The Portuguese recognised that it is motivated in front of the recibimiento that will do him his ex fans and also left clear that does not think in his future","robots":{"index":"index","follow":"follow","max-snippet":"max-snippet:-1","max-image-preview":"max-image-preview:large","max-video-preview":"max-video-preview:-1"},"canonical":"https:\/\/www.fcbarcelonanoticias.com\/en\/laliga\/joao-felix-motivated-by-the-affectionate-reception-at-the-stadium-at-atletico-barca_301754_102.html","og_locale":"en_US","og_type":"article","og_title":"Joao F\u00e9lix, motivated by the 'affectionate' reception at the stadium at Atl\u00e9tico-Bar\u00e7a","og_description":"Joao F\u00e9lix will go back this Sunday to which went his house during several years in the visit of the FC Barcelona to the Athletic of Madrid. The Portuguese recognised that it is motivated in front of the recibimiento that will do him his ex fans and also left clear that does not think in his future","og_url":"https:\/\/www.fcbarcelonanoticias.com\/en\/laliga\/joao-felix-motivated-by-the-affectionate-reception-at-the-stadium-at-atletico-barca_301754_102.html","og_site_name":"EN - FC Barcelona Noticias","article_published_time":"2024-03-16T09:53:00+00:00","article_modified_time":"2024-03-16T17:19:00+00:00","og_image":[{"width":1300,"height":732,"url":"https:\/\/www.fcbarcelonanoticias.com\/en\/wp-content\/uploads\/sites\/2\/2024\/03\/joao-felix-cesion-1.jpeg","type":"image\/jpeg"}],"author":"Eduardo Mart\u00edn Santos","twitter_card":"summary_large_image","twitter_misc":{"Written by":"Eduardo Mart\u00edn Santos","Est. reading time":"3 minutes"},"schema":{"@context":"https:\/\/schema.org","@graph":[{"@type":"Article","@id":"https:\/\/www.fcbarcelonanoticias.com\/en\/laliga\/joao-felix-motivated-by-the-affectionate-reception-at-the-stadium-at-atletico-barca_301754_102.html#article","isPartOf":{"@id":"https:\/\/www.fcbarcelonanoticias.com\/en\/laliga\/joao-felix-motivated-by-the-affectionate-reception-at-the-stadium-at-atletico-barca_301754_102.html"},"author":{"name":"Eduardo Mart\u00edn Santos","@id":"https:\/\/www.fcbarcelonanoticias.com\/en\/#\/schema\/person\/4bdbc782ba6060d3f7005b61e97fb753"},"headline":"Joao F\u00e9lix, motivated by the &#8216;affectionate&#8217; reception at the stadium at Atl\u00e9tico-Bar\u00e7a","datePublished":"2024-03-16T09:53:00+00:00","dateModified":"2024-03-16T17:19:00+00:00","mainEntityOfPage":{"@id":"https:\/\/www.fcbarcelonanoticias.com\/en\/laliga\/joao-felix-motivated-by-the-affectionate-reception-at-the-stadium-at-atletico-barca_301754_102.html"},"wordCount":604,"image":{"@id":"https:\/\/www.fcbarcelonanoticias.com\/en\/laliga\/joao-felix-motivated-by-the-affectionate-reception-at-the-stadium-at-atletico-barca_301754_102.html#primaryimage"},"thumbnailUrl":"https:\/\/www.fcbarcelonanoticias.com\/en\/wp-content\/uploads\/sites\/2\/2024\/03\/joao-felix-cesion-1.jpeg","keywords":["Atl\u00e9tico de Madrid","Joao F\u00e9lix"],"articleSection":["LaLiga","LaLiga"],"inLanguage":"en-US"},{"@type":"WebPage","@id":"https:\/\/www.fcbarcelonanoticias.com\/en\/laliga\/joao-felix-motivated-by-the-affectionate-reception-at-the-stadium-at-atletico-barca_301754_102.html","url":"https:\/\/www.fcbarcelonanoticias.com\/en\/laliga\/joao-felix-motivated-by-the-affectionate-reception-at-the-stadium-at-atletico-barca_301754_102.html","name":"Joao F\u00e9lix, motivated by the 'affectionate' reception at the stadium at Atl\u00e9tico-Bar\u00e7a","isPartOf":{"@id":"https:\/\/www.fcbarcelonanoticias.com\/en\/#website"},"primaryImageOfPage":{"@id":"https:\/\/www.fcbarcelonanoticias.com\/en\/laliga\/joao-felix-motivated-by-the-affectionate-reception-at-the-stadium-at-atletico-barca_301754_102.html#primaryimage"},"image":{"@id":"https:\/\/www.fcbarcelonanoticias.com\/en\/laliga\/joao-felix-motivated-by-the-affectionate-reception-at-the-stadium-at-atletico-barca_301754_102.html#primaryimage"},"thumbnailUrl":"https:\/\/www.fcbarcelonanoticias.com\/en\/wp-content\/uploads\/sites\/2\/2024\/03\/joao-felix-cesion-1.jpeg","datePublished":"2024-03-16T09:53:00+00:00","dateModified":"2024-03-16T17:19:00+00:00","author":{"@id":"https:\/\/www.fcbarcelonanoticias.com\/en\/#\/schema\/person\/4bdbc782ba6060d3f7005b61e97fb753"},"description":"Joao F\u00e9lix will go back this Sunday to which went his house during several years in the visit of the FC Barcelona to the Athletic of Madrid. The Portuguese recognised that it is motivated in front of the recibimiento that will do him his ex fans and also left clear that does not think in his future","breadcrumb":{"@id":"https:\/\/www.fcbarcelonanoticias.com\/en\/laliga\/joao-felix-motivated-by-the-affectionate-reception-at-the-stadium-at-atletico-barca_301754_102.html#breadcrumb"},"inLanguage":"en-US","potentialAction":[{"@type":"ReadAction","target":["https:\/\/www.fcbarcelonanoticias.com\/en\/laliga\/joao-felix-motivated-by-the-affectionate-reception-at-the-stadium-at-atletico-barca_301754_102.html"]}]},{"@type":"ImageObject","inLanguage":"en-US","@id":"https:\/\/www.fcbarcelonanoticias.com\/en\/laliga\/joao-felix-motivated-by-the-affectionate-reception-at-the-stadium-at-atletico-barca_301754_102.html#primaryimage","url":"https:\/\/www.fcbarcelonanoticias.com\/en\/wp-content\/uploads\/sites\/2\/2024\/03\/joao-felix-cesion-1.jpeg","contentUrl":"https:\/\/www.fcbarcelonanoticias.com\/en\/wp-content\/uploads\/sites\/2\/2024\/03\/joao-felix-cesion-1.jpeg","width":1300,"height":732},{"@type":"BreadcrumbList","@id":"https:\/\/www.fcbarcelonanoticias.com\/en\/laliga\/joao-felix-motivated-by-the-affectionate-reception-at-the-stadium-at-atletico-barca_301754_102.html#breadcrumb","itemListElement":[{"@type":"ListItem","position":1,"name":"Portada","item":"https:\/\/www.fcbarcelonanoticias.com\/en\/"},{"@type":"ListItem","position":2,"name":"Joao F\u00e9lix, motivated by the &#8216;affectionate&#8217; reception at the stadium at Atl\u00e9tico-Bar\u00e7a"}]},{"@type":"WebSite","@id":"https:\/\/www.fcbarcelonanoticias.com\/en\/#website","url":"https:\/\/www.fcbarcelonanoticias.com\/en\/","name":"EN - FC Barcelona Noticias","description":"","potentialAction":[{"@type":"SearchAction","target":{"@type":"EntryPoint","urlTemplate":"https:\/\/www.fcbarcelonanoticias.com\/en\/?s={search_term_string}"},"query-input":{"@type":"PropertyValueSpecification","valueRequired":true,"valueName":"search_term_string"}}],"inLanguage":"en-US"},{"@type":"Person","@id":"https:\/\/www.fcbarcelonanoticias.com\/en\/#\/schema\/person\/4bdbc782ba6060d3f7005b61e97fb753","name":"Eduardo Mart\u00edn Santos","image":{"@type":"ImageObject","inLanguage":"en-US","@id":"https:\/\/secure.gravatar.com\/avatar\/?s=96&d=mm&r=g","url":"https:\/\/secure.gravatar.com\/avatar\/?s=96&d=mm&r=g","contentUrl":"https:\/\/secure.gravatar.com\/avatar\/?s=96&d=mm&r=g","caption":"Eduardo Mart\u00edn Santos"},"url":"https:\/\/www.fcbarcelonanoticias.com\/en\/eduardo-martin_3_115.html"}]}},"_links":{"self":[{"href":"https:\/\/www.fcbarcelonanoticias.com\/en\/wp-json\/wp\/v2\/posts\/57099","targetHints":{"allow":["GET"]}}],"collection":[{"href":"https:\/\/www.fcbarcelonanoticias.com\/en\/wp-json\/wp\/v2\/posts"}],"about":[{"href":"https:\/\/www.fcbarcelonanoticias.com\/en\/wp-json\/wp\/v2\/types\/post"}],"author":[{"embeddable":true,"href":"https:\/\/www.fcbarcelonanoticias.com\/en\/wp-json\/wp\/v2\/users\/359"}],"replies":[{"embeddable":true,"href":"https:\/\/www.fcbarcelonanoticias.com\/en\/wp-json\/wp\/v2\/comments?post=57099"}],"version-history":[{"count":1,"href":"https:\/\/www.fcbarcelonanoticias.com\/en\/wp-json\/wp\/v2\/posts\/57099\/revisions"}],"predecessor-version":[{"id":57102,"href":"https:\/\/www.fcbarcelonanoticias.com\/en\/wp-json\/wp\/v2\/posts\/57099\/revisions\/57102"}],"wp:featuredmedia":[{"embeddable":true,"href":"https:\/\/www.fcbarcelonanoticias.com\/en\/wp-json\/wp\/v2\/media\/57105"}],"wp:attachment":[{"href":"https:\/\/www.fcbarcelonanoticias.com\/en\/wp-json\/wp\/v2\/media?parent=57099"}],"wp:term":[{"taxonomy":"category","embeddable":true,"href":"https:\/\/www.fcbarcelonanoticias.com\/en\/wp-json\/wp\/v2\/categories?post=57099"},{"taxonomy":"post_tag","embeddable":true,"href":"https:\/\/www.fcbarcelonanoticias.com\/en\/wp-json\/wp\/v2\/tags?post=57099"}],"curies":[{"name":"wp","href":"https:\/\/api.w.org\/{rel}","templated":true}]}}