{"id":57195,"date":"2020-05-25T08:00:00","date_gmt":"2020-05-25T06:00:00","guid":{"rendered":"https:\/\/weisetech.dev\/fc-barcelona-noticias\/en\/jean-michel-aulas-praises-laliga-explodes-by-cancellation-ligue-1_257950_102\/"},"modified":"2020-05-25T08:00:00","modified_gmt":"2020-05-25T06:00:00","slug":"jean-michel-aulas-praises-laliga-explodes-by-cancellation-ligue-1_257950_102","status":"publish","type":"post","link":"https:\/\/www.fcbarcelonanoticias.com\/en\/laliga\/jean-michel-aulas-praises-laliga-explodes-by-cancellation-ligue-1_257950_102.html","title":{"rendered":"Aulas praises LaLiga and explodes for the cancellation of the Ligue 1"},"content":{"rendered":"<h2 class=\"wp-block-heading\">The coronavirus crisis has left many doubts in Europe, where controversy has also settled. The president of Olympique Lyon, Jean-Michel Aulas, has praised LaLiga and exploded for the cancellation of the Ligue 1<\/h2>  \r\n<div class=\"article-addons\">\r\n    <a href=\"https:\/\/www.fcbarcelonanoticias.com\/en\/calendar-fc-barcelona.html\"\r\n       target=\"_self\"\r\n       title=\"Calendar of FC Barcelona\"\r\n       class=\"blue-gredient-btn\">\r\n       \r\n        Calendar of FC Barcelona    <\/a>\r\n<\/div>   <p><strong>After several months of confinement, the world of the football begins to react, and Europe already plants him face to the crisis of the <a data-external=\"0\" data-intl-links-en=\"https:\/\/www.fcbarcelonanoticias.com\/en\/tags\/coronavirus\" data-intl-links-es=\"https:\/\/www.fcbarcelonanoticias.com\/tags\/coronavirus\" href=\"https:\/\/www.fcbarcelonanoticias.com\/en\/tags\/coronavirus.html\" rel=\"follow\" target=\"_self\" title=\"Coronavirus\">coronavirus<\/a><\/strong>. Anybody wants to throw the bells to the flight and all warn that it will touch extremar the cautions during a time, but is evident that the return of the official parties is a good news and that opens a door to the recovery. This yes, the &#8216;operation return&#8217; also has brought some controversies.<\/p>  <p>In an interview conceded to &#8216;L&#8217;\u00c9quipe&#8217;, <strong>Jean-Michel Classrooms, president of the Olympique of Lyon, has gone back to express his unrest by the cancellation of Tie it 1<\/strong>. The maximum mandator of the French group has showed especially critic with the managers of the League of Professional Football (LFP) of the country, and has signalled like example of good management to <strong><a data-external=\"0\" data-intl-links-en=\"https:\/\/www.fcbarcelonanoticias.com\/en\/laliga\" data-intl-links-es=\"https:\/\/www.fcbarcelonanoticias.com\/laliga\" href=\"https:\/\/www.fcbarcelonanoticias.com\/en\/football-soccer\/laliga.html\" rel=\"follow\" target=\"_self\" title=\"LaLiga\">LaLiga<\/a><\/strong>, to which has elogiado by his know be and planning.<\/p>  <p><strong>The Frenchman has done reference to the meetings of the UEFA in which it was monitoring the situation<\/strong>, expecting to see how evolved the pandemia and elaborating strategies of performance for all the possible stages. In spite of the recommendations of the organism rector, countries like Belgium, Holland and France opted for giving by finalised his seasons, whereas in Germany already plays and Spain, England and Italy work to go back: &#8220;This is the satisfy. <strong>From two months ago the Spanish leaders work in phases with the UEFA<\/strong>&#8220;.<\/p>  <p>&#8220;What is a paradox is that Quillot (general director of the LFP) has assisted the same that Thebes to these meetings. In reality, what said in this meeting with the UEFA was &#8216;patience'&#8221;, has commented on a decision that in several occasions has calficado of precipitated. &#8220;<strong>When we see that our leaders assisted and took out different conclusions, say that really we are truly gilipollas<\/strong>&#8220;, has finished.<\/p>  <p>&#8220;<strong>It is paradoxical that a country like Spain, that has seen more affected that France by the pandemia, there is reflexionado and found answers<\/strong>. The UEFA even arrived to publish a sanitary protocol that not even study in France. It is an absolute scandal&#8221;, has sentenced. The leader has been one of the most belligerent in the commission of emergency of Tie it 1, that opted by a way that has left unsatisfied to numerous clubs. Besides, it has warned that the consequences will not affect only to the domestic championships.<\/p>  <h3>Classrooms shows his worry by the Champions<\/h3>  <p><strong>Classrooms also has showed his worry by the commitments of the Lyon in the Champions League, <a data-external=\"0\" data-intl-links-en=\"https:\/\/www.fcbarcelonanoticias.com\/en\/champions-league\/concern-in-psg-team-is-surrounded-by-doubts-must-still-play-champions_257903_102.html\" data-intl-links-es=\"https:\/\/www.fcbarcelonanoticias.com\/champions-league\/preocupacion-en-psg-equipo-esta-envuelto-en-dudas-queda-champions_257903_102.html\" href=\"https:\/\/www.fcbarcelonanoticias.com\/en\/champions-league\/concern-in-psg-team-is-surrounded-by-doubts-must-still-play-champions_257903_102.html\" rel=\"follow\" target=\"_self\" title=\"Preocupaci\u00f3n en el PSG: El equipo est\u00e1 envuelto en dudas... Y a\u00fan queda la Champions\">a case that also affects to the PSG<\/a><\/strong>. The Olympique has to travel to Tur\u00edn to complete his eliminatory of eighth of final against the Juventus, and the &#8216;bleus&#8217; expect rival in some chambers to which will arrive without rhythm: &#8220;To play against the Juventus will find us with the two feet tied and the head cut. <strong>It goes us to be missing the breath and they will be with the ready legs<\/strong> since they will have been playing from finals of June&#8221;.<\/p> ","protected":false},"excerpt":{"rendered":"<p>The coronavirus crisis has left many doubts in Europe, where controversy has also settled. The president of Olympique Lyon, Jean-Michel Aulas, has praised LaLiga and exploded for the cancellation of the Ligue 1 After several months of confinement, the world of the football begins to react, and Europe already plants him face to the crisis [&hellip;]<\/p>\n","protected":false},"author":392,"featured_media":57198,"comment_status":"closed","ping_status":"open","sticky":false,"template":"","format":"standard","meta":{"_acf_changed":false,"inline_featured_image":false,"_nextfly_llmd_date_locked":false,"footnotes":""},"categories":[448,114],"tags":[200,269],"class_list":["post-57195","post","type-post","status-publish","format-standard","has-post-thumbnail","hentry","category-laliga-2","category-laliga","tag-coronavirus","tag-olympique-lyon"],"acf":[],"yoast_head":"<!-- This site is optimized with the Yoast SEO plugin v27.3 - https:\/\/yoast.com\/product\/yoast-seo-wordpress\/ -->\n<title>Aulas praises LaLiga and explodes for the cancellation of the Ligue 1<\/title>\n<meta name=\"description\" content=\"The crisis of the coronavirus has left a lot of doubts in Europe, where also has installed the controversy. The president of the Olympique of Lyon, Jean-Michel Classrooms...\" \/>\n<meta name=\"robots\" content=\"index, follow, max-snippet:-1, max-image-preview:large, max-video-preview:-1\" \/>\n<link rel=\"canonical\" href=\"https:\/\/www.fcbarcelonanoticias.com\/en\/laliga\/jean-michel-aulas-praises-laliga-explodes-by-cancellation-ligue-1_257950_102.html\" \/>\n<meta property=\"og:locale\" content=\"en_US\" \/>\n<meta property=\"og:type\" content=\"article\" \/>\n<meta property=\"og:title\" content=\"Aulas praises LaLiga and explodes for the cancellation of the Ligue 1\" \/>\n<meta property=\"og:description\" content=\"The crisis of the coronavirus has left a lot of doubts in Europe, where also has installed the controversy. The president of the Olympique of Lyon, Jean-Michel Classrooms...\" \/>\n<meta property=\"og:url\" content=\"https:\/\/www.fcbarcelonanoticias.com\/en\/laliga\/jean-michel-aulas-praises-laliga-explodes-by-cancellation-ligue-1_257950_102.html\" \/>\n<meta property=\"og:site_name\" content=\"EN - FC Barcelona Noticias\" \/>\n<meta property=\"article:published_time\" content=\"2020-05-25T06:00:00+00:00\" \/>\n<meta property=\"og:image\" content=\"https:\/\/www.fcbarcelonanoticias.com\/en\/wp-content\/uploads\/sites\/2\/2020\/05\/jeanmichelaulas-ol2.jpeg\" \/>\n\t<meta property=\"og:image:width\" content=\"1200\" \/>\n\t<meta property=\"og:image:height\" content=\"675\" \/>\n\t<meta property=\"og:image:type\" content=\"image\/jpeg\" \/>\n<meta name=\"author\" content=\"user_4048\" \/>\n<meta name=\"twitter:card\" content=\"summary_large_image\" \/>\n<meta name=\"twitter:label1\" content=\"Written by\" \/>\n\t<meta name=\"twitter:data1\" content=\"user_4048\" \/>\n\t<meta name=\"twitter:label2\" content=\"Est. reading time\" \/>\n\t<meta name=\"twitter:data2\" content=\"3 minutes\" \/>\n<script type=\"application\/ld+json\" class=\"yoast-schema-graph\">{\"@context\":\"https:\\\/\\\/schema.org\",\"@graph\":[{\"@type\":\"Article\",\"@id\":\"https:\\\/\\\/www.fcbarcelonanoticias.com\\\/en\\\/laliga\\\/jean-michel-aulas-praises-laliga-explodes-by-cancellation-ligue-1_257950_102.html#article\",\"isPartOf\":{\"@id\":\"https:\\\/\\\/www.fcbarcelonanoticias.com\\\/en\\\/laliga\\\/jean-michel-aulas-praises-laliga-explodes-by-cancellation-ligue-1_257950_102.html\"},\"author\":{\"name\":\"user_4048\",\"@id\":\"https:\\\/\\\/www.fcbarcelonanoticias.com\\\/en\\\/#\\\/schema\\\/person\\\/fcdad55cab72b8d0e106d75506783b6d\"},\"headline\":\"Aulas praises LaLiga and explodes for the cancellation of the Ligue 1\",\"datePublished\":\"2020-05-25T06:00:00+00:00\",\"mainEntityOfPage\":{\"@id\":\"https:\\\/\\\/www.fcbarcelonanoticias.com\\\/en\\\/laliga\\\/jean-michel-aulas-praises-laliga-explodes-by-cancellation-ligue-1_257950_102.html\"},\"wordCount\":546,\"image\":{\"@id\":\"https:\\\/\\\/www.fcbarcelonanoticias.com\\\/en\\\/laliga\\\/jean-michel-aulas-praises-laliga-explodes-by-cancellation-ligue-1_257950_102.html#primaryimage\"},\"thumbnailUrl\":\"https:\\\/\\\/www.fcbarcelonanoticias.com\\\/en\\\/wp-content\\\/uploads\\\/sites\\\/2\\\/2020\\\/05\\\/jeanmichelaulas-ol2.jpeg\",\"keywords\":[\"Coronavirus\",\"Olympique Lyon\"],\"articleSection\":[\"LaLiga\",\"LaLiga\"],\"inLanguage\":\"en-US\"},{\"@type\":\"WebPage\",\"@id\":\"https:\\\/\\\/www.fcbarcelonanoticias.com\\\/en\\\/laliga\\\/jean-michel-aulas-praises-laliga-explodes-by-cancellation-ligue-1_257950_102.html\",\"url\":\"https:\\\/\\\/www.fcbarcelonanoticias.com\\\/en\\\/laliga\\\/jean-michel-aulas-praises-laliga-explodes-by-cancellation-ligue-1_257950_102.html\",\"name\":\"Aulas praises LaLiga and explodes for the cancellation of the Ligue 1\",\"isPartOf\":{\"@id\":\"https:\\\/\\\/www.fcbarcelonanoticias.com\\\/en\\\/#website\"},\"primaryImageOfPage\":{\"@id\":\"https:\\\/\\\/www.fcbarcelonanoticias.com\\\/en\\\/laliga\\\/jean-michel-aulas-praises-laliga-explodes-by-cancellation-ligue-1_257950_102.html#primaryimage\"},\"image\":{\"@id\":\"https:\\\/\\\/www.fcbarcelonanoticias.com\\\/en\\\/laliga\\\/jean-michel-aulas-praises-laliga-explodes-by-cancellation-ligue-1_257950_102.html#primaryimage\"},\"thumbnailUrl\":\"https:\\\/\\\/www.fcbarcelonanoticias.com\\\/en\\\/wp-content\\\/uploads\\\/sites\\\/2\\\/2020\\\/05\\\/jeanmichelaulas-ol2.jpeg\",\"datePublished\":\"2020-05-25T06:00:00+00:00\",\"author\":{\"@id\":\"https:\\\/\\\/www.fcbarcelonanoticias.com\\\/en\\\/#\\\/schema\\\/person\\\/fcdad55cab72b8d0e106d75506783b6d\"},\"description\":\"The crisis of the coronavirus has left a lot of doubts in Europe, where also has installed the controversy. The president of the Olympique of Lyon, Jean-Michel Classrooms...\",\"breadcrumb\":{\"@id\":\"https:\\\/\\\/www.fcbarcelonanoticias.com\\\/en\\\/laliga\\\/jean-michel-aulas-praises-laliga-explodes-by-cancellation-ligue-1_257950_102.html#breadcrumb\"},\"inLanguage\":\"en-US\",\"potentialAction\":[{\"@type\":\"ReadAction\",\"target\":[\"https:\\\/\\\/www.fcbarcelonanoticias.com\\\/en\\\/laliga\\\/jean-michel-aulas-praises-laliga-explodes-by-cancellation-ligue-1_257950_102.html\"]}]},{\"@type\":\"ImageObject\",\"inLanguage\":\"en-US\",\"@id\":\"https:\\\/\\\/www.fcbarcelonanoticias.com\\\/en\\\/laliga\\\/jean-michel-aulas-praises-laliga-explodes-by-cancellation-ligue-1_257950_102.html#primaryimage\",\"url\":\"https:\\\/\\\/www.fcbarcelonanoticias.com\\\/en\\\/wp-content\\\/uploads\\\/sites\\\/2\\\/2020\\\/05\\\/jeanmichelaulas-ol2.jpeg\",\"contentUrl\":\"https:\\\/\\\/www.fcbarcelonanoticias.com\\\/en\\\/wp-content\\\/uploads\\\/sites\\\/2\\\/2020\\\/05\\\/jeanmichelaulas-ol2.jpeg\",\"width\":1200,\"height\":675},{\"@type\":\"BreadcrumbList\",\"@id\":\"https:\\\/\\\/www.fcbarcelonanoticias.com\\\/en\\\/laliga\\\/jean-michel-aulas-praises-laliga-explodes-by-cancellation-ligue-1_257950_102.html#breadcrumb\",\"itemListElement\":[{\"@type\":\"ListItem\",\"position\":1,\"name\":\"Portada\",\"item\":\"https:\\\/\\\/www.fcbarcelonanoticias.com\\\/en\\\/\"},{\"@type\":\"ListItem\",\"position\":2,\"name\":\"Aulas praises LaLiga and explodes for the cancellation of the Ligue 1\"}]},{\"@type\":\"WebSite\",\"@id\":\"https:\\\/\\\/www.fcbarcelonanoticias.com\\\/en\\\/#website\",\"url\":\"https:\\\/\\\/www.fcbarcelonanoticias.com\\\/en\\\/\",\"name\":\"EN - FC Barcelona Noticias\",\"description\":\"\",\"potentialAction\":[{\"@type\":\"SearchAction\",\"target\":{\"@type\":\"EntryPoint\",\"urlTemplate\":\"https:\\\/\\\/www.fcbarcelonanoticias.com\\\/en\\\/?s={search_term_string}\"},\"query-input\":{\"@type\":\"PropertyValueSpecification\",\"valueRequired\":true,\"valueName\":\"search_term_string\"}}],\"inLanguage\":\"en-US\"},{\"@type\":\"Person\",\"@id\":\"https:\\\/\\\/www.fcbarcelonanoticias.com\\\/en\\\/#\\\/schema\\\/person\\\/fcdad55cab72b8d0e106d75506783b6d\",\"name\":\"user_4048\",\"image\":{\"@type\":\"ImageObject\",\"inLanguage\":\"en-US\",\"@id\":\"https:\\\/\\\/secure.gravatar.com\\\/avatar\\\/?s=96&d=mm&r=g\",\"url\":\"https:\\\/\\\/secure.gravatar.com\\\/avatar\\\/?s=96&d=mm&r=g\",\"contentUrl\":\"https:\\\/\\\/secure.gravatar.com\\\/avatar\\\/?s=96&d=mm&r=g\",\"caption\":\"user_4048\"},\"url\":\"https:\\\/\\\/www.fcbarcelonanoticias.com\\\/en\\\/user_4048.html\"}]}<\/script>\n<!-- \/ Yoast SEO plugin. -->","yoast_head_json":{"title":"Aulas praises LaLiga and explodes for the cancellation of the Ligue 1","description":"The crisis of the coronavirus has left a lot of doubts in Europe, where also has installed the controversy. The president of the Olympique of Lyon, Jean-Michel Classrooms...","robots":{"index":"index","follow":"follow","max-snippet":"max-snippet:-1","max-image-preview":"max-image-preview:large","max-video-preview":"max-video-preview:-1"},"canonical":"https:\/\/www.fcbarcelonanoticias.com\/en\/laliga\/jean-michel-aulas-praises-laliga-explodes-by-cancellation-ligue-1_257950_102.html","og_locale":"en_US","og_type":"article","og_title":"Aulas praises LaLiga and explodes for the cancellation of the Ligue 1","og_description":"The crisis of the coronavirus has left a lot of doubts in Europe, where also has installed the controversy. The president of the Olympique of Lyon, Jean-Michel Classrooms...","og_url":"https:\/\/www.fcbarcelonanoticias.com\/en\/laliga\/jean-michel-aulas-praises-laliga-explodes-by-cancellation-ligue-1_257950_102.html","og_site_name":"EN - FC Barcelona Noticias","article_published_time":"2020-05-25T06:00:00+00:00","og_image":[{"width":1200,"height":675,"url":"https:\/\/www.fcbarcelonanoticias.com\/en\/wp-content\/uploads\/sites\/2\/2020\/05\/jeanmichelaulas-ol2.jpeg","type":"image\/jpeg"}],"author":"user_4048","twitter_card":"summary_large_image","twitter_misc":{"Written by":"user_4048","Est. reading time":"3 minutes"},"schema":{"@context":"https:\/\/schema.org","@graph":[{"@type":"Article","@id":"https:\/\/www.fcbarcelonanoticias.com\/en\/laliga\/jean-michel-aulas-praises-laliga-explodes-by-cancellation-ligue-1_257950_102.html#article","isPartOf":{"@id":"https:\/\/www.fcbarcelonanoticias.com\/en\/laliga\/jean-michel-aulas-praises-laliga-explodes-by-cancellation-ligue-1_257950_102.html"},"author":{"name":"user_4048","@id":"https:\/\/www.fcbarcelonanoticias.com\/en\/#\/schema\/person\/fcdad55cab72b8d0e106d75506783b6d"},"headline":"Aulas praises LaLiga and explodes for the cancellation of the Ligue 1","datePublished":"2020-05-25T06:00:00+00:00","mainEntityOfPage":{"@id":"https:\/\/www.fcbarcelonanoticias.com\/en\/laliga\/jean-michel-aulas-praises-laliga-explodes-by-cancellation-ligue-1_257950_102.html"},"wordCount":546,"image":{"@id":"https:\/\/www.fcbarcelonanoticias.com\/en\/laliga\/jean-michel-aulas-praises-laliga-explodes-by-cancellation-ligue-1_257950_102.html#primaryimage"},"thumbnailUrl":"https:\/\/www.fcbarcelonanoticias.com\/en\/wp-content\/uploads\/sites\/2\/2020\/05\/jeanmichelaulas-ol2.jpeg","keywords":["Coronavirus","Olympique Lyon"],"articleSection":["LaLiga","LaLiga"],"inLanguage":"en-US"},{"@type":"WebPage","@id":"https:\/\/www.fcbarcelonanoticias.com\/en\/laliga\/jean-michel-aulas-praises-laliga-explodes-by-cancellation-ligue-1_257950_102.html","url":"https:\/\/www.fcbarcelonanoticias.com\/en\/laliga\/jean-michel-aulas-praises-laliga-explodes-by-cancellation-ligue-1_257950_102.html","name":"Aulas praises LaLiga and explodes for the cancellation of the Ligue 1","isPartOf":{"@id":"https:\/\/www.fcbarcelonanoticias.com\/en\/#website"},"primaryImageOfPage":{"@id":"https:\/\/www.fcbarcelonanoticias.com\/en\/laliga\/jean-michel-aulas-praises-laliga-explodes-by-cancellation-ligue-1_257950_102.html#primaryimage"},"image":{"@id":"https:\/\/www.fcbarcelonanoticias.com\/en\/laliga\/jean-michel-aulas-praises-laliga-explodes-by-cancellation-ligue-1_257950_102.html#primaryimage"},"thumbnailUrl":"https:\/\/www.fcbarcelonanoticias.com\/en\/wp-content\/uploads\/sites\/2\/2020\/05\/jeanmichelaulas-ol2.jpeg","datePublished":"2020-05-25T06:00:00+00:00","author":{"@id":"https:\/\/www.fcbarcelonanoticias.com\/en\/#\/schema\/person\/fcdad55cab72b8d0e106d75506783b6d"},"description":"The crisis of the coronavirus has left a lot of doubts in Europe, where also has installed the controversy. The president of the Olympique of Lyon, Jean-Michel Classrooms...","breadcrumb":{"@id":"https:\/\/www.fcbarcelonanoticias.com\/en\/laliga\/jean-michel-aulas-praises-laliga-explodes-by-cancellation-ligue-1_257950_102.html#breadcrumb"},"inLanguage":"en-US","potentialAction":[{"@type":"ReadAction","target":["https:\/\/www.fcbarcelonanoticias.com\/en\/laliga\/jean-michel-aulas-praises-laliga-explodes-by-cancellation-ligue-1_257950_102.html"]}]},{"@type":"ImageObject","inLanguage":"en-US","@id":"https:\/\/www.fcbarcelonanoticias.com\/en\/laliga\/jean-michel-aulas-praises-laliga-explodes-by-cancellation-ligue-1_257950_102.html#primaryimage","url":"https:\/\/www.fcbarcelonanoticias.com\/en\/wp-content\/uploads\/sites\/2\/2020\/05\/jeanmichelaulas-ol2.jpeg","contentUrl":"https:\/\/www.fcbarcelonanoticias.com\/en\/wp-content\/uploads\/sites\/2\/2020\/05\/jeanmichelaulas-ol2.jpeg","width":1200,"height":675},{"@type":"BreadcrumbList","@id":"https:\/\/www.fcbarcelonanoticias.com\/en\/laliga\/jean-michel-aulas-praises-laliga-explodes-by-cancellation-ligue-1_257950_102.html#breadcrumb","itemListElement":[{"@type":"ListItem","position":1,"name":"Portada","item":"https:\/\/www.fcbarcelonanoticias.com\/en\/"},{"@type":"ListItem","position":2,"name":"Aulas praises LaLiga and explodes for the cancellation of the Ligue 1"}]},{"@type":"WebSite","@id":"https:\/\/www.fcbarcelonanoticias.com\/en\/#website","url":"https:\/\/www.fcbarcelonanoticias.com\/en\/","name":"EN - FC Barcelona Noticias","description":"","potentialAction":[{"@type":"SearchAction","target":{"@type":"EntryPoint","urlTemplate":"https:\/\/www.fcbarcelonanoticias.com\/en\/?s={search_term_string}"},"query-input":{"@type":"PropertyValueSpecification","valueRequired":true,"valueName":"search_term_string"}}],"inLanguage":"en-US"},{"@type":"Person","@id":"https:\/\/www.fcbarcelonanoticias.com\/en\/#\/schema\/person\/fcdad55cab72b8d0e106d75506783b6d","name":"user_4048","image":{"@type":"ImageObject","inLanguage":"en-US","@id":"https:\/\/secure.gravatar.com\/avatar\/?s=96&d=mm&r=g","url":"https:\/\/secure.gravatar.com\/avatar\/?s=96&d=mm&r=g","contentUrl":"https:\/\/secure.gravatar.com\/avatar\/?s=96&d=mm&r=g","caption":"user_4048"},"url":"https:\/\/www.fcbarcelonanoticias.com\/en\/user_4048.html"}]}},"_links":{"self":[{"href":"https:\/\/www.fcbarcelonanoticias.com\/en\/wp-json\/wp\/v2\/posts\/57195","targetHints":{"allow":["GET"]}}],"collection":[{"href":"https:\/\/www.fcbarcelonanoticias.com\/en\/wp-json\/wp\/v2\/posts"}],"about":[{"href":"https:\/\/www.fcbarcelonanoticias.com\/en\/wp-json\/wp\/v2\/types\/post"}],"author":[{"embeddable":true,"href":"https:\/\/www.fcbarcelonanoticias.com\/en\/wp-json\/wp\/v2\/users\/392"}],"replies":[{"embeddable":true,"href":"https:\/\/www.fcbarcelonanoticias.com\/en\/wp-json\/wp\/v2\/comments?post=57195"}],"version-history":[{"count":1,"href":"https:\/\/www.fcbarcelonanoticias.com\/en\/wp-json\/wp\/v2\/posts\/57195\/revisions"}],"predecessor-version":[{"id":57197,"href":"https:\/\/www.fcbarcelonanoticias.com\/en\/wp-json\/wp\/v2\/posts\/57195\/revisions\/57197"}],"wp:featuredmedia":[{"embeddable":true,"href":"https:\/\/www.fcbarcelonanoticias.com\/en\/wp-json\/wp\/v2\/media\/57198"}],"wp:attachment":[{"href":"https:\/\/www.fcbarcelonanoticias.com\/en\/wp-json\/wp\/v2\/media?parent=57195"}],"wp:term":[{"taxonomy":"category","embeddable":true,"href":"https:\/\/www.fcbarcelonanoticias.com\/en\/wp-json\/wp\/v2\/categories?post=57195"},{"taxonomy":"post_tag","embeddable":true,"href":"https:\/\/www.fcbarcelonanoticias.com\/en\/wp-json\/wp\/v2\/tags?post=57195"}],"curies":[{"name":"wp","href":"https:\/\/api.w.org\/{rel}","templated":true}]}}