{"id":57410,"date":"2025-09-01T05:35:00","date_gmt":"2025-09-01T03:35:00","guid":{"rendered":"https:\/\/weisetech.dev\/fc-barcelona-noticias\/en\/kounde-weak-match-in-his-return-to-the-starting-eleven_314548_102\/"},"modified":"2026-04-06T20:14:05","modified_gmt":"2026-04-06T18:14:05","slug":"kounde-weak-match-in-his-return-to-the-starting-eleven_314548_102","status":"publish","type":"post","link":"https:\/\/www.fcbarcelonanoticias.com\/en\/laliga\/kounde-weak-match-in-his-return-to-the-starting-eleven_314548_102.html","title":{"rendered":"Kound\u00e9&#8217;s weak match in his return to the starting XI: the Frenchman suffered in Vallecas"},"content":{"rendered":"<h2 class=\"wp-block-heading\">Jules Kound\u00e9 did not have a good performance in Bar\u00e7a&#8217;s draw against Rayo (1-1) in Vallecas. The Frenchman was involved in a marking error that ended in Fran P\u00e9rez&#8217;s goal.<\/h2>  \r\n<div class=\"article-addons\">\r\n    <a href=\"https:\/\/www.fcbarcelonanoticias.com\/en\/calendar-fc-barcelona.html\"\r\n       target=\"_self\"\r\n       title=\"Calendar of FC Barcelona\"\r\n       class=\"blue-gredient-btn\">\r\n       \r\n        Calendar of FC Barcelona    <\/a>\r\n<\/div>   <p><strong>Jules Kound\u00e9<\/strong> returned to the starting lineup with <strong>FC Barcelona<\/strong> after a long time. However, he did not have a good match against <a data-external=\"0\" data-intl-links-en=\"https:\/\/www.fcbarcelonanoticias.com\/en\/laliga\/rayo-barcelona-without-var-due-to-technical-problem-of-mediapro_314547_102.html\" data-intl-links-es=\"https:\/\/www.fcbarcelonanoticias.com\/laliga\/insolito-rayo-barcelona-sin-var-por-problema-tecnico-mediapro_314547_102.html\" href=\"https:\/\/www.fcbarcelonanoticias.com\/en\/laliga\/rayo-barcelona-without-var-due-to-technical-problem-of-mediapro_314547_102.html\" rel=\"follow\" target=\"_self\" title=\"Insolito: El Rayo-Bar\u00e7a, sin VAR por un problema t\u00e9cnico de Mediapro\">Rayo Vallecano (1-1)<\/a>. The &#8217;23&#8217; was exposed in the play of the equalizing goal.<\/p>  <p>When the 67th minute was passing, the &#8216;franjirrojos&#8217; take a corner. The defender goes with the mark of the Senegalese <strong>Path\u00e9 Ciss<\/strong> and leaves <strong>Fran P\u00e9rez<\/strong> alone, who equalized the match with a volley goal.<\/p>  <p>Apart from the play of the goal, the defender pushed <strong>Josep Chavarr\u00eda<\/strong> in an action without the ball and received a yellow card, being the only player of <strong>Bar\u00e7a<\/strong> to be cautioned in the entire match.<\/p>  <div data-oembed-url=\"https:\/\/www.youtube.com\/watch?v=qPxREda-uKs\"> <div style=\"left: 0; width: 100%; height: 0; position: relative; padding-bottom: 56.25%;\"><\/div> <\/div>  <h2>Kound\u00e9 returned to the starting XI after months of absence<\/h2>  <div class=\"media media-image\" data-ck-asset-wrapper=\"\"> <div class=\"media-item\"> <img loading=\"lazy\" decoding=\"async\" alt=\"relacionado\" data-id=\"1518889\" data-resize=\"9\" height=\"563\" src=\"https:\/\/www.fcbarcelonanoticias.com\/wp-content\/uploads\/sites\/2\/2025\/09\/fcbn-9b23e04bcbe0ff9552a2486da02cc14d.webp\" title=\"relacionado\" width=\"1000\"><div class=\"media-title\">relacionado<\/div> <\/div> <\/div>  <p><strong>Hansi Flick<\/strong> had used <strong>Eric Garc\u00eda<\/strong> as a right back in the first matches of <strong>LaLiga EA Sports 25\/26<\/strong> against <strong>Mallorca and Levante<\/strong>. But for this third match, the German coach decided to include the Frenchman on the right wing from the start.<\/p>  <p><strong>Jules Kound\u00e9<\/strong> had not played as a starter in <strong>LaLiga<\/strong> since April 19, in the Blaugrana&#8217;s victory against <strong>Celta de Vigo<\/strong> (4-3).<\/p>  <p>Then he was able to be part of the starting eleven in other competitions, such as that final of the Copa del Rey against <strong>Real Madrid<\/strong> in La Cartuja, where he scored the winning goal, and in the first leg of the Champions League semi-finals against <strong>Inter Milan<\/strong>.<\/p>  <p>After that first match in the key against the Italian club, he could not continue playing due to a distal injury in the femoral biceps of his left thigh, which kept him away from the field for the entire month of May.<\/p>  <h2><b>\u00c1lvaro Garc\u00eda and Isi Palaz\u00f3n were Kound\u00e9&#8217;s nightmare<\/b><\/h2>  <p>&nbsp;<\/p>  <p><a data-external=\"0\" data-intl-links-en=\"https:\/\/www.fcbarcelonanoticias.com\/en\/fc-barcelona\/kounde-vs-eric-garcia-fight-for-cule-right-back-position_314285_102.html\" data-intl-links-es=\"https:\/\/www.fcbarcelonanoticias.com\/fc-barcelona\/jules-kounde-habla-competencia-con-eric-garcia-mas-presion-galo_314285_102.html\" href=\"https:\/\/www.fcbarcelonanoticias.com\/en\/fc-barcelona\/kounde-vs-eric-garcia-fight-for-cule-right-back-position_314285_102.html\" rel=\"follow\" target=\"_self\" title=\"Jules Kound\u00e9 habla de la competencia con Eric Garc\u00eda: \u00bfm\u00e1s presi\u00f3n para el galo?\">Jules Kound\u00e9<\/a> had to reference <strong>\u00c1lvaro Garc\u00eda and Isi Palaz\u00f3n<\/strong> on the right wing. The two players of <strong>Rayo Vallecano<\/strong> became his nightmare, as they easily surpassed him in several stretches of the match.<\/p>  <p>In his defensive performance, the Paris native had 4 recoveries, 2 interceptions and 4 clearances (1 header).<\/p>  <p>On the other hand, he won 4 of 7 ground duels (57%) and all 3 aerial duels played. In addition, he committed three fouls.<\/p>  <p>The commitment against <strong>Rayo<\/strong> was the last before the FIFA break, where <strong>Kound\u00e9<\/strong> will be playing with the French national team in the matches against Ukraine and Iceland for the qualifiers for the 2026 World Cup.<\/p>  <p>Now it will be up to <strong>Flick<\/strong> if after the international break he decides to align the Frenchman again in the starting lineup or return to using <strong>Eric Garc\u00eda<\/strong> on the right wing.<\/p> ","protected":false},"excerpt":{"rendered":"<p>Jules Kound\u00e9 did not have a good performance in Bar\u00e7a&#8217;s draw against Rayo (1-1) in Vallecas. The Frenchman was involved in a marking error that ended in Fran P\u00e9rez&#8217;s goal. Jules Kound\u00e9 returned to the starting lineup with FC Barcelona after a long time. However, he did not have a good match against Rayo Vallecano [&hellip;]<\/p>\n","protected":false},"author":362,"featured_media":57420,"comment_status":"closed","ping_status":"open","sticky":false,"template":"","format":"standard","meta":{"_acf_changed":false,"inline_featured_image":false,"_nextfly_llmd_date_locked":false,"footnotes":""},"categories":[443,448,114],"tags":[370,248],"class_list":["post-57410","post","type-post","status-publish","format-standard","has-post-thumbnail","hentry","category-jules-kounde","category-laliga-2","category-laliga","tag-fc-barcelona-vs-rayo-all-news","tag-jules-kounde"],"acf":[],"yoast_head":"<!-- This site is optimized with the Yoast SEO plugin v27.3 - https:\/\/yoast.com\/product\/yoast-seo-wordpress\/ -->\n<title>Kound\u00e9&#039;s weak match in his return to the XI: the Frenchman suffered in Vallecas<\/title>\n<meta name=\"description\" content=\"Jules Kound\u00e9 did not have a good performance in Bar\u00e7a&#039;s draw against Rayo (1-1) in Vallecas. The Frenchman was involved in Fran P\u00e9rez&#039;s goal\" \/>\n<meta name=\"robots\" content=\"index, follow, max-snippet:-1, max-image-preview:large, max-video-preview:-1\" \/>\n<link rel=\"canonical\" href=\"https:\/\/www.fcbarcelonanoticias.com\/en\/laliga\/kounde-weak-match-in-his-return-to-the-starting-eleven_314548_102.html\" \/>\n<meta property=\"og:locale\" content=\"en_US\" \/>\n<meta property=\"og:type\" content=\"article\" \/>\n<meta property=\"og:title\" content=\"Kound\u00e9&#039;s weak match in his return to the XI: the Frenchman suffered in Vallecas\" \/>\n<meta property=\"og:description\" content=\"Jules Kound\u00e9 did not have a good performance in Bar\u00e7a&#039;s draw against Rayo (1-1) in Vallecas. The Frenchman was involved in Fran P\u00e9rez&#039;s goal\" \/>\n<meta property=\"og:url\" content=\"https:\/\/www.fcbarcelonanoticias.com\/en\/laliga\/kounde-weak-match-in-his-return-to-the-starting-eleven_314548_102.html\" \/>\n<meta property=\"og:site_name\" content=\"EN - FC Barcelona Noticias\" \/>\n<meta property=\"article:published_time\" content=\"2025-09-01T03:35:00+00:00\" \/>\n<meta property=\"article:modified_time\" content=\"2026-04-06T18:14:05+00:00\" \/>\n<meta property=\"og:image\" content=\"https:\/\/www.fcbarcelonanoticias.com\/en\/wp-content\/uploads\/sites\/2\/2025\/09\/mga8587-1.webp\" \/>\n\t<meta property=\"og:image:width\" content=\"1200\" \/>\n\t<meta property=\"og:image:height\" content=\"675\" \/>\n\t<meta property=\"og:image:type\" content=\"image\/webp\" \/>\n<meta name=\"author\" content=\"Reinaldo David\" \/>\n<meta name=\"twitter:card\" content=\"summary_large_image\" \/>\n<meta name=\"twitter:label1\" content=\"Written by\" \/>\n\t<meta name=\"twitter:data1\" content=\"Reinaldo David\" \/>\n\t<meta name=\"twitter:label2\" content=\"Est. reading time\" \/>\n\t<meta name=\"twitter:data2\" content=\"2 minutes\" \/>\n<script type=\"application\/ld+json\" class=\"yoast-schema-graph\">{\"@context\":\"https:\\\/\\\/schema.org\",\"@graph\":[{\"@type\":\"Article\",\"@id\":\"https:\\\/\\\/www.fcbarcelonanoticias.com\\\/en\\\/laliga\\\/kounde-weak-match-in-his-return-to-the-starting-eleven_314548_102.html#article\",\"isPartOf\":{\"@id\":\"https:\\\/\\\/www.fcbarcelonanoticias.com\\\/en\\\/laliga\\\/kounde-weak-match-in-his-return-to-the-starting-eleven_314548_102.html\"},\"author\":{\"name\":\"Reinaldo David\",\"@id\":\"https:\\\/\\\/www.fcbarcelonanoticias.com\\\/en\\\/#\\\/schema\\\/person\\\/f7c2a90edfe1134cfd813911ba5c0178\"},\"headline\":\"Kound\u00e9&#8217;s weak match in his return to the starting XI: the Frenchman suffered in Vallecas\",\"datePublished\":\"2025-09-01T03:35:00+00:00\",\"dateModified\":\"2026-04-06T18:14:05+00:00\",\"mainEntityOfPage\":{\"@id\":\"https:\\\/\\\/www.fcbarcelonanoticias.com\\\/en\\\/laliga\\\/kounde-weak-match-in-his-return-to-the-starting-eleven_314548_102.html\"},\"wordCount\":476,\"image\":{\"@id\":\"https:\\\/\\\/www.fcbarcelonanoticias.com\\\/en\\\/laliga\\\/kounde-weak-match-in-his-return-to-the-starting-eleven_314548_102.html#primaryimage\"},\"thumbnailUrl\":\"https:\\\/\\\/www.fcbarcelonanoticias.com\\\/en\\\/wp-content\\\/uploads\\\/sites\\\/2\\\/2025\\\/09\\\/mga8587-1.webp\",\"keywords\":[\"FC Barcelona vs Rayo\",\"Jules Kound\u00e9\"],\"articleSection\":[\"Jules Kound\u00e9\",\"LaLiga\",\"LaLiga\"],\"inLanguage\":\"en-US\"},{\"@type\":\"WebPage\",\"@id\":\"https:\\\/\\\/www.fcbarcelonanoticias.com\\\/en\\\/laliga\\\/kounde-weak-match-in-his-return-to-the-starting-eleven_314548_102.html\",\"url\":\"https:\\\/\\\/www.fcbarcelonanoticias.com\\\/en\\\/laliga\\\/kounde-weak-match-in-his-return-to-the-starting-eleven_314548_102.html\",\"name\":\"Kound\u00e9's weak match in his return to the XI: the Frenchman suffered in Vallecas\",\"isPartOf\":{\"@id\":\"https:\\\/\\\/www.fcbarcelonanoticias.com\\\/en\\\/#website\"},\"primaryImageOfPage\":{\"@id\":\"https:\\\/\\\/www.fcbarcelonanoticias.com\\\/en\\\/laliga\\\/kounde-weak-match-in-his-return-to-the-starting-eleven_314548_102.html#primaryimage\"},\"image\":{\"@id\":\"https:\\\/\\\/www.fcbarcelonanoticias.com\\\/en\\\/laliga\\\/kounde-weak-match-in-his-return-to-the-starting-eleven_314548_102.html#primaryimage\"},\"thumbnailUrl\":\"https:\\\/\\\/www.fcbarcelonanoticias.com\\\/en\\\/wp-content\\\/uploads\\\/sites\\\/2\\\/2025\\\/09\\\/mga8587-1.webp\",\"datePublished\":\"2025-09-01T03:35:00+00:00\",\"dateModified\":\"2026-04-06T18:14:05+00:00\",\"author\":{\"@id\":\"https:\\\/\\\/www.fcbarcelonanoticias.com\\\/en\\\/#\\\/schema\\\/person\\\/f7c2a90edfe1134cfd813911ba5c0178\"},\"description\":\"Jules Kound\u00e9 did not have a good performance in Bar\u00e7a's draw against Rayo (1-1) in Vallecas. The Frenchman was involved in Fran P\u00e9rez's goal\",\"breadcrumb\":{\"@id\":\"https:\\\/\\\/www.fcbarcelonanoticias.com\\\/en\\\/laliga\\\/kounde-weak-match-in-his-return-to-the-starting-eleven_314548_102.html#breadcrumb\"},\"inLanguage\":\"en-US\",\"potentialAction\":[{\"@type\":\"ReadAction\",\"target\":[\"https:\\\/\\\/www.fcbarcelonanoticias.com\\\/en\\\/laliga\\\/kounde-weak-match-in-his-return-to-the-starting-eleven_314548_102.html\"]}]},{\"@type\":\"ImageObject\",\"inLanguage\":\"en-US\",\"@id\":\"https:\\\/\\\/www.fcbarcelonanoticias.com\\\/en\\\/laliga\\\/kounde-weak-match-in-his-return-to-the-starting-eleven_314548_102.html#primaryimage\",\"url\":\"https:\\\/\\\/www.fcbarcelonanoticias.com\\\/en\\\/wp-content\\\/uploads\\\/sites\\\/2\\\/2025\\\/09\\\/mga8587-1.webp\",\"contentUrl\":\"https:\\\/\\\/www.fcbarcelonanoticias.com\\\/en\\\/wp-content\\\/uploads\\\/sites\\\/2\\\/2025\\\/09\\\/mga8587-1.webp\",\"width\":1200,\"height\":675},{\"@type\":\"BreadcrumbList\",\"@id\":\"https:\\\/\\\/www.fcbarcelonanoticias.com\\\/en\\\/laliga\\\/kounde-weak-match-in-his-return-to-the-starting-eleven_314548_102.html#breadcrumb\",\"itemListElement\":[{\"@type\":\"ListItem\",\"position\":1,\"name\":\"Portada\",\"item\":\"https:\\\/\\\/www.fcbarcelonanoticias.com\\\/en\\\/\"},{\"@type\":\"ListItem\",\"position\":2,\"name\":\"Kound\u00e9&#8217;s weak match in his return to the starting XI: the Frenchman suffered in Vallecas\"}]},{\"@type\":\"WebSite\",\"@id\":\"https:\\\/\\\/www.fcbarcelonanoticias.com\\\/en\\\/#website\",\"url\":\"https:\\\/\\\/www.fcbarcelonanoticias.com\\\/en\\\/\",\"name\":\"EN - FC Barcelona Noticias\",\"description\":\"\",\"potentialAction\":[{\"@type\":\"SearchAction\",\"target\":{\"@type\":\"EntryPoint\",\"urlTemplate\":\"https:\\\/\\\/www.fcbarcelonanoticias.com\\\/en\\\/?s={search_term_string}\"},\"query-input\":{\"@type\":\"PropertyValueSpecification\",\"valueRequired\":true,\"valueName\":\"search_term_string\"}}],\"inLanguage\":\"en-US\"},{\"@type\":\"Person\",\"@id\":\"https:\\\/\\\/www.fcbarcelonanoticias.com\\\/en\\\/#\\\/schema\\\/person\\\/f7c2a90edfe1134cfd813911ba5c0178\",\"name\":\"Reinaldo David\",\"image\":{\"@type\":\"ImageObject\",\"inLanguage\":\"en-US\",\"@id\":\"https:\\\/\\\/secure.gravatar.com\\\/avatar\\\/?s=96&d=mm&r=g\",\"url\":\"https:\\\/\\\/secure.gravatar.com\\\/avatar\\\/?s=96&d=mm&r=g\",\"contentUrl\":\"https:\\\/\\\/secure.gravatar.com\\\/avatar\\\/?s=96&d=mm&r=g\",\"caption\":\"Reinaldo David\"},\"description\":\"Licenciado en Periodismo y redactor en\u00a0FCBN. Encargado de traerte todos los d\u00edas\u00a0la \u00faltima hora del Bar\u00e7a y del mercado de traspasos. Analista de LaLiga, la Champions, la Copa del Rey tambi\u00e9n de las principales ligas y competiciones europeas.\",\"url\":\"https:\\\/\\\/www.fcbarcelonanoticias.com\\\/en\\\/reinaldo-david_37_115.html\"}]}<\/script>\n<!-- \/ Yoast SEO plugin. -->","yoast_head_json":{"title":"Kound\u00e9's weak match in his return to the XI: the Frenchman suffered in Vallecas","description":"Jules Kound\u00e9 did not have a good performance in Bar\u00e7a's draw against Rayo (1-1) in Vallecas. The Frenchman was involved in Fran P\u00e9rez's goal","robots":{"index":"index","follow":"follow","max-snippet":"max-snippet:-1","max-image-preview":"max-image-preview:large","max-video-preview":"max-video-preview:-1"},"canonical":"https:\/\/www.fcbarcelonanoticias.com\/en\/laliga\/kounde-weak-match-in-his-return-to-the-starting-eleven_314548_102.html","og_locale":"en_US","og_type":"article","og_title":"Kound\u00e9's weak match in his return to the XI: the Frenchman suffered in Vallecas","og_description":"Jules Kound\u00e9 did not have a good performance in Bar\u00e7a's draw against Rayo (1-1) in Vallecas. The Frenchman was involved in Fran P\u00e9rez's goal","og_url":"https:\/\/www.fcbarcelonanoticias.com\/en\/laliga\/kounde-weak-match-in-his-return-to-the-starting-eleven_314548_102.html","og_site_name":"EN - FC Barcelona Noticias","article_published_time":"2025-09-01T03:35:00+00:00","article_modified_time":"2026-04-06T18:14:05+00:00","og_image":[{"width":1200,"height":675,"url":"https:\/\/www.fcbarcelonanoticias.com\/en\/wp-content\/uploads\/sites\/2\/2025\/09\/mga8587-1.webp","type":"image\/webp"}],"author":"Reinaldo David","twitter_card":"summary_large_image","twitter_misc":{"Written by":"Reinaldo David","Est. reading time":"2 minutes"},"schema":{"@context":"https:\/\/schema.org","@graph":[{"@type":"Article","@id":"https:\/\/www.fcbarcelonanoticias.com\/en\/laliga\/kounde-weak-match-in-his-return-to-the-starting-eleven_314548_102.html#article","isPartOf":{"@id":"https:\/\/www.fcbarcelonanoticias.com\/en\/laliga\/kounde-weak-match-in-his-return-to-the-starting-eleven_314548_102.html"},"author":{"name":"Reinaldo David","@id":"https:\/\/www.fcbarcelonanoticias.com\/en\/#\/schema\/person\/f7c2a90edfe1134cfd813911ba5c0178"},"headline":"Kound\u00e9&#8217;s weak match in his return to the starting XI: the Frenchman suffered in Vallecas","datePublished":"2025-09-01T03:35:00+00:00","dateModified":"2026-04-06T18:14:05+00:00","mainEntityOfPage":{"@id":"https:\/\/www.fcbarcelonanoticias.com\/en\/laliga\/kounde-weak-match-in-his-return-to-the-starting-eleven_314548_102.html"},"wordCount":476,"image":{"@id":"https:\/\/www.fcbarcelonanoticias.com\/en\/laliga\/kounde-weak-match-in-his-return-to-the-starting-eleven_314548_102.html#primaryimage"},"thumbnailUrl":"https:\/\/www.fcbarcelonanoticias.com\/en\/wp-content\/uploads\/sites\/2\/2025\/09\/mga8587-1.webp","keywords":["FC Barcelona vs Rayo","Jules Kound\u00e9"],"articleSection":["Jules Kound\u00e9","LaLiga","LaLiga"],"inLanguage":"en-US"},{"@type":"WebPage","@id":"https:\/\/www.fcbarcelonanoticias.com\/en\/laliga\/kounde-weak-match-in-his-return-to-the-starting-eleven_314548_102.html","url":"https:\/\/www.fcbarcelonanoticias.com\/en\/laliga\/kounde-weak-match-in-his-return-to-the-starting-eleven_314548_102.html","name":"Kound\u00e9's weak match in his return to the XI: the Frenchman suffered in Vallecas","isPartOf":{"@id":"https:\/\/www.fcbarcelonanoticias.com\/en\/#website"},"primaryImageOfPage":{"@id":"https:\/\/www.fcbarcelonanoticias.com\/en\/laliga\/kounde-weak-match-in-his-return-to-the-starting-eleven_314548_102.html#primaryimage"},"image":{"@id":"https:\/\/www.fcbarcelonanoticias.com\/en\/laliga\/kounde-weak-match-in-his-return-to-the-starting-eleven_314548_102.html#primaryimage"},"thumbnailUrl":"https:\/\/www.fcbarcelonanoticias.com\/en\/wp-content\/uploads\/sites\/2\/2025\/09\/mga8587-1.webp","datePublished":"2025-09-01T03:35:00+00:00","dateModified":"2026-04-06T18:14:05+00:00","author":{"@id":"https:\/\/www.fcbarcelonanoticias.com\/en\/#\/schema\/person\/f7c2a90edfe1134cfd813911ba5c0178"},"description":"Jules Kound\u00e9 did not have a good performance in Bar\u00e7a's draw against Rayo (1-1) in Vallecas. The Frenchman was involved in Fran P\u00e9rez's goal","breadcrumb":{"@id":"https:\/\/www.fcbarcelonanoticias.com\/en\/laliga\/kounde-weak-match-in-his-return-to-the-starting-eleven_314548_102.html#breadcrumb"},"inLanguage":"en-US","potentialAction":[{"@type":"ReadAction","target":["https:\/\/www.fcbarcelonanoticias.com\/en\/laliga\/kounde-weak-match-in-his-return-to-the-starting-eleven_314548_102.html"]}]},{"@type":"ImageObject","inLanguage":"en-US","@id":"https:\/\/www.fcbarcelonanoticias.com\/en\/laliga\/kounde-weak-match-in-his-return-to-the-starting-eleven_314548_102.html#primaryimage","url":"https:\/\/www.fcbarcelonanoticias.com\/en\/wp-content\/uploads\/sites\/2\/2025\/09\/mga8587-1.webp","contentUrl":"https:\/\/www.fcbarcelonanoticias.com\/en\/wp-content\/uploads\/sites\/2\/2025\/09\/mga8587-1.webp","width":1200,"height":675},{"@type":"BreadcrumbList","@id":"https:\/\/www.fcbarcelonanoticias.com\/en\/laliga\/kounde-weak-match-in-his-return-to-the-starting-eleven_314548_102.html#breadcrumb","itemListElement":[{"@type":"ListItem","position":1,"name":"Portada","item":"https:\/\/www.fcbarcelonanoticias.com\/en\/"},{"@type":"ListItem","position":2,"name":"Kound\u00e9&#8217;s weak match in his return to the starting XI: the Frenchman suffered in Vallecas"}]},{"@type":"WebSite","@id":"https:\/\/www.fcbarcelonanoticias.com\/en\/#website","url":"https:\/\/www.fcbarcelonanoticias.com\/en\/","name":"EN - FC Barcelona Noticias","description":"","potentialAction":[{"@type":"SearchAction","target":{"@type":"EntryPoint","urlTemplate":"https:\/\/www.fcbarcelonanoticias.com\/en\/?s={search_term_string}"},"query-input":{"@type":"PropertyValueSpecification","valueRequired":true,"valueName":"search_term_string"}}],"inLanguage":"en-US"},{"@type":"Person","@id":"https:\/\/www.fcbarcelonanoticias.com\/en\/#\/schema\/person\/f7c2a90edfe1134cfd813911ba5c0178","name":"Reinaldo David","image":{"@type":"ImageObject","inLanguage":"en-US","@id":"https:\/\/secure.gravatar.com\/avatar\/?s=96&d=mm&r=g","url":"https:\/\/secure.gravatar.com\/avatar\/?s=96&d=mm&r=g","contentUrl":"https:\/\/secure.gravatar.com\/avatar\/?s=96&d=mm&r=g","caption":"Reinaldo David"},"description":"Licenciado en Periodismo y redactor en\u00a0FCBN. Encargado de traerte todos los d\u00edas\u00a0la \u00faltima hora del Bar\u00e7a y del mercado de traspasos. Analista de LaLiga, la Champions, la Copa del Rey tambi\u00e9n de las principales ligas y competiciones europeas.","url":"https:\/\/www.fcbarcelonanoticias.com\/en\/reinaldo-david_37_115.html"}]}},"_links":{"self":[{"href":"https:\/\/www.fcbarcelonanoticias.com\/en\/wp-json\/wp\/v2\/posts\/57410","targetHints":{"allow":["GET"]}}],"collection":[{"href":"https:\/\/www.fcbarcelonanoticias.com\/en\/wp-json\/wp\/v2\/posts"}],"about":[{"href":"https:\/\/www.fcbarcelonanoticias.com\/en\/wp-json\/wp\/v2\/types\/post"}],"author":[{"embeddable":true,"href":"https:\/\/www.fcbarcelonanoticias.com\/en\/wp-json\/wp\/v2\/users\/362"}],"replies":[{"embeddable":true,"href":"https:\/\/www.fcbarcelonanoticias.com\/en\/wp-json\/wp\/v2\/comments?post=57410"}],"version-history":[{"count":2,"href":"https:\/\/www.fcbarcelonanoticias.com\/en\/wp-json\/wp\/v2\/posts\/57410\/revisions"}],"predecessor-version":[{"id":162332,"href":"https:\/\/www.fcbarcelonanoticias.com\/en\/wp-json\/wp\/v2\/posts\/57410\/revisions\/162332"}],"wp:featuredmedia":[{"embeddable":true,"href":"https:\/\/www.fcbarcelonanoticias.com\/en\/wp-json\/wp\/v2\/media\/57420"}],"wp:attachment":[{"href":"https:\/\/www.fcbarcelonanoticias.com\/en\/wp-json\/wp\/v2\/media?parent=57410"}],"wp:term":[{"taxonomy":"category","embeddable":true,"href":"https:\/\/www.fcbarcelonanoticias.com\/en\/wp-json\/wp\/v2\/categories?post=57410"},{"taxonomy":"post_tag","embeddable":true,"href":"https:\/\/www.fcbarcelonanoticias.com\/en\/wp-json\/wp\/v2\/tags?post=57410"}],"curies":[{"name":"wp","href":"https:\/\/api.w.org\/{rel}","templated":true}]}}