{"id":57622,"date":"2023-05-20T18:17:00","date_gmt":"2023-05-20T16:17:00","guid":{"rendered":"https:\/\/weisetech.dev\/fc-barcelona-noticias\/en\/laliga-approved-this-monday-plan-viability-barcelona-summer_292515_102\/"},"modified":"2023-05-20T18:17:00","modified_gmt":"2023-05-20T16:17:00","slug":"laliga-approved-this-monday-plan-viability-barcelona-summer_292515_102","status":"publish","type":"post","link":"https:\/\/www.fcbarcelonanoticias.com\/en\/laliga\/laliga-approved-this-monday-plan-viability-barcelona-summer_292515_102.html","title":{"rendered":"LaLiga would approve this Monday the feasibility plan of Bar\u00e7a for the summer"},"content":{"rendered":"<h2 class=\"wp-block-heading\">The closure of Bar\u00e7a TV and the roadmap for sales and transfers for the summer will force LaLiga to approve the feasibility plan for FC Barcelona in order to sign in the next market. The &#8216;ok&#8217; from the employer should arrive this Monday, as planned<\/h2>  \r\n<div class=\"article-addons\">\r\n    <a href=\"https:\/\/www.fcbarcelonanoticias.com\/en\/calendar-fc-barcelona.html\"\r\n       target=\"_self\"\r\n       title=\"Calendar of FC Barcelona\"\r\n       class=\"blue-gredient-btn\">\r\n       \r\n        Calendar of FC Barcelona    <\/a>\r\n<\/div>   <p>The FC Barcelona will have green light by part of LaLiga to manage signings and renewals from the Monday. Although the directive expected the &#8216;ok&#8217; to his plan of feasibility the Friday, <strong>it will be necessary to expect until the next week to have the official approval of the patronal<\/strong>. Eduard Romeu, economic vice-president of the club, detailed how the institution will obtain in two years the 200 million euros between the reduction of cost and income that demands the &#8216;Fair Play financial.<\/p>  <p>In this sense, <strong>the closing of Bar\u00e7a TV and <a data-external=\"0\" data-intl-links-en=\"https:\/\/www.fcbarcelonanoticias.com\/en\/transfers\/route-sheet-fc-barcelona-boost-sale-players_292498_102.html\" data-intl-links-es=\"https:\/\/www.fcbarcelonanoticias.com\/fichajes\/hoja-ruta-fc-barcelona-impulsar-venta-jugadores_292498_102.html\" href=\"https:\/\/www.fcbarcelonanoticias.com\/en\/transfers\/route-sheet-fc-barcelona-boost-sale-players_292498_102.html\" rel=\"follow\" target=\"_self\" title=\"La hoja de ruta del FC Barcelona para impulsar la venta de jugadores\">the leaf of route established to manage exits in summer<\/a> (sales, cessions) <\/strong>will allow to inscribe all the previously renewed agreements and return to the rule of the 1\/1 for fichar in summer, that is to say, the Bar\u00e7a will be able to invest the whole of each mount ingresado by traspasos and no a fourth part, like sucede with the rule of the 1\/4, to which the club is subject at present.<\/p>  <h2>The confidence of the directive in the leaf of route traced<\/h2>  <p><strong>&#8220;It is a very rigorous and conservative plan. We have it complete for two years and am safe that it will be approved. I do not see any problem so that it was not approved by LaLiga&#8221;<\/strong>, commented the Friday Eduard Romeu to the newspaper &#8216;SPORT&#8217;. The directive and the technical body work to define to the &#8216;descartes&#8217; for the next season, as well as the offer for the return of Leo Messi, main aim of face to the market.<\/p>  <p><strong>When doing without players like Ansu Fati, Franck Kessi\u00e9 and Ferran Torres, the club will free mass salarial <a data-external=\"0\" data-intl-links-en=\"https:\/\/www.fcbarcelonanoticias.com\/en\/transfers\/agreement-between-barca-messi-is-taking-longer-expected_292483_102.html\" data-intl-links-es=\"https:\/\/www.fcbarcelonanoticias.com\/fichajes\/acuerdo-entre-barca-messi-esta-tardando-mas-esperado_292483_102.html\" href=\"https:\/\/www.fcbarcelonanoticias.com\/en\/transfers\/agreement-between-barca-messi-is-taking-longer-expected_292483_102.html\" rel=\"follow\" target=\"_self\" title=\"El acuerdo entre el Bar\u00e7a y Messi est\u00e1 tardando m\u00e1s de lo esperado\">to inscribe to Leo<\/a><\/strong>, whose agreement rondar\u00eda the 25 million net euros to the year, in an agreement by a fixed year with option by another season more. <strong>Neither descartan the traspasos of Andreas Christensen and Raphinha<\/strong>, still when both players prioritise to remain and Xavi Hern\u00e1ndez has they for the summer.<\/p>  <h2>The renewals, the first step of the Bar\u00e7a in summer<\/h2>  <p>Once LaLiga give green light, the directive will proceed to oficializar the renewals of <strong>Ronald Ara\u00fajo, Marcos Alonso, Sergi Roberto, Gavi and I\u00f1aki Crag, whose agreements are signed from does already several months. Also it is when falling <a data-external=\"0\" data-intl-links-en=\"https:\/\/www.fcbarcelonanoticias.com\/en\/transfers\/renovation-alejandro-balde-with-boat-could-close-this-week_292409_102.html\" data-intl-links-es=\"https:\/\/www.fcbarcelonanoticias.com\/fichajes\/renovacion-alejandro-balde-con-barca-podria-cerrarse-esta-semana_292409_102.html\" href=\"https:\/\/www.fcbarcelonanoticias.com\/en\/transfers\/renovation-alejandro-balde-with-boat-could-close-this-week_292409_102.html\" rel=\"follow\" target=\"_self\" title=\"La renovaci\u00f3n de Alejandro Balde con el Bar\u00e7a podr\u00eda cerrarse esta semana\">the extension of the agreement of Alejandro Balde<\/a><\/strong>, the one who would sign until 2027. The Bar\u00e7a does not want to run risks this summer and, for this, wants to ensure what before the future of his untransferable. Once resolved this escollo, will be the turn of sales and signings.<\/p> ","protected":false},"excerpt":{"rendered":"<p>The closure of Bar\u00e7a TV and the roadmap for sales and transfers for the summer will force LaLiga to approve the feasibility plan for FC Barcelona in order to sign in the next market. The &#8216;ok&#8217; from the employer should arrive this Monday, as planned The FC Barcelona will have green light by part of [&hellip;]<\/p>\n","protected":false},"author":347,"featured_media":5117,"comment_status":"closed","ping_status":"open","sticky":false,"template":"","format":"standard","meta":{"_acf_changed":false,"inline_featured_image":false,"_nextfly_llmd_date_locked":false,"footnotes":""},"categories":[114,448],"tags":[99,158],"class_list":["post-57622","post","type-post","status-publish","format-standard","has-post-thumbnail","hentry","category-laliga","category-laliga-2","tag-javier-thebes","tag-joan-laporta"],"acf":[],"yoast_head":"<!-- This site is optimized with the Yoast SEO plugin v27.3 - https:\/\/yoast.com\/product\/yoast-seo-wordpress\/ -->\n<title>LaLiga would approve this Monday the feasibility plan of Bar\u00e7a for the summer<\/title>\n<meta name=\"description\" content=\"The closure of Bar\u00e7a TV and the roadmap for sales and transfers for the summer will force LaLiga to approve the feasibility plan for FC Barcelona in order to sign in the next market. The &#039;ok&#039; from the employer should arrive this Monday, as planned\" \/>\n<meta name=\"robots\" content=\"index, follow, max-snippet:-1, max-image-preview:large, max-video-preview:-1\" \/>\n<link rel=\"canonical\" href=\"https:\/\/www.fcbarcelonanoticias.com\/en\/laliga\/laliga-approved-this-monday-plan-viability-barcelona-summer_292515_102.html\" \/>\n<meta property=\"og:locale\" content=\"en_US\" \/>\n<meta property=\"og:type\" content=\"article\" \/>\n<meta property=\"og:title\" content=\"LaLiga would approve this Monday the feasibility plan of Bar\u00e7a for the summer\" \/>\n<meta property=\"og:description\" content=\"The closure of Bar\u00e7a TV and the roadmap for sales and transfers for the summer will force LaLiga to approve the feasibility plan for FC Barcelona in order to sign in the next market. The &#039;ok&#039; from the employer should arrive this Monday, as planned\" \/>\n<meta property=\"og:url\" content=\"https:\/\/www.fcbarcelonanoticias.com\/en\/laliga\/laliga-approved-this-monday-plan-viability-barcelona-summer_292515_102.html\" \/>\n<meta property=\"og:site_name\" content=\"EN - FC Barcelona Noticias\" \/>\n<meta property=\"article:published_time\" content=\"2023-05-20T16:17:00+00:00\" \/>\n<meta property=\"og:image\" content=\"https:\/\/www.fcbarcelonanoticias.com\/en\/wp-content\/uploads\/sites\/2\/2025\/04\/joan-laporta-fc-barcelona.jpeg\" \/>\n\t<meta property=\"og:image:width\" content=\"1200\" \/>\n\t<meta property=\"og:image:height\" content=\"675\" \/>\n\t<meta property=\"og:image:type\" content=\"image\/jpeg\" \/>\n<meta name=\"author\" content=\"Andr\u00e9s Quiroz\" \/>\n<meta name=\"twitter:card\" content=\"summary_large_image\" \/>\n<meta name=\"twitter:label1\" content=\"Written by\" \/>\n\t<meta name=\"twitter:data1\" content=\"Andr\u00e9s Quiroz\" \/>\n\t<meta name=\"twitter:label2\" content=\"Est. reading time\" \/>\n\t<meta name=\"twitter:data2\" content=\"2 minutes\" \/>\n<script type=\"application\/ld+json\" class=\"yoast-schema-graph\">{\"@context\":\"https:\\\/\\\/schema.org\",\"@graph\":[{\"@type\":\"Article\",\"@id\":\"https:\\\/\\\/www.fcbarcelonanoticias.com\\\/en\\\/laliga\\\/laliga-approved-this-monday-plan-viability-barcelona-summer_292515_102.html#article\",\"isPartOf\":{\"@id\":\"https:\\\/\\\/www.fcbarcelonanoticias.com\\\/en\\\/laliga\\\/laliga-approved-this-monday-plan-viability-barcelona-summer_292515_102.html\"},\"author\":{\"name\":\"Andr\u00e9s Quiroz\",\"@id\":\"https:\\\/\\\/www.fcbarcelonanoticias.com\\\/en\\\/#\\\/schema\\\/person\\\/c2cd9f6fa1af5c0d0eccd0fefa575c88\"},\"headline\":\"LaLiga would approve this Monday the feasibility plan of Bar\u00e7a for the summer\",\"datePublished\":\"2023-05-20T16:17:00+00:00\",\"mainEntityOfPage\":{\"@id\":\"https:\\\/\\\/www.fcbarcelonanoticias.com\\\/en\\\/laliga\\\/laliga-approved-this-monday-plan-viability-barcelona-summer_292515_102.html\"},\"wordCount\":487,\"image\":{\"@id\":\"https:\\\/\\\/www.fcbarcelonanoticias.com\\\/en\\\/laliga\\\/laliga-approved-this-monday-plan-viability-barcelona-summer_292515_102.html#primaryimage\"},\"thumbnailUrl\":\"https:\\\/\\\/www.fcbarcelonanoticias.com\\\/en\\\/wp-content\\\/uploads\\\/sites\\\/2\\\/2025\\\/04\\\/joan-laporta-fc-barcelona.jpeg\",\"keywords\":[\"Javier Thebes\",\"Joan Laporta\"],\"articleSection\":[\"LaLiga\",\"LaLiga\"],\"inLanguage\":\"en-US\"},{\"@type\":\"WebPage\",\"@id\":\"https:\\\/\\\/www.fcbarcelonanoticias.com\\\/en\\\/laliga\\\/laliga-approved-this-monday-plan-viability-barcelona-summer_292515_102.html\",\"url\":\"https:\\\/\\\/www.fcbarcelonanoticias.com\\\/en\\\/laliga\\\/laliga-approved-this-monday-plan-viability-barcelona-summer_292515_102.html\",\"name\":\"LaLiga would approve this Monday the feasibility plan of Bar\u00e7a for the summer\",\"isPartOf\":{\"@id\":\"https:\\\/\\\/www.fcbarcelonanoticias.com\\\/en\\\/#website\"},\"primaryImageOfPage\":{\"@id\":\"https:\\\/\\\/www.fcbarcelonanoticias.com\\\/en\\\/laliga\\\/laliga-approved-this-monday-plan-viability-barcelona-summer_292515_102.html#primaryimage\"},\"image\":{\"@id\":\"https:\\\/\\\/www.fcbarcelonanoticias.com\\\/en\\\/laliga\\\/laliga-approved-this-monday-plan-viability-barcelona-summer_292515_102.html#primaryimage\"},\"thumbnailUrl\":\"https:\\\/\\\/www.fcbarcelonanoticias.com\\\/en\\\/wp-content\\\/uploads\\\/sites\\\/2\\\/2025\\\/04\\\/joan-laporta-fc-barcelona.jpeg\",\"datePublished\":\"2023-05-20T16:17:00+00:00\",\"author\":{\"@id\":\"https:\\\/\\\/www.fcbarcelonanoticias.com\\\/en\\\/#\\\/schema\\\/person\\\/c2cd9f6fa1af5c0d0eccd0fefa575c88\"},\"description\":\"The closure of Bar\u00e7a TV and the roadmap for sales and transfers for the summer will force LaLiga to approve the feasibility plan for FC Barcelona in order to sign in the next market. The 'ok' from the employer should arrive this Monday, as planned\",\"breadcrumb\":{\"@id\":\"https:\\\/\\\/www.fcbarcelonanoticias.com\\\/en\\\/laliga\\\/laliga-approved-this-monday-plan-viability-barcelona-summer_292515_102.html#breadcrumb\"},\"inLanguage\":\"en-US\",\"potentialAction\":[{\"@type\":\"ReadAction\",\"target\":[\"https:\\\/\\\/www.fcbarcelonanoticias.com\\\/en\\\/laliga\\\/laliga-approved-this-monday-plan-viability-barcelona-summer_292515_102.html\"]}]},{\"@type\":\"ImageObject\",\"inLanguage\":\"en-US\",\"@id\":\"https:\\\/\\\/www.fcbarcelonanoticias.com\\\/en\\\/laliga\\\/laliga-approved-this-monday-plan-viability-barcelona-summer_292515_102.html#primaryimage\",\"url\":\"https:\\\/\\\/www.fcbarcelonanoticias.com\\\/en\\\/wp-content\\\/uploads\\\/sites\\\/2\\\/2025\\\/04\\\/joan-laporta-fc-barcelona.jpeg\",\"contentUrl\":\"https:\\\/\\\/www.fcbarcelonanoticias.com\\\/en\\\/wp-content\\\/uploads\\\/sites\\\/2\\\/2025\\\/04\\\/joan-laporta-fc-barcelona.jpeg\",\"width\":1200,\"height\":675},{\"@type\":\"BreadcrumbList\",\"@id\":\"https:\\\/\\\/www.fcbarcelonanoticias.com\\\/en\\\/laliga\\\/laliga-approved-this-monday-plan-viability-barcelona-summer_292515_102.html#breadcrumb\",\"itemListElement\":[{\"@type\":\"ListItem\",\"position\":1,\"name\":\"Portada\",\"item\":\"https:\\\/\\\/www.fcbarcelonanoticias.com\\\/en\\\/\"},{\"@type\":\"ListItem\",\"position\":2,\"name\":\"LaLiga would approve this Monday the feasibility plan of Bar\u00e7a for the summer\"}]},{\"@type\":\"WebSite\",\"@id\":\"https:\\\/\\\/www.fcbarcelonanoticias.com\\\/en\\\/#website\",\"url\":\"https:\\\/\\\/www.fcbarcelonanoticias.com\\\/en\\\/\",\"name\":\"EN - FC Barcelona Noticias\",\"description\":\"\",\"potentialAction\":[{\"@type\":\"SearchAction\",\"target\":{\"@type\":\"EntryPoint\",\"urlTemplate\":\"https:\\\/\\\/www.fcbarcelonanoticias.com\\\/en\\\/?s={search_term_string}\"},\"query-input\":{\"@type\":\"PropertyValueSpecification\",\"valueRequired\":true,\"valueName\":\"search_term_string\"}}],\"inLanguage\":\"en-US\"},{\"@type\":\"Person\",\"@id\":\"https:\\\/\\\/www.fcbarcelonanoticias.com\\\/en\\\/#\\\/schema\\\/person\\\/c2cd9f6fa1af5c0d0eccd0fefa575c88\",\"name\":\"Andr\u00e9s Quiroz\",\"image\":{\"@type\":\"ImageObject\",\"inLanguage\":\"en-US\",\"@id\":\"https:\\\/\\\/secure.gravatar.com\\\/avatar\\\/?s=96&d=mm&r=g\",\"url\":\"https:\\\/\\\/secure.gravatar.com\\\/avatar\\\/?s=96&d=mm&r=g\",\"contentUrl\":\"https:\\\/\\\/secure.gravatar.com\\\/avatar\\\/?s=96&d=mm&r=g\",\"caption\":\"Andr\u00e9s Quiroz\"},\"description\":\"Licenciado en Periodismo por la Universidad de los Andes. Me encargo de analizar y compartir los contenidos m\u00e1s destacados de la\u00a0actualidad del F\u00fatbol Club Barcelona, Mercado de Fichajes y F\u00fatbol Internacional en FCBN. La informaci\u00f3n es poder, pero tambi\u00e9n conocimiento.\",\"url\":\"https:\\\/\\\/www.fcbarcelonanoticias.com\\\/en\\\/fc-barcelona\\\/andres-quiroz_17_115.html\"}]}<\/script>\n<!-- \/ Yoast SEO plugin. -->","yoast_head_json":{"title":"LaLiga would approve this Monday the feasibility plan of Bar\u00e7a for the summer","description":"The closure of Bar\u00e7a TV and the roadmap for sales and transfers for the summer will force LaLiga to approve the feasibility plan for FC Barcelona in order to sign in the next market. The 'ok' from the employer should arrive this Monday, as planned","robots":{"index":"index","follow":"follow","max-snippet":"max-snippet:-1","max-image-preview":"max-image-preview:large","max-video-preview":"max-video-preview:-1"},"canonical":"https:\/\/www.fcbarcelonanoticias.com\/en\/laliga\/laliga-approved-this-monday-plan-viability-barcelona-summer_292515_102.html","og_locale":"en_US","og_type":"article","og_title":"LaLiga would approve this Monday the feasibility plan of Bar\u00e7a for the summer","og_description":"The closure of Bar\u00e7a TV and the roadmap for sales and transfers for the summer will force LaLiga to approve the feasibility plan for FC Barcelona in order to sign in the next market. The 'ok' from the employer should arrive this Monday, as planned","og_url":"https:\/\/www.fcbarcelonanoticias.com\/en\/laliga\/laliga-approved-this-monday-plan-viability-barcelona-summer_292515_102.html","og_site_name":"EN - FC Barcelona Noticias","article_published_time":"2023-05-20T16:17:00+00:00","og_image":[{"width":1200,"height":675,"url":"https:\/\/www.fcbarcelonanoticias.com\/en\/wp-content\/uploads\/sites\/2\/2025\/04\/joan-laporta-fc-barcelona.jpeg","type":"image\/jpeg"}],"author":"Andr\u00e9s Quiroz","twitter_card":"summary_large_image","twitter_misc":{"Written by":"Andr\u00e9s Quiroz","Est. reading time":"2 minutes"},"schema":{"@context":"https:\/\/schema.org","@graph":[{"@type":"Article","@id":"https:\/\/www.fcbarcelonanoticias.com\/en\/laliga\/laliga-approved-this-monday-plan-viability-barcelona-summer_292515_102.html#article","isPartOf":{"@id":"https:\/\/www.fcbarcelonanoticias.com\/en\/laliga\/laliga-approved-this-monday-plan-viability-barcelona-summer_292515_102.html"},"author":{"name":"Andr\u00e9s Quiroz","@id":"https:\/\/www.fcbarcelonanoticias.com\/en\/#\/schema\/person\/c2cd9f6fa1af5c0d0eccd0fefa575c88"},"headline":"LaLiga would approve this Monday the feasibility plan of Bar\u00e7a for the summer","datePublished":"2023-05-20T16:17:00+00:00","mainEntityOfPage":{"@id":"https:\/\/www.fcbarcelonanoticias.com\/en\/laliga\/laliga-approved-this-monday-plan-viability-barcelona-summer_292515_102.html"},"wordCount":487,"image":{"@id":"https:\/\/www.fcbarcelonanoticias.com\/en\/laliga\/laliga-approved-this-monday-plan-viability-barcelona-summer_292515_102.html#primaryimage"},"thumbnailUrl":"https:\/\/www.fcbarcelonanoticias.com\/en\/wp-content\/uploads\/sites\/2\/2025\/04\/joan-laporta-fc-barcelona.jpeg","keywords":["Javier Thebes","Joan Laporta"],"articleSection":["LaLiga","LaLiga"],"inLanguage":"en-US"},{"@type":"WebPage","@id":"https:\/\/www.fcbarcelonanoticias.com\/en\/laliga\/laliga-approved-this-monday-plan-viability-barcelona-summer_292515_102.html","url":"https:\/\/www.fcbarcelonanoticias.com\/en\/laliga\/laliga-approved-this-monday-plan-viability-barcelona-summer_292515_102.html","name":"LaLiga would approve this Monday the feasibility plan of Bar\u00e7a for the summer","isPartOf":{"@id":"https:\/\/www.fcbarcelonanoticias.com\/en\/#website"},"primaryImageOfPage":{"@id":"https:\/\/www.fcbarcelonanoticias.com\/en\/laliga\/laliga-approved-this-monday-plan-viability-barcelona-summer_292515_102.html#primaryimage"},"image":{"@id":"https:\/\/www.fcbarcelonanoticias.com\/en\/laliga\/laliga-approved-this-monday-plan-viability-barcelona-summer_292515_102.html#primaryimage"},"thumbnailUrl":"https:\/\/www.fcbarcelonanoticias.com\/en\/wp-content\/uploads\/sites\/2\/2025\/04\/joan-laporta-fc-barcelona.jpeg","datePublished":"2023-05-20T16:17:00+00:00","author":{"@id":"https:\/\/www.fcbarcelonanoticias.com\/en\/#\/schema\/person\/c2cd9f6fa1af5c0d0eccd0fefa575c88"},"description":"The closure of Bar\u00e7a TV and the roadmap for sales and transfers for the summer will force LaLiga to approve the feasibility plan for FC Barcelona in order to sign in the next market. The 'ok' from the employer should arrive this Monday, as planned","breadcrumb":{"@id":"https:\/\/www.fcbarcelonanoticias.com\/en\/laliga\/laliga-approved-this-monday-plan-viability-barcelona-summer_292515_102.html#breadcrumb"},"inLanguage":"en-US","potentialAction":[{"@type":"ReadAction","target":["https:\/\/www.fcbarcelonanoticias.com\/en\/laliga\/laliga-approved-this-monday-plan-viability-barcelona-summer_292515_102.html"]}]},{"@type":"ImageObject","inLanguage":"en-US","@id":"https:\/\/www.fcbarcelonanoticias.com\/en\/laliga\/laliga-approved-this-monday-plan-viability-barcelona-summer_292515_102.html#primaryimage","url":"https:\/\/www.fcbarcelonanoticias.com\/en\/wp-content\/uploads\/sites\/2\/2025\/04\/joan-laporta-fc-barcelona.jpeg","contentUrl":"https:\/\/www.fcbarcelonanoticias.com\/en\/wp-content\/uploads\/sites\/2\/2025\/04\/joan-laporta-fc-barcelona.jpeg","width":1200,"height":675},{"@type":"BreadcrumbList","@id":"https:\/\/www.fcbarcelonanoticias.com\/en\/laliga\/laliga-approved-this-monday-plan-viability-barcelona-summer_292515_102.html#breadcrumb","itemListElement":[{"@type":"ListItem","position":1,"name":"Portada","item":"https:\/\/www.fcbarcelonanoticias.com\/en\/"},{"@type":"ListItem","position":2,"name":"LaLiga would approve this Monday the feasibility plan of Bar\u00e7a for the summer"}]},{"@type":"WebSite","@id":"https:\/\/www.fcbarcelonanoticias.com\/en\/#website","url":"https:\/\/www.fcbarcelonanoticias.com\/en\/","name":"EN - FC Barcelona Noticias","description":"","potentialAction":[{"@type":"SearchAction","target":{"@type":"EntryPoint","urlTemplate":"https:\/\/www.fcbarcelonanoticias.com\/en\/?s={search_term_string}"},"query-input":{"@type":"PropertyValueSpecification","valueRequired":true,"valueName":"search_term_string"}}],"inLanguage":"en-US"},{"@type":"Person","@id":"https:\/\/www.fcbarcelonanoticias.com\/en\/#\/schema\/person\/c2cd9f6fa1af5c0d0eccd0fefa575c88","name":"Andr\u00e9s Quiroz","image":{"@type":"ImageObject","inLanguage":"en-US","@id":"https:\/\/secure.gravatar.com\/avatar\/?s=96&d=mm&r=g","url":"https:\/\/secure.gravatar.com\/avatar\/?s=96&d=mm&r=g","contentUrl":"https:\/\/secure.gravatar.com\/avatar\/?s=96&d=mm&r=g","caption":"Andr\u00e9s Quiroz"},"description":"Licenciado en Periodismo por la Universidad de los Andes. Me encargo de analizar y compartir los contenidos m\u00e1s destacados de la\u00a0actualidad del F\u00fatbol Club Barcelona, Mercado de Fichajes y F\u00fatbol Internacional en FCBN. La informaci\u00f3n es poder, pero tambi\u00e9n conocimiento.","url":"https:\/\/www.fcbarcelonanoticias.com\/en\/fc-barcelona\/andres-quiroz_17_115.html"}]}},"_links":{"self":[{"href":"https:\/\/www.fcbarcelonanoticias.com\/en\/wp-json\/wp\/v2\/posts\/57622","targetHints":{"allow":["GET"]}}],"collection":[{"href":"https:\/\/www.fcbarcelonanoticias.com\/en\/wp-json\/wp\/v2\/posts"}],"about":[{"href":"https:\/\/www.fcbarcelonanoticias.com\/en\/wp-json\/wp\/v2\/types\/post"}],"author":[{"embeddable":true,"href":"https:\/\/www.fcbarcelonanoticias.com\/en\/wp-json\/wp\/v2\/users\/347"}],"replies":[{"embeddable":true,"href":"https:\/\/www.fcbarcelonanoticias.com\/en\/wp-json\/wp\/v2\/comments?post=57622"}],"version-history":[{"count":1,"href":"https:\/\/www.fcbarcelonanoticias.com\/en\/wp-json\/wp\/v2\/posts\/57622\/revisions"}],"predecessor-version":[{"id":116535,"href":"https:\/\/www.fcbarcelonanoticias.com\/en\/wp-json\/wp\/v2\/posts\/57622\/revisions\/116535"}],"wp:featuredmedia":[{"embeddable":true,"href":"https:\/\/www.fcbarcelonanoticias.com\/en\/wp-json\/wp\/v2\/media\/5117"}],"wp:attachment":[{"href":"https:\/\/www.fcbarcelonanoticias.com\/en\/wp-json\/wp\/v2\/media?parent=57622"}],"wp:term":[{"taxonomy":"category","embeddable":true,"href":"https:\/\/www.fcbarcelonanoticias.com\/en\/wp-json\/wp\/v2\/categories?post=57622"},{"taxonomy":"post_tag","embeddable":true,"href":"https:\/\/www.fcbarcelonanoticias.com\/en\/wp-json\/wp\/v2\/tags?post=57622"}],"curies":[{"name":"wp","href":"https:\/\/api.w.org\/{rel}","templated":true}]}}