{"id":57872,"date":"2025-10-22T16:40:00","date_gmt":"2025-10-22T14:40:00","guid":{"rendered":"https:\/\/weisetech.dev\/fc-barcelona-noticias\/en\/laliga-competition-committee-sanctions-flick-with-1-match_315091_102\/"},"modified":"2026-03-27T11:33:30","modified_gmt":"2026-03-27T10:33:30","slug":"laliga-competition-committee-sanctions-flick-with-1-match_315091_102","status":"publish","type":"post","link":"https:\/\/www.fcbarcelonanoticias.com\/en\/laliga\/laliga-competition-committee-sanctions-flick-with-1-match_315091_102.html","title":{"rendered":"The Competition Committee sanctions Hansi Flick with a 1-match La Liga ban"},"content":{"rendered":"<h2 class=\"wp-block-heading\">The RFEF&#8217;s Competition Committee confirmed the one-match La Liga suspension for Hansi Flick following his expulsion in the Bar\u00e7a-Girona match. Therefore, the German will not be able to manage in El Cl\u00e1sico<\/h2>  \r\n<div class=\"article-addons\">\r\n    <a href=\"https:\/\/www.fcbarcelonanoticias.com\/en\/calendar-fc-barcelona.html\"\r\n       target=\"_self\"\r\n       title=\"Calendar of FC Barcelona\"\r\n       class=\"blue-gredient-btn\">\r\n       \r\n        Calendar of FC Barcelona    <\/a>\r\n<\/div>   <p>The <strong>Competition Committee of the Royal Spanish Football Federation (RFEF)<\/strong>, as expected, rejected the appeal filed by <strong>FC Barcelona<\/strong> regarding the expulsion of <strong>Hansi Flick<\/strong> in matchday 9 of <strong>LaLiga EA Sports 2025\/26<\/strong>. The German coach received a one-match suspension after the double yellow card shown to him by <a data-external=\"0\" data-intl-links-en=\"https:\/\/www.fcbarcelonanoticias.com\/en\/laliga\/jesus-gil-manzano-catalogue-of-errors-in-barcelona-girona-match_315058_102.html\" data-intl-links-es=\"https:\/\/www.fcbarcelonanoticias.com\/laliga\/recital-errores-jesus-gil-manzano-barcelona-girona_315058_102.html\" href=\"https:\/\/www.fcbarcelonanoticias.com\/en\/laliga\/jesus-gil-manzano-catalogue-of-errors-in-barcelona-girona-match_315058_102.html\" rel=\"follow\" target=\"_self\" title=\"Recital de errores de Jes\u00fas Gil Manzano en el Bar\u00e7a-Girona\">Jes\u00fas Gil Manzano<\/a> in the match against Girona (2-1).<\/p>  <p>According to the minutes of the Extremaduran referee, <a data-external=\"0\" data-intl-links-en=\"https:\/\/www.fcbarcelonanoticias.com\/en\/laliga\/hansi-flick-sent-off-against-girona-and-will-miss-clasico_315053_102.html\" data-intl-links-es=\"https:\/\/www.fcbarcelonanoticias.com\/laliga\/barca-pierde-hansi-flick-clasico-gil-manzano-expulso-mister-contra-girona_315053_102.html\" href=\"https:\/\/www.fcbarcelonanoticias.com\/en\/laliga\/hansi-flick-sent-off-against-girona-and-will-miss-clasico_315053_102.html\" rel=\"follow\" target=\"_self\" title=\"El Bar\u00e7a pierde a Hansi Flick para el Cl\u00e1sico: Gil Manzano expuls\u00f3 al m\u00edster contra Girona\">Flick received two consecutive cards<\/a> for protesting the added time (4 minutes) and making disapproving gestures at the first warning. The sanction could have been harsher if Gil Manzano had included in his report the &#8216;botifarras&#8217; that the coach threw during his celebrations for Ronald Araujo&#8217;s goal in the 90+3&#8242;.<\/p>  <p>However, the referee&#8217;s official report only justifies the reason for his expulsion, and therefore, the punishment is only one match. A sanction that the Bar\u00e7a coach will have to serve next Sunday the 26th, <a data-external=\"0\" data-intl-links-en=\"https:\/\/www.fcbarcelonanoticias.com\/en\/calendar\/real-madrid-barcelona-schedule-and-tv-laliga-2025-26-md10_314821_102.html\" data-intl-links-es=\"https:\/\/www.fcbarcelonanoticias.com\/calendario\/horario-tv-real-madrid-barcelona-laliga-2025-26-j10_314821_102.html\" href=\"https:\/\/www.fcbarcelonanoticias.com\/en\/calendar\/real-madrid-barcelona-schedule-and-tv-laliga-2025-26-md10_314821_102.html\" rel=\"follow\" target=\"_self\" title=\"Horario y TV del Real Madrid - Barcelona: LaLiga 2025\/26\">against Real Madrid<\/a> at the Santiago Bernab\u00e9u.<\/p>  <h2>Bar\u00e7a will appeal Flick&#8217;s sanction through all possible channels<\/h2>  <p>The Bar\u00e7a team will now present another appeal to the <strong>Appeals Committee<\/strong> to try to reverse the sanction. The most likely outcome is that this body will support the Competition Committee, so the next (and final) instance that Bar\u00e7a can exhaust is the <strong>Administrative Court of Sport (TAD)<\/strong>.<\/p>  <p>The club argues that none of the images from the broadcast of the match prove that Flick&#8217;s gestures were indeed directed at Gil Manzano. Furthermore, the Bar\u00e7a coach wanted to apologize to the referee after the match, but the Extremaduran judge ignored his call.<\/p>  <p>In this regard, Joan Laporta ratified Barcelona&#8217;s unconditional support for Hansi Flick, in addition to criticizing Gil Manzano&#8217;s performance. &#8220;<strong>The referee was wrong to wait for our coach&#8217;s reaction, he could have turned around and continued<\/strong>,&#8221; the Bar\u00e7a president began by saying.&nbsp;<\/p>  <p>He also added: &#8220;<strong>I&#8217;ll break a lance in favor of Flick, he&#8217;s human and can have a reaction like that<\/strong>. He immediately regretted it, but it&#8217;s very normal and part of the passion of soccer.&#8221;&nbsp;<\/p>  <h2>Marcus Sorg Would Be the Bar\u00e7a Coach Against Real Madrid<\/h2>  <div class=\"media media-image\" data-ck-asset-wrapper=\"\"> <div class=\"media-item\"> <img loading=\"lazy\" decoding=\"async\" alt=\"Hansi Flick during the Bar\u00e7a-Athletic (2-1)\" data-id=\"1429651\" data-resize=\"9\" height=\"563\" src=\"https:\/\/www.fcbarcelonanoticias.com\/wp-content\/uploads\/sites\/2\/2025\/10\/fcbn-17e4a6d04fe6486c1984808ab7f631e5.jpeg\" title=\"Hansi Flick during the Bar\u00e7a-Athletic (2-1)\" width=\"1000\"><div class=\"media-title\">Hansi Flick during the Bar\u00e7a-Athletic (2-1)<\/div> <\/div> <\/div>  <p>In the event that the sanction against the Bar\u00e7a coach is ratified by the Appeals Committee and the TAD, <a data-external=\"0\" data-intl-links-en=\"https:\/\/www.fcbarcelonanoticias.com\/en\/laliga\/hansi-flick-suspended-who-is-marcus-sorg-his-temporary-replacement_309309_102.html\" data-intl-links-es=\"https:\/\/www.fcbarcelonanoticias.com\/laliga\/hansi-flick-sancionado-quien-marcus-sorg-sustituto-temporal_309309_102.html\" href=\"https:\/\/www.fcbarcelonanoticias.com\/en\/laliga\/hansi-flick-suspended-who-is-marcus-sorg-his-temporary-replacement_309309_102.html\" rel=\"follow\" target=\"_self\" title=\"Hansi Flick sancionado: \u00bfQui\u00e9n es Marcus Sorg, su sustituto temporal?\">Marcus Sorg<\/a> will be the one sitting on the bench at the Santiago Bernab\u00e9u next Sunday. Flick&#8217;s first assistant already had to replace him in two league games last season, after <a data-external=\"0\" data-intl-links-en=\"https:\/\/www.fcbarcelonanoticias.com\/en\/laliga\/embarrassing-appeal-reaffirms-the-controversial-sanction-against-hansi-flick-for-his-expulsion-against-betis_309283_102.html\" data-intl-links-es=\"https:\/\/www.fcbarcelonanoticias.com\/laliga\/bochornoso-apelacion-reafirma-polemica-sancion-hansi-flick-por-su-expulsion-betis_309283_102.html\" href=\"https:\/\/www.fcbarcelonanoticias.com\/en\/laliga\/embarrassing-appeal-reaffirms-the-controversial-sanction-against-hansi-flick-for-his-expulsion-against-betis_309283_102.html\" rel=\"follow\" target=\"_self\" title=\"BOCHORNOSO: Apelaci\u00f3n reafirma la pol\u00e9mica sanci\u00f3n a Hansi Flick por su expulsi\u00f3n ante el Betis\">the Heidelberg native&#8217;s expulsion against Betis<\/a>.<\/p>  <p>Sorg, then, didn&#8217;t have much luck as the &#8216;cul\u00e9&#8217; coach. The team fell in consecutive matches against <strong>Legan\u00e9s (0-1) and Atl\u00e9tico (1-2)<\/strong>, both matches played in Montju\u00efc. Bar\u00e7a dominated both matches, but wasted multiple chances and, in the case of the match against the &#8216;colchoneros&#8217;, was sentenced by a lethal counterattack in the last minute.<\/p>  <p>For now, Flick maintains an immaculate record in Cl\u00e1sicos, with <strong>4 wins in as many matches and a balance of 16 goals for<\/strong> (an average of 4 goals per match) and 7 against. On Sunday, the 59-year-old coach will be looking to equal <strong>Pep Guardiola<\/strong>, the only Barcelona coach capable of winning his first 5 matches against Real Madrid.<\/p>  <ul> <li>\ud83d\udc49 Follow the complete coverage of <strong><a data-external=\"0\" data-intl-links-en=\"https:\/\/www.fcbarcelonanoticias.com\/en\/laliga.html\" data-intl-links-es=\"https:\/\/www.fcbarcelonanoticias.com\/laliga.html\" href=\"https:\/\/www.fcbarcelonanoticias.com\/en\/laliga.html\" rel=\"follow\" target=\"_self\" title=\"LaLiga\">LaLiga EA Sports 2025-26<\/a><\/strong> on FC Barcelona Noticias<\/li> <\/ul> ","protected":false},"excerpt":{"rendered":"<p>The RFEF&#8217;s Competition Committee confirmed the one-match La Liga suspension for Hansi Flick following his expulsion in the Bar\u00e7a-Girona match. Therefore, the German will not be able to manage in El Cl\u00e1sico The Competition Committee of the Royal Spanish Football Federation (RFEF), as expected, rejected the appeal filed by FC Barcelona regarding the expulsion of [&hellip;]<\/p>\n","protected":false},"author":347,"featured_media":116644,"comment_status":"closed","ping_status":"open","sticky":false,"template":"","format":"standard","meta":{"_acf_changed":false,"inline_featured_image":false,"_nextfly_llmd_date_locked":false,"footnotes":""},"categories":[448,114],"tags":[53,87,190,95],"class_list":["post-57872","post","type-post","status-publish","format-standard","has-post-thumbnail","hentry","category-laliga-2","category-laliga","tag-el-clasico","tag-hansi-flick","tag-referees","tag-rfef"],"acf":[],"yoast_head":"<!-- This site is optimized with the Yoast SEO plugin v27.3 - https:\/\/yoast.com\/product\/yoast-seo-wordpress\/ -->\n<title>LaLiga: Competition Committee sanctions Flick with 1 match<\/title>\n<meta name=\"description\" content=\"The RFEF&#039;s Competition Committee confirmed the one-match La Liga suspension for Hansi Flick following his expulsion in the Bar\u00e7a-Girona match\" \/>\n<meta name=\"robots\" content=\"index, follow, max-snippet:-1, max-image-preview:large, max-video-preview:-1\" \/>\n<link rel=\"canonical\" href=\"https:\/\/www.fcbarcelonanoticias.com\/en\/laliga\/laliga-competition-committee-sanctions-flick-with-1-match_315091_102.html\" \/>\n<meta property=\"og:locale\" content=\"en_US\" \/>\n<meta property=\"og:type\" content=\"article\" \/>\n<meta property=\"og:title\" content=\"LaLiga: Competition Committee sanctions Flick with 1 match\" \/>\n<meta property=\"og:description\" content=\"The RFEF&#039;s Competition Committee confirmed the one-match La Liga suspension for Hansi Flick following his expulsion in the Bar\u00e7a-Girona match\" \/>\n<meta property=\"og:url\" content=\"https:\/\/www.fcbarcelonanoticias.com\/en\/laliga\/laliga-competition-committee-sanctions-flick-with-1-match_315091_102.html\" \/>\n<meta property=\"og:site_name\" content=\"EN - FC Barcelona Noticias\" \/>\n<meta property=\"article:published_time\" content=\"2025-10-22T14:40:00+00:00\" \/>\n<meta property=\"article:modified_time\" content=\"2026-03-27T10:33:30+00:00\" \/>\n<meta property=\"og:image\" content=\"https:\/\/www.fcbarcelonanoticias.com\/en\/wp-content\/uploads\/sites\/2\/2025\/10\/cuerpo-tecnico-fc-barcelona-v-olympiacos-2.webp\" \/>\n\t<meta property=\"og:image:width\" content=\"1200\" \/>\n\t<meta property=\"og:image:height\" content=\"675\" \/>\n\t<meta property=\"og:image:type\" content=\"image\/webp\" \/>\n<meta name=\"author\" content=\"Andr\u00e9s Quiroz\" \/>\n<meta name=\"twitter:card\" content=\"summary_large_image\" \/>\n<meta name=\"twitter:label1\" content=\"Written by\" \/>\n\t<meta name=\"twitter:data1\" content=\"Andr\u00e9s Quiroz\" \/>\n\t<meta name=\"twitter:label2\" content=\"Est. reading time\" \/>\n\t<meta name=\"twitter:data2\" content=\"3 minutes\" \/>\n<script type=\"application\/ld+json\" class=\"yoast-schema-graph\">{\"@context\":\"https:\\\/\\\/schema.org\",\"@graph\":[{\"@type\":\"Article\",\"@id\":\"https:\\\/\\\/www.fcbarcelonanoticias.com\\\/en\\\/laliga\\\/laliga-competition-committee-sanctions-flick-with-1-match_315091_102.html#article\",\"isPartOf\":{\"@id\":\"https:\\\/\\\/www.fcbarcelonanoticias.com\\\/en\\\/laliga\\\/laliga-competition-committee-sanctions-flick-with-1-match_315091_102.html\"},\"author\":{\"name\":\"Andr\u00e9s Quiroz\",\"@id\":\"https:\\\/\\\/www.fcbarcelonanoticias.com\\\/en\\\/#\\\/schema\\\/person\\\/c2cd9f6fa1af5c0d0eccd0fefa575c88\"},\"headline\":\"The Competition Committee sanctions Hansi Flick with a 1-match La Liga ban\",\"datePublished\":\"2025-10-22T14:40:00+00:00\",\"dateModified\":\"2026-03-27T10:33:30+00:00\",\"mainEntityOfPage\":{\"@id\":\"https:\\\/\\\/www.fcbarcelonanoticias.com\\\/en\\\/laliga\\\/laliga-competition-committee-sanctions-flick-with-1-match_315091_102.html\"},\"wordCount\":604,\"image\":{\"@id\":\"https:\\\/\\\/www.fcbarcelonanoticias.com\\\/en\\\/laliga\\\/laliga-competition-committee-sanctions-flick-with-1-match_315091_102.html#primaryimage\"},\"thumbnailUrl\":\"https:\\\/\\\/www.fcbarcelonanoticias.com\\\/en\\\/wp-content\\\/uploads\\\/sites\\\/2\\\/2025\\\/10\\\/cuerpo-tecnico-fc-barcelona-v-olympiacos-2.webp\",\"keywords\":[\"El Cl\u00e1sico\",\"Hansi Flick\",\"Referees\",\"RFEF\"],\"articleSection\":[\"LaLiga\",\"LaLiga\"],\"inLanguage\":\"en-US\"},{\"@type\":\"WebPage\",\"@id\":\"https:\\\/\\\/www.fcbarcelonanoticias.com\\\/en\\\/laliga\\\/laliga-competition-committee-sanctions-flick-with-1-match_315091_102.html\",\"url\":\"https:\\\/\\\/www.fcbarcelonanoticias.com\\\/en\\\/laliga\\\/laliga-competition-committee-sanctions-flick-with-1-match_315091_102.html\",\"name\":\"LaLiga: Competition Committee sanctions Flick with 1 match\",\"isPartOf\":{\"@id\":\"https:\\\/\\\/www.fcbarcelonanoticias.com\\\/en\\\/#website\"},\"primaryImageOfPage\":{\"@id\":\"https:\\\/\\\/www.fcbarcelonanoticias.com\\\/en\\\/laliga\\\/laliga-competition-committee-sanctions-flick-with-1-match_315091_102.html#primaryimage\"},\"image\":{\"@id\":\"https:\\\/\\\/www.fcbarcelonanoticias.com\\\/en\\\/laliga\\\/laliga-competition-committee-sanctions-flick-with-1-match_315091_102.html#primaryimage\"},\"thumbnailUrl\":\"https:\\\/\\\/www.fcbarcelonanoticias.com\\\/en\\\/wp-content\\\/uploads\\\/sites\\\/2\\\/2025\\\/10\\\/cuerpo-tecnico-fc-barcelona-v-olympiacos-2.webp\",\"datePublished\":\"2025-10-22T14:40:00+00:00\",\"dateModified\":\"2026-03-27T10:33:30+00:00\",\"author\":{\"@id\":\"https:\\\/\\\/www.fcbarcelonanoticias.com\\\/en\\\/#\\\/schema\\\/person\\\/c2cd9f6fa1af5c0d0eccd0fefa575c88\"},\"description\":\"The RFEF's Competition Committee confirmed the one-match La Liga suspension for Hansi Flick following his expulsion in the Bar\u00e7a-Girona match\",\"breadcrumb\":{\"@id\":\"https:\\\/\\\/www.fcbarcelonanoticias.com\\\/en\\\/laliga\\\/laliga-competition-committee-sanctions-flick-with-1-match_315091_102.html#breadcrumb\"},\"inLanguage\":\"en-US\",\"potentialAction\":[{\"@type\":\"ReadAction\",\"target\":[\"https:\\\/\\\/www.fcbarcelonanoticias.com\\\/en\\\/laliga\\\/laliga-competition-committee-sanctions-flick-with-1-match_315091_102.html\"]}]},{\"@type\":\"ImageObject\",\"inLanguage\":\"en-US\",\"@id\":\"https:\\\/\\\/www.fcbarcelonanoticias.com\\\/en\\\/laliga\\\/laliga-competition-committee-sanctions-flick-with-1-match_315091_102.html#primaryimage\",\"url\":\"https:\\\/\\\/www.fcbarcelonanoticias.com\\\/en\\\/wp-content\\\/uploads\\\/sites\\\/2\\\/2025\\\/10\\\/cuerpo-tecnico-fc-barcelona-v-olympiacos-2.webp\",\"contentUrl\":\"https:\\\/\\\/www.fcbarcelonanoticias.com\\\/en\\\/wp-content\\\/uploads\\\/sites\\\/2\\\/2025\\\/10\\\/cuerpo-tecnico-fc-barcelona-v-olympiacos-2.webp\",\"width\":1200,\"height\":675},{\"@type\":\"BreadcrumbList\",\"@id\":\"https:\\\/\\\/www.fcbarcelonanoticias.com\\\/en\\\/laliga\\\/laliga-competition-committee-sanctions-flick-with-1-match_315091_102.html#breadcrumb\",\"itemListElement\":[{\"@type\":\"ListItem\",\"position\":1,\"name\":\"Portada\",\"item\":\"https:\\\/\\\/www.fcbarcelonanoticias.com\\\/en\\\/\"},{\"@type\":\"ListItem\",\"position\":2,\"name\":\"The Competition Committee sanctions Hansi Flick with a 1-match La Liga ban\"}]},{\"@type\":\"WebSite\",\"@id\":\"https:\\\/\\\/www.fcbarcelonanoticias.com\\\/en\\\/#website\",\"url\":\"https:\\\/\\\/www.fcbarcelonanoticias.com\\\/en\\\/\",\"name\":\"EN - FC Barcelona Noticias\",\"description\":\"\",\"potentialAction\":[{\"@type\":\"SearchAction\",\"target\":{\"@type\":\"EntryPoint\",\"urlTemplate\":\"https:\\\/\\\/www.fcbarcelonanoticias.com\\\/en\\\/?s={search_term_string}\"},\"query-input\":{\"@type\":\"PropertyValueSpecification\",\"valueRequired\":true,\"valueName\":\"search_term_string\"}}],\"inLanguage\":\"en-US\"},{\"@type\":\"Person\",\"@id\":\"https:\\\/\\\/www.fcbarcelonanoticias.com\\\/en\\\/#\\\/schema\\\/person\\\/c2cd9f6fa1af5c0d0eccd0fefa575c88\",\"name\":\"Andr\u00e9s Quiroz\",\"image\":{\"@type\":\"ImageObject\",\"inLanguage\":\"en-US\",\"@id\":\"https:\\\/\\\/secure.gravatar.com\\\/avatar\\\/?s=96&d=mm&r=g\",\"url\":\"https:\\\/\\\/secure.gravatar.com\\\/avatar\\\/?s=96&d=mm&r=g\",\"contentUrl\":\"https:\\\/\\\/secure.gravatar.com\\\/avatar\\\/?s=96&d=mm&r=g\",\"caption\":\"Andr\u00e9s Quiroz\"},\"description\":\"Licenciado en Periodismo por la Universidad de los Andes. Me encargo de analizar y compartir los contenidos m\u00e1s destacados de la\u00a0actualidad del F\u00fatbol Club Barcelona, Mercado de Fichajes y F\u00fatbol Internacional en FCBN. La informaci\u00f3n es poder, pero tambi\u00e9n conocimiento.\",\"url\":\"https:\\\/\\\/www.fcbarcelonanoticias.com\\\/en\\\/fc-barcelona\\\/andres-quiroz_17_115.html\"}]}<\/script>\n<!-- \/ Yoast SEO plugin. -->","yoast_head_json":{"title":"LaLiga: Competition Committee sanctions Flick with 1 match","description":"The RFEF's Competition Committee confirmed the one-match La Liga suspension for Hansi Flick following his expulsion in the Bar\u00e7a-Girona match","robots":{"index":"index","follow":"follow","max-snippet":"max-snippet:-1","max-image-preview":"max-image-preview:large","max-video-preview":"max-video-preview:-1"},"canonical":"https:\/\/www.fcbarcelonanoticias.com\/en\/laliga\/laliga-competition-committee-sanctions-flick-with-1-match_315091_102.html","og_locale":"en_US","og_type":"article","og_title":"LaLiga: Competition Committee sanctions Flick with 1 match","og_description":"The RFEF's Competition Committee confirmed the one-match La Liga suspension for Hansi Flick following his expulsion in the Bar\u00e7a-Girona match","og_url":"https:\/\/www.fcbarcelonanoticias.com\/en\/laliga\/laliga-competition-committee-sanctions-flick-with-1-match_315091_102.html","og_site_name":"EN - FC Barcelona Noticias","article_published_time":"2025-10-22T14:40:00+00:00","article_modified_time":"2026-03-27T10:33:30+00:00","og_image":[{"width":1200,"height":675,"url":"https:\/\/www.fcbarcelonanoticias.com\/en\/wp-content\/uploads\/sites\/2\/2025\/10\/cuerpo-tecnico-fc-barcelona-v-olympiacos-2.webp","type":"image\/webp"}],"author":"Andr\u00e9s Quiroz","twitter_card":"summary_large_image","twitter_misc":{"Written by":"Andr\u00e9s Quiroz","Est. reading time":"3 minutes"},"schema":{"@context":"https:\/\/schema.org","@graph":[{"@type":"Article","@id":"https:\/\/www.fcbarcelonanoticias.com\/en\/laliga\/laliga-competition-committee-sanctions-flick-with-1-match_315091_102.html#article","isPartOf":{"@id":"https:\/\/www.fcbarcelonanoticias.com\/en\/laliga\/laliga-competition-committee-sanctions-flick-with-1-match_315091_102.html"},"author":{"name":"Andr\u00e9s Quiroz","@id":"https:\/\/www.fcbarcelonanoticias.com\/en\/#\/schema\/person\/c2cd9f6fa1af5c0d0eccd0fefa575c88"},"headline":"The Competition Committee sanctions Hansi Flick with a 1-match La Liga ban","datePublished":"2025-10-22T14:40:00+00:00","dateModified":"2026-03-27T10:33:30+00:00","mainEntityOfPage":{"@id":"https:\/\/www.fcbarcelonanoticias.com\/en\/laliga\/laliga-competition-committee-sanctions-flick-with-1-match_315091_102.html"},"wordCount":604,"image":{"@id":"https:\/\/www.fcbarcelonanoticias.com\/en\/laliga\/laliga-competition-committee-sanctions-flick-with-1-match_315091_102.html#primaryimage"},"thumbnailUrl":"https:\/\/www.fcbarcelonanoticias.com\/en\/wp-content\/uploads\/sites\/2\/2025\/10\/cuerpo-tecnico-fc-barcelona-v-olympiacos-2.webp","keywords":["El Cl\u00e1sico","Hansi Flick","Referees","RFEF"],"articleSection":["LaLiga","LaLiga"],"inLanguage":"en-US"},{"@type":"WebPage","@id":"https:\/\/www.fcbarcelonanoticias.com\/en\/laliga\/laliga-competition-committee-sanctions-flick-with-1-match_315091_102.html","url":"https:\/\/www.fcbarcelonanoticias.com\/en\/laliga\/laliga-competition-committee-sanctions-flick-with-1-match_315091_102.html","name":"LaLiga: Competition Committee sanctions Flick with 1 match","isPartOf":{"@id":"https:\/\/www.fcbarcelonanoticias.com\/en\/#website"},"primaryImageOfPage":{"@id":"https:\/\/www.fcbarcelonanoticias.com\/en\/laliga\/laliga-competition-committee-sanctions-flick-with-1-match_315091_102.html#primaryimage"},"image":{"@id":"https:\/\/www.fcbarcelonanoticias.com\/en\/laliga\/laliga-competition-committee-sanctions-flick-with-1-match_315091_102.html#primaryimage"},"thumbnailUrl":"https:\/\/www.fcbarcelonanoticias.com\/en\/wp-content\/uploads\/sites\/2\/2025\/10\/cuerpo-tecnico-fc-barcelona-v-olympiacos-2.webp","datePublished":"2025-10-22T14:40:00+00:00","dateModified":"2026-03-27T10:33:30+00:00","author":{"@id":"https:\/\/www.fcbarcelonanoticias.com\/en\/#\/schema\/person\/c2cd9f6fa1af5c0d0eccd0fefa575c88"},"description":"The RFEF's Competition Committee confirmed the one-match La Liga suspension for Hansi Flick following his expulsion in the Bar\u00e7a-Girona match","breadcrumb":{"@id":"https:\/\/www.fcbarcelonanoticias.com\/en\/laliga\/laliga-competition-committee-sanctions-flick-with-1-match_315091_102.html#breadcrumb"},"inLanguage":"en-US","potentialAction":[{"@type":"ReadAction","target":["https:\/\/www.fcbarcelonanoticias.com\/en\/laliga\/laliga-competition-committee-sanctions-flick-with-1-match_315091_102.html"]}]},{"@type":"ImageObject","inLanguage":"en-US","@id":"https:\/\/www.fcbarcelonanoticias.com\/en\/laliga\/laliga-competition-committee-sanctions-flick-with-1-match_315091_102.html#primaryimage","url":"https:\/\/www.fcbarcelonanoticias.com\/en\/wp-content\/uploads\/sites\/2\/2025\/10\/cuerpo-tecnico-fc-barcelona-v-olympiacos-2.webp","contentUrl":"https:\/\/www.fcbarcelonanoticias.com\/en\/wp-content\/uploads\/sites\/2\/2025\/10\/cuerpo-tecnico-fc-barcelona-v-olympiacos-2.webp","width":1200,"height":675},{"@type":"BreadcrumbList","@id":"https:\/\/www.fcbarcelonanoticias.com\/en\/laliga\/laliga-competition-committee-sanctions-flick-with-1-match_315091_102.html#breadcrumb","itemListElement":[{"@type":"ListItem","position":1,"name":"Portada","item":"https:\/\/www.fcbarcelonanoticias.com\/en\/"},{"@type":"ListItem","position":2,"name":"The Competition Committee sanctions Hansi Flick with a 1-match La Liga ban"}]},{"@type":"WebSite","@id":"https:\/\/www.fcbarcelonanoticias.com\/en\/#website","url":"https:\/\/www.fcbarcelonanoticias.com\/en\/","name":"EN - FC Barcelona Noticias","description":"","potentialAction":[{"@type":"SearchAction","target":{"@type":"EntryPoint","urlTemplate":"https:\/\/www.fcbarcelonanoticias.com\/en\/?s={search_term_string}"},"query-input":{"@type":"PropertyValueSpecification","valueRequired":true,"valueName":"search_term_string"}}],"inLanguage":"en-US"},{"@type":"Person","@id":"https:\/\/www.fcbarcelonanoticias.com\/en\/#\/schema\/person\/c2cd9f6fa1af5c0d0eccd0fefa575c88","name":"Andr\u00e9s Quiroz","image":{"@type":"ImageObject","inLanguage":"en-US","@id":"https:\/\/secure.gravatar.com\/avatar\/?s=96&d=mm&r=g","url":"https:\/\/secure.gravatar.com\/avatar\/?s=96&d=mm&r=g","contentUrl":"https:\/\/secure.gravatar.com\/avatar\/?s=96&d=mm&r=g","caption":"Andr\u00e9s Quiroz"},"description":"Licenciado en Periodismo por la Universidad de los Andes. Me encargo de analizar y compartir los contenidos m\u00e1s destacados de la\u00a0actualidad del F\u00fatbol Club Barcelona, Mercado de Fichajes y F\u00fatbol Internacional en FCBN. La informaci\u00f3n es poder, pero tambi\u00e9n conocimiento.","url":"https:\/\/www.fcbarcelonanoticias.com\/en\/fc-barcelona\/andres-quiroz_17_115.html"}]}},"_links":{"self":[{"href":"https:\/\/www.fcbarcelonanoticias.com\/en\/wp-json\/wp\/v2\/posts\/57872","targetHints":{"allow":["GET"]}}],"collection":[{"href":"https:\/\/www.fcbarcelonanoticias.com\/en\/wp-json\/wp\/v2\/posts"}],"about":[{"href":"https:\/\/www.fcbarcelonanoticias.com\/en\/wp-json\/wp\/v2\/types\/post"}],"author":[{"embeddable":true,"href":"https:\/\/www.fcbarcelonanoticias.com\/en\/wp-json\/wp\/v2\/users\/347"}],"replies":[{"embeddable":true,"href":"https:\/\/www.fcbarcelonanoticias.com\/en\/wp-json\/wp\/v2\/comments?post=57872"}],"version-history":[{"count":2,"href":"https:\/\/www.fcbarcelonanoticias.com\/en\/wp-json\/wp\/v2\/posts\/57872\/revisions"}],"predecessor-version":[{"id":159299,"href":"https:\/\/www.fcbarcelonanoticias.com\/en\/wp-json\/wp\/v2\/posts\/57872\/revisions\/159299"}],"wp:featuredmedia":[{"embeddable":true,"href":"https:\/\/www.fcbarcelonanoticias.com\/en\/wp-json\/wp\/v2\/media\/116644"}],"wp:attachment":[{"href":"https:\/\/www.fcbarcelonanoticias.com\/en\/wp-json\/wp\/v2\/media?parent=57872"}],"wp:term":[{"taxonomy":"category","embeddable":true,"href":"https:\/\/www.fcbarcelonanoticias.com\/en\/wp-json\/wp\/v2\/categories?post=57872"},{"taxonomy":"post_tag","embeddable":true,"href":"https:\/\/www.fcbarcelonanoticias.com\/en\/wp-json\/wp\/v2\/tags?post=57872"}],"curies":[{"name":"wp","href":"https:\/\/api.w.org\/{rel}","templated":true}]}}