{"id":57923,"date":"2025-11-02T21:34:00","date_gmt":"2025-11-02T20:34:00","guid":{"rendered":"https:\/\/weisetech.dev\/fc-barcelona-noticias\/en\/laliga-standings-d11-barcelona-reclaims-2nd-place_315174_102\/"},"modified":"2026-03-27T11:33:33","modified_gmt":"2026-03-27T10:33:33","slug":"laliga-standings-d11-barcelona-reclaims-2nd-place_315174_102","status":"publish","type":"post","link":"https:\/\/www.fcbarcelonanoticias.com\/en\/laliga\/laliga-standings-d11-barcelona-reclaims-2nd-place_315174_102.html","title":{"rendered":"LaLiga Standings D11: Barcelona Reclaims 2nd Place"},"content":{"rendered":"<h2 class=\"wp-block-heading\">Bar\u00e7a won again in LaLiga against Elche (3-1), a result that allows Hansi Flick&#8217;s team to regain second place in the standings with 25 points, 5 less than Real Madrid<\/h2>  \r\n<div class=\"article-addons\">\r\n    <a href=\"https:\/\/www.fcbarcelonanoticias.com\/en\/calendar-fc-barcelona.html\"\r\n       target=\"_self\"\r\n       title=\"Calendar of FC Barcelona\"\r\n       class=\"blue-gredient-btn\">\r\n       \r\n        Calendar of FC Barcelona    <\/a>\r\n<\/div>   <p>The <strong>LaLiga EA Sports 2025\/26<\/strong> standings keep <strong>FC Barcelona<\/strong> in second place, 5 points behind leaders Real Madrid. <a data-external=\"0\" data-intl-links-en=\"https:\/\/www.fcbarcelonanoticias.com\/en\/laliga\/barca-doesn-fail-against-elche-and-remains-2nd-in-laliga-3-1_315170_102.html\" data-intl-links-es=\"https:\/\/www.fcbarcelonanoticias.com\/laliga\/barcelona-3-1-elche-flick-no-fallan-montjuic-recuperan-segundo-puesto-laliga_315170_102.html\" href=\"https:\/\/www.fcbarcelonanoticias.com\/en\/laliga\/barca-doesn-fail-against-elche-and-remains-2nd-in-laliga-3-1_315170_102.html\" rel=\"follow\" target=\"_self\" title=\"Barcelona 3-1 Elche: los de Flick no fallan en Montju\u00efc y recuperan el 2\u00b0 puesto en LaLiga\">The Blaugrana team beat Elche (3-1)<\/a> at Montju\u00efc with goals from Lamine Yamal, Ferran Torres and Marcus Rashford.<\/p>  <p>Rafa Mir scored for the Elche side before the break, but <strong>the match was decided from the 12th minute<\/strong> thanks to goals scored by the &#8217;10&#8217; and the &#8216;Shark&#8217;. In the second half, &#8216;Rashy&#8217; made it three to seal a victory that could have been greater, if not for the saves of I\u00f1aki Pe\u00f1a and some mistakes by the Englishman.<\/p>  <p>With the victory, <strong>Hansi Flick&#8217;s team reaches 25 points<\/strong>, 5 less than Madrid, but 2 more than Villarreal (23). Atl\u00e9tico, meanwhile, remains fourth, now escorted by Betis. Espanyol, despite falling to Alav\u00e9s, remains fifth.<\/p>  <h2>LaLiga EA Sports 2025\/26 Standings on Matchday 11<\/h2>  <table align=\"center\" border=\"1\" cellpadding=\"1\" cellspacing=\"1\" style=\"width:100%;\"> <thead><tr> <th scope=\"col\">Pos.<\/th> \t\t\t<th scope=\"col\">Club<\/th> \t\t\t<th scope=\"col\">MP<\/th> \t\t\t<th scope=\"col\">PTS<\/th> \t\t\t<th scope=\"col\">GD<\/th> \t\t<\/tr><\/thead> <tbody> <tr> <td style=\"text-align: center;\">1\ufe0f\u20e3<\/td> \t\t\t<td style=\"text-align: center;\">Real Madrid<\/td> \t\t\t<td style=\"text-align: center;\">11<\/td> \t\t\t<td style=\"text-align: center;\">30<\/td> \t\t\t<td style=\"text-align: center;\">16<\/td> \t\t<\/tr> <tr> <td style=\"text-align: center;\">2\ufe0f\u20e3<\/td> \t\t\t<td style=\"text-align: center;\">FC Barcelona<\/td> \t\t\t<td style=\"text-align: center;\">11<\/td> \t\t\t<td style=\"text-align: center;\">25<\/td> \t\t\t<td style=\"text-align: center;\">15<\/td> \t\t<\/tr> <tr> <td style=\"text-align: center;\">3\ufe0f\u20e3<\/td> \t\t\t<td style=\"text-align: center;\">Villarreal<\/td> \t\t\t<td style=\"text-align: center;\">11<\/td> \t\t\t<td style=\"text-align: center;\">23<\/td> \t\t\t<td style=\"text-align: center;\">12<\/td> \t\t<\/tr> <tr> <td style=\"text-align: center;\">4\ufe0f\u20e3<\/td> \t\t\t<td style=\"text-align: center;\">Atl\u00e9tico<\/td> \t\t\t<td style=\"text-align: center;\">11<\/td> \t\t\t<td style=\"text-align: center;\">22<\/td> \t\t\t<td style=\"text-align: center;\">11<\/td> \t\t<\/tr> <tr> <td style=\"text-align: center;\">5\ufe0f\u20e3<\/td> \t\t\t<td style=\"text-align: center;\">Betis<\/td> \t\t\t<td style=\"text-align: center;\">11<\/td> \t\t\t<td style=\"text-align: center;\">19<\/td> \t\t\t<td style=\"text-align: center;\">2<\/td> \t\t<\/tr> <tr> <td style=\"text-align: center;\">6\ufe0f\u20e3<\/td> \t\t\t<td style=\"text-align: center;\">Espanyol<\/td> \t\t\t<td style=\"text-align: center;\">11<\/td> \t\t\t<td style=\"text-align: center;\">18<\/td> \t\t\t<td style=\"text-align: center;\">2<\/td> \t\t<\/tr> <\/tbody> <\/table> <ul> <li> <a data-external=\"0\" data-intl-links-en=\"https:\/\/www.fcbarcelonanoticias.com\/en\/laliga-classification.html\" data-intl-links-es=\"https:\/\/www.fcbarcelonanoticias.com\/laliga-clasificacion.html\" href=\"https:\/\/www.fcbarcelonanoticias.com\/en\/laliga-classification.html\" rel=\"follow\" target=\"_self\" title=\"LaLiga - Clasificaci\u00f3n\">Check the full standings in FCBN<\/a>.<\/li> <\/ul> <h2>Real Madrid did their homework against a weak Valencia<\/h2>  <div class=\"media media-image\" data-ck-asset-wrapper=\"\"> <div class=\"media-item\"> <img loading=\"lazy\" decoding=\"async\" alt=\"Kylian Mbapp\u00e9 scored the 1-0 against Valencia from a penalty\" data-id=\"1529123\" data-resize=\"9\" height=\"563\" src=\"https:\/\/www.fcbarcelonanoticias.com\/wp-content\/uploads\/sites\/2\/2025\/11\/fcbn-70310ae0750dac2f0fcd44ed75b0df56.webp\" title=\"Kylian Mbapp\u00e9 scored the 1-0 against Valencia from a penalty\" width=\"1000\"><div class=\"media-title\">Kylian Mbapp\u00e9 scored the 1-0 against Valencia from a penalty<\/div> <\/div> <\/div>  <p>On Saturday, at the Santiago Bernab\u00e9u, <strong><a data-external=\"0\" data-intl-links-en=\"https:\/\/www.fcbarcelonanoticias.com\/en\/laliga\/mbappe-and-bellingham-make-real-madrid-even-more-of-leader-4-0_315162_102.html\" data-intl-links-es=\"https:\/\/www.fcbarcelonanoticias.com\/laliga\/real-madrid-4-0-valencia-mbappe-bellingham-lideran-comoda-goleada-blanca_315162_102.html\" href=\"https:\/\/www.fcbarcelonanoticias.com\/en\/laliga\/mbappe-and-bellingham-make-real-madrid-even-more-of-leader-4-0_315162_102.html\" rel=\"follow\" target=\"_self\" title=\"Real Madrid 4-0 Valencia: Mbapp\u00e9 y Bellingham lideran una c\u00f3moda goleada blanca\">the &#8216;merengue&#8217; team had no problems defeating Valencia (4-0)<\/a><\/strong>. A brace from <strong>Kylian Mbapp\u00e9<\/strong> and another goal from <strong>Jude Bellingham<\/strong> completely decided the match before halftime. The Whites, in the first half, enjoyed two penalties in their favor. In the second half, \u00c1lvaro Carreras closed the scoring.<\/p>  <p>With the victory, <strong>Madrid has 30 points, 5 more than Bar\u00e7a<\/strong>. Further back are Villarreal and Atl\u00e9tico de Madrid, with 23 and 22 points, respectively, closing out the top of the table.<\/p>  <h2>Villarreal and Atl\u00e9tico also won on Saturday<\/h2>  <p>Before Real Madrid&#8217;s rout, <strong>Villarreal and Atl\u00e9tico<\/strong> did the same at home to put pressure on Bar\u00e7a. The &#8216;Yellow Submarine&#8217; surpassed the cul\u00e9 team in the table with <strong>an overwhelming victory against Rayo (4-0)<\/strong>. Gerard Moreno, Alberto Moleiro, Santi Comesa\u00f1a, and Ayoze P\u00e9rez scored the goals for the Castell\u00f3n victory.<\/p>  <p>The &#8216;Aleti&#8217;, meanwhile, <strong>saw off Sevilla with 3 goals in the second half (3-0)<\/strong>. Juli\u00e1n \u00c1lvarez, Thiago Almada, and Antoine Griezmann scored the goals that allow the &#8216;colchoneros&#8217; to reach 22 points. On Saturday there was also a <strong>victory for Real Sociedad in the Basque derby (3-2)<\/strong>, while on Friday the matchday kicked off with <strong>Getafe defeating Girona (2-1)<\/strong>.<\/p>  <p>For now, &#8216;Geta&#8217; is sixth with 17 points, while M\u00edchel&#8217;s team remains at the bottom. Real Sociedad, on the other hand, breathes and rises to 13th place, while Athletic continues in free fall and is now tenth. On Sunday, in addition to Bar\u00e7a-Elche, Celta defeated Levante (1-2) and <strong>Alav\u00e9s did the same against Espanyol (2-1)<\/strong>. The matchday closes on Monday with Oviedo-Osasuna.<\/p>  <h2>All the matches of matchday 11 of LaLiga<\/h2>  <ol> <li>Getafe 2-1 Girona (Friday)<\/li> \t<li>Villarreal 4-0 Rayo (Saturday)<\/li> \t<li>Atl\u00e9tico 3-0 Sevilla (Saturday)<\/li> \t<li>Real Sociedad 3-2 Athletic (Saturday)<\/li> \t<li>Real Madrid 4-0 Valencia (Saturday)<\/li> \t<li>Levante 1-2 Celta (Sunday)<\/li> \t<li>Alav\u00e9s 2-1 Espanyol (Sunday)<\/li> \t<li><strong>Barcelona 3-1 Elche (Sunday)<\/strong><\/li> \t<li>Betis vs Mallorca (Sunday)<\/li> \t<li>Oviedo vs Osasuna (Monday, 9:00 PM)<\/li> <\/ol> ","protected":false},"excerpt":{"rendered":"<p>Bar\u00e7a won again in LaLiga against Elche (3-1), a result that allows Hansi Flick&#8217;s team to regain second place in the standings with 25 points, 5 less than Real Madrid The LaLiga EA Sports 2025\/26 standings keep FC Barcelona in second place, 5 points behind leaders Real Madrid. The Blaugrana team beat Elche (3-1) at [&hellip;]<\/p>\n","protected":false},"author":347,"featured_media":57924,"comment_status":"closed","ping_status":"open","sticky":false,"template":"","format":"standard","meta":{"_acf_changed":false,"inline_featured_image":false,"_nextfly_llmd_date_locked":false,"footnotes":""},"categories":[448,114],"tags":[260,157],"class_list":["post-57923","post","type-post","status-publish","format-standard","has-post-thumbnail","hentry","category-laliga-2","category-laliga","tag-classification","tag-statistics"],"acf":[],"yoast_head":"<!-- This site is optimized with the Yoast SEO plugin v27.3 - https:\/\/yoast.com\/product\/yoast-seo-wordpress\/ -->\n<title>LaLiga Standings D11: Barcelona Reclaims 2nd Place<\/title>\n<meta name=\"description\" content=\"Bar\u00e7a won again in LaLiga against Elche (3-1), a result that allows Flick&#039;s team to regain second place in the standings with 25 points\" \/>\n<meta name=\"robots\" content=\"index, follow, max-snippet:-1, max-image-preview:large, max-video-preview:-1\" \/>\n<link rel=\"canonical\" href=\"https:\/\/www.fcbarcelonanoticias.com\/en\/laliga\/laliga-standings-d11-barcelona-reclaims-2nd-place_315174_102.html\" \/>\n<meta property=\"og:locale\" content=\"en_US\" \/>\n<meta property=\"og:type\" content=\"article\" \/>\n<meta property=\"og:title\" content=\"LaLiga Standings D11: Barcelona Reclaims 2nd Place\" \/>\n<meta property=\"og:description\" content=\"Bar\u00e7a won again in LaLiga against Elche (3-1), a result that allows Flick&#039;s team to regain second place in the standings with 25 points\" \/>\n<meta property=\"og:url\" content=\"https:\/\/www.fcbarcelonanoticias.com\/en\/laliga\/laliga-standings-d11-barcelona-reclaims-2nd-place_315174_102.html\" \/>\n<meta property=\"og:site_name\" content=\"EN - FC Barcelona Noticias\" \/>\n<meta property=\"article:published_time\" content=\"2025-11-02T20:34:00+00:00\" \/>\n<meta property=\"article:modified_time\" content=\"2026-03-27T10:33:33+00:00\" \/>\n<meta property=\"og:image\" content=\"https:\/\/www.fcbarcelonanoticias.com\/en\/wp-content\/uploads\/sites\/2\/2025\/11\/ferran-torres-fermin-lopez-v-elche.webp\" \/>\n\t<meta property=\"og:image:width\" content=\"1200\" \/>\n\t<meta property=\"og:image:height\" content=\"675\" \/>\n\t<meta property=\"og:image:type\" content=\"image\/webp\" \/>\n<meta name=\"author\" content=\"Andr\u00e9s Quiroz\" \/>\n<meta name=\"twitter:card\" content=\"summary_large_image\" \/>\n<meta name=\"twitter:label1\" content=\"Written by\" \/>\n\t<meta name=\"twitter:data1\" content=\"Andr\u00e9s Quiroz\" \/>\n\t<meta name=\"twitter:label2\" content=\"Est. reading time\" \/>\n\t<meta name=\"twitter:data2\" content=\"3 minutes\" \/>\n<script type=\"application\/ld+json\" class=\"yoast-schema-graph\">{\"@context\":\"https:\\\/\\\/schema.org\",\"@graph\":[{\"@type\":\"Article\",\"@id\":\"https:\\\/\\\/www.fcbarcelonanoticias.com\\\/en\\\/laliga\\\/laliga-standings-d11-barcelona-reclaims-2nd-place_315174_102.html#article\",\"isPartOf\":{\"@id\":\"https:\\\/\\\/www.fcbarcelonanoticias.com\\\/en\\\/laliga\\\/laliga-standings-d11-barcelona-reclaims-2nd-place_315174_102.html\"},\"author\":{\"name\":\"Andr\u00e9s Quiroz\",\"@id\":\"https:\\\/\\\/www.fcbarcelonanoticias.com\\\/en\\\/#\\\/schema\\\/person\\\/c2cd9f6fa1af5c0d0eccd0fefa575c88\"},\"headline\":\"LaLiga Standings D11: Barcelona Reclaims 2nd Place\",\"datePublished\":\"2025-11-02T20:34:00+00:00\",\"dateModified\":\"2026-03-27T10:33:33+00:00\",\"mainEntityOfPage\":{\"@id\":\"https:\\\/\\\/www.fcbarcelonanoticias.com\\\/en\\\/laliga\\\/laliga-standings-d11-barcelona-reclaims-2nd-place_315174_102.html\"},\"wordCount\":534,\"image\":{\"@id\":\"https:\\\/\\\/www.fcbarcelonanoticias.com\\\/en\\\/laliga\\\/laliga-standings-d11-barcelona-reclaims-2nd-place_315174_102.html#primaryimage\"},\"thumbnailUrl\":\"https:\\\/\\\/www.fcbarcelonanoticias.com\\\/en\\\/wp-content\\\/uploads\\\/sites\\\/2\\\/2025\\\/11\\\/ferran-torres-fermin-lopez-v-elche.webp\",\"keywords\":[\"Classification\",\"Statistics\"],\"articleSection\":[\"LaLiga\",\"LaLiga\"],\"inLanguage\":\"en-US\"},{\"@type\":\"WebPage\",\"@id\":\"https:\\\/\\\/www.fcbarcelonanoticias.com\\\/en\\\/laliga\\\/laliga-standings-d11-barcelona-reclaims-2nd-place_315174_102.html\",\"url\":\"https:\\\/\\\/www.fcbarcelonanoticias.com\\\/en\\\/laliga\\\/laliga-standings-d11-barcelona-reclaims-2nd-place_315174_102.html\",\"name\":\"LaLiga Standings D11: Barcelona Reclaims 2nd Place\",\"isPartOf\":{\"@id\":\"https:\\\/\\\/www.fcbarcelonanoticias.com\\\/en\\\/#website\"},\"primaryImageOfPage\":{\"@id\":\"https:\\\/\\\/www.fcbarcelonanoticias.com\\\/en\\\/laliga\\\/laliga-standings-d11-barcelona-reclaims-2nd-place_315174_102.html#primaryimage\"},\"image\":{\"@id\":\"https:\\\/\\\/www.fcbarcelonanoticias.com\\\/en\\\/laliga\\\/laliga-standings-d11-barcelona-reclaims-2nd-place_315174_102.html#primaryimage\"},\"thumbnailUrl\":\"https:\\\/\\\/www.fcbarcelonanoticias.com\\\/en\\\/wp-content\\\/uploads\\\/sites\\\/2\\\/2025\\\/11\\\/ferran-torres-fermin-lopez-v-elche.webp\",\"datePublished\":\"2025-11-02T20:34:00+00:00\",\"dateModified\":\"2026-03-27T10:33:33+00:00\",\"author\":{\"@id\":\"https:\\\/\\\/www.fcbarcelonanoticias.com\\\/en\\\/#\\\/schema\\\/person\\\/c2cd9f6fa1af5c0d0eccd0fefa575c88\"},\"description\":\"Bar\u00e7a won again in LaLiga against Elche (3-1), a result that allows Flick's team to regain second place in the standings with 25 points\",\"breadcrumb\":{\"@id\":\"https:\\\/\\\/www.fcbarcelonanoticias.com\\\/en\\\/laliga\\\/laliga-standings-d11-barcelona-reclaims-2nd-place_315174_102.html#breadcrumb\"},\"inLanguage\":\"en-US\",\"potentialAction\":[{\"@type\":\"ReadAction\",\"target\":[\"https:\\\/\\\/www.fcbarcelonanoticias.com\\\/en\\\/laliga\\\/laliga-standings-d11-barcelona-reclaims-2nd-place_315174_102.html\"]}]},{\"@type\":\"ImageObject\",\"inLanguage\":\"en-US\",\"@id\":\"https:\\\/\\\/www.fcbarcelonanoticias.com\\\/en\\\/laliga\\\/laliga-standings-d11-barcelona-reclaims-2nd-place_315174_102.html#primaryimage\",\"url\":\"https:\\\/\\\/www.fcbarcelonanoticias.com\\\/en\\\/wp-content\\\/uploads\\\/sites\\\/2\\\/2025\\\/11\\\/ferran-torres-fermin-lopez-v-elche.webp\",\"contentUrl\":\"https:\\\/\\\/www.fcbarcelonanoticias.com\\\/en\\\/wp-content\\\/uploads\\\/sites\\\/2\\\/2025\\\/11\\\/ferran-torres-fermin-lopez-v-elche.webp\",\"width\":1200,\"height\":675},{\"@type\":\"BreadcrumbList\",\"@id\":\"https:\\\/\\\/www.fcbarcelonanoticias.com\\\/en\\\/laliga\\\/laliga-standings-d11-barcelona-reclaims-2nd-place_315174_102.html#breadcrumb\",\"itemListElement\":[{\"@type\":\"ListItem\",\"position\":1,\"name\":\"Portada\",\"item\":\"https:\\\/\\\/www.fcbarcelonanoticias.com\\\/en\\\/\"},{\"@type\":\"ListItem\",\"position\":2,\"name\":\"LaLiga Standings D11: Barcelona Reclaims 2nd Place\"}]},{\"@type\":\"WebSite\",\"@id\":\"https:\\\/\\\/www.fcbarcelonanoticias.com\\\/en\\\/#website\",\"url\":\"https:\\\/\\\/www.fcbarcelonanoticias.com\\\/en\\\/\",\"name\":\"EN - FC Barcelona Noticias\",\"description\":\"\",\"potentialAction\":[{\"@type\":\"SearchAction\",\"target\":{\"@type\":\"EntryPoint\",\"urlTemplate\":\"https:\\\/\\\/www.fcbarcelonanoticias.com\\\/en\\\/?s={search_term_string}\"},\"query-input\":{\"@type\":\"PropertyValueSpecification\",\"valueRequired\":true,\"valueName\":\"search_term_string\"}}],\"inLanguage\":\"en-US\"},{\"@type\":\"Person\",\"@id\":\"https:\\\/\\\/www.fcbarcelonanoticias.com\\\/en\\\/#\\\/schema\\\/person\\\/c2cd9f6fa1af5c0d0eccd0fefa575c88\",\"name\":\"Andr\u00e9s Quiroz\",\"image\":{\"@type\":\"ImageObject\",\"inLanguage\":\"en-US\",\"@id\":\"https:\\\/\\\/secure.gravatar.com\\\/avatar\\\/?s=96&d=mm&r=g\",\"url\":\"https:\\\/\\\/secure.gravatar.com\\\/avatar\\\/?s=96&d=mm&r=g\",\"contentUrl\":\"https:\\\/\\\/secure.gravatar.com\\\/avatar\\\/?s=96&d=mm&r=g\",\"caption\":\"Andr\u00e9s Quiroz\"},\"description\":\"Licenciado en Periodismo por la Universidad de los Andes. Me encargo de analizar y compartir los contenidos m\u00e1s destacados de la\u00a0actualidad del F\u00fatbol Club Barcelona, Mercado de Fichajes y F\u00fatbol Internacional en FCBN. La informaci\u00f3n es poder, pero tambi\u00e9n conocimiento.\",\"url\":\"https:\\\/\\\/www.fcbarcelonanoticias.com\\\/en\\\/fc-barcelona\\\/andres-quiroz_17_115.html\"}]}<\/script>\n<!-- \/ Yoast SEO plugin. -->","yoast_head_json":{"title":"LaLiga Standings D11: Barcelona Reclaims 2nd Place","description":"Bar\u00e7a won again in LaLiga against Elche (3-1), a result that allows Flick's team to regain second place in the standings with 25 points","robots":{"index":"index","follow":"follow","max-snippet":"max-snippet:-1","max-image-preview":"max-image-preview:large","max-video-preview":"max-video-preview:-1"},"canonical":"https:\/\/www.fcbarcelonanoticias.com\/en\/laliga\/laliga-standings-d11-barcelona-reclaims-2nd-place_315174_102.html","og_locale":"en_US","og_type":"article","og_title":"LaLiga Standings D11: Barcelona Reclaims 2nd Place","og_description":"Bar\u00e7a won again in LaLiga against Elche (3-1), a result that allows Flick's team to regain second place in the standings with 25 points","og_url":"https:\/\/www.fcbarcelonanoticias.com\/en\/laliga\/laliga-standings-d11-barcelona-reclaims-2nd-place_315174_102.html","og_site_name":"EN - FC Barcelona Noticias","article_published_time":"2025-11-02T20:34:00+00:00","article_modified_time":"2026-03-27T10:33:33+00:00","og_image":[{"width":1200,"height":675,"url":"https:\/\/www.fcbarcelonanoticias.com\/en\/wp-content\/uploads\/sites\/2\/2025\/11\/ferran-torres-fermin-lopez-v-elche.webp","type":"image\/webp"}],"author":"Andr\u00e9s Quiroz","twitter_card":"summary_large_image","twitter_misc":{"Written by":"Andr\u00e9s Quiroz","Est. reading time":"3 minutes"},"schema":{"@context":"https:\/\/schema.org","@graph":[{"@type":"Article","@id":"https:\/\/www.fcbarcelonanoticias.com\/en\/laliga\/laliga-standings-d11-barcelona-reclaims-2nd-place_315174_102.html#article","isPartOf":{"@id":"https:\/\/www.fcbarcelonanoticias.com\/en\/laliga\/laliga-standings-d11-barcelona-reclaims-2nd-place_315174_102.html"},"author":{"name":"Andr\u00e9s Quiroz","@id":"https:\/\/www.fcbarcelonanoticias.com\/en\/#\/schema\/person\/c2cd9f6fa1af5c0d0eccd0fefa575c88"},"headline":"LaLiga Standings D11: Barcelona Reclaims 2nd Place","datePublished":"2025-11-02T20:34:00+00:00","dateModified":"2026-03-27T10:33:33+00:00","mainEntityOfPage":{"@id":"https:\/\/www.fcbarcelonanoticias.com\/en\/laliga\/laliga-standings-d11-barcelona-reclaims-2nd-place_315174_102.html"},"wordCount":534,"image":{"@id":"https:\/\/www.fcbarcelonanoticias.com\/en\/laliga\/laliga-standings-d11-barcelona-reclaims-2nd-place_315174_102.html#primaryimage"},"thumbnailUrl":"https:\/\/www.fcbarcelonanoticias.com\/en\/wp-content\/uploads\/sites\/2\/2025\/11\/ferran-torres-fermin-lopez-v-elche.webp","keywords":["Classification","Statistics"],"articleSection":["LaLiga","LaLiga"],"inLanguage":"en-US"},{"@type":"WebPage","@id":"https:\/\/www.fcbarcelonanoticias.com\/en\/laliga\/laliga-standings-d11-barcelona-reclaims-2nd-place_315174_102.html","url":"https:\/\/www.fcbarcelonanoticias.com\/en\/laliga\/laliga-standings-d11-barcelona-reclaims-2nd-place_315174_102.html","name":"LaLiga Standings D11: Barcelona Reclaims 2nd Place","isPartOf":{"@id":"https:\/\/www.fcbarcelonanoticias.com\/en\/#website"},"primaryImageOfPage":{"@id":"https:\/\/www.fcbarcelonanoticias.com\/en\/laliga\/laliga-standings-d11-barcelona-reclaims-2nd-place_315174_102.html#primaryimage"},"image":{"@id":"https:\/\/www.fcbarcelonanoticias.com\/en\/laliga\/laliga-standings-d11-barcelona-reclaims-2nd-place_315174_102.html#primaryimage"},"thumbnailUrl":"https:\/\/www.fcbarcelonanoticias.com\/en\/wp-content\/uploads\/sites\/2\/2025\/11\/ferran-torres-fermin-lopez-v-elche.webp","datePublished":"2025-11-02T20:34:00+00:00","dateModified":"2026-03-27T10:33:33+00:00","author":{"@id":"https:\/\/www.fcbarcelonanoticias.com\/en\/#\/schema\/person\/c2cd9f6fa1af5c0d0eccd0fefa575c88"},"description":"Bar\u00e7a won again in LaLiga against Elche (3-1), a result that allows Flick's team to regain second place in the standings with 25 points","breadcrumb":{"@id":"https:\/\/www.fcbarcelonanoticias.com\/en\/laliga\/laliga-standings-d11-barcelona-reclaims-2nd-place_315174_102.html#breadcrumb"},"inLanguage":"en-US","potentialAction":[{"@type":"ReadAction","target":["https:\/\/www.fcbarcelonanoticias.com\/en\/laliga\/laliga-standings-d11-barcelona-reclaims-2nd-place_315174_102.html"]}]},{"@type":"ImageObject","inLanguage":"en-US","@id":"https:\/\/www.fcbarcelonanoticias.com\/en\/laliga\/laliga-standings-d11-barcelona-reclaims-2nd-place_315174_102.html#primaryimage","url":"https:\/\/www.fcbarcelonanoticias.com\/en\/wp-content\/uploads\/sites\/2\/2025\/11\/ferran-torres-fermin-lopez-v-elche.webp","contentUrl":"https:\/\/www.fcbarcelonanoticias.com\/en\/wp-content\/uploads\/sites\/2\/2025\/11\/ferran-torres-fermin-lopez-v-elche.webp","width":1200,"height":675},{"@type":"BreadcrumbList","@id":"https:\/\/www.fcbarcelonanoticias.com\/en\/laliga\/laliga-standings-d11-barcelona-reclaims-2nd-place_315174_102.html#breadcrumb","itemListElement":[{"@type":"ListItem","position":1,"name":"Portada","item":"https:\/\/www.fcbarcelonanoticias.com\/en\/"},{"@type":"ListItem","position":2,"name":"LaLiga Standings D11: Barcelona Reclaims 2nd Place"}]},{"@type":"WebSite","@id":"https:\/\/www.fcbarcelonanoticias.com\/en\/#website","url":"https:\/\/www.fcbarcelonanoticias.com\/en\/","name":"EN - FC Barcelona Noticias","description":"","potentialAction":[{"@type":"SearchAction","target":{"@type":"EntryPoint","urlTemplate":"https:\/\/www.fcbarcelonanoticias.com\/en\/?s={search_term_string}"},"query-input":{"@type":"PropertyValueSpecification","valueRequired":true,"valueName":"search_term_string"}}],"inLanguage":"en-US"},{"@type":"Person","@id":"https:\/\/www.fcbarcelonanoticias.com\/en\/#\/schema\/person\/c2cd9f6fa1af5c0d0eccd0fefa575c88","name":"Andr\u00e9s Quiroz","image":{"@type":"ImageObject","inLanguage":"en-US","@id":"https:\/\/secure.gravatar.com\/avatar\/?s=96&d=mm&r=g","url":"https:\/\/secure.gravatar.com\/avatar\/?s=96&d=mm&r=g","contentUrl":"https:\/\/secure.gravatar.com\/avatar\/?s=96&d=mm&r=g","caption":"Andr\u00e9s Quiroz"},"description":"Licenciado en Periodismo por la Universidad de los Andes. Me encargo de analizar y compartir los contenidos m\u00e1s destacados de la\u00a0actualidad del F\u00fatbol Club Barcelona, Mercado de Fichajes y F\u00fatbol Internacional en FCBN. La informaci\u00f3n es poder, pero tambi\u00e9n conocimiento.","url":"https:\/\/www.fcbarcelonanoticias.com\/en\/fc-barcelona\/andres-quiroz_17_115.html"}]}},"_links":{"self":[{"href":"https:\/\/www.fcbarcelonanoticias.com\/en\/wp-json\/wp\/v2\/posts\/57923","targetHints":{"allow":["GET"]}}],"collection":[{"href":"https:\/\/www.fcbarcelonanoticias.com\/en\/wp-json\/wp\/v2\/posts"}],"about":[{"href":"https:\/\/www.fcbarcelonanoticias.com\/en\/wp-json\/wp\/v2\/types\/post"}],"author":[{"embeddable":true,"href":"https:\/\/www.fcbarcelonanoticias.com\/en\/wp-json\/wp\/v2\/users\/347"}],"replies":[{"embeddable":true,"href":"https:\/\/www.fcbarcelonanoticias.com\/en\/wp-json\/wp\/v2\/comments?post=57923"}],"version-history":[{"count":2,"href":"https:\/\/www.fcbarcelonanoticias.com\/en\/wp-json\/wp\/v2\/posts\/57923\/revisions"}],"predecessor-version":[{"id":159308,"href":"https:\/\/www.fcbarcelonanoticias.com\/en\/wp-json\/wp\/v2\/posts\/57923\/revisions\/159308"}],"wp:featuredmedia":[{"embeddable":true,"href":"https:\/\/www.fcbarcelonanoticias.com\/en\/wp-json\/wp\/v2\/media\/57924"}],"wp:attachment":[{"href":"https:\/\/www.fcbarcelonanoticias.com\/en\/wp-json\/wp\/v2\/media?parent=57923"}],"wp:term":[{"taxonomy":"category","embeddable":true,"href":"https:\/\/www.fcbarcelonanoticias.com\/en\/wp-json\/wp\/v2\/categories?post=57923"},{"taxonomy":"post_tag","embeddable":true,"href":"https:\/\/www.fcbarcelonanoticias.com\/en\/wp-json\/wp\/v2\/tags?post=57923"}],"curies":[{"name":"wp","href":"https:\/\/api.w.org\/{rel}","templated":true}]}}