{"id":58058,"date":"2025-10-19T23:45:00","date_gmt":"2025-10-19T21:45:00","guid":{"rendered":"https:\/\/weisetech.dev\/fc-barcelona-noticias\/en\/laliga-standings-j9-madrid-arrives-at-clasico-as-leader_315066_102\/"},"modified":"2026-04-16T09:19:22","modified_gmt":"2026-04-16T07:19:22","slug":"laliga-standings-j9-madrid-arrives-at-clasico-as-leader_315066_102","status":"publish","type":"post","link":"https:\/\/www.fcbarcelonanoticias.com\/en\/laliga\/laliga-standings-j9-madrid-arrives-at-clasico-as-leader_315066_102.html","title":{"rendered":"LaLiga Standings &#8211; Matchday 9: Real Madrid heads into El Cl\u00e1sico as leader"},"content":{"rendered":"<h2 class=\"wp-block-heading\">Real Madrid reclaimed the LaLiga lead with a narrow victory against Getafe (0-1). The &#8216;merengues&#8217; have 24 points, 2 more than Bar\u00e7a, one week before the Cl\u00e1sico<\/h2>  \r\n<div class=\"article-addons\">\r\n    <a href=\"https:\/\/www.fcbarcelonanoticias.com\/en\/calendar-fc-barcelona.html\"\r\n       target=\"_self\"\r\n       title=\"Calendar of FC Barcelona\"\r\n       class=\"blue-gredient-btn\">\r\n       \r\n        Calendar of FC Barcelona    <\/a>\r\n<\/div>   <p><strong>Real Madrid<\/strong> ensured they will go into the first <strong>Cl\u00e1sico<\/strong> of the 2025\/26 season in <strong>LaLiga EA Sports<\/strong> as leaders thanks to <a data-external=\"0\" data-intl-links-en=\"https:\/\/www.fcbarcelonanoticias.com\/en\/laliga\/expulsions-doom-getafe-against-real-madrid-0-1_315065_102.html\" data-intl-links-es=\"https:\/\/www.fcbarcelonanoticias.com\/laliga\/getafe-0-1-real-madrid-expulsion-nyom-resuelve-regreso-merengue-liderato-liga_315065_102.html\" href=\"https:\/\/www.fcbarcelonanoticias.com\/en\/laliga\/expulsions-doom-getafe-against-real-madrid-0-1_315065_102.html\" rel=\"follow\" target=\"_self\" title=\"Getafe 0-1 Real Madrid: la expulsi\u00f3n de Nyom resuelve el regreso 'merengue' al liderato de Liga\">a hard-fought victory against Getafe (0-1)<\/a>. A lone goal from Kylian Mbapp\u00e9 was enough to break the resistance of a &#8216;azul\u00f3n&#8217; side that finished with nine men after <strong>the expulsions of Allan Nyom and \u00c1lex Sancris<\/strong> in the 77th and 84th minutes, respectively.<\/p>  <p>The red card that changed the game, without a doubt, was Nyom&#8217;s. The defender had barely been on the field for a few seconds when, after a slap to <strong>Vinicius&#8217;s<\/strong> neck with the ball not in dispute, <strong>Jos\u00e9 Luis Munuera<\/strong> decided to show him the direct red card.<\/p>  <p>After a couple of minutes of protest, the match resumed and Madrid took advantage of the spaces conceded by a Getafe defense in &#8216;shock&#8217; after Nyom&#8217;s expulsion. <strong>Arda G\u00fcler<\/strong> threaded a pass to <strong>Mbapp\u00e9<\/strong>, who found time and space to control and finish against David Soria in the 80th minute.<\/p>  <h2>LaLiga EA Sports 2025\/26 Standings on Matchday 9<\/h2>  <table align=\"center\" border=\"1\" cellpadding=\"1\" cellspacing=\"1\" style=\"width:100%;\"> <thead><tr> <th scope=\"col\">Pos.<\/th> \t\t\t<th scope=\"col\">Club<\/th> \t\t\t<th scope=\"col\">GP<\/th> \t\t\t<th scope=\"col\">PTS<\/th> \t\t\t<th scope=\"col\">GD<\/th> \t\t<\/tr><\/thead> <tbody> <tr> <td style=\"text-align: center;\">1\ufe0f\u20e3<\/td> \t\t\t<td style=\"text-align: center;\">Real Madrid<\/td> \t\t\t<td style=\"text-align: center;\">9<\/td> \t\t\t<td style=\"text-align: center;\">24<\/td> \t\t\t<td style=\"text-align: center;\">11<\/td> \t\t<\/tr> <tr> <td style=\"text-align: center;\">2\ufe0f\u20e3<\/td> \t\t\t<td style=\"text-align: center;\">FC Barcelona<\/td> \t\t\t<td style=\"text-align: center;\">9<\/td> \t\t\t<td style=\"text-align: center;\">22<\/td> \t\t\t<td style=\"text-align: center;\">14<\/td> \t\t<\/tr> <tr> <td style=\"text-align: center;\">3\ufe0f\u20e3<\/td> \t\t\t<td style=\"text-align: center;\">Villarreal<\/td> \t\t\t<td style=\"text-align: center;\">9<\/td> \t\t\t<td style=\"text-align: center;\">17<\/td> \t\t\t<td style=\"text-align: center;\">6<\/td> \t\t<\/tr> <tr> <td style=\"text-align: center;\">4\ufe0f\u20e3<\/td> \t\t\t<td style=\"text-align: center;\">Atl\u00e9tico<\/td> \t\t\t<td style=\"text-align: center;\">9<\/td> \t\t\t<td style=\"text-align: center;\">16<\/td> \t\t\t<td style=\"text-align: center;\">6<\/td> \t\t<\/tr> <tr> <td style=\"text-align: center;\">5\ufe0f\u20e3<\/td> \t\t\t<td style=\"text-align: center;\">Betis<\/td> \t\t\t<td style=\"text-align: center;\">9<\/td> \t\t\t<td style=\"text-align: center;\">16<\/td> \t\t\t<td style=\"text-align: center;\">5<\/td> \t\t<\/tr> <tr> <td style=\"text-align: center;\">6\ufe0f\u20e3<\/td> \t\t\t<td style=\"text-align: center;\">Espanyol<\/td> \t\t\t<td style=\"text-align: center;\">9<\/td> \t\t\t<td style=\"text-align: center;\">15<\/td> \t\t\t<td style=\"text-align: center;\">2<\/td> \t\t<\/tr> <\/tbody> <\/table> <ul> <li> <a data-external=\"0\" data-intl-links-en=\"https:\/\/www.fcbarcelonanoticias.com\/en\/laliga-classification.html\" data-intl-links-es=\"https:\/\/www.fcbarcelonanoticias.com\/laliga-clasificacion.html\" href=\"https:\/\/www.fcbarcelonanoticias.com\/en\/laliga-classification.html\" rel=\"follow\" target=\"_self\" title=\"LaLiga - Clasificaci\u00f3n\">Check out the full standings table at FCBN<\/a>.<\/li> <\/ul> <h2>Bar\u00e7a will be leader if they defeat Real Madrid at the Santiago Bernab\u00e9u<\/h2>  <div class=\"media media-image\" data-ck-asset-wrapper=\"\"> <div class=\"media-item\"> <img loading=\"lazy\" decoding=\"async\" alt=\"Ronald Araujo celebrating his goal against Girona\" data-id=\"1527317\" data-resize=\"9\" height=\"563\" src=\"https:\/\/www.fcbarcelonanoticias.com\/wp-content\/uploads\/sites\/2\/2025\/10\/fcbn-6fe1c9504a0568b6058913073dfaeb10.webp\" title=\"Ronald Araujo celebrating his goal against Girona\" width=\"1000\"><div class=\"media-title\">Ronald Araujo celebrating his goal against Girona<\/div> <\/div> <\/div>  <p>Thus, Real Madrid reached 24 points, 2 more than FC Barcelona, one week before the Cl\u00e1sico scheduled for next Sunday, October 26, at the Santiago Bernab\u00e9u (16:15 CEST). On Saturday, <a data-external=\"0\" data-intl-links-en=\"https:\/\/www.fcbarcelonanoticias.com\/en\/laliga\/barcelona-2-1-girona-araujo-rescues-cules-at-last-minute_315052_102.html\" data-intl-links-es=\"https:\/\/www.fcbarcelonanoticias.com\/laliga\/barcelona-2-1-girona-ronald-araujo-devuelve-flick-cima-laliga_315052_102.html\" href=\"https:\/\/www.fcbarcelonanoticias.com\/en\/laliga\/barcelona-2-1-girona-araujo-rescues-cules-at-last-minute_315052_102.html\" rel=\"follow\" target=\"_self\" title=\"Barcelona 2-1 Girona: Ronald Araujo devuelve a los de Flick a la cima de LaLiga\">the Azulgrana team also struggled more than expected to defeat Girona (2-1)<\/a>.<\/p>  <p>A goal from <a data-external=\"0\" data-intl-links-en=\"https:\/\/www.fcbarcelonanoticias.com\/en\/laliga\/ronald-araujo-goalscorer-and-unexpected-hero-of-barca-girona_315056_102.html\" data-intl-links-es=\"https:\/\/www.fcbarcelonanoticias.com\/laliga\/ronald-araujo-goleador-heroe-inesperado-barca-girona_315056_102.html\" href=\"https:\/\/www.fcbarcelonanoticias.com\/en\/laliga\/ronald-araujo-goalscorer-and-unexpected-hero-of-barca-girona_315056_102.html\" rel=\"follow\" target=\"_self\" title=\"Ronald Araujo: goleador y h\u00e9roe inesperado del Bar\u00e7a-Girona\">Ronald Araujo<\/a> in the 90+3&#8242; prevented <strong>Hansi Flick&#8217;s<\/strong> team from faltering, in a match where the &#8216;cul\u00e9s&#8217; took the lead in the 13th minute thanks to a great goal from Pedri. <strong>Axel Witsel<\/strong>, however, leveled the score in the 20th minute, and M\u00edchel&#8217;s team could even have gone into halftime with the lead, if not for Szczesny&#8217;s saves.<\/p>  <p>In the midst of a veritable deluge in Montju\u00efc, Bar\u00e7a regained control of the match in the second half, but <a data-external=\"0\" data-intl-links-en=\"https:\/\/www.fcbarcelonanoticias.com\/en\/laliga\/flick-explains-his-dismissal-and-araujo-goal-against-girona_315054_102.html\" data-intl-links-es=\"https:\/\/www.fcbarcelonanoticias.com\/laliga\/flick-desvela-por-puso-araujo-9-explica-festejo-barca-girona_315054_102.html\" href=\"https:\/\/www.fcbarcelonanoticias.com\/en\/laliga\/flick-explains-his-dismissal-and-araujo-goal-against-girona_315054_102.html\" rel=\"follow\" target=\"_self\" title=\"Flick desvela por qu\u00e9 puso a Araujo de '9' y explica su festejo en el Bar\u00e7a-Girona\">Flick had to resort to using Araujo as a &#8216;9&#8217;<\/a> to, in stoppage time, secure 3 golden points. If the &#8216;cul\u00e9s&#8217;, who last season won all 4 &#8216;cl\u00e1sicos&#8217; in La Liga, Copa, and Supercopa, win at the Bernab\u00e9u, they will return to the top of the tournament.<\/p>  <p>Of course, the Bar\u00e7a team will have to do their homework in Chamart\u00edn <a data-external=\"0\" data-intl-links-en=\"https:\/\/www.fcbarcelonanoticias.com\/en\/laliga\/hansi-flick-sent-off-against-girona-and-will-miss-clasico_315053_102.html\" data-intl-links-es=\"https:\/\/www.fcbarcelonanoticias.com\/laliga\/barca-pierde-hansi-flick-clasico-gil-manzano-expulso-mister-contra-girona_315053_102.html\" href=\"https:\/\/www.fcbarcelonanoticias.com\/en\/laliga\/hansi-flick-sent-off-against-girona-and-will-miss-clasico_315053_102.html\" rel=\"follow\" target=\"_self\" title=\"El Bar\u00e7a pierde a Hansi Flick para el Cl\u00e1sico: Gil Manzano expuls\u00f3 al m\u00edster contra Girona\">without Flick on the bench<\/a>. The coach was sent off in the final minutes of the match against Girona (for protesting) and will likely receive a one-match suspension, which he will serve next Sunday.<\/p>  <h2>The rest of the results from matchday 9 of LaLiga<\/h2>  <p>With their defeats against Real Madrid and Barcelona, Getafe and Girona remain in 12th and 20th place in the standings, respectively. Matchday 9 began on Friday with <strong>Espanyol&#8217;s away victory against Oviedo (0-2)<\/strong>. This result kept the &#8216;parakeets&#8217; in sixth place in the standings with 15 points.<\/p>  <p>Before Bar\u00e7a-Girona, <strong>Mallorca surprised Sevilla (1-3)<\/strong> to escape the relegation zone. The &#8216;bermellones&#8217; now occupy 16th place, just ahead of Celta. Real Sociedad and Oviedo join Girona in the lower part of the table.<\/p>  <p>On Saturday, <strong>Villarreal and Betis<\/strong> drew at La Cer\u00e1mica (2-2), meaning that the Castellonians and &#8216;Verdiblancos&#8217; maintain their third and fifth place in the standings, respectively. <strong>Atl\u00e9tico<\/strong>, meanwhile, is fourth thanks to their narrow victory against Osasuna (1-0).<\/p>  <p>On Sunday, <strong>Elche and Athletic tied without goals <\/strong>at the Mart\u00ednez Valero (0-0), while <strong>Celta and Real Sociedad did the same in Bala\u00eddos (1-1)<\/strong>. <strong>Levante<\/strong>, however, suffered a heavy defeat at home against <strong>Rayo<\/strong> (0-3).<\/p>  <p>Elche and Athletic remain in 7th and 8th place, respectively. Rayo, on the other hand, climbs to 10th place and Levante falls to 14th. The matchday concludes on Monday with Alav\u00e9s 0-0 Valencia.<\/p>  <h2>All the matches of matchday 9 of LaLiga<\/h2>  <ol> <li>Real Oviedo 0-2 Espanyol<\/li> \t<li>Sevilla 1-3 Mallorca<\/li> \t<li><strong>FC Barcelona 2-1 Girona<\/strong><\/li> \t<li>Villarreal 2-2 Betis<\/li> \t<li>Atl\u00e9tico 1-0 Osasuna<\/li> \t<li>Elche 0-0 Athletic<\/li> \t<li>Celta 1-1 Real Sociedad<\/li> \t<li>Levante 0-3 Rayo<\/li> \t<li>Getafe 0-1 Real Madrid<\/li> \t<li>Alav\u00e9s 0-0 Valencia<\/li> <\/ol> <p><u><strong>Recommended Links:<\/strong><\/u><\/p>  <ul> <li><a data-external=\"1\" href=\"https:\/\/www.fcbarcelonanoticias.com\/estadisticas-fc-barcelona-2025-2026.html\" rel=\"nofollow\" target=\"_blank\" title=\"Estad\u00edsticas del FC Barcelona en la temporada 2025\/26\">FC Barcelona Statistics in the 2025\/26 Season<\/a><\/li> \t<li><a data-external=\"1\" href=\"https:\/\/www.fcbarcelonanoticias.com\/en\/estadisticas-fc-barcelona-laliga-2025-26.html\" rel=\"nofollow\" target=\"_blank\" title=\"Estad\u00edsticas del FC Barcelona en LaLiga EA Sports 2025\/26\">FC Barcelona Statistics in LaLiga EA Sports 2025\/26<\/a><\/li> \t<li><strong><a data-external=\"0\" data-intl-links-en=\"https:\/\/www.fcbarcelonanoticias.com\/en\/fc-barcelona-squad.html\" data-intl-links-es=\"https:\/\/www.fcbarcelonanoticias.com\/jugadores-fcbarcelona.html\" href=\"https:\/\/www.fcbarcelonanoticias.com\/en\/fc-barcelona-squad.html\" rel=\"follow\" target=\"_self\" title=\"Plantilla del FC Barcelona 2025-26\">FC Barcelona Squad &#8211; 2025\/26 Season<\/a><\/strong><\/li> <\/ul> ","protected":false},"excerpt":{"rendered":"<p>Real Madrid reclaimed the LaLiga lead with a narrow victory against Getafe (0-1). The &#8216;merengues&#8217; have 24 points, 2 more than Bar\u00e7a, one week before the Cl\u00e1sico Real Madrid ensured they will go into the first Cl\u00e1sico of the 2025\/26 season in LaLiga EA Sports as leaders thanks to a hard-fought victory against Getafe (0-1). [&hellip;]<\/p>\n","protected":false},"author":347,"featured_media":58063,"comment_status":"closed","ping_status":"open","sticky":false,"template":"","format":"standard","meta":{"_acf_changed":false,"inline_featured_image":false,"_nextfly_llmd_date_locked":false,"footnotes":""},"categories":[448,114],"tags":[260,157],"class_list":["post-58058","post","type-post","status-publish","format-standard","has-post-thumbnail","hentry","category-laliga-2","category-laliga","tag-classification","tag-statistics"],"acf":[],"yoast_head":"<!-- This site is optimized with the Yoast SEO plugin v27.3 - https:\/\/yoast.com\/product\/yoast-seo-wordpress\/ -->\n<title>LaLiga Standings J9: Madrid arrives at the Cl\u00e1sico as leader<\/title>\n<meta name=\"description\" content=\"Real Madrid reclaimed the LaLiga lead with a narrow victory against Getafe (0-1). The &#039;merengues&#039; have 24 points, 2 more than Bar\u00e7a\" \/>\n<meta name=\"robots\" content=\"index, follow, max-snippet:-1, max-image-preview:large, max-video-preview:-1\" \/>\n<link rel=\"canonical\" href=\"https:\/\/www.fcbarcelonanoticias.com\/en\/laliga\/laliga-standings-j9-madrid-arrives-at-clasico-as-leader_315066_102.html\" \/>\n<meta property=\"og:locale\" content=\"en_US\" \/>\n<meta property=\"og:type\" content=\"article\" \/>\n<meta property=\"og:title\" content=\"LaLiga Standings J9: Madrid arrives at the Cl\u00e1sico as leader\" \/>\n<meta property=\"og:description\" content=\"Real Madrid reclaimed the LaLiga lead with a narrow victory against Getafe (0-1). The &#039;merengues&#039; have 24 points, 2 more than Bar\u00e7a\" \/>\n<meta property=\"og:url\" content=\"https:\/\/www.fcbarcelonanoticias.com\/en\/laliga\/laliga-standings-j9-madrid-arrives-at-clasico-as-leader_315066_102.html\" \/>\n<meta property=\"og:site_name\" content=\"EN - FC Barcelona Noticias\" \/>\n<meta property=\"article:published_time\" content=\"2025-10-19T21:45:00+00:00\" \/>\n<meta property=\"article:modified_time\" content=\"2026-04-16T07:19:22+00:00\" \/>\n<meta property=\"og:image\" content=\"https:\/\/www.fcbarcelonanoticias.com\/en\/wp-content\/uploads\/sites\/2\/2025\/10\/jugadores-real-madridv-getafe-laliga-1.webp\" \/>\n\t<meta property=\"og:image:width\" content=\"1200\" \/>\n\t<meta property=\"og:image:height\" content=\"675\" \/>\n\t<meta property=\"og:image:type\" content=\"image\/webp\" \/>\n<meta name=\"author\" content=\"Andr\u00e9s Quiroz\" \/>\n<meta name=\"twitter:card\" content=\"summary_large_image\" \/>\n<meta name=\"twitter:label1\" content=\"Written by\" \/>\n\t<meta name=\"twitter:data1\" content=\"Andr\u00e9s Quiroz\" \/>\n\t<meta name=\"twitter:label2\" content=\"Est. reading time\" \/>\n\t<meta name=\"twitter:data2\" content=\"4 minutes\" \/>\n<script type=\"application\/ld+json\" class=\"yoast-schema-graph\">{\"@context\":\"https:\\\/\\\/schema.org\",\"@graph\":[{\"@type\":\"Article\",\"@id\":\"https:\\\/\\\/www.fcbarcelonanoticias.com\\\/en\\\/laliga\\\/laliga-standings-j9-madrid-arrives-at-clasico-as-leader_315066_102.html#article\",\"isPartOf\":{\"@id\":\"https:\\\/\\\/www.fcbarcelonanoticias.com\\\/en\\\/laliga\\\/laliga-standings-j9-madrid-arrives-at-clasico-as-leader_315066_102.html\"},\"author\":{\"name\":\"Andr\u00e9s Quiroz\",\"@id\":\"https:\\\/\\\/www.fcbarcelonanoticias.com\\\/en\\\/#\\\/schema\\\/person\\\/c2cd9f6fa1af5c0d0eccd0fefa575c88\"},\"headline\":\"LaLiga Standings &#8211; Matchday 9: Real Madrid heads into El Cl\u00e1sico as leader\",\"datePublished\":\"2025-10-19T21:45:00+00:00\",\"dateModified\":\"2026-04-16T07:19:22+00:00\",\"mainEntityOfPage\":{\"@id\":\"https:\\\/\\\/www.fcbarcelonanoticias.com\\\/en\\\/laliga\\\/laliga-standings-j9-madrid-arrives-at-clasico-as-leader_315066_102.html\"},\"wordCount\":745,\"image\":{\"@id\":\"https:\\\/\\\/www.fcbarcelonanoticias.com\\\/en\\\/laliga\\\/laliga-standings-j9-madrid-arrives-at-clasico-as-leader_315066_102.html#primaryimage\"},\"thumbnailUrl\":\"https:\\\/\\\/www.fcbarcelonanoticias.com\\\/en\\\/wp-content\\\/uploads\\\/sites\\\/2\\\/2025\\\/10\\\/jugadores-real-madridv-getafe-laliga-1.webp\",\"keywords\":[\"Classification\",\"Statistics\"],\"articleSection\":[\"LaLiga\",\"LaLiga\"],\"inLanguage\":\"en-US\"},{\"@type\":\"WebPage\",\"@id\":\"https:\\\/\\\/www.fcbarcelonanoticias.com\\\/en\\\/laliga\\\/laliga-standings-j9-madrid-arrives-at-clasico-as-leader_315066_102.html\",\"url\":\"https:\\\/\\\/www.fcbarcelonanoticias.com\\\/en\\\/laliga\\\/laliga-standings-j9-madrid-arrives-at-clasico-as-leader_315066_102.html\",\"name\":\"LaLiga Standings J9: Madrid arrives at the Cl\u00e1sico as leader\",\"isPartOf\":{\"@id\":\"https:\\\/\\\/www.fcbarcelonanoticias.com\\\/en\\\/#website\"},\"primaryImageOfPage\":{\"@id\":\"https:\\\/\\\/www.fcbarcelonanoticias.com\\\/en\\\/laliga\\\/laliga-standings-j9-madrid-arrives-at-clasico-as-leader_315066_102.html#primaryimage\"},\"image\":{\"@id\":\"https:\\\/\\\/www.fcbarcelonanoticias.com\\\/en\\\/laliga\\\/laliga-standings-j9-madrid-arrives-at-clasico-as-leader_315066_102.html#primaryimage\"},\"thumbnailUrl\":\"https:\\\/\\\/www.fcbarcelonanoticias.com\\\/en\\\/wp-content\\\/uploads\\\/sites\\\/2\\\/2025\\\/10\\\/jugadores-real-madridv-getafe-laliga-1.webp\",\"datePublished\":\"2025-10-19T21:45:00+00:00\",\"dateModified\":\"2026-04-16T07:19:22+00:00\",\"author\":{\"@id\":\"https:\\\/\\\/www.fcbarcelonanoticias.com\\\/en\\\/#\\\/schema\\\/person\\\/c2cd9f6fa1af5c0d0eccd0fefa575c88\"},\"description\":\"Real Madrid reclaimed the LaLiga lead with a narrow victory against Getafe (0-1). The 'merengues' have 24 points, 2 more than Bar\u00e7a\",\"breadcrumb\":{\"@id\":\"https:\\\/\\\/www.fcbarcelonanoticias.com\\\/en\\\/laliga\\\/laliga-standings-j9-madrid-arrives-at-clasico-as-leader_315066_102.html#breadcrumb\"},\"inLanguage\":\"en-US\",\"potentialAction\":[{\"@type\":\"ReadAction\",\"target\":[\"https:\\\/\\\/www.fcbarcelonanoticias.com\\\/en\\\/laliga\\\/laliga-standings-j9-madrid-arrives-at-clasico-as-leader_315066_102.html\"]}]},{\"@type\":\"ImageObject\",\"inLanguage\":\"en-US\",\"@id\":\"https:\\\/\\\/www.fcbarcelonanoticias.com\\\/en\\\/laliga\\\/laliga-standings-j9-madrid-arrives-at-clasico-as-leader_315066_102.html#primaryimage\",\"url\":\"https:\\\/\\\/www.fcbarcelonanoticias.com\\\/en\\\/wp-content\\\/uploads\\\/sites\\\/2\\\/2025\\\/10\\\/jugadores-real-madridv-getafe-laliga-1.webp\",\"contentUrl\":\"https:\\\/\\\/www.fcbarcelonanoticias.com\\\/en\\\/wp-content\\\/uploads\\\/sites\\\/2\\\/2025\\\/10\\\/jugadores-real-madridv-getafe-laliga-1.webp\",\"width\":1200,\"height\":675},{\"@type\":\"BreadcrumbList\",\"@id\":\"https:\\\/\\\/www.fcbarcelonanoticias.com\\\/en\\\/laliga\\\/laliga-standings-j9-madrid-arrives-at-clasico-as-leader_315066_102.html#breadcrumb\",\"itemListElement\":[{\"@type\":\"ListItem\",\"position\":1,\"name\":\"Portada\",\"item\":\"https:\\\/\\\/www.fcbarcelonanoticias.com\\\/en\\\/\"},{\"@type\":\"ListItem\",\"position\":2,\"name\":\"LaLiga Standings &#8211; Matchday 9: Real Madrid heads into El Cl\u00e1sico as leader\"}]},{\"@type\":\"WebSite\",\"@id\":\"https:\\\/\\\/www.fcbarcelonanoticias.com\\\/en\\\/#website\",\"url\":\"https:\\\/\\\/www.fcbarcelonanoticias.com\\\/en\\\/\",\"name\":\"EN - FC Barcelona Noticias\",\"description\":\"\",\"potentialAction\":[{\"@type\":\"SearchAction\",\"target\":{\"@type\":\"EntryPoint\",\"urlTemplate\":\"https:\\\/\\\/www.fcbarcelonanoticias.com\\\/en\\\/?s={search_term_string}\"},\"query-input\":{\"@type\":\"PropertyValueSpecification\",\"valueRequired\":true,\"valueName\":\"search_term_string\"}}],\"inLanguage\":\"en-US\"},{\"@type\":\"Person\",\"@id\":\"https:\\\/\\\/www.fcbarcelonanoticias.com\\\/en\\\/#\\\/schema\\\/person\\\/c2cd9f6fa1af5c0d0eccd0fefa575c88\",\"name\":\"Andr\u00e9s Quiroz\",\"image\":{\"@type\":\"ImageObject\",\"inLanguage\":\"en-US\",\"@id\":\"https:\\\/\\\/secure.gravatar.com\\\/avatar\\\/?s=96&d=mm&r=g\",\"url\":\"https:\\\/\\\/secure.gravatar.com\\\/avatar\\\/?s=96&d=mm&r=g\",\"contentUrl\":\"https:\\\/\\\/secure.gravatar.com\\\/avatar\\\/?s=96&d=mm&r=g\",\"caption\":\"Andr\u00e9s Quiroz\"},\"description\":\"Licenciado en Periodismo por la Universidad de los Andes. Me encargo de analizar y compartir los contenidos m\u00e1s destacados de la\u00a0actualidad del F\u00fatbol Club Barcelona, Mercado de Fichajes y F\u00fatbol Internacional en FCBN. La informaci\u00f3n es poder, pero tambi\u00e9n conocimiento.\",\"url\":\"https:\\\/\\\/www.fcbarcelonanoticias.com\\\/en\\\/fc-barcelona\\\/andres-quiroz_17_115.html\"}]}<\/script>\n<!-- \/ Yoast SEO plugin. -->","yoast_head_json":{"title":"LaLiga Standings J9: Madrid arrives at the Cl\u00e1sico as leader","description":"Real Madrid reclaimed the LaLiga lead with a narrow victory against Getafe (0-1). The 'merengues' have 24 points, 2 more than Bar\u00e7a","robots":{"index":"index","follow":"follow","max-snippet":"max-snippet:-1","max-image-preview":"max-image-preview:large","max-video-preview":"max-video-preview:-1"},"canonical":"https:\/\/www.fcbarcelonanoticias.com\/en\/laliga\/laliga-standings-j9-madrid-arrives-at-clasico-as-leader_315066_102.html","og_locale":"en_US","og_type":"article","og_title":"LaLiga Standings J9: Madrid arrives at the Cl\u00e1sico as leader","og_description":"Real Madrid reclaimed the LaLiga lead with a narrow victory against Getafe (0-1). The 'merengues' have 24 points, 2 more than Bar\u00e7a","og_url":"https:\/\/www.fcbarcelonanoticias.com\/en\/laliga\/laliga-standings-j9-madrid-arrives-at-clasico-as-leader_315066_102.html","og_site_name":"EN - FC Barcelona Noticias","article_published_time":"2025-10-19T21:45:00+00:00","article_modified_time":"2026-04-16T07:19:22+00:00","og_image":[{"width":1200,"height":675,"url":"https:\/\/www.fcbarcelonanoticias.com\/en\/wp-content\/uploads\/sites\/2\/2025\/10\/jugadores-real-madridv-getafe-laliga-1.webp","type":"image\/webp"}],"author":"Andr\u00e9s Quiroz","twitter_card":"summary_large_image","twitter_misc":{"Written by":"Andr\u00e9s Quiroz","Est. reading time":"4 minutes"},"schema":{"@context":"https:\/\/schema.org","@graph":[{"@type":"Article","@id":"https:\/\/www.fcbarcelonanoticias.com\/en\/laliga\/laliga-standings-j9-madrid-arrives-at-clasico-as-leader_315066_102.html#article","isPartOf":{"@id":"https:\/\/www.fcbarcelonanoticias.com\/en\/laliga\/laliga-standings-j9-madrid-arrives-at-clasico-as-leader_315066_102.html"},"author":{"name":"Andr\u00e9s Quiroz","@id":"https:\/\/www.fcbarcelonanoticias.com\/en\/#\/schema\/person\/c2cd9f6fa1af5c0d0eccd0fefa575c88"},"headline":"LaLiga Standings &#8211; Matchday 9: Real Madrid heads into El Cl\u00e1sico as leader","datePublished":"2025-10-19T21:45:00+00:00","dateModified":"2026-04-16T07:19:22+00:00","mainEntityOfPage":{"@id":"https:\/\/www.fcbarcelonanoticias.com\/en\/laliga\/laliga-standings-j9-madrid-arrives-at-clasico-as-leader_315066_102.html"},"wordCount":745,"image":{"@id":"https:\/\/www.fcbarcelonanoticias.com\/en\/laliga\/laliga-standings-j9-madrid-arrives-at-clasico-as-leader_315066_102.html#primaryimage"},"thumbnailUrl":"https:\/\/www.fcbarcelonanoticias.com\/en\/wp-content\/uploads\/sites\/2\/2025\/10\/jugadores-real-madridv-getafe-laliga-1.webp","keywords":["Classification","Statistics"],"articleSection":["LaLiga","LaLiga"],"inLanguage":"en-US"},{"@type":"WebPage","@id":"https:\/\/www.fcbarcelonanoticias.com\/en\/laliga\/laliga-standings-j9-madrid-arrives-at-clasico-as-leader_315066_102.html","url":"https:\/\/www.fcbarcelonanoticias.com\/en\/laliga\/laliga-standings-j9-madrid-arrives-at-clasico-as-leader_315066_102.html","name":"LaLiga Standings J9: Madrid arrives at the Cl\u00e1sico as leader","isPartOf":{"@id":"https:\/\/www.fcbarcelonanoticias.com\/en\/#website"},"primaryImageOfPage":{"@id":"https:\/\/www.fcbarcelonanoticias.com\/en\/laliga\/laliga-standings-j9-madrid-arrives-at-clasico-as-leader_315066_102.html#primaryimage"},"image":{"@id":"https:\/\/www.fcbarcelonanoticias.com\/en\/laliga\/laliga-standings-j9-madrid-arrives-at-clasico-as-leader_315066_102.html#primaryimage"},"thumbnailUrl":"https:\/\/www.fcbarcelonanoticias.com\/en\/wp-content\/uploads\/sites\/2\/2025\/10\/jugadores-real-madridv-getafe-laliga-1.webp","datePublished":"2025-10-19T21:45:00+00:00","dateModified":"2026-04-16T07:19:22+00:00","author":{"@id":"https:\/\/www.fcbarcelonanoticias.com\/en\/#\/schema\/person\/c2cd9f6fa1af5c0d0eccd0fefa575c88"},"description":"Real Madrid reclaimed the LaLiga lead with a narrow victory against Getafe (0-1). The 'merengues' have 24 points, 2 more than Bar\u00e7a","breadcrumb":{"@id":"https:\/\/www.fcbarcelonanoticias.com\/en\/laliga\/laliga-standings-j9-madrid-arrives-at-clasico-as-leader_315066_102.html#breadcrumb"},"inLanguage":"en-US","potentialAction":[{"@type":"ReadAction","target":["https:\/\/www.fcbarcelonanoticias.com\/en\/laliga\/laliga-standings-j9-madrid-arrives-at-clasico-as-leader_315066_102.html"]}]},{"@type":"ImageObject","inLanguage":"en-US","@id":"https:\/\/www.fcbarcelonanoticias.com\/en\/laliga\/laliga-standings-j9-madrid-arrives-at-clasico-as-leader_315066_102.html#primaryimage","url":"https:\/\/www.fcbarcelonanoticias.com\/en\/wp-content\/uploads\/sites\/2\/2025\/10\/jugadores-real-madridv-getafe-laliga-1.webp","contentUrl":"https:\/\/www.fcbarcelonanoticias.com\/en\/wp-content\/uploads\/sites\/2\/2025\/10\/jugadores-real-madridv-getafe-laliga-1.webp","width":1200,"height":675},{"@type":"BreadcrumbList","@id":"https:\/\/www.fcbarcelonanoticias.com\/en\/laliga\/laliga-standings-j9-madrid-arrives-at-clasico-as-leader_315066_102.html#breadcrumb","itemListElement":[{"@type":"ListItem","position":1,"name":"Portada","item":"https:\/\/www.fcbarcelonanoticias.com\/en\/"},{"@type":"ListItem","position":2,"name":"LaLiga Standings &#8211; Matchday 9: Real Madrid heads into El Cl\u00e1sico as leader"}]},{"@type":"WebSite","@id":"https:\/\/www.fcbarcelonanoticias.com\/en\/#website","url":"https:\/\/www.fcbarcelonanoticias.com\/en\/","name":"EN - FC Barcelona Noticias","description":"","potentialAction":[{"@type":"SearchAction","target":{"@type":"EntryPoint","urlTemplate":"https:\/\/www.fcbarcelonanoticias.com\/en\/?s={search_term_string}"},"query-input":{"@type":"PropertyValueSpecification","valueRequired":true,"valueName":"search_term_string"}}],"inLanguage":"en-US"},{"@type":"Person","@id":"https:\/\/www.fcbarcelonanoticias.com\/en\/#\/schema\/person\/c2cd9f6fa1af5c0d0eccd0fefa575c88","name":"Andr\u00e9s Quiroz","image":{"@type":"ImageObject","inLanguage":"en-US","@id":"https:\/\/secure.gravatar.com\/avatar\/?s=96&d=mm&r=g","url":"https:\/\/secure.gravatar.com\/avatar\/?s=96&d=mm&r=g","contentUrl":"https:\/\/secure.gravatar.com\/avatar\/?s=96&d=mm&r=g","caption":"Andr\u00e9s Quiroz"},"description":"Licenciado en Periodismo por la Universidad de los Andes. Me encargo de analizar y compartir los contenidos m\u00e1s destacados de la\u00a0actualidad del F\u00fatbol Club Barcelona, Mercado de Fichajes y F\u00fatbol Internacional en FCBN. La informaci\u00f3n es poder, pero tambi\u00e9n conocimiento.","url":"https:\/\/www.fcbarcelonanoticias.com\/en\/fc-barcelona\/andres-quiroz_17_115.html"}]}},"_links":{"self":[{"href":"https:\/\/www.fcbarcelonanoticias.com\/en\/wp-json\/wp\/v2\/posts\/58058","targetHints":{"allow":["GET"]}}],"collection":[{"href":"https:\/\/www.fcbarcelonanoticias.com\/en\/wp-json\/wp\/v2\/posts"}],"about":[{"href":"https:\/\/www.fcbarcelonanoticias.com\/en\/wp-json\/wp\/v2\/types\/post"}],"author":[{"embeddable":true,"href":"https:\/\/www.fcbarcelonanoticias.com\/en\/wp-json\/wp\/v2\/users\/347"}],"replies":[{"embeddable":true,"href":"https:\/\/www.fcbarcelonanoticias.com\/en\/wp-json\/wp\/v2\/comments?post=58058"}],"version-history":[{"count":3,"href":"https:\/\/www.fcbarcelonanoticias.com\/en\/wp-json\/wp\/v2\/posts\/58058\/revisions"}],"predecessor-version":[{"id":171979,"href":"https:\/\/www.fcbarcelonanoticias.com\/en\/wp-json\/wp\/v2\/posts\/58058\/revisions\/171979"}],"wp:featuredmedia":[{"embeddable":true,"href":"https:\/\/www.fcbarcelonanoticias.com\/en\/wp-json\/wp\/v2\/media\/58063"}],"wp:attachment":[{"href":"https:\/\/www.fcbarcelonanoticias.com\/en\/wp-json\/wp\/v2\/media?parent=58058"}],"wp:term":[{"taxonomy":"category","embeddable":true,"href":"https:\/\/www.fcbarcelonanoticias.com\/en\/wp-json\/wp\/v2\/categories?post=58058"},{"taxonomy":"post_tag","embeddable":true,"href":"https:\/\/www.fcbarcelonanoticias.com\/en\/wp-json\/wp\/v2\/tags?post=58058"}],"curies":[{"name":"wp","href":"https:\/\/api.w.org\/{rel}","templated":true}]}}