{"id":58177,"date":"2025-10-27T00:14:00","date_gmt":"2025-10-26T23:14:00","guid":{"rendered":"https:\/\/weisetech.dev\/fc-barcelona-noticias\/en\/lamine-yamal-couldn-shine-in-his-third-visit-to-bernabeu_315129_102\/"},"modified":"2026-03-27T11:33:41","modified_gmt":"2026-03-27T10:33:41","slug":"lamine-yamal-couldn-shine-in-his-third-visit-to-bernabeu_315129_102","status":"publish","type":"post","link":"https:\/\/www.fcbarcelonanoticias.com\/en\/laliga\/lamine-yamal-couldn-shine-in-his-third-visit-to-bernabeu_315129_102.html","title":{"rendered":"Lamine Yamal couldn&#8217;t shine in his third visit to the Bernab\u00e9u"},"content":{"rendered":"<h2 class=\"wp-block-heading\">Lamine Yamal completed a very discreet match in the Real Madrid-Barcelona (2-1). The player from Matar\u00f3 was unable to make a difference on the right and was a protagonist at the end due to his statements prior to the Cl\u00e1sico<\/h2>  \r\n<div class=\"article-addons\">\r\n    <a href=\"https:\/\/www.fcbarcelonanoticias.com\/en\/calendar-fc-barcelona.html\"\r\n       target=\"_self\"\r\n       title=\"Calendar of FC Barcelona\"\r\n       class=\"blue-gredient-btn\">\r\n       \r\n        Calendar of FC Barcelona    <\/a>\r\n<\/div>   <p><a data-external=\"0\" data-intl-links-en=\"https:\/\/www.fcbarcelonanoticias.com\/en\/laliga\/real-madrid-2-1-fc-barcelona-highlights-laliga-25-26_315128_102.html\" data-intl-links-es=\"https:\/\/www.fcbarcelonanoticias.com\/laliga\/resumen-real-madrid-2-1-fc-barcelona-laliga-25-26_315128_102.html\" href=\"https:\/\/www.fcbarcelonanoticias.com\/en\/laliga\/real-madrid-2-1-fc-barcelona-highlights-laliga-25-26_315128_102.html\" rel=\"follow\" target=\"_self\" title=\"Resumen del Real Madrid 2-1 FC Barcelona - LaLiga 25\/26\">FC Barcelona fell in their visit to Real Madrid (2-1)<\/a> on a day to forget for <strong>Lamine Yamal<\/strong>. In his third visit to the Santiago Bernab\u00e9u stadium, the first with the &#8217;10&#8217; blaugrana on his back, the Matar\u00f3 native was very disconnected on the right, completing just a couple of deflected shots during the 90 minutes.<\/p>  <p>Bar\u00e7a struggled to reach the rival area in the first half, a product of the intense pressure exerted by Real Madrid&#8217;s midfield. <strong>Pedri and Frenkie de Jong found few spaces<\/strong> to give the team a clean exit and, therefore, both <strong>Marcus Rashford<\/strong> and Lamine himself spent long periods without getting into the game.<\/p>  <p>The English side, however, was more involved, taking advantage of the depth provided by <strong>Alejandro Balde<\/strong> on the left. <a data-external=\"0\" data-intl-links-en=\"https:\/\/www.fcbarcelonanoticias.com\/en\/fc-barcelona\/fermin-lopez-goal-against-real-madrid-bernabeu_315118_102.html\" data-intl-links-es=\"https:\/\/www.fcbarcelonanoticias.com\/fc-barcelona\/fermin-lopez-maximo-goleador-barcelona-clasico_315118_102.html\" href=\"https:\/\/www.fcbarcelonanoticias.com\/en\/fc-barcelona\/fermin-lopez-goal-against-real-madrid-bernabeu_315118_102.html\" rel=\"follow\" target=\"_self\" title=\"Ferm\u00edn L\u00f3pez se consolida como m\u00e1ximo goleador del Bar\u00e7a tras marcar en el Cl\u00e1sico\">Ferm\u00edn L\u00f3pez<\/a> also had a significant impact playing behind <strong>Ferran Torres<\/strong>. On the right, however, <strong>Jules Kound\u00e9<\/strong> was very busy dealing with Vinicius Jr., so he connected very little with Yamal on the wing.<\/p>  <h2>Lamine Yamal Couldn&#8217;t Save Bar\u00e7a at the Bernab\u00e9u<\/h2>  <p>After the break, Bar\u00e7a controlled possession more, but continued to have problems arriving with danger in the rival area. Ferm\u00edn had two very clear chances in the second half, but in both instances, he finished poorly, making bad decisions.<\/p>  <p>Lamine Yamal, on the other hand, gradually lost his shine on the right, <strong>well controlled by \u00c1lvaro Carreras and a rotating double mark<\/strong>. At times it was Dean Huijsen who lent a hand to the left back. Arda G\u00fcler himself also dropped back several times to double the surveillance of the &#8217;10&#8217;, as well as Tchouam\u00e9ni and Camavinga.<\/p>  <p>The best from the Matar\u00f3 native came in the 89th minute, with Real Madrid&#8217;s defense already conceding spaces as a result of fatigue. <strong>The winger threaded an exquisite pass to Kound\u00e9<\/strong>, but the Frenchman, one-on-one against Courtois, failed when trying to control the ball to get into position.&nbsp;<\/p>  <h2>The final scuffle had one target: Lamine Yamal<\/h2>  <div class=\"media media-image\" data-ck-asset-wrapper=\"\"> <div class=\"media-item\"> <img loading=\"lazy\" decoding=\"async\" alt=\"Flick's Barcelona loses a first Cl\u00e1sico full of controversy at the Bernab\u00e9u (2-1)\" data-id=\"1528390\" data-resize=\"9\" height=\"563\" src=\"https:\/\/www.fcbarcelonanoticias.com\/wp-content\/uploads\/sites\/2\/2025\/10\/fcbn-267315b6973c5255d36fbf4cf2eb7acc.webp\" title=\"Flick's Barcelona loses a first Cl\u00e1sico full of controversy at the Bernab\u00e9u (2-1)\" width=\"1000\"><div class=\"media-title\">Flick&#8217;s Barcelona loses a first Cl\u00e1sico full of controversy at the Bernab\u00e9u (2-1)<\/div> <\/div> <\/div>  <p>In added time, after Pedri&#8217;s sending off for a second yellow card, a brawl broke out on the benches that spread to the pitch after the end of the match. <a data-external=\"0\" data-intl-links-en=\"https:\/\/www.fcbarcelonanoticias.com\/en\/laliga\/carvajal-vinicius-went-after-lamine-yamal-after-clasico_315122_102.html\" data-intl-links-es=\"https:\/\/www.fcbarcelonanoticias.com\/laliga\/carvajal-vinicius-lamine-yamal-clasico-tangana_315122_102.html\" href=\"https:\/\/www.fcbarcelonanoticias.com\/en\/laliga\/carvajal-vinicius-went-after-lamine-yamal-after-clasico_315122_102.html\" rel=\"follow\" target=\"_self\" title=\"Carvajal y Vinicius pierden los papeles y se encaran con Lamine Yamal\">Dani Carvajal and Vinicius went after Lamine<\/a>, throwing the &#8217;10&#8217;s words before the Cl\u00e1sico in his face. &#8220;They steal and complain,&#8221; the Rocafonda native had said during a Kings League event.<\/p>  <p>Well, this time there was certainly a robbery, considering the number of mistakes by <a data-external=\"0\" data-intl-links-en=\"https:\/\/www.fcbarcelonanoticias.com\/en\/laliga\/all-controversies-of-soto-grado-refereeing-in-clasico_315127_102.html\" data-intl-links-es=\"https:\/\/www.fcbarcelonanoticias.com\/laliga\/asi-fue-show-soto-grado-bernabeu-todas-polemicas-clasico_315127_102.html\" href=\"https:\/\/www.fcbarcelonanoticias.com\/en\/laliga\/all-controversies-of-soto-grado-refereeing-in-clasico_315127_102.html\" rel=\"follow\" target=\"_self\" title=\"As\u00ed fue el show de Soto Grado en el Bernab\u00e9u: Todas las pol\u00e9micas del Cl\u00e1sico\">C\u00e9sar Soto Grado<\/a> at the Bernab\u00e9u. Unfortunately, the winger was unable to score this time in a stadium where he had scored a couple of consecutive goals. One of them, coincidentally, disallowed by the same referee on Sunday.<\/p>  <ul> <li>Follow the complete coverage of the <a data-external=\"0\" data-intl-links-en=\"https:\/\/www.fcbarcelonanoticias.com\/en\/tags\/fc-barcelona-vs-real-madrid\" data-intl-links-es=\"https:\/\/www.fcbarcelonanoticias.com\/tags\/fc-barcelona-vs-real-madrid\" href=\"https:\/\/www.fcbarcelonanoticias.com\/en\/tags\/fc-barcelona-vs-real-madrid.html\" rel=\"follow\" target=\"_self\" title=\"FC Barcelona vs Real Madrid\">Real Madrid vs FC Barcelona Cl\u00e1sico<\/a> on FC Barcelona Noticias<\/li> <\/ul> <h2>Lamine Yamal&#8217;s record against Real Madrid<\/h2>  <ol> <li> <strong>Minutes played<\/strong>: 90<\/li> \t<li> <strong>Goals<\/strong>: 0<\/li> \t<li> <strong>Assists<\/strong>: 0<\/li> \t<li> <strong>Chances created<\/strong>: 1<\/li> \t<li> <strong>Passes completed<\/strong>: 44 of 55 (80%)<\/li> \t<li> <strong>Dribbles<\/strong>: 4<\/li> \t<li> <strong>Duels won<\/strong>: 6 of 12 (50%)<\/li> \t<li> <strong>Balls recovered<\/strong>: 6<\/li> \t<li> <strong>Shots (on target)<\/strong>: 2 (0)<\/li> \t<li> <strong>Fouls received<\/strong>: 1<\/li> <\/ol> ","protected":false},"excerpt":{"rendered":"<p>Lamine Yamal completed a very discreet match in the Real Madrid-Barcelona (2-1). The player from Matar\u00f3 was unable to make a difference on the right and was a protagonist at the end due to his statements prior to the Cl\u00e1sico FC Barcelona fell in their visit to Real Madrid (2-1) on a day to forget [&hellip;]<\/p>\n","protected":false},"author":347,"featured_media":20502,"comment_status":"closed","ping_status":"open","sticky":false,"template":"","format":"standard","meta":{"_acf_changed":false,"inline_featured_image":false,"_nextfly_llmd_date_locked":false,"footnotes":""},"categories":[448,114],"tags":[53,46,465,147],"class_list":["post-58177","post","type-post","status-publish","format-standard","has-post-thumbnail","hentry","category-laliga-2","category-laliga","tag-el-clasico","tag-fc-barcelona-vs-real-madrid","tag-lamine-yamal-2","tag-lamine-yamal"],"acf":[],"yoast_head":"<!-- This site is optimized with the Yoast SEO plugin v27.3 - https:\/\/yoast.com\/product\/yoast-seo-wordpress\/ -->\n<title>Lamine Yamal couldn&#039;t shine in his third visit to the Bernab\u00e9u<\/title>\n<meta name=\"description\" content=\"Lamine Yamal completed a very discreet match in the Real Madrid-Barcelona (2-1). Discover his stats in the Bar\u00e7a defeat at the Bernab\u00e9u\" \/>\n<meta name=\"robots\" content=\"index, follow, max-snippet:-1, max-image-preview:large, max-video-preview:-1\" \/>\n<link rel=\"canonical\" href=\"https:\/\/www.fcbarcelonanoticias.com\/en\/laliga\/lamine-yamal-couldn-shine-in-his-third-visit-to-bernabeu_315129_102.html\" \/>\n<meta property=\"og:locale\" content=\"en_US\" \/>\n<meta property=\"og:type\" content=\"article\" \/>\n<meta property=\"og:title\" content=\"Lamine Yamal couldn&#039;t shine in his third visit to the Bernab\u00e9u\" \/>\n<meta property=\"og:description\" content=\"Lamine Yamal completed a very discreet match in the Real Madrid-Barcelona (2-1). Discover his stats in the Bar\u00e7a defeat at the Bernab\u00e9u\" \/>\n<meta property=\"og:url\" content=\"https:\/\/www.fcbarcelonanoticias.com\/en\/laliga\/lamine-yamal-couldn-shine-in-his-third-visit-to-bernabeu_315129_102.html\" \/>\n<meta property=\"og:site_name\" content=\"EN - FC Barcelona Noticias\" \/>\n<meta property=\"article:published_time\" content=\"2025-10-26T23:14:00+00:00\" \/>\n<meta property=\"article:modified_time\" content=\"2026-03-27T10:33:41+00:00\" \/>\n<meta property=\"og:image\" content=\"https:\/\/www.fcbarcelonanoticias.com\/en\/wp-content\/uploads\/sites\/2\/2025\/10\/lamine-yamal-v-real-madrid-laliga-25-26.webp\" \/>\n\t<meta property=\"og:image:width\" content=\"1200\" \/>\n\t<meta property=\"og:image:height\" content=\"675\" \/>\n\t<meta property=\"og:image:type\" content=\"image\/webp\" \/>\n<meta name=\"author\" content=\"Andr\u00e9s Quiroz\" \/>\n<meta name=\"twitter:card\" content=\"summary_large_image\" \/>\n<meta name=\"twitter:label1\" content=\"Written by\" \/>\n\t<meta name=\"twitter:data1\" content=\"Andr\u00e9s Quiroz\" \/>\n\t<meta name=\"twitter:label2\" content=\"Est. reading time\" \/>\n\t<meta name=\"twitter:data2\" content=\"3 minutes\" \/>\n<script type=\"application\/ld+json\" class=\"yoast-schema-graph\">{\"@context\":\"https:\\\/\\\/schema.org\",\"@graph\":[{\"@type\":\"Article\",\"@id\":\"https:\\\/\\\/www.fcbarcelonanoticias.com\\\/en\\\/laliga\\\/lamine-yamal-couldn-shine-in-his-third-visit-to-bernabeu_315129_102.html#article\",\"isPartOf\":{\"@id\":\"https:\\\/\\\/www.fcbarcelonanoticias.com\\\/en\\\/laliga\\\/lamine-yamal-couldn-shine-in-his-third-visit-to-bernabeu_315129_102.html\"},\"author\":{\"name\":\"Andr\u00e9s Quiroz\",\"@id\":\"https:\\\/\\\/www.fcbarcelonanoticias.com\\\/en\\\/#\\\/schema\\\/person\\\/c2cd9f6fa1af5c0d0eccd0fefa575c88\"},\"headline\":\"Lamine Yamal couldn&#8217;t shine in his third visit to the Bernab\u00e9u\",\"datePublished\":\"2025-10-26T23:14:00+00:00\",\"dateModified\":\"2026-03-27T10:33:41+00:00\",\"mainEntityOfPage\":{\"@id\":\"https:\\\/\\\/www.fcbarcelonanoticias.com\\\/en\\\/laliga\\\/lamine-yamal-couldn-shine-in-his-third-visit-to-bernabeu_315129_102.html\"},\"wordCount\":565,\"image\":{\"@id\":\"https:\\\/\\\/www.fcbarcelonanoticias.com\\\/en\\\/laliga\\\/lamine-yamal-couldn-shine-in-his-third-visit-to-bernabeu_315129_102.html#primaryimage\"},\"thumbnailUrl\":\"https:\\\/\\\/www.fcbarcelonanoticias.com\\\/en\\\/wp-content\\\/uploads\\\/sites\\\/2\\\/2025\\\/10\\\/lamine-yamal-v-real-madrid-laliga-25-26.webp\",\"keywords\":[\"El Cl\u00e1sico\",\"FC Barcelona vs Real Madrid\",\"Lamine Yamal\",\"Lamine Yamal\"],\"articleSection\":[\"LaLiga\",\"LaLiga\"],\"inLanguage\":\"en-US\"},{\"@type\":\"WebPage\",\"@id\":\"https:\\\/\\\/www.fcbarcelonanoticias.com\\\/en\\\/laliga\\\/lamine-yamal-couldn-shine-in-his-third-visit-to-bernabeu_315129_102.html\",\"url\":\"https:\\\/\\\/www.fcbarcelonanoticias.com\\\/en\\\/laliga\\\/lamine-yamal-couldn-shine-in-his-third-visit-to-bernabeu_315129_102.html\",\"name\":\"Lamine Yamal couldn't shine in his third visit to the Bernab\u00e9u\",\"isPartOf\":{\"@id\":\"https:\\\/\\\/www.fcbarcelonanoticias.com\\\/en\\\/#website\"},\"primaryImageOfPage\":{\"@id\":\"https:\\\/\\\/www.fcbarcelonanoticias.com\\\/en\\\/laliga\\\/lamine-yamal-couldn-shine-in-his-third-visit-to-bernabeu_315129_102.html#primaryimage\"},\"image\":{\"@id\":\"https:\\\/\\\/www.fcbarcelonanoticias.com\\\/en\\\/laliga\\\/lamine-yamal-couldn-shine-in-his-third-visit-to-bernabeu_315129_102.html#primaryimage\"},\"thumbnailUrl\":\"https:\\\/\\\/www.fcbarcelonanoticias.com\\\/en\\\/wp-content\\\/uploads\\\/sites\\\/2\\\/2025\\\/10\\\/lamine-yamal-v-real-madrid-laliga-25-26.webp\",\"datePublished\":\"2025-10-26T23:14:00+00:00\",\"dateModified\":\"2026-03-27T10:33:41+00:00\",\"author\":{\"@id\":\"https:\\\/\\\/www.fcbarcelonanoticias.com\\\/en\\\/#\\\/schema\\\/person\\\/c2cd9f6fa1af5c0d0eccd0fefa575c88\"},\"description\":\"Lamine Yamal completed a very discreet match in the Real Madrid-Barcelona (2-1). Discover his stats in the Bar\u00e7a defeat at the Bernab\u00e9u\",\"breadcrumb\":{\"@id\":\"https:\\\/\\\/www.fcbarcelonanoticias.com\\\/en\\\/laliga\\\/lamine-yamal-couldn-shine-in-his-third-visit-to-bernabeu_315129_102.html#breadcrumb\"},\"inLanguage\":\"en-US\",\"potentialAction\":[{\"@type\":\"ReadAction\",\"target\":[\"https:\\\/\\\/www.fcbarcelonanoticias.com\\\/en\\\/laliga\\\/lamine-yamal-couldn-shine-in-his-third-visit-to-bernabeu_315129_102.html\"]}]},{\"@type\":\"ImageObject\",\"inLanguage\":\"en-US\",\"@id\":\"https:\\\/\\\/www.fcbarcelonanoticias.com\\\/en\\\/laliga\\\/lamine-yamal-couldn-shine-in-his-third-visit-to-bernabeu_315129_102.html#primaryimage\",\"url\":\"https:\\\/\\\/www.fcbarcelonanoticias.com\\\/en\\\/wp-content\\\/uploads\\\/sites\\\/2\\\/2025\\\/10\\\/lamine-yamal-v-real-madrid-laliga-25-26.webp\",\"contentUrl\":\"https:\\\/\\\/www.fcbarcelonanoticias.com\\\/en\\\/wp-content\\\/uploads\\\/sites\\\/2\\\/2025\\\/10\\\/lamine-yamal-v-real-madrid-laliga-25-26.webp\",\"width\":1200,\"height\":675},{\"@type\":\"BreadcrumbList\",\"@id\":\"https:\\\/\\\/www.fcbarcelonanoticias.com\\\/en\\\/laliga\\\/lamine-yamal-couldn-shine-in-his-third-visit-to-bernabeu_315129_102.html#breadcrumb\",\"itemListElement\":[{\"@type\":\"ListItem\",\"position\":1,\"name\":\"Portada\",\"item\":\"https:\\\/\\\/www.fcbarcelonanoticias.com\\\/en\\\/\"},{\"@type\":\"ListItem\",\"position\":2,\"name\":\"Lamine Yamal couldn&#8217;t shine in his third visit to the Bernab\u00e9u\"}]},{\"@type\":\"WebSite\",\"@id\":\"https:\\\/\\\/www.fcbarcelonanoticias.com\\\/en\\\/#website\",\"url\":\"https:\\\/\\\/www.fcbarcelonanoticias.com\\\/en\\\/\",\"name\":\"EN - FC Barcelona Noticias\",\"description\":\"\",\"potentialAction\":[{\"@type\":\"SearchAction\",\"target\":{\"@type\":\"EntryPoint\",\"urlTemplate\":\"https:\\\/\\\/www.fcbarcelonanoticias.com\\\/en\\\/?s={search_term_string}\"},\"query-input\":{\"@type\":\"PropertyValueSpecification\",\"valueRequired\":true,\"valueName\":\"search_term_string\"}}],\"inLanguage\":\"en-US\"},{\"@type\":\"Person\",\"@id\":\"https:\\\/\\\/www.fcbarcelonanoticias.com\\\/en\\\/#\\\/schema\\\/person\\\/c2cd9f6fa1af5c0d0eccd0fefa575c88\",\"name\":\"Andr\u00e9s Quiroz\",\"image\":{\"@type\":\"ImageObject\",\"inLanguage\":\"en-US\",\"@id\":\"https:\\\/\\\/secure.gravatar.com\\\/avatar\\\/?s=96&d=mm&r=g\",\"url\":\"https:\\\/\\\/secure.gravatar.com\\\/avatar\\\/?s=96&d=mm&r=g\",\"contentUrl\":\"https:\\\/\\\/secure.gravatar.com\\\/avatar\\\/?s=96&d=mm&r=g\",\"caption\":\"Andr\u00e9s Quiroz\"},\"description\":\"Licenciado en Periodismo por la Universidad de los Andes. Me encargo de analizar y compartir los contenidos m\u00e1s destacados de la\u00a0actualidad del F\u00fatbol Club Barcelona, Mercado de Fichajes y F\u00fatbol Internacional en FCBN. La informaci\u00f3n es poder, pero tambi\u00e9n conocimiento.\",\"url\":\"https:\\\/\\\/www.fcbarcelonanoticias.com\\\/en\\\/fc-barcelona\\\/andres-quiroz_17_115.html\"}]}<\/script>\n<!-- \/ Yoast SEO plugin. -->","yoast_head_json":{"title":"Lamine Yamal couldn't shine in his third visit to the Bernab\u00e9u","description":"Lamine Yamal completed a very discreet match in the Real Madrid-Barcelona (2-1). Discover his stats in the Bar\u00e7a defeat at the Bernab\u00e9u","robots":{"index":"index","follow":"follow","max-snippet":"max-snippet:-1","max-image-preview":"max-image-preview:large","max-video-preview":"max-video-preview:-1"},"canonical":"https:\/\/www.fcbarcelonanoticias.com\/en\/laliga\/lamine-yamal-couldn-shine-in-his-third-visit-to-bernabeu_315129_102.html","og_locale":"en_US","og_type":"article","og_title":"Lamine Yamal couldn't shine in his third visit to the Bernab\u00e9u","og_description":"Lamine Yamal completed a very discreet match in the Real Madrid-Barcelona (2-1). Discover his stats in the Bar\u00e7a defeat at the Bernab\u00e9u","og_url":"https:\/\/www.fcbarcelonanoticias.com\/en\/laliga\/lamine-yamal-couldn-shine-in-his-third-visit-to-bernabeu_315129_102.html","og_site_name":"EN - FC Barcelona Noticias","article_published_time":"2025-10-26T23:14:00+00:00","article_modified_time":"2026-03-27T10:33:41+00:00","og_image":[{"width":1200,"height":675,"url":"https:\/\/www.fcbarcelonanoticias.com\/en\/wp-content\/uploads\/sites\/2\/2025\/10\/lamine-yamal-v-real-madrid-laliga-25-26.webp","type":"image\/webp"}],"author":"Andr\u00e9s Quiroz","twitter_card":"summary_large_image","twitter_misc":{"Written by":"Andr\u00e9s Quiroz","Est. reading time":"3 minutes"},"schema":{"@context":"https:\/\/schema.org","@graph":[{"@type":"Article","@id":"https:\/\/www.fcbarcelonanoticias.com\/en\/laliga\/lamine-yamal-couldn-shine-in-his-third-visit-to-bernabeu_315129_102.html#article","isPartOf":{"@id":"https:\/\/www.fcbarcelonanoticias.com\/en\/laliga\/lamine-yamal-couldn-shine-in-his-third-visit-to-bernabeu_315129_102.html"},"author":{"name":"Andr\u00e9s Quiroz","@id":"https:\/\/www.fcbarcelonanoticias.com\/en\/#\/schema\/person\/c2cd9f6fa1af5c0d0eccd0fefa575c88"},"headline":"Lamine Yamal couldn&#8217;t shine in his third visit to the Bernab\u00e9u","datePublished":"2025-10-26T23:14:00+00:00","dateModified":"2026-03-27T10:33:41+00:00","mainEntityOfPage":{"@id":"https:\/\/www.fcbarcelonanoticias.com\/en\/laliga\/lamine-yamal-couldn-shine-in-his-third-visit-to-bernabeu_315129_102.html"},"wordCount":565,"image":{"@id":"https:\/\/www.fcbarcelonanoticias.com\/en\/laliga\/lamine-yamal-couldn-shine-in-his-third-visit-to-bernabeu_315129_102.html#primaryimage"},"thumbnailUrl":"https:\/\/www.fcbarcelonanoticias.com\/en\/wp-content\/uploads\/sites\/2\/2025\/10\/lamine-yamal-v-real-madrid-laliga-25-26.webp","keywords":["El Cl\u00e1sico","FC Barcelona vs Real Madrid","Lamine Yamal","Lamine Yamal"],"articleSection":["LaLiga","LaLiga"],"inLanguage":"en-US"},{"@type":"WebPage","@id":"https:\/\/www.fcbarcelonanoticias.com\/en\/laliga\/lamine-yamal-couldn-shine-in-his-third-visit-to-bernabeu_315129_102.html","url":"https:\/\/www.fcbarcelonanoticias.com\/en\/laliga\/lamine-yamal-couldn-shine-in-his-third-visit-to-bernabeu_315129_102.html","name":"Lamine Yamal couldn't shine in his third visit to the Bernab\u00e9u","isPartOf":{"@id":"https:\/\/www.fcbarcelonanoticias.com\/en\/#website"},"primaryImageOfPage":{"@id":"https:\/\/www.fcbarcelonanoticias.com\/en\/laliga\/lamine-yamal-couldn-shine-in-his-third-visit-to-bernabeu_315129_102.html#primaryimage"},"image":{"@id":"https:\/\/www.fcbarcelonanoticias.com\/en\/laliga\/lamine-yamal-couldn-shine-in-his-third-visit-to-bernabeu_315129_102.html#primaryimage"},"thumbnailUrl":"https:\/\/www.fcbarcelonanoticias.com\/en\/wp-content\/uploads\/sites\/2\/2025\/10\/lamine-yamal-v-real-madrid-laliga-25-26.webp","datePublished":"2025-10-26T23:14:00+00:00","dateModified":"2026-03-27T10:33:41+00:00","author":{"@id":"https:\/\/www.fcbarcelonanoticias.com\/en\/#\/schema\/person\/c2cd9f6fa1af5c0d0eccd0fefa575c88"},"description":"Lamine Yamal completed a very discreet match in the Real Madrid-Barcelona (2-1). Discover his stats in the Bar\u00e7a defeat at the Bernab\u00e9u","breadcrumb":{"@id":"https:\/\/www.fcbarcelonanoticias.com\/en\/laliga\/lamine-yamal-couldn-shine-in-his-third-visit-to-bernabeu_315129_102.html#breadcrumb"},"inLanguage":"en-US","potentialAction":[{"@type":"ReadAction","target":["https:\/\/www.fcbarcelonanoticias.com\/en\/laliga\/lamine-yamal-couldn-shine-in-his-third-visit-to-bernabeu_315129_102.html"]}]},{"@type":"ImageObject","inLanguage":"en-US","@id":"https:\/\/www.fcbarcelonanoticias.com\/en\/laliga\/lamine-yamal-couldn-shine-in-his-third-visit-to-bernabeu_315129_102.html#primaryimage","url":"https:\/\/www.fcbarcelonanoticias.com\/en\/wp-content\/uploads\/sites\/2\/2025\/10\/lamine-yamal-v-real-madrid-laliga-25-26.webp","contentUrl":"https:\/\/www.fcbarcelonanoticias.com\/en\/wp-content\/uploads\/sites\/2\/2025\/10\/lamine-yamal-v-real-madrid-laliga-25-26.webp","width":1200,"height":675},{"@type":"BreadcrumbList","@id":"https:\/\/www.fcbarcelonanoticias.com\/en\/laliga\/lamine-yamal-couldn-shine-in-his-third-visit-to-bernabeu_315129_102.html#breadcrumb","itemListElement":[{"@type":"ListItem","position":1,"name":"Portada","item":"https:\/\/www.fcbarcelonanoticias.com\/en\/"},{"@type":"ListItem","position":2,"name":"Lamine Yamal couldn&#8217;t shine in his third visit to the Bernab\u00e9u"}]},{"@type":"WebSite","@id":"https:\/\/www.fcbarcelonanoticias.com\/en\/#website","url":"https:\/\/www.fcbarcelonanoticias.com\/en\/","name":"EN - FC Barcelona Noticias","description":"","potentialAction":[{"@type":"SearchAction","target":{"@type":"EntryPoint","urlTemplate":"https:\/\/www.fcbarcelonanoticias.com\/en\/?s={search_term_string}"},"query-input":{"@type":"PropertyValueSpecification","valueRequired":true,"valueName":"search_term_string"}}],"inLanguage":"en-US"},{"@type":"Person","@id":"https:\/\/www.fcbarcelonanoticias.com\/en\/#\/schema\/person\/c2cd9f6fa1af5c0d0eccd0fefa575c88","name":"Andr\u00e9s Quiroz","image":{"@type":"ImageObject","inLanguage":"en-US","@id":"https:\/\/secure.gravatar.com\/avatar\/?s=96&d=mm&r=g","url":"https:\/\/secure.gravatar.com\/avatar\/?s=96&d=mm&r=g","contentUrl":"https:\/\/secure.gravatar.com\/avatar\/?s=96&d=mm&r=g","caption":"Andr\u00e9s Quiroz"},"description":"Licenciado en Periodismo por la Universidad de los Andes. Me encargo de analizar y compartir los contenidos m\u00e1s destacados de la\u00a0actualidad del F\u00fatbol Club Barcelona, Mercado de Fichajes y F\u00fatbol Internacional en FCBN. La informaci\u00f3n es poder, pero tambi\u00e9n conocimiento.","url":"https:\/\/www.fcbarcelonanoticias.com\/en\/fc-barcelona\/andres-quiroz_17_115.html"}]}},"_links":{"self":[{"href":"https:\/\/www.fcbarcelonanoticias.com\/en\/wp-json\/wp\/v2\/posts\/58177","targetHints":{"allow":["GET"]}}],"collection":[{"href":"https:\/\/www.fcbarcelonanoticias.com\/en\/wp-json\/wp\/v2\/posts"}],"about":[{"href":"https:\/\/www.fcbarcelonanoticias.com\/en\/wp-json\/wp\/v2\/types\/post"}],"author":[{"embeddable":true,"href":"https:\/\/www.fcbarcelonanoticias.com\/en\/wp-json\/wp\/v2\/users\/347"}],"replies":[{"embeddable":true,"href":"https:\/\/www.fcbarcelonanoticias.com\/en\/wp-json\/wp\/v2\/comments?post=58177"}],"version-history":[{"count":2,"href":"https:\/\/www.fcbarcelonanoticias.com\/en\/wp-json\/wp\/v2\/posts\/58177\/revisions"}],"predecessor-version":[{"id":159356,"href":"https:\/\/www.fcbarcelonanoticias.com\/en\/wp-json\/wp\/v2\/posts\/58177\/revisions\/159356"}],"wp:featuredmedia":[{"embeddable":true,"href":"https:\/\/www.fcbarcelonanoticias.com\/en\/wp-json\/wp\/v2\/media\/20502"}],"wp:attachment":[{"href":"https:\/\/www.fcbarcelonanoticias.com\/en\/wp-json\/wp\/v2\/media?parent=58177"}],"wp:term":[{"taxonomy":"category","embeddable":true,"href":"https:\/\/www.fcbarcelonanoticias.com\/en\/wp-json\/wp\/v2\/categories?post=58177"},{"taxonomy":"post_tag","embeddable":true,"href":"https:\/\/www.fcbarcelonanoticias.com\/en\/wp-json\/wp\/v2\/tags?post=58177"}],"curies":[{"name":"wp","href":"https:\/\/api.w.org\/{rel}","templated":true}]}}