{"id":58401,"date":"2025-10-18T16:03:00","date_gmt":"2025-10-18T14:03:00","guid":{"rendered":"https:\/\/weisetech.dev\/fc-barcelona-noticias\/en\/lamine-yamal-returns-to-barcelona-as-starter-against-girona_315049_102\/"},"modified":"2026-03-27T11:33:46","modified_gmt":"2026-03-27T10:33:46","slug":"lamine-yamal-returns-to-barcelona-as-starter-against-girona_315049_102","status":"publish","type":"post","link":"https:\/\/www.fcbarcelonanoticias.com\/en\/laliga\/lamine-yamal-returns-to-barcelona-as-starter-against-girona_315049_102.html","title":{"rendered":"Lamine Yamal reappears as a starter! The &#8217;10&#8217; completes an unprecedented trident against Girona"},"content":{"rendered":"<h2 class=\"wp-block-heading\">Hansi Flick bets on Lamine Yamal from the start for the Bar\u00e7a-Girona match. The &#8217;10&#8217; was out against Sevilla, but rested during the break and will join Rashford and Toni Fern\u00e1ndez in an unprecedented trident<\/h2>  \r\n<div class=\"article-addons\">\r\n    <a href=\"https:\/\/www.fcbarcelonanoticias.com\/en\/calendar-fc-barcelona.html\"\r\n       target=\"_self\"\r\n       title=\"Calendar of FC Barcelona\"\r\n       class=\"blue-gredient-btn\">\r\n       \r\n        Calendar of FC Barcelona    <\/a>\r\n<\/div>   <p><strong>FC Barcelona<\/strong> has recovered <strong>Lamine Yamal<\/strong> in matchday 9 of <a data-external=\"0\" data-intl-links-en=\"https:\/\/www.fcbarcelonanoticias.com\/en\/laliga\" data-intl-links-es=\"https:\/\/www.fcbarcelonanoticias.com\/laliga\" href=\"https:\/\/www.fcbarcelonanoticias.com\/en\/football-soccer\/laliga.html\" rel=\"follow\" target=\"_self\" title=\"LaLiga\">LaLiga EA Sports<\/a>. The player from Matar\u00f3 was out against Sevilla after his discomfort in the pubis reappeared, but he has recovered to 100% during the break and <strong>Hansi Flick<\/strong>, given the multiple absences due to injury (7), has not hesitated to return him to the starting XI.<\/p>  <p>Lamine played 32 minutes in matchday 7 <a data-external=\"0\" data-intl-links-en=\"https:\/\/www.fcbarcelonanoticias.com\/en\/laliga\/lamine-yamal-enters-assists-and-lewandowski-scores_314866_102.html\" data-intl-links-es=\"https:\/\/www.fcbarcelonanoticias.com\/laliga\/lamine-yamal-entra-asiste-gol-lewandowski_314866_102.html\" href=\"https:\/\/www.fcbarcelonanoticias.com\/en\/laliga\/lamine-yamal-enters-assists-and-lewandowski-scores_314866_102.html\" rel=\"follow\" target=\"_self\" title=\"Lamine Yamal entra, asiste \u00a1y Robert Lewandowski golea!\">against Real Sociedad<\/a>, providing an assist that was worth 3 points against the team from San Sebasti\u00e1n. In total, he has 2 goals and 4 assists in 4 appearances in the League, having missed the matches against Valencia, Getafe, Oviedo, and Sevilla due to pubalgia.<\/p>  <h2>Flick Bets on an Unprecedented Offensive Trident Against Girona<\/h2>  <p>However, the coaching staff understands that, after training normally throughout the week, the &#8217;10&#8217; is ready to play from the start, at least for 45 minutes against Girona. <a data-external=\"0\" data-intl-links-en=\"https:\/\/www.fcbarcelonanoticias.com\/en\/laliga\/f-barcelona-vs-girona-confirmed-lineups-laliga-25-26_315048_102.html\" data-intl-links-es=\"https:\/\/www.fcbarcelonanoticias.com\/laliga\/fc-barcelona-vs-girona-alineaciones-confirmadas-laliga-25-26_315048_102.html\" href=\"https:\/\/www.fcbarcelonanoticias.com\/en\/laliga\/f-barcelona-vs-girona-confirmed-lineups-laliga-25-26_315048_102.html\" rel=\"follow\" target=\"_self\" title=\"FC Barcelona vs Girona: Alineaciones confirmadas - LaLiga 25\/26\">Flick made 5 changes to his lineup compared to matchday 8<\/a>, with the inclusion of Yamal and the debut of <strong>Toni Fern\u00e1ndez<\/strong> being the main novelties.<\/p>  <p>Lamine will occupy, as always, the right side of the Bar\u00e7a attack, while <strong>Toni will be the team&#8217;s &#8216;9&#8217;<\/strong>. The 17-year-old forward has 1 goal and 1 assist in 3 games with the reserve team this season and already made his debut with the first team in the last edition of the Copa del Rey, although Saturday will be his debut in the League.<\/p>  <p><a data-external=\"0\" data-intl-links-en=\"https:\/\/www.fcbarcelonanoticias.com\/en\/fc-barcelona\/toni-fernandez-makes-history-at-barca-with-record-against-barbastro_309827_102.html\" data-intl-links-es=\"https:\/\/www.fcbarcelonanoticias.com\/fc-barcelona\/toni-fernandez-hace-historia-en-barca-con-record-barbastro_309827_102.html\" href=\"https:\/\/www.fcbarcelonanoticias.com\/en\/fc-barcelona\/toni-fernandez-makes-history-at-barca-with-record-against-barbastro_309827_102.html\" rel=\"follow\" target=\"_self\" title=\"Toni Fern\u00e1ndez hace historia en el Bar\u00e7a con un r\u00e9cord ante el Barbastro\">The player from Rub\u00ed played 9 minutes in the rout against Barbastro (0-4)<\/a> and was already in all the previous League and Champions League squads so far in the 25\/26 season. On the left, again, will appear <strong>Marcus Rashford<\/strong>, looking to extend his excellent offensive streak.<\/p>  <p><a data-external=\"0\" data-intl-links-en=\"https:\/\/www.fcbarcelonanoticias.com\/en\/laliga\/1st-goal-in-laliga-rashford-revitalized-barcelona-against-sevilla_314946_102.html\" data-intl-links-es=\"https:\/\/www.fcbarcelonanoticias.com\/laliga\/primer-gol-laliga-rashford-desconto-barcelona-sevilla_314946_102.html\" href=\"https:\/\/www.fcbarcelonanoticias.com\/en\/laliga\/1st-goal-in-laliga-rashford-revitalized-barcelona-against-sevilla_314946_102.html\" rel=\"follow\" target=\"_self\" title=\"\u00a1Primer gol de Rashford en LaLiga! N\u00famerazos del 14 del Bar\u00e7a\">The Englishman has 3 goals and 5 assists<\/a> in the last 7 Bar\u00e7a matches, being the forward with the most goal involvements in the team. Against Sevilla he scored the only &#8216;cul\u00e9&#8217; goal, while in the previous four matchdays he provided one assist per match.<\/p>  <h2>Lamine Yamal returns to the starting lineup in La Liga 6 matchdays later<\/h2>  <div class=\"media media-image\" data-ck-asset-wrapper=\"\"> <div class=\"media-item\"> <img loading=\"lazy\" decoding=\"async\" alt=\"Lamine Yamal during the Rayo-Bar\u00e7a (1-1)\" data-id=\"1522252\" data-resize=\"9\" height=\"563\" src=\"https:\/\/www.fcbarcelonanoticias.com\/wp-content\/uploads\/sites\/2\/2025\/09\/fcbn-ce7907c412b62a788a23564cf42ba1d1.webp\" title=\"Lamine Yamal during the Rayo-Bar\u00e7a (1-1)\" width=\"1000\"><div class=\"media-title\">Lamine Yamal during the Rayo-Bar\u00e7a (1-1)<\/div> <\/div> <\/div>  <p>In the case of Lamine Yamal, the &#8217;10&#8217; returns to the Barcelona XI for the first time since matchday 3. That day, against Rayo (1-1), he <a data-external=\"0\" data-intl-links-en=\"https:\/\/www.fcbarcelonanoticias.com\/en\/laliga\/lamine-yamal-record-youngest-penalty-scorer-in-laliga-in-the-21st-century_314549_102.html\" data-intl-links-es=\"https:\/\/www.fcbarcelonanoticias.com\/laliga\/lamine-yamal-record-penalti-laliga_314549_102.html\" href=\"https:\/\/www.fcbarcelonanoticias.com\/en\/laliga\/lamine-yamal-record-youngest-penalty-scorer-in-laliga-in-the-21st-century_314549_102.html\" rel=\"follow\" target=\"_self\" title=\"Lamine: the youngest to score a penalty in LaLiga in the 21st century\">scored his first official penalty<\/a> with the Bar\u00e7a team. After the October break, he suffered an injury due to discomfort in the pubis, which made him miss 4 of the last 5 league matchdays.<\/p>  <p><strong>In 24\/25, the right winger only missed 5 games with Bar\u00e7a due to physical problems <\/strong>in the first part of the season. In the current season, the player from Matar\u00f3 has already equaled this number of absences, and Hansi Flick does not want to take any more risks with his physical condition. Therefore, it is likely that he will not play more than 60 minutes against Girona.<\/p>  <ul> <li>\ud83d\udccc Follow <strong><a data-external=\"0\" data-intl-links-en=\"https:\/\/www.fcbarcelonanoticias.com\/en\/tags\/barcelona-vs-girona\" data-intl-links-es=\"https:\/\/www.fcbarcelonanoticias.com\/tags\/fc-barcelona-vs-girona\" href=\"https:\/\/www.fcbarcelonanoticias.com\/en\/tags\/barcelona-vs-girona.html\" rel=\"follow\" target=\"_self\" title=\"FC Barcelona vs Girona\">the Bar\u00e7a vs Girona match live<\/a><\/strong> on FC Barcelona Noticias and find out everything, don&#8217;t miss anything!<\/li> <\/ul> ","protected":false},"excerpt":{"rendered":"<p>Hansi Flick bets on Lamine Yamal from the start for the Bar\u00e7a-Girona match. The &#8217;10&#8217; was out against Sevilla, but rested during the break and will join Rashford and Toni Fern\u00e1ndez in an unprecedented trident FC Barcelona has recovered Lamine Yamal in matchday 9 of LaLiga EA Sports. The player from Matar\u00f3 was out against [&hellip;]<\/p>\n","protected":false},"author":347,"featured_media":58405,"comment_status":"closed","ping_status":"open","sticky":false,"template":"","format":"standard","meta":{"_acf_changed":false,"inline_featured_image":false,"_nextfly_llmd_date_locked":false,"footnotes":""},"categories":[448,114],"tags":[57,87,147,465],"class_list":["post-58401","post","type-post","status-publish","format-standard","has-post-thumbnail","hentry","category-laliga-2","category-laliga","tag-barcelona-vs-girona","tag-hansi-flick","tag-lamine-yamal","tag-lamine-yamal-2"],"acf":[],"yoast_head":"<!-- This site is optimized with the Yoast SEO plugin v27.3 - https:\/\/yoast.com\/product\/yoast-seo-wordpress\/ -->\n<title>Lamine Yamal returns to Bar\u00e7a as a starter against Girona!<\/title>\n<meta name=\"description\" content=\"Hansi Flick bets on Lamine Yamal from the start for Bar\u00e7a-Girona. The &#039;10&#039; was out against Sevilla, but has recovered from the pubalgia\" \/>\n<meta name=\"robots\" content=\"index, follow, max-snippet:-1, max-image-preview:large, max-video-preview:-1\" \/>\n<link rel=\"canonical\" href=\"https:\/\/www.fcbarcelonanoticias.com\/en\/laliga\/lamine-yamal-returns-to-barcelona-as-starter-against-girona_315049_102.html\" \/>\n<meta property=\"og:locale\" content=\"en_US\" \/>\n<meta property=\"og:type\" content=\"article\" \/>\n<meta property=\"og:title\" content=\"Lamine Yamal returns to Bar\u00e7a as a starter against Girona!\" \/>\n<meta property=\"og:description\" content=\"Hansi Flick bets on Lamine Yamal from the start for Bar\u00e7a-Girona. The &#039;10&#039; was out against Sevilla, but has recovered from the pubalgia\" \/>\n<meta property=\"og:url\" content=\"https:\/\/www.fcbarcelonanoticias.com\/en\/laliga\/lamine-yamal-returns-to-barcelona-as-starter-against-girona_315049_102.html\" \/>\n<meta property=\"og:site_name\" content=\"EN - FC Barcelona Noticias\" \/>\n<meta property=\"article:published_time\" content=\"2025-10-18T14:03:00+00:00\" \/>\n<meta property=\"article:modified_time\" content=\"2026-03-27T10:33:46+00:00\" \/>\n<meta property=\"og:image\" content=\"https:\/\/www.fcbarcelonanoticias.com\/en\/wp-content\/uploads\/sites\/2\/2025\/10\/lamine-yamal-v-psg-champions-25-26-1.webp\" \/>\n\t<meta property=\"og:image:width\" content=\"1200\" \/>\n\t<meta property=\"og:image:height\" content=\"675\" \/>\n\t<meta property=\"og:image:type\" content=\"image\/webp\" \/>\n<meta name=\"author\" content=\"Andr\u00e9s Quiroz\" \/>\n<meta name=\"twitter:card\" content=\"summary_large_image\" \/>\n<meta name=\"twitter:label1\" content=\"Written by\" \/>\n\t<meta name=\"twitter:data1\" content=\"Andr\u00e9s Quiroz\" \/>\n\t<meta name=\"twitter:label2\" content=\"Est. reading time\" \/>\n\t<meta name=\"twitter:data2\" content=\"3 minutes\" \/>\n<script type=\"application\/ld+json\" class=\"yoast-schema-graph\">{\"@context\":\"https:\\\/\\\/schema.org\",\"@graph\":[{\"@type\":\"Article\",\"@id\":\"https:\\\/\\\/www.fcbarcelonanoticias.com\\\/en\\\/laliga\\\/lamine-yamal-returns-to-barcelona-as-starter-against-girona_315049_102.html#article\",\"isPartOf\":{\"@id\":\"https:\\\/\\\/www.fcbarcelonanoticias.com\\\/en\\\/laliga\\\/lamine-yamal-returns-to-barcelona-as-starter-against-girona_315049_102.html\"},\"author\":{\"name\":\"Andr\u00e9s Quiroz\",\"@id\":\"https:\\\/\\\/www.fcbarcelonanoticias.com\\\/en\\\/#\\\/schema\\\/person\\\/c2cd9f6fa1af5c0d0eccd0fefa575c88\"},\"headline\":\"Lamine Yamal reappears as a starter! The &#8217;10&#8217; completes an unprecedented trident against Girona\",\"datePublished\":\"2025-10-18T14:03:00+00:00\",\"dateModified\":\"2026-03-27T10:33:46+00:00\",\"mainEntityOfPage\":{\"@id\":\"https:\\\/\\\/www.fcbarcelonanoticias.com\\\/en\\\/laliga\\\/lamine-yamal-returns-to-barcelona-as-starter-against-girona_315049_102.html\"},\"wordCount\":521,\"image\":{\"@id\":\"https:\\\/\\\/www.fcbarcelonanoticias.com\\\/en\\\/laliga\\\/lamine-yamal-returns-to-barcelona-as-starter-against-girona_315049_102.html#primaryimage\"},\"thumbnailUrl\":\"https:\\\/\\\/www.fcbarcelonanoticias.com\\\/en\\\/wp-content\\\/uploads\\\/sites\\\/2\\\/2025\\\/10\\\/lamine-yamal-v-psg-champions-25-26-1.webp\",\"keywords\":[\"FC Barcelona vs Girona\",\"Hansi Flick\",\"Lamine Yamal\",\"Lamine Yamal\"],\"articleSection\":[\"LaLiga\",\"LaLiga\"],\"inLanguage\":\"en-US\"},{\"@type\":\"WebPage\",\"@id\":\"https:\\\/\\\/www.fcbarcelonanoticias.com\\\/en\\\/laliga\\\/lamine-yamal-returns-to-barcelona-as-starter-against-girona_315049_102.html\",\"url\":\"https:\\\/\\\/www.fcbarcelonanoticias.com\\\/en\\\/laliga\\\/lamine-yamal-returns-to-barcelona-as-starter-against-girona_315049_102.html\",\"name\":\"Lamine Yamal returns to Bar\u00e7a as a starter against Girona!\",\"isPartOf\":{\"@id\":\"https:\\\/\\\/www.fcbarcelonanoticias.com\\\/en\\\/#website\"},\"primaryImageOfPage\":{\"@id\":\"https:\\\/\\\/www.fcbarcelonanoticias.com\\\/en\\\/laliga\\\/lamine-yamal-returns-to-barcelona-as-starter-against-girona_315049_102.html#primaryimage\"},\"image\":{\"@id\":\"https:\\\/\\\/www.fcbarcelonanoticias.com\\\/en\\\/laliga\\\/lamine-yamal-returns-to-barcelona-as-starter-against-girona_315049_102.html#primaryimage\"},\"thumbnailUrl\":\"https:\\\/\\\/www.fcbarcelonanoticias.com\\\/en\\\/wp-content\\\/uploads\\\/sites\\\/2\\\/2025\\\/10\\\/lamine-yamal-v-psg-champions-25-26-1.webp\",\"datePublished\":\"2025-10-18T14:03:00+00:00\",\"dateModified\":\"2026-03-27T10:33:46+00:00\",\"author\":{\"@id\":\"https:\\\/\\\/www.fcbarcelonanoticias.com\\\/en\\\/#\\\/schema\\\/person\\\/c2cd9f6fa1af5c0d0eccd0fefa575c88\"},\"description\":\"Hansi Flick bets on Lamine Yamal from the start for Bar\u00e7a-Girona. The '10' was out against Sevilla, but has recovered from the pubalgia\",\"breadcrumb\":{\"@id\":\"https:\\\/\\\/www.fcbarcelonanoticias.com\\\/en\\\/laliga\\\/lamine-yamal-returns-to-barcelona-as-starter-against-girona_315049_102.html#breadcrumb\"},\"inLanguage\":\"en-US\",\"potentialAction\":[{\"@type\":\"ReadAction\",\"target\":[\"https:\\\/\\\/www.fcbarcelonanoticias.com\\\/en\\\/laliga\\\/lamine-yamal-returns-to-barcelona-as-starter-against-girona_315049_102.html\"]}]},{\"@type\":\"ImageObject\",\"inLanguage\":\"en-US\",\"@id\":\"https:\\\/\\\/www.fcbarcelonanoticias.com\\\/en\\\/laliga\\\/lamine-yamal-returns-to-barcelona-as-starter-against-girona_315049_102.html#primaryimage\",\"url\":\"https:\\\/\\\/www.fcbarcelonanoticias.com\\\/en\\\/wp-content\\\/uploads\\\/sites\\\/2\\\/2025\\\/10\\\/lamine-yamal-v-psg-champions-25-26-1.webp\",\"contentUrl\":\"https:\\\/\\\/www.fcbarcelonanoticias.com\\\/en\\\/wp-content\\\/uploads\\\/sites\\\/2\\\/2025\\\/10\\\/lamine-yamal-v-psg-champions-25-26-1.webp\",\"width\":1200,\"height\":675},{\"@type\":\"BreadcrumbList\",\"@id\":\"https:\\\/\\\/www.fcbarcelonanoticias.com\\\/en\\\/laliga\\\/lamine-yamal-returns-to-barcelona-as-starter-against-girona_315049_102.html#breadcrumb\",\"itemListElement\":[{\"@type\":\"ListItem\",\"position\":1,\"name\":\"Portada\",\"item\":\"https:\\\/\\\/www.fcbarcelonanoticias.com\\\/en\\\/\"},{\"@type\":\"ListItem\",\"position\":2,\"name\":\"Lamine Yamal reappears as a starter! The &#8217;10&#8217; completes an unprecedented trident against Girona\"}]},{\"@type\":\"WebSite\",\"@id\":\"https:\\\/\\\/www.fcbarcelonanoticias.com\\\/en\\\/#website\",\"url\":\"https:\\\/\\\/www.fcbarcelonanoticias.com\\\/en\\\/\",\"name\":\"EN - FC Barcelona Noticias\",\"description\":\"\",\"potentialAction\":[{\"@type\":\"SearchAction\",\"target\":{\"@type\":\"EntryPoint\",\"urlTemplate\":\"https:\\\/\\\/www.fcbarcelonanoticias.com\\\/en\\\/?s={search_term_string}\"},\"query-input\":{\"@type\":\"PropertyValueSpecification\",\"valueRequired\":true,\"valueName\":\"search_term_string\"}}],\"inLanguage\":\"en-US\"},{\"@type\":\"Person\",\"@id\":\"https:\\\/\\\/www.fcbarcelonanoticias.com\\\/en\\\/#\\\/schema\\\/person\\\/c2cd9f6fa1af5c0d0eccd0fefa575c88\",\"name\":\"Andr\u00e9s Quiroz\",\"image\":{\"@type\":\"ImageObject\",\"inLanguage\":\"en-US\",\"@id\":\"https:\\\/\\\/secure.gravatar.com\\\/avatar\\\/?s=96&d=mm&r=g\",\"url\":\"https:\\\/\\\/secure.gravatar.com\\\/avatar\\\/?s=96&d=mm&r=g\",\"contentUrl\":\"https:\\\/\\\/secure.gravatar.com\\\/avatar\\\/?s=96&d=mm&r=g\",\"caption\":\"Andr\u00e9s Quiroz\"},\"description\":\"Licenciado en Periodismo por la Universidad de los Andes. Me encargo de analizar y compartir los contenidos m\u00e1s destacados de la\u00a0actualidad del F\u00fatbol Club Barcelona, Mercado de Fichajes y F\u00fatbol Internacional en FCBN. La informaci\u00f3n es poder, pero tambi\u00e9n conocimiento.\",\"url\":\"https:\\\/\\\/www.fcbarcelonanoticias.com\\\/en\\\/fc-barcelona\\\/andres-quiroz_17_115.html\"}]}<\/script>\n<!-- \/ Yoast SEO plugin. -->","yoast_head_json":{"title":"Lamine Yamal returns to Bar\u00e7a as a starter against Girona!","description":"Hansi Flick bets on Lamine Yamal from the start for Bar\u00e7a-Girona. The '10' was out against Sevilla, but has recovered from the pubalgia","robots":{"index":"index","follow":"follow","max-snippet":"max-snippet:-1","max-image-preview":"max-image-preview:large","max-video-preview":"max-video-preview:-1"},"canonical":"https:\/\/www.fcbarcelonanoticias.com\/en\/laliga\/lamine-yamal-returns-to-barcelona-as-starter-against-girona_315049_102.html","og_locale":"en_US","og_type":"article","og_title":"Lamine Yamal returns to Bar\u00e7a as a starter against Girona!","og_description":"Hansi Flick bets on Lamine Yamal from the start for Bar\u00e7a-Girona. The '10' was out against Sevilla, but has recovered from the pubalgia","og_url":"https:\/\/www.fcbarcelonanoticias.com\/en\/laliga\/lamine-yamal-returns-to-barcelona-as-starter-against-girona_315049_102.html","og_site_name":"EN - FC Barcelona Noticias","article_published_time":"2025-10-18T14:03:00+00:00","article_modified_time":"2026-03-27T10:33:46+00:00","og_image":[{"width":1200,"height":675,"url":"https:\/\/www.fcbarcelonanoticias.com\/en\/wp-content\/uploads\/sites\/2\/2025\/10\/lamine-yamal-v-psg-champions-25-26-1.webp","type":"image\/webp"}],"author":"Andr\u00e9s Quiroz","twitter_card":"summary_large_image","twitter_misc":{"Written by":"Andr\u00e9s Quiroz","Est. reading time":"3 minutes"},"schema":{"@context":"https:\/\/schema.org","@graph":[{"@type":"Article","@id":"https:\/\/www.fcbarcelonanoticias.com\/en\/laliga\/lamine-yamal-returns-to-barcelona-as-starter-against-girona_315049_102.html#article","isPartOf":{"@id":"https:\/\/www.fcbarcelonanoticias.com\/en\/laliga\/lamine-yamal-returns-to-barcelona-as-starter-against-girona_315049_102.html"},"author":{"name":"Andr\u00e9s Quiroz","@id":"https:\/\/www.fcbarcelonanoticias.com\/en\/#\/schema\/person\/c2cd9f6fa1af5c0d0eccd0fefa575c88"},"headline":"Lamine Yamal reappears as a starter! The &#8217;10&#8217; completes an unprecedented trident against Girona","datePublished":"2025-10-18T14:03:00+00:00","dateModified":"2026-03-27T10:33:46+00:00","mainEntityOfPage":{"@id":"https:\/\/www.fcbarcelonanoticias.com\/en\/laliga\/lamine-yamal-returns-to-barcelona-as-starter-against-girona_315049_102.html"},"wordCount":521,"image":{"@id":"https:\/\/www.fcbarcelonanoticias.com\/en\/laliga\/lamine-yamal-returns-to-barcelona-as-starter-against-girona_315049_102.html#primaryimage"},"thumbnailUrl":"https:\/\/www.fcbarcelonanoticias.com\/en\/wp-content\/uploads\/sites\/2\/2025\/10\/lamine-yamal-v-psg-champions-25-26-1.webp","keywords":["FC Barcelona vs Girona","Hansi Flick","Lamine Yamal","Lamine Yamal"],"articleSection":["LaLiga","LaLiga"],"inLanguage":"en-US"},{"@type":"WebPage","@id":"https:\/\/www.fcbarcelonanoticias.com\/en\/laliga\/lamine-yamal-returns-to-barcelona-as-starter-against-girona_315049_102.html","url":"https:\/\/www.fcbarcelonanoticias.com\/en\/laliga\/lamine-yamal-returns-to-barcelona-as-starter-against-girona_315049_102.html","name":"Lamine Yamal returns to Bar\u00e7a as a starter against Girona!","isPartOf":{"@id":"https:\/\/www.fcbarcelonanoticias.com\/en\/#website"},"primaryImageOfPage":{"@id":"https:\/\/www.fcbarcelonanoticias.com\/en\/laliga\/lamine-yamal-returns-to-barcelona-as-starter-against-girona_315049_102.html#primaryimage"},"image":{"@id":"https:\/\/www.fcbarcelonanoticias.com\/en\/laliga\/lamine-yamal-returns-to-barcelona-as-starter-against-girona_315049_102.html#primaryimage"},"thumbnailUrl":"https:\/\/www.fcbarcelonanoticias.com\/en\/wp-content\/uploads\/sites\/2\/2025\/10\/lamine-yamal-v-psg-champions-25-26-1.webp","datePublished":"2025-10-18T14:03:00+00:00","dateModified":"2026-03-27T10:33:46+00:00","author":{"@id":"https:\/\/www.fcbarcelonanoticias.com\/en\/#\/schema\/person\/c2cd9f6fa1af5c0d0eccd0fefa575c88"},"description":"Hansi Flick bets on Lamine Yamal from the start for Bar\u00e7a-Girona. The '10' was out against Sevilla, but has recovered from the pubalgia","breadcrumb":{"@id":"https:\/\/www.fcbarcelonanoticias.com\/en\/laliga\/lamine-yamal-returns-to-barcelona-as-starter-against-girona_315049_102.html#breadcrumb"},"inLanguage":"en-US","potentialAction":[{"@type":"ReadAction","target":["https:\/\/www.fcbarcelonanoticias.com\/en\/laliga\/lamine-yamal-returns-to-barcelona-as-starter-against-girona_315049_102.html"]}]},{"@type":"ImageObject","inLanguage":"en-US","@id":"https:\/\/www.fcbarcelonanoticias.com\/en\/laliga\/lamine-yamal-returns-to-barcelona-as-starter-against-girona_315049_102.html#primaryimage","url":"https:\/\/www.fcbarcelonanoticias.com\/en\/wp-content\/uploads\/sites\/2\/2025\/10\/lamine-yamal-v-psg-champions-25-26-1.webp","contentUrl":"https:\/\/www.fcbarcelonanoticias.com\/en\/wp-content\/uploads\/sites\/2\/2025\/10\/lamine-yamal-v-psg-champions-25-26-1.webp","width":1200,"height":675},{"@type":"BreadcrumbList","@id":"https:\/\/www.fcbarcelonanoticias.com\/en\/laliga\/lamine-yamal-returns-to-barcelona-as-starter-against-girona_315049_102.html#breadcrumb","itemListElement":[{"@type":"ListItem","position":1,"name":"Portada","item":"https:\/\/www.fcbarcelonanoticias.com\/en\/"},{"@type":"ListItem","position":2,"name":"Lamine Yamal reappears as a starter! The &#8217;10&#8217; completes an unprecedented trident against Girona"}]},{"@type":"WebSite","@id":"https:\/\/www.fcbarcelonanoticias.com\/en\/#website","url":"https:\/\/www.fcbarcelonanoticias.com\/en\/","name":"EN - FC Barcelona Noticias","description":"","potentialAction":[{"@type":"SearchAction","target":{"@type":"EntryPoint","urlTemplate":"https:\/\/www.fcbarcelonanoticias.com\/en\/?s={search_term_string}"},"query-input":{"@type":"PropertyValueSpecification","valueRequired":true,"valueName":"search_term_string"}}],"inLanguage":"en-US"},{"@type":"Person","@id":"https:\/\/www.fcbarcelonanoticias.com\/en\/#\/schema\/person\/c2cd9f6fa1af5c0d0eccd0fefa575c88","name":"Andr\u00e9s Quiroz","image":{"@type":"ImageObject","inLanguage":"en-US","@id":"https:\/\/secure.gravatar.com\/avatar\/?s=96&d=mm&r=g","url":"https:\/\/secure.gravatar.com\/avatar\/?s=96&d=mm&r=g","contentUrl":"https:\/\/secure.gravatar.com\/avatar\/?s=96&d=mm&r=g","caption":"Andr\u00e9s Quiroz"},"description":"Licenciado en Periodismo por la Universidad de los Andes. Me encargo de analizar y compartir los contenidos m\u00e1s destacados de la\u00a0actualidad del F\u00fatbol Club Barcelona, Mercado de Fichajes y F\u00fatbol Internacional en FCBN. La informaci\u00f3n es poder, pero tambi\u00e9n conocimiento.","url":"https:\/\/www.fcbarcelonanoticias.com\/en\/fc-barcelona\/andres-quiroz_17_115.html"}]}},"_links":{"self":[{"href":"https:\/\/www.fcbarcelonanoticias.com\/en\/wp-json\/wp\/v2\/posts\/58401","targetHints":{"allow":["GET"]}}],"collection":[{"href":"https:\/\/www.fcbarcelonanoticias.com\/en\/wp-json\/wp\/v2\/posts"}],"about":[{"href":"https:\/\/www.fcbarcelonanoticias.com\/en\/wp-json\/wp\/v2\/types\/post"}],"author":[{"embeddable":true,"href":"https:\/\/www.fcbarcelonanoticias.com\/en\/wp-json\/wp\/v2\/users\/347"}],"replies":[{"embeddable":true,"href":"https:\/\/www.fcbarcelonanoticias.com\/en\/wp-json\/wp\/v2\/comments?post=58401"}],"version-history":[{"count":2,"href":"https:\/\/www.fcbarcelonanoticias.com\/en\/wp-json\/wp\/v2\/posts\/58401\/revisions"}],"predecessor-version":[{"id":159382,"href":"https:\/\/www.fcbarcelonanoticias.com\/en\/wp-json\/wp\/v2\/posts\/58401\/revisions\/159382"}],"wp:featuredmedia":[{"embeddable":true,"href":"https:\/\/www.fcbarcelonanoticias.com\/en\/wp-json\/wp\/v2\/media\/58405"}],"wp:attachment":[{"href":"https:\/\/www.fcbarcelonanoticias.com\/en\/wp-json\/wp\/v2\/media?parent=58401"}],"wp:term":[{"taxonomy":"category","embeddable":true,"href":"https:\/\/www.fcbarcelonanoticias.com\/en\/wp-json\/wp\/v2\/categories?post=58401"},{"taxonomy":"post_tag","embeddable":true,"href":"https:\/\/www.fcbarcelonanoticias.com\/en\/wp-json\/wp\/v2\/tags?post=58401"}],"curies":[{"name":"wp","href":"https:\/\/api.w.org\/{rel}","templated":true}]}}