{"id":5853,"date":"2017-12-05T22:21:00","date_gmt":"2017-12-05T21:21:00","guid":{"rendered":"https:\/\/weisetech.dev\/fc-barcelona-noticias\/en\/paco-alcacer-goes-back-to-wet-and-premieres-in-the-champions-league_207318_102\/"},"modified":"2026-04-16T10:04:25","modified_gmt":"2026-04-16T08:04:25","slug":"paco-alcacer-goes-back-to-wet-and-premieres-in-the-champions-league_207318_102","status":"publish","type":"post","link":"https:\/\/www.fcbarcelonanoticias.com\/en\/champions-league\/paco-alcacer-goes-back-to-wet-and-premieres-in-the-champions-league_207318_102.html","title":{"rendered":"Paco Alc\u00e1cer goes back to &#8216;wet&#8217; and premi\u00e8res  in the Champions League"},"content":{"rendered":"<h2 class=\"wp-block-heading\">Paco Alc\u00e1cer went back to mark in an official party and achieved to premi\u00e8re like goleador in the Champions League. The goal was in the minute 59 and supposed the 1-0 in the party of Champions\u00a0that the FC Barcelona contested in front of the Sporting of Portugal<\/h2>  \r\n<div class=\"article-addons\">\r\n    <a href=\"https:\/\/www.fcbarcelonanoticias.com\/en\/calendar-fc-barcelona.html\"\r\n       target=\"_self\"\r\n       title=\"Calendar of FC Barcelona\"\r\n       class=\"blue-gredient-btn\">\r\n       \r\n        Calendar of FC Barcelona    <\/a>\r\n<\/div>   <p><a href=\"https:\/\/www.fcbarcelonanoticias.com\/en\/tags\/paco-alcacer.html\"><strong>Paco Alc\u00e1cer<\/strong><\/a> went back to mark in official party, <strong>confirming his big state of<\/strong> form and that has recovered entirely the smell goleador. However, the Valencian forward never had marked a goal in <strong>the Champions League<\/strong>, neither in his stage in Valencia neither in the FC Barcelona.<\/p> <p>The Valencian forward<strong> appeared in the minute 59<\/strong> of the party of the last day of the phase of groups that the FC Barcelona contested in front of the Sporting of Portugal in the Camp Nou to open the tin and do the 1-0 favourable to the Barcelona.<strong> Alc\u00e1cer Finished a big centre of Denis Su\u00e1rez of head and of backs to the goal&nbsp;<\/strong>to confirm his good state of form.<\/p> <p>The goal of the Valencian forward served also to <strong>break the monotony of a party in which it was not happening at all special.<\/strong> However, as it already did against the <strong>Seville<\/strong>, Alc\u00e1cer looked for his space and went back to be in the suitable moment and in the precise place to take advantage of the big service of <strong>Denis<\/strong>.<\/p> <h2>First goal in the Champions<\/h2> <p><strong>Paco Alc\u00e1cer still had not achieved to premi\u00e8re like goleador in any party of the Champions League<\/strong>, neither in his stage in Valencia CF neither later when fich\u00f3 by the FC Barcelona. However, himself it had marked seven goals in Europe League with the group &#8216;che&#8217;.<\/p> <p>In this way, the Valencian forward<a href=\"https:\/\/www.fcbarcelonanoticias.com\/jugadores\/alcacer-abrio-la-lata-de-manera-afortunada-contra-el-murcia_207089_102.html\"><strong> follows taking advantage of the opportunities that Ernesto Valverde offers him<\/strong><\/a> to achieve important and decisive goals in the parties. <strong>Alc\u00e1cer Is answering well and no longer remains neither trace of this attacker desquiciado in front of the fault of goal.<\/strong><\/p> ","protected":false},"excerpt":{"rendered":"<p>Paco Alc\u00e1cer went back to mark in an official party and achieved to premi\u00e8re like goleador in the Champions League. The goal was in the minute 59 and supposed the 1-0 in the party of Champions\u00a0that the FC Barcelona contested in front of the Sporting of Portugal Paco Alc\u00e1cer went back to mark in official [&hellip;]<\/p>\n","protected":false},"author":364,"featured_media":0,"comment_status":"closed","ping_status":"open","sticky":false,"template":"","format":"standard","meta":{"_acf_changed":false,"inline_featured_image":false,"_nextfly_llmd_date_locked":false,"footnotes":""},"categories":[447,112],"tags":[179],"class_list":["post-5853","post","type-post","status-publish","format-standard","hentry","category-champions-league-2","category-champions-league","tag-paco-alcacer"],"acf":[],"yoast_head":"<!-- This site is optimized with the Yoast SEO plugin v27.3 - https:\/\/yoast.com\/product\/yoast-seo-wordpress\/ -->\n<title>Paco Alc\u00e1cer goes back to &#039;wet&#039; and premi\u00e8res in the Champions<\/title>\n<meta name=\"description\" content=\"Paco Alc\u00e1cer went back to mark in an official party and achieved to premi\u00e8re like goleador in the Champions League. The goal was in the minute 59 and...\" \/>\n<meta name=\"robots\" content=\"index, follow, max-snippet:-1, max-image-preview:large, max-video-preview:-1\" \/>\n<link rel=\"canonical\" href=\"https:\/\/www.fcbarcelonanoticias.com\/en\/champions-league\/paco-alcacer-goes-back-to-wet-and-premieres-in-the-champions-league_207318_102.html\" \/>\n<meta property=\"og:locale\" content=\"en_US\" \/>\n<meta property=\"og:type\" content=\"article\" \/>\n<meta property=\"og:title\" content=\"Paco Alc\u00e1cer goes back to &#039;wet&#039; and premi\u00e8res in the Champions\" \/>\n<meta property=\"og:description\" content=\"Paco Alc\u00e1cer went back to mark in an official party and achieved to premi\u00e8re like goleador in the Champions League. The goal was in the minute 59 and...\" \/>\n<meta property=\"og:url\" content=\"https:\/\/www.fcbarcelonanoticias.com\/en\/champions-league\/paco-alcacer-goes-back-to-wet-and-premieres-in-the-champions-league_207318_102.html\" \/>\n<meta property=\"og:site_name\" content=\"EN - FC Barcelona Noticias\" \/>\n<meta property=\"article:published_time\" content=\"2017-12-05T21:21:00+00:00\" \/>\n<meta property=\"article:modified_time\" content=\"2026-04-16T08:04:25+00:00\" \/>\n<meta name=\"author\" content=\"Albert Ram\u00edrez\" \/>\n<meta name=\"twitter:card\" content=\"summary_large_image\" \/>\n<meta name=\"twitter:label1\" content=\"Written by\" \/>\n\t<meta name=\"twitter:data1\" content=\"Albert Ram\u00edrez\" \/>\n\t<meta name=\"twitter:label2\" content=\"Est. reading time\" \/>\n\t<meta name=\"twitter:data2\" content=\"2 minutes\" \/>\n<script type=\"application\/ld+json\" class=\"yoast-schema-graph\">{\"@context\":\"https:\\\/\\\/schema.org\",\"@graph\":[{\"@type\":\"Article\",\"@id\":\"https:\\\/\\\/www.fcbarcelonanoticias.com\\\/en\\\/champions-league\\\/paco-alcacer-goes-back-to-wet-and-premieres-in-the-champions-league_207318_102.html#article\",\"isPartOf\":{\"@id\":\"https:\\\/\\\/www.fcbarcelonanoticias.com\\\/en\\\/champions-league\\\/paco-alcacer-goes-back-to-wet-and-premieres-in-the-champions-league_207318_102.html\"},\"author\":{\"name\":\"Albert Ram\u00edrez\",\"@id\":\"https:\\\/\\\/www.fcbarcelonanoticias.com\\\/en\\\/#\\\/schema\\\/person\\\/1d0eb8457abc625a793c7a9f8f67612d\"},\"headline\":\"Paco Alc\u00e1cer goes back to &#8216;wet&#8217; and premi\u00e8res in the Champions League\",\"datePublished\":\"2017-12-05T21:21:00+00:00\",\"dateModified\":\"2026-04-16T08:04:25+00:00\",\"mainEntityOfPage\":{\"@id\":\"https:\\\/\\\/www.fcbarcelonanoticias.com\\\/en\\\/champions-league\\\/paco-alcacer-goes-back-to-wet-and-premieres-in-the-champions-league_207318_102.html\"},\"wordCount\":346,\"keywords\":[\"Paco Alc\u00e1cer\"],\"articleSection\":[\"Champions League\",\"Champions League\"],\"inLanguage\":\"en-US\"},{\"@type\":\"WebPage\",\"@id\":\"https:\\\/\\\/www.fcbarcelonanoticias.com\\\/en\\\/champions-league\\\/paco-alcacer-goes-back-to-wet-and-premieres-in-the-champions-league_207318_102.html\",\"url\":\"https:\\\/\\\/www.fcbarcelonanoticias.com\\\/en\\\/champions-league\\\/paco-alcacer-goes-back-to-wet-and-premieres-in-the-champions-league_207318_102.html\",\"name\":\"Paco Alc\u00e1cer goes back to 'wet' and premi\u00e8res in the Champions\",\"isPartOf\":{\"@id\":\"https:\\\/\\\/www.fcbarcelonanoticias.com\\\/en\\\/#website\"},\"datePublished\":\"2017-12-05T21:21:00+00:00\",\"dateModified\":\"2026-04-16T08:04:25+00:00\",\"author\":{\"@id\":\"https:\\\/\\\/www.fcbarcelonanoticias.com\\\/en\\\/#\\\/schema\\\/person\\\/1d0eb8457abc625a793c7a9f8f67612d\"},\"description\":\"Paco Alc\u00e1cer went back to mark in an official party and achieved to premi\u00e8re like goleador in the Champions League. The goal was in the minute 59 and...\",\"breadcrumb\":{\"@id\":\"https:\\\/\\\/www.fcbarcelonanoticias.com\\\/en\\\/champions-league\\\/paco-alcacer-goes-back-to-wet-and-premieres-in-the-champions-league_207318_102.html#breadcrumb\"},\"inLanguage\":\"en-US\",\"potentialAction\":[{\"@type\":\"ReadAction\",\"target\":[\"https:\\\/\\\/www.fcbarcelonanoticias.com\\\/en\\\/champions-league\\\/paco-alcacer-goes-back-to-wet-and-premieres-in-the-champions-league_207318_102.html\"]}]},{\"@type\":\"BreadcrumbList\",\"@id\":\"https:\\\/\\\/www.fcbarcelonanoticias.com\\\/en\\\/champions-league\\\/paco-alcacer-goes-back-to-wet-and-premieres-in-the-champions-league_207318_102.html#breadcrumb\",\"itemListElement\":[{\"@type\":\"ListItem\",\"position\":1,\"name\":\"Portada\",\"item\":\"https:\\\/\\\/www.fcbarcelonanoticias.com\\\/en\\\/\"},{\"@type\":\"ListItem\",\"position\":2,\"name\":\"Paco Alc\u00e1cer goes back to &#8216;wet&#8217; and premi\u00e8res in the Champions League\"}]},{\"@type\":\"WebSite\",\"@id\":\"https:\\\/\\\/www.fcbarcelonanoticias.com\\\/en\\\/#website\",\"url\":\"https:\\\/\\\/www.fcbarcelonanoticias.com\\\/en\\\/\",\"name\":\"EN - FC Barcelona Noticias\",\"description\":\"\",\"potentialAction\":[{\"@type\":\"SearchAction\",\"target\":{\"@type\":\"EntryPoint\",\"urlTemplate\":\"https:\\\/\\\/www.fcbarcelonanoticias.com\\\/en\\\/?s={search_term_string}\"},\"query-input\":{\"@type\":\"PropertyValueSpecification\",\"valueRequired\":true,\"valueName\":\"search_term_string\"}}],\"inLanguage\":\"en-US\"},{\"@type\":\"Person\",\"@id\":\"https:\\\/\\\/www.fcbarcelonanoticias.com\\\/en\\\/#\\\/schema\\\/person\\\/1d0eb8457abc625a793c7a9f8f67612d\",\"name\":\"Albert Ram\u00edrez\",\"image\":{\"@type\":\"ImageObject\",\"inLanguage\":\"en-US\",\"@id\":\"https:\\\/\\\/secure.gravatar.com\\\/avatar\\\/?s=96&d=mm&r=g\",\"url\":\"https:\\\/\\\/secure.gravatar.com\\\/avatar\\\/?s=96&d=mm&r=g\",\"contentUrl\":\"https:\\\/\\\/secure.gravatar.com\\\/avatar\\\/?s=96&d=mm&r=g\",\"caption\":\"Albert Ram\u00edrez\"},\"url\":\"https:\\\/\\\/www.fcbarcelonanoticias.com\\\/en\\\/albert-ramirez_5_115.html\"}]}<\/script>\n<!-- \/ Yoast SEO plugin. -->","yoast_head_json":{"title":"Paco Alc\u00e1cer goes back to 'wet' and premi\u00e8res in the Champions","description":"Paco Alc\u00e1cer went back to mark in an official party and achieved to premi\u00e8re like goleador in the Champions League. The goal was in the minute 59 and...","robots":{"index":"index","follow":"follow","max-snippet":"max-snippet:-1","max-image-preview":"max-image-preview:large","max-video-preview":"max-video-preview:-1"},"canonical":"https:\/\/www.fcbarcelonanoticias.com\/en\/champions-league\/paco-alcacer-goes-back-to-wet-and-premieres-in-the-champions-league_207318_102.html","og_locale":"en_US","og_type":"article","og_title":"Paco Alc\u00e1cer goes back to 'wet' and premi\u00e8res in the Champions","og_description":"Paco Alc\u00e1cer went back to mark in an official party and achieved to premi\u00e8re like goleador in the Champions League. The goal was in the minute 59 and...","og_url":"https:\/\/www.fcbarcelonanoticias.com\/en\/champions-league\/paco-alcacer-goes-back-to-wet-and-premieres-in-the-champions-league_207318_102.html","og_site_name":"EN - FC Barcelona Noticias","article_published_time":"2017-12-05T21:21:00+00:00","article_modified_time":"2026-04-16T08:04:25+00:00","author":"Albert Ram\u00edrez","twitter_card":"summary_large_image","twitter_misc":{"Written by":"Albert Ram\u00edrez","Est. reading time":"2 minutes"},"schema":{"@context":"https:\/\/schema.org","@graph":[{"@type":"Article","@id":"https:\/\/www.fcbarcelonanoticias.com\/en\/champions-league\/paco-alcacer-goes-back-to-wet-and-premieres-in-the-champions-league_207318_102.html#article","isPartOf":{"@id":"https:\/\/www.fcbarcelonanoticias.com\/en\/champions-league\/paco-alcacer-goes-back-to-wet-and-premieres-in-the-champions-league_207318_102.html"},"author":{"name":"Albert Ram\u00edrez","@id":"https:\/\/www.fcbarcelonanoticias.com\/en\/#\/schema\/person\/1d0eb8457abc625a793c7a9f8f67612d"},"headline":"Paco Alc\u00e1cer goes back to &#8216;wet&#8217; and premi\u00e8res in the Champions League","datePublished":"2017-12-05T21:21:00+00:00","dateModified":"2026-04-16T08:04:25+00:00","mainEntityOfPage":{"@id":"https:\/\/www.fcbarcelonanoticias.com\/en\/champions-league\/paco-alcacer-goes-back-to-wet-and-premieres-in-the-champions-league_207318_102.html"},"wordCount":346,"keywords":["Paco Alc\u00e1cer"],"articleSection":["Champions League","Champions League"],"inLanguage":"en-US"},{"@type":"WebPage","@id":"https:\/\/www.fcbarcelonanoticias.com\/en\/champions-league\/paco-alcacer-goes-back-to-wet-and-premieres-in-the-champions-league_207318_102.html","url":"https:\/\/www.fcbarcelonanoticias.com\/en\/champions-league\/paco-alcacer-goes-back-to-wet-and-premieres-in-the-champions-league_207318_102.html","name":"Paco Alc\u00e1cer goes back to 'wet' and premi\u00e8res in the Champions","isPartOf":{"@id":"https:\/\/www.fcbarcelonanoticias.com\/en\/#website"},"datePublished":"2017-12-05T21:21:00+00:00","dateModified":"2026-04-16T08:04:25+00:00","author":{"@id":"https:\/\/www.fcbarcelonanoticias.com\/en\/#\/schema\/person\/1d0eb8457abc625a793c7a9f8f67612d"},"description":"Paco Alc\u00e1cer went back to mark in an official party and achieved to premi\u00e8re like goleador in the Champions League. The goal was in the minute 59 and...","breadcrumb":{"@id":"https:\/\/www.fcbarcelonanoticias.com\/en\/champions-league\/paco-alcacer-goes-back-to-wet-and-premieres-in-the-champions-league_207318_102.html#breadcrumb"},"inLanguage":"en-US","potentialAction":[{"@type":"ReadAction","target":["https:\/\/www.fcbarcelonanoticias.com\/en\/champions-league\/paco-alcacer-goes-back-to-wet-and-premieres-in-the-champions-league_207318_102.html"]}]},{"@type":"BreadcrumbList","@id":"https:\/\/www.fcbarcelonanoticias.com\/en\/champions-league\/paco-alcacer-goes-back-to-wet-and-premieres-in-the-champions-league_207318_102.html#breadcrumb","itemListElement":[{"@type":"ListItem","position":1,"name":"Portada","item":"https:\/\/www.fcbarcelonanoticias.com\/en\/"},{"@type":"ListItem","position":2,"name":"Paco Alc\u00e1cer goes back to &#8216;wet&#8217; and premi\u00e8res in the Champions League"}]},{"@type":"WebSite","@id":"https:\/\/www.fcbarcelonanoticias.com\/en\/#website","url":"https:\/\/www.fcbarcelonanoticias.com\/en\/","name":"EN - FC Barcelona Noticias","description":"","potentialAction":[{"@type":"SearchAction","target":{"@type":"EntryPoint","urlTemplate":"https:\/\/www.fcbarcelonanoticias.com\/en\/?s={search_term_string}"},"query-input":{"@type":"PropertyValueSpecification","valueRequired":true,"valueName":"search_term_string"}}],"inLanguage":"en-US"},{"@type":"Person","@id":"https:\/\/www.fcbarcelonanoticias.com\/en\/#\/schema\/person\/1d0eb8457abc625a793c7a9f8f67612d","name":"Albert Ram\u00edrez","image":{"@type":"ImageObject","inLanguage":"en-US","@id":"https:\/\/secure.gravatar.com\/avatar\/?s=96&d=mm&r=g","url":"https:\/\/secure.gravatar.com\/avatar\/?s=96&d=mm&r=g","contentUrl":"https:\/\/secure.gravatar.com\/avatar\/?s=96&d=mm&r=g","caption":"Albert Ram\u00edrez"},"url":"https:\/\/www.fcbarcelonanoticias.com\/en\/albert-ramirez_5_115.html"}]}},"_links":{"self":[{"href":"https:\/\/www.fcbarcelonanoticias.com\/en\/wp-json\/wp\/v2\/posts\/5853","targetHints":{"allow":["GET"]}}],"collection":[{"href":"https:\/\/www.fcbarcelonanoticias.com\/en\/wp-json\/wp\/v2\/posts"}],"about":[{"href":"https:\/\/www.fcbarcelonanoticias.com\/en\/wp-json\/wp\/v2\/types\/post"}],"author":[{"embeddable":true,"href":"https:\/\/www.fcbarcelonanoticias.com\/en\/wp-json\/wp\/v2\/users\/364"}],"replies":[{"embeddable":true,"href":"https:\/\/www.fcbarcelonanoticias.com\/en\/wp-json\/wp\/v2\/comments?post=5853"}],"version-history":[{"count":2,"href":"https:\/\/www.fcbarcelonanoticias.com\/en\/wp-json\/wp\/v2\/posts\/5853\/revisions"}],"predecessor-version":[{"id":184523,"href":"https:\/\/www.fcbarcelonanoticias.com\/en\/wp-json\/wp\/v2\/posts\/5853\/revisions\/184523"}],"wp:attachment":[{"href":"https:\/\/www.fcbarcelonanoticias.com\/en\/wp-json\/wp\/v2\/media?parent=5853"}],"wp:term":[{"taxonomy":"category","embeddable":true,"href":"https:\/\/www.fcbarcelonanoticias.com\/en\/wp-json\/wp\/v2\/categories?post=5853"},{"taxonomy":"post_tag","embeddable":true,"href":"https:\/\/www.fcbarcelonanoticias.com\/en\/wp-json\/wp\/v2\/tags?post=5853"}],"curies":[{"name":"wp","href":"https:\/\/api.w.org\/{rel}","templated":true}]}}