{"id":58864,"date":"2023-03-04T14:01:00","date_gmt":"2023-03-04T13:01:00","guid":{"rendered":"https:\/\/weisetech.dev\/fc-barcelona-noticias\/en\/lewandowski-kounde-ansu-fati-xavi-disengages-actuality-squad-cule_290194_102\/"},"modified":"2023-03-04T18:09:00","modified_gmt":"2023-03-04T17:09:00","slug":"lewandowski-kounde-ansu-fati-xavi-disengages-actuality-squad-cule_290194_102","status":"publish","type":"post","link":"https:\/\/www.fcbarcelonanoticias.com\/en\/laliga\/lewandowski-kounde-ansu-fati-xavi-disengages-actuality-squad-cule_290194_102.html","title":{"rendered":"Lewandowski, Kound\u00e9, Ansu Fati&#8230; Xavi disengages the news of the cul\u00e9 squad"},"content":{"rendered":"<h2 class=\"wp-block-heading\">The FC Barcelona coach, Xavi Hern\u00e1ndez, has appeared before the press to talk about this Sunday&#8217;s League commitment against Valencia at the Camp Nou Spotify<\/h2>  \r\n<div class=\"article-addons\">\r\n    <a href=\"https:\/\/www.fcbarcelonanoticias.com\/en\/calendar-fc-barcelona.html\"\r\n       target=\"_self\"\r\n       title=\"Calendar of FC Barcelona\"\r\n       class=\"blue-gredient-btn\">\r\n       \r\n        Calendar of FC Barcelona    <\/a>\r\n<\/div>   <p>Xavi Hern\u00e1ndez, trainer of the first team of the FC Barcelona, <strong>has pronounced in front of the media in the previous press conference <a data-external=\"0\" data-intl-links-en=\"https:\/\/www.fcbarcelonanoticias.com\/en\/laliga\/fc-barcelona-valencia-on-tv-when-where-to-watch-la-liga-match_290175_102.html\" data-intl-links-es=\"https:\/\/www.fcbarcelonanoticias.com\/laliga\/fc-barcelona-valencia-en-tv-cuando-donde-ver-partido-laliga_290175_102.html\" href=\"https:\/\/www.fcbarcelonanoticias.com\/en\/laliga\/fc-barcelona-valencia-on-tv-when-where-to-watch-la-liga-match_290175_102.html\" rel=\"follow\" target=\"_self\" title=\"FC Barcelona-Valencia en TV: Cu\u00e1ndo y d\u00f3nde ver el partido de LaLiga\">to the party of League in front of Valencia<\/a> of Voro<\/strong><strong>.<\/strong> In her it spoke of the renewal of Sergi Roberto and the state of the lesionados of the team. Besides, also it did emphasis in other referents of the plantel like Jules Kound\u00e9, Franck Kessi\u00e9 and Marcos Alonso.<\/p>  <p>It gave start to the appearance mentioning the continuity of Sergi Roberto by at least a season more and of the situation of Sergio Busquets. &#8220;<strong>For me it is a big news that Sergi can continue with us.<\/strong> It is a footballer that value a lot of. It is a guarantee play where play. <strong>The of Busquets is a personal decision and will depend on he same<\/strong>&#8220;, affirmed.<\/p>  <p>On the other hand, it took advantage of to stand out the drops and the victory in the Classical. &#8220;Andreas already is well. <strong>Robert has good feelings and Pedri and Demb\u00e9l\u00e9 are in process.<\/strong> The evolution of his feelings will mark his return. There is not a clear-cut date. They are important drops. <strong>We achieve to win in the Bernab\u00e9u and this shows that the team is a block. We have achieved to be a winning team.<\/strong> With the drops of the another day, is important to win in fields complicated&#8221;, ensured.<\/p>  <p>Near to finalise, highlighted the big moment of Kound\u00e9, Kessi\u00e9 and Marcos Alonso. &#8220;<strong><a data-external=\"0\" data-intl-links-en=\"https:\/\/www.fcbarcelonanoticias.com\/en\/players\/kounde-led-back-barcelona-demonstrated-imposing-that-is-central_290151_102.html\" data-intl-links-es=\"https:\/\/www.fcbarcelonanoticias.com\/jugadores\/kounde-lidero-zaga-barcelona-demostro-imponente-que-es-de-central_290151_102.html\" href=\"https:\/\/www.fcbarcelonanoticias.com\/en\/players\/kounde-led-back-barcelona-demonstrated-imposing-that-is-central_290151_102.html\" rel=\"follow\" target=\"_self\" title=\"Kound\u00e9 lider\u00f3 la zaga del Bar\u00e7a y demostr\u00f3 lo imponente que&nbsp;es&nbsp;de&nbsp;central\">Jules prefers to play of head office<\/a>, but are circumstances of the team. it is doing It Well.<\/strong> We attack of a way in which it finish being a central more. It is a spectacular signing for the Bar\u00e7a. <strong>Marcos is being very good. It has adapted well to the central.<\/strong> It wins aerial duels and the back covers it well. It is fast for the envergadura that has, gives us gone out of balloon. <strong>With Franck are very happy. It is giving a big level in attack and defence.<\/strong> Has very good &#8216;timing&#8217; of arrival. Had the necessary patience and these minutes are giving him confidence to be important&#8221;, sentenced the egarense.<\/p>  <h3>Ansu Fati And Estanis<\/h3>  <p>Finally, it spoke of Ansu Fati and Estanis like extremes. &#8220;All the tips need to mark. <strong>To Ansu see it well and will be important.<\/strong> Have a lot of faith in him. Estanis Is a versatile footballer. <strong>It is marking differences in the Bar\u00e7a B.<\/strong> It is a pure extreme and has conditions to be important&#8221;, concluded.<\/p> ","protected":false},"excerpt":{"rendered":"<p>The FC Barcelona coach, Xavi Hern\u00e1ndez, has appeared before the press to talk about this Sunday&#8217;s League commitment against Valencia at the Camp Nou Spotify Xavi Hern\u00e1ndez, trainer of the first team of the FC Barcelona, has pronounced in front of the media in the previous press conference to the party of League in front [&hellip;]<\/p>\n","protected":false},"author":0,"featured_media":23916,"comment_status":"closed","ping_status":"open","sticky":false,"template":"","format":"standard","meta":{"_acf_changed":false,"inline_featured_image":false,"_nextfly_llmd_date_locked":false,"footnotes":""},"categories":[448,114],"tags":[240,166,80,48],"class_list":["post-58864","post","type-post","status-publish","format-standard","has-post-thumbnail","hentry","category-laliga-2","category-laliga","tag-sergi-roberto","tag-sergio-busquets","tag-valencia-cf","tag-xavi-hernandez"],"acf":[],"yoast_head":"<!-- This site is optimized with the Yoast SEO plugin v27.3 - https:\/\/yoast.com\/product\/yoast-seo-wordpress\/ -->\n<title>Lewandowski, Kound\u00e9, Ansu Fati... Xavi disengages the news of the cul\u00e9 squad<\/title>\n<meta name=\"description\" content=\"The FC Barcelona coach, Xavi Hern\u00e1ndez, has appeared before the press to talk about this Sunday&#039;s League commitment against Valencia at the Camp Nou Spotify\" \/>\n<meta name=\"robots\" content=\"index, follow, max-snippet:-1, max-image-preview:large, max-video-preview:-1\" \/>\n<link rel=\"canonical\" href=\"https:\/\/www.fcbarcelonanoticias.com\/en\/laliga\/lewandowski-kounde-ansu-fati-xavi-disengages-actuality-squad-cule_290194_102.html\" \/>\n<meta property=\"og:locale\" content=\"en_US\" \/>\n<meta property=\"og:type\" content=\"article\" \/>\n<meta property=\"og:title\" content=\"Lewandowski, Kound\u00e9, Ansu Fati... Xavi disengages the news of the cul\u00e9 squad\" \/>\n<meta property=\"og:description\" content=\"The FC Barcelona coach, Xavi Hern\u00e1ndez, has appeared before the press to talk about this Sunday&#039;s League commitment against Valencia at the Camp Nou Spotify\" \/>\n<meta property=\"og:url\" content=\"https:\/\/www.fcbarcelonanoticias.com\/en\/laliga\/lewandowski-kounde-ansu-fati-xavi-disengages-actuality-squad-cule_290194_102.html\" \/>\n<meta property=\"og:site_name\" content=\"EN - FC Barcelona Noticias\" \/>\n<meta property=\"article:published_time\" content=\"2023-03-04T13:01:00+00:00\" \/>\n<meta property=\"article:modified_time\" content=\"2023-03-04T17:09:00+00:00\" \/>\n<meta property=\"og:image\" content=\"https:\/\/www.fcbarcelonanoticias.com\/en\/wp-content\/uploads\/sites\/2\/2023\/02\/fbl-esp-liga-barcelona-presser-1.jpeg\" \/>\n\t<meta property=\"og:image:width\" content=\"1200\" \/>\n\t<meta property=\"og:image:height\" content=\"711\" \/>\n\t<meta property=\"og:image:type\" content=\"image\/jpeg\" \/>\n<meta name=\"twitter:card\" content=\"summary_large_image\" \/>\n<meta name=\"twitter:label1\" content=\"Est. reading time\" \/>\n\t<meta name=\"twitter:data1\" content=\"2 minutes\" \/>\n<script type=\"application\/ld+json\" class=\"yoast-schema-graph\">{\"@context\":\"https:\\\/\\\/schema.org\",\"@graph\":[{\"@type\":\"Article\",\"@id\":\"https:\\\/\\\/www.fcbarcelonanoticias.com\\\/en\\\/laliga\\\/lewandowski-kounde-ansu-fati-xavi-disengages-actuality-squad-cule_290194_102.html#article\",\"isPartOf\":{\"@id\":\"https:\\\/\\\/www.fcbarcelonanoticias.com\\\/en\\\/laliga\\\/lewandowski-kounde-ansu-fati-xavi-disengages-actuality-squad-cule_290194_102.html\"},\"author\":{\"name\":\"\",\"@id\":\"\"},\"headline\":\"Lewandowski, Kound\u00e9, Ansu Fati&#8230; Xavi disengages the news of the cul\u00e9 squad\",\"datePublished\":\"2023-03-04T13:01:00+00:00\",\"dateModified\":\"2023-03-04T17:09:00+00:00\",\"mainEntityOfPage\":{\"@id\":\"https:\\\/\\\/www.fcbarcelonanoticias.com\\\/en\\\/laliga\\\/lewandowski-kounde-ansu-fati-xavi-disengages-actuality-squad-cule_290194_102.html\"},\"wordCount\":463,\"image\":{\"@id\":\"https:\\\/\\\/www.fcbarcelonanoticias.com\\\/en\\\/laliga\\\/lewandowski-kounde-ansu-fati-xavi-disengages-actuality-squad-cule_290194_102.html#primaryimage\"},\"thumbnailUrl\":\"https:\\\/\\\/www.fcbarcelonanoticias.com\\\/en\\\/wp-content\\\/uploads\\\/sites\\\/2\\\/2023\\\/02\\\/fbl-esp-liga-barcelona-presser-1.jpeg\",\"keywords\":[\"Sergi Roberto\",\"Sergio Busquets\",\"Valencia CF\",\"Xavi Hern\u00e1ndez\"],\"articleSection\":[\"LaLiga\",\"LaLiga\"],\"inLanguage\":\"en-US\"},{\"@type\":\"WebPage\",\"@id\":\"https:\\\/\\\/www.fcbarcelonanoticias.com\\\/en\\\/laliga\\\/lewandowski-kounde-ansu-fati-xavi-disengages-actuality-squad-cule_290194_102.html\",\"url\":\"https:\\\/\\\/www.fcbarcelonanoticias.com\\\/en\\\/laliga\\\/lewandowski-kounde-ansu-fati-xavi-disengages-actuality-squad-cule_290194_102.html\",\"name\":\"Lewandowski, Kound\u00e9, Ansu Fati... Xavi disengages the news of the cul\u00e9 squad\",\"isPartOf\":{\"@id\":\"https:\\\/\\\/www.fcbarcelonanoticias.com\\\/en\\\/#website\"},\"primaryImageOfPage\":{\"@id\":\"https:\\\/\\\/www.fcbarcelonanoticias.com\\\/en\\\/laliga\\\/lewandowski-kounde-ansu-fati-xavi-disengages-actuality-squad-cule_290194_102.html#primaryimage\"},\"image\":{\"@id\":\"https:\\\/\\\/www.fcbarcelonanoticias.com\\\/en\\\/laliga\\\/lewandowski-kounde-ansu-fati-xavi-disengages-actuality-squad-cule_290194_102.html#primaryimage\"},\"thumbnailUrl\":\"https:\\\/\\\/www.fcbarcelonanoticias.com\\\/en\\\/wp-content\\\/uploads\\\/sites\\\/2\\\/2023\\\/02\\\/fbl-esp-liga-barcelona-presser-1.jpeg\",\"datePublished\":\"2023-03-04T13:01:00+00:00\",\"dateModified\":\"2023-03-04T17:09:00+00:00\",\"author\":{\"@id\":\"\"},\"description\":\"The FC Barcelona coach, Xavi Hern\u00e1ndez, has appeared before the press to talk about this Sunday's League commitment against Valencia at the Camp Nou Spotify\",\"breadcrumb\":{\"@id\":\"https:\\\/\\\/www.fcbarcelonanoticias.com\\\/en\\\/laliga\\\/lewandowski-kounde-ansu-fati-xavi-disengages-actuality-squad-cule_290194_102.html#breadcrumb\"},\"inLanguage\":\"en-US\",\"potentialAction\":[{\"@type\":\"ReadAction\",\"target\":[\"https:\\\/\\\/www.fcbarcelonanoticias.com\\\/en\\\/laliga\\\/lewandowski-kounde-ansu-fati-xavi-disengages-actuality-squad-cule_290194_102.html\"]}]},{\"@type\":\"ImageObject\",\"inLanguage\":\"en-US\",\"@id\":\"https:\\\/\\\/www.fcbarcelonanoticias.com\\\/en\\\/laliga\\\/lewandowski-kounde-ansu-fati-xavi-disengages-actuality-squad-cule_290194_102.html#primaryimage\",\"url\":\"https:\\\/\\\/www.fcbarcelonanoticias.com\\\/en\\\/wp-content\\\/uploads\\\/sites\\\/2\\\/2023\\\/02\\\/fbl-esp-liga-barcelona-presser-1.jpeg\",\"contentUrl\":\"https:\\\/\\\/www.fcbarcelonanoticias.com\\\/en\\\/wp-content\\\/uploads\\\/sites\\\/2\\\/2023\\\/02\\\/fbl-esp-liga-barcelona-presser-1.jpeg\",\"width\":1200,\"height\":711},{\"@type\":\"BreadcrumbList\",\"@id\":\"https:\\\/\\\/www.fcbarcelonanoticias.com\\\/en\\\/laliga\\\/lewandowski-kounde-ansu-fati-xavi-disengages-actuality-squad-cule_290194_102.html#breadcrumb\",\"itemListElement\":[{\"@type\":\"ListItem\",\"position\":1,\"name\":\"Portada\",\"item\":\"https:\\\/\\\/www.fcbarcelonanoticias.com\\\/en\\\/\"},{\"@type\":\"ListItem\",\"position\":2,\"name\":\"Lewandowski, Kound\u00e9, Ansu Fati&#8230; Xavi disengages the news of the cul\u00e9 squad\"}]},{\"@type\":\"WebSite\",\"@id\":\"https:\\\/\\\/www.fcbarcelonanoticias.com\\\/en\\\/#website\",\"url\":\"https:\\\/\\\/www.fcbarcelonanoticias.com\\\/en\\\/\",\"name\":\"EN - FC Barcelona Noticias\",\"description\":\"\",\"potentialAction\":[{\"@type\":\"SearchAction\",\"target\":{\"@type\":\"EntryPoint\",\"urlTemplate\":\"https:\\\/\\\/www.fcbarcelonanoticias.com\\\/en\\\/?s={search_term_string}\"},\"query-input\":{\"@type\":\"PropertyValueSpecification\",\"valueRequired\":true,\"valueName\":\"search_term_string\"}}],\"inLanguage\":\"en-US\"}]}<\/script>\n<!-- \/ Yoast SEO plugin. -->","yoast_head_json":{"title":"Lewandowski, Kound\u00e9, Ansu Fati... Xavi disengages the news of the cul\u00e9 squad","description":"The FC Barcelona coach, Xavi Hern\u00e1ndez, has appeared before the press to talk about this Sunday's League commitment against Valencia at the Camp Nou Spotify","robots":{"index":"index","follow":"follow","max-snippet":"max-snippet:-1","max-image-preview":"max-image-preview:large","max-video-preview":"max-video-preview:-1"},"canonical":"https:\/\/www.fcbarcelonanoticias.com\/en\/laliga\/lewandowski-kounde-ansu-fati-xavi-disengages-actuality-squad-cule_290194_102.html","og_locale":"en_US","og_type":"article","og_title":"Lewandowski, Kound\u00e9, Ansu Fati... Xavi disengages the news of the cul\u00e9 squad","og_description":"The FC Barcelona coach, Xavi Hern\u00e1ndez, has appeared before the press to talk about this Sunday's League commitment against Valencia at the Camp Nou Spotify","og_url":"https:\/\/www.fcbarcelonanoticias.com\/en\/laliga\/lewandowski-kounde-ansu-fati-xavi-disengages-actuality-squad-cule_290194_102.html","og_site_name":"EN - FC Barcelona Noticias","article_published_time":"2023-03-04T13:01:00+00:00","article_modified_time":"2023-03-04T17:09:00+00:00","og_image":[{"width":1200,"height":711,"url":"https:\/\/www.fcbarcelonanoticias.com\/en\/wp-content\/uploads\/sites\/2\/2023\/02\/fbl-esp-liga-barcelona-presser-1.jpeg","type":"image\/jpeg"}],"twitter_card":"summary_large_image","twitter_misc":{"Est. reading time":"2 minutes"},"schema":{"@context":"https:\/\/schema.org","@graph":[{"@type":"Article","@id":"https:\/\/www.fcbarcelonanoticias.com\/en\/laliga\/lewandowski-kounde-ansu-fati-xavi-disengages-actuality-squad-cule_290194_102.html#article","isPartOf":{"@id":"https:\/\/www.fcbarcelonanoticias.com\/en\/laliga\/lewandowski-kounde-ansu-fati-xavi-disengages-actuality-squad-cule_290194_102.html"},"author":{"name":"","@id":""},"headline":"Lewandowski, Kound\u00e9, Ansu Fati&#8230; Xavi disengages the news of the cul\u00e9 squad","datePublished":"2023-03-04T13:01:00+00:00","dateModified":"2023-03-04T17:09:00+00:00","mainEntityOfPage":{"@id":"https:\/\/www.fcbarcelonanoticias.com\/en\/laliga\/lewandowski-kounde-ansu-fati-xavi-disengages-actuality-squad-cule_290194_102.html"},"wordCount":463,"image":{"@id":"https:\/\/www.fcbarcelonanoticias.com\/en\/laliga\/lewandowski-kounde-ansu-fati-xavi-disengages-actuality-squad-cule_290194_102.html#primaryimage"},"thumbnailUrl":"https:\/\/www.fcbarcelonanoticias.com\/en\/wp-content\/uploads\/sites\/2\/2023\/02\/fbl-esp-liga-barcelona-presser-1.jpeg","keywords":["Sergi Roberto","Sergio Busquets","Valencia CF","Xavi Hern\u00e1ndez"],"articleSection":["LaLiga","LaLiga"],"inLanguage":"en-US"},{"@type":"WebPage","@id":"https:\/\/www.fcbarcelonanoticias.com\/en\/laliga\/lewandowski-kounde-ansu-fati-xavi-disengages-actuality-squad-cule_290194_102.html","url":"https:\/\/www.fcbarcelonanoticias.com\/en\/laliga\/lewandowski-kounde-ansu-fati-xavi-disengages-actuality-squad-cule_290194_102.html","name":"Lewandowski, Kound\u00e9, Ansu Fati... Xavi disengages the news of the cul\u00e9 squad","isPartOf":{"@id":"https:\/\/www.fcbarcelonanoticias.com\/en\/#website"},"primaryImageOfPage":{"@id":"https:\/\/www.fcbarcelonanoticias.com\/en\/laliga\/lewandowski-kounde-ansu-fati-xavi-disengages-actuality-squad-cule_290194_102.html#primaryimage"},"image":{"@id":"https:\/\/www.fcbarcelonanoticias.com\/en\/laliga\/lewandowski-kounde-ansu-fati-xavi-disengages-actuality-squad-cule_290194_102.html#primaryimage"},"thumbnailUrl":"https:\/\/www.fcbarcelonanoticias.com\/en\/wp-content\/uploads\/sites\/2\/2023\/02\/fbl-esp-liga-barcelona-presser-1.jpeg","datePublished":"2023-03-04T13:01:00+00:00","dateModified":"2023-03-04T17:09:00+00:00","author":{"@id":""},"description":"The FC Barcelona coach, Xavi Hern\u00e1ndez, has appeared before the press to talk about this Sunday's League commitment against Valencia at the Camp Nou Spotify","breadcrumb":{"@id":"https:\/\/www.fcbarcelonanoticias.com\/en\/laliga\/lewandowski-kounde-ansu-fati-xavi-disengages-actuality-squad-cule_290194_102.html#breadcrumb"},"inLanguage":"en-US","potentialAction":[{"@type":"ReadAction","target":["https:\/\/www.fcbarcelonanoticias.com\/en\/laliga\/lewandowski-kounde-ansu-fati-xavi-disengages-actuality-squad-cule_290194_102.html"]}]},{"@type":"ImageObject","inLanguage":"en-US","@id":"https:\/\/www.fcbarcelonanoticias.com\/en\/laliga\/lewandowski-kounde-ansu-fati-xavi-disengages-actuality-squad-cule_290194_102.html#primaryimage","url":"https:\/\/www.fcbarcelonanoticias.com\/en\/wp-content\/uploads\/sites\/2\/2023\/02\/fbl-esp-liga-barcelona-presser-1.jpeg","contentUrl":"https:\/\/www.fcbarcelonanoticias.com\/en\/wp-content\/uploads\/sites\/2\/2023\/02\/fbl-esp-liga-barcelona-presser-1.jpeg","width":1200,"height":711},{"@type":"BreadcrumbList","@id":"https:\/\/www.fcbarcelonanoticias.com\/en\/laliga\/lewandowski-kounde-ansu-fati-xavi-disengages-actuality-squad-cule_290194_102.html#breadcrumb","itemListElement":[{"@type":"ListItem","position":1,"name":"Portada","item":"https:\/\/www.fcbarcelonanoticias.com\/en\/"},{"@type":"ListItem","position":2,"name":"Lewandowski, Kound\u00e9, Ansu Fati&#8230; Xavi disengages the news of the cul\u00e9 squad"}]},{"@type":"WebSite","@id":"https:\/\/www.fcbarcelonanoticias.com\/en\/#website","url":"https:\/\/www.fcbarcelonanoticias.com\/en\/","name":"EN - FC Barcelona Noticias","description":"","potentialAction":[{"@type":"SearchAction","target":{"@type":"EntryPoint","urlTemplate":"https:\/\/www.fcbarcelonanoticias.com\/en\/?s={search_term_string}"},"query-input":{"@type":"PropertyValueSpecification","valueRequired":true,"valueName":"search_term_string"}}],"inLanguage":"en-US"}]}},"_links":{"self":[{"href":"https:\/\/www.fcbarcelonanoticias.com\/en\/wp-json\/wp\/v2\/posts\/58864","targetHints":{"allow":["GET"]}}],"collection":[{"href":"https:\/\/www.fcbarcelonanoticias.com\/en\/wp-json\/wp\/v2\/posts"}],"about":[{"href":"https:\/\/www.fcbarcelonanoticias.com\/en\/wp-json\/wp\/v2\/types\/post"}],"replies":[{"embeddable":true,"href":"https:\/\/www.fcbarcelonanoticias.com\/en\/wp-json\/wp\/v2\/comments?post=58864"}],"version-history":[{"count":1,"href":"https:\/\/www.fcbarcelonanoticias.com\/en\/wp-json\/wp\/v2\/posts\/58864\/revisions"}],"predecessor-version":[{"id":58865,"href":"https:\/\/www.fcbarcelonanoticias.com\/en\/wp-json\/wp\/v2\/posts\/58864\/revisions\/58865"}],"wp:featuredmedia":[{"embeddable":true,"href":"https:\/\/www.fcbarcelonanoticias.com\/en\/wp-json\/wp\/v2\/media\/23916"}],"wp:attachment":[{"href":"https:\/\/www.fcbarcelonanoticias.com\/en\/wp-json\/wp\/v2\/media?parent=58864"}],"wp:term":[{"taxonomy":"category","embeddable":true,"href":"https:\/\/www.fcbarcelonanoticias.com\/en\/wp-json\/wp\/v2\/categories?post=58864"},{"taxonomy":"post_tag","embeddable":true,"href":"https:\/\/www.fcbarcelonanoticias.com\/en\/wp-json\/wp\/v2\/tags?post=58864"}],"curies":[{"name":"wp","href":"https:\/\/api.w.org\/{rel}","templated":true}]}}