{"id":5897,"date":"2023-10-04T19:49:00","date_gmt":"2023-10-04T17:49:00","guid":{"rendered":"https:\/\/weisetech.dev\/fc-barcelona-noticias\/en\/porto-fcbarcelona-alignments-of-the-day-2-of-the-champions-league-2023-2024_296767_102\/"},"modified":"2023-10-04T21:07:00","modified_gmt":"2023-10-04T19:07:00","slug":"porto-fcbarcelona-alignments-of-the-day-2-of-the-champions-league-2023-2024_296767_102","status":"publish","type":"post","link":"https:\/\/www.fcbarcelonanoticias.com\/en\/champions-league\/porto-fcbarcelona-alignments-of-the-day-2-of-the-champions-league-2023-2024_296767_102.html","title":{"rendered":"Porto-FC Barcelona: Alignments of the day 2 of the Champions League 2023\/2024"},"content":{"rendered":"<h2 class=\"wp-block-heading\">The FC Barcelona already has revealed the alignment with which will confront to the Port wine in the Stadium do Drag\u00e3or (Port wine), by the second day of the phase of groups of Champions 2023\/24. This is the XI of the Bar\u00e7a: Ter Stegen, Cancel, Ara\u00fajo, Kound\u00e9, Balde; Oriol, G\u00fcndogan, Gavi; Joao F\u00e9lix, Lewandowski and Lamine<\/h2>  \r\n<div class=\"article-addons\">\r\n    <a href=\"https:\/\/www.fcbarcelonanoticias.com\/en\/calendar-fc-barcelona.html\"\r\n       target=\"_self\"\r\n       title=\"Calendar of FC Barcelona\"\r\n       class=\"blue-gredient-btn\">\r\n       \r\n        Calendar of FC Barcelona    <\/a>\r\n<\/div>   <p><a data-external=\"0\" data-intl-links-en=\"https:\/\/www.fcbarcelonanoticias.com\/en\/champions-league\/barca-travels-to-porto-in-search-of-the-longed-for-hit-in-the-table-in-champions_296747_102.html\" data-intl-links-es=\"https:\/\/www.fcbarcelonanoticias.com\/champions-league\/barca-viaja-oporto-en-busca-ansiado-golpe-en-mesa-en-champions_296747_102.html\" href=\"https:\/\/www.fcbarcelonanoticias.com\/en\/champions-league\/barca-travels-to-porto-in-search-of-the-longed-for-hit-in-the-table-in-champions_296747_102.html\" rel=\"follow\" target=\"_self\" title=\"El Bar\u00e7a viaja a Oporto en busca del ansiado golpe en la mesa en Champions\">The FC Barcelona<\/a> returns to the Champions League with<strong> his visit to the Port wine in <\/strong>the Stadium do Drag\u00e3or (Port wine) <strong>by the second day of the phase of groups of the continental competition. <\/strong>The meeting will contest <strong> <a data-external=\"0\" data-intl-links-en=\"https:\/\/www.fcbarcelonanoticias.com\/en\/champions-league\/oporto-vs-fcbarcelona-in-television-when-and-where-see-the-match-of-the-champions_296734_102.html\" data-intl-links-es=\"https:\/\/www.fcbarcelonanoticias.com\/champions-league\/oporto-vs-fc-barcelona-en-television-cuando-donde-ver-partido-champions_296734_102.html\" href=\"https:\/\/www.fcbarcelonanoticias.com\/en\/champions-league\/oporto-vs-fcbarcelona-in-television-when-and-where-see-the-match-of-the-champions_296734_102.html\" rel=\"follow\" target=\"_self\" title=\"Oporto vs FC Barcelona en Televisi\u00f3n: Cu\u00e1ndo y d\u00f3nde ver el partido de la Champions\">from the 21:00 hours (9:00 PM CEST)<\/a> <\/strong>and the ones of Xavi Hern\u00e1ndez will try to add a new victory in Europe after what was the goleada in his debut in front of the Amberes (5-0) does a pair of weeks.<\/p>  <p>The blaugrana come of an important victory the past Friday in front of the Seville (1-0, which showed again the s\u00f3lidez defensive of the Bar\u00e7a of the past season, although in the line of attack, and especially in the midfield, was not so inspired that day in front of the ones of Nervi\u00f3n. <strong>Thus in front of the Port wine expects that the ones of Xavi want to take the initiative and leave better feelings, <\/strong>especially treating of the Champions.<\/p>  <p>Being a key party in the aspirations to remain with the leadership of the group, Xavi has wanted to keep a XI extremely competitive on the field, although knowing that &#8216;marathon&#8217; of parties of September has sent to the infirmary to Frenkie of Jong. <strong>To bump in front of the lusos the m\u00edster has &#8216;happened&#8217; a bit to do some punctual rotation in his initial team, and has planted for the first time in the season the one who in the paper is his best line of four defenders. <\/strong><\/p>  <h2>Alignments of the Port wine vs FC Barcelona of the Champions League 2023\/2024<\/h2>  <ul> <li> <strong>XI of the FC Barcelona:<\/strong> Ter Stegen; I Cancel, Ara\u00fajo, Kound\u00e9, Balde; Oriol Romeu, G\u00fcndogan, Gavi; Lamine Yamal, Lewandowski and Joao F\u00e9lix.<\/li> \t<li> <strong>Bench of the FC Barcelona: <\/strong>I\u00f1aki, Alonso, I\u00f1igo Mart\u00ednez, Ferran, Sergi Roberto, Ferran, Astralaga, Casad\u00f3 and Ferm\u00edn.<\/li> \t<li> <strong>XI of the Port wine (Possible): <\/strong>Diogo Coast; Mario, Fabio Cardoso, David Carmo, Wendell; Eust\u00e1quio, Alan Varela, Andr\u00e9 Franco, Iv\u00e1n Jaime, Galeno and Taremi.<\/li> <\/ul> ","protected":false},"excerpt":{"rendered":"<p>The FC Barcelona already has revealed the alignment with which will confront to the Port wine in the Stadium do Drag\u00e3or (Port wine), by the second day of the phase of groups of Champions 2023\/24. This is the XI of the Bar\u00e7a: Ter Stegen, Cancel, Ara\u00fajo, Kound\u00e9, Balde; Oriol, G\u00fcndogan, Gavi; Joao F\u00e9lix, Lewandowski and [&hellip;]<\/p>\n","protected":false},"author":345,"featured_media":5898,"comment_status":"closed","ping_status":"open","sticky":false,"template":"","format":"standard","meta":{"_acf_changed":false,"inline_featured_image":false,"_nextfly_llmd_date_locked":false,"footnotes":""},"categories":[447,112],"tags":[201,85],"class_list":["post-5897","post","type-post","status-publish","format-standard","has-post-thumbnail","hentry","category-champions-league-2","category-champions-league","tag-lineups","tag-fc-oporto"],"acf":[],"yoast_head":"<!-- This site is optimized with the Yoast SEO plugin v27.3 - https:\/\/yoast.com\/product\/yoast-seo-wordpress\/ -->\n<title>Porto-FC Barcelona: Alignments of the day 2 of the Champions League 2023\/2024<\/title>\n<meta name=\"description\" content=\"The FC Barcelona already has revealed the alignment with which will confront to the Port wine in the Stadium do Drag\u00e3or (Port wine), by the second day of the phase of groups of Champions 2023\/24. This is the XI of the Bar\u00e7a: Ter Stegen, Cancel, Ara\u00fajo, Kound\u00e9, Balde; Oriol, G\u00fcndogan, Gavi; Joao F\u00e9lix, Lewandowski and The...\" \/>\n<meta name=\"robots\" content=\"index, follow, max-snippet:-1, max-image-preview:large, max-video-preview:-1\" \/>\n<link rel=\"canonical\" href=\"https:\/\/www.fcbarcelonanoticias.com\/en\/champions-league\/porto-fcbarcelona-alignments-of-the-day-2-of-the-champions-league-2023-2024_296767_102.html\" \/>\n<meta property=\"og:locale\" content=\"en_US\" \/>\n<meta property=\"og:type\" content=\"article\" \/>\n<meta property=\"og:title\" content=\"Porto-FC Barcelona: Alignments of the day 2 of the Champions League 2023\/2024\" \/>\n<meta property=\"og:description\" content=\"The FC Barcelona already has revealed the alignment with which will confront to the Port wine in the Stadium do Drag\u00e3or (Port wine), by the second day of the phase of groups of Champions 2023\/24. This is the XI of the Bar\u00e7a: Ter Stegen, Cancel, Ara\u00fajo, Kound\u00e9, Balde; Oriol, G\u00fcndogan, Gavi; Joao F\u00e9lix, Lewandowski and The...\" \/>\n<meta property=\"og:url\" content=\"https:\/\/www.fcbarcelonanoticias.com\/en\/champions-league\/porto-fcbarcelona-alignments-of-the-day-2-of-the-champions-league-2023-2024_296767_102.html\" \/>\n<meta property=\"og:site_name\" content=\"EN - FC Barcelona Noticias\" \/>\n<meta property=\"article:published_time\" content=\"2023-10-04T17:49:00+00:00\" \/>\n<meta property=\"article:modified_time\" content=\"2023-10-04T19:07:00+00:00\" \/>\n<meta property=\"og:image\" content=\"https:\/\/www.fcbarcelonanoticias.com\/en\/wp-content\/uploads\/sites\/2\/2023\/10\/alineacion-oporto-fcbarcelona.jpeg\" \/>\n\t<meta property=\"og:image:width\" content=\"1300\" \/>\n\t<meta property=\"og:image:height\" content=\"731\" \/>\n\t<meta property=\"og:image:type\" content=\"image\/jpeg\" \/>\n<meta name=\"author\" content=\"Carlos Montenegro\" \/>\n<meta name=\"twitter:card\" content=\"summary_large_image\" \/>\n<meta name=\"twitter:label1\" content=\"Written by\" \/>\n\t<meta name=\"twitter:data1\" content=\"Carlos Montenegro\" \/>\n\t<meta name=\"twitter:label2\" content=\"Est. reading time\" \/>\n\t<meta name=\"twitter:data2\" content=\"2 minutes\" \/>\n<script type=\"application\/ld+json\" class=\"yoast-schema-graph\">{\"@context\":\"https:\\\/\\\/schema.org\",\"@graph\":[{\"@type\":\"Article\",\"@id\":\"https:\\\/\\\/www.fcbarcelonanoticias.com\\\/en\\\/champions-league\\\/porto-fcbarcelona-alignments-of-the-day-2-of-the-champions-league-2023-2024_296767_102.html#article\",\"isPartOf\":{\"@id\":\"https:\\\/\\\/www.fcbarcelonanoticias.com\\\/en\\\/champions-league\\\/porto-fcbarcelona-alignments-of-the-day-2-of-the-champions-league-2023-2024_296767_102.html\"},\"author\":{\"name\":\"Carlos Montenegro\",\"@id\":\"https:\\\/\\\/www.fcbarcelonanoticias.com\\\/en\\\/#\\\/schema\\\/person\\\/aa1d038709c262cb247e240f6b39bbf5\"},\"headline\":\"Porto-FC Barcelona: Alignments of the day 2 of the Champions League 2023\\\/2024\",\"datePublished\":\"2023-10-04T17:49:00+00:00\",\"dateModified\":\"2023-10-04T19:07:00+00:00\",\"mainEntityOfPage\":{\"@id\":\"https:\\\/\\\/www.fcbarcelonanoticias.com\\\/en\\\/champions-league\\\/porto-fcbarcelona-alignments-of-the-day-2-of-the-champions-league-2023-2024_296767_102.html\"},\"wordCount\":407,\"image\":{\"@id\":\"https:\\\/\\\/www.fcbarcelonanoticias.com\\\/en\\\/champions-league\\\/porto-fcbarcelona-alignments-of-the-day-2-of-the-champions-league-2023-2024_296767_102.html#primaryimage\"},\"thumbnailUrl\":\"https:\\\/\\\/www.fcbarcelonanoticias.com\\\/en\\\/wp-content\\\/uploads\\\/sites\\\/2\\\/2023\\\/10\\\/alineacion-oporto-fcbarcelona.jpeg\",\"keywords\":[\"FC Barcelona Lineups\",\"FC Oporto\"],\"articleSection\":[\"Champions League\",\"Champions League\"],\"inLanguage\":\"en-US\"},{\"@type\":\"WebPage\",\"@id\":\"https:\\\/\\\/www.fcbarcelonanoticias.com\\\/en\\\/champions-league\\\/porto-fcbarcelona-alignments-of-the-day-2-of-the-champions-league-2023-2024_296767_102.html\",\"url\":\"https:\\\/\\\/www.fcbarcelonanoticias.com\\\/en\\\/champions-league\\\/porto-fcbarcelona-alignments-of-the-day-2-of-the-champions-league-2023-2024_296767_102.html\",\"name\":\"Porto-FC Barcelona: Alignments of the day 2 of the Champions League 2023\\\/2024\",\"isPartOf\":{\"@id\":\"https:\\\/\\\/www.fcbarcelonanoticias.com\\\/en\\\/#website\"},\"primaryImageOfPage\":{\"@id\":\"https:\\\/\\\/www.fcbarcelonanoticias.com\\\/en\\\/champions-league\\\/porto-fcbarcelona-alignments-of-the-day-2-of-the-champions-league-2023-2024_296767_102.html#primaryimage\"},\"image\":{\"@id\":\"https:\\\/\\\/www.fcbarcelonanoticias.com\\\/en\\\/champions-league\\\/porto-fcbarcelona-alignments-of-the-day-2-of-the-champions-league-2023-2024_296767_102.html#primaryimage\"},\"thumbnailUrl\":\"https:\\\/\\\/www.fcbarcelonanoticias.com\\\/en\\\/wp-content\\\/uploads\\\/sites\\\/2\\\/2023\\\/10\\\/alineacion-oporto-fcbarcelona.jpeg\",\"datePublished\":\"2023-10-04T17:49:00+00:00\",\"dateModified\":\"2023-10-04T19:07:00+00:00\",\"author\":{\"@id\":\"https:\\\/\\\/www.fcbarcelonanoticias.com\\\/en\\\/#\\\/schema\\\/person\\\/aa1d038709c262cb247e240f6b39bbf5\"},\"description\":\"The FC Barcelona already has revealed the alignment with which will confront to the Port wine in the Stadium do Drag\u00e3or (Port wine), by the second day of the phase of groups of Champions 2023\\\/24. This is the XI of the Bar\u00e7a: Ter Stegen, Cancel, Ara\u00fajo, Kound\u00e9, Balde; Oriol, G\u00fcndogan, Gavi; Joao F\u00e9lix, Lewandowski and The...\",\"breadcrumb\":{\"@id\":\"https:\\\/\\\/www.fcbarcelonanoticias.com\\\/en\\\/champions-league\\\/porto-fcbarcelona-alignments-of-the-day-2-of-the-champions-league-2023-2024_296767_102.html#breadcrumb\"},\"inLanguage\":\"en-US\",\"potentialAction\":[{\"@type\":\"ReadAction\",\"target\":[\"https:\\\/\\\/www.fcbarcelonanoticias.com\\\/en\\\/champions-league\\\/porto-fcbarcelona-alignments-of-the-day-2-of-the-champions-league-2023-2024_296767_102.html\"]}]},{\"@type\":\"ImageObject\",\"inLanguage\":\"en-US\",\"@id\":\"https:\\\/\\\/www.fcbarcelonanoticias.com\\\/en\\\/champions-league\\\/porto-fcbarcelona-alignments-of-the-day-2-of-the-champions-league-2023-2024_296767_102.html#primaryimage\",\"url\":\"https:\\\/\\\/www.fcbarcelonanoticias.com\\\/en\\\/wp-content\\\/uploads\\\/sites\\\/2\\\/2023\\\/10\\\/alineacion-oporto-fcbarcelona.jpeg\",\"contentUrl\":\"https:\\\/\\\/www.fcbarcelonanoticias.com\\\/en\\\/wp-content\\\/uploads\\\/sites\\\/2\\\/2023\\\/10\\\/alineacion-oporto-fcbarcelona.jpeg\",\"width\":1300,\"height\":731},{\"@type\":\"BreadcrumbList\",\"@id\":\"https:\\\/\\\/www.fcbarcelonanoticias.com\\\/en\\\/champions-league\\\/porto-fcbarcelona-alignments-of-the-day-2-of-the-champions-league-2023-2024_296767_102.html#breadcrumb\",\"itemListElement\":[{\"@type\":\"ListItem\",\"position\":1,\"name\":\"Portada\",\"item\":\"https:\\\/\\\/www.fcbarcelonanoticias.com\\\/en\\\/\"},{\"@type\":\"ListItem\",\"position\":2,\"name\":\"Porto-FC Barcelona: Alignments of the day 2 of the Champions League 2023\\\/2024\"}]},{\"@type\":\"WebSite\",\"@id\":\"https:\\\/\\\/www.fcbarcelonanoticias.com\\\/en\\\/#website\",\"url\":\"https:\\\/\\\/www.fcbarcelonanoticias.com\\\/en\\\/\",\"name\":\"EN - FC Barcelona Noticias\",\"description\":\"\",\"potentialAction\":[{\"@type\":\"SearchAction\",\"target\":{\"@type\":\"EntryPoint\",\"urlTemplate\":\"https:\\\/\\\/www.fcbarcelonanoticias.com\\\/en\\\/?s={search_term_string}\"},\"query-input\":{\"@type\":\"PropertyValueSpecification\",\"valueRequired\":true,\"valueName\":\"search_term_string\"}}],\"inLanguage\":\"en-US\"},{\"@type\":\"Person\",\"@id\":\"https:\\\/\\\/www.fcbarcelonanoticias.com\\\/en\\\/#\\\/schema\\\/person\\\/aa1d038709c262cb247e240f6b39bbf5\",\"name\":\"Carlos Montenegro\",\"image\":{\"@type\":\"ImageObject\",\"inLanguage\":\"en-US\",\"@id\":\"https:\\\/\\\/secure.gravatar.com\\\/avatar\\\/?s=96&d=mm&r=g\",\"url\":\"https:\\\/\\\/secure.gravatar.com\\\/avatar\\\/?s=96&d=mm&r=g\",\"contentUrl\":\"https:\\\/\\\/secure.gravatar.com\\\/avatar\\\/?s=96&d=mm&r=g\",\"caption\":\"Carlos Montenegro\"},\"url\":\"https:\\\/\\\/www.fcbarcelonanoticias.com\\\/en\\\/carlos-montenegro_20_115.html\"}]}<\/script>\n<!-- \/ Yoast SEO plugin. -->","yoast_head_json":{"title":"Porto-FC Barcelona: Alignments of the day 2 of the Champions League 2023\/2024","description":"The FC Barcelona already has revealed the alignment with which will confront to the Port wine in the Stadium do Drag\u00e3or (Port wine), by the second day of the phase of groups of Champions 2023\/24. This is the XI of the Bar\u00e7a: Ter Stegen, Cancel, Ara\u00fajo, Kound\u00e9, Balde; Oriol, G\u00fcndogan, Gavi; Joao F\u00e9lix, Lewandowski and The...","robots":{"index":"index","follow":"follow","max-snippet":"max-snippet:-1","max-image-preview":"max-image-preview:large","max-video-preview":"max-video-preview:-1"},"canonical":"https:\/\/www.fcbarcelonanoticias.com\/en\/champions-league\/porto-fcbarcelona-alignments-of-the-day-2-of-the-champions-league-2023-2024_296767_102.html","og_locale":"en_US","og_type":"article","og_title":"Porto-FC Barcelona: Alignments of the day 2 of the Champions League 2023\/2024","og_description":"The FC Barcelona already has revealed the alignment with which will confront to the Port wine in the Stadium do Drag\u00e3or (Port wine), by the second day of the phase of groups of Champions 2023\/24. This is the XI of the Bar\u00e7a: Ter Stegen, Cancel, Ara\u00fajo, Kound\u00e9, Balde; Oriol, G\u00fcndogan, Gavi; Joao F\u00e9lix, Lewandowski and The...","og_url":"https:\/\/www.fcbarcelonanoticias.com\/en\/champions-league\/porto-fcbarcelona-alignments-of-the-day-2-of-the-champions-league-2023-2024_296767_102.html","og_site_name":"EN - FC Barcelona Noticias","article_published_time":"2023-10-04T17:49:00+00:00","article_modified_time":"2023-10-04T19:07:00+00:00","og_image":[{"width":1300,"height":731,"url":"https:\/\/www.fcbarcelonanoticias.com\/en\/wp-content\/uploads\/sites\/2\/2023\/10\/alineacion-oporto-fcbarcelona.jpeg","type":"image\/jpeg"}],"author":"Carlos Montenegro","twitter_card":"summary_large_image","twitter_misc":{"Written by":"Carlos Montenegro","Est. reading time":"2 minutes"},"schema":{"@context":"https:\/\/schema.org","@graph":[{"@type":"Article","@id":"https:\/\/www.fcbarcelonanoticias.com\/en\/champions-league\/porto-fcbarcelona-alignments-of-the-day-2-of-the-champions-league-2023-2024_296767_102.html#article","isPartOf":{"@id":"https:\/\/www.fcbarcelonanoticias.com\/en\/champions-league\/porto-fcbarcelona-alignments-of-the-day-2-of-the-champions-league-2023-2024_296767_102.html"},"author":{"name":"Carlos Montenegro","@id":"https:\/\/www.fcbarcelonanoticias.com\/en\/#\/schema\/person\/aa1d038709c262cb247e240f6b39bbf5"},"headline":"Porto-FC Barcelona: Alignments of the day 2 of the Champions League 2023\/2024","datePublished":"2023-10-04T17:49:00+00:00","dateModified":"2023-10-04T19:07:00+00:00","mainEntityOfPage":{"@id":"https:\/\/www.fcbarcelonanoticias.com\/en\/champions-league\/porto-fcbarcelona-alignments-of-the-day-2-of-the-champions-league-2023-2024_296767_102.html"},"wordCount":407,"image":{"@id":"https:\/\/www.fcbarcelonanoticias.com\/en\/champions-league\/porto-fcbarcelona-alignments-of-the-day-2-of-the-champions-league-2023-2024_296767_102.html#primaryimage"},"thumbnailUrl":"https:\/\/www.fcbarcelonanoticias.com\/en\/wp-content\/uploads\/sites\/2\/2023\/10\/alineacion-oporto-fcbarcelona.jpeg","keywords":["FC Barcelona Lineups","FC Oporto"],"articleSection":["Champions League","Champions League"],"inLanguage":"en-US"},{"@type":"WebPage","@id":"https:\/\/www.fcbarcelonanoticias.com\/en\/champions-league\/porto-fcbarcelona-alignments-of-the-day-2-of-the-champions-league-2023-2024_296767_102.html","url":"https:\/\/www.fcbarcelonanoticias.com\/en\/champions-league\/porto-fcbarcelona-alignments-of-the-day-2-of-the-champions-league-2023-2024_296767_102.html","name":"Porto-FC Barcelona: Alignments of the day 2 of the Champions League 2023\/2024","isPartOf":{"@id":"https:\/\/www.fcbarcelonanoticias.com\/en\/#website"},"primaryImageOfPage":{"@id":"https:\/\/www.fcbarcelonanoticias.com\/en\/champions-league\/porto-fcbarcelona-alignments-of-the-day-2-of-the-champions-league-2023-2024_296767_102.html#primaryimage"},"image":{"@id":"https:\/\/www.fcbarcelonanoticias.com\/en\/champions-league\/porto-fcbarcelona-alignments-of-the-day-2-of-the-champions-league-2023-2024_296767_102.html#primaryimage"},"thumbnailUrl":"https:\/\/www.fcbarcelonanoticias.com\/en\/wp-content\/uploads\/sites\/2\/2023\/10\/alineacion-oporto-fcbarcelona.jpeg","datePublished":"2023-10-04T17:49:00+00:00","dateModified":"2023-10-04T19:07:00+00:00","author":{"@id":"https:\/\/www.fcbarcelonanoticias.com\/en\/#\/schema\/person\/aa1d038709c262cb247e240f6b39bbf5"},"description":"The FC Barcelona already has revealed the alignment with which will confront to the Port wine in the Stadium do Drag\u00e3or (Port wine), by the second day of the phase of groups of Champions 2023\/24. This is the XI of the Bar\u00e7a: Ter Stegen, Cancel, Ara\u00fajo, Kound\u00e9, Balde; Oriol, G\u00fcndogan, Gavi; Joao F\u00e9lix, Lewandowski and The...","breadcrumb":{"@id":"https:\/\/www.fcbarcelonanoticias.com\/en\/champions-league\/porto-fcbarcelona-alignments-of-the-day-2-of-the-champions-league-2023-2024_296767_102.html#breadcrumb"},"inLanguage":"en-US","potentialAction":[{"@type":"ReadAction","target":["https:\/\/www.fcbarcelonanoticias.com\/en\/champions-league\/porto-fcbarcelona-alignments-of-the-day-2-of-the-champions-league-2023-2024_296767_102.html"]}]},{"@type":"ImageObject","inLanguage":"en-US","@id":"https:\/\/www.fcbarcelonanoticias.com\/en\/champions-league\/porto-fcbarcelona-alignments-of-the-day-2-of-the-champions-league-2023-2024_296767_102.html#primaryimage","url":"https:\/\/www.fcbarcelonanoticias.com\/en\/wp-content\/uploads\/sites\/2\/2023\/10\/alineacion-oporto-fcbarcelona.jpeg","contentUrl":"https:\/\/www.fcbarcelonanoticias.com\/en\/wp-content\/uploads\/sites\/2\/2023\/10\/alineacion-oporto-fcbarcelona.jpeg","width":1300,"height":731},{"@type":"BreadcrumbList","@id":"https:\/\/www.fcbarcelonanoticias.com\/en\/champions-league\/porto-fcbarcelona-alignments-of-the-day-2-of-the-champions-league-2023-2024_296767_102.html#breadcrumb","itemListElement":[{"@type":"ListItem","position":1,"name":"Portada","item":"https:\/\/www.fcbarcelonanoticias.com\/en\/"},{"@type":"ListItem","position":2,"name":"Porto-FC Barcelona: Alignments of the day 2 of the Champions League 2023\/2024"}]},{"@type":"WebSite","@id":"https:\/\/www.fcbarcelonanoticias.com\/en\/#website","url":"https:\/\/www.fcbarcelonanoticias.com\/en\/","name":"EN - FC Barcelona Noticias","description":"","potentialAction":[{"@type":"SearchAction","target":{"@type":"EntryPoint","urlTemplate":"https:\/\/www.fcbarcelonanoticias.com\/en\/?s={search_term_string}"},"query-input":{"@type":"PropertyValueSpecification","valueRequired":true,"valueName":"search_term_string"}}],"inLanguage":"en-US"},{"@type":"Person","@id":"https:\/\/www.fcbarcelonanoticias.com\/en\/#\/schema\/person\/aa1d038709c262cb247e240f6b39bbf5","name":"Carlos Montenegro","image":{"@type":"ImageObject","inLanguage":"en-US","@id":"https:\/\/secure.gravatar.com\/avatar\/?s=96&d=mm&r=g","url":"https:\/\/secure.gravatar.com\/avatar\/?s=96&d=mm&r=g","contentUrl":"https:\/\/secure.gravatar.com\/avatar\/?s=96&d=mm&r=g","caption":"Carlos Montenegro"},"url":"https:\/\/www.fcbarcelonanoticias.com\/en\/carlos-montenegro_20_115.html"}]}},"_links":{"self":[{"href":"https:\/\/www.fcbarcelonanoticias.com\/en\/wp-json\/wp\/v2\/posts\/5897","targetHints":{"allow":["GET"]}}],"collection":[{"href":"https:\/\/www.fcbarcelonanoticias.com\/en\/wp-json\/wp\/v2\/posts"}],"about":[{"href":"https:\/\/www.fcbarcelonanoticias.com\/en\/wp-json\/wp\/v2\/types\/post"}],"author":[{"embeddable":true,"href":"https:\/\/www.fcbarcelonanoticias.com\/en\/wp-json\/wp\/v2\/users\/345"}],"replies":[{"embeddable":true,"href":"https:\/\/www.fcbarcelonanoticias.com\/en\/wp-json\/wp\/v2\/comments?post=5897"}],"version-history":[{"count":1,"href":"https:\/\/www.fcbarcelonanoticias.com\/en\/wp-json\/wp\/v2\/posts\/5897\/revisions"}],"predecessor-version":[{"id":104662,"href":"https:\/\/www.fcbarcelonanoticias.com\/en\/wp-json\/wp\/v2\/posts\/5897\/revisions\/104662"}],"wp:featuredmedia":[{"embeddable":true,"href":"https:\/\/www.fcbarcelonanoticias.com\/en\/wp-json\/wp\/v2\/media\/5898"}],"wp:attachment":[{"href":"https:\/\/www.fcbarcelonanoticias.com\/en\/wp-json\/wp\/v2\/media?parent=5897"}],"wp:term":[{"taxonomy":"category","embeddable":true,"href":"https:\/\/www.fcbarcelonanoticias.com\/en\/wp-json\/wp\/v2\/categories?post=5897"},{"taxonomy":"post_tag","embeddable":true,"href":"https:\/\/www.fcbarcelonanoticias.com\/en\/wp-json\/wp\/v2\/tags?post=5897"}],"curies":[{"name":"wp","href":"https:\/\/api.w.org\/{rel}","templated":true}]}}