{"id":59017,"date":"2022-05-02T23:52:00","date_gmt":"2022-05-02T21:52:00","guid":{"rendered":"https:\/\/weisetech.dev\/fc-barcelona-noticias\/en\/like-this-it-is-laliga-the-tie-of-the-betis-leaves-to-the-barca-to-the_279946_102\/"},"modified":"2024-12-19T12:49:00","modified_gmt":"2024-12-19T11:49:00","slug":"like-this-it-is-laliga-the-tie-of-the-betis-leaves-to-the-barca-to-the_279946_102","status":"publish","type":"post","link":"https:\/\/www.fcbarcelonanoticias.com\/en\/laliga\/like-this-it-is-laliga-the-tie-of-the-betis-leaves-to-the-barca-to-the_279946_102.html","title":{"rendered":"This is LaLiga: Betis&#8217; draw leaves Bar\u00e7a at the gates of the Champions League"},"content":{"rendered":"<h2 class=\"wp-block-heading\">Matchday 34 of LaLiga closed with a goalless draw between Getafe and Betis, a result that strengthens FC Barcelona in second place in the table. With the title in the hands of Real Madrid, the Catalans only have to secure the runner-up<\/h2>  \r\n<div class=\"article-addons\">\r\n    <a href=\"https:\/\/www.fcbarcelonanoticias.com\/en\/calendar-fc-barcelona.html\"\r\n       target=\"_self\"\r\n       title=\"Calendar of FC Barcelona\"\r\n       class=\"blue-gredient-btn\">\r\n       \r\n        Calendar of FC Barcelona    <\/a>\r\n<\/div>   <p>The triumph of the <a data-external=\"0\" data-intl-links-en=\"https:\/\/www.fcbarcelonanoticias.com\/en\/transfers\/bayern-insists-on-leaving-barcelona-without-lewandowski-seguira-100_279944_102.html\" data-intl-links-es=\"https:\/\/www.fcbarcelonanoticias.com\/fichajes\/bayern-insiste-en-dejar-barcelona-sin-lewandowski-seguira-100_279944_102.html\" href=\"https:\/\/www.fcbarcelonanoticias.com\/en\/transfers\/bayern-insists-on-leaving-barcelona-without-lewandowski-seguira-100_279944_102.html\" rel=\"follow\" seguir=\"\" target=\"_self\" title=\"El Bayern insiste en dejar al Bar\u00e7a sin Lewandowski: \">FC Barcelona<\/a> in front of the Mallorca (0-0) was key to strengthen to the ones of Xavi Hern\u00e1ndez in the second place of the classification of LaLiga. With the tie of the Betis in front of the Getafe the Monday in Madrid (0-0), <strong>the cul\u00e9s expanded his advantage in the &#8216;zone Champions&#8217;, since any of his perseguidores in the table could win in the day<\/strong>, with which the aim to classify to the next League of Champions is more near.<\/p>  <p>With the tie in the Coliseo Alfonso P\u00e9rez,<strong> the &#8216;verdiblancos&#8217; arrived to 58 points and follow fifth to eight points of the group blaugrana <\/strong>(second with 66 points). The <strong>Seville <\/strong>also equalised in the date with the C\u00e1diz home (1-1) and follows third with 54 units, three more than the <strong>Athletic <strong> of Madrid<\/strong> (61)<\/strong>, that the Saturday fell in front of the Athletic in Saint Mam\u00e9s (2-0). <strong>The Madrid, by his part, ensured the title after golear to the Espanyol the Saturday<\/strong> in Santiago Bernab\u00e9u (4-0), with which arrived to 81 points.<\/p>  <p>The high part of the table complete it <strong>Real Sociedad<\/strong> (56), <strong>Villarreal <\/strong>(52) and <strong>Athletic <\/strong>(51). Only the ones of Bilbao added of to three in the day, since the Real grieve attained a tie in field of the Ray (1-1) and <strong>the &#8216;yellow Submarine&#8217; fell in Mendizorroza in front of the Alav\u00e9s (2-1)<\/strong> with the head put in the turn of semifinals of Champions in front of the Liverpool the Tuesday in The Madrigal.<\/p>  <p>The first-half of the classification closes with <strong>Osasuna <\/strong>(45) and <strong>Valencia <\/strong>(41). Both equalised 1-1 in the date with Elche and Raise, respectively. The second half of the table initiates with <strong>Rayo&nbsp;<\/strong>(41), <strong>Celtic <\/strong>(40), <strong>Elche <\/strong>(39) and <strong>Espanyol <\/strong>(39), clubs that already are practically saved to fault of four days, but of the place 15 from now on (Getafe) anything can suceder.<\/p>  <h3>The fight intensifies in the low part of the classification<\/h3>  <p>In this sense, the battle by the permanence promises to be dramatic until the last day. <strong>With the equality in front of the Betis, the ones of Quique S\u00e1nchez Flores arrived to 36 points<\/strong>, four more than the <a data-external=\"0\" data-intl-links-en=\"https:\/\/www.fcbarcelonanoticias.com\/en\/laliga\/video-summary-goals-best-plays-barcelona-mallorca-2-1_279909_102.html\" data-intl-links-es=\"https:\/\/www.fcbarcelonanoticias.com\/laliga\/video-resumen-goles-mejores-jugadas-barcelona-mallorca-2-1_279909_102.html\" href=\"https:\/\/www.fcbarcelonanoticias.com\/en\/laliga\/video-summary-goals-best-plays-barcelona-mallorca-2-1_279909_102.html\" rel=\"follow\" target=\"_self\" title=\"V\u00cdDEO RESUMEN: Los goles y las mejores jugadas del Bar\u00e7a-Mallorca (2-1)\">Mallorca<\/a> (32) and <strong>C\u00e1diz <\/strong>(32). In this moment would descend <strong>Granada <\/strong>(31), <strong>Alav\u00e9s <\/strong>(28) and <strong>Levante <\/strong>(26). In the next day Mallorca and Granada will bump in Sound Moix in a key duel for the permanence.<\/p> ","protected":false},"excerpt":{"rendered":"<p>Matchday 34 of LaLiga closed with a goalless draw between Getafe and Betis, a result that strengthens FC Barcelona in second place in the table. With the title in the hands of Real Madrid, the Catalans only have to secure the runner-up The triumph of the FC Barcelona in front of the Mallorca (0-0) was [&hellip;]<\/p>\n","protected":false},"author":347,"featured_media":117306,"comment_status":"closed","ping_status":"open","sticky":false,"template":"","format":"standard","meta":{"_acf_changed":false,"inline_featured_image":false,"_nextfly_llmd_date_locked":false,"footnotes":""},"categories":[448,114],"tags":[272],"class_list":["post-59017","post","type-post","status-publish","format-standard","has-post-thumbnail","hentry","category-laliga-2","category-laliga","tag-bets"],"acf":[],"yoast_head":"<!-- This site is optimized with the Yoast SEO plugin v27.3 - https:\/\/yoast.com\/product\/yoast-seo-wordpress\/ -->\n<title>This is LaLiga: Betis&#039; draw leaves Bar\u00e7a at the gates of the Champions League<\/title>\n<meta name=\"description\" content=\"The day 34 of LaLiga closed with a tie without goals between the Getafe and the Betis, a result that strengthens to the FC Barcelona in the second place of the table....\" \/>\n<meta name=\"robots\" content=\"index, follow, max-snippet:-1, max-image-preview:large, max-video-preview:-1\" \/>\n<link rel=\"canonical\" href=\"https:\/\/www.fcbarcelonanoticias.com\/en\/laliga\/like-this-it-is-laliga-the-tie-of-the-betis-leaves-to-the-barca-to-the_279946_102.html\" \/>\n<meta property=\"og:locale\" content=\"en_US\" \/>\n<meta property=\"og:type\" content=\"article\" \/>\n<meta property=\"og:title\" content=\"This is LaLiga: Betis&#039; draw leaves Bar\u00e7a at the gates of the Champions League\" \/>\n<meta property=\"og:description\" content=\"The day 34 of LaLiga closed with a tie without goals between the Getafe and the Betis, a result that strengthens to the FC Barcelona in the second place of the table....\" \/>\n<meta property=\"og:url\" content=\"https:\/\/www.fcbarcelonanoticias.com\/en\/laliga\/like-this-it-is-laliga-the-tie-of-the-betis-leaves-to-the-barca-to-the_279946_102.html\" \/>\n<meta property=\"og:site_name\" content=\"EN - FC Barcelona Noticias\" \/>\n<meta property=\"article:published_time\" content=\"2022-05-02T21:52:00+00:00\" \/>\n<meta property=\"article:modified_time\" content=\"2024-12-19T11:49:00+00:00\" \/>\n<meta property=\"og:image\" content=\"https:\/\/www.fcbarcelonanoticias.com\/en\/wp-content\/uploads\/sites\/2\/2022\/05\/clasi-liga-jornada-1.jpeg\" \/>\n\t<meta property=\"og:image:width\" content=\"1200\" \/>\n\t<meta property=\"og:image:height\" content=\"675\" \/>\n\t<meta property=\"og:image:type\" content=\"image\/jpeg\" \/>\n<meta name=\"author\" content=\"Andr\u00e9s Quiroz\" \/>\n<meta name=\"twitter:card\" content=\"summary_large_image\" \/>\n<meta name=\"twitter:label1\" content=\"Written by\" \/>\n\t<meta name=\"twitter:data1\" content=\"Andr\u00e9s Quiroz\" \/>\n\t<meta name=\"twitter:label2\" content=\"Est. reading time\" \/>\n\t<meta name=\"twitter:data2\" content=\"2 minutes\" \/>\n<script type=\"application\/ld+json\" class=\"yoast-schema-graph\">{\"@context\":\"https:\\\/\\\/schema.org\",\"@graph\":[{\"@type\":\"Article\",\"@id\":\"https:\\\/\\\/www.fcbarcelonanoticias.com\\\/en\\\/laliga\\\/like-this-it-is-laliga-the-tie-of-the-betis-leaves-to-the-barca-to-the_279946_102.html#article\",\"isPartOf\":{\"@id\":\"https:\\\/\\\/www.fcbarcelonanoticias.com\\\/en\\\/laliga\\\/like-this-it-is-laliga-the-tie-of-the-betis-leaves-to-the-barca-to-the_279946_102.html\"},\"author\":{\"name\":\"Andr\u00e9s Quiroz\",\"@id\":\"https:\\\/\\\/www.fcbarcelonanoticias.com\\\/en\\\/#\\\/schema\\\/person\\\/c2cd9f6fa1af5c0d0eccd0fefa575c88\"},\"headline\":\"This is LaLiga: Betis&#8217; draw leaves Bar\u00e7a at the gates of the Champions League\",\"datePublished\":\"2022-05-02T21:52:00+00:00\",\"dateModified\":\"2024-12-19T11:49:00+00:00\",\"mainEntityOfPage\":{\"@id\":\"https:\\\/\\\/www.fcbarcelonanoticias.com\\\/en\\\/laliga\\\/like-this-it-is-laliga-the-tie-of-the-betis-leaves-to-the-barca-to-the_279946_102.html\"},\"wordCount\":444,\"image\":{\"@id\":\"https:\\\/\\\/www.fcbarcelonanoticias.com\\\/en\\\/laliga\\\/like-this-it-is-laliga-the-tie-of-the-betis-leaves-to-the-barca-to-the_279946_102.html#primaryimage\"},\"thumbnailUrl\":\"https:\\\/\\\/www.fcbarcelonanoticias.com\\\/en\\\/wp-content\\\/uploads\\\/sites\\\/2\\\/2022\\\/05\\\/clasi-liga-jornada-1.jpeg\",\"keywords\":[\"Bets\"],\"articleSection\":[\"LaLiga\",\"LaLiga\"],\"inLanguage\":\"en-US\"},{\"@type\":\"WebPage\",\"@id\":\"https:\\\/\\\/www.fcbarcelonanoticias.com\\\/en\\\/laliga\\\/like-this-it-is-laliga-the-tie-of-the-betis-leaves-to-the-barca-to-the_279946_102.html\",\"url\":\"https:\\\/\\\/www.fcbarcelonanoticias.com\\\/en\\\/laliga\\\/like-this-it-is-laliga-the-tie-of-the-betis-leaves-to-the-barca-to-the_279946_102.html\",\"name\":\"This is LaLiga: Betis' draw leaves Bar\u00e7a at the gates of the Champions League\",\"isPartOf\":{\"@id\":\"https:\\\/\\\/www.fcbarcelonanoticias.com\\\/en\\\/#website\"},\"primaryImageOfPage\":{\"@id\":\"https:\\\/\\\/www.fcbarcelonanoticias.com\\\/en\\\/laliga\\\/like-this-it-is-laliga-the-tie-of-the-betis-leaves-to-the-barca-to-the_279946_102.html#primaryimage\"},\"image\":{\"@id\":\"https:\\\/\\\/www.fcbarcelonanoticias.com\\\/en\\\/laliga\\\/like-this-it-is-laliga-the-tie-of-the-betis-leaves-to-the-barca-to-the_279946_102.html#primaryimage\"},\"thumbnailUrl\":\"https:\\\/\\\/www.fcbarcelonanoticias.com\\\/en\\\/wp-content\\\/uploads\\\/sites\\\/2\\\/2022\\\/05\\\/clasi-liga-jornada-1.jpeg\",\"datePublished\":\"2022-05-02T21:52:00+00:00\",\"dateModified\":\"2024-12-19T11:49:00+00:00\",\"author\":{\"@id\":\"https:\\\/\\\/www.fcbarcelonanoticias.com\\\/en\\\/#\\\/schema\\\/person\\\/c2cd9f6fa1af5c0d0eccd0fefa575c88\"},\"description\":\"The day 34 of LaLiga closed with a tie without goals between the Getafe and the Betis, a result that strengthens to the FC Barcelona in the second place of the table....\",\"breadcrumb\":{\"@id\":\"https:\\\/\\\/www.fcbarcelonanoticias.com\\\/en\\\/laliga\\\/like-this-it-is-laliga-the-tie-of-the-betis-leaves-to-the-barca-to-the_279946_102.html#breadcrumb\"},\"inLanguage\":\"en-US\",\"potentialAction\":[{\"@type\":\"ReadAction\",\"target\":[\"https:\\\/\\\/www.fcbarcelonanoticias.com\\\/en\\\/laliga\\\/like-this-it-is-laliga-the-tie-of-the-betis-leaves-to-the-barca-to-the_279946_102.html\"]}]},{\"@type\":\"ImageObject\",\"inLanguage\":\"en-US\",\"@id\":\"https:\\\/\\\/www.fcbarcelonanoticias.com\\\/en\\\/laliga\\\/like-this-it-is-laliga-the-tie-of-the-betis-leaves-to-the-barca-to-the_279946_102.html#primaryimage\",\"url\":\"https:\\\/\\\/www.fcbarcelonanoticias.com\\\/en\\\/wp-content\\\/uploads\\\/sites\\\/2\\\/2022\\\/05\\\/clasi-liga-jornada-1.jpeg\",\"contentUrl\":\"https:\\\/\\\/www.fcbarcelonanoticias.com\\\/en\\\/wp-content\\\/uploads\\\/sites\\\/2\\\/2022\\\/05\\\/clasi-liga-jornada-1.jpeg\",\"width\":1200,\"height\":675},{\"@type\":\"BreadcrumbList\",\"@id\":\"https:\\\/\\\/www.fcbarcelonanoticias.com\\\/en\\\/laliga\\\/like-this-it-is-laliga-the-tie-of-the-betis-leaves-to-the-barca-to-the_279946_102.html#breadcrumb\",\"itemListElement\":[{\"@type\":\"ListItem\",\"position\":1,\"name\":\"Portada\",\"item\":\"https:\\\/\\\/www.fcbarcelonanoticias.com\\\/en\\\/\"},{\"@type\":\"ListItem\",\"position\":2,\"name\":\"This is LaLiga: Betis&#8217; draw leaves Bar\u00e7a at the gates of the Champions League\"}]},{\"@type\":\"WebSite\",\"@id\":\"https:\\\/\\\/www.fcbarcelonanoticias.com\\\/en\\\/#website\",\"url\":\"https:\\\/\\\/www.fcbarcelonanoticias.com\\\/en\\\/\",\"name\":\"EN - FC Barcelona Noticias\",\"description\":\"\",\"potentialAction\":[{\"@type\":\"SearchAction\",\"target\":{\"@type\":\"EntryPoint\",\"urlTemplate\":\"https:\\\/\\\/www.fcbarcelonanoticias.com\\\/en\\\/?s={search_term_string}\"},\"query-input\":{\"@type\":\"PropertyValueSpecification\",\"valueRequired\":true,\"valueName\":\"search_term_string\"}}],\"inLanguage\":\"en-US\"},{\"@type\":\"Person\",\"@id\":\"https:\\\/\\\/www.fcbarcelonanoticias.com\\\/en\\\/#\\\/schema\\\/person\\\/c2cd9f6fa1af5c0d0eccd0fefa575c88\",\"name\":\"Andr\u00e9s Quiroz\",\"image\":{\"@type\":\"ImageObject\",\"inLanguage\":\"en-US\",\"@id\":\"https:\\\/\\\/secure.gravatar.com\\\/avatar\\\/?s=96&d=mm&r=g\",\"url\":\"https:\\\/\\\/secure.gravatar.com\\\/avatar\\\/?s=96&d=mm&r=g\",\"contentUrl\":\"https:\\\/\\\/secure.gravatar.com\\\/avatar\\\/?s=96&d=mm&r=g\",\"caption\":\"Andr\u00e9s Quiroz\"},\"description\":\"Licenciado en Periodismo por la Universidad de los Andes. Me encargo de analizar y compartir los contenidos m\u00e1s destacados de la\u00a0actualidad del F\u00fatbol Club Barcelona, Mercado de Fichajes y F\u00fatbol Internacional en FCBN. La informaci\u00f3n es poder, pero tambi\u00e9n conocimiento.\",\"url\":\"https:\\\/\\\/www.fcbarcelonanoticias.com\\\/en\\\/fc-barcelona\\\/andres-quiroz_17_115.html\"}]}<\/script>\n<!-- \/ Yoast SEO plugin. -->","yoast_head_json":{"title":"This is LaLiga: Betis' draw leaves Bar\u00e7a at the gates of the Champions League","description":"The day 34 of LaLiga closed with a tie without goals between the Getafe and the Betis, a result that strengthens to the FC Barcelona in the second place of the table....","robots":{"index":"index","follow":"follow","max-snippet":"max-snippet:-1","max-image-preview":"max-image-preview:large","max-video-preview":"max-video-preview:-1"},"canonical":"https:\/\/www.fcbarcelonanoticias.com\/en\/laliga\/like-this-it-is-laliga-the-tie-of-the-betis-leaves-to-the-barca-to-the_279946_102.html","og_locale":"en_US","og_type":"article","og_title":"This is LaLiga: Betis' draw leaves Bar\u00e7a at the gates of the Champions League","og_description":"The day 34 of LaLiga closed with a tie without goals between the Getafe and the Betis, a result that strengthens to the FC Barcelona in the second place of the table....","og_url":"https:\/\/www.fcbarcelonanoticias.com\/en\/laliga\/like-this-it-is-laliga-the-tie-of-the-betis-leaves-to-the-barca-to-the_279946_102.html","og_site_name":"EN - FC Barcelona Noticias","article_published_time":"2022-05-02T21:52:00+00:00","article_modified_time":"2024-12-19T11:49:00+00:00","og_image":[{"width":1200,"height":675,"url":"https:\/\/www.fcbarcelonanoticias.com\/en\/wp-content\/uploads\/sites\/2\/2022\/05\/clasi-liga-jornada-1.jpeg","type":"image\/jpeg"}],"author":"Andr\u00e9s Quiroz","twitter_card":"summary_large_image","twitter_misc":{"Written by":"Andr\u00e9s Quiroz","Est. reading time":"2 minutes"},"schema":{"@context":"https:\/\/schema.org","@graph":[{"@type":"Article","@id":"https:\/\/www.fcbarcelonanoticias.com\/en\/laliga\/like-this-it-is-laliga-the-tie-of-the-betis-leaves-to-the-barca-to-the_279946_102.html#article","isPartOf":{"@id":"https:\/\/www.fcbarcelonanoticias.com\/en\/laliga\/like-this-it-is-laliga-the-tie-of-the-betis-leaves-to-the-barca-to-the_279946_102.html"},"author":{"name":"Andr\u00e9s Quiroz","@id":"https:\/\/www.fcbarcelonanoticias.com\/en\/#\/schema\/person\/c2cd9f6fa1af5c0d0eccd0fefa575c88"},"headline":"This is LaLiga: Betis&#8217; draw leaves Bar\u00e7a at the gates of the Champions League","datePublished":"2022-05-02T21:52:00+00:00","dateModified":"2024-12-19T11:49:00+00:00","mainEntityOfPage":{"@id":"https:\/\/www.fcbarcelonanoticias.com\/en\/laliga\/like-this-it-is-laliga-the-tie-of-the-betis-leaves-to-the-barca-to-the_279946_102.html"},"wordCount":444,"image":{"@id":"https:\/\/www.fcbarcelonanoticias.com\/en\/laliga\/like-this-it-is-laliga-the-tie-of-the-betis-leaves-to-the-barca-to-the_279946_102.html#primaryimage"},"thumbnailUrl":"https:\/\/www.fcbarcelonanoticias.com\/en\/wp-content\/uploads\/sites\/2\/2022\/05\/clasi-liga-jornada-1.jpeg","keywords":["Bets"],"articleSection":["LaLiga","LaLiga"],"inLanguage":"en-US"},{"@type":"WebPage","@id":"https:\/\/www.fcbarcelonanoticias.com\/en\/laliga\/like-this-it-is-laliga-the-tie-of-the-betis-leaves-to-the-barca-to-the_279946_102.html","url":"https:\/\/www.fcbarcelonanoticias.com\/en\/laliga\/like-this-it-is-laliga-the-tie-of-the-betis-leaves-to-the-barca-to-the_279946_102.html","name":"This is LaLiga: Betis' draw leaves Bar\u00e7a at the gates of the Champions League","isPartOf":{"@id":"https:\/\/www.fcbarcelonanoticias.com\/en\/#website"},"primaryImageOfPage":{"@id":"https:\/\/www.fcbarcelonanoticias.com\/en\/laliga\/like-this-it-is-laliga-the-tie-of-the-betis-leaves-to-the-barca-to-the_279946_102.html#primaryimage"},"image":{"@id":"https:\/\/www.fcbarcelonanoticias.com\/en\/laliga\/like-this-it-is-laliga-the-tie-of-the-betis-leaves-to-the-barca-to-the_279946_102.html#primaryimage"},"thumbnailUrl":"https:\/\/www.fcbarcelonanoticias.com\/en\/wp-content\/uploads\/sites\/2\/2022\/05\/clasi-liga-jornada-1.jpeg","datePublished":"2022-05-02T21:52:00+00:00","dateModified":"2024-12-19T11:49:00+00:00","author":{"@id":"https:\/\/www.fcbarcelonanoticias.com\/en\/#\/schema\/person\/c2cd9f6fa1af5c0d0eccd0fefa575c88"},"description":"The day 34 of LaLiga closed with a tie without goals between the Getafe and the Betis, a result that strengthens to the FC Barcelona in the second place of the table....","breadcrumb":{"@id":"https:\/\/www.fcbarcelonanoticias.com\/en\/laliga\/like-this-it-is-laliga-the-tie-of-the-betis-leaves-to-the-barca-to-the_279946_102.html#breadcrumb"},"inLanguage":"en-US","potentialAction":[{"@type":"ReadAction","target":["https:\/\/www.fcbarcelonanoticias.com\/en\/laliga\/like-this-it-is-laliga-the-tie-of-the-betis-leaves-to-the-barca-to-the_279946_102.html"]}]},{"@type":"ImageObject","inLanguage":"en-US","@id":"https:\/\/www.fcbarcelonanoticias.com\/en\/laliga\/like-this-it-is-laliga-the-tie-of-the-betis-leaves-to-the-barca-to-the_279946_102.html#primaryimage","url":"https:\/\/www.fcbarcelonanoticias.com\/en\/wp-content\/uploads\/sites\/2\/2022\/05\/clasi-liga-jornada-1.jpeg","contentUrl":"https:\/\/www.fcbarcelonanoticias.com\/en\/wp-content\/uploads\/sites\/2\/2022\/05\/clasi-liga-jornada-1.jpeg","width":1200,"height":675},{"@type":"BreadcrumbList","@id":"https:\/\/www.fcbarcelonanoticias.com\/en\/laliga\/like-this-it-is-laliga-the-tie-of-the-betis-leaves-to-the-barca-to-the_279946_102.html#breadcrumb","itemListElement":[{"@type":"ListItem","position":1,"name":"Portada","item":"https:\/\/www.fcbarcelonanoticias.com\/en\/"},{"@type":"ListItem","position":2,"name":"This is LaLiga: Betis&#8217; draw leaves Bar\u00e7a at the gates of the Champions League"}]},{"@type":"WebSite","@id":"https:\/\/www.fcbarcelonanoticias.com\/en\/#website","url":"https:\/\/www.fcbarcelonanoticias.com\/en\/","name":"EN - FC Barcelona Noticias","description":"","potentialAction":[{"@type":"SearchAction","target":{"@type":"EntryPoint","urlTemplate":"https:\/\/www.fcbarcelonanoticias.com\/en\/?s={search_term_string}"},"query-input":{"@type":"PropertyValueSpecification","valueRequired":true,"valueName":"search_term_string"}}],"inLanguage":"en-US"},{"@type":"Person","@id":"https:\/\/www.fcbarcelonanoticias.com\/en\/#\/schema\/person\/c2cd9f6fa1af5c0d0eccd0fefa575c88","name":"Andr\u00e9s Quiroz","image":{"@type":"ImageObject","inLanguage":"en-US","@id":"https:\/\/secure.gravatar.com\/avatar\/?s=96&d=mm&r=g","url":"https:\/\/secure.gravatar.com\/avatar\/?s=96&d=mm&r=g","contentUrl":"https:\/\/secure.gravatar.com\/avatar\/?s=96&d=mm&r=g","caption":"Andr\u00e9s Quiroz"},"description":"Licenciado en Periodismo por la Universidad de los Andes. Me encargo de analizar y compartir los contenidos m\u00e1s destacados de la\u00a0actualidad del F\u00fatbol Club Barcelona, Mercado de Fichajes y F\u00fatbol Internacional en FCBN. La informaci\u00f3n es poder, pero tambi\u00e9n conocimiento.","url":"https:\/\/www.fcbarcelonanoticias.com\/en\/fc-barcelona\/andres-quiroz_17_115.html"}]}},"_links":{"self":[{"href":"https:\/\/www.fcbarcelonanoticias.com\/en\/wp-json\/wp\/v2\/posts\/59017","targetHints":{"allow":["GET"]}}],"collection":[{"href":"https:\/\/www.fcbarcelonanoticias.com\/en\/wp-json\/wp\/v2\/posts"}],"about":[{"href":"https:\/\/www.fcbarcelonanoticias.com\/en\/wp-json\/wp\/v2\/types\/post"}],"author":[{"embeddable":true,"href":"https:\/\/www.fcbarcelonanoticias.com\/en\/wp-json\/wp\/v2\/users\/347"}],"replies":[{"embeddable":true,"href":"https:\/\/www.fcbarcelonanoticias.com\/en\/wp-json\/wp\/v2\/comments?post=59017"}],"version-history":[{"count":1,"href":"https:\/\/www.fcbarcelonanoticias.com\/en\/wp-json\/wp\/v2\/posts\/59017\/revisions"}],"predecessor-version":[{"id":117305,"href":"https:\/\/www.fcbarcelonanoticias.com\/en\/wp-json\/wp\/v2\/posts\/59017\/revisions\/117305"}],"wp:featuredmedia":[{"embeddable":true,"href":"https:\/\/www.fcbarcelonanoticias.com\/en\/wp-json\/wp\/v2\/media\/117306"}],"wp:attachment":[{"href":"https:\/\/www.fcbarcelonanoticias.com\/en\/wp-json\/wp\/v2\/media?parent=59017"}],"wp:term":[{"taxonomy":"category","embeddable":true,"href":"https:\/\/www.fcbarcelonanoticias.com\/en\/wp-json\/wp\/v2\/categories?post=59017"},{"taxonomy":"post_tag","embeddable":true,"href":"https:\/\/www.fcbarcelonanoticias.com\/en\/wp-json\/wp\/v2\/tags?post=59017"}],"curies":[{"name":"wp","href":"https:\/\/api.w.org\/{rel}","templated":true}]}}