{"id":59116,"date":"2020-07-05T20:47:00","date_gmt":"2020-07-05T18:47:00","guid":{"rendered":"https:\/\/weisetech.dev\/fc-barcelona-noticias\/en\/like-this-it-was-the-necessary-return-of-jules-kounde-with-the-barca_285525_102\/"},"modified":"2026-04-16T09:42:39","modified_gmt":"2026-04-16T07:42:39","slug":"line-ups-of-the-villarreal-fc-barcelona-of-laliga-2019-20_258977_102","status":"publish","type":"post","link":"https:\/\/www.fcbarcelonanoticias.com\/en\/laliga\/line-ups-of-the-villarreal-fc-barcelona-of-laliga-2019-20_258977_102.html","title":{"rendered":"Line-ups of the Villarreal-FC Barcelona of LaLiga 2019-20"},"content":{"rendered":"<h2 class=\"wp-block-heading\">Quique Seti\u00e9n has revealed the line-up with which the FC Barcelona will play against the Villarreal CF this Sunday. This is the XI of the Bar\u00e7a: Ter Stegen; Semedo, Piqu\u00e9, Lenglet, Jordi Alba; Busquets, S. Roberto, A. Vidal; Messi, Griezmann and Luis Su\u00e1rez<\/h2>  \r\n<div class=\"article-addons\">\r\n    <a href=\"https:\/\/www.fcbarcelonanoticias.com\/en\/calendar-fc-barcelona.html\"\r\n       target=\"_self\"\r\n       title=\"Calendar of FC Barcelona\"\r\n       class=\"blue-gredient-btn\">\r\n       \r\n        Calendar of FC Barcelona    <\/a>\r\n<\/div>   <p><b>The FC Barcelona measures this Sunday 5 July to the Villarreal CF in the Stadium of the Ceramics<\/b>, with reason of <strong><a data-external=\"1\" href=\"https:\/\/www.fcbarcelonanoticias.com\/laliga\/2019-20\/jornada-34_595.html\" rel=\"follow\" target=\"_self\" title=\"la jornada 34 de LaLiga Santander 2019-20\">the day 34 of LaLiga Santander 2019-20<\/a><\/strong>. It treats of the seventh party post-confinement for the cul\u00e9s, that will look for to carry the three points to struggle to the end by the domestic title, further that it was almost impossible seeing <strong>the distance that separates them<\/strong> (7 points to fault of the Villarreal-Bar\u00e7a) in <strong><a data-external=\"1\" href=\"https:\/\/www.fcbarcelonanoticias.com\/laliga-clasificacion.html\" rel=\"follow\" target=\"_self\" title=\"la tabla clasificatoria\">the table clasificatoria<\/a><\/strong>.<\/p>  <p>Although it is true that <strong>the FC Barcelona did not arrive to show his best game in <a data-external=\"1\" href=\"https:\/\/www.fcbarcelonanoticias.com\/resultados-fcbarcelona.html\" rel=\"follow\" target=\"_self\" title=\"los \u00faltimos partidos\">the last parties<\/a><\/strong>, some controversial decisions to referee&#8217;s level have helped to that it do not add all the points that would owe. It accumulates three ties in the last four parties, so <strong>has the pressure to win yes or yes to exhaust the few possibilities that remain him <\/strong>to heave with the trophy. In spite of everything, the team cul\u00e9 is conscious of <strong>the dangerousness of the Villarreal CF<\/strong>, that to day of today is one of the teams more in shape of the championship beside Athletic and Real Madrid.<\/p>  <p><strong>The FC Barcelona will try to dominate to the Valencian team to base of possession of balloon<\/strong>, but without falling in the horizontalidad neither the fault of depth. It will be vital, besides, that the team work as it is owed in the recovery after loss, unless they want to suffer contragolpes lethal like which already suffered in previous parties in this same stadium.<\/p>  <p><strong>It will not have it at all easy the Bar\u00e7a<\/strong> in front of a rival, the Villarreal, that will play to life or death when wanting to ensure the European square, and still with options to put in places of <strong>Champions League<\/strong>. The cul\u00e9s visit the Stadium of the Ceramics with some drops stood out: the ones of the lesionados <strong>Ousmane Demb\u00e9l\u00e9, Frenkie of Jong, Samuel Umtiti and Junior Firpo<\/strong>, what has caused the inclusion of eight players of the filial in the announcement.<\/p>  <h3>The XI of Villarreal CF and FC Barcelona<\/h3>  <ul> <li> <strong>XI of the Villarreal CF:<\/strong> Asenjo; Gaspar, Albiol, P. Torres, To. Moreno; Chukwueze, Iborra, Anguissa, Cazorla; Alc\u00e1cer and Gerard Moreno.<\/li> \t<li> <strong>XI of the FC Barcelona:<\/strong> Ter Stegen; Semedo, Hammered, Lenglet, Jordi Alba; Busquets, S. Roberto, To. Vidal; Messi, Griezmann and Luis Su\u00e1rez.<\/li> \t<li> <strong>Bench of the Bar\u00e7a:<\/strong> Net, Arthur, Rakitic, Riqui Puig, Ansu Fati, Braithwaite, Ara\u00fajo, Hill, Monchu, I\u00f1aki Crag, Cuenca and Morer.<\/li> <\/ul> <p><strong>The eleven of the Bar\u00e7a arrives with some surprise<\/strong>. <b>Semedo<\/b> Will go back to act in the right lane of the defence, with <strong>Hammered and Lenglet<\/strong> in the axis and Jordi Alba that returns to the eleven headline to defend the goal of <strong>Ter Stegen<\/strong>. <strong>Busquets, Sergi Roberto and Arturo Vidal<\/strong> will complete a centre of the field where the one of Reus will be the big novelty, whereas <strong>Messi, Luis Su\u00e1rez and Griezmann<\/strong> will form trident in attack, leaving to Ansu Fati and Braithwaite in the bench.<\/p>  <p>The <b>Villarreal CF<\/b>, by his part, <b>will go out to give it everything in his field with the will to win to the Bar\u00e7a <\/b>or, at least, mark. The Barcelona knows the dangerousness of the rival in own field, and will try to cover the backs not <strong>to suffer contragolpes<\/strong> that can be definite with Gerard Moreno in full form. The first, this yes, will be to dominate the party from the possession and shut little by little to the &#8216;yellow submarine&#8217;.<\/p> ","protected":false},"excerpt":{"rendered":"<p>Quique Seti\u00e9n has revealed the line-up with which the FC Barcelona will play against the Villarreal CF this Sunday. This is the XI of the Bar\u00e7a: Ter Stegen; Semedo, Piqu\u00e9, Lenglet, Jordi Alba; Busquets, S. Roberto, A. Vidal; Messi, Griezmann and Luis Su\u00e1rez The FC Barcelona measures this Sunday 5 July to the Villarreal CF [&hellip;]<\/p>\n","protected":false},"author":392,"featured_media":59108,"comment_status":"closed","ping_status":"open","sticky":false,"template":"","format":"standard","meta":{"_acf_changed":false,"inline_featured_image":false,"_nextfly_llmd_date_locked":false,"footnotes":""},"categories":[448,114],"tags":[201,208,93],"class_list":["post-59116","post","type-post","status-publish","format-standard","has-post-thumbnail","hentry","category-laliga-2","category-laliga","tag-lineups","tag-quique-setien","tag-villarreal-cf"],"acf":[],"yoast_head":"<!-- This site is optimized with the Yoast SEO plugin v27.3 - https:\/\/yoast.com\/product\/yoast-seo-wordpress\/ -->\n<title>Line-ups of the Villarreal-FC Barcelona of LaLiga 2019-20<\/title>\n<meta name=\"description\" content=\"Quique Seti\u00e9n has revealed the line-up with which the FC Barcelona will play against the Villarreal CF this Sunday. This is the XI of the Bar\u00e7a: Ter Stegen; Semedo, Piqu\u00e9, Lenglet, Jordi Alba; Busquets, S. Roberto, A. Vidal; Messi, Griezmann and Luis Su\u00e1rez\" \/>\n<meta name=\"robots\" content=\"index, follow, max-snippet:-1, max-image-preview:large, max-video-preview:-1\" \/>\n<link rel=\"canonical\" href=\"https:\/\/www.fcbarcelonanoticias.com\/en\/laliga\/line-ups-of-the-villarreal-fc-barcelona-of-laliga-2019-20_258977_102.html\" \/>\n<meta property=\"og:locale\" content=\"en_US\" \/>\n<meta property=\"og:type\" content=\"article\" \/>\n<meta property=\"og:title\" content=\"Line-ups of the Villarreal-FC Barcelona of LaLiga 2019-20\" \/>\n<meta property=\"og:description\" content=\"Quique Seti\u00e9n has revealed the line-up with which the FC Barcelona will play against the Villarreal CF this Sunday. This is the XI of the Bar\u00e7a: Ter Stegen; Semedo, Piqu\u00e9, Lenglet, Jordi Alba; Busquets, S. Roberto, A. Vidal; Messi, Griezmann and Luis Su\u00e1rez\" \/>\n<meta property=\"og:url\" content=\"https:\/\/www.fcbarcelonanoticias.com\/en\/laliga\/line-ups-of-the-villarreal-fc-barcelona-of-laliga-2019-20_258977_102.html\" \/>\n<meta property=\"og:site_name\" content=\"EN - FC Barcelona Noticias\" \/>\n<meta property=\"article:published_time\" content=\"2020-07-05T18:47:00+00:00\" \/>\n<meta property=\"article:modified_time\" content=\"2026-04-16T07:42:39+00:00\" \/>\n<meta property=\"og:image\" content=\"https:\/\/www.fcbarcelonanoticias.com\/en\/wp-content\/uploads\/sites\/2\/2021\/04\/alineacion-villarreal-barcelona.jpeg\" \/>\n\t<meta property=\"og:image:width\" content=\"1200\" \/>\n\t<meta property=\"og:image:height\" content=\"675\" \/>\n\t<meta property=\"og:image:type\" content=\"image\/jpeg\" \/>\n<meta name=\"author\" content=\"user_4048\" \/>\n<meta name=\"twitter:card\" content=\"summary_large_image\" \/>\n<meta name=\"twitter:label1\" content=\"Written by\" \/>\n\t<meta name=\"twitter:data1\" content=\"user_4048\" \/>\n\t<meta name=\"twitter:label2\" content=\"Est. reading time\" \/>\n\t<meta name=\"twitter:data2\" content=\"3 minutes\" \/>\n<script type=\"application\/ld+json\" class=\"yoast-schema-graph\">{\"@context\":\"https:\\\/\\\/schema.org\",\"@graph\":[{\"@type\":\"Article\",\"@id\":\"https:\\\/\\\/www.fcbarcelonanoticias.com\\\/en\\\/laliga\\\/line-ups-of-the-villarreal-fc-barcelona-of-laliga-2019-20_258977_102.html#article\",\"isPartOf\":{\"@id\":\"https:\\\/\\\/www.fcbarcelonanoticias.com\\\/en\\\/laliga\\\/line-ups-of-the-villarreal-fc-barcelona-of-laliga-2019-20_258977_102.html\"},\"author\":{\"name\":\"user_4048\",\"@id\":\"https:\\\/\\\/www.fcbarcelonanoticias.com\\\/en\\\/#\\\/schema\\\/person\\\/fcdad55cab72b8d0e106d75506783b6d\"},\"headline\":\"Line-ups of the Villarreal-FC Barcelona of LaLiga 2019-20\",\"datePublished\":\"2020-07-05T18:47:00+00:00\",\"dateModified\":\"2026-04-16T07:42:39+00:00\",\"mainEntityOfPage\":{\"@id\":\"https:\\\/\\\/www.fcbarcelonanoticias.com\\\/en\\\/laliga\\\/line-ups-of-the-villarreal-fc-barcelona-of-laliga-2019-20_258977_102.html\"},\"wordCount\":640,\"image\":{\"@id\":\"https:\\\/\\\/www.fcbarcelonanoticias.com\\\/en\\\/laliga\\\/line-ups-of-the-villarreal-fc-barcelona-of-laliga-2019-20_258977_102.html#primaryimage\"},\"thumbnailUrl\":\"https:\\\/\\\/www.fcbarcelonanoticias.com\\\/en\\\/wp-content\\\/uploads\\\/sites\\\/2\\\/2021\\\/04\\\/alineacion-villarreal-barcelona.jpeg\",\"keywords\":[\"FC Barcelona Lineups\",\"Quique Seti\u00e9n\",\"Villarreal CF\"],\"articleSection\":[\"LaLiga\",\"LaLiga\"],\"inLanguage\":\"en-US\"},{\"@type\":\"WebPage\",\"@id\":\"https:\\\/\\\/www.fcbarcelonanoticias.com\\\/en\\\/laliga\\\/line-ups-of-the-villarreal-fc-barcelona-of-laliga-2019-20_258977_102.html\",\"url\":\"https:\\\/\\\/www.fcbarcelonanoticias.com\\\/en\\\/laliga\\\/line-ups-of-the-villarreal-fc-barcelona-of-laliga-2019-20_258977_102.html\",\"name\":\"Line-ups of the Villarreal-FC Barcelona of LaLiga 2019-20\",\"isPartOf\":{\"@id\":\"https:\\\/\\\/www.fcbarcelonanoticias.com\\\/en\\\/#website\"},\"primaryImageOfPage\":{\"@id\":\"https:\\\/\\\/www.fcbarcelonanoticias.com\\\/en\\\/laliga\\\/line-ups-of-the-villarreal-fc-barcelona-of-laliga-2019-20_258977_102.html#primaryimage\"},\"image\":{\"@id\":\"https:\\\/\\\/www.fcbarcelonanoticias.com\\\/en\\\/laliga\\\/line-ups-of-the-villarreal-fc-barcelona-of-laliga-2019-20_258977_102.html#primaryimage\"},\"thumbnailUrl\":\"https:\\\/\\\/www.fcbarcelonanoticias.com\\\/en\\\/wp-content\\\/uploads\\\/sites\\\/2\\\/2021\\\/04\\\/alineacion-villarreal-barcelona.jpeg\",\"datePublished\":\"2020-07-05T18:47:00+00:00\",\"dateModified\":\"2026-04-16T07:42:39+00:00\",\"author\":{\"@id\":\"https:\\\/\\\/www.fcbarcelonanoticias.com\\\/en\\\/#\\\/schema\\\/person\\\/fcdad55cab72b8d0e106d75506783b6d\"},\"description\":\"Quique Seti\u00e9n has revealed the line-up with which the FC Barcelona will play against the Villarreal CF this Sunday. This is the XI of the Bar\u00e7a: Ter Stegen; Semedo, Piqu\u00e9, Lenglet, Jordi Alba; Busquets, S. Roberto, A. Vidal; Messi, Griezmann and Luis Su\u00e1rez\",\"breadcrumb\":{\"@id\":\"https:\\\/\\\/www.fcbarcelonanoticias.com\\\/en\\\/laliga\\\/line-ups-of-the-villarreal-fc-barcelona-of-laliga-2019-20_258977_102.html#breadcrumb\"},\"inLanguage\":\"en-US\",\"potentialAction\":[{\"@type\":\"ReadAction\",\"target\":[\"https:\\\/\\\/www.fcbarcelonanoticias.com\\\/en\\\/laliga\\\/line-ups-of-the-villarreal-fc-barcelona-of-laliga-2019-20_258977_102.html\"]}]},{\"@type\":\"ImageObject\",\"inLanguage\":\"en-US\",\"@id\":\"https:\\\/\\\/www.fcbarcelonanoticias.com\\\/en\\\/laliga\\\/line-ups-of-the-villarreal-fc-barcelona-of-laliga-2019-20_258977_102.html#primaryimage\",\"url\":\"https:\\\/\\\/www.fcbarcelonanoticias.com\\\/en\\\/wp-content\\\/uploads\\\/sites\\\/2\\\/2021\\\/04\\\/alineacion-villarreal-barcelona.jpeg\",\"contentUrl\":\"https:\\\/\\\/www.fcbarcelonanoticias.com\\\/en\\\/wp-content\\\/uploads\\\/sites\\\/2\\\/2021\\\/04\\\/alineacion-villarreal-barcelona.jpeg\",\"width\":1200,\"height\":675},{\"@type\":\"BreadcrumbList\",\"@id\":\"https:\\\/\\\/www.fcbarcelonanoticias.com\\\/en\\\/laliga\\\/line-ups-of-the-villarreal-fc-barcelona-of-laliga-2019-20_258977_102.html#breadcrumb\",\"itemListElement\":[{\"@type\":\"ListItem\",\"position\":1,\"name\":\"Portada\",\"item\":\"https:\\\/\\\/www.fcbarcelonanoticias.com\\\/en\\\/\"},{\"@type\":\"ListItem\",\"position\":2,\"name\":\"Line-ups of the Villarreal-FC Barcelona of LaLiga 2019-20\"}]},{\"@type\":\"WebSite\",\"@id\":\"https:\\\/\\\/www.fcbarcelonanoticias.com\\\/en\\\/#website\",\"url\":\"https:\\\/\\\/www.fcbarcelonanoticias.com\\\/en\\\/\",\"name\":\"EN - FC Barcelona Noticias\",\"description\":\"\",\"potentialAction\":[{\"@type\":\"SearchAction\",\"target\":{\"@type\":\"EntryPoint\",\"urlTemplate\":\"https:\\\/\\\/www.fcbarcelonanoticias.com\\\/en\\\/?s={search_term_string}\"},\"query-input\":{\"@type\":\"PropertyValueSpecification\",\"valueRequired\":true,\"valueName\":\"search_term_string\"}}],\"inLanguage\":\"en-US\"},{\"@type\":\"Person\",\"@id\":\"https:\\\/\\\/www.fcbarcelonanoticias.com\\\/en\\\/#\\\/schema\\\/person\\\/fcdad55cab72b8d0e106d75506783b6d\",\"name\":\"user_4048\",\"image\":{\"@type\":\"ImageObject\",\"inLanguage\":\"en-US\",\"@id\":\"https:\\\/\\\/secure.gravatar.com\\\/avatar\\\/?s=96&d=mm&r=g\",\"url\":\"https:\\\/\\\/secure.gravatar.com\\\/avatar\\\/?s=96&d=mm&r=g\",\"contentUrl\":\"https:\\\/\\\/secure.gravatar.com\\\/avatar\\\/?s=96&d=mm&r=g\",\"caption\":\"user_4048\"},\"url\":\"https:\\\/\\\/www.fcbarcelonanoticias.com\\\/en\\\/user_4048.html\"}]}<\/script>\n<!-- \/ Yoast SEO plugin. -->","yoast_head_json":{"title":"Line-ups of the Villarreal-FC Barcelona of LaLiga 2019-20","description":"Quique Seti\u00e9n has revealed the line-up with which the FC Barcelona will play against the Villarreal CF this Sunday. This is the XI of the Bar\u00e7a: Ter Stegen; Semedo, Piqu\u00e9, Lenglet, Jordi Alba; Busquets, S. Roberto, A. Vidal; Messi, Griezmann and Luis Su\u00e1rez","robots":{"index":"index","follow":"follow","max-snippet":"max-snippet:-1","max-image-preview":"max-image-preview:large","max-video-preview":"max-video-preview:-1"},"canonical":"https:\/\/www.fcbarcelonanoticias.com\/en\/laliga\/line-ups-of-the-villarreal-fc-barcelona-of-laliga-2019-20_258977_102.html","og_locale":"en_US","og_type":"article","og_title":"Line-ups of the Villarreal-FC Barcelona of LaLiga 2019-20","og_description":"Quique Seti\u00e9n has revealed the line-up with which the FC Barcelona will play against the Villarreal CF this Sunday. This is the XI of the Bar\u00e7a: Ter Stegen; Semedo, Piqu\u00e9, Lenglet, Jordi Alba; Busquets, S. Roberto, A. Vidal; Messi, Griezmann and Luis Su\u00e1rez","og_url":"https:\/\/www.fcbarcelonanoticias.com\/en\/laliga\/line-ups-of-the-villarreal-fc-barcelona-of-laliga-2019-20_258977_102.html","og_site_name":"EN - FC Barcelona Noticias","article_published_time":"2020-07-05T18:47:00+00:00","article_modified_time":"2026-04-16T07:42:39+00:00","og_image":[{"width":1200,"height":675,"url":"https:\/\/www.fcbarcelonanoticias.com\/en\/wp-content\/uploads\/sites\/2\/2021\/04\/alineacion-villarreal-barcelona.jpeg","type":"image\/jpeg"}],"author":"user_4048","twitter_card":"summary_large_image","twitter_misc":{"Written by":"user_4048","Est. reading time":"3 minutes"},"schema":{"@context":"https:\/\/schema.org","@graph":[{"@type":"Article","@id":"https:\/\/www.fcbarcelonanoticias.com\/en\/laliga\/line-ups-of-the-villarreal-fc-barcelona-of-laliga-2019-20_258977_102.html#article","isPartOf":{"@id":"https:\/\/www.fcbarcelonanoticias.com\/en\/laliga\/line-ups-of-the-villarreal-fc-barcelona-of-laliga-2019-20_258977_102.html"},"author":{"name":"user_4048","@id":"https:\/\/www.fcbarcelonanoticias.com\/en\/#\/schema\/person\/fcdad55cab72b8d0e106d75506783b6d"},"headline":"Line-ups of the Villarreal-FC Barcelona of LaLiga 2019-20","datePublished":"2020-07-05T18:47:00+00:00","dateModified":"2026-04-16T07:42:39+00:00","mainEntityOfPage":{"@id":"https:\/\/www.fcbarcelonanoticias.com\/en\/laliga\/line-ups-of-the-villarreal-fc-barcelona-of-laliga-2019-20_258977_102.html"},"wordCount":640,"image":{"@id":"https:\/\/www.fcbarcelonanoticias.com\/en\/laliga\/line-ups-of-the-villarreal-fc-barcelona-of-laliga-2019-20_258977_102.html#primaryimage"},"thumbnailUrl":"https:\/\/www.fcbarcelonanoticias.com\/en\/wp-content\/uploads\/sites\/2\/2021\/04\/alineacion-villarreal-barcelona.jpeg","keywords":["FC Barcelona Lineups","Quique Seti\u00e9n","Villarreal CF"],"articleSection":["LaLiga","LaLiga"],"inLanguage":"en-US"},{"@type":"WebPage","@id":"https:\/\/www.fcbarcelonanoticias.com\/en\/laliga\/line-ups-of-the-villarreal-fc-barcelona-of-laliga-2019-20_258977_102.html","url":"https:\/\/www.fcbarcelonanoticias.com\/en\/laliga\/line-ups-of-the-villarreal-fc-barcelona-of-laliga-2019-20_258977_102.html","name":"Line-ups of the Villarreal-FC Barcelona of LaLiga 2019-20","isPartOf":{"@id":"https:\/\/www.fcbarcelonanoticias.com\/en\/#website"},"primaryImageOfPage":{"@id":"https:\/\/www.fcbarcelonanoticias.com\/en\/laliga\/line-ups-of-the-villarreal-fc-barcelona-of-laliga-2019-20_258977_102.html#primaryimage"},"image":{"@id":"https:\/\/www.fcbarcelonanoticias.com\/en\/laliga\/line-ups-of-the-villarreal-fc-barcelona-of-laliga-2019-20_258977_102.html#primaryimage"},"thumbnailUrl":"https:\/\/www.fcbarcelonanoticias.com\/en\/wp-content\/uploads\/sites\/2\/2021\/04\/alineacion-villarreal-barcelona.jpeg","datePublished":"2020-07-05T18:47:00+00:00","dateModified":"2026-04-16T07:42:39+00:00","author":{"@id":"https:\/\/www.fcbarcelonanoticias.com\/en\/#\/schema\/person\/fcdad55cab72b8d0e106d75506783b6d"},"description":"Quique Seti\u00e9n has revealed the line-up with which the FC Barcelona will play against the Villarreal CF this Sunday. This is the XI of the Bar\u00e7a: Ter Stegen; Semedo, Piqu\u00e9, Lenglet, Jordi Alba; Busquets, S. Roberto, A. Vidal; Messi, Griezmann and Luis Su\u00e1rez","breadcrumb":{"@id":"https:\/\/www.fcbarcelonanoticias.com\/en\/laliga\/line-ups-of-the-villarreal-fc-barcelona-of-laliga-2019-20_258977_102.html#breadcrumb"},"inLanguage":"en-US","potentialAction":[{"@type":"ReadAction","target":["https:\/\/www.fcbarcelonanoticias.com\/en\/laliga\/line-ups-of-the-villarreal-fc-barcelona-of-laliga-2019-20_258977_102.html"]}]},{"@type":"ImageObject","inLanguage":"en-US","@id":"https:\/\/www.fcbarcelonanoticias.com\/en\/laliga\/line-ups-of-the-villarreal-fc-barcelona-of-laliga-2019-20_258977_102.html#primaryimage","url":"https:\/\/www.fcbarcelonanoticias.com\/en\/wp-content\/uploads\/sites\/2\/2021\/04\/alineacion-villarreal-barcelona.jpeg","contentUrl":"https:\/\/www.fcbarcelonanoticias.com\/en\/wp-content\/uploads\/sites\/2\/2021\/04\/alineacion-villarreal-barcelona.jpeg","width":1200,"height":675},{"@type":"BreadcrumbList","@id":"https:\/\/www.fcbarcelonanoticias.com\/en\/laliga\/line-ups-of-the-villarreal-fc-barcelona-of-laliga-2019-20_258977_102.html#breadcrumb","itemListElement":[{"@type":"ListItem","position":1,"name":"Portada","item":"https:\/\/www.fcbarcelonanoticias.com\/en\/"},{"@type":"ListItem","position":2,"name":"Line-ups of the Villarreal-FC Barcelona of LaLiga 2019-20"}]},{"@type":"WebSite","@id":"https:\/\/www.fcbarcelonanoticias.com\/en\/#website","url":"https:\/\/www.fcbarcelonanoticias.com\/en\/","name":"EN - FC Barcelona Noticias","description":"","potentialAction":[{"@type":"SearchAction","target":{"@type":"EntryPoint","urlTemplate":"https:\/\/www.fcbarcelonanoticias.com\/en\/?s={search_term_string}"},"query-input":{"@type":"PropertyValueSpecification","valueRequired":true,"valueName":"search_term_string"}}],"inLanguage":"en-US"},{"@type":"Person","@id":"https:\/\/www.fcbarcelonanoticias.com\/en\/#\/schema\/person\/fcdad55cab72b8d0e106d75506783b6d","name":"user_4048","image":{"@type":"ImageObject","inLanguage":"en-US","@id":"https:\/\/secure.gravatar.com\/avatar\/?s=96&d=mm&r=g","url":"https:\/\/secure.gravatar.com\/avatar\/?s=96&d=mm&r=g","contentUrl":"https:\/\/secure.gravatar.com\/avatar\/?s=96&d=mm&r=g","caption":"user_4048"},"url":"https:\/\/www.fcbarcelonanoticias.com\/en\/user_4048.html"}]}},"_links":{"self":[{"href":"https:\/\/www.fcbarcelonanoticias.com\/en\/wp-json\/wp\/v2\/posts\/59116","targetHints":{"allow":["GET"]}}],"collection":[{"href":"https:\/\/www.fcbarcelonanoticias.com\/en\/wp-json\/wp\/v2\/posts"}],"about":[{"href":"https:\/\/www.fcbarcelonanoticias.com\/en\/wp-json\/wp\/v2\/types\/post"}],"author":[{"embeddable":true,"href":"https:\/\/www.fcbarcelonanoticias.com\/en\/wp-json\/wp\/v2\/users\/392"}],"replies":[{"embeddable":true,"href":"https:\/\/www.fcbarcelonanoticias.com\/en\/wp-json\/wp\/v2\/comments?post=59116"}],"version-history":[{"count":5,"href":"https:\/\/www.fcbarcelonanoticias.com\/en\/wp-json\/wp\/v2\/posts\/59116\/revisions"}],"predecessor-version":[{"id":178907,"href":"https:\/\/www.fcbarcelonanoticias.com\/en\/wp-json\/wp\/v2\/posts\/59116\/revisions\/178907"}],"wp:featuredmedia":[{"embeddable":true,"href":"https:\/\/www.fcbarcelonanoticias.com\/en\/wp-json\/wp\/v2\/media\/59108"}],"wp:attachment":[{"href":"https:\/\/www.fcbarcelonanoticias.com\/en\/wp-json\/wp\/v2\/media?parent=59116"}],"wp:term":[{"taxonomy":"category","embeddable":true,"href":"https:\/\/www.fcbarcelonanoticias.com\/en\/wp-json\/wp\/v2\/categories?post=59116"},{"taxonomy":"post_tag","embeddable":true,"href":"https:\/\/www.fcbarcelonanoticias.com\/en\/wp-json\/wp\/v2\/tags?post=59116"}],"curies":[{"name":"wp","href":"https:\/\/api.w.org\/{rel}","templated":true}]}}