{"id":59157,"date":"2021-03-15T19:46:00","date_gmt":"2021-03-15T18:46:00","guid":{"rendered":"https:\/\/weisetech.dev\/fc-barcelona-noticias\/en\/line-ups-fc-barcelona-huesca-laliga-2020-21_266343_102\/"},"modified":"2021-03-15T20:06:00","modified_gmt":"2021-03-15T19:06:00","slug":"line-ups-fc-barcelona-huesca-laliga-2020-21_266343_102","status":"publish","type":"post","link":"https:\/\/www.fcbarcelonanoticias.com\/en\/laliga\/line-ups-fc-barcelona-huesca-laliga-2020-21_266343_102.html","title":{"rendered":"Line-ups of the FC Barcelona-Huesca of LaLiga 2020\/21"},"content":{"rendered":"<h2 class=\"wp-block-heading\">Ronald Koeman has revealed already the alignment with which the FC Barcelona will confront  to the Huesca in the Camp Nou. This is the XI of the Bar\u00e7a: Ter Stegen; Mingueza, Lenglet, Dest, Jordi Alba; Busquets, Of Jong, Pedri; Demb\u00e9l\u00e9, Griezmann and Messi<\/h2>  \r\n<div class=\"article-addons\">\r\n    <a href=\"https:\/\/www.fcbarcelonanoticias.com\/en\/calendar-fc-barcelona.html\"\r\n       target=\"_self\"\r\n       title=\"Calendar of FC Barcelona\"\r\n       class=\"blue-gredient-btn\">\r\n       \r\n        Calendar of FC Barcelona    <\/a>\r\n<\/div>   <p>The FC Barcelona and the Huesca <strong><a data-external=\"0\" data-intl-links-en=\"https:\/\/www.fcbarcelonanoticias.com\/en\/laliga\/fc-barcelona-vs-huesca-in-tv-when-and-where-see-the-match-of-laliga_266288_102.html\" data-intl-links-es=\"https:\/\/www.fcbarcelonanoticias.com\/laliga\/fc-barcelona-vs-huesca-en-tv-cuando-donde-ver-partido-laliga_266288_102.html\" href=\"https:\/\/www.fcbarcelonanoticias.com\/en\/laliga\/fc-barcelona-vs-huesca-in-tv-when-and-where-see-the-match-of-laliga_266288_102.html\" rel=\"follow\" target=\"_self\" title=\"FC Barcelona vs Huesca en TV: Cu\u00e1ndo y d\u00f3nde ver el partido de LaLiga\">play tonight from the 21:00 hours<\/a><\/strong> the party of LaLiga corresponding to the day 27. The Barcelona receive in the Camp Nou to the altoaragoneses with the mission to add three new points that allow him follow put in the fight by the Spanish championship. After the &#8216;prick&#8217; of the Athletic of Madrid against the Getafe this past Saturday, the cul\u00e9s could put to alone four points of the leadership.<\/p>  <p>In these moments, the Real Madrid takes him out a point to the ones of Ronald Koeman, that could plant second two above the madridistas. For this, to the Catalans does not remain them another that win to the oscenses this Monday, since <strong>a &#8216;trip&#8217; would be a setback tremendo to the aspirations of the barcelonistas<\/strong>. Against the ones of Pacheta alone voucher the triumph and the Bar\u00e7a will go out mentalizado and prepared for this.<\/p>  <p><strong>In the gone, the group blaugrana surpassed to the Aragoneses by an adjusted 0-1<\/strong> with so much of <strong><a data-external=\"0\" data-intl-links-en=\"https:\/\/www.fcbarcelonanoticias.com\/en\/tags\/de-jong\" data-intl-links-es=\"https:\/\/www.fcbarcelonanoticias.com\/tags\/de-jong\" href=\"https:\/\/www.fcbarcelonanoticias.com\/en\/tags\/de-jong.html\" rel=\"follow\" target=\"_self\" title=\"De Jong\">Frenkie of Jong<\/a>\u200b<\/strong>. The cul\u00e9s llegarob a lot to the rival goal in this crash, but the fault of punter\u00eda caused that it arrived with this adjusted result at the end of the duel and the Huesca gave more than a fright. The aim of face to the party of today has to be &#8216;clear&#8217; the meeting the before possible to avoid complications.<\/p>  <p>To try win by the fast road, <strong>Koeman has not doubted in having all the &#8216;heavy weights&#8217; of his staff<\/strong>. especulaba With the possible suplencia of Of Jong and Leo Messi, that are apercibidos of sanction, but the technician has not wanted to especular and both will be of the game tonight. The one of Zaandam has taken out exactly the same eleven that took out against Paris Saint-Germain in Champions League, although it will be necessary to see if it also repeats system.<\/p>  <h3>The XI of FC Barcelona and Huesca:<\/h3>  <ul> <li> <strong>XI of the FC Barcelona: <\/strong>Ter Stegen; Mingueza, Lenglet, Dest, Jordi Alba; Busquets, Of Jong, Pedri; Griezmann, Demb\u00e9l\u00e9 and Messi.<\/li> \t<li> <strong>Bench of the FC Barcelona: <\/strong>Net, Riqui Puig, Pjanic, Umtiti, Braithwaite, Ara\u00fajo, Ilaix, Junior, Arnau Tenas, Matheus and Trincao.<\/li> \t<li> <strong>XI of the Huesca: <\/strong>\u00c1lvaro; Maffeo, Siovas, Polishing, Insua, Gal\u00e1n; Ferreiro, Mikel Rico, Seoane; Escriche and Rafa Mir.<\/li> <\/ul> <p>Against the PSG in League of Champions, the trainer barcelonista decided to plant to Of Jong in the centre of the defence incrustado between \u00d3scar Mingueza and Cl\u00e9ment Lenglet. The partidazo of the Barcelona in front of the Parisians could do that <strong>it repeat in this zone to follow with the diagram of three head offices<\/strong>. However, given the level of the oscenses, clearly inferior to the of the Frenchmen, Frenkie could play in the midfield and go out with a 4-3-3.<\/p> ","protected":false},"excerpt":{"rendered":"<p>Ronald Koeman has revealed already the alignment with which the FC Barcelona will confront to the Huesca in the Camp Nou. This is the XI of the Bar\u00e7a: Ter Stegen; Mingueza, Lenglet, Dest, Jordi Alba; Busquets, Of Jong, Pedri; Demb\u00e9l\u00e9, Griezmann and Messi The FC Barcelona and the Huesca play tonight from the 21:00 hours [&hellip;]<\/p>\n","protected":false},"author":380,"featured_media":59160,"comment_status":"closed","ping_status":"open","sticky":false,"template":"","format":"standard","meta":{"_acf_changed":false,"inline_featured_image":false,"_nextfly_llmd_date_locked":false,"footnotes":""},"categories":[448,114],"tags":[201,209,356],"class_list":["post-59157","post","type-post","status-publish","format-standard","has-post-thumbnail","hentry","category-laliga-2","category-laliga","tag-lineups","tag-ronald-koeman","tag-sd-huesca"],"acf":[],"yoast_head":"<!-- This site is optimized with the Yoast SEO plugin v27.3 - https:\/\/yoast.com\/product\/yoast-seo-wordpress\/ -->\n<title>Line-ups of the FC Barcelona-Huesca of LaLiga 2020\/21<\/title>\n<meta name=\"description\" content=\"Ronald Koeman has revealed already the alignment with which the FC Barcelona will confront to the Huesca in the Camp Nou. This is the XI of the Bar\u00e7a: Ter Stegen; Mingueza,...\" \/>\n<meta name=\"robots\" content=\"index, follow, max-snippet:-1, max-image-preview:large, max-video-preview:-1\" \/>\n<link rel=\"canonical\" href=\"https:\/\/www.fcbarcelonanoticias.com\/en\/laliga\/line-ups-fc-barcelona-huesca-laliga-2020-21_266343_102.html\" \/>\n<meta property=\"og:locale\" content=\"en_US\" \/>\n<meta property=\"og:type\" content=\"article\" \/>\n<meta property=\"og:title\" content=\"Line-ups of the FC Barcelona-Huesca of LaLiga 2020\/21\" \/>\n<meta property=\"og:description\" content=\"Ronald Koeman has revealed already the alignment with which the FC Barcelona will confront to the Huesca in the Camp Nou. This is the XI of the Bar\u00e7a: Ter Stegen; Mingueza,...\" \/>\n<meta property=\"og:url\" content=\"https:\/\/www.fcbarcelonanoticias.com\/en\/laliga\/line-ups-fc-barcelona-huesca-laliga-2020-21_266343_102.html\" \/>\n<meta property=\"og:site_name\" content=\"EN - FC Barcelona Noticias\" \/>\n<meta property=\"article:published_time\" content=\"2021-03-15T18:46:00+00:00\" \/>\n<meta property=\"article:modified_time\" content=\"2021-03-15T19:06:00+00:00\" \/>\n<meta property=\"og:image\" content=\"https:\/\/www.fcbarcelonanoticias.com\/en\/wp-content\/uploads\/sites\/2\/2021\/03\/alineacion-barcelona-huesca.jpeg\" \/>\n\t<meta property=\"og:image:width\" content=\"1200\" \/>\n\t<meta property=\"og:image:height\" content=\"675\" \/>\n\t<meta property=\"og:image:type\" content=\"image\/jpeg\" \/>\n<meta name=\"author\" content=\"user_4036\" \/>\n<meta name=\"twitter:card\" content=\"summary_large_image\" \/>\n<meta name=\"twitter:label1\" content=\"Written by\" \/>\n\t<meta name=\"twitter:data1\" content=\"user_4036\" \/>\n\t<meta name=\"twitter:label2\" content=\"Est. reading time\" \/>\n\t<meta name=\"twitter:data2\" content=\"3 minutes\" \/>\n<script type=\"application\/ld+json\" class=\"yoast-schema-graph\">{\"@context\":\"https:\\\/\\\/schema.org\",\"@graph\":[{\"@type\":\"Article\",\"@id\":\"https:\\\/\\\/www.fcbarcelonanoticias.com\\\/en\\\/laliga\\\/line-ups-fc-barcelona-huesca-laliga-2020-21_266343_102.html#article\",\"isPartOf\":{\"@id\":\"https:\\\/\\\/www.fcbarcelonanoticias.com\\\/en\\\/laliga\\\/line-ups-fc-barcelona-huesca-laliga-2020-21_266343_102.html\"},\"author\":{\"name\":\"user_4036\",\"@id\":\"https:\\\/\\\/www.fcbarcelonanoticias.com\\\/en\\\/#\\\/schema\\\/person\\\/2c11766f24f3c56715694e077889a703\"},\"headline\":\"Line-ups of the FC Barcelona-Huesca of LaLiga 2020\\\/21\",\"datePublished\":\"2021-03-15T18:46:00+00:00\",\"dateModified\":\"2021-03-15T19:06:00+00:00\",\"mainEntityOfPage\":{\"@id\":\"https:\\\/\\\/www.fcbarcelonanoticias.com\\\/en\\\/laliga\\\/line-ups-fc-barcelona-huesca-laliga-2020-21_266343_102.html\"},\"wordCount\":522,\"image\":{\"@id\":\"https:\\\/\\\/www.fcbarcelonanoticias.com\\\/en\\\/laliga\\\/line-ups-fc-barcelona-huesca-laliga-2020-21_266343_102.html#primaryimage\"},\"thumbnailUrl\":\"https:\\\/\\\/www.fcbarcelonanoticias.com\\\/en\\\/wp-content\\\/uploads\\\/sites\\\/2\\\/2021\\\/03\\\/alineacion-barcelona-huesca.jpeg\",\"keywords\":[\"FC Barcelona Lineups\",\"Ronald Koeman\",\"SD Huesca\"],\"articleSection\":[\"LaLiga\",\"LaLiga\"],\"inLanguage\":\"en-US\"},{\"@type\":\"WebPage\",\"@id\":\"https:\\\/\\\/www.fcbarcelonanoticias.com\\\/en\\\/laliga\\\/line-ups-fc-barcelona-huesca-laliga-2020-21_266343_102.html\",\"url\":\"https:\\\/\\\/www.fcbarcelonanoticias.com\\\/en\\\/laliga\\\/line-ups-fc-barcelona-huesca-laliga-2020-21_266343_102.html\",\"name\":\"Line-ups of the FC Barcelona-Huesca of LaLiga 2020\\\/21\",\"isPartOf\":{\"@id\":\"https:\\\/\\\/www.fcbarcelonanoticias.com\\\/en\\\/#website\"},\"primaryImageOfPage\":{\"@id\":\"https:\\\/\\\/www.fcbarcelonanoticias.com\\\/en\\\/laliga\\\/line-ups-fc-barcelona-huesca-laliga-2020-21_266343_102.html#primaryimage\"},\"image\":{\"@id\":\"https:\\\/\\\/www.fcbarcelonanoticias.com\\\/en\\\/laliga\\\/line-ups-fc-barcelona-huesca-laliga-2020-21_266343_102.html#primaryimage\"},\"thumbnailUrl\":\"https:\\\/\\\/www.fcbarcelonanoticias.com\\\/en\\\/wp-content\\\/uploads\\\/sites\\\/2\\\/2021\\\/03\\\/alineacion-barcelona-huesca.jpeg\",\"datePublished\":\"2021-03-15T18:46:00+00:00\",\"dateModified\":\"2021-03-15T19:06:00+00:00\",\"author\":{\"@id\":\"https:\\\/\\\/www.fcbarcelonanoticias.com\\\/en\\\/#\\\/schema\\\/person\\\/2c11766f24f3c56715694e077889a703\"},\"description\":\"Ronald Koeman has revealed already the alignment with which the FC Barcelona will confront to the Huesca in the Camp Nou. This is the XI of the Bar\u00e7a: Ter Stegen; Mingueza,...\",\"breadcrumb\":{\"@id\":\"https:\\\/\\\/www.fcbarcelonanoticias.com\\\/en\\\/laliga\\\/line-ups-fc-barcelona-huesca-laliga-2020-21_266343_102.html#breadcrumb\"},\"inLanguage\":\"en-US\",\"potentialAction\":[{\"@type\":\"ReadAction\",\"target\":[\"https:\\\/\\\/www.fcbarcelonanoticias.com\\\/en\\\/laliga\\\/line-ups-fc-barcelona-huesca-laliga-2020-21_266343_102.html\"]}]},{\"@type\":\"ImageObject\",\"inLanguage\":\"en-US\",\"@id\":\"https:\\\/\\\/www.fcbarcelonanoticias.com\\\/en\\\/laliga\\\/line-ups-fc-barcelona-huesca-laliga-2020-21_266343_102.html#primaryimage\",\"url\":\"https:\\\/\\\/www.fcbarcelonanoticias.com\\\/en\\\/wp-content\\\/uploads\\\/sites\\\/2\\\/2021\\\/03\\\/alineacion-barcelona-huesca.jpeg\",\"contentUrl\":\"https:\\\/\\\/www.fcbarcelonanoticias.com\\\/en\\\/wp-content\\\/uploads\\\/sites\\\/2\\\/2021\\\/03\\\/alineacion-barcelona-huesca.jpeg\",\"width\":1200,\"height\":675},{\"@type\":\"BreadcrumbList\",\"@id\":\"https:\\\/\\\/www.fcbarcelonanoticias.com\\\/en\\\/laliga\\\/line-ups-fc-barcelona-huesca-laliga-2020-21_266343_102.html#breadcrumb\",\"itemListElement\":[{\"@type\":\"ListItem\",\"position\":1,\"name\":\"Portada\",\"item\":\"https:\\\/\\\/www.fcbarcelonanoticias.com\\\/en\\\/\"},{\"@type\":\"ListItem\",\"position\":2,\"name\":\"Line-ups of the FC Barcelona-Huesca of LaLiga 2020\\\/21\"}]},{\"@type\":\"WebSite\",\"@id\":\"https:\\\/\\\/www.fcbarcelonanoticias.com\\\/en\\\/#website\",\"url\":\"https:\\\/\\\/www.fcbarcelonanoticias.com\\\/en\\\/\",\"name\":\"EN - FC Barcelona Noticias\",\"description\":\"\",\"potentialAction\":[{\"@type\":\"SearchAction\",\"target\":{\"@type\":\"EntryPoint\",\"urlTemplate\":\"https:\\\/\\\/www.fcbarcelonanoticias.com\\\/en\\\/?s={search_term_string}\"},\"query-input\":{\"@type\":\"PropertyValueSpecification\",\"valueRequired\":true,\"valueName\":\"search_term_string\"}}],\"inLanguage\":\"en-US\"},{\"@type\":\"Person\",\"@id\":\"https:\\\/\\\/www.fcbarcelonanoticias.com\\\/en\\\/#\\\/schema\\\/person\\\/2c11766f24f3c56715694e077889a703\",\"name\":\"user_4036\",\"image\":{\"@type\":\"ImageObject\",\"inLanguage\":\"en-US\",\"@id\":\"https:\\\/\\\/secure.gravatar.com\\\/avatar\\\/?s=96&d=mm&r=g\",\"url\":\"https:\\\/\\\/secure.gravatar.com\\\/avatar\\\/?s=96&d=mm&r=g\",\"contentUrl\":\"https:\\\/\\\/secure.gravatar.com\\\/avatar\\\/?s=96&d=mm&r=g\",\"caption\":\"user_4036\"},\"url\":\"https:\\\/\\\/www.fcbarcelonanoticias.com\\\/en\\\/user_4036.html\"}]}<\/script>\n<!-- \/ Yoast SEO plugin. -->","yoast_head_json":{"title":"Line-ups of the FC Barcelona-Huesca of LaLiga 2020\/21","description":"Ronald Koeman has revealed already the alignment with which the FC Barcelona will confront to the Huesca in the Camp Nou. This is the XI of the Bar\u00e7a: Ter Stegen; Mingueza,...","robots":{"index":"index","follow":"follow","max-snippet":"max-snippet:-1","max-image-preview":"max-image-preview:large","max-video-preview":"max-video-preview:-1"},"canonical":"https:\/\/www.fcbarcelonanoticias.com\/en\/laliga\/line-ups-fc-barcelona-huesca-laliga-2020-21_266343_102.html","og_locale":"en_US","og_type":"article","og_title":"Line-ups of the FC Barcelona-Huesca of LaLiga 2020\/21","og_description":"Ronald Koeman has revealed already the alignment with which the FC Barcelona will confront to the Huesca in the Camp Nou. This is the XI of the Bar\u00e7a: Ter Stegen; Mingueza,...","og_url":"https:\/\/www.fcbarcelonanoticias.com\/en\/laliga\/line-ups-fc-barcelona-huesca-laliga-2020-21_266343_102.html","og_site_name":"EN - FC Barcelona Noticias","article_published_time":"2021-03-15T18:46:00+00:00","article_modified_time":"2021-03-15T19:06:00+00:00","og_image":[{"width":1200,"height":675,"url":"https:\/\/www.fcbarcelonanoticias.com\/en\/wp-content\/uploads\/sites\/2\/2021\/03\/alineacion-barcelona-huesca.jpeg","type":"image\/jpeg"}],"author":"user_4036","twitter_card":"summary_large_image","twitter_misc":{"Written by":"user_4036","Est. reading time":"3 minutes"},"schema":{"@context":"https:\/\/schema.org","@graph":[{"@type":"Article","@id":"https:\/\/www.fcbarcelonanoticias.com\/en\/laliga\/line-ups-fc-barcelona-huesca-laliga-2020-21_266343_102.html#article","isPartOf":{"@id":"https:\/\/www.fcbarcelonanoticias.com\/en\/laliga\/line-ups-fc-barcelona-huesca-laliga-2020-21_266343_102.html"},"author":{"name":"user_4036","@id":"https:\/\/www.fcbarcelonanoticias.com\/en\/#\/schema\/person\/2c11766f24f3c56715694e077889a703"},"headline":"Line-ups of the FC Barcelona-Huesca of LaLiga 2020\/21","datePublished":"2021-03-15T18:46:00+00:00","dateModified":"2021-03-15T19:06:00+00:00","mainEntityOfPage":{"@id":"https:\/\/www.fcbarcelonanoticias.com\/en\/laliga\/line-ups-fc-barcelona-huesca-laliga-2020-21_266343_102.html"},"wordCount":522,"image":{"@id":"https:\/\/www.fcbarcelonanoticias.com\/en\/laliga\/line-ups-fc-barcelona-huesca-laliga-2020-21_266343_102.html#primaryimage"},"thumbnailUrl":"https:\/\/www.fcbarcelonanoticias.com\/en\/wp-content\/uploads\/sites\/2\/2021\/03\/alineacion-barcelona-huesca.jpeg","keywords":["FC Barcelona Lineups","Ronald Koeman","SD Huesca"],"articleSection":["LaLiga","LaLiga"],"inLanguage":"en-US"},{"@type":"WebPage","@id":"https:\/\/www.fcbarcelonanoticias.com\/en\/laliga\/line-ups-fc-barcelona-huesca-laliga-2020-21_266343_102.html","url":"https:\/\/www.fcbarcelonanoticias.com\/en\/laliga\/line-ups-fc-barcelona-huesca-laliga-2020-21_266343_102.html","name":"Line-ups of the FC Barcelona-Huesca of LaLiga 2020\/21","isPartOf":{"@id":"https:\/\/www.fcbarcelonanoticias.com\/en\/#website"},"primaryImageOfPage":{"@id":"https:\/\/www.fcbarcelonanoticias.com\/en\/laliga\/line-ups-fc-barcelona-huesca-laliga-2020-21_266343_102.html#primaryimage"},"image":{"@id":"https:\/\/www.fcbarcelonanoticias.com\/en\/laliga\/line-ups-fc-barcelona-huesca-laliga-2020-21_266343_102.html#primaryimage"},"thumbnailUrl":"https:\/\/www.fcbarcelonanoticias.com\/en\/wp-content\/uploads\/sites\/2\/2021\/03\/alineacion-barcelona-huesca.jpeg","datePublished":"2021-03-15T18:46:00+00:00","dateModified":"2021-03-15T19:06:00+00:00","author":{"@id":"https:\/\/www.fcbarcelonanoticias.com\/en\/#\/schema\/person\/2c11766f24f3c56715694e077889a703"},"description":"Ronald Koeman has revealed already the alignment with which the FC Barcelona will confront to the Huesca in the Camp Nou. This is the XI of the Bar\u00e7a: Ter Stegen; Mingueza,...","breadcrumb":{"@id":"https:\/\/www.fcbarcelonanoticias.com\/en\/laliga\/line-ups-fc-barcelona-huesca-laliga-2020-21_266343_102.html#breadcrumb"},"inLanguage":"en-US","potentialAction":[{"@type":"ReadAction","target":["https:\/\/www.fcbarcelonanoticias.com\/en\/laliga\/line-ups-fc-barcelona-huesca-laliga-2020-21_266343_102.html"]}]},{"@type":"ImageObject","inLanguage":"en-US","@id":"https:\/\/www.fcbarcelonanoticias.com\/en\/laliga\/line-ups-fc-barcelona-huesca-laliga-2020-21_266343_102.html#primaryimage","url":"https:\/\/www.fcbarcelonanoticias.com\/en\/wp-content\/uploads\/sites\/2\/2021\/03\/alineacion-barcelona-huesca.jpeg","contentUrl":"https:\/\/www.fcbarcelonanoticias.com\/en\/wp-content\/uploads\/sites\/2\/2021\/03\/alineacion-barcelona-huesca.jpeg","width":1200,"height":675},{"@type":"BreadcrumbList","@id":"https:\/\/www.fcbarcelonanoticias.com\/en\/laliga\/line-ups-fc-barcelona-huesca-laliga-2020-21_266343_102.html#breadcrumb","itemListElement":[{"@type":"ListItem","position":1,"name":"Portada","item":"https:\/\/www.fcbarcelonanoticias.com\/en\/"},{"@type":"ListItem","position":2,"name":"Line-ups of the FC Barcelona-Huesca of LaLiga 2020\/21"}]},{"@type":"WebSite","@id":"https:\/\/www.fcbarcelonanoticias.com\/en\/#website","url":"https:\/\/www.fcbarcelonanoticias.com\/en\/","name":"EN - FC Barcelona Noticias","description":"","potentialAction":[{"@type":"SearchAction","target":{"@type":"EntryPoint","urlTemplate":"https:\/\/www.fcbarcelonanoticias.com\/en\/?s={search_term_string}"},"query-input":{"@type":"PropertyValueSpecification","valueRequired":true,"valueName":"search_term_string"}}],"inLanguage":"en-US"},{"@type":"Person","@id":"https:\/\/www.fcbarcelonanoticias.com\/en\/#\/schema\/person\/2c11766f24f3c56715694e077889a703","name":"user_4036","image":{"@type":"ImageObject","inLanguage":"en-US","@id":"https:\/\/secure.gravatar.com\/avatar\/?s=96&d=mm&r=g","url":"https:\/\/secure.gravatar.com\/avatar\/?s=96&d=mm&r=g","contentUrl":"https:\/\/secure.gravatar.com\/avatar\/?s=96&d=mm&r=g","caption":"user_4036"},"url":"https:\/\/www.fcbarcelonanoticias.com\/en\/user_4036.html"}]}},"_links":{"self":[{"href":"https:\/\/www.fcbarcelonanoticias.com\/en\/wp-json\/wp\/v2\/posts\/59157","targetHints":{"allow":["GET"]}}],"collection":[{"href":"https:\/\/www.fcbarcelonanoticias.com\/en\/wp-json\/wp\/v2\/posts"}],"about":[{"href":"https:\/\/www.fcbarcelonanoticias.com\/en\/wp-json\/wp\/v2\/types\/post"}],"author":[{"embeddable":true,"href":"https:\/\/www.fcbarcelonanoticias.com\/en\/wp-json\/wp\/v2\/users\/380"}],"replies":[{"embeddable":true,"href":"https:\/\/www.fcbarcelonanoticias.com\/en\/wp-json\/wp\/v2\/comments?post=59157"}],"version-history":[{"count":2,"href":"https:\/\/www.fcbarcelonanoticias.com\/en\/wp-json\/wp\/v2\/posts\/59157\/revisions"}],"predecessor-version":[{"id":59159,"href":"https:\/\/www.fcbarcelonanoticias.com\/en\/wp-json\/wp\/v2\/posts\/59157\/revisions\/59159"}],"wp:featuredmedia":[{"embeddable":true,"href":"https:\/\/www.fcbarcelonanoticias.com\/en\/wp-json\/wp\/v2\/media\/59160"}],"wp:attachment":[{"href":"https:\/\/www.fcbarcelonanoticias.com\/en\/wp-json\/wp\/v2\/media?parent=59157"}],"wp:term":[{"taxonomy":"category","embeddable":true,"href":"https:\/\/www.fcbarcelonanoticias.com\/en\/wp-json\/wp\/v2\/categories?post=59157"},{"taxonomy":"post_tag","embeddable":true,"href":"https:\/\/www.fcbarcelonanoticias.com\/en\/wp-json\/wp\/v2\/tags?post=59157"}],"curies":[{"name":"wp","href":"https:\/\/api.w.org\/{rel}","templated":true}]}}