{"id":59220,"date":"2020-05-23T16:39:00","date_gmt":"2020-05-23T14:39:00","guid":{"rendered":"https:\/\/weisetech.dev\/fc-barcelona-noticias\/en\/like-this-it-will-be-the-first-day-of-laliga-after-the-stop_257916_102\/"},"modified":"2026-04-16T09:18:22","modified_gmt":"2026-04-16T07:18:22","slug":"like-this-it-will-be-the-first-day-of-laliga-after-the-stop_257916_102","status":"publish","type":"post","link":"https:\/\/www.fcbarcelonanoticias.com\/en\/laliga\/like-this-it-will-be-the-first-day-of-laliga-after-the-stop_257916_102.html","title":{"rendered":"This will be the first day of LaLiga after the break"},"content":{"rendered":"<h2 class=\"wp-block-heading\">Afterwards that the Government have given green light, LaLiga Santander goes to restart  in June. To continuation, the parties of the day 28, the first after the stop<\/h2>  \r\n<div class=\"article-addons\">\r\n    <a href=\"https:\/\/www.fcbarcelonanoticias.com\/en\/calendar-fc-barcelona.html\"\r\n       target=\"_self\"\r\n       title=\"Calendar of FC Barcelona\"\r\n       class=\"blue-gredient-btn\">\r\n       \r\n        Calendar of FC Barcelona    <\/a>\r\n<\/div>   <p><strong>Pedro S\u00e1nchez,<\/strong> president of the <strong>Government of Spain,<\/strong> has appeared <a data-external=\"0\" data-intl-links-en=\"https:\/\/www.fcbarcelonanoticias.com\/en\/laliga\/official-pedro-sanchez-announces-laliga-come-back-8-june_257912_102.html\" data-intl-links-es=\"https:\/\/www.fcbarcelonanoticias.com\/laliga\/oficial-pedro-sanchez-anuncia-laliga-volvera-partir-8-junio_257912_102.html\" href=\"https:\/\/www.fcbarcelonanoticias.com\/en\/laliga\/official-pedro-sanchez-announces-laliga-come-back-8-june_257912_102.html\" rel=\"follow\" target=\"_self\" title=\"OFICIAL: Pedro S\u00e1nchez anuncia que LaLiga volver\u00e1 a partir del 8 de junio\">announcing that the return of LaLiga Santander<\/a> will remain authorised from the next day 8 June. Like this then , the parties <strong>of First Division<\/strong> will restart after three months of confinement owing to the pandemia of the coronavirus, being the day 28 -that remained without contesting in March- the first that will play .<\/p>  <p>In said day, the <strong>FC Barcelona<\/strong> will visit to the <strong>Mallorca <\/strong>in <strong>Sound Moix,<\/strong> whereas the <strong>Real Madrid<\/strong> will receive to the <strong>Eibar <\/strong>home. Like strong dish, will play the derbi <strong>Seville-Real Betis<\/strong> in <strong>Ram\u00f3n S\u00e1nchez Pizju\u00e1n<\/strong>. The rest of parties are: <strong>Legan\u00e9s-Valladolid, Valencia-Raise, Celtic-Villarreal, Espanyol-Alav\u00e9s, Real Sociedad-Osasuna, Athletic-Athletic<\/strong> and <strong>Granada-Getafe.<\/strong><\/p>  <p>Of course, <strong>it will follow a protocol of security very strict with all the components of the teams that will contest the parties<\/strong> (as well as the rest of professionals that are in the stadium in this moment to work indirectly in his dispute). First, it will take them the temperature and will access to the changing room directly without that can cross anybody.<\/p>  <p><strong>For when all are inside the installations, the area of work will remain divided in three zones: <\/strong>a green zone that comprises the terrain of game and the changing rooms (where only will be able to have the footballers, trainers, doctors, fisioterapeutas and referees); a blue zone that comprises the terracings; and, finally, the third zone, that comprises the outsides of the enclosure.<\/p>  <p>To all this, <strong>it is necessary to add that there will be change of equipaci\u00f3n of the players to the rest,<\/strong> with possibility of shower, and do without all the existent greetings up to now in the proleg\u00f3menos of the parties, so much between the players as with the referee&#8217;s trio. Finally, from the next Monday 25, when they will be able to start the collective trainings, the clubs will remain authorised to start with to concentrate to his players.<\/p>  <p>It is necessary to remember that <a href=\"https:\/\/www.fcbarcelonanoticias.com\/laliga-clasificacion.html\" title=\"LaLiga - Clasificaci\u00f3n\">the FC Barcelona will split like leader of LaLiga<\/a> with an advantage of two points on the Real Madrid, his eternal rival and the team that will loom a new title for the Barcelona group. To date, both teams have showed very irregular and any of them has achieved to be the sufficiently solid as to take advantage of of the pricks of the another.<\/p>  <h3>The parties of the day 28 of LaLiga<\/h3>  <ul> <li>Real Madrid &#8211; Eibar<\/li> \t<li>Legan\u00e9s &#8211; Valladolid<\/li> \t<li>Valencia &#8211; Raise<\/li> \t<li>Mallorca &#8211; Barcelona<\/li> \t<li>Celtic &#8211; Villarreal<\/li> \t<li>Espanyol &#8211; Alav\u00e9s<\/li> \t<li>R. Society &#8211; Osasuna<\/li> \t<li>Athletic &#8211; Athletic<\/li> \t<li>Granada- Getafe<\/li> \t<li>Seville- Betis<\/li> <\/ul> ","protected":false},"excerpt":{"rendered":"<p>Afterwards that the Government have given green light, LaLiga Santander goes to restart in June. To continuation, the parties of the day 28, the first after the stop Pedro S\u00e1nchez, president of the Government of Spain, has appeared announcing that the return of LaLiga Santander will remain authorised from the next day 8 June. Like [&hellip;]<\/p>\n","protected":false},"author":392,"featured_media":59224,"comment_status":"closed","ping_status":"open","sticky":false,"template":"","format":"standard","meta":{"_acf_changed":false,"inline_featured_image":false,"_nextfly_llmd_date_locked":false,"footnotes":""},"categories":[114,448],"tags":[200],"class_list":["post-59220","post","type-post","status-publish","format-standard","has-post-thumbnail","hentry","category-laliga","category-laliga-2","tag-coronavirus"],"acf":[],"yoast_head":"<!-- This site is optimized with the Yoast SEO plugin v27.3 - https:\/\/yoast.com\/product\/yoast-seo-wordpress\/ -->\n<title>This will be the first day of LaLiga after the break<\/title>\n<meta name=\"description\" content=\"Afterwards that the Government have given green light, LaLiga Santander goes to restart in June. To continuation, the parties of the day 28, the first after the...\" \/>\n<meta name=\"robots\" content=\"index, follow, max-snippet:-1, max-image-preview:large, max-video-preview:-1\" \/>\n<link rel=\"canonical\" href=\"https:\/\/www.fcbarcelonanoticias.com\/en\/laliga\/like-this-it-will-be-the-first-day-of-laliga-after-the-stop_257916_102.html\" \/>\n<meta property=\"og:locale\" content=\"en_US\" \/>\n<meta property=\"og:type\" content=\"article\" \/>\n<meta property=\"og:title\" content=\"This will be the first day of LaLiga after the break\" \/>\n<meta property=\"og:description\" content=\"Afterwards that the Government have given green light, LaLiga Santander goes to restart in June. To continuation, the parties of the day 28, the first after the...\" \/>\n<meta property=\"og:url\" content=\"https:\/\/www.fcbarcelonanoticias.com\/en\/laliga\/like-this-it-will-be-the-first-day-of-laliga-after-the-stop_257916_102.html\" \/>\n<meta property=\"og:site_name\" content=\"EN - FC Barcelona Noticias\" \/>\n<meta property=\"article:published_time\" content=\"2020-05-23T14:39:00+00:00\" \/>\n<meta property=\"article:modified_time\" content=\"2026-04-16T07:18:22+00:00\" \/>\n<meta property=\"og:image\" content=\"https:\/\/www.fcbarcelonanoticias.com\/en\/wp-content\/uploads\/sites\/2\/2020\/05\/fc-barcelona-v-rcd-mallorca-la-liga.jpeg\" \/>\n\t<meta property=\"og:image:width\" content=\"1200\" \/>\n\t<meta property=\"og:image:height\" content=\"799\" \/>\n\t<meta property=\"og:image:type\" content=\"image\/jpeg\" \/>\n<meta name=\"author\" content=\"user_4048\" \/>\n<meta name=\"twitter:card\" content=\"summary_large_image\" \/>\n<meta name=\"twitter:label1\" content=\"Written by\" \/>\n\t<meta name=\"twitter:data1\" content=\"user_4048\" \/>\n\t<meta name=\"twitter:label2\" content=\"Est. reading time\" \/>\n\t<meta name=\"twitter:data2\" content=\"2 minutes\" \/>\n<script type=\"application\/ld+json\" class=\"yoast-schema-graph\">{\"@context\":\"https:\\\/\\\/schema.org\",\"@graph\":[{\"@type\":\"Article\",\"@id\":\"https:\\\/\\\/www.fcbarcelonanoticias.com\\\/en\\\/laliga\\\/like-this-it-will-be-the-first-day-of-laliga-after-the-stop_257916_102.html#article\",\"isPartOf\":{\"@id\":\"https:\\\/\\\/www.fcbarcelonanoticias.com\\\/en\\\/laliga\\\/like-this-it-will-be-the-first-day-of-laliga-after-the-stop_257916_102.html\"},\"author\":{\"name\":\"user_4048\",\"@id\":\"https:\\\/\\\/www.fcbarcelonanoticias.com\\\/en\\\/#\\\/schema\\\/person\\\/fcdad55cab72b8d0e106d75506783b6d\"},\"headline\":\"This will be the first day of LaLiga after the break\",\"datePublished\":\"2020-05-23T14:39:00+00:00\",\"dateModified\":\"2026-04-16T07:18:22+00:00\",\"mainEntityOfPage\":{\"@id\":\"https:\\\/\\\/www.fcbarcelonanoticias.com\\\/en\\\/laliga\\\/like-this-it-will-be-the-first-day-of-laliga-after-the-stop_257916_102.html\"},\"wordCount\":475,\"image\":{\"@id\":\"https:\\\/\\\/www.fcbarcelonanoticias.com\\\/en\\\/laliga\\\/like-this-it-will-be-the-first-day-of-laliga-after-the-stop_257916_102.html#primaryimage\"},\"thumbnailUrl\":\"https:\\\/\\\/www.fcbarcelonanoticias.com\\\/en\\\/wp-content\\\/uploads\\\/sites\\\/2\\\/2020\\\/05\\\/fc-barcelona-v-rcd-mallorca-la-liga.jpeg\",\"keywords\":[\"Coronavirus\"],\"articleSection\":[\"LaLiga\",\"LaLiga\"],\"inLanguage\":\"en-US\"},{\"@type\":\"WebPage\",\"@id\":\"https:\\\/\\\/www.fcbarcelonanoticias.com\\\/en\\\/laliga\\\/like-this-it-will-be-the-first-day-of-laliga-after-the-stop_257916_102.html\",\"url\":\"https:\\\/\\\/www.fcbarcelonanoticias.com\\\/en\\\/laliga\\\/like-this-it-will-be-the-first-day-of-laliga-after-the-stop_257916_102.html\",\"name\":\"This will be the first day of LaLiga after the break\",\"isPartOf\":{\"@id\":\"https:\\\/\\\/www.fcbarcelonanoticias.com\\\/en\\\/#website\"},\"primaryImageOfPage\":{\"@id\":\"https:\\\/\\\/www.fcbarcelonanoticias.com\\\/en\\\/laliga\\\/like-this-it-will-be-the-first-day-of-laliga-after-the-stop_257916_102.html#primaryimage\"},\"image\":{\"@id\":\"https:\\\/\\\/www.fcbarcelonanoticias.com\\\/en\\\/laliga\\\/like-this-it-will-be-the-first-day-of-laliga-after-the-stop_257916_102.html#primaryimage\"},\"thumbnailUrl\":\"https:\\\/\\\/www.fcbarcelonanoticias.com\\\/en\\\/wp-content\\\/uploads\\\/sites\\\/2\\\/2020\\\/05\\\/fc-barcelona-v-rcd-mallorca-la-liga.jpeg\",\"datePublished\":\"2020-05-23T14:39:00+00:00\",\"dateModified\":\"2026-04-16T07:18:22+00:00\",\"author\":{\"@id\":\"https:\\\/\\\/www.fcbarcelonanoticias.com\\\/en\\\/#\\\/schema\\\/person\\\/fcdad55cab72b8d0e106d75506783b6d\"},\"description\":\"Afterwards that the Government have given green light, LaLiga Santander goes to restart in June. To continuation, the parties of the day 28, the first after the...\",\"breadcrumb\":{\"@id\":\"https:\\\/\\\/www.fcbarcelonanoticias.com\\\/en\\\/laliga\\\/like-this-it-will-be-the-first-day-of-laliga-after-the-stop_257916_102.html#breadcrumb\"},\"inLanguage\":\"en-US\",\"potentialAction\":[{\"@type\":\"ReadAction\",\"target\":[\"https:\\\/\\\/www.fcbarcelonanoticias.com\\\/en\\\/laliga\\\/like-this-it-will-be-the-first-day-of-laliga-after-the-stop_257916_102.html\"]}]},{\"@type\":\"ImageObject\",\"inLanguage\":\"en-US\",\"@id\":\"https:\\\/\\\/www.fcbarcelonanoticias.com\\\/en\\\/laliga\\\/like-this-it-will-be-the-first-day-of-laliga-after-the-stop_257916_102.html#primaryimage\",\"url\":\"https:\\\/\\\/www.fcbarcelonanoticias.com\\\/en\\\/wp-content\\\/uploads\\\/sites\\\/2\\\/2020\\\/05\\\/fc-barcelona-v-rcd-mallorca-la-liga.jpeg\",\"contentUrl\":\"https:\\\/\\\/www.fcbarcelonanoticias.com\\\/en\\\/wp-content\\\/uploads\\\/sites\\\/2\\\/2020\\\/05\\\/fc-barcelona-v-rcd-mallorca-la-liga.jpeg\",\"width\":1200,\"height\":799},{\"@type\":\"BreadcrumbList\",\"@id\":\"https:\\\/\\\/www.fcbarcelonanoticias.com\\\/en\\\/laliga\\\/like-this-it-will-be-the-first-day-of-laliga-after-the-stop_257916_102.html#breadcrumb\",\"itemListElement\":[{\"@type\":\"ListItem\",\"position\":1,\"name\":\"Portada\",\"item\":\"https:\\\/\\\/www.fcbarcelonanoticias.com\\\/en\\\/\"},{\"@type\":\"ListItem\",\"position\":2,\"name\":\"This will be the first day of LaLiga after the break\"}]},{\"@type\":\"WebSite\",\"@id\":\"https:\\\/\\\/www.fcbarcelonanoticias.com\\\/en\\\/#website\",\"url\":\"https:\\\/\\\/www.fcbarcelonanoticias.com\\\/en\\\/\",\"name\":\"EN - FC Barcelona Noticias\",\"description\":\"\",\"potentialAction\":[{\"@type\":\"SearchAction\",\"target\":{\"@type\":\"EntryPoint\",\"urlTemplate\":\"https:\\\/\\\/www.fcbarcelonanoticias.com\\\/en\\\/?s={search_term_string}\"},\"query-input\":{\"@type\":\"PropertyValueSpecification\",\"valueRequired\":true,\"valueName\":\"search_term_string\"}}],\"inLanguage\":\"en-US\"},{\"@type\":\"Person\",\"@id\":\"https:\\\/\\\/www.fcbarcelonanoticias.com\\\/en\\\/#\\\/schema\\\/person\\\/fcdad55cab72b8d0e106d75506783b6d\",\"name\":\"user_4048\",\"image\":{\"@type\":\"ImageObject\",\"inLanguage\":\"en-US\",\"@id\":\"https:\\\/\\\/secure.gravatar.com\\\/avatar\\\/?s=96&d=mm&r=g\",\"url\":\"https:\\\/\\\/secure.gravatar.com\\\/avatar\\\/?s=96&d=mm&r=g\",\"contentUrl\":\"https:\\\/\\\/secure.gravatar.com\\\/avatar\\\/?s=96&d=mm&r=g\",\"caption\":\"user_4048\"},\"url\":\"https:\\\/\\\/www.fcbarcelonanoticias.com\\\/en\\\/user_4048.html\"}]}<\/script>\n<!-- \/ Yoast SEO plugin. -->","yoast_head_json":{"title":"This will be the first day of LaLiga after the break","description":"Afterwards that the Government have given green light, LaLiga Santander goes to restart in June. To continuation, the parties of the day 28, the first after the...","robots":{"index":"index","follow":"follow","max-snippet":"max-snippet:-1","max-image-preview":"max-image-preview:large","max-video-preview":"max-video-preview:-1"},"canonical":"https:\/\/www.fcbarcelonanoticias.com\/en\/laliga\/like-this-it-will-be-the-first-day-of-laliga-after-the-stop_257916_102.html","og_locale":"en_US","og_type":"article","og_title":"This will be the first day of LaLiga after the break","og_description":"Afterwards that the Government have given green light, LaLiga Santander goes to restart in June. To continuation, the parties of the day 28, the first after the...","og_url":"https:\/\/www.fcbarcelonanoticias.com\/en\/laliga\/like-this-it-will-be-the-first-day-of-laliga-after-the-stop_257916_102.html","og_site_name":"EN - FC Barcelona Noticias","article_published_time":"2020-05-23T14:39:00+00:00","article_modified_time":"2026-04-16T07:18:22+00:00","og_image":[{"width":1200,"height":799,"url":"https:\/\/www.fcbarcelonanoticias.com\/en\/wp-content\/uploads\/sites\/2\/2020\/05\/fc-barcelona-v-rcd-mallorca-la-liga.jpeg","type":"image\/jpeg"}],"author":"user_4048","twitter_card":"summary_large_image","twitter_misc":{"Written by":"user_4048","Est. reading time":"2 minutes"},"schema":{"@context":"https:\/\/schema.org","@graph":[{"@type":"Article","@id":"https:\/\/www.fcbarcelonanoticias.com\/en\/laliga\/like-this-it-will-be-the-first-day-of-laliga-after-the-stop_257916_102.html#article","isPartOf":{"@id":"https:\/\/www.fcbarcelonanoticias.com\/en\/laliga\/like-this-it-will-be-the-first-day-of-laliga-after-the-stop_257916_102.html"},"author":{"name":"user_4048","@id":"https:\/\/www.fcbarcelonanoticias.com\/en\/#\/schema\/person\/fcdad55cab72b8d0e106d75506783b6d"},"headline":"This will be the first day of LaLiga after the break","datePublished":"2020-05-23T14:39:00+00:00","dateModified":"2026-04-16T07:18:22+00:00","mainEntityOfPage":{"@id":"https:\/\/www.fcbarcelonanoticias.com\/en\/laliga\/like-this-it-will-be-the-first-day-of-laliga-after-the-stop_257916_102.html"},"wordCount":475,"image":{"@id":"https:\/\/www.fcbarcelonanoticias.com\/en\/laliga\/like-this-it-will-be-the-first-day-of-laliga-after-the-stop_257916_102.html#primaryimage"},"thumbnailUrl":"https:\/\/www.fcbarcelonanoticias.com\/en\/wp-content\/uploads\/sites\/2\/2020\/05\/fc-barcelona-v-rcd-mallorca-la-liga.jpeg","keywords":["Coronavirus"],"articleSection":["LaLiga","LaLiga"],"inLanguage":"en-US"},{"@type":"WebPage","@id":"https:\/\/www.fcbarcelonanoticias.com\/en\/laliga\/like-this-it-will-be-the-first-day-of-laliga-after-the-stop_257916_102.html","url":"https:\/\/www.fcbarcelonanoticias.com\/en\/laliga\/like-this-it-will-be-the-first-day-of-laliga-after-the-stop_257916_102.html","name":"This will be the first day of LaLiga after the break","isPartOf":{"@id":"https:\/\/www.fcbarcelonanoticias.com\/en\/#website"},"primaryImageOfPage":{"@id":"https:\/\/www.fcbarcelonanoticias.com\/en\/laliga\/like-this-it-will-be-the-first-day-of-laliga-after-the-stop_257916_102.html#primaryimage"},"image":{"@id":"https:\/\/www.fcbarcelonanoticias.com\/en\/laliga\/like-this-it-will-be-the-first-day-of-laliga-after-the-stop_257916_102.html#primaryimage"},"thumbnailUrl":"https:\/\/www.fcbarcelonanoticias.com\/en\/wp-content\/uploads\/sites\/2\/2020\/05\/fc-barcelona-v-rcd-mallorca-la-liga.jpeg","datePublished":"2020-05-23T14:39:00+00:00","dateModified":"2026-04-16T07:18:22+00:00","author":{"@id":"https:\/\/www.fcbarcelonanoticias.com\/en\/#\/schema\/person\/fcdad55cab72b8d0e106d75506783b6d"},"description":"Afterwards that the Government have given green light, LaLiga Santander goes to restart in June. To continuation, the parties of the day 28, the first after the...","breadcrumb":{"@id":"https:\/\/www.fcbarcelonanoticias.com\/en\/laliga\/like-this-it-will-be-the-first-day-of-laliga-after-the-stop_257916_102.html#breadcrumb"},"inLanguage":"en-US","potentialAction":[{"@type":"ReadAction","target":["https:\/\/www.fcbarcelonanoticias.com\/en\/laliga\/like-this-it-will-be-the-first-day-of-laliga-after-the-stop_257916_102.html"]}]},{"@type":"ImageObject","inLanguage":"en-US","@id":"https:\/\/www.fcbarcelonanoticias.com\/en\/laliga\/like-this-it-will-be-the-first-day-of-laliga-after-the-stop_257916_102.html#primaryimage","url":"https:\/\/www.fcbarcelonanoticias.com\/en\/wp-content\/uploads\/sites\/2\/2020\/05\/fc-barcelona-v-rcd-mallorca-la-liga.jpeg","contentUrl":"https:\/\/www.fcbarcelonanoticias.com\/en\/wp-content\/uploads\/sites\/2\/2020\/05\/fc-barcelona-v-rcd-mallorca-la-liga.jpeg","width":1200,"height":799},{"@type":"BreadcrumbList","@id":"https:\/\/www.fcbarcelonanoticias.com\/en\/laliga\/like-this-it-will-be-the-first-day-of-laliga-after-the-stop_257916_102.html#breadcrumb","itemListElement":[{"@type":"ListItem","position":1,"name":"Portada","item":"https:\/\/www.fcbarcelonanoticias.com\/en\/"},{"@type":"ListItem","position":2,"name":"This will be the first day of LaLiga after the break"}]},{"@type":"WebSite","@id":"https:\/\/www.fcbarcelonanoticias.com\/en\/#website","url":"https:\/\/www.fcbarcelonanoticias.com\/en\/","name":"EN - FC Barcelona Noticias","description":"","potentialAction":[{"@type":"SearchAction","target":{"@type":"EntryPoint","urlTemplate":"https:\/\/www.fcbarcelonanoticias.com\/en\/?s={search_term_string}"},"query-input":{"@type":"PropertyValueSpecification","valueRequired":true,"valueName":"search_term_string"}}],"inLanguage":"en-US"},{"@type":"Person","@id":"https:\/\/www.fcbarcelonanoticias.com\/en\/#\/schema\/person\/fcdad55cab72b8d0e106d75506783b6d","name":"user_4048","image":{"@type":"ImageObject","inLanguage":"en-US","@id":"https:\/\/secure.gravatar.com\/avatar\/?s=96&d=mm&r=g","url":"https:\/\/secure.gravatar.com\/avatar\/?s=96&d=mm&r=g","contentUrl":"https:\/\/secure.gravatar.com\/avatar\/?s=96&d=mm&r=g","caption":"user_4048"},"url":"https:\/\/www.fcbarcelonanoticias.com\/en\/user_4048.html"}]}},"_links":{"self":[{"href":"https:\/\/www.fcbarcelonanoticias.com\/en\/wp-json\/wp\/v2\/posts\/59220","targetHints":{"allow":["GET"]}}],"collection":[{"href":"https:\/\/www.fcbarcelonanoticias.com\/en\/wp-json\/wp\/v2\/posts"}],"about":[{"href":"https:\/\/www.fcbarcelonanoticias.com\/en\/wp-json\/wp\/v2\/types\/post"}],"author":[{"embeddable":true,"href":"https:\/\/www.fcbarcelonanoticias.com\/en\/wp-json\/wp\/v2\/users\/392"}],"replies":[{"embeddable":true,"href":"https:\/\/www.fcbarcelonanoticias.com\/en\/wp-json\/wp\/v2\/comments?post=59220"}],"version-history":[{"count":4,"href":"https:\/\/www.fcbarcelonanoticias.com\/en\/wp-json\/wp\/v2\/posts\/59220\/revisions"}],"predecessor-version":[{"id":171545,"href":"https:\/\/www.fcbarcelonanoticias.com\/en\/wp-json\/wp\/v2\/posts\/59220\/revisions\/171545"}],"wp:featuredmedia":[{"embeddable":true,"href":"https:\/\/www.fcbarcelonanoticias.com\/en\/wp-json\/wp\/v2\/media\/59224"}],"wp:attachment":[{"href":"https:\/\/www.fcbarcelonanoticias.com\/en\/wp-json\/wp\/v2\/media?parent=59220"}],"wp:term":[{"taxonomy":"category","embeddable":true,"href":"https:\/\/www.fcbarcelonanoticias.com\/en\/wp-json\/wp\/v2\/categories?post=59220"},{"taxonomy":"post_tag","embeddable":true,"href":"https:\/\/www.fcbarcelonanoticias.com\/en\/wp-json\/wp\/v2\/tags?post=59220"}],"curies":[{"name":"wp","href":"https:\/\/api.w.org\/{rel}","templated":true}]}}