{"id":59702,"date":"2025-08-30T21:43:00","date_gmt":"2025-08-30T19:43:00","guid":{"rendered":"https:\/\/weisetech.dev\/fc-barcelona-noticias\/en\/real-valladolid-fc-barcelona-possible-line-ups-matchday-36-laliga_292555_102\/"},"modified":"2026-03-27T11:41:11","modified_gmt":"2026-03-27T10:41:11","slug":"registration-closed-laliga-enables-szczesny-with-fc-barcelona_314437_102","status":"publish","type":"post","link":"https:\/\/www.fcbarcelonanoticias.com\/en\/laliga\/registration-closed-laliga-enables-szczesny-with-fc-barcelona_314437_102.html","title":{"rendered":"Registration closed: LaLiga enables Szczesny in the Bar\u00e7a squad"},"content":{"rendered":"<h2 class=\"wp-block-heading\">Szcz\u0119sny already registered: FC Barcelona unlocks his availability for call-ups. Who&#8217;s next?<\/h2>  \r\n<div class=\"article-addons\">\r\n    <a href=\"https:\/\/www.fcbarcelonanoticias.com\/en\/calendar-fc-barcelona.html\"\r\n       target=\"_self\"\r\n       title=\"Calendar of FC Barcelona\"\r\n       class=\"blue-gredient-btn\">\r\n       \r\n        Calendar of FC Barcelona    <\/a>\r\n<\/div>   <p>Finally, <strong>FC Barcelona<\/strong> has managed to solve one of its major headaches in this 2025\/26 summer transfer market: the registration of <strong>Wojciech Szcz\u0119sny<\/strong>. The Polish goalkeeper is now listed on the LaLiga website as a player available for the Blaugrana.<\/p>  <p>The Warsaw native, as in the previous season, was registered with the number &#8217;25&#8217;. Now <strong>he can enter the call-ups<\/strong> of <strong>Hansi Flick<\/strong>&#8216;s team. It should be remembered that, because his new contract with the Catalan team (until 2027) was not registered, he missed the first two matchdays of the local tournament:<\/p>  <ul> <li>MD1 vs. <strong>RCD Mallorca<\/strong> at Son Moix (16\/08)<\/li> \t<li>MD2 vs. <strong>Levante UD<\/strong> at Ciutat de Val\u00e8ncia (23\/08)<\/li> <\/ul> <h2>Szcz\u0119sny&#8217;s registration: unlocked after I\u00f1aki Pe\u00f1a&#8217;s departure<\/h2>  <p>After <a data-external=\"0\" data-intl-links-en=\"https:\/\/www.fcbarcelonanoticias.com\/en\/transfers\/official-inaki-pena-renews-with-barca-and-goes-on-loan-to-elche_314434_102.html\" data-intl-links-es=\"https:\/\/www.fcbarcelonanoticias.com\/fichajes\/oficial-inaki-pena-renueva-con-barca-se-va-cedido-elche_314434_102.html\" href=\"https:\/\/www.fcbarcelonanoticias.com\/en\/transfers\/official-inaki-pena-renews-with-barca-and-goes-on-loan-to-elche_314434_102.html\" rel=\"follow\" target=\"_self\" title=\"OFFICIAL: I\u00f1aki Pe\u00f1a renews with Bar\u00e7a and goes on loan to Elche\">I\u00f1aki Pe\u00f1a&#8217;s loan to Elche CF<\/a>, a significant portion of the necessary salary space was generated to register <strong><em>Tek<\/em><\/strong> in the Bar\u00e7a payroll registered with LaLiga. A move in which the extension of the \u20ac7M guarantee made by the Barcelona team with promissory notes equivalent to five &#8216;kilos&#8217; more also played a major role.<\/p>  <p>Therefore, from the match against <strong>Rayo Vallecano<\/strong> in Vallecas (31\/08), <strong>Szcz\u0119sny<\/strong> will be able to enter the call-ups of the team from the Ciudad Condal normally.<\/p>  <p>The goalkeeper, although he does not occupy the role of starter, presumably reserved for <strong>Joan Garc\u00eda<\/strong>, presents himself as a substitute with guarantees. A veteran who has made a good impression in the dressing room, being one of the most appreciated players, consolidating himself as a reference <strong><a data-external=\"0\" data-intl-links-en=\"https:\/\/www.fcbarcelonanoticias.com\/en\/fc-barcelona-squad.html\" data-intl-links-es=\"https:\/\/www.fcbarcelonanoticias.com\/jugadores-fcbarcelona.html\" href=\"https:\/\/www.fcbarcelonanoticias.com\/en\/fc-barcelona-squad.html\" rel=\"follow\" target=\"_self\" title=\"FC Barcelona 2025-26 Squad\">within the first team<\/a><\/strong>.<\/p>  <p>The Polish international proved last season that, despite arriving at <strong>Barcelona<\/strong> after coming out of retirement, he has more than enough level to provide depth to the Blaugrana goal. And, if necessary, to stand between the posts to relieve <strong>Joan Garc\u00eda<\/strong>.<\/p>  <ul> <li>\ud83d\udccc <strong>SZCZ\u0118SNY<\/strong>&#8216;S NUMBERS AS A <strong>FC BARCELONA<\/strong> PLAYER:<\/li> <\/ul> <ol> <li> <strong>Matches played:<\/strong> 30<\/li> \t<li> <strong>Minutes:<\/strong> 2,726&#8242;<\/li> \t<li> <strong>Goals conceded:<\/strong> 36<\/li> \t<li> <strong>Clean sheets:<\/strong> 14<\/li> \t<li> <strong>Titles (3):<\/strong> LaLiga, Copa del Rey and Spanish Super Cup<\/li> <\/ol> <h2>Barcelona continues to advance in the registration of pending players: Mart\u00edn, Szcz\u0119sny and&#8230; Bardghji?<\/h2>  <p>Thus, the Blaugrana team maintains a firm step in the registration of the pending players, since this same week they <a data-external=\"0\" data-intl-links-en=\"https:\/\/www.fcbarcelonanoticias.com\/en\/laliga\/gerard-martin-registered-full-back-ready-for-rayo-barca_314482_102.html\" data-intl-links-es=\"https:\/\/www.fcbarcelonanoticias.com\/laliga\/gerard-martin-inscrito-laliga-disponible-rayo-barca_314482_102.html\" href=\"https:\/\/www.fcbarcelonanoticias.com\/en\/laliga\/gerard-martin-registered-full-back-ready-for-rayo-barca_314482_102.html\" rel=\"follow\" target=\"_self\" title=\"Gerard Mart\u00edn: registered in LaLiga and available for Rayo-Bar\u00e7a\">managed to register the left-back <strong>Gerard Mart\u00edn<\/strong><\/a>, who will wear the <strong>number &#8217;18&#8217;<\/strong> with a contract from the <strong>first team<\/strong>. This was one of the most complex cases to resolve for the current LaLiga champion, resolved thanks to various maneuvers in economic matters.<\/p>  <div class=\"media media-image\" data-ck-asset-wrapper=\"\"> <div class=\"media-item\"> <img loading=\"lazy\" decoding=\"async\" alt=\"Gerard Mart\u00edn, registered as a FC Barcelona player on the LaLiga website\" data-id=\"1518178\" data-resize=\"9\" height=\"563\" src=\"https:\/\/www.fcbarcelonanoticias.com\/wp-content\/uploads\/sites\/2\/2025\/08\/fcbn-dd56637827e7f9c67c33539777a3b189.jpeg\" title=\"Gerard Mart\u00edn, registered as a FC Barcelona player on the LaLiga website\" width=\"1000\"><div class=\"media-title\">Gerard Mart\u00edn, registered as a FC Barcelona player on the LaLiga website<\/div> <\/div> <\/div>  <p>Now, it remains to be seen if <strong>Barcelona<\/strong> will manage to register the right winger <strong>Roony Bardghji<\/strong> in a timely manner. It is still unclear whether they will opt to count on him from the match against <strong>Rayo<\/strong> in Vallecas. Even his permanence in the team remains an unknown.<\/p>  <p>Despite the fact that the former <strong>Copenhagen<\/strong> player had an interesting preseason, in which he showed himself as a valuable option to double the position of attacker on the right, strong rumors also arose about a possible loan during this season, with the aim of polishing him as a player in an environment where he would have more minutes. So, as long as he does not appear registered in the <strong>Bar\u00e7a<\/strong> squad, the doubt will continue to float in the air.<\/p> ","protected":false},"excerpt":{"rendered":"<p>Szcz\u0119sny already registered: FC Barcelona unlocks his availability for call-ups. Who&#8217;s next? Finally, FC Barcelona has managed to solve one of its major headaches in this 2025\/26 summer transfer market: the registration of Wojciech Szcz\u0119sny. The Polish goalkeeper is now listed on the LaLiga website as a player available for the Blaugrana. The Warsaw native, [&hellip;]<\/p>\n","protected":false},"author":355,"featured_media":59714,"comment_status":"closed","ping_status":"open","sticky":false,"template":"","format":"standard","meta":{"_acf_changed":false,"inline_featured_image":false,"_nextfly_llmd_date_locked":false,"footnotes":""},"categories":[114,448],"tags":[84,353],"class_list":["post-59702","post","type-post","status-publish","format-standard","has-post-thumbnail","hentry","category-laliga","category-laliga-2","tag-rayo-vallecano","tag-wojciech-szczesny"],"acf":[],"yoast_head":"<!-- This site is optimized with the Yoast SEO plugin v27.3 - https:\/\/yoast.com\/product\/yoast-seo-wordpress\/ -->\n<title>Registration closed: LaLiga enables Szczesny in the Bar\u00e7a squad<\/title>\n<meta name=\"description\" content=\"Szcz\u0119sny already registered: FC Barcelona unlocks his availability for call-ups. Who&#039;s next?\" \/>\n<meta name=\"robots\" content=\"index, follow, max-snippet:-1, max-image-preview:large, max-video-preview:-1\" \/>\n<link rel=\"canonical\" href=\"https:\/\/www.fcbarcelonanoticias.com\/en\/laliga\/registration-closed-laliga-enables-szczesny-with-fc-barcelona_314437_102.html\" \/>\n<meta property=\"og:locale\" content=\"en_US\" \/>\n<meta property=\"og:type\" content=\"article\" \/>\n<meta property=\"og:title\" content=\"Registration closed: LaLiga enables Szczesny in the Bar\u00e7a squad\" \/>\n<meta property=\"og:description\" content=\"Szcz\u0119sny already registered: FC Barcelona unlocks his availability for call-ups. Who&#039;s next?\" \/>\n<meta property=\"og:url\" content=\"https:\/\/www.fcbarcelonanoticias.com\/en\/laliga\/registration-closed-laliga-enables-szczesny-with-fc-barcelona_314437_102.html\" \/>\n<meta property=\"og:site_name\" content=\"EN - FC Barcelona Noticias\" \/>\n<meta property=\"article:published_time\" content=\"2025-08-30T19:43:00+00:00\" \/>\n<meta property=\"article:modified_time\" content=\"2026-03-27T10:41:11+00:00\" \/>\n<meta property=\"og:image\" content=\"https:\/\/www.fcbarcelonanoticias.com\/en\/wp-content\/uploads\/sites\/2\/2025\/08\/inscripcion-cerrada-laliga-habilita-a-szczesny-en-la-plantilla-del-barca.webp\" \/>\n\t<meta property=\"og:image:width\" content=\"1200\" \/>\n\t<meta property=\"og:image:height\" content=\"675\" \/>\n\t<meta property=\"og:image:type\" content=\"image\/webp\" \/>\n<meta name=\"author\" content=\"Kevin G\u00f3mez\" \/>\n<meta name=\"twitter:card\" content=\"summary_large_image\" \/>\n<meta name=\"twitter:label1\" content=\"Written by\" \/>\n\t<meta name=\"twitter:data1\" content=\"Kevin G\u00f3mez\" \/>\n\t<meta name=\"twitter:label2\" content=\"Est. reading time\" \/>\n\t<meta name=\"twitter:data2\" content=\"3 minutes\" \/>\n<script type=\"application\/ld+json\" class=\"yoast-schema-graph\">{\"@context\":\"https:\\\/\\\/schema.org\",\"@graph\":[{\"@type\":\"Article\",\"@id\":\"https:\\\/\\\/www.fcbarcelonanoticias.com\\\/en\\\/laliga\\\/registration-closed-laliga-enables-szczesny-with-fc-barcelona_314437_102.html#article\",\"isPartOf\":{\"@id\":\"https:\\\/\\\/www.fcbarcelonanoticias.com\\\/en\\\/laliga\\\/registration-closed-laliga-enables-szczesny-with-fc-barcelona_314437_102.html\"},\"author\":{\"name\":\"Kevin G\u00f3mez\",\"@id\":\"https:\\\/\\\/www.fcbarcelonanoticias.com\\\/en\\\/#\\\/schema\\\/person\\\/991443f134df9a64c6874f96ff984c9d\"},\"headline\":\"Registration closed: LaLiga enables Szczesny in the Bar\u00e7a squad\",\"datePublished\":\"2025-08-30T19:43:00+00:00\",\"dateModified\":\"2026-03-27T10:41:11+00:00\",\"mainEntityOfPage\":{\"@id\":\"https:\\\/\\\/www.fcbarcelonanoticias.com\\\/en\\\/laliga\\\/registration-closed-laliga-enables-szczesny-with-fc-barcelona_314437_102.html\"},\"wordCount\":570,\"image\":{\"@id\":\"https:\\\/\\\/www.fcbarcelonanoticias.com\\\/en\\\/laliga\\\/registration-closed-laliga-enables-szczesny-with-fc-barcelona_314437_102.html#primaryimage\"},\"thumbnailUrl\":\"https:\\\/\\\/www.fcbarcelonanoticias.com\\\/en\\\/wp-content\\\/uploads\\\/sites\\\/2\\\/2025\\\/08\\\/inscripcion-cerrada-laliga-habilita-a-szczesny-en-la-plantilla-del-barca.webp\",\"keywords\":[\"Rayo Vallecano\",\"Szczesny\"],\"articleSection\":[\"LaLiga\",\"LaLiga\"],\"inLanguage\":\"en-US\"},{\"@type\":\"WebPage\",\"@id\":\"https:\\\/\\\/www.fcbarcelonanoticias.com\\\/en\\\/laliga\\\/registration-closed-laliga-enables-szczesny-with-fc-barcelona_314437_102.html\",\"url\":\"https:\\\/\\\/www.fcbarcelonanoticias.com\\\/en\\\/laliga\\\/registration-closed-laliga-enables-szczesny-with-fc-barcelona_314437_102.html\",\"name\":\"Registration closed: LaLiga enables Szczesny in the Bar\u00e7a squad\",\"isPartOf\":{\"@id\":\"https:\\\/\\\/www.fcbarcelonanoticias.com\\\/en\\\/#website\"},\"primaryImageOfPage\":{\"@id\":\"https:\\\/\\\/www.fcbarcelonanoticias.com\\\/en\\\/laliga\\\/registration-closed-laliga-enables-szczesny-with-fc-barcelona_314437_102.html#primaryimage\"},\"image\":{\"@id\":\"https:\\\/\\\/www.fcbarcelonanoticias.com\\\/en\\\/laliga\\\/registration-closed-laliga-enables-szczesny-with-fc-barcelona_314437_102.html#primaryimage\"},\"thumbnailUrl\":\"https:\\\/\\\/www.fcbarcelonanoticias.com\\\/en\\\/wp-content\\\/uploads\\\/sites\\\/2\\\/2025\\\/08\\\/inscripcion-cerrada-laliga-habilita-a-szczesny-en-la-plantilla-del-barca.webp\",\"datePublished\":\"2025-08-30T19:43:00+00:00\",\"dateModified\":\"2026-03-27T10:41:11+00:00\",\"author\":{\"@id\":\"https:\\\/\\\/www.fcbarcelonanoticias.com\\\/en\\\/#\\\/schema\\\/person\\\/991443f134df9a64c6874f96ff984c9d\"},\"description\":\"Szcz\u0119sny already registered: FC Barcelona unlocks his availability for call-ups. Who's next?\",\"breadcrumb\":{\"@id\":\"https:\\\/\\\/www.fcbarcelonanoticias.com\\\/en\\\/laliga\\\/registration-closed-laliga-enables-szczesny-with-fc-barcelona_314437_102.html#breadcrumb\"},\"inLanguage\":\"en-US\",\"potentialAction\":[{\"@type\":\"ReadAction\",\"target\":[\"https:\\\/\\\/www.fcbarcelonanoticias.com\\\/en\\\/laliga\\\/registration-closed-laliga-enables-szczesny-with-fc-barcelona_314437_102.html\"]}]},{\"@type\":\"ImageObject\",\"inLanguage\":\"en-US\",\"@id\":\"https:\\\/\\\/www.fcbarcelonanoticias.com\\\/en\\\/laliga\\\/registration-closed-laliga-enables-szczesny-with-fc-barcelona_314437_102.html#primaryimage\",\"url\":\"https:\\\/\\\/www.fcbarcelonanoticias.com\\\/en\\\/wp-content\\\/uploads\\\/sites\\\/2\\\/2025\\\/08\\\/inscripcion-cerrada-laliga-habilita-a-szczesny-en-la-plantilla-del-barca.webp\",\"contentUrl\":\"https:\\\/\\\/www.fcbarcelonanoticias.com\\\/en\\\/wp-content\\\/uploads\\\/sites\\\/2\\\/2025\\\/08\\\/inscripcion-cerrada-laliga-habilita-a-szczesny-en-la-plantilla-del-barca.webp\",\"width\":1200,\"height\":675},{\"@type\":\"BreadcrumbList\",\"@id\":\"https:\\\/\\\/www.fcbarcelonanoticias.com\\\/en\\\/laliga\\\/registration-closed-laliga-enables-szczesny-with-fc-barcelona_314437_102.html#breadcrumb\",\"itemListElement\":[{\"@type\":\"ListItem\",\"position\":1,\"name\":\"Portada\",\"item\":\"https:\\\/\\\/www.fcbarcelonanoticias.com\\\/en\\\/\"},{\"@type\":\"ListItem\",\"position\":2,\"name\":\"Registration closed: LaLiga enables Szczesny in the Bar\u00e7a squad\"}]},{\"@type\":\"WebSite\",\"@id\":\"https:\\\/\\\/www.fcbarcelonanoticias.com\\\/en\\\/#website\",\"url\":\"https:\\\/\\\/www.fcbarcelonanoticias.com\\\/en\\\/\",\"name\":\"EN - FC Barcelona Noticias\",\"description\":\"\",\"potentialAction\":[{\"@type\":\"SearchAction\",\"target\":{\"@type\":\"EntryPoint\",\"urlTemplate\":\"https:\\\/\\\/www.fcbarcelonanoticias.com\\\/en\\\/?s={search_term_string}\"},\"query-input\":{\"@type\":\"PropertyValueSpecification\",\"valueRequired\":true,\"valueName\":\"search_term_string\"}}],\"inLanguage\":\"en-US\"},{\"@type\":\"Person\",\"@id\":\"https:\\\/\\\/www.fcbarcelonanoticias.com\\\/en\\\/#\\\/schema\\\/person\\\/991443f134df9a64c6874f96ff984c9d\",\"name\":\"Kevin G\u00f3mez\",\"image\":{\"@type\":\"ImageObject\",\"inLanguage\":\"en-US\",\"@id\":\"https:\\\/\\\/secure.gravatar.com\\\/avatar\\\/?s=96&d=mm&r=g\",\"url\":\"https:\\\/\\\/secure.gravatar.com\\\/avatar\\\/?s=96&d=mm&r=g\",\"contentUrl\":\"https:\\\/\\\/secure.gravatar.com\\\/avatar\\\/?s=96&d=mm&r=g\",\"caption\":\"Kevin G\u00f3mez\"},\"description\":\"Licenciado\u00a0en Periodismo y Comunicaci\u00f3n Audiovisual. Redactor en FCBN responsable de cubrir toda\u00a0la informaci\u00f3n del FC Barcelona y las principales competiciones de\u00a0f\u00fatbol.\",\"url\":\"https:\\\/\\\/www.fcbarcelonanoticias.com\\\/en\\\/jugadores\\\/kevin-gomez_23_115.html\"}]}<\/script>\n<!-- \/ Yoast SEO plugin. -->","yoast_head_json":{"title":"Registration closed: LaLiga enables Szczesny in the Bar\u00e7a squad","description":"Szcz\u0119sny already registered: FC Barcelona unlocks his availability for call-ups. Who's next?","robots":{"index":"index","follow":"follow","max-snippet":"max-snippet:-1","max-image-preview":"max-image-preview:large","max-video-preview":"max-video-preview:-1"},"canonical":"https:\/\/www.fcbarcelonanoticias.com\/en\/laliga\/registration-closed-laliga-enables-szczesny-with-fc-barcelona_314437_102.html","og_locale":"en_US","og_type":"article","og_title":"Registration closed: LaLiga enables Szczesny in the Bar\u00e7a squad","og_description":"Szcz\u0119sny already registered: FC Barcelona unlocks his availability for call-ups. Who's next?","og_url":"https:\/\/www.fcbarcelonanoticias.com\/en\/laliga\/registration-closed-laliga-enables-szczesny-with-fc-barcelona_314437_102.html","og_site_name":"EN - FC Barcelona Noticias","article_published_time":"2025-08-30T19:43:00+00:00","article_modified_time":"2026-03-27T10:41:11+00:00","og_image":[{"width":1200,"height":675,"url":"https:\/\/www.fcbarcelonanoticias.com\/en\/wp-content\/uploads\/sites\/2\/2025\/08\/inscripcion-cerrada-laliga-habilita-a-szczesny-en-la-plantilla-del-barca.webp","type":"image\/webp"}],"author":"Kevin G\u00f3mez","twitter_card":"summary_large_image","twitter_misc":{"Written by":"Kevin G\u00f3mez","Est. reading time":"3 minutes"},"schema":{"@context":"https:\/\/schema.org","@graph":[{"@type":"Article","@id":"https:\/\/www.fcbarcelonanoticias.com\/en\/laliga\/registration-closed-laliga-enables-szczesny-with-fc-barcelona_314437_102.html#article","isPartOf":{"@id":"https:\/\/www.fcbarcelonanoticias.com\/en\/laliga\/registration-closed-laliga-enables-szczesny-with-fc-barcelona_314437_102.html"},"author":{"name":"Kevin G\u00f3mez","@id":"https:\/\/www.fcbarcelonanoticias.com\/en\/#\/schema\/person\/991443f134df9a64c6874f96ff984c9d"},"headline":"Registration closed: LaLiga enables Szczesny in the Bar\u00e7a squad","datePublished":"2025-08-30T19:43:00+00:00","dateModified":"2026-03-27T10:41:11+00:00","mainEntityOfPage":{"@id":"https:\/\/www.fcbarcelonanoticias.com\/en\/laliga\/registration-closed-laliga-enables-szczesny-with-fc-barcelona_314437_102.html"},"wordCount":570,"image":{"@id":"https:\/\/www.fcbarcelonanoticias.com\/en\/laliga\/registration-closed-laliga-enables-szczesny-with-fc-barcelona_314437_102.html#primaryimage"},"thumbnailUrl":"https:\/\/www.fcbarcelonanoticias.com\/en\/wp-content\/uploads\/sites\/2\/2025\/08\/inscripcion-cerrada-laliga-habilita-a-szczesny-en-la-plantilla-del-barca.webp","keywords":["Rayo Vallecano","Szczesny"],"articleSection":["LaLiga","LaLiga"],"inLanguage":"en-US"},{"@type":"WebPage","@id":"https:\/\/www.fcbarcelonanoticias.com\/en\/laliga\/registration-closed-laliga-enables-szczesny-with-fc-barcelona_314437_102.html","url":"https:\/\/www.fcbarcelonanoticias.com\/en\/laliga\/registration-closed-laliga-enables-szczesny-with-fc-barcelona_314437_102.html","name":"Registration closed: LaLiga enables Szczesny in the Bar\u00e7a squad","isPartOf":{"@id":"https:\/\/www.fcbarcelonanoticias.com\/en\/#website"},"primaryImageOfPage":{"@id":"https:\/\/www.fcbarcelonanoticias.com\/en\/laliga\/registration-closed-laliga-enables-szczesny-with-fc-barcelona_314437_102.html#primaryimage"},"image":{"@id":"https:\/\/www.fcbarcelonanoticias.com\/en\/laliga\/registration-closed-laliga-enables-szczesny-with-fc-barcelona_314437_102.html#primaryimage"},"thumbnailUrl":"https:\/\/www.fcbarcelonanoticias.com\/en\/wp-content\/uploads\/sites\/2\/2025\/08\/inscripcion-cerrada-laliga-habilita-a-szczesny-en-la-plantilla-del-barca.webp","datePublished":"2025-08-30T19:43:00+00:00","dateModified":"2026-03-27T10:41:11+00:00","author":{"@id":"https:\/\/www.fcbarcelonanoticias.com\/en\/#\/schema\/person\/991443f134df9a64c6874f96ff984c9d"},"description":"Szcz\u0119sny already registered: FC Barcelona unlocks his availability for call-ups. Who's next?","breadcrumb":{"@id":"https:\/\/www.fcbarcelonanoticias.com\/en\/laliga\/registration-closed-laliga-enables-szczesny-with-fc-barcelona_314437_102.html#breadcrumb"},"inLanguage":"en-US","potentialAction":[{"@type":"ReadAction","target":["https:\/\/www.fcbarcelonanoticias.com\/en\/laliga\/registration-closed-laliga-enables-szczesny-with-fc-barcelona_314437_102.html"]}]},{"@type":"ImageObject","inLanguage":"en-US","@id":"https:\/\/www.fcbarcelonanoticias.com\/en\/laliga\/registration-closed-laliga-enables-szczesny-with-fc-barcelona_314437_102.html#primaryimage","url":"https:\/\/www.fcbarcelonanoticias.com\/en\/wp-content\/uploads\/sites\/2\/2025\/08\/inscripcion-cerrada-laliga-habilita-a-szczesny-en-la-plantilla-del-barca.webp","contentUrl":"https:\/\/www.fcbarcelonanoticias.com\/en\/wp-content\/uploads\/sites\/2\/2025\/08\/inscripcion-cerrada-laliga-habilita-a-szczesny-en-la-plantilla-del-barca.webp","width":1200,"height":675},{"@type":"BreadcrumbList","@id":"https:\/\/www.fcbarcelonanoticias.com\/en\/laliga\/registration-closed-laliga-enables-szczesny-with-fc-barcelona_314437_102.html#breadcrumb","itemListElement":[{"@type":"ListItem","position":1,"name":"Portada","item":"https:\/\/www.fcbarcelonanoticias.com\/en\/"},{"@type":"ListItem","position":2,"name":"Registration closed: LaLiga enables Szczesny in the Bar\u00e7a squad"}]},{"@type":"WebSite","@id":"https:\/\/www.fcbarcelonanoticias.com\/en\/#website","url":"https:\/\/www.fcbarcelonanoticias.com\/en\/","name":"EN - FC Barcelona Noticias","description":"","potentialAction":[{"@type":"SearchAction","target":{"@type":"EntryPoint","urlTemplate":"https:\/\/www.fcbarcelonanoticias.com\/en\/?s={search_term_string}"},"query-input":{"@type":"PropertyValueSpecification","valueRequired":true,"valueName":"search_term_string"}}],"inLanguage":"en-US"},{"@type":"Person","@id":"https:\/\/www.fcbarcelonanoticias.com\/en\/#\/schema\/person\/991443f134df9a64c6874f96ff984c9d","name":"Kevin G\u00f3mez","image":{"@type":"ImageObject","inLanguage":"en-US","@id":"https:\/\/secure.gravatar.com\/avatar\/?s=96&d=mm&r=g","url":"https:\/\/secure.gravatar.com\/avatar\/?s=96&d=mm&r=g","contentUrl":"https:\/\/secure.gravatar.com\/avatar\/?s=96&d=mm&r=g","caption":"Kevin G\u00f3mez"},"description":"Licenciado\u00a0en Periodismo y Comunicaci\u00f3n Audiovisual. Redactor en FCBN responsable de cubrir toda\u00a0la informaci\u00f3n del FC Barcelona y las principales competiciones de\u00a0f\u00fatbol.","url":"https:\/\/www.fcbarcelonanoticias.com\/en\/jugadores\/kevin-gomez_23_115.html"}]}},"_links":{"self":[{"href":"https:\/\/www.fcbarcelonanoticias.com\/en\/wp-json\/wp\/v2\/posts\/59702","targetHints":{"allow":["GET"]}}],"collection":[{"href":"https:\/\/www.fcbarcelonanoticias.com\/en\/wp-json\/wp\/v2\/posts"}],"about":[{"href":"https:\/\/www.fcbarcelonanoticias.com\/en\/wp-json\/wp\/v2\/types\/post"}],"author":[{"embeddable":true,"href":"https:\/\/www.fcbarcelonanoticias.com\/en\/wp-json\/wp\/v2\/users\/355"}],"replies":[{"embeddable":true,"href":"https:\/\/www.fcbarcelonanoticias.com\/en\/wp-json\/wp\/v2\/comments?post=59702"}],"version-history":[{"count":5,"href":"https:\/\/www.fcbarcelonanoticias.com\/en\/wp-json\/wp\/v2\/posts\/59702\/revisions"}],"predecessor-version":[{"id":161417,"href":"https:\/\/www.fcbarcelonanoticias.com\/en\/wp-json\/wp\/v2\/posts\/59702\/revisions\/161417"}],"wp:featuredmedia":[{"embeddable":true,"href":"https:\/\/www.fcbarcelonanoticias.com\/en\/wp-json\/wp\/v2\/media\/59714"}],"wp:attachment":[{"href":"https:\/\/www.fcbarcelonanoticias.com\/en\/wp-json\/wp\/v2\/media?parent=59702"}],"wp:term":[{"taxonomy":"category","embeddable":true,"href":"https:\/\/www.fcbarcelonanoticias.com\/en\/wp-json\/wp\/v2\/categories?post=59702"},{"taxonomy":"post_tag","embeddable":true,"href":"https:\/\/www.fcbarcelonanoticias.com\/en\/wp-json\/wp\/v2\/tags?post=59702"}],"curies":[{"name":"wp","href":"https:\/\/api.w.org\/{rel}","templated":true}]}}