{"id":5975,"date":"2022-10-11T20:08:00","date_gmt":"2022-10-11T18:08:00","guid":{"rendered":"https:\/\/weisetech.dev\/fc-barcelona-noticias\/en\/possible-alignments-fc-barcelona-inter-champions-league_285332_102\/"},"modified":"2022-10-11T20:08:00","modified_gmt":"2022-10-11T18:08:00","slug":"possible-alignments-fc-barcelona-inter-champions-league_285332_102","status":"publish","type":"post","link":"https:\/\/www.fcbarcelonanoticias.com\/en\/champions-league\/possible-alignments-fc-barcelona-inter-champions-league_285332_102.html","title":{"rendered":"The possible alignments of the FC Barcelona-Inter of Champions League"},"content":{"rendered":"<h2 class=\"wp-block-heading\">FC Barcelona plays its classification to the round of 16 of the Champions League this Wednesday against Inter at the Spotify Camp Nou at 9:00 p.m. (CEST). Xavi will take to the pitch with the best he has available<\/h2>  \r\n<div class=\"article-addons\">\r\n    <a href=\"https:\/\/www.fcbarcelonanoticias.com\/en\/calendar-fc-barcelona.html\"\r\n       target=\"_self\"\r\n       title=\"Calendar of FC Barcelona\"\r\n       class=\"blue-gredient-btn\">\r\n       \r\n        Calendar of FC Barcelona    <\/a>\r\n<\/div>   <p>The <a data-external=\"0\" data-intl-links-en=\"https:\/\/www.fcbarcelonanoticias.com\/en\/fc-barcelona\" data-intl-links-es=\"https:\/\/www.fcbarcelonanoticias.com\/fc-barcelona\" href=\"https:\/\/www.fcbarcelonanoticias.com\/en\/football-soccer\/fc-barcelona.html\" rel=\"follow\" target=\"_self\" title=\"FC Barcelona\">FC Barcelona<\/a> will receive to the <a data-external=\"0\" data-intl-links-en=\"https:\/\/www.fcbarcelonanoticias.com\/en\/tags\/inter-milan\" data-intl-links-es=\"https:\/\/www.fcbarcelonanoticias.com\/tags\/inter-milan\" href=\"https:\/\/www.fcbarcelonanoticias.com\/en\/tags\/inter-milan.html\" rel=\"follow\" target=\"_self\" title=\"Inter Milan\">Inter of Milan<\/a> this Wednesday in the Spotify Camp Nou. The corresponding party to the fourth day of the phase of groups of the UEFA Champions League presents like an authentic &#8216;final&#8217; for the square directed by Xavi Hern\u00e1ndez, <strong>those who are forced to achieve the three points if they want to keep alive his hopes to classify to the following round<\/strong> of the European championship. Besides, a triumph will do that the cul\u00e9s arrive &#8217;embalados&#8217; to the Classical of the next Sunday in front of the Real Madrid, by what the party in front of the Italians is transcendental.<\/p>  <p>For this reason, the trainer egarense will put on the terrain the best that has to disposal. And it is that the injuries have punished duramente to the Catalan group, whose defence has seen extremely mermada after the stop of selections. Like this then , Gerard Hammered aims to lead the central saga, whereas Alejandro Balde could split by the right band. Fortunately, the offensive of the team has not lost to any active of &#8216;weight&#8217;, by what boasts a midfield and an attack of &#8216;gala&#8217;. <b>To continuation, our forecast of the alignments:<\/b><\/p>  <h3>Likely alignments of the FC Barcelona-Inter of Milan<\/h3>  <ul> <li> <strong>XI of the FC Barcelona:<\/strong> Ter Stegen; Balde, Eric Garc\u00eda, Gerard Hammered, Marcos Alonso; Busquets, Pedri, Gavi; Raphinha, Lewandowski and Demb\u00e9l\u00e9.<\/li> \t<li> <strong>XI of the Inter: <\/strong>Onana; Skriniar, Bastoni, Of Vrij; Barella, Mkhitaryan, Calhanoglou; Dumfries, Gosens, Dzeko and Lautaro Martinez.<\/li> <\/ul> <h4>Ter Stegen<\/h4>  <p>The goalkeeper germano goes through his moment more &#8216;sweet&#8217; of the last times. <b>In <\/b>League, the guardameta has put the suit of &#8216;superh\u00e9roe&#8217; and has consecrated like the &#8216;saviour&#8217; of the team, receiving only 1 goal. However, <strong>in Champions his career has been different and has fit in all the meetings<\/strong>, by what will look for to keep his door to zero in the &#8216;final&#8217; of the Wednesday.<\/p>  <h4>Kound\u00e9-Ara\u00fajo-Christensen-Alba<\/h4>  <p>The defence blaugrana will see very modified in the meeting in front of the &#8216;neroazzuri&#8217;. The right band cul\u00e9 would be occupied by Alejandro Balde, the one who is the elected by Xavi to cover the &#8216;hollow&#8217; ocasionado by the injuries. In the centre of the saga, <strong>Eric Garc\u00eda would accompany to Gerard Hammered when being the two only central natural available in the staff<\/strong>. Finally, Marcos Alonso would be the owner of the left side to the detriment of Jordi Alba.<\/p>  <h4>Pedri-Busquets-Gavi<\/h4>  <p>In the half of the field, Xavi would not save at all and Pedri and Busquets would keep like main axes of the &#8216;room of machines&#8217; of the square of the egarense, <strong>accompanied by a Gavi that has consolidated like the &#8216;lung&#8217; of the medullary thanks to his delivery and sacrifice<\/strong>. In the bench, Frenkie of Jong would expect his opportunity, although the egarenseno closed him the door to his titularity.<\/p>  <h4>Raphinha-Lewandowski-Ousmane Demb\u00e9l\u00e9<\/h4>  <p><strong>The Barcelona trainer will go out to the field, with almost all security, with his trident predilecto<\/strong>. Conscious of the importance of the party, the egarense will put all the &#8216;meat in the asador&#8217;, with Raphinha and Demb\u00e9l\u00e9 desequilibrando by the bands and looking for &#8216;feed&#8217; to a Lewandowski whose main aim is reencontrarse with the goal in the European competition. In the meantime, so much Ansu Fati like Ferran Torres would see the crash from the bench, although they could go in like revulsivos in the second part.<\/p> ","protected":false},"excerpt":{"rendered":"<p>FC Barcelona plays its classification to the round of 16 of the Champions League this Wednesday against Inter at the Spotify Camp Nou at 9:00 p.m. (CEST). Xavi will take to the pitch with the best he has available The FC Barcelona will receive to the Inter of Milan this Wednesday in the Spotify Camp [&hellip;]<\/p>\n","protected":false},"author":358,"featured_media":5976,"comment_status":"closed","ping_status":"open","sticky":false,"template":"","format":"standard","meta":{"_acf_changed":false,"inline_featured_image":false,"_nextfly_llmd_date_locked":false,"footnotes":""},"categories":[112,447],"tags":[201,100],"class_list":["post-5975","post","type-post","status-publish","format-standard","has-post-thumbnail","hentry","category-champions-league","category-champions-league-2","tag-lineups","tag-inter-milan"],"acf":[],"yoast_head":"<!-- This site is optimized with the Yoast SEO plugin v27.3 - https:\/\/yoast.com\/product\/yoast-seo-wordpress\/ -->\n<title>The possible alignments of the FC Barcelona-Inter of Champ...<\/title>\n<meta name=\"description\" content=\"The FC Barcelona plays his classification to the eighth of final of the Champions this Wednesday in front of the Inter in the Spotify Camp Nou to the 21:00 hours (CEST)...\" \/>\n<meta name=\"robots\" content=\"index, follow, max-snippet:-1, max-image-preview:large, max-video-preview:-1\" \/>\n<link rel=\"canonical\" href=\"https:\/\/www.fcbarcelonanoticias.com\/en\/champions-league\/possible-alignments-fc-barcelona-inter-champions-league_285332_102.html\" \/>\n<meta property=\"og:locale\" content=\"en_US\" \/>\n<meta property=\"og:type\" content=\"article\" \/>\n<meta property=\"og:title\" content=\"The possible alignments of the FC Barcelona-Inter of Champ...\" \/>\n<meta property=\"og:description\" content=\"The FC Barcelona plays his classification to the eighth of final of the Champions this Wednesday in front of the Inter in the Spotify Camp Nou to the 21:00 hours (CEST)...\" \/>\n<meta property=\"og:url\" content=\"https:\/\/www.fcbarcelonanoticias.com\/en\/champions-league\/possible-alignments-fc-barcelona-inter-champions-league_285332_102.html\" \/>\n<meta property=\"og:site_name\" content=\"EN - FC Barcelona Noticias\" \/>\n<meta property=\"article:published_time\" content=\"2022-10-11T18:08:00+00:00\" \/>\n<meta property=\"og:image\" content=\"https:\/\/www.fcbarcelonanoticias.com\/en\/wp-content\/uploads\/sites\/2\/2022\/10\/alineacion-posible-barcelona-inter.jpeg\" \/>\n\t<meta property=\"og:image:width\" content=\"1300\" \/>\n\t<meta property=\"og:image:height\" content=\"731\" \/>\n\t<meta property=\"og:image:type\" content=\"image\/jpeg\" \/>\n<meta name=\"author\" content=\"Juan Pablo Berdugo\" \/>\n<meta name=\"twitter:card\" content=\"summary_large_image\" \/>\n<meta name=\"twitter:label1\" content=\"Written by\" \/>\n\t<meta name=\"twitter:data1\" content=\"Juan Pablo Berdugo\" \/>\n\t<meta name=\"twitter:label2\" content=\"Est. reading time\" \/>\n\t<meta name=\"twitter:data2\" content=\"3 minutes\" \/>\n<script type=\"application\/ld+json\" class=\"yoast-schema-graph\">{\"@context\":\"https:\\\/\\\/schema.org\",\"@graph\":[{\"@type\":\"Article\",\"@id\":\"https:\\\/\\\/www.fcbarcelonanoticias.com\\\/en\\\/champions-league\\\/possible-alignments-fc-barcelona-inter-champions-league_285332_102.html#article\",\"isPartOf\":{\"@id\":\"https:\\\/\\\/www.fcbarcelonanoticias.com\\\/en\\\/champions-league\\\/possible-alignments-fc-barcelona-inter-champions-league_285332_102.html\"},\"author\":{\"name\":\"Juan Pablo Berdugo\",\"@id\":\"https:\\\/\\\/www.fcbarcelonanoticias.com\\\/en\\\/#\\\/schema\\\/person\\\/88d756918a0a1ae9fa593b5edddd1815\"},\"headline\":\"The possible alignments of the FC Barcelona-Inter of Champions League\",\"datePublished\":\"2022-10-11T18:08:00+00:00\",\"mainEntityOfPage\":{\"@id\":\"https:\\\/\\\/www.fcbarcelonanoticias.com\\\/en\\\/champions-league\\\/possible-alignments-fc-barcelona-inter-champions-league_285332_102.html\"},\"wordCount\":619,\"image\":{\"@id\":\"https:\\\/\\\/www.fcbarcelonanoticias.com\\\/en\\\/champions-league\\\/possible-alignments-fc-barcelona-inter-champions-league_285332_102.html#primaryimage\"},\"thumbnailUrl\":\"https:\\\/\\\/www.fcbarcelonanoticias.com\\\/en\\\/wp-content\\\/uploads\\\/sites\\\/2\\\/2022\\\/10\\\/alineacion-posible-barcelona-inter.jpeg\",\"keywords\":[\"FC Barcelona Lineups\",\"Inter Milan\"],\"articleSection\":[\"Champions League\",\"Champions League\"],\"inLanguage\":\"en-US\"},{\"@type\":\"WebPage\",\"@id\":\"https:\\\/\\\/www.fcbarcelonanoticias.com\\\/en\\\/champions-league\\\/possible-alignments-fc-barcelona-inter-champions-league_285332_102.html\",\"url\":\"https:\\\/\\\/www.fcbarcelonanoticias.com\\\/en\\\/champions-league\\\/possible-alignments-fc-barcelona-inter-champions-league_285332_102.html\",\"name\":\"The possible alignments of the FC Barcelona-Inter of Champ...\",\"isPartOf\":{\"@id\":\"https:\\\/\\\/www.fcbarcelonanoticias.com\\\/en\\\/#website\"},\"primaryImageOfPage\":{\"@id\":\"https:\\\/\\\/www.fcbarcelonanoticias.com\\\/en\\\/champions-league\\\/possible-alignments-fc-barcelona-inter-champions-league_285332_102.html#primaryimage\"},\"image\":{\"@id\":\"https:\\\/\\\/www.fcbarcelonanoticias.com\\\/en\\\/champions-league\\\/possible-alignments-fc-barcelona-inter-champions-league_285332_102.html#primaryimage\"},\"thumbnailUrl\":\"https:\\\/\\\/www.fcbarcelonanoticias.com\\\/en\\\/wp-content\\\/uploads\\\/sites\\\/2\\\/2022\\\/10\\\/alineacion-posible-barcelona-inter.jpeg\",\"datePublished\":\"2022-10-11T18:08:00+00:00\",\"author\":{\"@id\":\"https:\\\/\\\/www.fcbarcelonanoticias.com\\\/en\\\/#\\\/schema\\\/person\\\/88d756918a0a1ae9fa593b5edddd1815\"},\"description\":\"The FC Barcelona plays his classification to the eighth of final of the Champions this Wednesday in front of the Inter in the Spotify Camp Nou to the 21:00 hours (CEST)...\",\"breadcrumb\":{\"@id\":\"https:\\\/\\\/www.fcbarcelonanoticias.com\\\/en\\\/champions-league\\\/possible-alignments-fc-barcelona-inter-champions-league_285332_102.html#breadcrumb\"},\"inLanguage\":\"en-US\",\"potentialAction\":[{\"@type\":\"ReadAction\",\"target\":[\"https:\\\/\\\/www.fcbarcelonanoticias.com\\\/en\\\/champions-league\\\/possible-alignments-fc-barcelona-inter-champions-league_285332_102.html\"]}]},{\"@type\":\"ImageObject\",\"inLanguage\":\"en-US\",\"@id\":\"https:\\\/\\\/www.fcbarcelonanoticias.com\\\/en\\\/champions-league\\\/possible-alignments-fc-barcelona-inter-champions-league_285332_102.html#primaryimage\",\"url\":\"https:\\\/\\\/www.fcbarcelonanoticias.com\\\/en\\\/wp-content\\\/uploads\\\/sites\\\/2\\\/2022\\\/10\\\/alineacion-posible-barcelona-inter.jpeg\",\"contentUrl\":\"https:\\\/\\\/www.fcbarcelonanoticias.com\\\/en\\\/wp-content\\\/uploads\\\/sites\\\/2\\\/2022\\\/10\\\/alineacion-posible-barcelona-inter.jpeg\",\"width\":1300,\"height\":731},{\"@type\":\"BreadcrumbList\",\"@id\":\"https:\\\/\\\/www.fcbarcelonanoticias.com\\\/en\\\/champions-league\\\/possible-alignments-fc-barcelona-inter-champions-league_285332_102.html#breadcrumb\",\"itemListElement\":[{\"@type\":\"ListItem\",\"position\":1,\"name\":\"Portada\",\"item\":\"https:\\\/\\\/www.fcbarcelonanoticias.com\\\/en\\\/\"},{\"@type\":\"ListItem\",\"position\":2,\"name\":\"The possible alignments of the FC Barcelona-Inter of Champions League\"}]},{\"@type\":\"WebSite\",\"@id\":\"https:\\\/\\\/www.fcbarcelonanoticias.com\\\/en\\\/#website\",\"url\":\"https:\\\/\\\/www.fcbarcelonanoticias.com\\\/en\\\/\",\"name\":\"EN - FC Barcelona Noticias\",\"description\":\"\",\"potentialAction\":[{\"@type\":\"SearchAction\",\"target\":{\"@type\":\"EntryPoint\",\"urlTemplate\":\"https:\\\/\\\/www.fcbarcelonanoticias.com\\\/en\\\/?s={search_term_string}\"},\"query-input\":{\"@type\":\"PropertyValueSpecification\",\"valueRequired\":true,\"valueName\":\"search_term_string\"}}],\"inLanguage\":\"en-US\"},{\"@type\":\"Person\",\"@id\":\"https:\\\/\\\/www.fcbarcelonanoticias.com\\\/en\\\/#\\\/schema\\\/person\\\/88d756918a0a1ae9fa593b5edddd1815\",\"name\":\"Juan Pablo Berdugo\",\"image\":{\"@type\":\"ImageObject\",\"inLanguage\":\"en-US\",\"@id\":\"https:\\\/\\\/secure.gravatar.com\\\/avatar\\\/?s=96&d=mm&r=g\",\"url\":\"https:\\\/\\\/secure.gravatar.com\\\/avatar\\\/?s=96&d=mm&r=g\",\"contentUrl\":\"https:\\\/\\\/secure.gravatar.com\\\/avatar\\\/?s=96&d=mm&r=g\",\"caption\":\"Juan Pablo Berdugo\"},\"description\":\"Juan Pablo Berdugo es graduado en Periodismo. Colabora con FCBN como especialista en informaci\u00f3n del primer equipo del FC Barcelona, f\u00fatbol internacional y mercado de fichajes. Destaca por su enfoque anal\u00edtico, su rigor informativo y su capacidad para detectar tendencias emergentes en el f\u00fatbol global.\",\"url\":\"https:\\\/\\\/www.fcbarcelonanoticias.com\\\/en\\\/fc-barcelona\\\/juan-pablo-berdugo_18_115.html\"}]}<\/script>\n<!-- \/ Yoast SEO plugin. -->","yoast_head_json":{"title":"The possible alignments of the FC Barcelona-Inter of Champ...","description":"The FC Barcelona plays his classification to the eighth of final of the Champions this Wednesday in front of the Inter in the Spotify Camp Nou to the 21:00 hours (CEST)...","robots":{"index":"index","follow":"follow","max-snippet":"max-snippet:-1","max-image-preview":"max-image-preview:large","max-video-preview":"max-video-preview:-1"},"canonical":"https:\/\/www.fcbarcelonanoticias.com\/en\/champions-league\/possible-alignments-fc-barcelona-inter-champions-league_285332_102.html","og_locale":"en_US","og_type":"article","og_title":"The possible alignments of the FC Barcelona-Inter of Champ...","og_description":"The FC Barcelona plays his classification to the eighth of final of the Champions this Wednesday in front of the Inter in the Spotify Camp Nou to the 21:00 hours (CEST)...","og_url":"https:\/\/www.fcbarcelonanoticias.com\/en\/champions-league\/possible-alignments-fc-barcelona-inter-champions-league_285332_102.html","og_site_name":"EN - FC Barcelona Noticias","article_published_time":"2022-10-11T18:08:00+00:00","og_image":[{"width":1300,"height":731,"url":"https:\/\/www.fcbarcelonanoticias.com\/en\/wp-content\/uploads\/sites\/2\/2022\/10\/alineacion-posible-barcelona-inter.jpeg","type":"image\/jpeg"}],"author":"Juan Pablo Berdugo","twitter_card":"summary_large_image","twitter_misc":{"Written by":"Juan Pablo Berdugo","Est. reading time":"3 minutes"},"schema":{"@context":"https:\/\/schema.org","@graph":[{"@type":"Article","@id":"https:\/\/www.fcbarcelonanoticias.com\/en\/champions-league\/possible-alignments-fc-barcelona-inter-champions-league_285332_102.html#article","isPartOf":{"@id":"https:\/\/www.fcbarcelonanoticias.com\/en\/champions-league\/possible-alignments-fc-barcelona-inter-champions-league_285332_102.html"},"author":{"name":"Juan Pablo Berdugo","@id":"https:\/\/www.fcbarcelonanoticias.com\/en\/#\/schema\/person\/88d756918a0a1ae9fa593b5edddd1815"},"headline":"The possible alignments of the FC Barcelona-Inter of Champions League","datePublished":"2022-10-11T18:08:00+00:00","mainEntityOfPage":{"@id":"https:\/\/www.fcbarcelonanoticias.com\/en\/champions-league\/possible-alignments-fc-barcelona-inter-champions-league_285332_102.html"},"wordCount":619,"image":{"@id":"https:\/\/www.fcbarcelonanoticias.com\/en\/champions-league\/possible-alignments-fc-barcelona-inter-champions-league_285332_102.html#primaryimage"},"thumbnailUrl":"https:\/\/www.fcbarcelonanoticias.com\/en\/wp-content\/uploads\/sites\/2\/2022\/10\/alineacion-posible-barcelona-inter.jpeg","keywords":["FC Barcelona Lineups","Inter Milan"],"articleSection":["Champions League","Champions League"],"inLanguage":"en-US"},{"@type":"WebPage","@id":"https:\/\/www.fcbarcelonanoticias.com\/en\/champions-league\/possible-alignments-fc-barcelona-inter-champions-league_285332_102.html","url":"https:\/\/www.fcbarcelonanoticias.com\/en\/champions-league\/possible-alignments-fc-barcelona-inter-champions-league_285332_102.html","name":"The possible alignments of the FC Barcelona-Inter of Champ...","isPartOf":{"@id":"https:\/\/www.fcbarcelonanoticias.com\/en\/#website"},"primaryImageOfPage":{"@id":"https:\/\/www.fcbarcelonanoticias.com\/en\/champions-league\/possible-alignments-fc-barcelona-inter-champions-league_285332_102.html#primaryimage"},"image":{"@id":"https:\/\/www.fcbarcelonanoticias.com\/en\/champions-league\/possible-alignments-fc-barcelona-inter-champions-league_285332_102.html#primaryimage"},"thumbnailUrl":"https:\/\/www.fcbarcelonanoticias.com\/en\/wp-content\/uploads\/sites\/2\/2022\/10\/alineacion-posible-barcelona-inter.jpeg","datePublished":"2022-10-11T18:08:00+00:00","author":{"@id":"https:\/\/www.fcbarcelonanoticias.com\/en\/#\/schema\/person\/88d756918a0a1ae9fa593b5edddd1815"},"description":"The FC Barcelona plays his classification to the eighth of final of the Champions this Wednesday in front of the Inter in the Spotify Camp Nou to the 21:00 hours (CEST)...","breadcrumb":{"@id":"https:\/\/www.fcbarcelonanoticias.com\/en\/champions-league\/possible-alignments-fc-barcelona-inter-champions-league_285332_102.html#breadcrumb"},"inLanguage":"en-US","potentialAction":[{"@type":"ReadAction","target":["https:\/\/www.fcbarcelonanoticias.com\/en\/champions-league\/possible-alignments-fc-barcelona-inter-champions-league_285332_102.html"]}]},{"@type":"ImageObject","inLanguage":"en-US","@id":"https:\/\/www.fcbarcelonanoticias.com\/en\/champions-league\/possible-alignments-fc-barcelona-inter-champions-league_285332_102.html#primaryimage","url":"https:\/\/www.fcbarcelonanoticias.com\/en\/wp-content\/uploads\/sites\/2\/2022\/10\/alineacion-posible-barcelona-inter.jpeg","contentUrl":"https:\/\/www.fcbarcelonanoticias.com\/en\/wp-content\/uploads\/sites\/2\/2022\/10\/alineacion-posible-barcelona-inter.jpeg","width":1300,"height":731},{"@type":"BreadcrumbList","@id":"https:\/\/www.fcbarcelonanoticias.com\/en\/champions-league\/possible-alignments-fc-barcelona-inter-champions-league_285332_102.html#breadcrumb","itemListElement":[{"@type":"ListItem","position":1,"name":"Portada","item":"https:\/\/www.fcbarcelonanoticias.com\/en\/"},{"@type":"ListItem","position":2,"name":"The possible alignments of the FC Barcelona-Inter of Champions League"}]},{"@type":"WebSite","@id":"https:\/\/www.fcbarcelonanoticias.com\/en\/#website","url":"https:\/\/www.fcbarcelonanoticias.com\/en\/","name":"EN - FC Barcelona Noticias","description":"","potentialAction":[{"@type":"SearchAction","target":{"@type":"EntryPoint","urlTemplate":"https:\/\/www.fcbarcelonanoticias.com\/en\/?s={search_term_string}"},"query-input":{"@type":"PropertyValueSpecification","valueRequired":true,"valueName":"search_term_string"}}],"inLanguage":"en-US"},{"@type":"Person","@id":"https:\/\/www.fcbarcelonanoticias.com\/en\/#\/schema\/person\/88d756918a0a1ae9fa593b5edddd1815","name":"Juan Pablo Berdugo","image":{"@type":"ImageObject","inLanguage":"en-US","@id":"https:\/\/secure.gravatar.com\/avatar\/?s=96&d=mm&r=g","url":"https:\/\/secure.gravatar.com\/avatar\/?s=96&d=mm&r=g","contentUrl":"https:\/\/secure.gravatar.com\/avatar\/?s=96&d=mm&r=g","caption":"Juan Pablo Berdugo"},"description":"Juan Pablo Berdugo es graduado en Periodismo. Colabora con FCBN como especialista en informaci\u00f3n del primer equipo del FC Barcelona, f\u00fatbol internacional y mercado de fichajes. Destaca por su enfoque anal\u00edtico, su rigor informativo y su capacidad para detectar tendencias emergentes en el f\u00fatbol global.","url":"https:\/\/www.fcbarcelonanoticias.com\/en\/fc-barcelona\/juan-pablo-berdugo_18_115.html"}]}},"_links":{"self":[{"href":"https:\/\/www.fcbarcelonanoticias.com\/en\/wp-json\/wp\/v2\/posts\/5975","targetHints":{"allow":["GET"]}}],"collection":[{"href":"https:\/\/www.fcbarcelonanoticias.com\/en\/wp-json\/wp\/v2\/posts"}],"about":[{"href":"https:\/\/www.fcbarcelonanoticias.com\/en\/wp-json\/wp\/v2\/types\/post"}],"author":[{"embeddable":true,"href":"https:\/\/www.fcbarcelonanoticias.com\/en\/wp-json\/wp\/v2\/users\/358"}],"replies":[{"embeddable":true,"href":"https:\/\/www.fcbarcelonanoticias.com\/en\/wp-json\/wp\/v2\/comments?post=5975"}],"version-history":[{"count":1,"href":"https:\/\/www.fcbarcelonanoticias.com\/en\/wp-json\/wp\/v2\/posts\/5975\/revisions"}],"predecessor-version":[{"id":104991,"href":"https:\/\/www.fcbarcelonanoticias.com\/en\/wp-json\/wp\/v2\/posts\/5975\/revisions\/104991"}],"wp:featuredmedia":[{"embeddable":true,"href":"https:\/\/www.fcbarcelonanoticias.com\/en\/wp-json\/wp\/v2\/media\/5976"}],"wp:attachment":[{"href":"https:\/\/www.fcbarcelonanoticias.com\/en\/wp-json\/wp\/v2\/media?parent=5975"}],"wp:term":[{"taxonomy":"category","embeddable":true,"href":"https:\/\/www.fcbarcelonanoticias.com\/en\/wp-json\/wp\/v2\/categories?post=5975"},{"taxonomy":"post_tag","embeddable":true,"href":"https:\/\/www.fcbarcelonanoticias.com\/en\/wp-json\/wp\/v2\/tags?post=5975"}],"curies":[{"name":"wp","href":"https:\/\/api.w.org\/{rel}","templated":true}]}}