{"id":59925,"date":"2025-11-02T18:18:00","date_gmt":"2025-11-02T17:18:00","guid":{"rendered":"https:\/\/weisetech.dev\/fc-barcelona-noticias\/en\/ronald-araujo-captain-returns-to-starting-xi-in-barca-elche-match_315169_102\/"},"modified":"2026-03-27T11:33:53","modified_gmt":"2026-03-27T10:33:53","slug":"ronald-araujo-captain-returns-to-starting-xi-in-barca-elche-match_315169_102","status":"publish","type":"post","link":"https:\/\/www.fcbarcelonanoticias.com\/en\/laliga\/ronald-araujo-captain-returns-to-starting-xi-in-barca-elche-match_315169_102.html","title":{"rendered":"Ronald Araujo: the captain returns to the starting XI after three consecutive games on the bench"},"content":{"rendered":"<h2 class=\"wp-block-heading\">Ronald Araujo is the big news in Bar\u00e7a&#8217;s starting XI against Elche. The captain was a substitute in the last 3 matches and returns to the center of defense in place of Pau Cubars\u00ed<\/h2>  \r\n<div class=\"article-addons\">\r\n    <a href=\"https:\/\/www.fcbarcelonanoticias.com\/en\/calendar-fc-barcelona.html\"\r\n       target=\"_self\"\r\n       title=\"Calendar of FC Barcelona\"\r\n       class=\"blue-gredient-btn\">\r\n       \r\n        Calendar of FC Barcelona    <\/a>\r\n<\/div>   <p>FC Barcelona faces Elche this Sunday in Montju\u00efc with <strong>Ronald Araujo<\/strong> back as captain and leader of the defense. The Uruguayan was a substitute against <strong>Girona<\/strong> and <strong>Real Madrid<\/strong>, in addition to the Champions League match against <strong>Olympiacos<\/strong> due to a technical decision. Finally, <strong>Hansi Flick<\/strong> has opted for the &#8216;4&#8217; from the start instead of a <strong>Pau Cubars\u00ed<\/strong> who is not having his best moment.<\/p>  <p>The 18-year-old defender has been weighed down by the absence of <strong>I\u00f1igo Mart\u00ednez<\/strong> and has not quite settled in as a left center-back. <strong>Eric Garc\u00eda<\/strong>, on the other hand, has earned the trust of the German coach and already has 11 appearances as a starter in the 14 matches played by Bar\u00e7a.<\/p>  <p>For Araujo, however, Sunday is only <strong>his 7th appearance in the Bar\u00e7a XI<\/strong>. The player from Rivera had not appeared in the lineup since matchday 8 of La Liga, against Sevilla, a match in which he only played the first half after <a data-external=\"0\" data-intl-links-en=\"https:\/\/www.fcbarcelonanoticias.com\/en\/laliga\/controversial-penalty-by-ronald-araujo-in-sevilla-barcelona-match_314944_102.html\" data-intl-links-es=\"https:\/\/www.fcbarcelonanoticias.com\/laliga\/suma-sigue-polemico-penalti-ronald-araujo-sevilla-barcelona_314944_102.html\" href=\"https:\/\/www.fcbarcelonanoticias.com\/en\/laliga\/controversial-penalty-by-ronald-araujo-in-sevilla-barcelona-match_314944_102.html\" rel=\"follow\" target=\"_self\" title=\"Suma y sigue: Pol\u00e9mico penalti de Ronald Araujo en el Sevilla-Bar\u00e7a\">committing a controversial penalty<\/a> and leaving for halftime with a warning.<\/p>  <h2>Ronald Araujo and a Key Opportunity in the Bar\u00e7a-Elche Match<\/h2>  <p>After the break, the &#8216;charr\u00faa&#8217; was <a data-external=\"0\" data-intl-links-en=\"https:\/\/www.fcbarcelonanoticias.com\/en\/laliga\/ronald-araujo-goalscorer-and-unexpected-hero-of-barca-girona_315056_102.html\" data-intl-links-es=\"https:\/\/www.fcbarcelonanoticias.com\/laliga\/ronald-araujo-goleador-heroe-inesperado-barca-girona_315056_102.html\" href=\"https:\/\/www.fcbarcelonanoticias.com\/en\/laliga\/ronald-araujo-goalscorer-and-unexpected-hero-of-barca-girona_315056_102.html\" rel=\"follow\" target=\"_self\" title=\"Ronald Araujo: goleador y h\u00e9roe inesperado del Bar\u00e7a-Girona\">the hero of the victory against Girona (2-1)<\/a>, scoring the winning goal in stoppage time of a match where he entered in the 82nd minute to play as a &#8216;9&#8217;. His stellar appearance in the derby, however, was not enough to get him out of the bench against Olympiacos (he played 15&#8242;) and Real Madrid (he entered again in the 75&#8242;).<\/p>  <p>In the Cl\u00e1sico, he was close to being a protagonist again in the opponent&#8217;s area, but <a data-external=\"0\" data-intl-links-en=\"https:\/\/www.fcbarcelonanoticias.com\/en\/laliga\/all-controversies-of-soto-grado-refereeing-in-clasico_315127_102.html\" data-intl-links-es=\"https:\/\/www.fcbarcelonanoticias.com\/laliga\/asi-fue-show-soto-grado-bernabeu-todas-polemicas-clasico_315127_102.html\" href=\"https:\/\/www.fcbarcelonanoticias.com\/en\/laliga\/all-controversies-of-soto-grado-refereeing-in-clasico_315127_102.html\" rel=\"follow\" target=\"_self\" title=\"As\u00ed fue el show de Soto Grado en el Bernab\u00e9u: Todas las pol\u00e9micas del Cl\u00e1sico\">C\u00e9sar Soto Grado<\/a> and the VAR overlooked a possible penalty by Dani Carvajal on Ronald after a push inside the area. Against Elche, Araujo hopes to lead a defense that has already conceded in 7 consecutive matches (12 goals conceded).<\/p>  <div class=\"media media-image\" data-ck-asset-wrapper=\"\"> <div class=\"media-item\"> <img loading=\"lazy\" decoding=\"async\" alt=\"Ronald Araujo protests to referee Alejandro Hern\u00e1ndez in the Levante-Bar\u00e7a (2-3) match\" data-id=\"1523133\" data-resize=\"9\" height=\"563\" src=\"https:\/\/www.fcbarcelonanoticias.com\/wp-content\/uploads\/sites\/2\/2025\/09\/fcbn-7bfc49af82312e645f96675b8b000d73.webp\" title=\"Ronald Araujo protests to referee Alejandro Hern\u00e1ndez in the Levante-Bar\u00e7a (2-3) match\" width=\"1000\"><div class=\"media-title\">Ronald Araujo protests to referee Alejandro Hern\u00e1ndez in the Levante-Bar\u00e7a (2-3) match<\/div> <\/div> <\/div>  <p>In that sense, Hansi Flick still considers the South American center-back a key piece in his rotation plan, but clearly the &#8216;4&#8217; has been surpassed at the start of the season by <strong>an Eric Garc\u00eda who had already earned his place in the final stretch of 24\/25<\/strong>, replacing Jules Kound\u00e9.<\/p>  <p>Araujo, however, has not yet recovered his best physical form after the injury to his right thigh that prevented him from being available during the first half of the previous season. The 26-year-old center-back, so far, <strong>has accumulated 527 minutes of action in the 25\/26 season, spread across 10 appearances<\/strong>. He only didn&#8217;t play in 3 matches (Rayo, Valencia, and PSG).<\/p>  <h2>Araujo goes for his third goal in LaLiga against Elche<\/h2>  <p>Beyond not being a regular player in the Blaugrana XI this season, the Uruguayan international already has 2 goals in LaLiga. Prior to the winning goal against Girona, <a data-external=\"0\" data-intl-links-en=\"https:\/\/www.fcbarcelonanoticias.com\/en\/laliga\/ronald-araujo-completed-great-match-with-barca-in-oviedo_314835_102.html\" data-intl-links-es=\"https:\/\/www.fcbarcelonanoticias.com\/laliga\/regreso-capitan-ronald-araujo-completo-partidazo-en-oviedo_314835_102.html\" href=\"https:\/\/www.fcbarcelonanoticias.com\/en\/laliga\/ronald-araujo-completed-great-match-with-barca-in-oviedo_314835_102.html\" rel=\"follow\" target=\"_self\" title=\"El regreso del capit\u00e1n: Ronald Araujo complet\u00f3 un partidazo en Oviedo\">Ronald also scored against Oviedo (1-3)<\/a>, the goal that sealed what, for the moment, is the last away win for the &#8216;cul\u00e9s&#8217;.<\/p>  <p>Then came the defeats against Sevilla and Real Madrid, results that have distanced Flick&#8217;s team from the lead. Bar\u00e7a is obliged to defeat Elche to get back to within 5 points of the &#8216;Casa Blanca&#8217;, who already won their J11 match with <a data-external=\"0\" data-intl-links-en=\"https:\/\/www.fcbarcelonanoticias.com\/en\/laliga\/mbappe-and-bellingham-make-real-madrid-even-more-of-leader-4-0_315162_102.html\" data-intl-links-es=\"https:\/\/www.fcbarcelonanoticias.com\/laliga\/real-madrid-4-0-valencia-mbappe-bellingham-lideran-comoda-goleada-blanca_315162_102.html\" href=\"https:\/\/www.fcbarcelonanoticias.com\/en\/laliga\/mbappe-and-bellingham-make-real-madrid-even-more-of-leader-4-0_315162_102.html\" rel=\"follow\" target=\"_self\" title=\"Real Madrid 4-0 Valencia: Mbapp\u00e9 y Bellingham lideran una c\u00f3moda goleada blanca\">a rout against Valencia (4-0)<\/a>.<\/p>  <ul> <li>\ud83d\udc49 Follow the complete coverage of <b><a data-external=\"0\" data-intl-links-en=\"https:\/\/www.fcbarcelonanoticias.com\/en\/fc-barcelona\" data-intl-links-es=\"https:\/\/www.fcbarcelonanoticias.com\/fc-barcelona\" href=\"https:\/\/www.fcbarcelonanoticias.com\/en\/football-soccer\/fc-barcelona.html\" rel=\"follow\" target=\"_self\" title=\"FC Barcelona\">all the latest news from the Bar\u00e7a squad<\/a><\/b> at FC Barcelona Noticias<\/li> <\/ul> ","protected":false},"excerpt":{"rendered":"<p>Ronald Araujo is the big news in Bar\u00e7a&#8217;s starting XI against Elche. The captain was a substitute in the last 3 matches and returns to the center of defense in place of Pau Cubars\u00ed FC Barcelona faces Elche this Sunday in Montju\u00efc with Ronald Araujo back as captain and leader of the defense. The Uruguayan [&hellip;]<\/p>\n","protected":false},"author":347,"featured_media":59935,"comment_status":"closed","ping_status":"open","sticky":false,"template":"","format":"standard","meta":{"_acf_changed":false,"inline_featured_image":false,"_nextfly_llmd_date_locked":false,"footnotes":""},"categories":[114,448],"tags":[347,87,460,285],"class_list":["post-59925","post","type-post","status-publish","format-standard","has-post-thumbnail","hentry","category-laliga","category-laliga-2","tag-elche-cf","tag-hansi-flick","tag-ronald-araujo-2","tag-ronald-araujo"],"acf":[],"yoast_head":"<!-- This site is optimized with the Yoast SEO plugin v27.3 - https:\/\/yoast.com\/product\/yoast-seo-wordpress\/ -->\n<title>Ronald Araujo: the captain returns to the starting XI after three consecutive games on the bench<\/title>\n<meta name=\"description\" content=\"Ronald Araujo is the big news in Bar\u00e7a&#039;s starting XI against Elche. The captain was a substitute in the last 3 matches and returns to the center of defense\" \/>\n<meta name=\"robots\" content=\"index, follow, max-snippet:-1, max-image-preview:large, max-video-preview:-1\" \/>\n<link rel=\"canonical\" href=\"https:\/\/www.fcbarcelonanoticias.com\/en\/laliga\/ronald-araujo-captain-returns-to-starting-xi-in-barca-elche-match_315169_102.html\" \/>\n<meta property=\"og:locale\" content=\"en_US\" \/>\n<meta property=\"og:type\" content=\"article\" \/>\n<meta property=\"og:title\" content=\"Ronald Araujo: the captain returns to the starting XI after three consecutive games on the bench\" \/>\n<meta property=\"og:description\" content=\"Ronald Araujo is the big news in Bar\u00e7a&#039;s starting XI against Elche. The captain was a substitute in the last 3 matches and returns to the center of defense\" \/>\n<meta property=\"og:url\" content=\"https:\/\/www.fcbarcelonanoticias.com\/en\/laliga\/ronald-araujo-captain-returns-to-starting-xi-in-barca-elche-match_315169_102.html\" \/>\n<meta property=\"og:site_name\" content=\"EN - FC Barcelona Noticias\" \/>\n<meta property=\"article:published_time\" content=\"2025-11-02T17:18:00+00:00\" \/>\n<meta property=\"article:modified_time\" content=\"2026-03-27T10:33:53+00:00\" \/>\n<meta property=\"og:image\" content=\"https:\/\/www.fcbarcelonanoticias.com\/en\/wp-content\/uploads\/sites\/2\/2025\/11\/ronald-araujo-v-girona-laliga-25-26-1.webp\" \/>\n\t<meta property=\"og:image:width\" content=\"1200\" \/>\n\t<meta property=\"og:image:height\" content=\"675\" \/>\n\t<meta property=\"og:image:type\" content=\"image\/webp\" \/>\n<meta name=\"author\" content=\"Andr\u00e9s Quiroz\" \/>\n<meta name=\"twitter:card\" content=\"summary_large_image\" \/>\n<meta name=\"twitter:label1\" content=\"Written by\" \/>\n\t<meta name=\"twitter:data1\" content=\"Andr\u00e9s Quiroz\" \/>\n\t<meta name=\"twitter:label2\" content=\"Est. reading time\" \/>\n\t<meta name=\"twitter:data2\" content=\"3 minutes\" \/>\n<script type=\"application\/ld+json\" class=\"yoast-schema-graph\">{\"@context\":\"https:\\\/\\\/schema.org\",\"@graph\":[{\"@type\":\"Article\",\"@id\":\"https:\\\/\\\/www.fcbarcelonanoticias.com\\\/en\\\/laliga\\\/ronald-araujo-captain-returns-to-starting-xi-in-barca-elche-match_315169_102.html#article\",\"isPartOf\":{\"@id\":\"https:\\\/\\\/www.fcbarcelonanoticias.com\\\/en\\\/laliga\\\/ronald-araujo-captain-returns-to-starting-xi-in-barca-elche-match_315169_102.html\"},\"author\":{\"name\":\"Andr\u00e9s Quiroz\",\"@id\":\"https:\\\/\\\/www.fcbarcelonanoticias.com\\\/en\\\/#\\\/schema\\\/person\\\/c2cd9f6fa1af5c0d0eccd0fefa575c88\"},\"headline\":\"Ronald Araujo: the captain returns to the starting XI after three consecutive games on the bench\",\"datePublished\":\"2025-11-02T17:18:00+00:00\",\"dateModified\":\"2026-03-27T10:33:53+00:00\",\"mainEntityOfPage\":{\"@id\":\"https:\\\/\\\/www.fcbarcelonanoticias.com\\\/en\\\/laliga\\\/ronald-araujo-captain-returns-to-starting-xi-in-barca-elche-match_315169_102.html\"},\"wordCount\":604,\"image\":{\"@id\":\"https:\\\/\\\/www.fcbarcelonanoticias.com\\\/en\\\/laliga\\\/ronald-araujo-captain-returns-to-starting-xi-in-barca-elche-match_315169_102.html#primaryimage\"},\"thumbnailUrl\":\"https:\\\/\\\/www.fcbarcelonanoticias.com\\\/en\\\/wp-content\\\/uploads\\\/sites\\\/2\\\/2025\\\/11\\\/ronald-araujo-v-girona-laliga-25-26-1.webp\",\"keywords\":[\"Elche CF\",\"Hansi Flick\",\"Ronald Araujo\",\"Ronald Araujo\"],\"articleSection\":[\"LaLiga\",\"LaLiga\"],\"inLanguage\":\"en-US\"},{\"@type\":\"WebPage\",\"@id\":\"https:\\\/\\\/www.fcbarcelonanoticias.com\\\/en\\\/laliga\\\/ronald-araujo-captain-returns-to-starting-xi-in-barca-elche-match_315169_102.html\",\"url\":\"https:\\\/\\\/www.fcbarcelonanoticias.com\\\/en\\\/laliga\\\/ronald-araujo-captain-returns-to-starting-xi-in-barca-elche-match_315169_102.html\",\"name\":\"Ronald Araujo: the captain returns to the starting XI after three consecutive games on the bench\",\"isPartOf\":{\"@id\":\"https:\\\/\\\/www.fcbarcelonanoticias.com\\\/en\\\/#website\"},\"primaryImageOfPage\":{\"@id\":\"https:\\\/\\\/www.fcbarcelonanoticias.com\\\/en\\\/laliga\\\/ronald-araujo-captain-returns-to-starting-xi-in-barca-elche-match_315169_102.html#primaryimage\"},\"image\":{\"@id\":\"https:\\\/\\\/www.fcbarcelonanoticias.com\\\/en\\\/laliga\\\/ronald-araujo-captain-returns-to-starting-xi-in-barca-elche-match_315169_102.html#primaryimage\"},\"thumbnailUrl\":\"https:\\\/\\\/www.fcbarcelonanoticias.com\\\/en\\\/wp-content\\\/uploads\\\/sites\\\/2\\\/2025\\\/11\\\/ronald-araujo-v-girona-laliga-25-26-1.webp\",\"datePublished\":\"2025-11-02T17:18:00+00:00\",\"dateModified\":\"2026-03-27T10:33:53+00:00\",\"author\":{\"@id\":\"https:\\\/\\\/www.fcbarcelonanoticias.com\\\/en\\\/#\\\/schema\\\/person\\\/c2cd9f6fa1af5c0d0eccd0fefa575c88\"},\"description\":\"Ronald Araujo is the big news in Bar\u00e7a's starting XI against Elche. The captain was a substitute in the last 3 matches and returns to the center of defense\",\"breadcrumb\":{\"@id\":\"https:\\\/\\\/www.fcbarcelonanoticias.com\\\/en\\\/laliga\\\/ronald-araujo-captain-returns-to-starting-xi-in-barca-elche-match_315169_102.html#breadcrumb\"},\"inLanguage\":\"en-US\",\"potentialAction\":[{\"@type\":\"ReadAction\",\"target\":[\"https:\\\/\\\/www.fcbarcelonanoticias.com\\\/en\\\/laliga\\\/ronald-araujo-captain-returns-to-starting-xi-in-barca-elche-match_315169_102.html\"]}]},{\"@type\":\"ImageObject\",\"inLanguage\":\"en-US\",\"@id\":\"https:\\\/\\\/www.fcbarcelonanoticias.com\\\/en\\\/laliga\\\/ronald-araujo-captain-returns-to-starting-xi-in-barca-elche-match_315169_102.html#primaryimage\",\"url\":\"https:\\\/\\\/www.fcbarcelonanoticias.com\\\/en\\\/wp-content\\\/uploads\\\/sites\\\/2\\\/2025\\\/11\\\/ronald-araujo-v-girona-laliga-25-26-1.webp\",\"contentUrl\":\"https:\\\/\\\/www.fcbarcelonanoticias.com\\\/en\\\/wp-content\\\/uploads\\\/sites\\\/2\\\/2025\\\/11\\\/ronald-araujo-v-girona-laliga-25-26-1.webp\",\"width\":1200,\"height\":675},{\"@type\":\"BreadcrumbList\",\"@id\":\"https:\\\/\\\/www.fcbarcelonanoticias.com\\\/en\\\/laliga\\\/ronald-araujo-captain-returns-to-starting-xi-in-barca-elche-match_315169_102.html#breadcrumb\",\"itemListElement\":[{\"@type\":\"ListItem\",\"position\":1,\"name\":\"Portada\",\"item\":\"https:\\\/\\\/www.fcbarcelonanoticias.com\\\/en\\\/\"},{\"@type\":\"ListItem\",\"position\":2,\"name\":\"Ronald Araujo: the captain returns to the starting XI after three consecutive games on the bench\"}]},{\"@type\":\"WebSite\",\"@id\":\"https:\\\/\\\/www.fcbarcelonanoticias.com\\\/en\\\/#website\",\"url\":\"https:\\\/\\\/www.fcbarcelonanoticias.com\\\/en\\\/\",\"name\":\"EN - FC Barcelona Noticias\",\"description\":\"\",\"potentialAction\":[{\"@type\":\"SearchAction\",\"target\":{\"@type\":\"EntryPoint\",\"urlTemplate\":\"https:\\\/\\\/www.fcbarcelonanoticias.com\\\/en\\\/?s={search_term_string}\"},\"query-input\":{\"@type\":\"PropertyValueSpecification\",\"valueRequired\":true,\"valueName\":\"search_term_string\"}}],\"inLanguage\":\"en-US\"},{\"@type\":\"Person\",\"@id\":\"https:\\\/\\\/www.fcbarcelonanoticias.com\\\/en\\\/#\\\/schema\\\/person\\\/c2cd9f6fa1af5c0d0eccd0fefa575c88\",\"name\":\"Andr\u00e9s Quiroz\",\"image\":{\"@type\":\"ImageObject\",\"inLanguage\":\"en-US\",\"@id\":\"https:\\\/\\\/secure.gravatar.com\\\/avatar\\\/?s=96&d=mm&r=g\",\"url\":\"https:\\\/\\\/secure.gravatar.com\\\/avatar\\\/?s=96&d=mm&r=g\",\"contentUrl\":\"https:\\\/\\\/secure.gravatar.com\\\/avatar\\\/?s=96&d=mm&r=g\",\"caption\":\"Andr\u00e9s Quiroz\"},\"description\":\"Licenciado en Periodismo por la Universidad de los Andes. Me encargo de analizar y compartir los contenidos m\u00e1s destacados de la\u00a0actualidad del F\u00fatbol Club Barcelona, Mercado de Fichajes y F\u00fatbol Internacional en FCBN. La informaci\u00f3n es poder, pero tambi\u00e9n conocimiento.\",\"url\":\"https:\\\/\\\/www.fcbarcelonanoticias.com\\\/en\\\/fc-barcelona\\\/andres-quiroz_17_115.html\"}]}<\/script>\n<!-- \/ Yoast SEO plugin. -->","yoast_head_json":{"title":"Ronald Araujo: the captain returns to the starting XI after three consecutive games on the bench","description":"Ronald Araujo is the big news in Bar\u00e7a's starting XI against Elche. The captain was a substitute in the last 3 matches and returns to the center of defense","robots":{"index":"index","follow":"follow","max-snippet":"max-snippet:-1","max-image-preview":"max-image-preview:large","max-video-preview":"max-video-preview:-1"},"canonical":"https:\/\/www.fcbarcelonanoticias.com\/en\/laliga\/ronald-araujo-captain-returns-to-starting-xi-in-barca-elche-match_315169_102.html","og_locale":"en_US","og_type":"article","og_title":"Ronald Araujo: the captain returns to the starting XI after three consecutive games on the bench","og_description":"Ronald Araujo is the big news in Bar\u00e7a's starting XI against Elche. The captain was a substitute in the last 3 matches and returns to the center of defense","og_url":"https:\/\/www.fcbarcelonanoticias.com\/en\/laliga\/ronald-araujo-captain-returns-to-starting-xi-in-barca-elche-match_315169_102.html","og_site_name":"EN - FC Barcelona Noticias","article_published_time":"2025-11-02T17:18:00+00:00","article_modified_time":"2026-03-27T10:33:53+00:00","og_image":[{"width":1200,"height":675,"url":"https:\/\/www.fcbarcelonanoticias.com\/en\/wp-content\/uploads\/sites\/2\/2025\/11\/ronald-araujo-v-girona-laliga-25-26-1.webp","type":"image\/webp"}],"author":"Andr\u00e9s Quiroz","twitter_card":"summary_large_image","twitter_misc":{"Written by":"Andr\u00e9s Quiroz","Est. reading time":"3 minutes"},"schema":{"@context":"https:\/\/schema.org","@graph":[{"@type":"Article","@id":"https:\/\/www.fcbarcelonanoticias.com\/en\/laliga\/ronald-araujo-captain-returns-to-starting-xi-in-barca-elche-match_315169_102.html#article","isPartOf":{"@id":"https:\/\/www.fcbarcelonanoticias.com\/en\/laliga\/ronald-araujo-captain-returns-to-starting-xi-in-barca-elche-match_315169_102.html"},"author":{"name":"Andr\u00e9s Quiroz","@id":"https:\/\/www.fcbarcelonanoticias.com\/en\/#\/schema\/person\/c2cd9f6fa1af5c0d0eccd0fefa575c88"},"headline":"Ronald Araujo: the captain returns to the starting XI after three consecutive games on the bench","datePublished":"2025-11-02T17:18:00+00:00","dateModified":"2026-03-27T10:33:53+00:00","mainEntityOfPage":{"@id":"https:\/\/www.fcbarcelonanoticias.com\/en\/laliga\/ronald-araujo-captain-returns-to-starting-xi-in-barca-elche-match_315169_102.html"},"wordCount":604,"image":{"@id":"https:\/\/www.fcbarcelonanoticias.com\/en\/laliga\/ronald-araujo-captain-returns-to-starting-xi-in-barca-elche-match_315169_102.html#primaryimage"},"thumbnailUrl":"https:\/\/www.fcbarcelonanoticias.com\/en\/wp-content\/uploads\/sites\/2\/2025\/11\/ronald-araujo-v-girona-laliga-25-26-1.webp","keywords":["Elche CF","Hansi Flick","Ronald Araujo","Ronald Araujo"],"articleSection":["LaLiga","LaLiga"],"inLanguage":"en-US"},{"@type":"WebPage","@id":"https:\/\/www.fcbarcelonanoticias.com\/en\/laliga\/ronald-araujo-captain-returns-to-starting-xi-in-barca-elche-match_315169_102.html","url":"https:\/\/www.fcbarcelonanoticias.com\/en\/laliga\/ronald-araujo-captain-returns-to-starting-xi-in-barca-elche-match_315169_102.html","name":"Ronald Araujo: the captain returns to the starting XI after three consecutive games on the bench","isPartOf":{"@id":"https:\/\/www.fcbarcelonanoticias.com\/en\/#website"},"primaryImageOfPage":{"@id":"https:\/\/www.fcbarcelonanoticias.com\/en\/laliga\/ronald-araujo-captain-returns-to-starting-xi-in-barca-elche-match_315169_102.html#primaryimage"},"image":{"@id":"https:\/\/www.fcbarcelonanoticias.com\/en\/laliga\/ronald-araujo-captain-returns-to-starting-xi-in-barca-elche-match_315169_102.html#primaryimage"},"thumbnailUrl":"https:\/\/www.fcbarcelonanoticias.com\/en\/wp-content\/uploads\/sites\/2\/2025\/11\/ronald-araujo-v-girona-laliga-25-26-1.webp","datePublished":"2025-11-02T17:18:00+00:00","dateModified":"2026-03-27T10:33:53+00:00","author":{"@id":"https:\/\/www.fcbarcelonanoticias.com\/en\/#\/schema\/person\/c2cd9f6fa1af5c0d0eccd0fefa575c88"},"description":"Ronald Araujo is the big news in Bar\u00e7a's starting XI against Elche. The captain was a substitute in the last 3 matches and returns to the center of defense","breadcrumb":{"@id":"https:\/\/www.fcbarcelonanoticias.com\/en\/laliga\/ronald-araujo-captain-returns-to-starting-xi-in-barca-elche-match_315169_102.html#breadcrumb"},"inLanguage":"en-US","potentialAction":[{"@type":"ReadAction","target":["https:\/\/www.fcbarcelonanoticias.com\/en\/laliga\/ronald-araujo-captain-returns-to-starting-xi-in-barca-elche-match_315169_102.html"]}]},{"@type":"ImageObject","inLanguage":"en-US","@id":"https:\/\/www.fcbarcelonanoticias.com\/en\/laliga\/ronald-araujo-captain-returns-to-starting-xi-in-barca-elche-match_315169_102.html#primaryimage","url":"https:\/\/www.fcbarcelonanoticias.com\/en\/wp-content\/uploads\/sites\/2\/2025\/11\/ronald-araujo-v-girona-laliga-25-26-1.webp","contentUrl":"https:\/\/www.fcbarcelonanoticias.com\/en\/wp-content\/uploads\/sites\/2\/2025\/11\/ronald-araujo-v-girona-laliga-25-26-1.webp","width":1200,"height":675},{"@type":"BreadcrumbList","@id":"https:\/\/www.fcbarcelonanoticias.com\/en\/laliga\/ronald-araujo-captain-returns-to-starting-xi-in-barca-elche-match_315169_102.html#breadcrumb","itemListElement":[{"@type":"ListItem","position":1,"name":"Portada","item":"https:\/\/www.fcbarcelonanoticias.com\/en\/"},{"@type":"ListItem","position":2,"name":"Ronald Araujo: the captain returns to the starting XI after three consecutive games on the bench"}]},{"@type":"WebSite","@id":"https:\/\/www.fcbarcelonanoticias.com\/en\/#website","url":"https:\/\/www.fcbarcelonanoticias.com\/en\/","name":"EN - FC Barcelona Noticias","description":"","potentialAction":[{"@type":"SearchAction","target":{"@type":"EntryPoint","urlTemplate":"https:\/\/www.fcbarcelonanoticias.com\/en\/?s={search_term_string}"},"query-input":{"@type":"PropertyValueSpecification","valueRequired":true,"valueName":"search_term_string"}}],"inLanguage":"en-US"},{"@type":"Person","@id":"https:\/\/www.fcbarcelonanoticias.com\/en\/#\/schema\/person\/c2cd9f6fa1af5c0d0eccd0fefa575c88","name":"Andr\u00e9s Quiroz","image":{"@type":"ImageObject","inLanguage":"en-US","@id":"https:\/\/secure.gravatar.com\/avatar\/?s=96&d=mm&r=g","url":"https:\/\/secure.gravatar.com\/avatar\/?s=96&d=mm&r=g","contentUrl":"https:\/\/secure.gravatar.com\/avatar\/?s=96&d=mm&r=g","caption":"Andr\u00e9s Quiroz"},"description":"Licenciado en Periodismo por la Universidad de los Andes. Me encargo de analizar y compartir los contenidos m\u00e1s destacados de la\u00a0actualidad del F\u00fatbol Club Barcelona, Mercado de Fichajes y F\u00fatbol Internacional en FCBN. La informaci\u00f3n es poder, pero tambi\u00e9n conocimiento.","url":"https:\/\/www.fcbarcelonanoticias.com\/en\/fc-barcelona\/andres-quiroz_17_115.html"}]}},"_links":{"self":[{"href":"https:\/\/www.fcbarcelonanoticias.com\/en\/wp-json\/wp\/v2\/posts\/59925","targetHints":{"allow":["GET"]}}],"collection":[{"href":"https:\/\/www.fcbarcelonanoticias.com\/en\/wp-json\/wp\/v2\/posts"}],"about":[{"href":"https:\/\/www.fcbarcelonanoticias.com\/en\/wp-json\/wp\/v2\/types\/post"}],"author":[{"embeddable":true,"href":"https:\/\/www.fcbarcelonanoticias.com\/en\/wp-json\/wp\/v2\/users\/347"}],"replies":[{"embeddable":true,"href":"https:\/\/www.fcbarcelonanoticias.com\/en\/wp-json\/wp\/v2\/comments?post=59925"}],"version-history":[{"count":2,"href":"https:\/\/www.fcbarcelonanoticias.com\/en\/wp-json\/wp\/v2\/posts\/59925\/revisions"}],"predecessor-version":[{"id":159422,"href":"https:\/\/www.fcbarcelonanoticias.com\/en\/wp-json\/wp\/v2\/posts\/59925\/revisions\/159422"}],"wp:featuredmedia":[{"embeddable":true,"href":"https:\/\/www.fcbarcelonanoticias.com\/en\/wp-json\/wp\/v2\/media\/59935"}],"wp:attachment":[{"href":"https:\/\/www.fcbarcelonanoticias.com\/en\/wp-json\/wp\/v2\/media?parent=59925"}],"wp:term":[{"taxonomy":"category","embeddable":true,"href":"https:\/\/www.fcbarcelonanoticias.com\/en\/wp-json\/wp\/v2\/categories?post=59925"},{"taxonomy":"post_tag","embeddable":true,"href":"https:\/\/www.fcbarcelonanoticias.com\/en\/wp-json\/wp\/v2\/tags?post=59925"}],"curies":[{"name":"wp","href":"https:\/\/api.w.org\/{rel}","templated":true}]}}