{"id":6005,"date":"2021-11-01T15:39:00","date_gmt":"2021-11-01T14:39:00","guid":{"rendered":"https:\/\/weisetech.dev\/fc-barcelona-noticias\/en\/the-possible-alignments-of-the-dynamo-of-kiev-fc-barcelona-of-the-champions-league_274445_102\/"},"modified":"2021-11-01T15:39:00","modified_gmt":"2021-11-01T14:39:00","slug":"the-possible-alignments-of-the-dynamo-of-kiev-fc-barcelona-of-the-champions-league_274445_102","status":"publish","type":"post","link":"https:\/\/www.fcbarcelonanoticias.com\/en\/champions-league\/the-possible-alignments-of-the-dynamo-of-kiev-fc-barcelona-of-the-champions-league_274445_102.html","title":{"rendered":"The possible line-ups of the Dynamo Kiev-FC Barcelona of the Champions League"},"content":{"rendered":"<h2 class=\"wp-block-heading\">Sergi Barjuan will have to get the best of the FC Barcelona squad for the &#8216;final&#8217; against Dynamo Kiev, this Tuesday from 21:00 h (Spain)<\/h2>  \r\n<div class=\"article-addons\">\r\n    <a href=\"https:\/\/www.fcbarcelonanoticias.com\/en\/calendar-fc-barcelona.html\"\r\n       target=\"_self\"\r\n       title=\"Calendar of FC Barcelona\"\r\n       class=\"blue-gredient-btn\">\r\n       \r\n        Calendar of FC Barcelona    <\/a>\r\n<\/div>   <p><strong>The FC Barcelona plays the life<\/strong> this Tuesday in front of the <a data-external=\"0\" data-intl-links-en=\"https:\/\/www.fcbarcelonanoticias.com\/en\/champions-league\/dynamo-of-kiev-vs-fc-barcelona-in-tv-when-and-where-watch-the-match-of-champions_274417_102.html\" data-intl-links-es=\"https:\/\/www.fcbarcelonanoticias.com\/champions-league\/dynamo-kiev-vs-fc-barcelona-en-tv-cuando-donde-ver-partido-champions_274417_102.html\" href=\"https:\/\/www.fcbarcelonanoticias.com\/en\/champions-league\/dynamo-of-kiev-vs-fc-barcelona-in-tv-when-and-where-watch-the-match-of-champions_274417_102.html\" rel=\"follow\" target=\"_self\" title=\"Dynamo de Kiev vs FC Barcelona en TV: Cu\u00e1ndo y d\u00f3nde ver el partido de Champions\">Dynamo of Kiev (21:00 hours<\/a>, in Spain). If the azlugrana want to classify to the eighth of final of the UEFA Champions League 2021-2022, will have to win the commitment in the Olympic Stadium of Kiev, but will not be a simple task because <strong>the ones of Mircea Lucescu also dream with surpassing the phase of groups.<\/strong> In any case, will be a very contested party in which the errors will not be allowed and in which the trainers will have to take out to the field to his best players.<\/p>  <p>Sergi Barjuan premi\u00e8res in League of Champions in front of the Dynamo and for his first party <strong>has recovered to four players, those who have received the high doctor this Monday<\/strong>. The interim trainer of the Bar\u00e7a can breathe because has more reinforcements for the team, but is conscious that it has to dosificarlos to avoid any surprise. Of there to that it was possible that can repeat the alignment of the last party, in front of the Sportive Alav\u00e9s, with three changes. <strong>To continuation, our forecast of the alignments: <\/strong><\/p>  <h3>Possible alignments of the Dynamo of Kiev-FC Barcelona<\/h3>  <ul> <li> <strong>XI of the Dynamo of Kiev: <\/strong> Busdhchan; Kedziora, Zabarnyi, Syrota, Mykolenko; Sydorchuk, Shaparenko; Tsygankov, Buyalskiy, Of Pena; and Vitinho.<\/li> \t<li> <strong>XI of the FC Barcelona:<\/strong> Ter Stegen; Mingueza, Eric Garc\u00eda, Lenglet, Alba; Busquets, Of Jong, Gavi; Dest, Ansu Fati and Memphis.<\/li> <\/ul> <h4>Ter Stegen<\/h4>  <p>The guardameta of the Bar\u00e7a, <strong>Marc-Andr\u00e9 ter Stegen, is not living his best moment. <\/strong>In fact, it is very move# away of his best version and begins to generate worry to the barcelonistas. In the Champions League already has fit in six opportunities and is more distinguished that never. It will be key, in any case, that was attentive to the approaches to be able to answer quickly and avoid &#8216;surprises&#8217; as those that has had lately.<\/p>  <h4>Mingueza-Eric-Lenglet-Alba<\/h4>  <p>With the absence of Gerard Hammered, by one overloads in the s\u00f3leo of the right leg, Sergi Barjuan has to move his defence. Nevertheless, it has received the good news that Ronald Ara\u00fajo is available, but is little likely that the &#8216;charr\u00faa&#8217; go out from the beginning, by what is possible that are <strong>Eric Garc\u00eda and Cl\u00e9ment Lenglet the couple of defenders.<\/strong> \u00d2scar Mingueza aims to repeat by the right side, whereas Jordi Alba will be, as always, in the left.<\/p>  <h4>Of Jong-Busquets-Gavi<\/h4>  <p><strong>Frenkie Of Jong has received the high doctor<\/strong> after suffering an elongaci\u00f3n in the biceps femoral of the right thigh in the Classical. The Dutch aims to be headline to reinforce the medullary beside<strong> Sergio Busquets and Gavi.<\/strong> In the last two parties, Nico Gonz\u00e1lez had been headline, but everything seems to indicate to that Frenkie will be headline. In any case, will be key that are very connected and look for to promote the attack of the Barcelona. When the centre of the field works, the Bar\u00e7a works.<\/p>  <h4>Dest-Ansu-Memphis<\/h4>  <p>To fault to know if Ansu Fati is to 100% to be headline, everything aims to that the &#8217;10&#8217; will lead the offensive beside Sergi\u00f1o Dest and <strong>Memphis Depay, the one who annotated in front of the Sportive Alav\u00e9s for &#8216;brake&#8217; his negative series of face to the arch.<\/strong> The Bar\u00e7a expects that the ex of the Lyon go back to be enchufado and that begin to be important in transcendental nights, as the one of this Tuesday in front of the Dynamo of Kiev. In the bench, like options for dinamizar the offensive in the second part, will be Ousmane Demb\u00e9l\u00e9, Luuk of Jong, Yusuf Demir or Philippe Coutinho.<\/p> ","protected":false},"excerpt":{"rendered":"<p>Sergi Barjuan will have to get the best of the FC Barcelona squad for the &#8216;final&#8217; against Dynamo Kiev, this Tuesday from 21:00 h (Spain) The FC Barcelona plays the life this Tuesday in front of the Dynamo of Kiev (21:00 hours, in Spain). If the azlugrana want to classify to the eighth of final [&hellip;]<\/p>\n","protected":false},"author":352,"featured_media":5946,"comment_status":"closed","ping_status":"open","sticky":false,"template":"","format":"standard","meta":{"_acf_changed":false,"inline_featured_image":false,"_nextfly_llmd_date_locked":false,"footnotes":""},"categories":[447,112],"tags":[220,201],"class_list":["post-6005","post","type-post","status-publish","format-standard","has-post-thumbnail","hentry","category-champions-league-2","category-champions-league","tag-dynamo-kiev","tag-lineups"],"acf":[],"yoast_head":"<!-- This site is optimized with the Yoast SEO plugin v27.3 - https:\/\/yoast.com\/product\/yoast-seo-wordpress\/ -->\n<title>The possible alignments of the Dynamo of Kiev-FC Barcelona of the Champions League<\/title>\n<meta name=\"description\" content=\"Sergi Barjuan will have to take out the best that has the staff of the FC Barcelona for the &#039;final&#039; in front of the Dynamo of Kiev, this Tuesday from the 21:00 hours (Is...\" \/>\n<meta name=\"robots\" content=\"index, follow, max-snippet:-1, max-image-preview:large, max-video-preview:-1\" \/>\n<link rel=\"canonical\" href=\"https:\/\/www.fcbarcelonanoticias.com\/en\/champions-league\/the-possible-alignments-of-the-dynamo-of-kiev-fc-barcelona-of-the-champions-league_274445_102.html\" \/>\n<meta property=\"og:locale\" content=\"en_US\" \/>\n<meta property=\"og:type\" content=\"article\" \/>\n<meta property=\"og:title\" content=\"The possible alignments of the Dynamo of Kiev-FC Barcelona of the Champions League\" \/>\n<meta property=\"og:description\" content=\"Sergi Barjuan will have to take out the best that has the staff of the FC Barcelona for the &#039;final&#039; in front of the Dynamo of Kiev, this Tuesday from the 21:00 hours (Is...\" \/>\n<meta property=\"og:url\" content=\"https:\/\/www.fcbarcelonanoticias.com\/en\/champions-league\/the-possible-alignments-of-the-dynamo-of-kiev-fc-barcelona-of-the-champions-league_274445_102.html\" \/>\n<meta property=\"og:site_name\" content=\"EN - FC Barcelona Noticias\" \/>\n<meta property=\"article:published_time\" content=\"2021-11-01T14:39:00+00:00\" \/>\n<meta property=\"og:image\" content=\"https:\/\/www.fcbarcelonanoticias.com\/en\/wp-content\/uploads\/sites\/2\/2021\/12\/alineacion-posible-dynamo-kiev-barcelona.jpeg\" \/>\n\t<meta property=\"og:image:width\" content=\"1200\" \/>\n\t<meta property=\"og:image:height\" content=\"699\" \/>\n\t<meta property=\"og:image:type\" content=\"image\/jpeg\" \/>\n<meta name=\"author\" content=\"Paola Guevara\" \/>\n<meta name=\"twitter:card\" content=\"summary_large_image\" \/>\n<meta name=\"twitter:label1\" content=\"Written by\" \/>\n\t<meta name=\"twitter:data1\" content=\"Paola Guevara\" \/>\n\t<meta name=\"twitter:label2\" content=\"Est. reading time\" \/>\n\t<meta name=\"twitter:data2\" content=\"3 minutes\" \/>\n<script type=\"application\/ld+json\" class=\"yoast-schema-graph\">{\"@context\":\"https:\\\/\\\/schema.org\",\"@graph\":[{\"@type\":\"Article\",\"@id\":\"https:\\\/\\\/www.fcbarcelonanoticias.com\\\/en\\\/champions-league\\\/the-possible-alignments-of-the-dynamo-of-kiev-fc-barcelona-of-the-champions-league_274445_102.html#article\",\"isPartOf\":{\"@id\":\"https:\\\/\\\/www.fcbarcelonanoticias.com\\\/en\\\/champions-league\\\/the-possible-alignments-of-the-dynamo-of-kiev-fc-barcelona-of-the-champions-league_274445_102.html\"},\"author\":{\"name\":\"Paola Guevara\",\"@id\":\"https:\\\/\\\/www.fcbarcelonanoticias.com\\\/en\\\/#\\\/schema\\\/person\\\/3b408513ee236e64c3043ec901f019ee\"},\"headline\":\"The possible line-ups of the Dynamo Kiev-FC Barcelona of the Champions League\",\"datePublished\":\"2021-11-01T14:39:00+00:00\",\"mainEntityOfPage\":{\"@id\":\"https:\\\/\\\/www.fcbarcelonanoticias.com\\\/en\\\/champions-league\\\/the-possible-alignments-of-the-dynamo-of-kiev-fc-barcelona-of-the-champions-league_274445_102.html\"},\"wordCount\":654,\"image\":{\"@id\":\"https:\\\/\\\/www.fcbarcelonanoticias.com\\\/en\\\/champions-league\\\/the-possible-alignments-of-the-dynamo-of-kiev-fc-barcelona-of-the-champions-league_274445_102.html#primaryimage\"},\"thumbnailUrl\":\"https:\\\/\\\/www.fcbarcelonanoticias.com\\\/en\\\/wp-content\\\/uploads\\\/sites\\\/2\\\/2021\\\/12\\\/alineacion-posible-dynamo-kiev-barcelona.jpeg\",\"keywords\":[\"Dynamo Kiev\",\"FC Barcelona Lineups\"],\"articleSection\":[\"Champions League\",\"Champions League\"],\"inLanguage\":\"en-US\"},{\"@type\":\"WebPage\",\"@id\":\"https:\\\/\\\/www.fcbarcelonanoticias.com\\\/en\\\/champions-league\\\/the-possible-alignments-of-the-dynamo-of-kiev-fc-barcelona-of-the-champions-league_274445_102.html\",\"url\":\"https:\\\/\\\/www.fcbarcelonanoticias.com\\\/en\\\/champions-league\\\/the-possible-alignments-of-the-dynamo-of-kiev-fc-barcelona-of-the-champions-league_274445_102.html\",\"name\":\"The possible alignments of the Dynamo of Kiev-FC Barcelona of the Champions League\",\"isPartOf\":{\"@id\":\"https:\\\/\\\/www.fcbarcelonanoticias.com\\\/en\\\/#website\"},\"primaryImageOfPage\":{\"@id\":\"https:\\\/\\\/www.fcbarcelonanoticias.com\\\/en\\\/champions-league\\\/the-possible-alignments-of-the-dynamo-of-kiev-fc-barcelona-of-the-champions-league_274445_102.html#primaryimage\"},\"image\":{\"@id\":\"https:\\\/\\\/www.fcbarcelonanoticias.com\\\/en\\\/champions-league\\\/the-possible-alignments-of-the-dynamo-of-kiev-fc-barcelona-of-the-champions-league_274445_102.html#primaryimage\"},\"thumbnailUrl\":\"https:\\\/\\\/www.fcbarcelonanoticias.com\\\/en\\\/wp-content\\\/uploads\\\/sites\\\/2\\\/2021\\\/12\\\/alineacion-posible-dynamo-kiev-barcelona.jpeg\",\"datePublished\":\"2021-11-01T14:39:00+00:00\",\"author\":{\"@id\":\"https:\\\/\\\/www.fcbarcelonanoticias.com\\\/en\\\/#\\\/schema\\\/person\\\/3b408513ee236e64c3043ec901f019ee\"},\"description\":\"Sergi Barjuan will have to take out the best that has the staff of the FC Barcelona for the 'final' in front of the Dynamo of Kiev, this Tuesday from the 21:00 hours (Is...\",\"breadcrumb\":{\"@id\":\"https:\\\/\\\/www.fcbarcelonanoticias.com\\\/en\\\/champions-league\\\/the-possible-alignments-of-the-dynamo-of-kiev-fc-barcelona-of-the-champions-league_274445_102.html#breadcrumb\"},\"inLanguage\":\"en-US\",\"potentialAction\":[{\"@type\":\"ReadAction\",\"target\":[\"https:\\\/\\\/www.fcbarcelonanoticias.com\\\/en\\\/champions-league\\\/the-possible-alignments-of-the-dynamo-of-kiev-fc-barcelona-of-the-champions-league_274445_102.html\"]}]},{\"@type\":\"ImageObject\",\"inLanguage\":\"en-US\",\"@id\":\"https:\\\/\\\/www.fcbarcelonanoticias.com\\\/en\\\/champions-league\\\/the-possible-alignments-of-the-dynamo-of-kiev-fc-barcelona-of-the-champions-league_274445_102.html#primaryimage\",\"url\":\"https:\\\/\\\/www.fcbarcelonanoticias.com\\\/en\\\/wp-content\\\/uploads\\\/sites\\\/2\\\/2021\\\/12\\\/alineacion-posible-dynamo-kiev-barcelona.jpeg\",\"contentUrl\":\"https:\\\/\\\/www.fcbarcelonanoticias.com\\\/en\\\/wp-content\\\/uploads\\\/sites\\\/2\\\/2021\\\/12\\\/alineacion-posible-dynamo-kiev-barcelona.jpeg\",\"width\":1200,\"height\":699},{\"@type\":\"BreadcrumbList\",\"@id\":\"https:\\\/\\\/www.fcbarcelonanoticias.com\\\/en\\\/champions-league\\\/the-possible-alignments-of-the-dynamo-of-kiev-fc-barcelona-of-the-champions-league_274445_102.html#breadcrumb\",\"itemListElement\":[{\"@type\":\"ListItem\",\"position\":1,\"name\":\"Portada\",\"item\":\"https:\\\/\\\/www.fcbarcelonanoticias.com\\\/en\\\/\"},{\"@type\":\"ListItem\",\"position\":2,\"name\":\"The possible line-ups of the Dynamo Kiev-FC Barcelona of the Champions League\"}]},{\"@type\":\"WebSite\",\"@id\":\"https:\\\/\\\/www.fcbarcelonanoticias.com\\\/en\\\/#website\",\"url\":\"https:\\\/\\\/www.fcbarcelonanoticias.com\\\/en\\\/\",\"name\":\"EN - FC Barcelona Noticias\",\"description\":\"\",\"potentialAction\":[{\"@type\":\"SearchAction\",\"target\":{\"@type\":\"EntryPoint\",\"urlTemplate\":\"https:\\\/\\\/www.fcbarcelonanoticias.com\\\/en\\\/?s={search_term_string}\"},\"query-input\":{\"@type\":\"PropertyValueSpecification\",\"valueRequired\":true,\"valueName\":\"search_term_string\"}}],\"inLanguage\":\"en-US\"},{\"@type\":\"Person\",\"@id\":\"https:\\\/\\\/www.fcbarcelonanoticias.com\\\/en\\\/#\\\/schema\\\/person\\\/3b408513ee236e64c3043ec901f019ee\",\"name\":\"Paola Guevara\",\"image\":{\"@type\":\"ImageObject\",\"inLanguage\":\"en-US\",\"@id\":\"https:\\\/\\\/secure.gravatar.com\\\/avatar\\\/?s=96&d=mm&r=g\",\"url\":\"https:\\\/\\\/secure.gravatar.com\\\/avatar\\\/?s=96&d=mm&r=g\",\"contentUrl\":\"https:\\\/\\\/secure.gravatar.com\\\/avatar\\\/?s=96&d=mm&r=g\",\"caption\":\"Paola Guevara\"},\"url\":\"https:\\\/\\\/www.fcbarcelonanoticias.com\\\/en\\\/fc-barcelona\\\/paola-guevara_9_115.html\"}]}<\/script>\n<!-- \/ Yoast SEO plugin. -->","yoast_head_json":{"title":"The possible alignments of the Dynamo of Kiev-FC Barcelona of the Champions League","description":"Sergi Barjuan will have to take out the best that has the staff of the FC Barcelona for the 'final' in front of the Dynamo of Kiev, this Tuesday from the 21:00 hours (Is...","robots":{"index":"index","follow":"follow","max-snippet":"max-snippet:-1","max-image-preview":"max-image-preview:large","max-video-preview":"max-video-preview:-1"},"canonical":"https:\/\/www.fcbarcelonanoticias.com\/en\/champions-league\/the-possible-alignments-of-the-dynamo-of-kiev-fc-barcelona-of-the-champions-league_274445_102.html","og_locale":"en_US","og_type":"article","og_title":"The possible alignments of the Dynamo of Kiev-FC Barcelona of the Champions League","og_description":"Sergi Barjuan will have to take out the best that has the staff of the FC Barcelona for the 'final' in front of the Dynamo of Kiev, this Tuesday from the 21:00 hours (Is...","og_url":"https:\/\/www.fcbarcelonanoticias.com\/en\/champions-league\/the-possible-alignments-of-the-dynamo-of-kiev-fc-barcelona-of-the-champions-league_274445_102.html","og_site_name":"EN - FC Barcelona Noticias","article_published_time":"2021-11-01T14:39:00+00:00","og_image":[{"width":1200,"height":699,"url":"https:\/\/www.fcbarcelonanoticias.com\/en\/wp-content\/uploads\/sites\/2\/2021\/12\/alineacion-posible-dynamo-kiev-barcelona.jpeg","type":"image\/jpeg"}],"author":"Paola Guevara","twitter_card":"summary_large_image","twitter_misc":{"Written by":"Paola Guevara","Est. reading time":"3 minutes"},"schema":{"@context":"https:\/\/schema.org","@graph":[{"@type":"Article","@id":"https:\/\/www.fcbarcelonanoticias.com\/en\/champions-league\/the-possible-alignments-of-the-dynamo-of-kiev-fc-barcelona-of-the-champions-league_274445_102.html#article","isPartOf":{"@id":"https:\/\/www.fcbarcelonanoticias.com\/en\/champions-league\/the-possible-alignments-of-the-dynamo-of-kiev-fc-barcelona-of-the-champions-league_274445_102.html"},"author":{"name":"Paola Guevara","@id":"https:\/\/www.fcbarcelonanoticias.com\/en\/#\/schema\/person\/3b408513ee236e64c3043ec901f019ee"},"headline":"The possible line-ups of the Dynamo Kiev-FC Barcelona of the Champions League","datePublished":"2021-11-01T14:39:00+00:00","mainEntityOfPage":{"@id":"https:\/\/www.fcbarcelonanoticias.com\/en\/champions-league\/the-possible-alignments-of-the-dynamo-of-kiev-fc-barcelona-of-the-champions-league_274445_102.html"},"wordCount":654,"image":{"@id":"https:\/\/www.fcbarcelonanoticias.com\/en\/champions-league\/the-possible-alignments-of-the-dynamo-of-kiev-fc-barcelona-of-the-champions-league_274445_102.html#primaryimage"},"thumbnailUrl":"https:\/\/www.fcbarcelonanoticias.com\/en\/wp-content\/uploads\/sites\/2\/2021\/12\/alineacion-posible-dynamo-kiev-barcelona.jpeg","keywords":["Dynamo Kiev","FC Barcelona Lineups"],"articleSection":["Champions League","Champions League"],"inLanguage":"en-US"},{"@type":"WebPage","@id":"https:\/\/www.fcbarcelonanoticias.com\/en\/champions-league\/the-possible-alignments-of-the-dynamo-of-kiev-fc-barcelona-of-the-champions-league_274445_102.html","url":"https:\/\/www.fcbarcelonanoticias.com\/en\/champions-league\/the-possible-alignments-of-the-dynamo-of-kiev-fc-barcelona-of-the-champions-league_274445_102.html","name":"The possible alignments of the Dynamo of Kiev-FC Barcelona of the Champions League","isPartOf":{"@id":"https:\/\/www.fcbarcelonanoticias.com\/en\/#website"},"primaryImageOfPage":{"@id":"https:\/\/www.fcbarcelonanoticias.com\/en\/champions-league\/the-possible-alignments-of-the-dynamo-of-kiev-fc-barcelona-of-the-champions-league_274445_102.html#primaryimage"},"image":{"@id":"https:\/\/www.fcbarcelonanoticias.com\/en\/champions-league\/the-possible-alignments-of-the-dynamo-of-kiev-fc-barcelona-of-the-champions-league_274445_102.html#primaryimage"},"thumbnailUrl":"https:\/\/www.fcbarcelonanoticias.com\/en\/wp-content\/uploads\/sites\/2\/2021\/12\/alineacion-posible-dynamo-kiev-barcelona.jpeg","datePublished":"2021-11-01T14:39:00+00:00","author":{"@id":"https:\/\/www.fcbarcelonanoticias.com\/en\/#\/schema\/person\/3b408513ee236e64c3043ec901f019ee"},"description":"Sergi Barjuan will have to take out the best that has the staff of the FC Barcelona for the 'final' in front of the Dynamo of Kiev, this Tuesday from the 21:00 hours (Is...","breadcrumb":{"@id":"https:\/\/www.fcbarcelonanoticias.com\/en\/champions-league\/the-possible-alignments-of-the-dynamo-of-kiev-fc-barcelona-of-the-champions-league_274445_102.html#breadcrumb"},"inLanguage":"en-US","potentialAction":[{"@type":"ReadAction","target":["https:\/\/www.fcbarcelonanoticias.com\/en\/champions-league\/the-possible-alignments-of-the-dynamo-of-kiev-fc-barcelona-of-the-champions-league_274445_102.html"]}]},{"@type":"ImageObject","inLanguage":"en-US","@id":"https:\/\/www.fcbarcelonanoticias.com\/en\/champions-league\/the-possible-alignments-of-the-dynamo-of-kiev-fc-barcelona-of-the-champions-league_274445_102.html#primaryimage","url":"https:\/\/www.fcbarcelonanoticias.com\/en\/wp-content\/uploads\/sites\/2\/2021\/12\/alineacion-posible-dynamo-kiev-barcelona.jpeg","contentUrl":"https:\/\/www.fcbarcelonanoticias.com\/en\/wp-content\/uploads\/sites\/2\/2021\/12\/alineacion-posible-dynamo-kiev-barcelona.jpeg","width":1200,"height":699},{"@type":"BreadcrumbList","@id":"https:\/\/www.fcbarcelonanoticias.com\/en\/champions-league\/the-possible-alignments-of-the-dynamo-of-kiev-fc-barcelona-of-the-champions-league_274445_102.html#breadcrumb","itemListElement":[{"@type":"ListItem","position":1,"name":"Portada","item":"https:\/\/www.fcbarcelonanoticias.com\/en\/"},{"@type":"ListItem","position":2,"name":"The possible line-ups of the Dynamo Kiev-FC Barcelona of the Champions League"}]},{"@type":"WebSite","@id":"https:\/\/www.fcbarcelonanoticias.com\/en\/#website","url":"https:\/\/www.fcbarcelonanoticias.com\/en\/","name":"EN - FC Barcelona Noticias","description":"","potentialAction":[{"@type":"SearchAction","target":{"@type":"EntryPoint","urlTemplate":"https:\/\/www.fcbarcelonanoticias.com\/en\/?s={search_term_string}"},"query-input":{"@type":"PropertyValueSpecification","valueRequired":true,"valueName":"search_term_string"}}],"inLanguage":"en-US"},{"@type":"Person","@id":"https:\/\/www.fcbarcelonanoticias.com\/en\/#\/schema\/person\/3b408513ee236e64c3043ec901f019ee","name":"Paola Guevara","image":{"@type":"ImageObject","inLanguage":"en-US","@id":"https:\/\/secure.gravatar.com\/avatar\/?s=96&d=mm&r=g","url":"https:\/\/secure.gravatar.com\/avatar\/?s=96&d=mm&r=g","contentUrl":"https:\/\/secure.gravatar.com\/avatar\/?s=96&d=mm&r=g","caption":"Paola Guevara"},"url":"https:\/\/www.fcbarcelonanoticias.com\/en\/fc-barcelona\/paola-guevara_9_115.html"}]}},"_links":{"self":[{"href":"https:\/\/www.fcbarcelonanoticias.com\/en\/wp-json\/wp\/v2\/posts\/6005","targetHints":{"allow":["GET"]}}],"collection":[{"href":"https:\/\/www.fcbarcelonanoticias.com\/en\/wp-json\/wp\/v2\/posts"}],"about":[{"href":"https:\/\/www.fcbarcelonanoticias.com\/en\/wp-json\/wp\/v2\/types\/post"}],"author":[{"embeddable":true,"href":"https:\/\/www.fcbarcelonanoticias.com\/en\/wp-json\/wp\/v2\/users\/352"}],"replies":[{"embeddable":true,"href":"https:\/\/www.fcbarcelonanoticias.com\/en\/wp-json\/wp\/v2\/comments?post=6005"}],"version-history":[{"count":1,"href":"https:\/\/www.fcbarcelonanoticias.com\/en\/wp-json\/wp\/v2\/posts\/6005\/revisions"}],"predecessor-version":[{"id":105146,"href":"https:\/\/www.fcbarcelonanoticias.com\/en\/wp-json\/wp\/v2\/posts\/6005\/revisions\/105146"}],"wp:featuredmedia":[{"embeddable":true,"href":"https:\/\/www.fcbarcelonanoticias.com\/en\/wp-json\/wp\/v2\/media\/5946"}],"wp:attachment":[{"href":"https:\/\/www.fcbarcelonanoticias.com\/en\/wp-json\/wp\/v2\/media?parent=6005"}],"wp:term":[{"taxonomy":"category","embeddable":true,"href":"https:\/\/www.fcbarcelonanoticias.com\/en\/wp-json\/wp\/v2\/categories?post=6005"},{"taxonomy":"post_tag","embeddable":true,"href":"https:\/\/www.fcbarcelonanoticias.com\/en\/wp-json\/wp\/v2\/tags?post=6005"}],"curies":[{"name":"wp","href":"https:\/\/api.w.org\/{rel}","templated":true}]}}